{"id":60545,"date":"2022-12-06T07:33:50","date_gmt":"2022-12-06T06:33:50","guid":{"rendered":"https:\/\/vosgesinfo.fr\/saintdieinfo\/2022\/12\/exercice-national-de-coupure-delectricite-organise-enedis-rte-vendredi\/"},"modified":"2022-12-06T07:33:50","modified_gmt":"2022-12-06T06:33:50","slug":"exercice-national-de-coupure-delectricite-organise-enedis-rte-vendredi","status":"publish","type":"post","link":"https:\/\/vosgesinfo.fr\/saintdieinfo\/2022\/12\/exercice-national-de-coupure-delectricite-organise-enedis-rte-vendredi\/","title":{"rendered":"Exercice national de coupure d\u2019\u00e9lectricit\u00e9 organis\u00e9 par ENEDIS et RTE ce vendredi"},"content":{"rendered":"<h2><strong><span style=\"font-size: 14pt;\"><span dir=\"ltr\">Ce vendredi 9<\/span> <span dir=\"ltr\">d\u00e9cembre, le fournisseur d\u2019\u00e9nergie ENEDIS et le gestionnaire de transport <\/span><span dir=\"ltr\">de l\u2019\u00e9lectricit\u00e9 RTE, r\u00e9aliseront un exercice \u00e0 l\u2019\u00e9chelle nationale en vue des \u00e9ventuelles<\/span><span dir=\"ltr\"> coupures de courant qui pourraient concerner la France cet hiver. <\/span><span dir=\"ltr\">La pr\u00e9fecture des Vosges<\/span> <span dir=\"ltr\">est associ\u00e9e \u00e0 ce test qui prendra la forme d\u2019un exercice sur<\/span><span dir=\"ltr\"> table, avec l\u2019ensemble des pr\u00e9fectures de d\u00e9partement.<\/span><\/span><\/strong><\/h2>\n<p><!--more--><\/p>\n<h3><strong><span dir=\"ltr\" style=\"font-size: 12pt;\">Pas de coupure de courant<\/span><\/strong><\/h3>\n<p><span dir=\"ltr\">La pr\u00e9f\u00e8te des Vosges rappelle qu\u2019il ne s\u2019agira pas de coupure d\u2019\u00e9lectricit\u00e9 r\u00e9elles, mais <\/span><span dir=\"ltr\">de simulations fond\u00e9es sur des tensions virtuelles sur le r\u00e9seau \u00e9lectrique et les <\/span><span dir=\"ltr\">conditions m\u00e9t\u00e9orologiques<\/span><\/p>\n","protected":false},"excerpt":{"rendered":"<p>Ce vendredi 9 d\u00e9cembre, le fournisseur d\u2019\u00e9nergie ENEDIS et le gestionnaire de transport de l\u2019\u00e9lectricit\u00e9 RTE, r\u00e9aliseront un exercice \u00e0 [&hellip;]<\/p>\n","protected":false},"author":44,"featured_media":23295,"comment_status":"open","ping_status":"open","sticky":false,"template":"","format":"standard","meta":{"footnotes":""},"categories":[460,18],"tags":[1603,13348,550,9411],"class_list":["post-60545","post","type-post","status-publish","format-standard","has-post-thumbnail","hentry","category-a-la-une","category-vosges","tag-enedis","tag-exercice-national-de-coupure-delectricite","tag-prefecture-des-vosges","tag-rte"],"acf":[],"yoast_head":"<!-- This site is optimized with the Yoast SEO plugin v22.5 - https:\/\/yoast.com\/wordpress\/plugins\/seo\/ -->\n<title>Exercice national de coupure d\u2019\u00e9lectricit\u00e9 organis\u00e9 par ENEDIS et RTE ce vendredi - Saint Die Info<\/title>\n<meta name=\"robots\" content=\"index, follow, max-snippet:-1, max-image-preview:large, max-video-preview:-1\" \/>\n<link rel=\"canonical\" href=\"https:\/\/vosgesinfo.fr\/saintdieinfo\/2022\/12\/exercice-national-de-coupure-delectricite-organise-enedis-rte-vendredi\/\" \/>\n<meta name=\"twitter:card\" content=\"summary_large_image\" \/>\n<meta name=\"twitter:title\" content=\"Exercice national de coupure d\u2019\u00e9lectricit\u00e9 organis\u00e9 par ENEDIS et RTE ce vendredi - Saint Die Info\" \/>\n<meta name=\"twitter:description\" content=\"Ce vendredi 9 d\u00e9cembre, le fournisseur d\u2019\u00e9nergie ENEDIS et le gestionnaire de transport de l\u2019\u00e9lectricit\u00e9 RTE, r\u00e9aliseront un exercice \u00e0 [&hellip;]\" \/>\n<meta name=\"twitter:image\" content=\"https:\/\/vosgesinfo.fr\/app\/uploads\/sites\/4\/2024\/01\/electricite.jpg\" \/>\n<meta name=\"twitter:creator\" content=\"@VosgesInfo88\" \/>\n<meta name=\"twitter:site\" content=\"@VosgesInfo88\" \/>\n<meta name=\"twitter:label1\" content=\"\u00c9crit par\" \/>\n\t<meta name=\"twitter:data1\" content=\"la r\u00e9daction\" \/>\n\t<meta name=\"twitter:label2\" content=\"Dur\u00e9e de lecture estim\u00e9e\" \/>\n\t<meta name=\"twitter:data2\" content=\"1 minute\" \/>\n<script type=\"application\/ld+json\" class=\"yoast-schema-graph\">{\"@context\":\"https:\/\/schema.org\",\"@graph\":[{\"@type\":\"Article\",\"@id\":\"https:\/\/vosgesinfo.fr\/saintdieinfo\/2022\/12\/exercice-national-de-coupure-delectricite-organise-enedis-rte-vendredi\/#article\",\"isPartOf\":{\"@id\":\"https:\/\/vosgesinfo.fr\/saintdieinfo\/2022\/12\/exercice-national-de-coupure-delectricite-organise-enedis-rte-vendredi\/\"},\"author\":{\"name\":\"la r\u00e9daction\",\"@id\":\"https:\/\/vosgesinfo.fr\/saintdieinfo\/#\/schema\/person\/faee6704a21f3977511db84bd1cd450f\"},\"headline\":\"Exercice national de coupure d\u2019\u00e9lectricit\u00e9 organis\u00e9 par ENEDIS et RTE ce vendredi\",\"datePublished\":\"2022-12-06T06:33:50+00:00\",\"dateModified\":\"2022-12-06T06:33:50+00:00\",\"mainEntityOfPage\":{\"@id\":\"https:\/\/vosgesinfo.fr\/saintdieinfo\/2022\/12\/exercice-national-de-coupure-delectricite-organise-enedis-rte-vendredi\/\"},\"wordCount\":124,\"commentCount\":0,\"publisher\":{\"@id\":\"https:\/\/vosgesinfo.fr\/saintdieinfo\/#organization\"},\"image\":{\"@id\":\"https:\/\/vosgesinfo.fr\/saintdieinfo\/2022\/12\/exercice-national-de-coupure-delectricite-organise-enedis-rte-vendredi\/#primaryimage\"},\"thumbnailUrl\":\"https:\/\/vosgesinfo.fr\/app\/uploads\/sites\/4\/2024\/01\/electricite.jpg\",\"keywords\":[\"Enedis\",\"Exercice national de coupure d\u2019\u00e9lectricit\u00e9\",\"pr\u00e9fecture des Vosges\",\"RTE\"],\"articleSection\":[\"A la Une\",\"Vosges\"],\"inLanguage\":\"fr-FR\",\"potentialAction\":[{\"@type\":\"CommentAction\",\"name\":\"Comment\",\"target\":[\"https:\/\/vosgesinfo.fr\/saintdieinfo\/2022\/12\/exercice-national-de-coupure-delectricite-organise-enedis-rte-vendredi\/#respond\"]}]},{\"@type\":\"WebPage\",\"@id\":\"https:\/\/vosgesinfo.fr\/saintdieinfo\/2022\/12\/exercice-national-de-coupure-delectricite-organise-enedis-rte-vendredi\/\",\"url\":\"https:\/\/vosgesinfo.fr\/saintdieinfo\/2022\/12\/exercice-national-de-coupure-delectricite-organise-enedis-rte-vendredi\/\",\"name\":\"Exercice national de coupure d\u2019\u00e9lectricit\u00e9 organis\u00e9 par ENEDIS et RTE ce vendredi - Saint Die Info\",\"isPartOf\":{\"@id\":\"https:\/\/vosgesinfo.fr\/saintdieinfo\/#website\"},\"primaryImageOfPage\":{\"@id\":\"https:\/\/vosgesinfo.fr\/saintdieinfo\/2022\/12\/exercice-national-de-coupure-delectricite-organise-enedis-rte-vendredi\/#primaryimage\"},\"image\":{\"@id\":\"https:\/\/vosgesinfo.fr\/saintdieinfo\/2022\/12\/exercice-national-de-coupure-delectricite-organise-enedis-rte-vendredi\/#primaryimage\"},\"thumbnailUrl\":\"https:\/\/vosgesinfo.fr\/app\/uploads\/sites\/4\/2024\/01\/electricite.jpg\",\"datePublished\":\"2022-12-06T06:33:50+00:00\",\"dateModified\":\"2022-12-06T06:33:50+00:00\",\"breadcrumb\":{\"@id\":\"https:\/\/vosgesinfo.fr\/saintdieinfo\/2022\/12\/exercice-national-de-coupure-delectricite-organise-enedis-rte-vendredi\/#breadcrumb\"},\"inLanguage\":\"fr-FR\",\"potentialAction\":[{\"@type\":\"ReadAction\",\"target\":[\"https:\/\/vosgesinfo.fr\/saintdieinfo\/2022\/12\/exercice-national-de-coupure-delectricite-organise-enedis-rte-vendredi\/\"]}]},{\"@type\":\"ImageObject\",\"inLanguage\":\"fr-FR\",\"@id\":\"https:\/\/vosgesinfo.fr\/saintdieinfo\/2022\/12\/exercice-national-de-coupure-delectricite-organise-enedis-rte-vendredi\/#primaryimage\",\"url\":\"https:\/\/vosgesinfo.fr\/app\/uploads\/sites\/4\/2024\/01\/electricite.jpg\",\"contentUrl\":\"https:\/\/vosgesinfo.fr\/app\/uploads\/sites\/4\/2024\/01\/electricite.jpg\",\"width\":800,\"height\":600},{\"@type\":\"BreadcrumbList\",\"@id\":\"https:\/\/vosgesinfo.fr\/saintdieinfo\/2022\/12\/exercice-national-de-coupure-delectricite-organise-enedis-rte-vendredi\/#breadcrumb\",\"itemListElement\":[{\"@type\":\"ListItem\",\"position\":1,\"name\":\"Home\",\"item\":\"https:\/\/vosgesinfo.fr\/saintdieinfo\/\"},{\"@type\":\"ListItem\",\"position\":2,\"name\":\"Exercice national de coupure d\u2019\u00e9lectricit\u00e9 organis\u00e9 par ENEDIS et RTE ce vendredi\"}]},{\"@type\":\"WebSite\",\"@id\":\"https:\/\/vosgesinfo.fr\/saintdieinfo\/#website\",\"url\":\"https:\/\/vosgesinfo.fr\/saintdieinfo\/\",\"name\":\"Saint Die Info\",\"description\":\"Toute l&#039;actualit\u00e9 de Saint-Di\u00e9-Des-Vosges\",\"publisher\":{\"@id\":\"https:\/\/vosgesinfo.fr\/saintdieinfo\/#organization\"},\"alternateName\":\"Toute l'actualit\u00e9 de Saint-Di\u00e9-Des-Vosges\",\"potentialAction\":[{\"@type\":\"SearchAction\",\"target\":{\"@type\":\"EntryPoint\",\"urlTemplate\":\"https:\/\/vosgesinfo.fr\/saintdieinfo\/?s={search_term_string}\"},\"query-input\":\"required name=search_term_string\"}],\"inLanguage\":\"fr-FR\"},{\"@type\":\"Organization\",\"@id\":\"https:\/\/vosgesinfo.fr\/saintdieinfo\/#organization\",\"name\":\"Saint Die Info\",\"url\":\"https:\/\/vosgesinfo.fr\/saintdieinfo\/\",\"logo\":{\"@type\":\"ImageObject\",\"inLanguage\":\"fr-FR\",\"@id\":\"https:\/\/vosgesinfo.fr\/saintdieinfo\/#\/schema\/logo\/image\/\",\"url\":\"https:\/\/vosgesinfo.fr\/app\/uploads\/sites\/4\/2024\/02\/logo-sdi.jpg\",\"contentUrl\":\"https:\/\/vosgesinfo.fr\/app\/uploads\/sites\/4\/2024\/02\/logo-sdi.jpg\",\"width\":600,\"height\":600,\"caption\":\"Saint Die Info\"},\"image\":{\"@id\":\"https:\/\/vosgesinfo.fr\/saintdieinfo\/#\/schema\/logo\/image\/\"},\"sameAs\":[\"https:\/\/www.facebook.com\/Saintdieinfofr\",\"https:\/\/x.com\/VosgesInfo88\",\"https:\/\/www.youtube.com\/@vosgesinfo\"]},{\"@type\":\"Person\",\"@id\":\"https:\/\/vosgesinfo.fr\/saintdieinfo\/#\/schema\/person\/faee6704a21f3977511db84bd1cd450f\",\"name\":\"la r\u00e9daction\",\"image\":{\"@type\":\"ImageObject\",\"inLanguage\":\"fr-FR\",\"@id\":\"https:\/\/vosgesinfo.fr\/saintdieinfo\/#\/schema\/person\/image\/\",\"url\":\"https:\/\/secure.gravatar.com\/avatar\/6673d8bc6a9c17fa9a453eaa3448de834fa308c2ec9635b7aa99441a7c8d2cf6?s=96&d=mm&r=g\",\"contentUrl\":\"https:\/\/secure.gravatar.com\/avatar\/6673d8bc6a9c17fa9a453eaa3448de834fa308c2ec9635b7aa99441a7c8d2cf6?s=96&d=mm&r=g\",\"caption\":\"la r\u00e9daction\"},\"url\":\"https:\/\/vosgesinfo.fr\/saintdieinfo\/author\/redac\/\"}]}<\/script>\n<!-- \/ Yoast SEO plugin. -->","yoast_head_json":{"title":"Exercice national de coupure d\u2019\u00e9lectricit\u00e9 organis\u00e9 par ENEDIS et RTE ce vendredi - Saint Die Info","robots":{"index":"index","follow":"follow","max-snippet":"max-snippet:-1","max-image-preview":"max-image-preview:large","max-video-preview":"max-video-preview:-1"},"canonical":"https:\/\/vosgesinfo.fr\/saintdieinfo\/2022\/12\/exercice-national-de-coupure-delectricite-organise-enedis-rte-vendredi\/","twitter_card":"summary_large_image","twitter_title":"Exercice national de coupure d\u2019\u00e9lectricit\u00e9 organis\u00e9 par ENEDIS et RTE ce vendredi - Saint Die Info","twitter_description":"Ce vendredi 9 d\u00e9cembre, le fournisseur d\u2019\u00e9nergie ENEDIS et le gestionnaire de transport de l\u2019\u00e9lectricit\u00e9 RTE, r\u00e9aliseront un exercice \u00e0 [&hellip;]","twitter_image":"https:\/\/vosgesinfo.fr\/app\/uploads\/sites\/4\/2024\/01\/electricite.jpg","twitter_creator":"@VosgesInfo88","twitter_site":"@VosgesInfo88","twitter_misc":{"\u00c9crit par":"la r\u00e9daction","Dur\u00e9e de lecture estim\u00e9e":"1 minute"},"schema":{"@context":"https:\/\/schema.org","@graph":[{"@type":"Article","@id":"https:\/\/vosgesinfo.fr\/saintdieinfo\/2022\/12\/exercice-national-de-coupure-delectricite-organise-enedis-rte-vendredi\/#article","isPartOf":{"@id":"https:\/\/vosgesinfo.fr\/saintdieinfo\/2022\/12\/exercice-national-de-coupure-delectricite-organise-enedis-rte-vendredi\/"},"author":{"name":"la r\u00e9daction","@id":"https:\/\/vosgesinfo.fr\/saintdieinfo\/#\/schema\/person\/faee6704a21f3977511db84bd1cd450f"},"headline":"Exercice national de coupure d\u2019\u00e9lectricit\u00e9 organis\u00e9 par ENEDIS et RTE ce vendredi","datePublished":"2022-12-06T06:33:50+00:00","dateModified":"2022-12-06T06:33:50+00:00","mainEntityOfPage":{"@id":"https:\/\/vosgesinfo.fr\/saintdieinfo\/2022\/12\/exercice-national-de-coupure-delectricite-organise-enedis-rte-vendredi\/"},"wordCount":124,"commentCount":0,"publisher":{"@id":"https:\/\/vosgesinfo.fr\/saintdieinfo\/#organization"},"image":{"@id":"https:\/\/vosgesinfo.fr\/saintdieinfo\/2022\/12\/exercice-national-de-coupure-delectricite-organise-enedis-rte-vendredi\/#primaryimage"},"thumbnailUrl":"https:\/\/vosgesinfo.fr\/app\/uploads\/sites\/4\/2024\/01\/electricite.jpg","keywords":["Enedis","Exercice national de coupure d\u2019\u00e9lectricit\u00e9","pr\u00e9fecture des Vosges","RTE"],"articleSection":["A la Une","Vosges"],"inLanguage":"fr-FR","potentialAction":[{"@type":"CommentAction","name":"Comment","target":["https:\/\/vosgesinfo.fr\/saintdieinfo\/2022\/12\/exercice-national-de-coupure-delectricite-organise-enedis-rte-vendredi\/#respond"]}]},{"@type":"WebPage","@id":"https:\/\/vosgesinfo.fr\/saintdieinfo\/2022\/12\/exercice-national-de-coupure-delectricite-organise-enedis-rte-vendredi\/","url":"https:\/\/vosgesinfo.fr\/saintdieinfo\/2022\/12\/exercice-national-de-coupure-delectricite-organise-enedis-rte-vendredi\/","name":"Exercice national de coupure d\u2019\u00e9lectricit\u00e9 organis\u00e9 par ENEDIS et RTE ce vendredi - Saint Die Info","isPartOf":{"@id":"https:\/\/vosgesinfo.fr\/saintdieinfo\/#website"},"primaryImageOfPage":{"@id":"https:\/\/vosgesinfo.fr\/saintdieinfo\/2022\/12\/exercice-national-de-coupure-delectricite-organise-enedis-rte-vendredi\/#primaryimage"},"image":{"@id":"https:\/\/vosgesinfo.fr\/saintdieinfo\/2022\/12\/exercice-national-de-coupure-delectricite-organise-enedis-rte-vendredi\/#primaryimage"},"thumbnailUrl":"https:\/\/vosgesinfo.fr\/app\/uploads\/sites\/4\/2024\/01\/electricite.jpg","datePublished":"2022-12-06T06:33:50+00:00","dateModified":"2022-12-06T06:33:50+00:00","breadcrumb":{"@id":"https:\/\/vosgesinfo.fr\/saintdieinfo\/2022\/12\/exercice-national-de-coupure-delectricite-organise-enedis-rte-vendredi\/#breadcrumb"},"inLanguage":"fr-FR","potentialAction":[{"@type":"ReadAction","target":["https:\/\/vosgesinfo.fr\/saintdieinfo\/2022\/12\/exercice-national-de-coupure-delectricite-organise-enedis-rte-vendredi\/"]}]},{"@type":"ImageObject","inLanguage":"fr-FR","@id":"https:\/\/vosgesinfo.fr\/saintdieinfo\/2022\/12\/exercice-national-de-coupure-delectricite-organise-enedis-rte-vendredi\/#primaryimage","url":"https:\/\/vosgesinfo.fr\/app\/uploads\/sites\/4\/2024\/01\/electricite.jpg","contentUrl":"https:\/\/vosgesinfo.fr\/app\/uploads\/sites\/4\/2024\/01\/electricite.jpg","width":800,"height":600},{"@type":"BreadcrumbList","@id":"https:\/\/vosgesinfo.fr\/saintdieinfo\/2022\/12\/exercice-national-de-coupure-delectricite-organise-enedis-rte-vendredi\/#breadcrumb","itemListElement":[{"@type":"ListItem","position":1,"name":"Home","item":"https:\/\/vosgesinfo.fr\/saintdieinfo\/"},{"@type":"ListItem","position":2,"name":"Exercice national de coupure d\u2019\u00e9lectricit\u00e9 organis\u00e9 par ENEDIS et RTE ce vendredi"}]},{"@type":"WebSite","@id":"https:\/\/vosgesinfo.fr\/saintdieinfo\/#website","url":"https:\/\/vosgesinfo.fr\/saintdieinfo\/","name":"Saint Die Info","description":"Toute l&#039;actualit\u00e9 de Saint-Di\u00e9-Des-Vosges","publisher":{"@id":"https:\/\/vosgesinfo.fr\/saintdieinfo\/#organization"},"alternateName":"Toute l'actualit\u00e9 de Saint-Di\u00e9-Des-Vosges","potentialAction":[{"@type":"SearchAction","target":{"@type":"EntryPoint","urlTemplate":"https:\/\/vosgesinfo.fr\/saintdieinfo\/?s={search_term_string}"},"query-input":"required name=search_term_string"}],"inLanguage":"fr-FR"},{"@type":"Organization","@id":"https:\/\/vosgesinfo.fr\/saintdieinfo\/#organization","name":"Saint Die Info","url":"https:\/\/vosgesinfo.fr\/saintdieinfo\/","logo":{"@type":"ImageObject","inLanguage":"fr-FR","@id":"https:\/\/vosgesinfo.fr\/saintdieinfo\/#\/schema\/logo\/image\/","url":"https:\/\/vosgesinfo.fr\/app\/uploads\/sites\/4\/2024\/02\/logo-sdi.jpg","contentUrl":"https:\/\/vosgesinfo.fr\/app\/uploads\/sites\/4\/2024\/02\/logo-sdi.jpg","width":600,"height":600,"caption":"Saint Die Info"},"image":{"@id":"https:\/\/vosgesinfo.fr\/saintdieinfo\/#\/schema\/logo\/image\/"},"sameAs":["https:\/\/www.facebook.com\/Saintdieinfofr","https:\/\/x.com\/VosgesInfo88","https:\/\/www.youtube.com\/@vosgesinfo"]},{"@type":"Person","@id":"https:\/\/vosgesinfo.fr\/saintdieinfo\/#\/schema\/person\/faee6704a21f3977511db84bd1cd450f","name":"la r\u00e9daction","image":{"@type":"ImageObject","inLanguage":"fr-FR","@id":"https:\/\/vosgesinfo.fr\/saintdieinfo\/#\/schema\/person\/image\/","url":"https:\/\/secure.gravatar.com\/avatar\/6673d8bc6a9c17fa9a453eaa3448de834fa308c2ec9635b7aa99441a7c8d2cf6?s=96&d=mm&r=g","contentUrl":"https:\/\/secure.gravatar.com\/avatar\/6673d8bc6a9c17fa9a453eaa3448de834fa308c2ec9635b7aa99441a7c8d2cf6?s=96&d=mm&r=g","caption":"la r\u00e9daction"},"url":"https:\/\/vosgesinfo.fr\/saintdieinfo\/author\/redac\/"}]}},"_links":{"self":[{"href":"https:\/\/vosgesinfo.fr\/saintdieinfo\/wp-json\/wp\/v2\/posts\/60545","targetHints":{"allow":["GET"]}}],"collection":[{"href":"https:\/\/vosgesinfo.fr\/saintdieinfo\/wp-json\/wp\/v2\/posts"}],"about":[{"href":"https:\/\/vosgesinfo.fr\/saintdieinfo\/wp-json\/wp\/v2\/types\/post"}],"author":[{"embeddable":true,"href":"https:\/\/vosgesinfo.fr\/saintdieinfo\/wp-json\/wp\/v2\/users\/44"}],"replies":[{"embeddable":true,"href":"https:\/\/vosgesinfo.fr\/saintdieinfo\/wp-json\/wp\/v2\/comments?post=60545"}],"version-history":[{"count":0,"href":"https:\/\/vosgesinfo.fr\/saintdieinfo\/wp-json\/wp\/v2\/posts\/60545\/revisions"}],"wp:featuredmedia":[{"embeddable":true,"href":"https:\/\/vosgesinfo.fr\/saintdieinfo\/wp-json\/wp\/v2\/media\/23295"}],"wp:attachment":[{"href":"https:\/\/vosgesinfo.fr\/saintdieinfo\/wp-json\/wp\/v2\/media?parent=60545"}],"wp:term":[{"taxonomy":"category","embeddable":true,"href":"https:\/\/vosgesinfo.fr\/saintdieinfo\/wp-json\/wp\/v2\/categories?post=60545"},{"taxonomy":"post_tag","embeddable":true,"href":"https:\/\/vosgesinfo.fr\/saintdieinfo\/wp-json\/wp\/v2\/tags?post=60545"}],"curies":[{"name":"wp","href":"https:\/\/api.w.org\/{rel}","templated":true}]}}