{"id":60639,"date":"2022-12-08T09:22:29","date_gmt":"2022-12-08T08:22:29","guid":{"rendered":"https:\/\/vosgesinfo.fr\/saintdieinfo\/2022\/12\/deux-ateliers-creatifs-lartiste-mononoeil-cauc-bombes\/"},"modified":"2022-12-08T09:22:29","modified_gmt":"2022-12-08T08:22:29","slug":"deux-ateliers-creatifs-lartiste-mononoeil-cauc-bombes","status":"publish","type":"post","link":"https:\/\/vosgesinfo.fr\/saintdieinfo\/2022\/12\/deux-ateliers-creatifs-lartiste-mononoeil-cauc-bombes\/","title":{"rendered":"Deux ateliers cr\u00e9atifs avec l&rsquo;artiste Mononoeil au CAUC Sous les Bombes"},"content":{"rendered":"<h2><strong><span style=\"font-size: 14pt;\">Dominique Ambs, alias Mononoeil, est bient\u00f4t de retour \u00e0 Saint-Di\u00e9-des-Vosges, 4 ans apr\u00e8s son exposition \u00ab\u00a0Mythique\u00a0\u00bb \u00e0 la Galerie 36e Art. Cette fois-ci, le photographe strasbourgeois sp\u00e9cialiste, de la photographie de jouets, se rendra au CAUC Sous les Bombes.<\/span><\/strong><\/h2>\n<p><!--more--><\/p>\n<p>Non pas pour une exposition, mais pour animer 2 ateliers cr\u00e9atifs gratuits tourn\u00e9s vers les enfants et adolescents de 9 \u00e0 15 ans. Le premier se tiendra le jeudi 22 d\u00e9cembre et le second le jeudi suivant, soit le 29 d\u00e9cembre. Dans les 2 cas, ils auront lieu de 9h30 \u00e0 17h au CAUC Sous les Bombes, au 35 rue Jacques-Delille \u00e0 Saint-Di\u00e9-des-Vosges. A noter que le repas de midi sera tir\u00e9 du sac, et qu&rsquo;une inscription pr\u00e9alable est demand\u00e9e, par courriel via <a href=\"mailto:cauc.souslesbombes@gmail.com\" target=\"_blank\" rel=\"noopener\">cauc.souslesbombes@gmail.com<\/a> (indiquez en titre : Inscription atelier Patrimoine Pop!).<\/p>\n<p>En parall\u00e8le de ces 2 ateliers, qui s&rsquo;inscrivent dans l&rsquo;appel \u00e0 projets 2022-2023 du CTEAC de la Communaut\u00e9 d&rsquo;Agglom\u00e9ration, Mononoeil accompagne \u00e9galement un projet scolaire aupr\u00e8s d&rsquo;\u00e9l\u00e8ves de 5e du coll\u00e8ge Sainte-Marie. Pour celles et ceux qui le ne conna\u00eetraient pas, Dominique Ambs est un artiste autodidacte, fortement influenc\u00e9 par la pop culture, \u00e0 la cr\u00e9ativit\u00e9 quasi illimit\u00e9e. Il imagine des sc\u00e8nes et les r\u00e9alise dans les milieux naturels qu&rsquo;il cherche lors de ses voyages ou en Alsace, o\u00f9 il r\u00e9side, donnant vie \u00e0 ses mod\u00e8les de tailles plus que r\u00e9duites. Notamment des figurines Lego. Il s&rsquo;est \u00e9galement d\u00e9couvert un talent pour la cr\u00e9ation de d\u00e9cors \u00e0 la taille de ses mod\u00e8les. Pour d\u00e9couvrir \u2013 ou red\u00e9couvrir \u2013 son univers artistique\u00a0: <a href=\"https:\/\/www.instagram.com\/mononoeil\/\" target=\"_blank\" rel=\"noopener\">www.instagram.com\/mononoeil<\/a>.<\/p>\n<p>J.J<\/p>\n<p><a href=\"\/2022\/12\/Mononoeil_CAUC_Sous_les_Bombes-3.jpg\" target=\"_blank\" rel=\"noopener\"><img decoding=\"async\" class=\"aligncenter wp-image-194003 size-large\" src=\"\/2022\/12\/Mononoeil_CAUC_Sous_les_Bombes-3-721x1024.jpg\" alt=\"Mononoeil_CAUC_Sous_les_Bombes (3)\" width=\"721\" height=\"1024\" \/><\/a><\/p>\n","protected":false},"excerpt":{"rendered":"<p>Dominique Ambs, alias Mononoeil, est bient\u00f4t de retour \u00e0 Saint-Di\u00e9-des-Vosges, 4 ans apr\u00e8s son exposition \u00ab\u00a0Mythique\u00a0\u00bb \u00e0 la Galerie 36e [&hellip;]<\/p>\n","protected":false},"author":44,"featured_media":60640,"comment_status":"open","ping_status":"open","sticky":false,"template":"","format":"standard","meta":{"footnotes":""},"categories":[460,8019,7847,3532,20,2915],"tags":[13378,3481,6226],"class_list":["post-60639","post","type-post","status-publish","format-standard","has-post-thumbnail","hentry","category-a-la-une","category-vie-artistique-art-culture","category-art-culture","category-enfants","category-loisirs","category-saint-die-son-canton","tag-cauc-sous-les-bombes","tag-cteac-de-la-communaute-dagglomeration-de-saint-die-des-vosges","tag-mononoeil"],"acf":[],"yoast_head":"<!-- This site is optimized with the Yoast SEO plugin v22.5 - https:\/\/yoast.com\/wordpress\/plugins\/seo\/ -->\n<title>Deux ateliers cr\u00e9atifs avec l&#039;artiste Mononoeil au CAUC Sous les Bombes - Saint Die Info<\/title>\n<meta name=\"robots\" content=\"index, follow, max-snippet:-1, max-image-preview:large, max-video-preview:-1\" \/>\n<link rel=\"canonical\" href=\"https:\/\/vosgesinfo.fr\/saintdieinfo\/2022\/12\/deux-ateliers-creatifs-lartiste-mononoeil-cauc-bombes\/\" \/>\n<meta name=\"twitter:card\" content=\"summary_large_image\" \/>\n<meta name=\"twitter:title\" content=\"Deux ateliers cr\u00e9atifs avec l&#039;artiste Mononoeil au CAUC Sous les Bombes - Saint Die Info\" \/>\n<meta name=\"twitter:description\" content=\"Dominique Ambs, alias Mononoeil, est bient\u00f4t de retour \u00e0 Saint-Di\u00e9-des-Vosges, 4 ans apr\u00e8s son exposition \u00ab\u00a0Mythique\u00a0\u00bb \u00e0 la Galerie 36e [&hellip;]\" \/>\n<meta name=\"twitter:image\" content=\"https:\/\/vosgesinfo.fr\/app\/uploads\/sites\/4\/2024\/08\/202212mononoeil-cauc-sous-les-bombes-1-1.jpg\" \/>\n<meta name=\"twitter:creator\" content=\"@VosgesInfo88\" \/>\n<meta name=\"twitter:site\" content=\"@VosgesInfo88\" \/>\n<meta name=\"twitter:label1\" content=\"\u00c9crit par\" \/>\n\t<meta name=\"twitter:data1\" content=\"la r\u00e9daction\" \/>\n\t<meta name=\"twitter:label2\" content=\"Dur\u00e9e de lecture estim\u00e9e\" \/>\n\t<meta name=\"twitter:data2\" content=\"1 minute\" \/>\n<script type=\"application\/ld+json\" class=\"yoast-schema-graph\">{\"@context\":\"https:\/\/schema.org\",\"@graph\":[{\"@type\":\"Article\",\"@id\":\"https:\/\/vosgesinfo.fr\/saintdieinfo\/2022\/12\/deux-ateliers-creatifs-lartiste-mononoeil-cauc-bombes\/#article\",\"isPartOf\":{\"@id\":\"https:\/\/vosgesinfo.fr\/saintdieinfo\/2022\/12\/deux-ateliers-creatifs-lartiste-mononoeil-cauc-bombes\/\"},\"author\":{\"name\":\"la r\u00e9daction\",\"@id\":\"https:\/\/vosgesinfo.fr\/saintdieinfo\/#\/schema\/person\/faee6704a21f3977511db84bd1cd450f\"},\"headline\":\"Deux ateliers cr\u00e9atifs avec l&rsquo;artiste Mononoeil au CAUC Sous les Bombes\",\"datePublished\":\"2022-12-08T08:22:29+00:00\",\"dateModified\":\"2022-12-08T08:22:29+00:00\",\"mainEntityOfPage\":{\"@id\":\"https:\/\/vosgesinfo.fr\/saintdieinfo\/2022\/12\/deux-ateliers-creatifs-lartiste-mononoeil-cauc-bombes\/\"},\"wordCount\":290,\"commentCount\":0,\"publisher\":{\"@id\":\"https:\/\/vosgesinfo.fr\/saintdieinfo\/#organization\"},\"image\":{\"@id\":\"https:\/\/vosgesinfo.fr\/saintdieinfo\/2022\/12\/deux-ateliers-creatifs-lartiste-mononoeil-cauc-bombes\/#primaryimage\"},\"thumbnailUrl\":\"https:\/\/vosgesinfo.fr\/app\/uploads\/sites\/4\/2024\/08\/202212mononoeil-cauc-sous-les-bombes-1-1.jpg\",\"keywords\":[\"CAUC Sous les Bombes\",\"CTEAC de la Communaut\u00e9 d'Agglom\u00e9ration de Saint-Di\u00e9-des-Vosges\",\"Mononoeil\"],\"articleSection\":[\"A la Une\",\"Art\",\"Culture\",\"Enfants\",\"Loisirs\",\"Saint-Di\u00e9-des-Vosges et son Agglom\u00e9ration\"],\"inLanguage\":\"fr-FR\",\"potentialAction\":[{\"@type\":\"CommentAction\",\"name\":\"Comment\",\"target\":[\"https:\/\/vosgesinfo.fr\/saintdieinfo\/2022\/12\/deux-ateliers-creatifs-lartiste-mononoeil-cauc-bombes\/#respond\"]}]},{\"@type\":\"WebPage\",\"@id\":\"https:\/\/vosgesinfo.fr\/saintdieinfo\/2022\/12\/deux-ateliers-creatifs-lartiste-mononoeil-cauc-bombes\/\",\"url\":\"https:\/\/vosgesinfo.fr\/saintdieinfo\/2022\/12\/deux-ateliers-creatifs-lartiste-mononoeil-cauc-bombes\/\",\"name\":\"Deux ateliers cr\u00e9atifs avec l'artiste Mononoeil au CAUC Sous les Bombes - Saint Die Info\",\"isPartOf\":{\"@id\":\"https:\/\/vosgesinfo.fr\/saintdieinfo\/#website\"},\"primaryImageOfPage\":{\"@id\":\"https:\/\/vosgesinfo.fr\/saintdieinfo\/2022\/12\/deux-ateliers-creatifs-lartiste-mononoeil-cauc-bombes\/#primaryimage\"},\"image\":{\"@id\":\"https:\/\/vosgesinfo.fr\/saintdieinfo\/2022\/12\/deux-ateliers-creatifs-lartiste-mononoeil-cauc-bombes\/#primaryimage\"},\"thumbnailUrl\":\"https:\/\/vosgesinfo.fr\/app\/uploads\/sites\/4\/2024\/08\/202212mononoeil-cauc-sous-les-bombes-1-1.jpg\",\"datePublished\":\"2022-12-08T08:22:29+00:00\",\"dateModified\":\"2022-12-08T08:22:29+00:00\",\"breadcrumb\":{\"@id\":\"https:\/\/vosgesinfo.fr\/saintdieinfo\/2022\/12\/deux-ateliers-creatifs-lartiste-mononoeil-cauc-bombes\/#breadcrumb\"},\"inLanguage\":\"fr-FR\",\"potentialAction\":[{\"@type\":\"ReadAction\",\"target\":[\"https:\/\/vosgesinfo.fr\/saintdieinfo\/2022\/12\/deux-ateliers-creatifs-lartiste-mononoeil-cauc-bombes\/\"]}]},{\"@type\":\"ImageObject\",\"inLanguage\":\"fr-FR\",\"@id\":\"https:\/\/vosgesinfo.fr\/saintdieinfo\/2022\/12\/deux-ateliers-creatifs-lartiste-mononoeil-cauc-bombes\/#primaryimage\",\"url\":\"https:\/\/vosgesinfo.fr\/app\/uploads\/sites\/4\/2024\/08\/202212mononoeil-cauc-sous-les-bombes-1-1.jpg\",\"contentUrl\":\"https:\/\/vosgesinfo.fr\/app\/uploads\/sites\/4\/2024\/08\/202212mononoeil-cauc-sous-les-bombes-1-1.jpg\",\"width\":1407,\"height\":1120},{\"@type\":\"BreadcrumbList\",\"@id\":\"https:\/\/vosgesinfo.fr\/saintdieinfo\/2022\/12\/deux-ateliers-creatifs-lartiste-mononoeil-cauc-bombes\/#breadcrumb\",\"itemListElement\":[{\"@type\":\"ListItem\",\"position\":1,\"name\":\"Home\",\"item\":\"https:\/\/vosgesinfo.fr\/saintdieinfo\/\"},{\"@type\":\"ListItem\",\"position\":2,\"name\":\"Deux ateliers cr\u00e9atifs avec l&rsquo;artiste Mononoeil au CAUC Sous les Bombes\"}]},{\"@type\":\"WebSite\",\"@id\":\"https:\/\/vosgesinfo.fr\/saintdieinfo\/#website\",\"url\":\"https:\/\/vosgesinfo.fr\/saintdieinfo\/\",\"name\":\"Saint Die Info\",\"description\":\"Toute l&#039;actualit\u00e9 de Saint-Di\u00e9-Des-Vosges\",\"publisher\":{\"@id\":\"https:\/\/vosgesinfo.fr\/saintdieinfo\/#organization\"},\"alternateName\":\"Toute l'actualit\u00e9 de Saint-Di\u00e9-Des-Vosges\",\"potentialAction\":[{\"@type\":\"SearchAction\",\"target\":{\"@type\":\"EntryPoint\",\"urlTemplate\":\"https:\/\/vosgesinfo.fr\/saintdieinfo\/?s={search_term_string}\"},\"query-input\":\"required name=search_term_string\"}],\"inLanguage\":\"fr-FR\"},{\"@type\":\"Organization\",\"@id\":\"https:\/\/vosgesinfo.fr\/saintdieinfo\/#organization\",\"name\":\"Saint Die Info\",\"url\":\"https:\/\/vosgesinfo.fr\/saintdieinfo\/\",\"logo\":{\"@type\":\"ImageObject\",\"inLanguage\":\"fr-FR\",\"@id\":\"https:\/\/vosgesinfo.fr\/saintdieinfo\/#\/schema\/logo\/image\/\",\"url\":\"https:\/\/vosgesinfo.fr\/app\/uploads\/sites\/4\/2024\/02\/logo-sdi.jpg\",\"contentUrl\":\"https:\/\/vosgesinfo.fr\/app\/uploads\/sites\/4\/2024\/02\/logo-sdi.jpg\",\"width\":600,\"height\":600,\"caption\":\"Saint Die Info\"},\"image\":{\"@id\":\"https:\/\/vosgesinfo.fr\/saintdieinfo\/#\/schema\/logo\/image\/\"},\"sameAs\":[\"https:\/\/www.facebook.com\/Saintdieinfofr\",\"https:\/\/x.com\/VosgesInfo88\",\"https:\/\/www.youtube.com\/@vosgesinfo\"]},{\"@type\":\"Person\",\"@id\":\"https:\/\/vosgesinfo.fr\/saintdieinfo\/#\/schema\/person\/faee6704a21f3977511db84bd1cd450f\",\"name\":\"la r\u00e9daction\",\"image\":{\"@type\":\"ImageObject\",\"inLanguage\":\"fr-FR\",\"@id\":\"https:\/\/vosgesinfo.fr\/saintdieinfo\/#\/schema\/person\/image\/\",\"url\":\"https:\/\/secure.gravatar.com\/avatar\/6673d8bc6a9c17fa9a453eaa3448de834fa308c2ec9635b7aa99441a7c8d2cf6?s=96&d=mm&r=g\",\"contentUrl\":\"https:\/\/secure.gravatar.com\/avatar\/6673d8bc6a9c17fa9a453eaa3448de834fa308c2ec9635b7aa99441a7c8d2cf6?s=96&d=mm&r=g\",\"caption\":\"la r\u00e9daction\"},\"url\":\"https:\/\/vosgesinfo.fr\/saintdieinfo\/author\/redac\/\"}]}<\/script>\n<!-- \/ Yoast SEO plugin. -->","yoast_head_json":{"title":"Deux ateliers cr\u00e9atifs avec l'artiste Mononoeil au CAUC Sous les Bombes - Saint Die Info","robots":{"index":"index","follow":"follow","max-snippet":"max-snippet:-1","max-image-preview":"max-image-preview:large","max-video-preview":"max-video-preview:-1"},"canonical":"https:\/\/vosgesinfo.fr\/saintdieinfo\/2022\/12\/deux-ateliers-creatifs-lartiste-mononoeil-cauc-bombes\/","twitter_card":"summary_large_image","twitter_title":"Deux ateliers cr\u00e9atifs avec l'artiste Mononoeil au CAUC Sous les Bombes - Saint Die Info","twitter_description":"Dominique Ambs, alias Mononoeil, est bient\u00f4t de retour \u00e0 Saint-Di\u00e9-des-Vosges, 4 ans apr\u00e8s son exposition \u00ab\u00a0Mythique\u00a0\u00bb \u00e0 la Galerie 36e [&hellip;]","twitter_image":"https:\/\/vosgesinfo.fr\/app\/uploads\/sites\/4\/2024\/08\/202212mononoeil-cauc-sous-les-bombes-1-1.jpg","twitter_creator":"@VosgesInfo88","twitter_site":"@VosgesInfo88","twitter_misc":{"\u00c9crit par":"la r\u00e9daction","Dur\u00e9e de lecture estim\u00e9e":"1 minute"},"schema":{"@context":"https:\/\/schema.org","@graph":[{"@type":"Article","@id":"https:\/\/vosgesinfo.fr\/saintdieinfo\/2022\/12\/deux-ateliers-creatifs-lartiste-mononoeil-cauc-bombes\/#article","isPartOf":{"@id":"https:\/\/vosgesinfo.fr\/saintdieinfo\/2022\/12\/deux-ateliers-creatifs-lartiste-mononoeil-cauc-bombes\/"},"author":{"name":"la r\u00e9daction","@id":"https:\/\/vosgesinfo.fr\/saintdieinfo\/#\/schema\/person\/faee6704a21f3977511db84bd1cd450f"},"headline":"Deux ateliers cr\u00e9atifs avec l&rsquo;artiste Mononoeil au CAUC Sous les Bombes","datePublished":"2022-12-08T08:22:29+00:00","dateModified":"2022-12-08T08:22:29+00:00","mainEntityOfPage":{"@id":"https:\/\/vosgesinfo.fr\/saintdieinfo\/2022\/12\/deux-ateliers-creatifs-lartiste-mononoeil-cauc-bombes\/"},"wordCount":290,"commentCount":0,"publisher":{"@id":"https:\/\/vosgesinfo.fr\/saintdieinfo\/#organization"},"image":{"@id":"https:\/\/vosgesinfo.fr\/saintdieinfo\/2022\/12\/deux-ateliers-creatifs-lartiste-mononoeil-cauc-bombes\/#primaryimage"},"thumbnailUrl":"https:\/\/vosgesinfo.fr\/app\/uploads\/sites\/4\/2024\/08\/202212mononoeil-cauc-sous-les-bombes-1-1.jpg","keywords":["CAUC Sous les Bombes","CTEAC de la Communaut\u00e9 d'Agglom\u00e9ration de Saint-Di\u00e9-des-Vosges","Mononoeil"],"articleSection":["A la Une","Art","Culture","Enfants","Loisirs","Saint-Di\u00e9-des-Vosges et son Agglom\u00e9ration"],"inLanguage":"fr-FR","potentialAction":[{"@type":"CommentAction","name":"Comment","target":["https:\/\/vosgesinfo.fr\/saintdieinfo\/2022\/12\/deux-ateliers-creatifs-lartiste-mononoeil-cauc-bombes\/#respond"]}]},{"@type":"WebPage","@id":"https:\/\/vosgesinfo.fr\/saintdieinfo\/2022\/12\/deux-ateliers-creatifs-lartiste-mononoeil-cauc-bombes\/","url":"https:\/\/vosgesinfo.fr\/saintdieinfo\/2022\/12\/deux-ateliers-creatifs-lartiste-mononoeil-cauc-bombes\/","name":"Deux ateliers cr\u00e9atifs avec l'artiste Mononoeil au CAUC Sous les Bombes - Saint Die Info","isPartOf":{"@id":"https:\/\/vosgesinfo.fr\/saintdieinfo\/#website"},"primaryImageOfPage":{"@id":"https:\/\/vosgesinfo.fr\/saintdieinfo\/2022\/12\/deux-ateliers-creatifs-lartiste-mononoeil-cauc-bombes\/#primaryimage"},"image":{"@id":"https:\/\/vosgesinfo.fr\/saintdieinfo\/2022\/12\/deux-ateliers-creatifs-lartiste-mononoeil-cauc-bombes\/#primaryimage"},"thumbnailUrl":"https:\/\/vosgesinfo.fr\/app\/uploads\/sites\/4\/2024\/08\/202212mononoeil-cauc-sous-les-bombes-1-1.jpg","datePublished":"2022-12-08T08:22:29+00:00","dateModified":"2022-12-08T08:22:29+00:00","breadcrumb":{"@id":"https:\/\/vosgesinfo.fr\/saintdieinfo\/2022\/12\/deux-ateliers-creatifs-lartiste-mononoeil-cauc-bombes\/#breadcrumb"},"inLanguage":"fr-FR","potentialAction":[{"@type":"ReadAction","target":["https:\/\/vosgesinfo.fr\/saintdieinfo\/2022\/12\/deux-ateliers-creatifs-lartiste-mononoeil-cauc-bombes\/"]}]},{"@type":"ImageObject","inLanguage":"fr-FR","@id":"https:\/\/vosgesinfo.fr\/saintdieinfo\/2022\/12\/deux-ateliers-creatifs-lartiste-mononoeil-cauc-bombes\/#primaryimage","url":"https:\/\/vosgesinfo.fr\/app\/uploads\/sites\/4\/2024\/08\/202212mononoeil-cauc-sous-les-bombes-1-1.jpg","contentUrl":"https:\/\/vosgesinfo.fr\/app\/uploads\/sites\/4\/2024\/08\/202212mononoeil-cauc-sous-les-bombes-1-1.jpg","width":1407,"height":1120},{"@type":"BreadcrumbList","@id":"https:\/\/vosgesinfo.fr\/saintdieinfo\/2022\/12\/deux-ateliers-creatifs-lartiste-mononoeil-cauc-bombes\/#breadcrumb","itemListElement":[{"@type":"ListItem","position":1,"name":"Home","item":"https:\/\/vosgesinfo.fr\/saintdieinfo\/"},{"@type":"ListItem","position":2,"name":"Deux ateliers cr\u00e9atifs avec l&rsquo;artiste Mononoeil au CAUC Sous les Bombes"}]},{"@type":"WebSite","@id":"https:\/\/vosgesinfo.fr\/saintdieinfo\/#website","url":"https:\/\/vosgesinfo.fr\/saintdieinfo\/","name":"Saint Die Info","description":"Toute l&#039;actualit\u00e9 de Saint-Di\u00e9-Des-Vosges","publisher":{"@id":"https:\/\/vosgesinfo.fr\/saintdieinfo\/#organization"},"alternateName":"Toute l'actualit\u00e9 de Saint-Di\u00e9-Des-Vosges","potentialAction":[{"@type":"SearchAction","target":{"@type":"EntryPoint","urlTemplate":"https:\/\/vosgesinfo.fr\/saintdieinfo\/?s={search_term_string}"},"query-input":"required name=search_term_string"}],"inLanguage":"fr-FR"},{"@type":"Organization","@id":"https:\/\/vosgesinfo.fr\/saintdieinfo\/#organization","name":"Saint Die Info","url":"https:\/\/vosgesinfo.fr\/saintdieinfo\/","logo":{"@type":"ImageObject","inLanguage":"fr-FR","@id":"https:\/\/vosgesinfo.fr\/saintdieinfo\/#\/schema\/logo\/image\/","url":"https:\/\/vosgesinfo.fr\/app\/uploads\/sites\/4\/2024\/02\/logo-sdi.jpg","contentUrl":"https:\/\/vosgesinfo.fr\/app\/uploads\/sites\/4\/2024\/02\/logo-sdi.jpg","width":600,"height":600,"caption":"Saint Die Info"},"image":{"@id":"https:\/\/vosgesinfo.fr\/saintdieinfo\/#\/schema\/logo\/image\/"},"sameAs":["https:\/\/www.facebook.com\/Saintdieinfofr","https:\/\/x.com\/VosgesInfo88","https:\/\/www.youtube.com\/@vosgesinfo"]},{"@type":"Person","@id":"https:\/\/vosgesinfo.fr\/saintdieinfo\/#\/schema\/person\/faee6704a21f3977511db84bd1cd450f","name":"la r\u00e9daction","image":{"@type":"ImageObject","inLanguage":"fr-FR","@id":"https:\/\/vosgesinfo.fr\/saintdieinfo\/#\/schema\/person\/image\/","url":"https:\/\/secure.gravatar.com\/avatar\/6673d8bc6a9c17fa9a453eaa3448de834fa308c2ec9635b7aa99441a7c8d2cf6?s=96&d=mm&r=g","contentUrl":"https:\/\/secure.gravatar.com\/avatar\/6673d8bc6a9c17fa9a453eaa3448de834fa308c2ec9635b7aa99441a7c8d2cf6?s=96&d=mm&r=g","caption":"la r\u00e9daction"},"url":"https:\/\/vosgesinfo.fr\/saintdieinfo\/author\/redac\/"}]}},"_links":{"self":[{"href":"https:\/\/vosgesinfo.fr\/saintdieinfo\/wp-json\/wp\/v2\/posts\/60639","targetHints":{"allow":["GET"]}}],"collection":[{"href":"https:\/\/vosgesinfo.fr\/saintdieinfo\/wp-json\/wp\/v2\/posts"}],"about":[{"href":"https:\/\/vosgesinfo.fr\/saintdieinfo\/wp-json\/wp\/v2\/types\/post"}],"author":[{"embeddable":true,"href":"https:\/\/vosgesinfo.fr\/saintdieinfo\/wp-json\/wp\/v2\/users\/44"}],"replies":[{"embeddable":true,"href":"https:\/\/vosgesinfo.fr\/saintdieinfo\/wp-json\/wp\/v2\/comments?post=60639"}],"version-history":[{"count":0,"href":"https:\/\/vosgesinfo.fr\/saintdieinfo\/wp-json\/wp\/v2\/posts\/60639\/revisions"}],"wp:featuredmedia":[{"embeddable":true,"href":"https:\/\/vosgesinfo.fr\/saintdieinfo\/wp-json\/wp\/v2\/media\/60640"}],"wp:attachment":[{"href":"https:\/\/vosgesinfo.fr\/saintdieinfo\/wp-json\/wp\/v2\/media?parent=60639"}],"wp:term":[{"taxonomy":"category","embeddable":true,"href":"https:\/\/vosgesinfo.fr\/saintdieinfo\/wp-json\/wp\/v2\/categories?post=60639"},{"taxonomy":"post_tag","embeddable":true,"href":"https:\/\/vosgesinfo.fr\/saintdieinfo\/wp-json\/wp\/v2\/tags?post=60639"}],"curies":[{"name":"wp","href":"https:\/\/api.w.org\/{rel}","templated":true}]}}