{"id":60641,"date":"2022-12-08T13:43:49","date_gmt":"2022-12-08T12:43:49","guid":{"rendered":"https:\/\/vosgesinfo.fr\/saintdieinfo\/2022\/12\/conseils-de-lectures-de-librairie-neuf-cet-hiver\/"},"modified":"2022-12-08T13:43:49","modified_gmt":"2022-12-08T12:43:49","slug":"conseils-de-lectures-de-librairie-neuf-cet-hiver","status":"publish","type":"post","link":"https:\/\/vosgesinfo.fr\/saintdieinfo\/2022\/12\/conseils-de-lectures-de-librairie-neuf-cet-hiver\/","title":{"rendered":"Les conseils de lectures de la Librairie Le Neuf pour cet hiver"},"content":{"rendered":"<p><a href=\"\/2022\/12\/Conseils_Lectures_Hiver_Librairie_Le_Neuf-6.jpg\" target=\"_blank\" rel=\"noopener\"><img decoding=\"async\" class=\"aligncenter wp-image-194023 size-large\" src=\"\/2022\/12\/Conseils_Lectures_Hiver_Librairie_Le_Neuf-6-1024x771.jpg\" alt=\"Conseils_Lectures_Hiver_Librairie_Le_Neuf (6)\" width=\"960\" height=\"723\" \/><\/a><\/p>\n<h2><strong><span style=\"font-size: 14pt;\">La p\u00e9riode hivernale est propice \u00e0 la lecture. Les journ\u00e9es sont courtes, il fait froid&#8230; rien de tel qu&rsquo;un bon livre au coin du feu le soir. Les livres sont \u00e9galement parmi les cadeaux les plus offerts \u00e0 No\u00ebl en France. Les sorties litt\u00e9raires \u00e9tant pour le moins pl\u00e9thoriques, il est parfois difficile de s&rsquo;y retrouver parmi la multitude de romans, biographies, bandes-dessin\u00e9es et autres livres jeunesses qui sont publi\u00e9s par les \u00e9diteurs. En cette fin d&rsquo;ann\u00e9e 2022, l&rsquo;\u00e9quipe de la Librairie Le Neuf de Saint-Di\u00e9-des-Vosges a s\u00e9lectionn\u00e9 une vingtaine de coups de c\u0153urs litt\u00e9raires. Coup de projecteur sur quelques-uns d&rsquo;entre eux avec Olivier Huguenot, g\u00e9rant de la librairie ind\u00e9pendante d\u00e9odatienne.<\/span><\/strong><\/h2>\n<p><!--more--><\/p>\n<p>\u00ab\u00a0Sabotage \u00e0 C\u00e9dolles\u00a0\u00bb de Julien Oster, aux Editions G\u00e9rard Louis, est un roman avec en toile de fond la vie et la mort d&rsquo;une papeterie vosgienne, l&rsquo;usine UPM de Docelles, \u00ab\u00a0brad\u00e9e sur l&rsquo;h\u00f4tel de la mondialisation. Roman tr\u00e8s r\u00e9ussi o\u00f9 la fiction rejoint la r\u00e9alit\u00e9. C&rsquo;est un t\u00e9moignage violent du capitalisme industriel.\u00a0\u00bb<\/p>\n<p>\u00ab\u00a0L&rsquo;aventure du ski dans le massif des Vosges\u00a0\u00bb de Gr\u00e9goire Gauchet et Claude Kauffmann, paru aux \u00e9ditions Mediapop, est le coup de c\u0153ur de Dominique Daunan, de l&rsquo;association les Amis du Neuf. \u00ab\u00a0C&rsquo;est une abondante et int\u00e9ressante documentation et une extr\u00eame qualit\u00e9 de l&rsquo;illustration&#8230; La seule envie apr\u00e8s l&rsquo;avoir parcouru est de chausser ses skis en esp\u00e9rant la neige.\u00a0\u00bb<\/p>\n<p>\u00ab\u00a0La France illustr\u00e9e de Pablo Raison et autres merveilles\u00a0\u00bb de Pablo Raison, aux \u00e9ditions Armand Colin, a fait l&rsquo;unanimit\u00e9 aupr\u00e8s des libraires du Neuf. \u00ab\u00a0Ce prodige du crayon croque des cartes vintages avec des milliers de d\u00e9tails, \u00e0 l&rsquo;encre de chine. Pablo Raison enchante la cartographie, et nous par la m\u00eame occasion\u00a0\u00bb souligne Olivier Huguenot.<\/p>\n<p>Le prochain roman de Pierre Pelot, \u00ab\u00a0Se souvenir encore des orages\u00a0\u00bb, aux \u00e9ditions Presses de la Cit\u00e9, figure lui aussi dans les coups de c\u0153ur du Neuf, sachant que le prolifique \u00e9crivain vosgien sera l&rsquo;invit\u00e9 de la librairie le 14 janvier prochain pour pr\u00e9senter ce nouveau livre. Pierre Pelot, c&rsquo;est une \u00e9criture et univers singulier, reconnaissable entre mille&#8230; et \u00ab\u00a0Se souvenir encore des orages\u00a0\u00bb ne fait pas exception \u00e0 la r\u00e8gle.<\/p>\n<p>Les 2 ouvrages parus aux \u00e9ditions Albin Michel, le roman \u00ab\u00a0La cit\u00e9 des nuages et des oiseaux\u00a0\u00bb de Anthony Doerr et \u00ab\u00a0Le monde de Sophie\u00a0\u00bb, ou une r\u00e9invention par Zabus et Nicoby en bandes-dessin\u00e9e du roman philosophique de Jostein Gaarder, ont \u00e9galement rejoint la liste des lectures recommand\u00e9es de cette fin d&rsquo;ann\u00e9e de la Librairie Le Neuf. Du c\u00f4t\u00e9 des livres Jeunesse, \u00ab\u00a0La visite de No\u00ebl\u00a0\u00bb de Cl\u00e9ment C. Moore, illustr\u00e9 par Chris Dunn et racont\u00e9 par Steve Richardson, est une valeur sure qui trouvera tout naturellement sa place sous le sapin. 32 pages d&rsquo;un condens\u00e9 de magie de No\u00ebl, en compagnie d&rsquo;un ours blanc et d&rsquo;un papa lapin. Pour conclure en beaut\u00e9, le beau livre illustr\u00e9 par Anton Lomaev et traduit par Jean-Philippe Jaworski du classique Moby-Dick de Herman Melville a r\u00e9colt\u00e9 tous les suffrages \u00e0 la Librairie Le Neuf. Ni plus ni moins. <a href=\"https:\/\/fr.calameo.com\/read\/006301666e2b379cfafed\" target=\"_blank\" rel=\"noopener\">Pour retrouver les autres ouvrages conseill\u00e9s en cette fin d&rsquo;ann\u00e9e, la brochure compl\u00e8te est consultable sur Calam\u00e9o.<\/a><\/p>\n<p>J.J.<\/p>\n\n","protected":false},"excerpt":{"rendered":"<p>La p\u00e9riode hivernale est propice \u00e0 la lecture. Les journ\u00e9es sont courtes, il fait froid&#8230; rien de tel qu&rsquo;un bon [&hellip;]<\/p>\n","protected":false},"author":44,"featured_media":60642,"comment_status":"open","ping_status":"open","sticky":false,"template":"","format":"standard","meta":{"footnotes":""},"categories":[460,7847,8090,2915],"tags":[13379,3192],"class_list":["post-60641","post","type-post","status-publish","format-standard","has-post-thumbnail","hentry","category-a-la-une","category-art-culture","category-litterature","category-saint-die-son-canton","tag-conseils-de-lectures","tag-librairie-le-neuf"],"acf":[],"yoast_head":"<!-- This site is optimized with the Yoast SEO plugin v22.5 - https:\/\/yoast.com\/wordpress\/plugins\/seo\/ -->\n<title>Les conseils de lectures de la Librairie Le Neuf pour cet hiver - Saint Die Info<\/title>\n<meta name=\"robots\" content=\"index, follow, max-snippet:-1, max-image-preview:large, max-video-preview:-1\" \/>\n<link rel=\"canonical\" href=\"https:\/\/vosgesinfo.fr\/saintdieinfo\/2022\/12\/conseils-de-lectures-de-librairie-neuf-cet-hiver\/\" \/>\n<meta name=\"twitter:card\" content=\"summary_large_image\" \/>\n<meta name=\"twitter:title\" content=\"Les conseils de lectures de la Librairie Le Neuf pour cet hiver - Saint Die Info\" \/>\n<meta name=\"twitter:description\" content=\"La p\u00e9riode hivernale est propice \u00e0 la lecture. Les journ\u00e9es sont courtes, il fait froid&#8230; rien de tel qu&rsquo;un bon [&hellip;]\" \/>\n<meta name=\"twitter:image\" content=\"https:\/\/vosgesinfo.fr\/app\/uploads\/sites\/4\/2024\/08\/202212conseils-lectures-hiver-librairie-le-neuf-6.jpg\" \/>\n<meta name=\"twitter:creator\" content=\"@VosgesInfo88\" \/>\n<meta name=\"twitter:site\" content=\"@VosgesInfo88\" \/>\n<meta name=\"twitter:label1\" content=\"\u00c9crit par\" \/>\n\t<meta name=\"twitter:data1\" content=\"la r\u00e9daction\" \/>\n\t<meta name=\"twitter:label2\" content=\"Dur\u00e9e de lecture estim\u00e9e\" \/>\n\t<meta name=\"twitter:data2\" content=\"3 minutes\" \/>\n<script type=\"application\/ld+json\" class=\"yoast-schema-graph\">{\"@context\":\"https:\/\/schema.org\",\"@graph\":[{\"@type\":\"Article\",\"@id\":\"https:\/\/vosgesinfo.fr\/saintdieinfo\/2022\/12\/conseils-de-lectures-de-librairie-neuf-cet-hiver\/#article\",\"isPartOf\":{\"@id\":\"https:\/\/vosgesinfo.fr\/saintdieinfo\/2022\/12\/conseils-de-lectures-de-librairie-neuf-cet-hiver\/\"},\"author\":{\"name\":\"la r\u00e9daction\",\"@id\":\"https:\/\/vosgesinfo.fr\/saintdieinfo\/#\/schema\/person\/faee6704a21f3977511db84bd1cd450f\"},\"headline\":\"Les conseils de lectures de la Librairie Le Neuf pour cet hiver\",\"datePublished\":\"2022-12-08T12:43:49+00:00\",\"dateModified\":\"2022-12-08T12:43:49+00:00\",\"mainEntityOfPage\":{\"@id\":\"https:\/\/vosgesinfo.fr\/saintdieinfo\/2022\/12\/conseils-de-lectures-de-librairie-neuf-cet-hiver\/\"},\"wordCount\":592,\"commentCount\":0,\"publisher\":{\"@id\":\"https:\/\/vosgesinfo.fr\/saintdieinfo\/#organization\"},\"image\":{\"@id\":\"https:\/\/vosgesinfo.fr\/saintdieinfo\/2022\/12\/conseils-de-lectures-de-librairie-neuf-cet-hiver\/#primaryimage\"},\"thumbnailUrl\":\"https:\/\/vosgesinfo.fr\/app\/uploads\/sites\/4\/2024\/08\/202212conseils-lectures-hiver-librairie-le-neuf-6.jpg\",\"keywords\":[\"Conseils de lectures\",\"Librairie Le Neuf\"],\"articleSection\":[\"A la Une\",\"Culture\",\"Litt\u00e9rature\",\"Saint-Di\u00e9-des-Vosges et son Agglom\u00e9ration\"],\"inLanguage\":\"fr-FR\",\"potentialAction\":[{\"@type\":\"CommentAction\",\"name\":\"Comment\",\"target\":[\"https:\/\/vosgesinfo.fr\/saintdieinfo\/2022\/12\/conseils-de-lectures-de-librairie-neuf-cet-hiver\/#respond\"]}]},{\"@type\":\"WebPage\",\"@id\":\"https:\/\/vosgesinfo.fr\/saintdieinfo\/2022\/12\/conseils-de-lectures-de-librairie-neuf-cet-hiver\/\",\"url\":\"https:\/\/vosgesinfo.fr\/saintdieinfo\/2022\/12\/conseils-de-lectures-de-librairie-neuf-cet-hiver\/\",\"name\":\"Les conseils de lectures de la Librairie Le Neuf pour cet hiver - Saint Die Info\",\"isPartOf\":{\"@id\":\"https:\/\/vosgesinfo.fr\/saintdieinfo\/#website\"},\"primaryImageOfPage\":{\"@id\":\"https:\/\/vosgesinfo.fr\/saintdieinfo\/2022\/12\/conseils-de-lectures-de-librairie-neuf-cet-hiver\/#primaryimage\"},\"image\":{\"@id\":\"https:\/\/vosgesinfo.fr\/saintdieinfo\/2022\/12\/conseils-de-lectures-de-librairie-neuf-cet-hiver\/#primaryimage\"},\"thumbnailUrl\":\"https:\/\/vosgesinfo.fr\/app\/uploads\/sites\/4\/2024\/08\/202212conseils-lectures-hiver-librairie-le-neuf-6.jpg\",\"datePublished\":\"2022-12-08T12:43:49+00:00\",\"dateModified\":\"2022-12-08T12:43:49+00:00\",\"breadcrumb\":{\"@id\":\"https:\/\/vosgesinfo.fr\/saintdieinfo\/2022\/12\/conseils-de-lectures-de-librairie-neuf-cet-hiver\/#breadcrumb\"},\"inLanguage\":\"fr-FR\",\"potentialAction\":[{\"@type\":\"ReadAction\",\"target\":[\"https:\/\/vosgesinfo.fr\/saintdieinfo\/2022\/12\/conseils-de-lectures-de-librairie-neuf-cet-hiver\/\"]}]},{\"@type\":\"ImageObject\",\"inLanguage\":\"fr-FR\",\"@id\":\"https:\/\/vosgesinfo.fr\/saintdieinfo\/2022\/12\/conseils-de-lectures-de-librairie-neuf-cet-hiver\/#primaryimage\",\"url\":\"https:\/\/vosgesinfo.fr\/app\/uploads\/sites\/4\/2024\/08\/202212conseils-lectures-hiver-librairie-le-neuf-6.jpg\",\"contentUrl\":\"https:\/\/vosgesinfo.fr\/app\/uploads\/sites\/4\/2024\/08\/202212conseils-lectures-hiver-librairie-le-neuf-6.jpg\",\"width\":1600,\"height\":1205},{\"@type\":\"BreadcrumbList\",\"@id\":\"https:\/\/vosgesinfo.fr\/saintdieinfo\/2022\/12\/conseils-de-lectures-de-librairie-neuf-cet-hiver\/#breadcrumb\",\"itemListElement\":[{\"@type\":\"ListItem\",\"position\":1,\"name\":\"Home\",\"item\":\"https:\/\/vosgesinfo.fr\/saintdieinfo\/\"},{\"@type\":\"ListItem\",\"position\":2,\"name\":\"Les conseils de lectures de la Librairie Le Neuf pour cet hiver\"}]},{\"@type\":\"WebSite\",\"@id\":\"https:\/\/vosgesinfo.fr\/saintdieinfo\/#website\",\"url\":\"https:\/\/vosgesinfo.fr\/saintdieinfo\/\",\"name\":\"Saint Die Info\",\"description\":\"Toute l&#039;actualit\u00e9 de Saint-Di\u00e9-Des-Vosges\",\"publisher\":{\"@id\":\"https:\/\/vosgesinfo.fr\/saintdieinfo\/#organization\"},\"alternateName\":\"Toute l'actualit\u00e9 de Saint-Di\u00e9-Des-Vosges\",\"potentialAction\":[{\"@type\":\"SearchAction\",\"target\":{\"@type\":\"EntryPoint\",\"urlTemplate\":\"https:\/\/vosgesinfo.fr\/saintdieinfo\/?s={search_term_string}\"},\"query-input\":\"required name=search_term_string\"}],\"inLanguage\":\"fr-FR\"},{\"@type\":\"Organization\",\"@id\":\"https:\/\/vosgesinfo.fr\/saintdieinfo\/#organization\",\"name\":\"Saint Die Info\",\"url\":\"https:\/\/vosgesinfo.fr\/saintdieinfo\/\",\"logo\":{\"@type\":\"ImageObject\",\"inLanguage\":\"fr-FR\",\"@id\":\"https:\/\/vosgesinfo.fr\/saintdieinfo\/#\/schema\/logo\/image\/\",\"url\":\"https:\/\/vosgesinfo.fr\/app\/uploads\/sites\/4\/2024\/02\/logo-sdi.jpg\",\"contentUrl\":\"https:\/\/vosgesinfo.fr\/app\/uploads\/sites\/4\/2024\/02\/logo-sdi.jpg\",\"width\":600,\"height\":600,\"caption\":\"Saint Die Info\"},\"image\":{\"@id\":\"https:\/\/vosgesinfo.fr\/saintdieinfo\/#\/schema\/logo\/image\/\"},\"sameAs\":[\"https:\/\/www.facebook.com\/Saintdieinfofr\",\"https:\/\/x.com\/VosgesInfo88\",\"https:\/\/www.youtube.com\/@vosgesinfo\"]},{\"@type\":\"Person\",\"@id\":\"https:\/\/vosgesinfo.fr\/saintdieinfo\/#\/schema\/person\/faee6704a21f3977511db84bd1cd450f\",\"name\":\"la r\u00e9daction\",\"image\":{\"@type\":\"ImageObject\",\"inLanguage\":\"fr-FR\",\"@id\":\"https:\/\/vosgesinfo.fr\/saintdieinfo\/#\/schema\/person\/image\/\",\"url\":\"https:\/\/secure.gravatar.com\/avatar\/6673d8bc6a9c17fa9a453eaa3448de834fa308c2ec9635b7aa99441a7c8d2cf6?s=96&d=mm&r=g\",\"contentUrl\":\"https:\/\/secure.gravatar.com\/avatar\/6673d8bc6a9c17fa9a453eaa3448de834fa308c2ec9635b7aa99441a7c8d2cf6?s=96&d=mm&r=g\",\"caption\":\"la r\u00e9daction\"},\"url\":\"https:\/\/vosgesinfo.fr\/saintdieinfo\/author\/redac\/\"}]}<\/script>\n<!-- \/ Yoast SEO plugin. -->","yoast_head_json":{"title":"Les conseils de lectures de la Librairie Le Neuf pour cet hiver - Saint Die Info","robots":{"index":"index","follow":"follow","max-snippet":"max-snippet:-1","max-image-preview":"max-image-preview:large","max-video-preview":"max-video-preview:-1"},"canonical":"https:\/\/vosgesinfo.fr\/saintdieinfo\/2022\/12\/conseils-de-lectures-de-librairie-neuf-cet-hiver\/","twitter_card":"summary_large_image","twitter_title":"Les conseils de lectures de la Librairie Le Neuf pour cet hiver - Saint Die Info","twitter_description":"La p\u00e9riode hivernale est propice \u00e0 la lecture. Les journ\u00e9es sont courtes, il fait froid&#8230; rien de tel qu&rsquo;un bon [&hellip;]","twitter_image":"https:\/\/vosgesinfo.fr\/app\/uploads\/sites\/4\/2024\/08\/202212conseils-lectures-hiver-librairie-le-neuf-6.jpg","twitter_creator":"@VosgesInfo88","twitter_site":"@VosgesInfo88","twitter_misc":{"\u00c9crit par":"la r\u00e9daction","Dur\u00e9e de lecture estim\u00e9e":"3 minutes"},"schema":{"@context":"https:\/\/schema.org","@graph":[{"@type":"Article","@id":"https:\/\/vosgesinfo.fr\/saintdieinfo\/2022\/12\/conseils-de-lectures-de-librairie-neuf-cet-hiver\/#article","isPartOf":{"@id":"https:\/\/vosgesinfo.fr\/saintdieinfo\/2022\/12\/conseils-de-lectures-de-librairie-neuf-cet-hiver\/"},"author":{"name":"la r\u00e9daction","@id":"https:\/\/vosgesinfo.fr\/saintdieinfo\/#\/schema\/person\/faee6704a21f3977511db84bd1cd450f"},"headline":"Les conseils de lectures de la Librairie Le Neuf pour cet hiver","datePublished":"2022-12-08T12:43:49+00:00","dateModified":"2022-12-08T12:43:49+00:00","mainEntityOfPage":{"@id":"https:\/\/vosgesinfo.fr\/saintdieinfo\/2022\/12\/conseils-de-lectures-de-librairie-neuf-cet-hiver\/"},"wordCount":592,"commentCount":0,"publisher":{"@id":"https:\/\/vosgesinfo.fr\/saintdieinfo\/#organization"},"image":{"@id":"https:\/\/vosgesinfo.fr\/saintdieinfo\/2022\/12\/conseils-de-lectures-de-librairie-neuf-cet-hiver\/#primaryimage"},"thumbnailUrl":"https:\/\/vosgesinfo.fr\/app\/uploads\/sites\/4\/2024\/08\/202212conseils-lectures-hiver-librairie-le-neuf-6.jpg","keywords":["Conseils de lectures","Librairie Le Neuf"],"articleSection":["A la Une","Culture","Litt\u00e9rature","Saint-Di\u00e9-des-Vosges et son Agglom\u00e9ration"],"inLanguage":"fr-FR","potentialAction":[{"@type":"CommentAction","name":"Comment","target":["https:\/\/vosgesinfo.fr\/saintdieinfo\/2022\/12\/conseils-de-lectures-de-librairie-neuf-cet-hiver\/#respond"]}]},{"@type":"WebPage","@id":"https:\/\/vosgesinfo.fr\/saintdieinfo\/2022\/12\/conseils-de-lectures-de-librairie-neuf-cet-hiver\/","url":"https:\/\/vosgesinfo.fr\/saintdieinfo\/2022\/12\/conseils-de-lectures-de-librairie-neuf-cet-hiver\/","name":"Les conseils de lectures de la Librairie Le Neuf pour cet hiver - Saint Die Info","isPartOf":{"@id":"https:\/\/vosgesinfo.fr\/saintdieinfo\/#website"},"primaryImageOfPage":{"@id":"https:\/\/vosgesinfo.fr\/saintdieinfo\/2022\/12\/conseils-de-lectures-de-librairie-neuf-cet-hiver\/#primaryimage"},"image":{"@id":"https:\/\/vosgesinfo.fr\/saintdieinfo\/2022\/12\/conseils-de-lectures-de-librairie-neuf-cet-hiver\/#primaryimage"},"thumbnailUrl":"https:\/\/vosgesinfo.fr\/app\/uploads\/sites\/4\/2024\/08\/202212conseils-lectures-hiver-librairie-le-neuf-6.jpg","datePublished":"2022-12-08T12:43:49+00:00","dateModified":"2022-12-08T12:43:49+00:00","breadcrumb":{"@id":"https:\/\/vosgesinfo.fr\/saintdieinfo\/2022\/12\/conseils-de-lectures-de-librairie-neuf-cet-hiver\/#breadcrumb"},"inLanguage":"fr-FR","potentialAction":[{"@type":"ReadAction","target":["https:\/\/vosgesinfo.fr\/saintdieinfo\/2022\/12\/conseils-de-lectures-de-librairie-neuf-cet-hiver\/"]}]},{"@type":"ImageObject","inLanguage":"fr-FR","@id":"https:\/\/vosgesinfo.fr\/saintdieinfo\/2022\/12\/conseils-de-lectures-de-librairie-neuf-cet-hiver\/#primaryimage","url":"https:\/\/vosgesinfo.fr\/app\/uploads\/sites\/4\/2024\/08\/202212conseils-lectures-hiver-librairie-le-neuf-6.jpg","contentUrl":"https:\/\/vosgesinfo.fr\/app\/uploads\/sites\/4\/2024\/08\/202212conseils-lectures-hiver-librairie-le-neuf-6.jpg","width":1600,"height":1205},{"@type":"BreadcrumbList","@id":"https:\/\/vosgesinfo.fr\/saintdieinfo\/2022\/12\/conseils-de-lectures-de-librairie-neuf-cet-hiver\/#breadcrumb","itemListElement":[{"@type":"ListItem","position":1,"name":"Home","item":"https:\/\/vosgesinfo.fr\/saintdieinfo\/"},{"@type":"ListItem","position":2,"name":"Les conseils de lectures de la Librairie Le Neuf pour cet hiver"}]},{"@type":"WebSite","@id":"https:\/\/vosgesinfo.fr\/saintdieinfo\/#website","url":"https:\/\/vosgesinfo.fr\/saintdieinfo\/","name":"Saint Die Info","description":"Toute l&#039;actualit\u00e9 de Saint-Di\u00e9-Des-Vosges","publisher":{"@id":"https:\/\/vosgesinfo.fr\/saintdieinfo\/#organization"},"alternateName":"Toute l'actualit\u00e9 de Saint-Di\u00e9-Des-Vosges","potentialAction":[{"@type":"SearchAction","target":{"@type":"EntryPoint","urlTemplate":"https:\/\/vosgesinfo.fr\/saintdieinfo\/?s={search_term_string}"},"query-input":"required name=search_term_string"}],"inLanguage":"fr-FR"},{"@type":"Organization","@id":"https:\/\/vosgesinfo.fr\/saintdieinfo\/#organization","name":"Saint Die Info","url":"https:\/\/vosgesinfo.fr\/saintdieinfo\/","logo":{"@type":"ImageObject","inLanguage":"fr-FR","@id":"https:\/\/vosgesinfo.fr\/saintdieinfo\/#\/schema\/logo\/image\/","url":"https:\/\/vosgesinfo.fr\/app\/uploads\/sites\/4\/2024\/02\/logo-sdi.jpg","contentUrl":"https:\/\/vosgesinfo.fr\/app\/uploads\/sites\/4\/2024\/02\/logo-sdi.jpg","width":600,"height":600,"caption":"Saint Die Info"},"image":{"@id":"https:\/\/vosgesinfo.fr\/saintdieinfo\/#\/schema\/logo\/image\/"},"sameAs":["https:\/\/www.facebook.com\/Saintdieinfofr","https:\/\/x.com\/VosgesInfo88","https:\/\/www.youtube.com\/@vosgesinfo"]},{"@type":"Person","@id":"https:\/\/vosgesinfo.fr\/saintdieinfo\/#\/schema\/person\/faee6704a21f3977511db84bd1cd450f","name":"la r\u00e9daction","image":{"@type":"ImageObject","inLanguage":"fr-FR","@id":"https:\/\/vosgesinfo.fr\/saintdieinfo\/#\/schema\/person\/image\/","url":"https:\/\/secure.gravatar.com\/avatar\/6673d8bc6a9c17fa9a453eaa3448de834fa308c2ec9635b7aa99441a7c8d2cf6?s=96&d=mm&r=g","contentUrl":"https:\/\/secure.gravatar.com\/avatar\/6673d8bc6a9c17fa9a453eaa3448de834fa308c2ec9635b7aa99441a7c8d2cf6?s=96&d=mm&r=g","caption":"la r\u00e9daction"},"url":"https:\/\/vosgesinfo.fr\/saintdieinfo\/author\/redac\/"}]}},"_links":{"self":[{"href":"https:\/\/vosgesinfo.fr\/saintdieinfo\/wp-json\/wp\/v2\/posts\/60641","targetHints":{"allow":["GET"]}}],"collection":[{"href":"https:\/\/vosgesinfo.fr\/saintdieinfo\/wp-json\/wp\/v2\/posts"}],"about":[{"href":"https:\/\/vosgesinfo.fr\/saintdieinfo\/wp-json\/wp\/v2\/types\/post"}],"author":[{"embeddable":true,"href":"https:\/\/vosgesinfo.fr\/saintdieinfo\/wp-json\/wp\/v2\/users\/44"}],"replies":[{"embeddable":true,"href":"https:\/\/vosgesinfo.fr\/saintdieinfo\/wp-json\/wp\/v2\/comments?post=60641"}],"version-history":[{"count":0,"href":"https:\/\/vosgesinfo.fr\/saintdieinfo\/wp-json\/wp\/v2\/posts\/60641\/revisions"}],"wp:featuredmedia":[{"embeddable":true,"href":"https:\/\/vosgesinfo.fr\/saintdieinfo\/wp-json\/wp\/v2\/media\/60642"}],"wp:attachment":[{"href":"https:\/\/vosgesinfo.fr\/saintdieinfo\/wp-json\/wp\/v2\/media?parent=60641"}],"wp:term":[{"taxonomy":"category","embeddable":true,"href":"https:\/\/vosgesinfo.fr\/saintdieinfo\/wp-json\/wp\/v2\/categories?post=60641"},{"taxonomy":"post_tag","embeddable":true,"href":"https:\/\/vosgesinfo.fr\/saintdieinfo\/wp-json\/wp\/v2\/tags?post=60641"}],"curies":[{"name":"wp","href":"https:\/\/api.w.org\/{rel}","templated":true}]}}