{"id":60659,"date":"2022-12-08T16:09:10","date_gmt":"2022-12-08T15:09:10","guid":{"rendered":"https:\/\/vosgesinfo.fr\/saintdieinfo\/2022\/12\/lauteur-compositeur-vosgien-laurent-romary-participe-a-album-caritatif-lukraine\/"},"modified":"2022-12-08T16:09:10","modified_gmt":"2022-12-08T15:09:10","slug":"lauteur-compositeur-vosgien-laurent-romary-participe-a-album-caritatif-lukraine","status":"publish","type":"post","link":"https:\/\/vosgesinfo.fr\/saintdieinfo\/2022\/12\/lauteur-compositeur-vosgien-laurent-romary-participe-a-album-caritatif-lukraine\/","title":{"rendered":"L&rsquo;auteur-compositeur vosgien Laurent Romary participe \u00e0 un album caritatif pour l&rsquo;Ukraine"},"content":{"rendered":"<div id=\"attachment_194028\" style=\"width: 970px\" class=\"wp-caption aligncenter\"><a href=\"\/2022\/12\/Laurent_Romary_Ukraine_Peace_Will_Come-1.jpeg\" target=\"_blank\" rel=\"noopener\"><img decoding=\"async\" aria-describedby=\"caption-attachment-194028\" class=\"wp-image-194028 size-large\" src=\"\/2022\/12\/Laurent_Romary_Ukraine_Peace_Will_Come-1-1024x768.jpeg\" alt=\"Laurent_Romary_Ukraine_Peace_Will_Come (1)\" width=\"960\" height=\"720\" \/><\/a><p id=\"caption-attachment-194028\" class=\"wp-caption-text\">(Photographie Laurent Romary)<\/p><\/div>\n<h2><strong><span style=\"font-size: 14pt;\">Le projet de l&rsquo;album \u00ab\u00a0Peace will come\u00a0\u00bb \u2013 litt\u00e9ralement \u00ab\u00a0La paix viendra\u00a0\u00bb \u2013 a \u00e9t\u00e9 initi\u00e9 le 24 f\u00e9vrier dernier, jour de l&rsquo;invasion russe de l&rsquo;Ukraine, par le compositeur de musiques de films Erwan Co\u00efc, qui a notamment travaill\u00e9 pour France 2 et le Festival de Cannes.<br \/>\n<\/span><\/strong><\/h2>\n<p><!--more--><\/p>\n<p>Disponible depuis peu, cet album caritatif de 17 morceaux \u2013 dont 2 chansons \u2013 rassemble 20 artistes autour de la cause ukranienne. Caritatif, car les b\u00e9n\u00e9fices r\u00e9alis\u00e9s par ce projet seront destin\u00e9s \u00e0 venir en aide aux populations civiles touch\u00e9es par cette guerre, qui fait rage depuis maintenant pr\u00e8s d&rsquo;un an. L&rsquo;id\u00e9e de cet album est aussi de faire parler du conflit, \u00ab\u00a0ceci afin que la cause et le signal de d\u00e9tresse ukrainien restent en lumi\u00e8res aupr\u00e8s du grand public\u00a0\u00bb souligne Laurent Romary, auteur-compositeur vosgien qui a particip\u00e9 au projet avec une chanson sobrement intitul\u00e9e \u00ab\u00a0Ukraine\u00a0\u00bb.<\/p>\n<p>Comme il l&rsquo;explique, s&rsquo;il a souhait\u00e9 prendre part \u00e0 l&rsquo;aventure \u00ab\u00a0Peace will come\u00a0\u00bb, \u00ab\u00a0c&rsquo;est parce que je suis p\u00e8re de famille et que cette guerre est en Europe, pas tr\u00e8s loin de chez nous. C&rsquo;est donc assez facile de s&rsquo;identifier \u00e0 la population ukrainienne, de se mettre \u00e0 sa place. Comme beaucoup de monde j&rsquo;ai \u00e9t\u00e9 touch\u00e9 par cet \u00e9v\u00e9nement dramatique. J&rsquo;ai ainsi voulu agir, \u00e0 mon humble niveau, en mettant la main \u00e0 la p\u00e2te avec mes comp\u00e9tences. Mon domaine \u00e9tant la musique, j&rsquo;ai d\u00e9cid\u00e9 d&rsquo;\u00e9crire et composer un chanson d\u00e9di\u00e9e \u00e0 l&rsquo;Ukraine. Etant en contact avec Erwan Co\u00efc via les r\u00e9seaux sociaux, j&rsquo;ai eu connaissance du projet \u00ab\u00a0Peace will come\u00a0\u00bb. Au mois de mai, je lui ai propos\u00e9 ma chanson et elle a \u00e9t\u00e9 accept\u00e9e pour l&rsquo;album. Mais m\u00eame si elle n&rsquo;avais pas \u00e9t\u00e9 retenue, j&rsquo;aurais quand m\u00eame fait un titre pour l&rsquo;Ukraine.\u00a0\u00bb<\/p>\n<p>Les paroles de la chanson de Laurent Romary se placent sous l&rsquo;angle d&rsquo;un adolescent ou d&rsquo;une adolescente ukrainienne de 13 ans, \u00ab\u00a0qui voit ses points de rep\u00e8res voler en \u00e9clats avec la guerre. \u00bb Pour accompagner sa voix et les notes de piano, un clip a \u00e9t\u00e9 tourn\u00e9 et r\u00e9alis\u00e9 par son ami Arnaud Cossin. Un clip disponible depuis peu sur YouTube et \u00e0 retrouver ci-dessous. Pour \u00e9couter et\/ou acheter l&rsquo;album \u00ab\u00a0Peace will come\u00a0\u00bb, <a href=\"https:\/\/artistesfrancaispourlukraine.bandcamp.com\/album\/peace-will-come\" target=\"_blank\" rel=\"noopener\">rendez-vous sur le magasin de musique en ligne BandCamp.<\/a><\/p>\n<p>J.J.<\/p>\n<p><a href=\"\/2022\/12\/Laurent_Romary_Ukraine_Peace_Will_Come-2.jpeg\" target=\"_blank\" rel=\"noopener\"><img decoding=\"async\" class=\"aligncenter wp-image-194030 size-large\" src=\"\/2022\/12\/Laurent_Romary_Ukraine_Peace_Will_Come-2-1021x1024.jpeg\" alt=\"Laurent_Romary_Ukraine_Peace_Will_Come (2)\" width=\"960\" height=\"963\" \/><\/a><\/p>\n<p><iframe loading=\"lazy\" src=\"\/\/www.youtube.com\/embed\/CNOgMV6xglk\" width=\"425\" height=\"350\" allowfullscreen=\"allowfullscreen\"><\/iframe><\/p>\n","protected":false},"excerpt":{"rendered":"<p>Le projet de l&rsquo;album \u00ab\u00a0Peace will come\u00a0\u00bb \u2013 litt\u00e9ralement \u00ab\u00a0La paix viendra\u00a0\u00bb \u2013 a \u00e9t\u00e9 initi\u00e9 le 24 f\u00e9vrier dernier, [&hellip;]<\/p>\n","protected":false},"author":44,"featured_media":60660,"comment_status":"open","ping_status":"open","sticky":false,"template":"","format":"standard","meta":{"footnotes":""},"categories":[460,29,18],"tags":[13381,13382,10405,13383,13384],"class_list":["post-60659","post","type-post","status-publish","format-standard","has-post-thumbnail","hentry","category-a-la-une","category-solidarite","category-vosges","tag-album-caritatif","tag-erwan-coic","tag-guerre-en-ukraine","tag-laurent-romary","tag-peace-will-come"],"acf":[],"yoast_head":"<!-- This site is optimized with the Yoast SEO plugin v22.5 - https:\/\/yoast.com\/wordpress\/plugins\/seo\/ -->\n<title>L&#039;auteur-compositeur vosgien Laurent Romary participe \u00e0 un album caritatif pour l&#039;Ukraine - Saint Die Info<\/title>\n<meta name=\"robots\" content=\"index, follow, max-snippet:-1, max-image-preview:large, max-video-preview:-1\" \/>\n<link rel=\"canonical\" href=\"https:\/\/vosgesinfo.fr\/saintdieinfo\/2022\/12\/lauteur-compositeur-vosgien-laurent-romary-participe-a-album-caritatif-lukraine\/\" \/>\n<meta name=\"twitter:card\" content=\"summary_large_image\" \/>\n<meta name=\"twitter:title\" content=\"L&#039;auteur-compositeur vosgien Laurent Romary participe \u00e0 un album caritatif pour l&#039;Ukraine - Saint Die Info\" \/>\n<meta name=\"twitter:description\" content=\"Le projet de l&rsquo;album \u00ab\u00a0Peace will come\u00a0\u00bb \u2013 litt\u00e9ralement \u00ab\u00a0La paix viendra\u00a0\u00bb \u2013 a \u00e9t\u00e9 initi\u00e9 le 24 f\u00e9vrier dernier, [&hellip;]\" \/>\n<meta name=\"twitter:image\" content=\"https:\/\/vosgesinfo.fr\/app\/uploads\/sites\/4\/2024\/08\/202212laurent-romary-ukraine-peace-will-come-1-1.jpeg\" \/>\n<meta name=\"twitter:creator\" content=\"@VosgesInfo88\" \/>\n<meta name=\"twitter:site\" content=\"@VosgesInfo88\" \/>\n<meta name=\"twitter:label1\" content=\"\u00c9crit par\" \/>\n\t<meta name=\"twitter:data1\" content=\"la r\u00e9daction\" \/>\n\t<meta name=\"twitter:label2\" content=\"Dur\u00e9e de lecture estim\u00e9e\" \/>\n\t<meta name=\"twitter:data2\" content=\"2 minutes\" \/>\n<script type=\"application\/ld+json\" class=\"yoast-schema-graph\">{\"@context\":\"https:\/\/schema.org\",\"@graph\":[{\"@type\":\"Article\",\"@id\":\"https:\/\/vosgesinfo.fr\/saintdieinfo\/2022\/12\/lauteur-compositeur-vosgien-laurent-romary-participe-a-album-caritatif-lukraine\/#article\",\"isPartOf\":{\"@id\":\"https:\/\/vosgesinfo.fr\/saintdieinfo\/2022\/12\/lauteur-compositeur-vosgien-laurent-romary-participe-a-album-caritatif-lukraine\/\"},\"author\":{\"name\":\"la r\u00e9daction\",\"@id\":\"https:\/\/vosgesinfo.fr\/saintdieinfo\/#\/schema\/person\/faee6704a21f3977511db84bd1cd450f\"},\"headline\":\"L&rsquo;auteur-compositeur vosgien Laurent Romary participe \u00e0 un album caritatif pour l&rsquo;Ukraine\",\"datePublished\":\"2022-12-08T15:09:10+00:00\",\"dateModified\":\"2022-12-08T15:09:10+00:00\",\"mainEntityOfPage\":{\"@id\":\"https:\/\/vosgesinfo.fr\/saintdieinfo\/2022\/12\/lauteur-compositeur-vosgien-laurent-romary-participe-a-album-caritatif-lukraine\/\"},\"wordCount\":432,\"commentCount\":0,\"publisher\":{\"@id\":\"https:\/\/vosgesinfo.fr\/saintdieinfo\/#organization\"},\"image\":{\"@id\":\"https:\/\/vosgesinfo.fr\/saintdieinfo\/2022\/12\/lauteur-compositeur-vosgien-laurent-romary-participe-a-album-caritatif-lukraine\/#primaryimage\"},\"thumbnailUrl\":\"https:\/\/vosgesinfo.fr\/app\/uploads\/sites\/4\/2024\/08\/202212laurent-romary-ukraine-peace-will-come-1-1.jpeg\",\"keywords\":[\"Album caritatif\",\"Erwan Co\u00efc\",\"Guerre en Ukraine\",\"Laurent Romary\",\"Peace will come\"],\"articleSection\":[\"A la Une\",\"Solidarit\u00e9\",\"Vosges\"],\"inLanguage\":\"fr-FR\",\"potentialAction\":[{\"@type\":\"CommentAction\",\"name\":\"Comment\",\"target\":[\"https:\/\/vosgesinfo.fr\/saintdieinfo\/2022\/12\/lauteur-compositeur-vosgien-laurent-romary-participe-a-album-caritatif-lukraine\/#respond\"]}]},{\"@type\":\"WebPage\",\"@id\":\"https:\/\/vosgesinfo.fr\/saintdieinfo\/2022\/12\/lauteur-compositeur-vosgien-laurent-romary-participe-a-album-caritatif-lukraine\/\",\"url\":\"https:\/\/vosgesinfo.fr\/saintdieinfo\/2022\/12\/lauteur-compositeur-vosgien-laurent-romary-participe-a-album-caritatif-lukraine\/\",\"name\":\"L'auteur-compositeur vosgien Laurent Romary participe \u00e0 un album caritatif pour l'Ukraine - Saint Die Info\",\"isPartOf\":{\"@id\":\"https:\/\/vosgesinfo.fr\/saintdieinfo\/#website\"},\"primaryImageOfPage\":{\"@id\":\"https:\/\/vosgesinfo.fr\/saintdieinfo\/2022\/12\/lauteur-compositeur-vosgien-laurent-romary-participe-a-album-caritatif-lukraine\/#primaryimage\"},\"image\":{\"@id\":\"https:\/\/vosgesinfo.fr\/saintdieinfo\/2022\/12\/lauteur-compositeur-vosgien-laurent-romary-participe-a-album-caritatif-lukraine\/#primaryimage\"},\"thumbnailUrl\":\"https:\/\/vosgesinfo.fr\/app\/uploads\/sites\/4\/2024\/08\/202212laurent-romary-ukraine-peace-will-come-1-1.jpeg\",\"datePublished\":\"2022-12-08T15:09:10+00:00\",\"dateModified\":\"2022-12-08T15:09:10+00:00\",\"breadcrumb\":{\"@id\":\"https:\/\/vosgesinfo.fr\/saintdieinfo\/2022\/12\/lauteur-compositeur-vosgien-laurent-romary-participe-a-album-caritatif-lukraine\/#breadcrumb\"},\"inLanguage\":\"fr-FR\",\"potentialAction\":[{\"@type\":\"ReadAction\",\"target\":[\"https:\/\/vosgesinfo.fr\/saintdieinfo\/2022\/12\/lauteur-compositeur-vosgien-laurent-romary-participe-a-album-caritatif-lukraine\/\"]}]},{\"@type\":\"ImageObject\",\"inLanguage\":\"fr-FR\",\"@id\":\"https:\/\/vosgesinfo.fr\/saintdieinfo\/2022\/12\/lauteur-compositeur-vosgien-laurent-romary-participe-a-album-caritatif-lukraine\/#primaryimage\",\"url\":\"https:\/\/vosgesinfo.fr\/app\/uploads\/sites\/4\/2024\/08\/202212laurent-romary-ukraine-peace-will-come-1-1.jpeg\",\"contentUrl\":\"https:\/\/vosgesinfo.fr\/app\/uploads\/sites\/4\/2024\/08\/202212laurent-romary-ukraine-peace-will-come-1-1.jpeg\",\"width\":1600,\"height\":1200},{\"@type\":\"BreadcrumbList\",\"@id\":\"https:\/\/vosgesinfo.fr\/saintdieinfo\/2022\/12\/lauteur-compositeur-vosgien-laurent-romary-participe-a-album-caritatif-lukraine\/#breadcrumb\",\"itemListElement\":[{\"@type\":\"ListItem\",\"position\":1,\"name\":\"Home\",\"item\":\"https:\/\/vosgesinfo.fr\/saintdieinfo\/\"},{\"@type\":\"ListItem\",\"position\":2,\"name\":\"L&rsquo;auteur-compositeur vosgien Laurent Romary participe \u00e0 un album caritatif pour l&rsquo;Ukraine\"}]},{\"@type\":\"WebSite\",\"@id\":\"https:\/\/vosgesinfo.fr\/saintdieinfo\/#website\",\"url\":\"https:\/\/vosgesinfo.fr\/saintdieinfo\/\",\"name\":\"Saint Die Info\",\"description\":\"Toute l&#039;actualit\u00e9 de Saint-Di\u00e9-Des-Vosges\",\"publisher\":{\"@id\":\"https:\/\/vosgesinfo.fr\/saintdieinfo\/#organization\"},\"alternateName\":\"Toute l'actualit\u00e9 de Saint-Di\u00e9-Des-Vosges\",\"potentialAction\":[{\"@type\":\"SearchAction\",\"target\":{\"@type\":\"EntryPoint\",\"urlTemplate\":\"https:\/\/vosgesinfo.fr\/saintdieinfo\/?s={search_term_string}\"},\"query-input\":\"required name=search_term_string\"}],\"inLanguage\":\"fr-FR\"},{\"@type\":\"Organization\",\"@id\":\"https:\/\/vosgesinfo.fr\/saintdieinfo\/#organization\",\"name\":\"Saint Die Info\",\"url\":\"https:\/\/vosgesinfo.fr\/saintdieinfo\/\",\"logo\":{\"@type\":\"ImageObject\",\"inLanguage\":\"fr-FR\",\"@id\":\"https:\/\/vosgesinfo.fr\/saintdieinfo\/#\/schema\/logo\/image\/\",\"url\":\"https:\/\/vosgesinfo.fr\/app\/uploads\/sites\/4\/2024\/02\/logo-sdi.jpg\",\"contentUrl\":\"https:\/\/vosgesinfo.fr\/app\/uploads\/sites\/4\/2024\/02\/logo-sdi.jpg\",\"width\":600,\"height\":600,\"caption\":\"Saint Die Info\"},\"image\":{\"@id\":\"https:\/\/vosgesinfo.fr\/saintdieinfo\/#\/schema\/logo\/image\/\"},\"sameAs\":[\"https:\/\/www.facebook.com\/Saintdieinfofr\",\"https:\/\/x.com\/VosgesInfo88\",\"https:\/\/www.youtube.com\/@vosgesinfo\"]},{\"@type\":\"Person\",\"@id\":\"https:\/\/vosgesinfo.fr\/saintdieinfo\/#\/schema\/person\/faee6704a21f3977511db84bd1cd450f\",\"name\":\"la r\u00e9daction\",\"image\":{\"@type\":\"ImageObject\",\"inLanguage\":\"fr-FR\",\"@id\":\"https:\/\/vosgesinfo.fr\/saintdieinfo\/#\/schema\/person\/image\/\",\"url\":\"https:\/\/secure.gravatar.com\/avatar\/6673d8bc6a9c17fa9a453eaa3448de834fa308c2ec9635b7aa99441a7c8d2cf6?s=96&d=mm&r=g\",\"contentUrl\":\"https:\/\/secure.gravatar.com\/avatar\/6673d8bc6a9c17fa9a453eaa3448de834fa308c2ec9635b7aa99441a7c8d2cf6?s=96&d=mm&r=g\",\"caption\":\"la r\u00e9daction\"},\"url\":\"https:\/\/vosgesinfo.fr\/saintdieinfo\/author\/redac\/\"}]}<\/script>\n<!-- \/ Yoast SEO plugin. -->","yoast_head_json":{"title":"L'auteur-compositeur vosgien Laurent Romary participe \u00e0 un album caritatif pour l'Ukraine - Saint Die Info","robots":{"index":"index","follow":"follow","max-snippet":"max-snippet:-1","max-image-preview":"max-image-preview:large","max-video-preview":"max-video-preview:-1"},"canonical":"https:\/\/vosgesinfo.fr\/saintdieinfo\/2022\/12\/lauteur-compositeur-vosgien-laurent-romary-participe-a-album-caritatif-lukraine\/","twitter_card":"summary_large_image","twitter_title":"L'auteur-compositeur vosgien Laurent Romary participe \u00e0 un album caritatif pour l'Ukraine - Saint Die Info","twitter_description":"Le projet de l&rsquo;album \u00ab\u00a0Peace will come\u00a0\u00bb \u2013 litt\u00e9ralement \u00ab\u00a0La paix viendra\u00a0\u00bb \u2013 a \u00e9t\u00e9 initi\u00e9 le 24 f\u00e9vrier dernier, [&hellip;]","twitter_image":"https:\/\/vosgesinfo.fr\/app\/uploads\/sites\/4\/2024\/08\/202212laurent-romary-ukraine-peace-will-come-1-1.jpeg","twitter_creator":"@VosgesInfo88","twitter_site":"@VosgesInfo88","twitter_misc":{"\u00c9crit par":"la r\u00e9daction","Dur\u00e9e de lecture estim\u00e9e":"2 minutes"},"schema":{"@context":"https:\/\/schema.org","@graph":[{"@type":"Article","@id":"https:\/\/vosgesinfo.fr\/saintdieinfo\/2022\/12\/lauteur-compositeur-vosgien-laurent-romary-participe-a-album-caritatif-lukraine\/#article","isPartOf":{"@id":"https:\/\/vosgesinfo.fr\/saintdieinfo\/2022\/12\/lauteur-compositeur-vosgien-laurent-romary-participe-a-album-caritatif-lukraine\/"},"author":{"name":"la r\u00e9daction","@id":"https:\/\/vosgesinfo.fr\/saintdieinfo\/#\/schema\/person\/faee6704a21f3977511db84bd1cd450f"},"headline":"L&rsquo;auteur-compositeur vosgien Laurent Romary participe \u00e0 un album caritatif pour l&rsquo;Ukraine","datePublished":"2022-12-08T15:09:10+00:00","dateModified":"2022-12-08T15:09:10+00:00","mainEntityOfPage":{"@id":"https:\/\/vosgesinfo.fr\/saintdieinfo\/2022\/12\/lauteur-compositeur-vosgien-laurent-romary-participe-a-album-caritatif-lukraine\/"},"wordCount":432,"commentCount":0,"publisher":{"@id":"https:\/\/vosgesinfo.fr\/saintdieinfo\/#organization"},"image":{"@id":"https:\/\/vosgesinfo.fr\/saintdieinfo\/2022\/12\/lauteur-compositeur-vosgien-laurent-romary-participe-a-album-caritatif-lukraine\/#primaryimage"},"thumbnailUrl":"https:\/\/vosgesinfo.fr\/app\/uploads\/sites\/4\/2024\/08\/202212laurent-romary-ukraine-peace-will-come-1-1.jpeg","keywords":["Album caritatif","Erwan Co\u00efc","Guerre en Ukraine","Laurent Romary","Peace will come"],"articleSection":["A la Une","Solidarit\u00e9","Vosges"],"inLanguage":"fr-FR","potentialAction":[{"@type":"CommentAction","name":"Comment","target":["https:\/\/vosgesinfo.fr\/saintdieinfo\/2022\/12\/lauteur-compositeur-vosgien-laurent-romary-participe-a-album-caritatif-lukraine\/#respond"]}]},{"@type":"WebPage","@id":"https:\/\/vosgesinfo.fr\/saintdieinfo\/2022\/12\/lauteur-compositeur-vosgien-laurent-romary-participe-a-album-caritatif-lukraine\/","url":"https:\/\/vosgesinfo.fr\/saintdieinfo\/2022\/12\/lauteur-compositeur-vosgien-laurent-romary-participe-a-album-caritatif-lukraine\/","name":"L'auteur-compositeur vosgien Laurent Romary participe \u00e0 un album caritatif pour l'Ukraine - Saint Die Info","isPartOf":{"@id":"https:\/\/vosgesinfo.fr\/saintdieinfo\/#website"},"primaryImageOfPage":{"@id":"https:\/\/vosgesinfo.fr\/saintdieinfo\/2022\/12\/lauteur-compositeur-vosgien-laurent-romary-participe-a-album-caritatif-lukraine\/#primaryimage"},"image":{"@id":"https:\/\/vosgesinfo.fr\/saintdieinfo\/2022\/12\/lauteur-compositeur-vosgien-laurent-romary-participe-a-album-caritatif-lukraine\/#primaryimage"},"thumbnailUrl":"https:\/\/vosgesinfo.fr\/app\/uploads\/sites\/4\/2024\/08\/202212laurent-romary-ukraine-peace-will-come-1-1.jpeg","datePublished":"2022-12-08T15:09:10+00:00","dateModified":"2022-12-08T15:09:10+00:00","breadcrumb":{"@id":"https:\/\/vosgesinfo.fr\/saintdieinfo\/2022\/12\/lauteur-compositeur-vosgien-laurent-romary-participe-a-album-caritatif-lukraine\/#breadcrumb"},"inLanguage":"fr-FR","potentialAction":[{"@type":"ReadAction","target":["https:\/\/vosgesinfo.fr\/saintdieinfo\/2022\/12\/lauteur-compositeur-vosgien-laurent-romary-participe-a-album-caritatif-lukraine\/"]}]},{"@type":"ImageObject","inLanguage":"fr-FR","@id":"https:\/\/vosgesinfo.fr\/saintdieinfo\/2022\/12\/lauteur-compositeur-vosgien-laurent-romary-participe-a-album-caritatif-lukraine\/#primaryimage","url":"https:\/\/vosgesinfo.fr\/app\/uploads\/sites\/4\/2024\/08\/202212laurent-romary-ukraine-peace-will-come-1-1.jpeg","contentUrl":"https:\/\/vosgesinfo.fr\/app\/uploads\/sites\/4\/2024\/08\/202212laurent-romary-ukraine-peace-will-come-1-1.jpeg","width":1600,"height":1200},{"@type":"BreadcrumbList","@id":"https:\/\/vosgesinfo.fr\/saintdieinfo\/2022\/12\/lauteur-compositeur-vosgien-laurent-romary-participe-a-album-caritatif-lukraine\/#breadcrumb","itemListElement":[{"@type":"ListItem","position":1,"name":"Home","item":"https:\/\/vosgesinfo.fr\/saintdieinfo\/"},{"@type":"ListItem","position":2,"name":"L&rsquo;auteur-compositeur vosgien Laurent Romary participe \u00e0 un album caritatif pour l&rsquo;Ukraine"}]},{"@type":"WebSite","@id":"https:\/\/vosgesinfo.fr\/saintdieinfo\/#website","url":"https:\/\/vosgesinfo.fr\/saintdieinfo\/","name":"Saint Die Info","description":"Toute l&#039;actualit\u00e9 de Saint-Di\u00e9-Des-Vosges","publisher":{"@id":"https:\/\/vosgesinfo.fr\/saintdieinfo\/#organization"},"alternateName":"Toute l'actualit\u00e9 de Saint-Di\u00e9-Des-Vosges","potentialAction":[{"@type":"SearchAction","target":{"@type":"EntryPoint","urlTemplate":"https:\/\/vosgesinfo.fr\/saintdieinfo\/?s={search_term_string}"},"query-input":"required name=search_term_string"}],"inLanguage":"fr-FR"},{"@type":"Organization","@id":"https:\/\/vosgesinfo.fr\/saintdieinfo\/#organization","name":"Saint Die Info","url":"https:\/\/vosgesinfo.fr\/saintdieinfo\/","logo":{"@type":"ImageObject","inLanguage":"fr-FR","@id":"https:\/\/vosgesinfo.fr\/saintdieinfo\/#\/schema\/logo\/image\/","url":"https:\/\/vosgesinfo.fr\/app\/uploads\/sites\/4\/2024\/02\/logo-sdi.jpg","contentUrl":"https:\/\/vosgesinfo.fr\/app\/uploads\/sites\/4\/2024\/02\/logo-sdi.jpg","width":600,"height":600,"caption":"Saint Die Info"},"image":{"@id":"https:\/\/vosgesinfo.fr\/saintdieinfo\/#\/schema\/logo\/image\/"},"sameAs":["https:\/\/www.facebook.com\/Saintdieinfofr","https:\/\/x.com\/VosgesInfo88","https:\/\/www.youtube.com\/@vosgesinfo"]},{"@type":"Person","@id":"https:\/\/vosgesinfo.fr\/saintdieinfo\/#\/schema\/person\/faee6704a21f3977511db84bd1cd450f","name":"la r\u00e9daction","image":{"@type":"ImageObject","inLanguage":"fr-FR","@id":"https:\/\/vosgesinfo.fr\/saintdieinfo\/#\/schema\/person\/image\/","url":"https:\/\/secure.gravatar.com\/avatar\/6673d8bc6a9c17fa9a453eaa3448de834fa308c2ec9635b7aa99441a7c8d2cf6?s=96&d=mm&r=g","contentUrl":"https:\/\/secure.gravatar.com\/avatar\/6673d8bc6a9c17fa9a453eaa3448de834fa308c2ec9635b7aa99441a7c8d2cf6?s=96&d=mm&r=g","caption":"la r\u00e9daction"},"url":"https:\/\/vosgesinfo.fr\/saintdieinfo\/author\/redac\/"}]}},"_links":{"self":[{"href":"https:\/\/vosgesinfo.fr\/saintdieinfo\/wp-json\/wp\/v2\/posts\/60659","targetHints":{"allow":["GET"]}}],"collection":[{"href":"https:\/\/vosgesinfo.fr\/saintdieinfo\/wp-json\/wp\/v2\/posts"}],"about":[{"href":"https:\/\/vosgesinfo.fr\/saintdieinfo\/wp-json\/wp\/v2\/types\/post"}],"author":[{"embeddable":true,"href":"https:\/\/vosgesinfo.fr\/saintdieinfo\/wp-json\/wp\/v2\/users\/44"}],"replies":[{"embeddable":true,"href":"https:\/\/vosgesinfo.fr\/saintdieinfo\/wp-json\/wp\/v2\/comments?post=60659"}],"version-history":[{"count":0,"href":"https:\/\/vosgesinfo.fr\/saintdieinfo\/wp-json\/wp\/v2\/posts\/60659\/revisions"}],"wp:featuredmedia":[{"embeddable":true,"href":"https:\/\/vosgesinfo.fr\/saintdieinfo\/wp-json\/wp\/v2\/media\/60660"}],"wp:attachment":[{"href":"https:\/\/vosgesinfo.fr\/saintdieinfo\/wp-json\/wp\/v2\/media?parent=60659"}],"wp:term":[{"taxonomy":"category","embeddable":true,"href":"https:\/\/vosgesinfo.fr\/saintdieinfo\/wp-json\/wp\/v2\/categories?post=60659"},{"taxonomy":"post_tag","embeddable":true,"href":"https:\/\/vosgesinfo.fr\/saintdieinfo\/wp-json\/wp\/v2\/tags?post=60659"}],"curies":[{"name":"wp","href":"https:\/\/api.w.org\/{rel}","templated":true}]}}