{"id":60692,"date":"2022-12-09T19:32:13","date_gmt":"2022-12-09T18:32:13","guid":{"rendered":"https:\/\/vosgesinfo.fr\/saintdieinfo\/2022\/12\/sapins-de-noel-ne-connaissent-crise\/"},"modified":"2022-12-09T19:32:13","modified_gmt":"2022-12-09T18:32:13","slug":"sapins-de-noel-ne-connaissent-crise","status":"publish","type":"post","link":"https:\/\/vosgesinfo.fr\/saintdieinfo\/2022\/12\/sapins-de-noel-ne-connaissent-crise\/","title":{"rendered":"Les sapins de No\u00ebl ne connaissent pas la crise"},"content":{"rendered":"<div id=\"attachment_194106\" style=\"width: 970px\" class=\"wp-caption aligncenter\"><a href=\"\/2022\/12\/Schwoob_Sapins_de_No\u00ebl_SDDV-1.jpg\" target=\"_blank\" rel=\"noopener\"><img decoding=\"async\" aria-describedby=\"caption-attachment-194106\" class=\"wp-image-194106 size-large\" src=\"\/2022\/12\/Schwoob_Sapins_de_No\u00ebl_SDDV-1-1024x771.jpg\" alt=\"Schwoob_Sapins_de_No\u00ebl_SDDV (1)\" width=\"960\" height=\"723\" \/><\/a><p id=\"caption-attachment-194106\" class=\"wp-caption-text\">Michel Schwoob cultive les sapins depuis 45 ans. Il est le premier \u00e0 avoir d\u00e9mocratis\u00e9 le Nordmann en France, apr\u00e8s avoir d\u00e9couvert cette essence lors du Salon de l&rsquo;Agriculture de Paris.<\/p><\/div>\n<h2><strong><span style=\"font-size: 14pt;\">Dans un contexte pour le moins morose, les sapins de No\u00ebl ne connaissent pas la crise en 2022. Du moins pas pour Michel et Michelle Schwoob. Depuis maintenant 24 ans \u00e0 Saint-Di\u00e9-des-Vosges, le couple vend ses sapins de culture \u00e0 l&rsquo;approche des f\u00eates, \u00ab\u00a0\u00e0 99,9% des Nordmann, qui ont l&rsquo;avantage de ne pas perdre leurs aiguilles\u00a0\u00bb. Cette ann\u00e9e encore, ils sont install\u00e9s sur la place du G\u00e9n\u00e9ral-de-Gaulle, au pied du grand sapin de No\u00ebl.<\/span><\/strong><\/h2>\n<p><!--more--><\/p>\n<p>Si on pourrait croire que leur activit\u00e9 p\u00e2tisse de la situation actuelle, ce n&rsquo;est pas le cas. \u00ab\u00a0Nous avons des clients tr\u00e8s fid\u00e8les, qui sont de retour chaque ann\u00e9e. Et puis on constate que beaucoup de gens reviennent aux sapins naturels. On constate aussi que la tradition du sapin de No\u00ebl perdure, et heureusement, car nous avons de jeunes couples qui viennent nous en chercher. Par contre, on remarque que l&rsquo;\u00e9cart se creuse au niveau du porte-monnaie, entre les personnes qui ach\u00e8tent sans regarder le prix et celles qui h\u00e9sitent car leur bourse est limit\u00e9e. C&rsquo;est pour \u00e7a qu&rsquo;on fait des promotions, pour que ce soit accessible au plus grand nombre\u00a0\u00bb expliquent Michel et Michelle Schwoob. En moyenne, il faut compter un budget d&rsquo;une quarantaine d&rsquo;\u20ac pour se payer un de leurs sapins.<\/p>\n<p>\u00ab\u00a0A qualit\u00e9 \u00e9gale, nous n&rsquo;avons pas augment\u00e9 nos prix depuis une dizaine d&rsquo;ann\u00e9es. Nous sommes sp\u00e9cialis\u00e9s dans les beaux sapins et les sapins de grande taille. Cela fait 45 ans que je cultive des sapins, en Alsace, dans les Vosges et au Danemark. J&rsquo;ai commenc\u00e9 avec 400 unit\u00e9s, pour monter jusqu&rsquo;\u00e0 35 000. Aujourd&rsquo;hui j&rsquo;en ai environ 3500\u00a0\u00bb pr\u00e9cise Michel Schwoob, qui a \u00e9t\u00e9 le premier \u00e0 d\u00e9mocratiser le Nordmann en France.<\/p>\n<p>Quant aux al\u00e9as climatiques, la s\u00e9cheresse de l&rsquo;\u00e9t\u00e9 dernier n&rsquo;a pas impact\u00e9 les sapins cultiv\u00e9s par la famille Schwoob, \u00ab\u00a0car si un Nordmann passe ses 2 premi\u00e8res ann\u00e9es il va chercher l&rsquo;eau tr\u00e8s profond, donc la s\u00e9cheresse n&rsquo;a pas de cons\u00e9quence\u00a0\u00bb. En revanche, le gel tardif de la fin du printemps a fait beaucoup de mal. \u00ab\u00a0Suite \u00e0 un coup de gel d\u00e9but juin, 5 hectares ont \u00e9t\u00e9 foutus. Il faut savoir que s&rsquo;il g\u00e8le apr\u00e8s l&rsquo;apparition des bourgeons, le sapin est fichu. Mais actuellement \u00e7a va, on a connu des p\u00e9riodes o\u00f9 c&rsquo;\u00e9tait pire, avec du gel tardif tous les ans.\u00a0\u00bb<\/p>\n<p>J.J.<\/p>\n","protected":false},"excerpt":{"rendered":"<p>Dans un contexte pour le moins morose, les sapins de No\u00ebl ne connaissent pas la crise en 2022. Du moins [&hellip;]<\/p>\n","protected":false},"author":44,"featured_media":60693,"comment_status":"open","ping_status":"open","sticky":false,"template":"","format":"standard","meta":{"footnotes":""},"categories":[460,2915],"tags":[13398,3039,9833],"class_list":["post-60692","post","type-post","status-publish","format-standard","has-post-thumbnail","hentry","category-a-la-une","category-saint-die-son-canton","tag-michel-et-michelle-schwoob","tag-place-du-general-de-gaulle","tag-sapins-de-noel"],"acf":[],"yoast_head":"<!-- This site is optimized with the Yoast SEO plugin v22.5 - https:\/\/yoast.com\/wordpress\/plugins\/seo\/ -->\n<title>Les sapins de No\u00ebl ne connaissent pas la crise - Saint Die Info<\/title>\n<meta name=\"robots\" content=\"index, follow, max-snippet:-1, max-image-preview:large, max-video-preview:-1\" \/>\n<link rel=\"canonical\" href=\"https:\/\/vosgesinfo.fr\/saintdieinfo\/2022\/12\/sapins-de-noel-ne-connaissent-crise\/\" \/>\n<meta name=\"twitter:card\" content=\"summary_large_image\" \/>\n<meta name=\"twitter:title\" content=\"Les sapins de No\u00ebl ne connaissent pas la crise - Saint Die Info\" \/>\n<meta name=\"twitter:description\" content=\"Dans un contexte pour le moins morose, les sapins de No\u00ebl ne connaissent pas la crise en 2022. Du moins [&hellip;]\" \/>\n<meta name=\"twitter:image\" content=\"https:\/\/vosgesinfo.fr\/app\/uploads\/sites\/4\/2024\/08\/202212schwoob-sapins-de-noel-sddv-1.jpg\" \/>\n<meta name=\"twitter:creator\" content=\"@VosgesInfo88\" \/>\n<meta name=\"twitter:site\" content=\"@VosgesInfo88\" \/>\n<meta name=\"twitter:label1\" content=\"\u00c9crit par\" \/>\n\t<meta name=\"twitter:data1\" content=\"la r\u00e9daction\" \/>\n\t<meta name=\"twitter:label2\" content=\"Dur\u00e9e de lecture estim\u00e9e\" \/>\n\t<meta name=\"twitter:data2\" content=\"2 minutes\" \/>\n<script type=\"application\/ld+json\" class=\"yoast-schema-graph\">{\"@context\":\"https:\/\/schema.org\",\"@graph\":[{\"@type\":\"Article\",\"@id\":\"https:\/\/vosgesinfo.fr\/saintdieinfo\/2022\/12\/sapins-de-noel-ne-connaissent-crise\/#article\",\"isPartOf\":{\"@id\":\"https:\/\/vosgesinfo.fr\/saintdieinfo\/2022\/12\/sapins-de-noel-ne-connaissent-crise\/\"},\"author\":{\"name\":\"la r\u00e9daction\",\"@id\":\"https:\/\/vosgesinfo.fr\/saintdieinfo\/#\/schema\/person\/faee6704a21f3977511db84bd1cd450f\"},\"headline\":\"Les sapins de No\u00ebl ne connaissent pas la crise\",\"datePublished\":\"2022-12-09T18:32:13+00:00\",\"dateModified\":\"2022-12-09T18:32:13+00:00\",\"mainEntityOfPage\":{\"@id\":\"https:\/\/vosgesinfo.fr\/saintdieinfo\/2022\/12\/sapins-de-noel-ne-connaissent-crise\/\"},\"wordCount\":471,\"commentCount\":0,\"publisher\":{\"@id\":\"https:\/\/vosgesinfo.fr\/saintdieinfo\/#organization\"},\"image\":{\"@id\":\"https:\/\/vosgesinfo.fr\/saintdieinfo\/2022\/12\/sapins-de-noel-ne-connaissent-crise\/#primaryimage\"},\"thumbnailUrl\":\"https:\/\/vosgesinfo.fr\/app\/uploads\/sites\/4\/2024\/08\/202212schwoob-sapins-de-noel-sddv-1.jpg\",\"keywords\":[\"Michel et Michelle Schwoob\",\"Place du G\u00e9n\u00e9ral de Gaulle\",\"Sapins de No\u00ebl\"],\"articleSection\":[\"A la Une\",\"Saint-Di\u00e9-des-Vosges et son Agglom\u00e9ration\"],\"inLanguage\":\"fr-FR\",\"potentialAction\":[{\"@type\":\"CommentAction\",\"name\":\"Comment\",\"target\":[\"https:\/\/vosgesinfo.fr\/saintdieinfo\/2022\/12\/sapins-de-noel-ne-connaissent-crise\/#respond\"]}]},{\"@type\":\"WebPage\",\"@id\":\"https:\/\/vosgesinfo.fr\/saintdieinfo\/2022\/12\/sapins-de-noel-ne-connaissent-crise\/\",\"url\":\"https:\/\/vosgesinfo.fr\/saintdieinfo\/2022\/12\/sapins-de-noel-ne-connaissent-crise\/\",\"name\":\"Les sapins de No\u00ebl ne connaissent pas la crise - Saint Die Info\",\"isPartOf\":{\"@id\":\"https:\/\/vosgesinfo.fr\/saintdieinfo\/#website\"},\"primaryImageOfPage\":{\"@id\":\"https:\/\/vosgesinfo.fr\/saintdieinfo\/2022\/12\/sapins-de-noel-ne-connaissent-crise\/#primaryimage\"},\"image\":{\"@id\":\"https:\/\/vosgesinfo.fr\/saintdieinfo\/2022\/12\/sapins-de-noel-ne-connaissent-crise\/#primaryimage\"},\"thumbnailUrl\":\"https:\/\/vosgesinfo.fr\/app\/uploads\/sites\/4\/2024\/08\/202212schwoob-sapins-de-noel-sddv-1.jpg\",\"datePublished\":\"2022-12-09T18:32:13+00:00\",\"dateModified\":\"2022-12-09T18:32:13+00:00\",\"breadcrumb\":{\"@id\":\"https:\/\/vosgesinfo.fr\/saintdieinfo\/2022\/12\/sapins-de-noel-ne-connaissent-crise\/#breadcrumb\"},\"inLanguage\":\"fr-FR\",\"potentialAction\":[{\"@type\":\"ReadAction\",\"target\":[\"https:\/\/vosgesinfo.fr\/saintdieinfo\/2022\/12\/sapins-de-noel-ne-connaissent-crise\/\"]}]},{\"@type\":\"ImageObject\",\"inLanguage\":\"fr-FR\",\"@id\":\"https:\/\/vosgesinfo.fr\/saintdieinfo\/2022\/12\/sapins-de-noel-ne-connaissent-crise\/#primaryimage\",\"url\":\"https:\/\/vosgesinfo.fr\/app\/uploads\/sites\/4\/2024\/08\/202212schwoob-sapins-de-noel-sddv-1.jpg\",\"contentUrl\":\"https:\/\/vosgesinfo.fr\/app\/uploads\/sites\/4\/2024\/08\/202212schwoob-sapins-de-noel-sddv-1.jpg\",\"width\":1600,\"height\":1205},{\"@type\":\"BreadcrumbList\",\"@id\":\"https:\/\/vosgesinfo.fr\/saintdieinfo\/2022\/12\/sapins-de-noel-ne-connaissent-crise\/#breadcrumb\",\"itemListElement\":[{\"@type\":\"ListItem\",\"position\":1,\"name\":\"Home\",\"item\":\"https:\/\/vosgesinfo.fr\/saintdieinfo\/\"},{\"@type\":\"ListItem\",\"position\":2,\"name\":\"Les sapins de No\u00ebl ne connaissent pas la crise\"}]},{\"@type\":\"WebSite\",\"@id\":\"https:\/\/vosgesinfo.fr\/saintdieinfo\/#website\",\"url\":\"https:\/\/vosgesinfo.fr\/saintdieinfo\/\",\"name\":\"Saint Die Info\",\"description\":\"Toute l&#039;actualit\u00e9 de Saint-Di\u00e9-Des-Vosges\",\"publisher\":{\"@id\":\"https:\/\/vosgesinfo.fr\/saintdieinfo\/#organization\"},\"alternateName\":\"Toute l'actualit\u00e9 de Saint-Di\u00e9-Des-Vosges\",\"potentialAction\":[{\"@type\":\"SearchAction\",\"target\":{\"@type\":\"EntryPoint\",\"urlTemplate\":\"https:\/\/vosgesinfo.fr\/saintdieinfo\/?s={search_term_string}\"},\"query-input\":\"required name=search_term_string\"}],\"inLanguage\":\"fr-FR\"},{\"@type\":\"Organization\",\"@id\":\"https:\/\/vosgesinfo.fr\/saintdieinfo\/#organization\",\"name\":\"Saint Die Info\",\"url\":\"https:\/\/vosgesinfo.fr\/saintdieinfo\/\",\"logo\":{\"@type\":\"ImageObject\",\"inLanguage\":\"fr-FR\",\"@id\":\"https:\/\/vosgesinfo.fr\/saintdieinfo\/#\/schema\/logo\/image\/\",\"url\":\"https:\/\/vosgesinfo.fr\/app\/uploads\/sites\/4\/2024\/02\/logo-sdi.jpg\",\"contentUrl\":\"https:\/\/vosgesinfo.fr\/app\/uploads\/sites\/4\/2024\/02\/logo-sdi.jpg\",\"width\":600,\"height\":600,\"caption\":\"Saint Die Info\"},\"image\":{\"@id\":\"https:\/\/vosgesinfo.fr\/saintdieinfo\/#\/schema\/logo\/image\/\"},\"sameAs\":[\"https:\/\/www.facebook.com\/Saintdieinfofr\",\"https:\/\/x.com\/VosgesInfo88\",\"https:\/\/www.youtube.com\/@vosgesinfo\"]},{\"@type\":\"Person\",\"@id\":\"https:\/\/vosgesinfo.fr\/saintdieinfo\/#\/schema\/person\/faee6704a21f3977511db84bd1cd450f\",\"name\":\"la r\u00e9daction\",\"image\":{\"@type\":\"ImageObject\",\"inLanguage\":\"fr-FR\",\"@id\":\"https:\/\/vosgesinfo.fr\/saintdieinfo\/#\/schema\/person\/image\/\",\"url\":\"https:\/\/secure.gravatar.com\/avatar\/6673d8bc6a9c17fa9a453eaa3448de834fa308c2ec9635b7aa99441a7c8d2cf6?s=96&d=mm&r=g\",\"contentUrl\":\"https:\/\/secure.gravatar.com\/avatar\/6673d8bc6a9c17fa9a453eaa3448de834fa308c2ec9635b7aa99441a7c8d2cf6?s=96&d=mm&r=g\",\"caption\":\"la r\u00e9daction\"},\"url\":\"https:\/\/vosgesinfo.fr\/saintdieinfo\/author\/redac\/\"}]}<\/script>\n<!-- \/ Yoast SEO plugin. -->","yoast_head_json":{"title":"Les sapins de No\u00ebl ne connaissent pas la crise - Saint Die Info","robots":{"index":"index","follow":"follow","max-snippet":"max-snippet:-1","max-image-preview":"max-image-preview:large","max-video-preview":"max-video-preview:-1"},"canonical":"https:\/\/vosgesinfo.fr\/saintdieinfo\/2022\/12\/sapins-de-noel-ne-connaissent-crise\/","twitter_card":"summary_large_image","twitter_title":"Les sapins de No\u00ebl ne connaissent pas la crise - Saint Die Info","twitter_description":"Dans un contexte pour le moins morose, les sapins de No\u00ebl ne connaissent pas la crise en 2022. Du moins [&hellip;]","twitter_image":"https:\/\/vosgesinfo.fr\/app\/uploads\/sites\/4\/2024\/08\/202212schwoob-sapins-de-noel-sddv-1.jpg","twitter_creator":"@VosgesInfo88","twitter_site":"@VosgesInfo88","twitter_misc":{"\u00c9crit par":"la r\u00e9daction","Dur\u00e9e de lecture estim\u00e9e":"2 minutes"},"schema":{"@context":"https:\/\/schema.org","@graph":[{"@type":"Article","@id":"https:\/\/vosgesinfo.fr\/saintdieinfo\/2022\/12\/sapins-de-noel-ne-connaissent-crise\/#article","isPartOf":{"@id":"https:\/\/vosgesinfo.fr\/saintdieinfo\/2022\/12\/sapins-de-noel-ne-connaissent-crise\/"},"author":{"name":"la r\u00e9daction","@id":"https:\/\/vosgesinfo.fr\/saintdieinfo\/#\/schema\/person\/faee6704a21f3977511db84bd1cd450f"},"headline":"Les sapins de No\u00ebl ne connaissent pas la crise","datePublished":"2022-12-09T18:32:13+00:00","dateModified":"2022-12-09T18:32:13+00:00","mainEntityOfPage":{"@id":"https:\/\/vosgesinfo.fr\/saintdieinfo\/2022\/12\/sapins-de-noel-ne-connaissent-crise\/"},"wordCount":471,"commentCount":0,"publisher":{"@id":"https:\/\/vosgesinfo.fr\/saintdieinfo\/#organization"},"image":{"@id":"https:\/\/vosgesinfo.fr\/saintdieinfo\/2022\/12\/sapins-de-noel-ne-connaissent-crise\/#primaryimage"},"thumbnailUrl":"https:\/\/vosgesinfo.fr\/app\/uploads\/sites\/4\/2024\/08\/202212schwoob-sapins-de-noel-sddv-1.jpg","keywords":["Michel et Michelle Schwoob","Place du G\u00e9n\u00e9ral de Gaulle","Sapins de No\u00ebl"],"articleSection":["A la Une","Saint-Di\u00e9-des-Vosges et son Agglom\u00e9ration"],"inLanguage":"fr-FR","potentialAction":[{"@type":"CommentAction","name":"Comment","target":["https:\/\/vosgesinfo.fr\/saintdieinfo\/2022\/12\/sapins-de-noel-ne-connaissent-crise\/#respond"]}]},{"@type":"WebPage","@id":"https:\/\/vosgesinfo.fr\/saintdieinfo\/2022\/12\/sapins-de-noel-ne-connaissent-crise\/","url":"https:\/\/vosgesinfo.fr\/saintdieinfo\/2022\/12\/sapins-de-noel-ne-connaissent-crise\/","name":"Les sapins de No\u00ebl ne connaissent pas la crise - Saint Die Info","isPartOf":{"@id":"https:\/\/vosgesinfo.fr\/saintdieinfo\/#website"},"primaryImageOfPage":{"@id":"https:\/\/vosgesinfo.fr\/saintdieinfo\/2022\/12\/sapins-de-noel-ne-connaissent-crise\/#primaryimage"},"image":{"@id":"https:\/\/vosgesinfo.fr\/saintdieinfo\/2022\/12\/sapins-de-noel-ne-connaissent-crise\/#primaryimage"},"thumbnailUrl":"https:\/\/vosgesinfo.fr\/app\/uploads\/sites\/4\/2024\/08\/202212schwoob-sapins-de-noel-sddv-1.jpg","datePublished":"2022-12-09T18:32:13+00:00","dateModified":"2022-12-09T18:32:13+00:00","breadcrumb":{"@id":"https:\/\/vosgesinfo.fr\/saintdieinfo\/2022\/12\/sapins-de-noel-ne-connaissent-crise\/#breadcrumb"},"inLanguage":"fr-FR","potentialAction":[{"@type":"ReadAction","target":["https:\/\/vosgesinfo.fr\/saintdieinfo\/2022\/12\/sapins-de-noel-ne-connaissent-crise\/"]}]},{"@type":"ImageObject","inLanguage":"fr-FR","@id":"https:\/\/vosgesinfo.fr\/saintdieinfo\/2022\/12\/sapins-de-noel-ne-connaissent-crise\/#primaryimage","url":"https:\/\/vosgesinfo.fr\/app\/uploads\/sites\/4\/2024\/08\/202212schwoob-sapins-de-noel-sddv-1.jpg","contentUrl":"https:\/\/vosgesinfo.fr\/app\/uploads\/sites\/4\/2024\/08\/202212schwoob-sapins-de-noel-sddv-1.jpg","width":1600,"height":1205},{"@type":"BreadcrumbList","@id":"https:\/\/vosgesinfo.fr\/saintdieinfo\/2022\/12\/sapins-de-noel-ne-connaissent-crise\/#breadcrumb","itemListElement":[{"@type":"ListItem","position":1,"name":"Home","item":"https:\/\/vosgesinfo.fr\/saintdieinfo\/"},{"@type":"ListItem","position":2,"name":"Les sapins de No\u00ebl ne connaissent pas la crise"}]},{"@type":"WebSite","@id":"https:\/\/vosgesinfo.fr\/saintdieinfo\/#website","url":"https:\/\/vosgesinfo.fr\/saintdieinfo\/","name":"Saint Die Info","description":"Toute l&#039;actualit\u00e9 de Saint-Di\u00e9-Des-Vosges","publisher":{"@id":"https:\/\/vosgesinfo.fr\/saintdieinfo\/#organization"},"alternateName":"Toute l'actualit\u00e9 de Saint-Di\u00e9-Des-Vosges","potentialAction":[{"@type":"SearchAction","target":{"@type":"EntryPoint","urlTemplate":"https:\/\/vosgesinfo.fr\/saintdieinfo\/?s={search_term_string}"},"query-input":"required name=search_term_string"}],"inLanguage":"fr-FR"},{"@type":"Organization","@id":"https:\/\/vosgesinfo.fr\/saintdieinfo\/#organization","name":"Saint Die Info","url":"https:\/\/vosgesinfo.fr\/saintdieinfo\/","logo":{"@type":"ImageObject","inLanguage":"fr-FR","@id":"https:\/\/vosgesinfo.fr\/saintdieinfo\/#\/schema\/logo\/image\/","url":"https:\/\/vosgesinfo.fr\/app\/uploads\/sites\/4\/2024\/02\/logo-sdi.jpg","contentUrl":"https:\/\/vosgesinfo.fr\/app\/uploads\/sites\/4\/2024\/02\/logo-sdi.jpg","width":600,"height":600,"caption":"Saint Die Info"},"image":{"@id":"https:\/\/vosgesinfo.fr\/saintdieinfo\/#\/schema\/logo\/image\/"},"sameAs":["https:\/\/www.facebook.com\/Saintdieinfofr","https:\/\/x.com\/VosgesInfo88","https:\/\/www.youtube.com\/@vosgesinfo"]},{"@type":"Person","@id":"https:\/\/vosgesinfo.fr\/saintdieinfo\/#\/schema\/person\/faee6704a21f3977511db84bd1cd450f","name":"la r\u00e9daction","image":{"@type":"ImageObject","inLanguage":"fr-FR","@id":"https:\/\/vosgesinfo.fr\/saintdieinfo\/#\/schema\/person\/image\/","url":"https:\/\/secure.gravatar.com\/avatar\/6673d8bc6a9c17fa9a453eaa3448de834fa308c2ec9635b7aa99441a7c8d2cf6?s=96&d=mm&r=g","contentUrl":"https:\/\/secure.gravatar.com\/avatar\/6673d8bc6a9c17fa9a453eaa3448de834fa308c2ec9635b7aa99441a7c8d2cf6?s=96&d=mm&r=g","caption":"la r\u00e9daction"},"url":"https:\/\/vosgesinfo.fr\/saintdieinfo\/author\/redac\/"}]}},"_links":{"self":[{"href":"https:\/\/vosgesinfo.fr\/saintdieinfo\/wp-json\/wp\/v2\/posts\/60692","targetHints":{"allow":["GET"]}}],"collection":[{"href":"https:\/\/vosgesinfo.fr\/saintdieinfo\/wp-json\/wp\/v2\/posts"}],"about":[{"href":"https:\/\/vosgesinfo.fr\/saintdieinfo\/wp-json\/wp\/v2\/types\/post"}],"author":[{"embeddable":true,"href":"https:\/\/vosgesinfo.fr\/saintdieinfo\/wp-json\/wp\/v2\/users\/44"}],"replies":[{"embeddable":true,"href":"https:\/\/vosgesinfo.fr\/saintdieinfo\/wp-json\/wp\/v2\/comments?post=60692"}],"version-history":[{"count":0,"href":"https:\/\/vosgesinfo.fr\/saintdieinfo\/wp-json\/wp\/v2\/posts\/60692\/revisions"}],"wp:featuredmedia":[{"embeddable":true,"href":"https:\/\/vosgesinfo.fr\/saintdieinfo\/wp-json\/wp\/v2\/media\/60693"}],"wp:attachment":[{"href":"https:\/\/vosgesinfo.fr\/saintdieinfo\/wp-json\/wp\/v2\/media?parent=60692"}],"wp:term":[{"taxonomy":"category","embeddable":true,"href":"https:\/\/vosgesinfo.fr\/saintdieinfo\/wp-json\/wp\/v2\/categories?post=60692"},{"taxonomy":"post_tag","embeddable":true,"href":"https:\/\/vosgesinfo.fr\/saintdieinfo\/wp-json\/wp\/v2\/tags?post=60692"}],"curies":[{"name":"wp","href":"https:\/\/api.w.org\/{rel}","templated":true}]}}