{"id":60702,"date":"2022-12-10T09:08:25","date_gmt":"2022-12-10T08:08:25","guid":{"rendered":"https:\/\/vosgesinfo.fr\/saintdieinfo\/2022\/12\/vosges-147-vehicules-controles-lors-dune-operation-forces-de-lordre\/"},"modified":"2022-12-10T09:08:25","modified_gmt":"2022-12-10T08:08:25","slug":"vosges-147-vehicules-controles-lors-dune-operation-forces-de-lordre","status":"publish","type":"post","link":"https:\/\/vosgesinfo.fr\/saintdieinfo\/2022\/12\/vosges-147-vehicules-controles-lors-dune-operation-forces-de-lordre\/","title":{"rendered":"Vosges \u2013 147 v\u00e9hicules contr\u00f4l\u00e9s lors d&rsquo;une op\u00e9ration des forces de l&rsquo;ordre"},"content":{"rendered":"<div class=\"x11i5rnm xat24cr x1mh8g0r x1vvkbs xdj266r x126k92a\">\n<div dir=\"auto\">\n<div id=\"attachment_194109\" style=\"width: 970px\" class=\"wp-caption aligncenter\"><a href=\"\/2022\/12\/319090876_465346589077752_7442670145403722946_n.jpg\" target=\"_blank\" rel=\"noopener\"><img decoding=\"async\" aria-describedby=\"caption-attachment-194109\" class=\"wp-image-194109 size-large\" src=\"\/2022\/12\/319090876_465346589077752_7442670145403722946_n-1024x768.jpg\" alt=\"319090876_465346589077752_7442670145403722946_n\" width=\"960\" height=\"720\" \/><\/a><p id=\"caption-attachment-194109\" class=\"wp-caption-text\">(Photographies Pr\u00e9fecture des Vosges)<\/p><\/div>\n<\/div>\n<h2 dir=\"auto\"><strong><span style=\"font-size: 14pt;\">Une op\u00e9ration zonale de sensibilisation au respect de la r\u00e9glementation europ\u00e9enne et au code la route ciblant la cat\u00e9gorie des v\u00e9hicules utilitaires l\u00e9gers (VUL) a \u00e9t\u00e9 men\u00e9e pour l\u2019ensemble de la journ\u00e9e du jeudi 8 d\u00e9cembre. Dans le d\u00e9partement des Vosges, 147 V\u00e9hicule ont ainsi \u00e9t\u00e9 contr\u00f4l\u00e9s et 10 infractions ont \u00e9t\u00e9 commises. 46 effectifs des forces de l&rsquo;ordre \u00e9taient mobilis\u00e9s tout au long de l&rsquo;op\u00e9ration, policiers et gendarmes.<\/span><\/strong><\/h2>\n<\/div>\n<p>&nbsp;<\/p>\n","protected":false},"excerpt":{"rendered":"<p>Une op\u00e9ration zonale de sensibilisation au respect de la r\u00e9glementation europ\u00e9enne et au code la route ciblant la cat\u00e9gorie des [&hellip;]<\/p>\n","protected":false},"author":44,"featured_media":60703,"comment_status":"open","ping_status":"open","sticky":false,"template":"","format":"standard","meta":{"footnotes":""},"categories":[460,18],"tags":[1393,13399,4860],"class_list":["post-60702","post","type-post","status-publish","format-standard","has-post-thumbnail","hentry","category-a-la-une","category-vosges","tag-gendarmerie-des-vosges","tag-operation-zonale-de-sensibilisation-au-respect-de-la-reglementation-europeenne-et-au-code-la-route-ciblant-la-categorie-des-vehicules-utilitaires-legers","tag-police-nationale"],"acf":[],"yoast_head":"<!-- This site is optimized with the Yoast SEO plugin v22.5 - https:\/\/yoast.com\/wordpress\/plugins\/seo\/ -->\n<title>Vosges \u2013 147 v\u00e9hicules contr\u00f4l\u00e9s lors d&#039;une op\u00e9ration des forces de l&#039;ordre - Saint Die Info<\/title>\n<meta name=\"robots\" content=\"index, follow, max-snippet:-1, max-image-preview:large, max-video-preview:-1\" \/>\n<link rel=\"canonical\" href=\"https:\/\/vosgesinfo.fr\/saintdieinfo\/2022\/12\/vosges-147-vehicules-controles-lors-dune-operation-forces-de-lordre\/\" \/>\n<meta name=\"twitter:card\" content=\"summary_large_image\" \/>\n<meta name=\"twitter:title\" content=\"Vosges \u2013 147 v\u00e9hicules contr\u00f4l\u00e9s lors d&#039;une op\u00e9ration des forces de l&#039;ordre - Saint Die Info\" \/>\n<meta name=\"twitter:description\" content=\"Une op\u00e9ration zonale de sensibilisation au respect de la r\u00e9glementation europ\u00e9enne et au code la route ciblant la cat\u00e9gorie des [&hellip;]\" \/>\n<meta name=\"twitter:image\" content=\"https:\/\/vosgesinfo.fr\/app\/uploads\/sites\/4\/2024\/08\/202212319090876-465346589077752-7442670145403722946-n.jpg\" \/>\n<meta name=\"twitter:creator\" content=\"@VosgesInfo88\" \/>\n<meta name=\"twitter:site\" content=\"@VosgesInfo88\" \/>\n<meta name=\"twitter:label1\" content=\"\u00c9crit par\" \/>\n\t<meta name=\"twitter:data1\" content=\"la r\u00e9daction\" \/>\n<script type=\"application\/ld+json\" class=\"yoast-schema-graph\">{\"@context\":\"https:\/\/schema.org\",\"@graph\":[{\"@type\":\"Article\",\"@id\":\"https:\/\/vosgesinfo.fr\/saintdieinfo\/2022\/12\/vosges-147-vehicules-controles-lors-dune-operation-forces-de-lordre\/#article\",\"isPartOf\":{\"@id\":\"https:\/\/vosgesinfo.fr\/saintdieinfo\/2022\/12\/vosges-147-vehicules-controles-lors-dune-operation-forces-de-lordre\/\"},\"author\":{\"name\":\"la r\u00e9daction\",\"@id\":\"https:\/\/vosgesinfo.fr\/saintdieinfo\/#\/schema\/person\/faee6704a21f3977511db84bd1cd450f\"},\"headline\":\"Vosges \u2013 147 v\u00e9hicules contr\u00f4l\u00e9s lors d&rsquo;une op\u00e9ration des forces de l&rsquo;ordre\",\"datePublished\":\"2022-12-10T08:08:25+00:00\",\"dateModified\":\"2022-12-10T08:08:25+00:00\",\"mainEntityOfPage\":{\"@id\":\"https:\/\/vosgesinfo.fr\/saintdieinfo\/2022\/12\/vosges-147-vehicules-controles-lors-dune-operation-forces-de-lordre\/\"},\"wordCount\":112,\"commentCount\":0,\"publisher\":{\"@id\":\"https:\/\/vosgesinfo.fr\/saintdieinfo\/#organization\"},\"image\":{\"@id\":\"https:\/\/vosgesinfo.fr\/saintdieinfo\/2022\/12\/vosges-147-vehicules-controles-lors-dune-operation-forces-de-lordre\/#primaryimage\"},\"thumbnailUrl\":\"https:\/\/vosgesinfo.fr\/app\/uploads\/sites\/4\/2024\/08\/202212319090876-465346589077752-7442670145403722946-n.jpg\",\"keywords\":[\"gendarmerie des Vosges\",\"Op\u00e9ration zonale de sensibilisation au respect de la r\u00e9glementation europ\u00e9enne et au code la route ciblant la cat\u00e9gorie des v\u00e9hicules utilitaires l\u00e9gers\",\"Police Nationale\"],\"articleSection\":[\"A la Une\",\"Vosges\"],\"inLanguage\":\"fr-FR\",\"potentialAction\":[{\"@type\":\"CommentAction\",\"name\":\"Comment\",\"target\":[\"https:\/\/vosgesinfo.fr\/saintdieinfo\/2022\/12\/vosges-147-vehicules-controles-lors-dune-operation-forces-de-lordre\/#respond\"]}]},{\"@type\":\"WebPage\",\"@id\":\"https:\/\/vosgesinfo.fr\/saintdieinfo\/2022\/12\/vosges-147-vehicules-controles-lors-dune-operation-forces-de-lordre\/\",\"url\":\"https:\/\/vosgesinfo.fr\/saintdieinfo\/2022\/12\/vosges-147-vehicules-controles-lors-dune-operation-forces-de-lordre\/\",\"name\":\"Vosges \u2013 147 v\u00e9hicules contr\u00f4l\u00e9s lors d'une op\u00e9ration des forces de l'ordre - Saint Die Info\",\"isPartOf\":{\"@id\":\"https:\/\/vosgesinfo.fr\/saintdieinfo\/#website\"},\"primaryImageOfPage\":{\"@id\":\"https:\/\/vosgesinfo.fr\/saintdieinfo\/2022\/12\/vosges-147-vehicules-controles-lors-dune-operation-forces-de-lordre\/#primaryimage\"},\"image\":{\"@id\":\"https:\/\/vosgesinfo.fr\/saintdieinfo\/2022\/12\/vosges-147-vehicules-controles-lors-dune-operation-forces-de-lordre\/#primaryimage\"},\"thumbnailUrl\":\"https:\/\/vosgesinfo.fr\/app\/uploads\/sites\/4\/2024\/08\/202212319090876-465346589077752-7442670145403722946-n.jpg\",\"datePublished\":\"2022-12-10T08:08:25+00:00\",\"dateModified\":\"2022-12-10T08:08:25+00:00\",\"breadcrumb\":{\"@id\":\"https:\/\/vosgesinfo.fr\/saintdieinfo\/2022\/12\/vosges-147-vehicules-controles-lors-dune-operation-forces-de-lordre\/#breadcrumb\"},\"inLanguage\":\"fr-FR\",\"potentialAction\":[{\"@type\":\"ReadAction\",\"target\":[\"https:\/\/vosgesinfo.fr\/saintdieinfo\/2022\/12\/vosges-147-vehicules-controles-lors-dune-operation-forces-de-lordre\/\"]}]},{\"@type\":\"ImageObject\",\"inLanguage\":\"fr-FR\",\"@id\":\"https:\/\/vosgesinfo.fr\/saintdieinfo\/2022\/12\/vosges-147-vehicules-controles-lors-dune-operation-forces-de-lordre\/#primaryimage\",\"url\":\"https:\/\/vosgesinfo.fr\/app\/uploads\/sites\/4\/2024\/08\/202212319090876-465346589077752-7442670145403722946-n.jpg\",\"contentUrl\":\"https:\/\/vosgesinfo.fr\/app\/uploads\/sites\/4\/2024\/08\/202212319090876-465346589077752-7442670145403722946-n.jpg\",\"width\":2048,\"height\":1536},{\"@type\":\"BreadcrumbList\",\"@id\":\"https:\/\/vosgesinfo.fr\/saintdieinfo\/2022\/12\/vosges-147-vehicules-controles-lors-dune-operation-forces-de-lordre\/#breadcrumb\",\"itemListElement\":[{\"@type\":\"ListItem\",\"position\":1,\"name\":\"Home\",\"item\":\"https:\/\/vosgesinfo.fr\/saintdieinfo\/\"},{\"@type\":\"ListItem\",\"position\":2,\"name\":\"Vosges \u2013 147 v\u00e9hicules contr\u00f4l\u00e9s lors d&rsquo;une op\u00e9ration des forces de l&rsquo;ordre\"}]},{\"@type\":\"WebSite\",\"@id\":\"https:\/\/vosgesinfo.fr\/saintdieinfo\/#website\",\"url\":\"https:\/\/vosgesinfo.fr\/saintdieinfo\/\",\"name\":\"Saint Die Info\",\"description\":\"Toute l&#039;actualit\u00e9 de Saint-Di\u00e9-Des-Vosges\",\"publisher\":{\"@id\":\"https:\/\/vosgesinfo.fr\/saintdieinfo\/#organization\"},\"alternateName\":\"Toute l'actualit\u00e9 de Saint-Di\u00e9-Des-Vosges\",\"potentialAction\":[{\"@type\":\"SearchAction\",\"target\":{\"@type\":\"EntryPoint\",\"urlTemplate\":\"https:\/\/vosgesinfo.fr\/saintdieinfo\/?s={search_term_string}\"},\"query-input\":\"required name=search_term_string\"}],\"inLanguage\":\"fr-FR\"},{\"@type\":\"Organization\",\"@id\":\"https:\/\/vosgesinfo.fr\/saintdieinfo\/#organization\",\"name\":\"Saint Die Info\",\"url\":\"https:\/\/vosgesinfo.fr\/saintdieinfo\/\",\"logo\":{\"@type\":\"ImageObject\",\"inLanguage\":\"fr-FR\",\"@id\":\"https:\/\/vosgesinfo.fr\/saintdieinfo\/#\/schema\/logo\/image\/\",\"url\":\"https:\/\/vosgesinfo.fr\/app\/uploads\/sites\/4\/2024\/02\/logo-sdi.jpg\",\"contentUrl\":\"https:\/\/vosgesinfo.fr\/app\/uploads\/sites\/4\/2024\/02\/logo-sdi.jpg\",\"width\":600,\"height\":600,\"caption\":\"Saint Die Info\"},\"image\":{\"@id\":\"https:\/\/vosgesinfo.fr\/saintdieinfo\/#\/schema\/logo\/image\/\"},\"sameAs\":[\"https:\/\/www.facebook.com\/Saintdieinfofr\",\"https:\/\/x.com\/VosgesInfo88\",\"https:\/\/www.youtube.com\/@vosgesinfo\"]},{\"@type\":\"Person\",\"@id\":\"https:\/\/vosgesinfo.fr\/saintdieinfo\/#\/schema\/person\/faee6704a21f3977511db84bd1cd450f\",\"name\":\"la r\u00e9daction\",\"image\":{\"@type\":\"ImageObject\",\"inLanguage\":\"fr-FR\",\"@id\":\"https:\/\/vosgesinfo.fr\/saintdieinfo\/#\/schema\/person\/image\/\",\"url\":\"https:\/\/secure.gravatar.com\/avatar\/6673d8bc6a9c17fa9a453eaa3448de834fa308c2ec9635b7aa99441a7c8d2cf6?s=96&d=mm&r=g\",\"contentUrl\":\"https:\/\/secure.gravatar.com\/avatar\/6673d8bc6a9c17fa9a453eaa3448de834fa308c2ec9635b7aa99441a7c8d2cf6?s=96&d=mm&r=g\",\"caption\":\"la r\u00e9daction\"},\"url\":\"https:\/\/vosgesinfo.fr\/saintdieinfo\/author\/redac\/\"}]}<\/script>\n<!-- \/ Yoast SEO plugin. -->","yoast_head_json":{"title":"Vosges \u2013 147 v\u00e9hicules contr\u00f4l\u00e9s lors d'une op\u00e9ration des forces de l'ordre - Saint Die Info","robots":{"index":"index","follow":"follow","max-snippet":"max-snippet:-1","max-image-preview":"max-image-preview:large","max-video-preview":"max-video-preview:-1"},"canonical":"https:\/\/vosgesinfo.fr\/saintdieinfo\/2022\/12\/vosges-147-vehicules-controles-lors-dune-operation-forces-de-lordre\/","twitter_card":"summary_large_image","twitter_title":"Vosges \u2013 147 v\u00e9hicules contr\u00f4l\u00e9s lors d'une op\u00e9ration des forces de l'ordre - Saint Die Info","twitter_description":"Une op\u00e9ration zonale de sensibilisation au respect de la r\u00e9glementation europ\u00e9enne et au code la route ciblant la cat\u00e9gorie des [&hellip;]","twitter_image":"https:\/\/vosgesinfo.fr\/app\/uploads\/sites\/4\/2024\/08\/202212319090876-465346589077752-7442670145403722946-n.jpg","twitter_creator":"@VosgesInfo88","twitter_site":"@VosgesInfo88","twitter_misc":{"\u00c9crit par":"la r\u00e9daction"},"schema":{"@context":"https:\/\/schema.org","@graph":[{"@type":"Article","@id":"https:\/\/vosgesinfo.fr\/saintdieinfo\/2022\/12\/vosges-147-vehicules-controles-lors-dune-operation-forces-de-lordre\/#article","isPartOf":{"@id":"https:\/\/vosgesinfo.fr\/saintdieinfo\/2022\/12\/vosges-147-vehicules-controles-lors-dune-operation-forces-de-lordre\/"},"author":{"name":"la r\u00e9daction","@id":"https:\/\/vosgesinfo.fr\/saintdieinfo\/#\/schema\/person\/faee6704a21f3977511db84bd1cd450f"},"headline":"Vosges \u2013 147 v\u00e9hicules contr\u00f4l\u00e9s lors d&rsquo;une op\u00e9ration des forces de l&rsquo;ordre","datePublished":"2022-12-10T08:08:25+00:00","dateModified":"2022-12-10T08:08:25+00:00","mainEntityOfPage":{"@id":"https:\/\/vosgesinfo.fr\/saintdieinfo\/2022\/12\/vosges-147-vehicules-controles-lors-dune-operation-forces-de-lordre\/"},"wordCount":112,"commentCount":0,"publisher":{"@id":"https:\/\/vosgesinfo.fr\/saintdieinfo\/#organization"},"image":{"@id":"https:\/\/vosgesinfo.fr\/saintdieinfo\/2022\/12\/vosges-147-vehicules-controles-lors-dune-operation-forces-de-lordre\/#primaryimage"},"thumbnailUrl":"https:\/\/vosgesinfo.fr\/app\/uploads\/sites\/4\/2024\/08\/202212319090876-465346589077752-7442670145403722946-n.jpg","keywords":["gendarmerie des Vosges","Op\u00e9ration zonale de sensibilisation au respect de la r\u00e9glementation europ\u00e9enne et au code la route ciblant la cat\u00e9gorie des v\u00e9hicules utilitaires l\u00e9gers","Police Nationale"],"articleSection":["A la Une","Vosges"],"inLanguage":"fr-FR","potentialAction":[{"@type":"CommentAction","name":"Comment","target":["https:\/\/vosgesinfo.fr\/saintdieinfo\/2022\/12\/vosges-147-vehicules-controles-lors-dune-operation-forces-de-lordre\/#respond"]}]},{"@type":"WebPage","@id":"https:\/\/vosgesinfo.fr\/saintdieinfo\/2022\/12\/vosges-147-vehicules-controles-lors-dune-operation-forces-de-lordre\/","url":"https:\/\/vosgesinfo.fr\/saintdieinfo\/2022\/12\/vosges-147-vehicules-controles-lors-dune-operation-forces-de-lordre\/","name":"Vosges \u2013 147 v\u00e9hicules contr\u00f4l\u00e9s lors d'une op\u00e9ration des forces de l'ordre - Saint Die Info","isPartOf":{"@id":"https:\/\/vosgesinfo.fr\/saintdieinfo\/#website"},"primaryImageOfPage":{"@id":"https:\/\/vosgesinfo.fr\/saintdieinfo\/2022\/12\/vosges-147-vehicules-controles-lors-dune-operation-forces-de-lordre\/#primaryimage"},"image":{"@id":"https:\/\/vosgesinfo.fr\/saintdieinfo\/2022\/12\/vosges-147-vehicules-controles-lors-dune-operation-forces-de-lordre\/#primaryimage"},"thumbnailUrl":"https:\/\/vosgesinfo.fr\/app\/uploads\/sites\/4\/2024\/08\/202212319090876-465346589077752-7442670145403722946-n.jpg","datePublished":"2022-12-10T08:08:25+00:00","dateModified":"2022-12-10T08:08:25+00:00","breadcrumb":{"@id":"https:\/\/vosgesinfo.fr\/saintdieinfo\/2022\/12\/vosges-147-vehicules-controles-lors-dune-operation-forces-de-lordre\/#breadcrumb"},"inLanguage":"fr-FR","potentialAction":[{"@type":"ReadAction","target":["https:\/\/vosgesinfo.fr\/saintdieinfo\/2022\/12\/vosges-147-vehicules-controles-lors-dune-operation-forces-de-lordre\/"]}]},{"@type":"ImageObject","inLanguage":"fr-FR","@id":"https:\/\/vosgesinfo.fr\/saintdieinfo\/2022\/12\/vosges-147-vehicules-controles-lors-dune-operation-forces-de-lordre\/#primaryimage","url":"https:\/\/vosgesinfo.fr\/app\/uploads\/sites\/4\/2024\/08\/202212319090876-465346589077752-7442670145403722946-n.jpg","contentUrl":"https:\/\/vosgesinfo.fr\/app\/uploads\/sites\/4\/2024\/08\/202212319090876-465346589077752-7442670145403722946-n.jpg","width":2048,"height":1536},{"@type":"BreadcrumbList","@id":"https:\/\/vosgesinfo.fr\/saintdieinfo\/2022\/12\/vosges-147-vehicules-controles-lors-dune-operation-forces-de-lordre\/#breadcrumb","itemListElement":[{"@type":"ListItem","position":1,"name":"Home","item":"https:\/\/vosgesinfo.fr\/saintdieinfo\/"},{"@type":"ListItem","position":2,"name":"Vosges \u2013 147 v\u00e9hicules contr\u00f4l\u00e9s lors d&rsquo;une op\u00e9ration des forces de l&rsquo;ordre"}]},{"@type":"WebSite","@id":"https:\/\/vosgesinfo.fr\/saintdieinfo\/#website","url":"https:\/\/vosgesinfo.fr\/saintdieinfo\/","name":"Saint Die Info","description":"Toute l&#039;actualit\u00e9 de Saint-Di\u00e9-Des-Vosges","publisher":{"@id":"https:\/\/vosgesinfo.fr\/saintdieinfo\/#organization"},"alternateName":"Toute l'actualit\u00e9 de Saint-Di\u00e9-Des-Vosges","potentialAction":[{"@type":"SearchAction","target":{"@type":"EntryPoint","urlTemplate":"https:\/\/vosgesinfo.fr\/saintdieinfo\/?s={search_term_string}"},"query-input":"required name=search_term_string"}],"inLanguage":"fr-FR"},{"@type":"Organization","@id":"https:\/\/vosgesinfo.fr\/saintdieinfo\/#organization","name":"Saint Die Info","url":"https:\/\/vosgesinfo.fr\/saintdieinfo\/","logo":{"@type":"ImageObject","inLanguage":"fr-FR","@id":"https:\/\/vosgesinfo.fr\/saintdieinfo\/#\/schema\/logo\/image\/","url":"https:\/\/vosgesinfo.fr\/app\/uploads\/sites\/4\/2024\/02\/logo-sdi.jpg","contentUrl":"https:\/\/vosgesinfo.fr\/app\/uploads\/sites\/4\/2024\/02\/logo-sdi.jpg","width":600,"height":600,"caption":"Saint Die Info"},"image":{"@id":"https:\/\/vosgesinfo.fr\/saintdieinfo\/#\/schema\/logo\/image\/"},"sameAs":["https:\/\/www.facebook.com\/Saintdieinfofr","https:\/\/x.com\/VosgesInfo88","https:\/\/www.youtube.com\/@vosgesinfo"]},{"@type":"Person","@id":"https:\/\/vosgesinfo.fr\/saintdieinfo\/#\/schema\/person\/faee6704a21f3977511db84bd1cd450f","name":"la r\u00e9daction","image":{"@type":"ImageObject","inLanguage":"fr-FR","@id":"https:\/\/vosgesinfo.fr\/saintdieinfo\/#\/schema\/person\/image\/","url":"https:\/\/secure.gravatar.com\/avatar\/6673d8bc6a9c17fa9a453eaa3448de834fa308c2ec9635b7aa99441a7c8d2cf6?s=96&d=mm&r=g","contentUrl":"https:\/\/secure.gravatar.com\/avatar\/6673d8bc6a9c17fa9a453eaa3448de834fa308c2ec9635b7aa99441a7c8d2cf6?s=96&d=mm&r=g","caption":"la r\u00e9daction"},"url":"https:\/\/vosgesinfo.fr\/saintdieinfo\/author\/redac\/"}]}},"_links":{"self":[{"href":"https:\/\/vosgesinfo.fr\/saintdieinfo\/wp-json\/wp\/v2\/posts\/60702","targetHints":{"allow":["GET"]}}],"collection":[{"href":"https:\/\/vosgesinfo.fr\/saintdieinfo\/wp-json\/wp\/v2\/posts"}],"about":[{"href":"https:\/\/vosgesinfo.fr\/saintdieinfo\/wp-json\/wp\/v2\/types\/post"}],"author":[{"embeddable":true,"href":"https:\/\/vosgesinfo.fr\/saintdieinfo\/wp-json\/wp\/v2\/users\/44"}],"replies":[{"embeddable":true,"href":"https:\/\/vosgesinfo.fr\/saintdieinfo\/wp-json\/wp\/v2\/comments?post=60702"}],"version-history":[{"count":0,"href":"https:\/\/vosgesinfo.fr\/saintdieinfo\/wp-json\/wp\/v2\/posts\/60702\/revisions"}],"wp:featuredmedia":[{"embeddable":true,"href":"https:\/\/vosgesinfo.fr\/saintdieinfo\/wp-json\/wp\/v2\/media\/60703"}],"wp:attachment":[{"href":"https:\/\/vosgesinfo.fr\/saintdieinfo\/wp-json\/wp\/v2\/media?parent=60702"}],"wp:term":[{"taxonomy":"category","embeddable":true,"href":"https:\/\/vosgesinfo.fr\/saintdieinfo\/wp-json\/wp\/v2\/categories?post=60702"},{"taxonomy":"post_tag","embeddable":true,"href":"https:\/\/vosgesinfo.fr\/saintdieinfo\/wp-json\/wp\/v2\/tags?post=60702"}],"curies":[{"name":"wp","href":"https:\/\/api.w.org\/{rel}","templated":true}]}}