{"id":60706,"date":"2022-12-10T09:26:22","date_gmt":"2022-12-10T08:26:22","guid":{"rendered":"https:\/\/vosgesinfo.fr\/saintdieinfo\/2022\/12\/lever-de-rideau-deuxieme-partie-de-saison-spectacle-vivant-deodatien\/"},"modified":"2022-12-10T09:26:22","modified_gmt":"2022-12-10T08:26:22","slug":"lever-de-rideau-deuxieme-partie-de-saison-spectacle-vivant-deodatien","status":"publish","type":"post","link":"https:\/\/vosgesinfo.fr\/saintdieinfo\/2022\/12\/lever-de-rideau-deuxieme-partie-de-saison-spectacle-vivant-deodatien\/","title":{"rendered":"Lever de rideau sur la deuxi\u00e8me partie de saison du spectacle vivant d\u00e9odatien"},"content":{"rendered":"<div id=\"attachment_194114\" style=\"width: 970px\" class=\"wp-caption aligncenter\"><a href=\"\/2022\/12\/Lever_Rideau_2e_Partie_Saison_Spectacle_Vivant-1.jpg\" target=\"_blank\" rel=\"noopener\"><img decoding=\"async\" aria-describedby=\"caption-attachment-194114\" class=\"wp-image-194114 size-large\" src=\"\/2022\/12\/Lever_Rideau_2e_Partie_Saison_Spectacle_Vivant-1-1024x683.jpg\" alt=\"Lever_Rideau_2e_Partie_Saison_Spectacle_Vivant (1)\" width=\"960\" height=\"640\" \/><\/a><p id=\"caption-attachment-194114\" class=\"wp-caption-text\">(Photographies Marc Fourniquet)<\/p><\/div>\n<h2><strong><span style=\"font-size: 14pt;\">La saison 2022-2023 du spectacle vivant d\u00e9odatien avait \u00e9t\u00e9 pr\u00e9sent\u00e9e le 3 juin dernier \u00e0 l&rsquo;Espace Georges-Sadoul (<a href=\"https:\/\/saintdieinfo.fr\/2022\/06\/lever-de-rideau-saison-spectacle-vivant-2022-2023\/\" target=\"_blank\" rel=\"noopener\">lire notre article<\/a>). Ce vendredi soir, c&rsquo;est \u00e0 nouveau du c\u00f4t\u00e9 de la salle Yvan-Goll que le rideau s&rsquo;est lev\u00e9 sur la deuxi\u00e8me partie d&rsquo;une saison \u00ab\u00a0pluridsciplinaire, \u00e9clectique et de retour \u00e0 la presque normale\u00a0\u00bb, selon les mots du directeur du spectacle vivant de la Communaut\u00e9 d&rsquo;Agglom\u00e9ration Matthieu Pierrard.<\/span><\/strong><\/h2>\n<p><!--more--><\/p>\n<p>Le premier temps fort de ce second trimestre est le projet \u00ab\u00a0L&rsquo;\u00cele au tr\u00e9sor\u00a0\u00bb de l&rsquo;orchestre d&rsquo;harmonie de Saint-Di\u00e9-des-Vosges, avec 2 concerts audiovisuels et multim\u00e9dias autour de la musique et de l&rsquo;adaptation cin\u00e9matographique du film du m\u00eame nom, ce samedi 10 d\u00e9cembre \u00e0 20h30 puis demain dimanche \u00e0 16h. Le deuxi\u00e8me temps fort est le concert des N\u00e9gresses Vertes de ce vendredi 16 d\u00e9cembre. Un concert qui s&rsquo;inscrit dans la tourn\u00e9e des 30 ans du mythique groupe de rock alternatif fran\u00e7ais. Des hommages \u00e0 Beethoven et \u00e0 Jacques Brel, respectivement par les orchestres symphonique et d&rsquo;harmonie de Saint-Di\u00e9-des-Vosges, un cin\u00e9-op\u00e9ra autour des fables de La Fontaine, une repr\u00e9sentation de la nouvelle cr\u00e9ation du chor\u00e9graphe et danseur Ezio Schiavulli ou une r\u00e9interpr\u00e9tation des textes de Raymond Devos par Fran\u00e7ois Morel rythmeront ces prochaines semaines et prochains mois les sc\u00e8nes de l&rsquo;Espace Georges-Sadoul et du mus\u00e9e Pierre-No\u00ebl.<\/p>\n<p>Le programme complet de la saison 2022-2023 est t\u00e9l\u00e9chargeable <a href=\"https:\/\/www.ca-saintdie.fr\/images\/03-Decouvrir\/Spectacle-vivant\/Programmation\/Programme_de_la_Saison_Culturelle_-_Spectacle_Vivant_2022-2023_par_planche_MAJ_25-08-2022.pdf\" target=\"_blank\" rel=\"noopener\">en cliquant ici.<\/a> R\u00e9servations aux spectacles via la billetterie de l&rsquo;Espace Georges-Sadoul, sur place au 26-28 quai Carnot \u00e0 Saint-Di\u00e9-des-Vosges (ouvert du mardi au vendredi, de 10h \u00e0 12h et de 13h30 \u00e0 17h30), par t\u00e9l\u00e9phone au 03-29-56-14-09 ou via <a href=\"mailto:billetterie@ca-saintdie.fr\" target=\"_blank\" rel=\"noopener\">billetterie@ca-saintdie.fr<\/a>.<\/p>\n<p>J.J.<\/p>\n\n","protected":false},"excerpt":{"rendered":"<p>La saison 2022-2023 du spectacle vivant d\u00e9odatien avait \u00e9t\u00e9 pr\u00e9sent\u00e9e le 3 juin dernier \u00e0 l&rsquo;Espace Georges-Sadoul (lire notre article). [&hellip;]<\/p>\n","protected":false},"author":44,"featured_media":60707,"comment_status":"open","ping_status":"open","sticky":false,"template":"","format":"standard","meta":{"footnotes":""},"categories":[460,8019,7847,2915],"tags":[3559,13376,11590],"class_list":["post-60706","post","type-post","status-publish","format-standard","has-post-thumbnail","hentry","category-a-la-une","category-vie-artistique-art-culture","category-art-culture","category-saint-die-son-canton","tag-espace-georges-sadoul","tag-les-negresses-vertes","tag-saison-2022-2023-du-spectacle-vivant-de-la-communaute-dagglomeration-de-saint-die-des-vosges"],"acf":[],"yoast_head":"<!-- This site is optimized with the Yoast SEO plugin v22.5 - https:\/\/yoast.com\/wordpress\/plugins\/seo\/ -->\n<title>Lever de rideau sur la deuxi\u00e8me partie de saison du spectacle vivant d\u00e9odatien - Saint Die Info<\/title>\n<meta name=\"robots\" content=\"index, follow, max-snippet:-1, max-image-preview:large, max-video-preview:-1\" \/>\n<link rel=\"canonical\" href=\"https:\/\/vosgesinfo.fr\/saintdieinfo\/2022\/12\/lever-de-rideau-deuxieme-partie-de-saison-spectacle-vivant-deodatien\/\" \/>\n<meta name=\"twitter:card\" content=\"summary_large_image\" \/>\n<meta name=\"twitter:title\" content=\"Lever de rideau sur la deuxi\u00e8me partie de saison du spectacle vivant d\u00e9odatien - Saint Die Info\" \/>\n<meta name=\"twitter:description\" content=\"La saison 2022-2023 du spectacle vivant d\u00e9odatien avait \u00e9t\u00e9 pr\u00e9sent\u00e9e le 3 juin dernier \u00e0 l&rsquo;Espace Georges-Sadoul (lire notre article). [&hellip;]\" \/>\n<meta name=\"twitter:image\" content=\"https:\/\/vosgesinfo.fr\/app\/uploads\/sites\/4\/2024\/08\/202212lever-rideau-2e-partie-saison-spectacle-vivant-1.jpg\" \/>\n<meta name=\"twitter:creator\" content=\"@VosgesInfo88\" \/>\n<meta name=\"twitter:site\" content=\"@VosgesInfo88\" \/>\n<meta name=\"twitter:label1\" content=\"\u00c9crit par\" \/>\n\t<meta name=\"twitter:data1\" content=\"la r\u00e9daction\" \/>\n\t<meta name=\"twitter:label2\" content=\"Dur\u00e9e de lecture estim\u00e9e\" \/>\n\t<meta name=\"twitter:data2\" content=\"2 minutes\" \/>\n<script type=\"application\/ld+json\" class=\"yoast-schema-graph\">{\"@context\":\"https:\/\/schema.org\",\"@graph\":[{\"@type\":\"Article\",\"@id\":\"https:\/\/vosgesinfo.fr\/saintdieinfo\/2022\/12\/lever-de-rideau-deuxieme-partie-de-saison-spectacle-vivant-deodatien\/#article\",\"isPartOf\":{\"@id\":\"https:\/\/vosgesinfo.fr\/saintdieinfo\/2022\/12\/lever-de-rideau-deuxieme-partie-de-saison-spectacle-vivant-deodatien\/\"},\"author\":{\"name\":\"la r\u00e9daction\",\"@id\":\"https:\/\/vosgesinfo.fr\/saintdieinfo\/#\/schema\/person\/faee6704a21f3977511db84bd1cd450f\"},\"headline\":\"Lever de rideau sur la deuxi\u00e8me partie de saison du spectacle vivant d\u00e9odatien\",\"datePublished\":\"2022-12-10T08:26:22+00:00\",\"dateModified\":\"2022-12-10T08:26:22+00:00\",\"mainEntityOfPage\":{\"@id\":\"https:\/\/vosgesinfo.fr\/saintdieinfo\/2022\/12\/lever-de-rideau-deuxieme-partie-de-saison-spectacle-vivant-deodatien\/\"},\"wordCount\":332,\"commentCount\":0,\"publisher\":{\"@id\":\"https:\/\/vosgesinfo.fr\/saintdieinfo\/#organization\"},\"image\":{\"@id\":\"https:\/\/vosgesinfo.fr\/saintdieinfo\/2022\/12\/lever-de-rideau-deuxieme-partie-de-saison-spectacle-vivant-deodatien\/#primaryimage\"},\"thumbnailUrl\":\"https:\/\/vosgesinfo.fr\/app\/uploads\/sites\/4\/2024\/08\/202212lever-rideau-2e-partie-saison-spectacle-vivant-1.jpg\",\"keywords\":[\"Espace Georges-Sadoul\",\"Les N\u00e9gresses Vertes\",\"Saison 2022 \u2013 2023 du spectacle vivant de la Communaut\u00e9 d'Agglom\u00e9ration de Saint-Di\u00e9-des-Vosges\"],\"articleSection\":[\"A la Une\",\"Art\",\"Culture\",\"Saint-Di\u00e9-des-Vosges et son Agglom\u00e9ration\"],\"inLanguage\":\"fr-FR\",\"potentialAction\":[{\"@type\":\"CommentAction\",\"name\":\"Comment\",\"target\":[\"https:\/\/vosgesinfo.fr\/saintdieinfo\/2022\/12\/lever-de-rideau-deuxieme-partie-de-saison-spectacle-vivant-deodatien\/#respond\"]}]},{\"@type\":\"WebPage\",\"@id\":\"https:\/\/vosgesinfo.fr\/saintdieinfo\/2022\/12\/lever-de-rideau-deuxieme-partie-de-saison-spectacle-vivant-deodatien\/\",\"url\":\"https:\/\/vosgesinfo.fr\/saintdieinfo\/2022\/12\/lever-de-rideau-deuxieme-partie-de-saison-spectacle-vivant-deodatien\/\",\"name\":\"Lever de rideau sur la deuxi\u00e8me partie de saison du spectacle vivant d\u00e9odatien - Saint Die Info\",\"isPartOf\":{\"@id\":\"https:\/\/vosgesinfo.fr\/saintdieinfo\/#website\"},\"primaryImageOfPage\":{\"@id\":\"https:\/\/vosgesinfo.fr\/saintdieinfo\/2022\/12\/lever-de-rideau-deuxieme-partie-de-saison-spectacle-vivant-deodatien\/#primaryimage\"},\"image\":{\"@id\":\"https:\/\/vosgesinfo.fr\/saintdieinfo\/2022\/12\/lever-de-rideau-deuxieme-partie-de-saison-spectacle-vivant-deodatien\/#primaryimage\"},\"thumbnailUrl\":\"https:\/\/vosgesinfo.fr\/app\/uploads\/sites\/4\/2024\/08\/202212lever-rideau-2e-partie-saison-spectacle-vivant-1.jpg\",\"datePublished\":\"2022-12-10T08:26:22+00:00\",\"dateModified\":\"2022-12-10T08:26:22+00:00\",\"breadcrumb\":{\"@id\":\"https:\/\/vosgesinfo.fr\/saintdieinfo\/2022\/12\/lever-de-rideau-deuxieme-partie-de-saison-spectacle-vivant-deodatien\/#breadcrumb\"},\"inLanguage\":\"fr-FR\",\"potentialAction\":[{\"@type\":\"ReadAction\",\"target\":[\"https:\/\/vosgesinfo.fr\/saintdieinfo\/2022\/12\/lever-de-rideau-deuxieme-partie-de-saison-spectacle-vivant-deodatien\/\"]}]},{\"@type\":\"ImageObject\",\"inLanguage\":\"fr-FR\",\"@id\":\"https:\/\/vosgesinfo.fr\/saintdieinfo\/2022\/12\/lever-de-rideau-deuxieme-partie-de-saison-spectacle-vivant-deodatien\/#primaryimage\",\"url\":\"https:\/\/vosgesinfo.fr\/app\/uploads\/sites\/4\/2024\/08\/202212lever-rideau-2e-partie-saison-spectacle-vivant-1.jpg\",\"contentUrl\":\"https:\/\/vosgesinfo.fr\/app\/uploads\/sites\/4\/2024\/08\/202212lever-rideau-2e-partie-saison-spectacle-vivant-1.jpg\",\"width\":2048,\"height\":1366},{\"@type\":\"BreadcrumbList\",\"@id\":\"https:\/\/vosgesinfo.fr\/saintdieinfo\/2022\/12\/lever-de-rideau-deuxieme-partie-de-saison-spectacle-vivant-deodatien\/#breadcrumb\",\"itemListElement\":[{\"@type\":\"ListItem\",\"position\":1,\"name\":\"Home\",\"item\":\"https:\/\/vosgesinfo.fr\/saintdieinfo\/\"},{\"@type\":\"ListItem\",\"position\":2,\"name\":\"Lever de rideau sur la deuxi\u00e8me partie de saison du spectacle vivant d\u00e9odatien\"}]},{\"@type\":\"WebSite\",\"@id\":\"https:\/\/vosgesinfo.fr\/saintdieinfo\/#website\",\"url\":\"https:\/\/vosgesinfo.fr\/saintdieinfo\/\",\"name\":\"Saint Die Info\",\"description\":\"Toute l&#039;actualit\u00e9 de Saint-Di\u00e9-Des-Vosges\",\"publisher\":{\"@id\":\"https:\/\/vosgesinfo.fr\/saintdieinfo\/#organization\"},\"alternateName\":\"Toute l'actualit\u00e9 de Saint-Di\u00e9-Des-Vosges\",\"potentialAction\":[{\"@type\":\"SearchAction\",\"target\":{\"@type\":\"EntryPoint\",\"urlTemplate\":\"https:\/\/vosgesinfo.fr\/saintdieinfo\/?s={search_term_string}\"},\"query-input\":\"required name=search_term_string\"}],\"inLanguage\":\"fr-FR\"},{\"@type\":\"Organization\",\"@id\":\"https:\/\/vosgesinfo.fr\/saintdieinfo\/#organization\",\"name\":\"Saint Die Info\",\"url\":\"https:\/\/vosgesinfo.fr\/saintdieinfo\/\",\"logo\":{\"@type\":\"ImageObject\",\"inLanguage\":\"fr-FR\",\"@id\":\"https:\/\/vosgesinfo.fr\/saintdieinfo\/#\/schema\/logo\/image\/\",\"url\":\"https:\/\/vosgesinfo.fr\/app\/uploads\/sites\/4\/2024\/02\/logo-sdi.jpg\",\"contentUrl\":\"https:\/\/vosgesinfo.fr\/app\/uploads\/sites\/4\/2024\/02\/logo-sdi.jpg\",\"width\":600,\"height\":600,\"caption\":\"Saint Die Info\"},\"image\":{\"@id\":\"https:\/\/vosgesinfo.fr\/saintdieinfo\/#\/schema\/logo\/image\/\"},\"sameAs\":[\"https:\/\/www.facebook.com\/Saintdieinfofr\",\"https:\/\/x.com\/VosgesInfo88\",\"https:\/\/www.youtube.com\/@vosgesinfo\"]},{\"@type\":\"Person\",\"@id\":\"https:\/\/vosgesinfo.fr\/saintdieinfo\/#\/schema\/person\/faee6704a21f3977511db84bd1cd450f\",\"name\":\"la r\u00e9daction\",\"image\":{\"@type\":\"ImageObject\",\"inLanguage\":\"fr-FR\",\"@id\":\"https:\/\/vosgesinfo.fr\/saintdieinfo\/#\/schema\/person\/image\/\",\"url\":\"https:\/\/secure.gravatar.com\/avatar\/6673d8bc6a9c17fa9a453eaa3448de834fa308c2ec9635b7aa99441a7c8d2cf6?s=96&d=mm&r=g\",\"contentUrl\":\"https:\/\/secure.gravatar.com\/avatar\/6673d8bc6a9c17fa9a453eaa3448de834fa308c2ec9635b7aa99441a7c8d2cf6?s=96&d=mm&r=g\",\"caption\":\"la r\u00e9daction\"},\"url\":\"https:\/\/vosgesinfo.fr\/saintdieinfo\/author\/redac\/\"}]}<\/script>\n<!-- \/ Yoast SEO plugin. -->","yoast_head_json":{"title":"Lever de rideau sur la deuxi\u00e8me partie de saison du spectacle vivant d\u00e9odatien - Saint Die Info","robots":{"index":"index","follow":"follow","max-snippet":"max-snippet:-1","max-image-preview":"max-image-preview:large","max-video-preview":"max-video-preview:-1"},"canonical":"https:\/\/vosgesinfo.fr\/saintdieinfo\/2022\/12\/lever-de-rideau-deuxieme-partie-de-saison-spectacle-vivant-deodatien\/","twitter_card":"summary_large_image","twitter_title":"Lever de rideau sur la deuxi\u00e8me partie de saison du spectacle vivant d\u00e9odatien - Saint Die Info","twitter_description":"La saison 2022-2023 du spectacle vivant d\u00e9odatien avait \u00e9t\u00e9 pr\u00e9sent\u00e9e le 3 juin dernier \u00e0 l&rsquo;Espace Georges-Sadoul (lire notre article). [&hellip;]","twitter_image":"https:\/\/vosgesinfo.fr\/app\/uploads\/sites\/4\/2024\/08\/202212lever-rideau-2e-partie-saison-spectacle-vivant-1.jpg","twitter_creator":"@VosgesInfo88","twitter_site":"@VosgesInfo88","twitter_misc":{"\u00c9crit par":"la r\u00e9daction","Dur\u00e9e de lecture estim\u00e9e":"2 minutes"},"schema":{"@context":"https:\/\/schema.org","@graph":[{"@type":"Article","@id":"https:\/\/vosgesinfo.fr\/saintdieinfo\/2022\/12\/lever-de-rideau-deuxieme-partie-de-saison-spectacle-vivant-deodatien\/#article","isPartOf":{"@id":"https:\/\/vosgesinfo.fr\/saintdieinfo\/2022\/12\/lever-de-rideau-deuxieme-partie-de-saison-spectacle-vivant-deodatien\/"},"author":{"name":"la r\u00e9daction","@id":"https:\/\/vosgesinfo.fr\/saintdieinfo\/#\/schema\/person\/faee6704a21f3977511db84bd1cd450f"},"headline":"Lever de rideau sur la deuxi\u00e8me partie de saison du spectacle vivant d\u00e9odatien","datePublished":"2022-12-10T08:26:22+00:00","dateModified":"2022-12-10T08:26:22+00:00","mainEntityOfPage":{"@id":"https:\/\/vosgesinfo.fr\/saintdieinfo\/2022\/12\/lever-de-rideau-deuxieme-partie-de-saison-spectacle-vivant-deodatien\/"},"wordCount":332,"commentCount":0,"publisher":{"@id":"https:\/\/vosgesinfo.fr\/saintdieinfo\/#organization"},"image":{"@id":"https:\/\/vosgesinfo.fr\/saintdieinfo\/2022\/12\/lever-de-rideau-deuxieme-partie-de-saison-spectacle-vivant-deodatien\/#primaryimage"},"thumbnailUrl":"https:\/\/vosgesinfo.fr\/app\/uploads\/sites\/4\/2024\/08\/202212lever-rideau-2e-partie-saison-spectacle-vivant-1.jpg","keywords":["Espace Georges-Sadoul","Les N\u00e9gresses Vertes","Saison 2022 \u2013 2023 du spectacle vivant de la Communaut\u00e9 d'Agglom\u00e9ration de Saint-Di\u00e9-des-Vosges"],"articleSection":["A la Une","Art","Culture","Saint-Di\u00e9-des-Vosges et son Agglom\u00e9ration"],"inLanguage":"fr-FR","potentialAction":[{"@type":"CommentAction","name":"Comment","target":["https:\/\/vosgesinfo.fr\/saintdieinfo\/2022\/12\/lever-de-rideau-deuxieme-partie-de-saison-spectacle-vivant-deodatien\/#respond"]}]},{"@type":"WebPage","@id":"https:\/\/vosgesinfo.fr\/saintdieinfo\/2022\/12\/lever-de-rideau-deuxieme-partie-de-saison-spectacle-vivant-deodatien\/","url":"https:\/\/vosgesinfo.fr\/saintdieinfo\/2022\/12\/lever-de-rideau-deuxieme-partie-de-saison-spectacle-vivant-deodatien\/","name":"Lever de rideau sur la deuxi\u00e8me partie de saison du spectacle vivant d\u00e9odatien - Saint Die Info","isPartOf":{"@id":"https:\/\/vosgesinfo.fr\/saintdieinfo\/#website"},"primaryImageOfPage":{"@id":"https:\/\/vosgesinfo.fr\/saintdieinfo\/2022\/12\/lever-de-rideau-deuxieme-partie-de-saison-spectacle-vivant-deodatien\/#primaryimage"},"image":{"@id":"https:\/\/vosgesinfo.fr\/saintdieinfo\/2022\/12\/lever-de-rideau-deuxieme-partie-de-saison-spectacle-vivant-deodatien\/#primaryimage"},"thumbnailUrl":"https:\/\/vosgesinfo.fr\/app\/uploads\/sites\/4\/2024\/08\/202212lever-rideau-2e-partie-saison-spectacle-vivant-1.jpg","datePublished":"2022-12-10T08:26:22+00:00","dateModified":"2022-12-10T08:26:22+00:00","breadcrumb":{"@id":"https:\/\/vosgesinfo.fr\/saintdieinfo\/2022\/12\/lever-de-rideau-deuxieme-partie-de-saison-spectacle-vivant-deodatien\/#breadcrumb"},"inLanguage":"fr-FR","potentialAction":[{"@type":"ReadAction","target":["https:\/\/vosgesinfo.fr\/saintdieinfo\/2022\/12\/lever-de-rideau-deuxieme-partie-de-saison-spectacle-vivant-deodatien\/"]}]},{"@type":"ImageObject","inLanguage":"fr-FR","@id":"https:\/\/vosgesinfo.fr\/saintdieinfo\/2022\/12\/lever-de-rideau-deuxieme-partie-de-saison-spectacle-vivant-deodatien\/#primaryimage","url":"https:\/\/vosgesinfo.fr\/app\/uploads\/sites\/4\/2024\/08\/202212lever-rideau-2e-partie-saison-spectacle-vivant-1.jpg","contentUrl":"https:\/\/vosgesinfo.fr\/app\/uploads\/sites\/4\/2024\/08\/202212lever-rideau-2e-partie-saison-spectacle-vivant-1.jpg","width":2048,"height":1366},{"@type":"BreadcrumbList","@id":"https:\/\/vosgesinfo.fr\/saintdieinfo\/2022\/12\/lever-de-rideau-deuxieme-partie-de-saison-spectacle-vivant-deodatien\/#breadcrumb","itemListElement":[{"@type":"ListItem","position":1,"name":"Home","item":"https:\/\/vosgesinfo.fr\/saintdieinfo\/"},{"@type":"ListItem","position":2,"name":"Lever de rideau sur la deuxi\u00e8me partie de saison du spectacle vivant d\u00e9odatien"}]},{"@type":"WebSite","@id":"https:\/\/vosgesinfo.fr\/saintdieinfo\/#website","url":"https:\/\/vosgesinfo.fr\/saintdieinfo\/","name":"Saint Die Info","description":"Toute l&#039;actualit\u00e9 de Saint-Di\u00e9-Des-Vosges","publisher":{"@id":"https:\/\/vosgesinfo.fr\/saintdieinfo\/#organization"},"alternateName":"Toute l'actualit\u00e9 de Saint-Di\u00e9-Des-Vosges","potentialAction":[{"@type":"SearchAction","target":{"@type":"EntryPoint","urlTemplate":"https:\/\/vosgesinfo.fr\/saintdieinfo\/?s={search_term_string}"},"query-input":"required name=search_term_string"}],"inLanguage":"fr-FR"},{"@type":"Organization","@id":"https:\/\/vosgesinfo.fr\/saintdieinfo\/#organization","name":"Saint Die Info","url":"https:\/\/vosgesinfo.fr\/saintdieinfo\/","logo":{"@type":"ImageObject","inLanguage":"fr-FR","@id":"https:\/\/vosgesinfo.fr\/saintdieinfo\/#\/schema\/logo\/image\/","url":"https:\/\/vosgesinfo.fr\/app\/uploads\/sites\/4\/2024\/02\/logo-sdi.jpg","contentUrl":"https:\/\/vosgesinfo.fr\/app\/uploads\/sites\/4\/2024\/02\/logo-sdi.jpg","width":600,"height":600,"caption":"Saint Die Info"},"image":{"@id":"https:\/\/vosgesinfo.fr\/saintdieinfo\/#\/schema\/logo\/image\/"},"sameAs":["https:\/\/www.facebook.com\/Saintdieinfofr","https:\/\/x.com\/VosgesInfo88","https:\/\/www.youtube.com\/@vosgesinfo"]},{"@type":"Person","@id":"https:\/\/vosgesinfo.fr\/saintdieinfo\/#\/schema\/person\/faee6704a21f3977511db84bd1cd450f","name":"la r\u00e9daction","image":{"@type":"ImageObject","inLanguage":"fr-FR","@id":"https:\/\/vosgesinfo.fr\/saintdieinfo\/#\/schema\/person\/image\/","url":"https:\/\/secure.gravatar.com\/avatar\/6673d8bc6a9c17fa9a453eaa3448de834fa308c2ec9635b7aa99441a7c8d2cf6?s=96&d=mm&r=g","contentUrl":"https:\/\/secure.gravatar.com\/avatar\/6673d8bc6a9c17fa9a453eaa3448de834fa308c2ec9635b7aa99441a7c8d2cf6?s=96&d=mm&r=g","caption":"la r\u00e9daction"},"url":"https:\/\/vosgesinfo.fr\/saintdieinfo\/author\/redac\/"}]}},"_links":{"self":[{"href":"https:\/\/vosgesinfo.fr\/saintdieinfo\/wp-json\/wp\/v2\/posts\/60706","targetHints":{"allow":["GET"]}}],"collection":[{"href":"https:\/\/vosgesinfo.fr\/saintdieinfo\/wp-json\/wp\/v2\/posts"}],"about":[{"href":"https:\/\/vosgesinfo.fr\/saintdieinfo\/wp-json\/wp\/v2\/types\/post"}],"author":[{"embeddable":true,"href":"https:\/\/vosgesinfo.fr\/saintdieinfo\/wp-json\/wp\/v2\/users\/44"}],"replies":[{"embeddable":true,"href":"https:\/\/vosgesinfo.fr\/saintdieinfo\/wp-json\/wp\/v2\/comments?post=60706"}],"version-history":[{"count":0,"href":"https:\/\/vosgesinfo.fr\/saintdieinfo\/wp-json\/wp\/v2\/posts\/60706\/revisions"}],"wp:featuredmedia":[{"embeddable":true,"href":"https:\/\/vosgesinfo.fr\/saintdieinfo\/wp-json\/wp\/v2\/media\/60707"}],"wp:attachment":[{"href":"https:\/\/vosgesinfo.fr\/saintdieinfo\/wp-json\/wp\/v2\/media?parent=60706"}],"wp:term":[{"taxonomy":"category","embeddable":true,"href":"https:\/\/vosgesinfo.fr\/saintdieinfo\/wp-json\/wp\/v2\/categories?post=60706"},{"taxonomy":"post_tag","embeddable":true,"href":"https:\/\/vosgesinfo.fr\/saintdieinfo\/wp-json\/wp\/v2\/tags?post=60706"}],"curies":[{"name":"wp","href":"https:\/\/api.w.org\/{rel}","templated":true}]}}