{"id":60710,"date":"2022-12-10T10:09:03","date_gmt":"2022-12-10T09:09:03","guid":{"rendered":"https:\/\/vosgesinfo.fr\/saintdieinfo\/2022\/12\/liut-de-saint-die-vosges-recoit-trophee-implication-don-de-sang\/"},"modified":"2022-12-10T10:09:03","modified_gmt":"2022-12-10T09:09:03","slug":"liut-de-saint-die-vosges-recoit-trophee-implication-don-de-sang","status":"publish","type":"post","link":"https:\/\/vosgesinfo.fr\/saintdieinfo\/2022\/12\/liut-de-saint-die-vosges-recoit-trophee-implication-don-de-sang\/","title":{"rendered":"L&rsquo;IUT de Saint-Di\u00e9-des-Vosges re\u00e7oit un troph\u00e9e pour son implication dans le don de sang"},"content":{"rendered":"<div id=\"attachment_194105\" style=\"width: 970px\" class=\"wp-caption aligncenter\"><a href=\"\/2022\/12\/Remise_Troph\u00e9es_FF_Don_de_Sang-8.jpg\" target=\"_blank\" rel=\"noopener\"><img decoding=\"async\" aria-describedby=\"caption-attachment-194105\" class=\"wp-image-194105 size-large\" src=\"\/2022\/12\/Remise_Troph\u00e9es_FF_Don_de_Sang-8-1024x771.jpg\" alt=\"Remise_Troph\u00e9es_FF_Don_de_Sang (8)\" width=\"960\" height=\"723\" \/><\/a><p id=\"caption-attachment-194105\" class=\"wp-caption-text\">De gauche \u00e0 droite : Sylvain Zanetti, Olivier Caspary et Jean-Fran\u00e7oisCollet.<\/p><\/div>\n<h2><strong><span style=\"font-size: 14pt;\">Le directeur de l&rsquo;IUT de Saint-Di\u00e9-des-Vosges Olivier Caspary a re\u00e7u ce vendredi soir le troph\u00e9e de la F\u00e9d\u00e9ration Fran\u00e7aise du Don de Sang B\u00e9n\u00e9vole \u2013 FFDSB \u2013 des mains du pr\u00e9sident de l&rsquo;amicale locale Sylvain Zanetti, \u00e9galement pr\u00e9sident r\u00e9gional, et de Jean-Fran\u00e7ois Collet, pr\u00e9sident de la Commission Communication de la FFDSB.<\/span><\/strong><\/h2>\n<p><!--more--><\/p>\n<p>Ce troph\u00e9e vient r\u00e9compenser l&rsquo;IUT pour son implication et sa mobilisation en faveur du don de sang depuis maintenant plus de 20 ans. \u00ab\u00a0Selon les archives et les t\u00e9moignages recueillis, la premi\u00e8re collecte de sang \u00e0 avoir \u00e9t\u00e9 organis\u00e9e avec l&rsquo;IUT date de 2000&#8230; peut-\u00eatre m\u00eame avant. Les collectes ont toujours eu lieu \u00e0 l&rsquo;Etablissement Fran\u00e7ais du Sang de Saint-Di\u00e9-des-Vosges, le transport des donneurs se faisant gr\u00e2ce \u00e0 l&rsquo;amicale locale, jusqu&rsquo;\u00e0 sa fermeture en juillet 2018. Depuis, les \u00e9tudiants ont pu donner une fois au lyc\u00e9e Baumont, puis ensuite dans les collectes mobiles en ville et enfin in situ pour 3 collectes\u00a0\u00bb souligne Sylvain Zanetti. Et de pr\u00e9ciser que \u00ab\u00a0au total, plus d&rsquo;un millier d&rsquo;\u00e9tudiants, d&rsquo;enseignants, de personnels ont \u00e9t\u00e9 sensibilis\u00e9s \u00e0 cette noble cause. Nous esp\u00e9rons ardemment qu&rsquo;ils le seront encore tr\u00e8s longtemps, faisant fi des changements de direction \u00e0 venir que sont l&rsquo;IUT, l&rsquo;EFS et notre amicale.\u00a0\u00bb<\/p>\n<p>Un premier troph\u00e9e avait \u00e9t\u00e9 remis \u00e0 l&rsquo;\u00e9tablissement d&rsquo;enseignement sup\u00e9rieur d\u00e9odatien en 2018, ann\u00e9e o\u00f9 une convention avait \u00e9t\u00e9 sign\u00e9e pour graver dans le marbre le partenariat entre les 3 entit\u00e9s. A Saint-Di\u00e9-des-Vosges, le lyc\u00e9e Baumont a d\u00e9j\u00e0 re\u00e7u le troph\u00e9e de la FFDSB, le 27 janvier 2017.<\/p>\n<p>J.J.<\/p>\n\n","protected":false},"excerpt":{"rendered":"<p>Le directeur de l&rsquo;IUT de Saint-Di\u00e9-des-Vosges Olivier Caspary a re\u00e7u ce vendredi soir le troph\u00e9e de la F\u00e9d\u00e9ration Fran\u00e7aise du [&hellip;]<\/p>\n","protected":false},"author":44,"featured_media":60711,"comment_status":"open","ping_status":"open","sticky":false,"template":"","format":"standard","meta":{"footnotes":""},"categories":[460,2915,4152,13,29],"tags":[13400,13401,3205,13402],"class_list":["post-60710","post","type-post","status-publish","format-standard","has-post-thumbnail","hentry","category-a-la-une","category-saint-die-son-canton","category-sante","category-societe","category-solidarite","tag-don-de-sang-benevole","tag-federation-francaise-du-don-de-sang-benevole","tag-iut-de-saint-die-des-vosges","tag-trophee-de-la-federation-francaise-du-don-de-sang-benevole"],"acf":[],"yoast_head":"<!-- This site is optimized with the Yoast SEO plugin v22.5 - https:\/\/yoast.com\/wordpress\/plugins\/seo\/ -->\n<title>L&#039;IUT de Saint-Di\u00e9-des-Vosges re\u00e7oit un troph\u00e9e pour son implication dans le don de sang - Saint Die Info<\/title>\n<meta name=\"robots\" content=\"index, follow, max-snippet:-1, max-image-preview:large, max-video-preview:-1\" \/>\n<link rel=\"canonical\" href=\"https:\/\/vosgesinfo.fr\/saintdieinfo\/2022\/12\/liut-de-saint-die-vosges-recoit-trophee-implication-don-de-sang\/\" \/>\n<meta name=\"twitter:card\" content=\"summary_large_image\" \/>\n<meta name=\"twitter:title\" content=\"L&#039;IUT de Saint-Di\u00e9-des-Vosges re\u00e7oit un troph\u00e9e pour son implication dans le don de sang - Saint Die Info\" \/>\n<meta name=\"twitter:description\" content=\"Le directeur de l&rsquo;IUT de Saint-Di\u00e9-des-Vosges Olivier Caspary a re\u00e7u ce vendredi soir le troph\u00e9e de la F\u00e9d\u00e9ration Fran\u00e7aise du [&hellip;]\" \/>\n<meta name=\"twitter:image\" content=\"https:\/\/vosgesinfo.fr\/app\/uploads\/sites\/4\/2024\/08\/202212remise-trophees-ff-don-de-sang-8-1.jpg\" \/>\n<meta name=\"twitter:creator\" content=\"@VosgesInfo88\" \/>\n<meta name=\"twitter:site\" content=\"@VosgesInfo88\" \/>\n<meta name=\"twitter:label1\" content=\"\u00c9crit par\" \/>\n\t<meta name=\"twitter:data1\" content=\"la r\u00e9daction\" \/>\n\t<meta name=\"twitter:label2\" content=\"Dur\u00e9e de lecture estim\u00e9e\" \/>\n\t<meta name=\"twitter:data2\" content=\"1 minute\" \/>\n<script type=\"application\/ld+json\" class=\"yoast-schema-graph\">{\"@context\":\"https:\/\/schema.org\",\"@graph\":[{\"@type\":\"Article\",\"@id\":\"https:\/\/vosgesinfo.fr\/saintdieinfo\/2022\/12\/liut-de-saint-die-vosges-recoit-trophee-implication-don-de-sang\/#article\",\"isPartOf\":{\"@id\":\"https:\/\/vosgesinfo.fr\/saintdieinfo\/2022\/12\/liut-de-saint-die-vosges-recoit-trophee-implication-don-de-sang\/\"},\"author\":{\"name\":\"la r\u00e9daction\",\"@id\":\"https:\/\/vosgesinfo.fr\/saintdieinfo\/#\/schema\/person\/faee6704a21f3977511db84bd1cd450f\"},\"headline\":\"L&rsquo;IUT de Saint-Di\u00e9-des-Vosges re\u00e7oit un troph\u00e9e pour son implication dans le don de sang\",\"datePublished\":\"2022-12-10T09:09:03+00:00\",\"dateModified\":\"2022-12-10T09:09:03+00:00\",\"mainEntityOfPage\":{\"@id\":\"https:\/\/vosgesinfo.fr\/saintdieinfo\/2022\/12\/liut-de-saint-die-vosges-recoit-trophee-implication-don-de-sang\/\"},\"wordCount\":328,\"commentCount\":0,\"publisher\":{\"@id\":\"https:\/\/vosgesinfo.fr\/saintdieinfo\/#organization\"},\"image\":{\"@id\":\"https:\/\/vosgesinfo.fr\/saintdieinfo\/2022\/12\/liut-de-saint-die-vosges-recoit-trophee-implication-don-de-sang\/#primaryimage\"},\"thumbnailUrl\":\"https:\/\/vosgesinfo.fr\/app\/uploads\/sites\/4\/2024\/08\/202212remise-trophees-ff-don-de-sang-8-1.jpg\",\"keywords\":[\"Don de sang b\u00e9n\u00e9vole\",\"F\u00e9d\u00e9ration Fran\u00e7aise du Don de Sang B\u00e9n\u00e9vole\",\"IUT de Saint-Di\u00e9-des-Vosges\",\"Troph\u00e9e de la F\u00e9d\u00e9ration Fran\u00e7aise du Don de Sang B\u00e9n\u00e9vole\"],\"articleSection\":[\"A la Une\",\"Saint-Di\u00e9-des-Vosges et son Agglom\u00e9ration\",\"Sant\u00e9\",\"Soci\u00e9t\u00e9\",\"Solidarit\u00e9\"],\"inLanguage\":\"fr-FR\",\"potentialAction\":[{\"@type\":\"CommentAction\",\"name\":\"Comment\",\"target\":[\"https:\/\/vosgesinfo.fr\/saintdieinfo\/2022\/12\/liut-de-saint-die-vosges-recoit-trophee-implication-don-de-sang\/#respond\"]}]},{\"@type\":\"WebPage\",\"@id\":\"https:\/\/vosgesinfo.fr\/saintdieinfo\/2022\/12\/liut-de-saint-die-vosges-recoit-trophee-implication-don-de-sang\/\",\"url\":\"https:\/\/vosgesinfo.fr\/saintdieinfo\/2022\/12\/liut-de-saint-die-vosges-recoit-trophee-implication-don-de-sang\/\",\"name\":\"L'IUT de Saint-Di\u00e9-des-Vosges re\u00e7oit un troph\u00e9e pour son implication dans le don de sang - Saint Die Info\",\"isPartOf\":{\"@id\":\"https:\/\/vosgesinfo.fr\/saintdieinfo\/#website\"},\"primaryImageOfPage\":{\"@id\":\"https:\/\/vosgesinfo.fr\/saintdieinfo\/2022\/12\/liut-de-saint-die-vosges-recoit-trophee-implication-don-de-sang\/#primaryimage\"},\"image\":{\"@id\":\"https:\/\/vosgesinfo.fr\/saintdieinfo\/2022\/12\/liut-de-saint-die-vosges-recoit-trophee-implication-don-de-sang\/#primaryimage\"},\"thumbnailUrl\":\"https:\/\/vosgesinfo.fr\/app\/uploads\/sites\/4\/2024\/08\/202212remise-trophees-ff-don-de-sang-8-1.jpg\",\"datePublished\":\"2022-12-10T09:09:03+00:00\",\"dateModified\":\"2022-12-10T09:09:03+00:00\",\"breadcrumb\":{\"@id\":\"https:\/\/vosgesinfo.fr\/saintdieinfo\/2022\/12\/liut-de-saint-die-vosges-recoit-trophee-implication-don-de-sang\/#breadcrumb\"},\"inLanguage\":\"fr-FR\",\"potentialAction\":[{\"@type\":\"ReadAction\",\"target\":[\"https:\/\/vosgesinfo.fr\/saintdieinfo\/2022\/12\/liut-de-saint-die-vosges-recoit-trophee-implication-don-de-sang\/\"]}]},{\"@type\":\"ImageObject\",\"inLanguage\":\"fr-FR\",\"@id\":\"https:\/\/vosgesinfo.fr\/saintdieinfo\/2022\/12\/liut-de-saint-die-vosges-recoit-trophee-implication-don-de-sang\/#primaryimage\",\"url\":\"https:\/\/vosgesinfo.fr\/app\/uploads\/sites\/4\/2024\/08\/202212remise-trophees-ff-don-de-sang-8-1.jpg\",\"contentUrl\":\"https:\/\/vosgesinfo.fr\/app\/uploads\/sites\/4\/2024\/08\/202212remise-trophees-ff-don-de-sang-8-1.jpg\",\"width\":1600,\"height\":1205},{\"@type\":\"BreadcrumbList\",\"@id\":\"https:\/\/vosgesinfo.fr\/saintdieinfo\/2022\/12\/liut-de-saint-die-vosges-recoit-trophee-implication-don-de-sang\/#breadcrumb\",\"itemListElement\":[{\"@type\":\"ListItem\",\"position\":1,\"name\":\"Home\",\"item\":\"https:\/\/vosgesinfo.fr\/saintdieinfo\/\"},{\"@type\":\"ListItem\",\"position\":2,\"name\":\"L&rsquo;IUT de Saint-Di\u00e9-des-Vosges re\u00e7oit un troph\u00e9e pour son implication dans le don de sang\"}]},{\"@type\":\"WebSite\",\"@id\":\"https:\/\/vosgesinfo.fr\/saintdieinfo\/#website\",\"url\":\"https:\/\/vosgesinfo.fr\/saintdieinfo\/\",\"name\":\"Saint Die Info\",\"description\":\"Toute l&#039;actualit\u00e9 de Saint-Di\u00e9-Des-Vosges\",\"publisher\":{\"@id\":\"https:\/\/vosgesinfo.fr\/saintdieinfo\/#organization\"},\"alternateName\":\"Toute l'actualit\u00e9 de Saint-Di\u00e9-Des-Vosges\",\"potentialAction\":[{\"@type\":\"SearchAction\",\"target\":{\"@type\":\"EntryPoint\",\"urlTemplate\":\"https:\/\/vosgesinfo.fr\/saintdieinfo\/?s={search_term_string}\"},\"query-input\":\"required name=search_term_string\"}],\"inLanguage\":\"fr-FR\"},{\"@type\":\"Organization\",\"@id\":\"https:\/\/vosgesinfo.fr\/saintdieinfo\/#organization\",\"name\":\"Saint Die Info\",\"url\":\"https:\/\/vosgesinfo.fr\/saintdieinfo\/\",\"logo\":{\"@type\":\"ImageObject\",\"inLanguage\":\"fr-FR\",\"@id\":\"https:\/\/vosgesinfo.fr\/saintdieinfo\/#\/schema\/logo\/image\/\",\"url\":\"https:\/\/vosgesinfo.fr\/app\/uploads\/sites\/4\/2024\/02\/logo-sdi.jpg\",\"contentUrl\":\"https:\/\/vosgesinfo.fr\/app\/uploads\/sites\/4\/2024\/02\/logo-sdi.jpg\",\"width\":600,\"height\":600,\"caption\":\"Saint Die Info\"},\"image\":{\"@id\":\"https:\/\/vosgesinfo.fr\/saintdieinfo\/#\/schema\/logo\/image\/\"},\"sameAs\":[\"https:\/\/www.facebook.com\/Saintdieinfofr\",\"https:\/\/x.com\/VosgesInfo88\",\"https:\/\/www.youtube.com\/@vosgesinfo\"]},{\"@type\":\"Person\",\"@id\":\"https:\/\/vosgesinfo.fr\/saintdieinfo\/#\/schema\/person\/faee6704a21f3977511db84bd1cd450f\",\"name\":\"la r\u00e9daction\",\"image\":{\"@type\":\"ImageObject\",\"inLanguage\":\"fr-FR\",\"@id\":\"https:\/\/vosgesinfo.fr\/saintdieinfo\/#\/schema\/person\/image\/\",\"url\":\"https:\/\/secure.gravatar.com\/avatar\/6673d8bc6a9c17fa9a453eaa3448de834fa308c2ec9635b7aa99441a7c8d2cf6?s=96&d=mm&r=g\",\"contentUrl\":\"https:\/\/secure.gravatar.com\/avatar\/6673d8bc6a9c17fa9a453eaa3448de834fa308c2ec9635b7aa99441a7c8d2cf6?s=96&d=mm&r=g\",\"caption\":\"la r\u00e9daction\"},\"url\":\"https:\/\/vosgesinfo.fr\/saintdieinfo\/author\/redac\/\"}]}<\/script>\n<!-- \/ Yoast SEO plugin. -->","yoast_head_json":{"title":"L'IUT de Saint-Di\u00e9-des-Vosges re\u00e7oit un troph\u00e9e pour son implication dans le don de sang - Saint Die Info","robots":{"index":"index","follow":"follow","max-snippet":"max-snippet:-1","max-image-preview":"max-image-preview:large","max-video-preview":"max-video-preview:-1"},"canonical":"https:\/\/vosgesinfo.fr\/saintdieinfo\/2022\/12\/liut-de-saint-die-vosges-recoit-trophee-implication-don-de-sang\/","twitter_card":"summary_large_image","twitter_title":"L'IUT de Saint-Di\u00e9-des-Vosges re\u00e7oit un troph\u00e9e pour son implication dans le don de sang - Saint Die Info","twitter_description":"Le directeur de l&rsquo;IUT de Saint-Di\u00e9-des-Vosges Olivier Caspary a re\u00e7u ce vendredi soir le troph\u00e9e de la F\u00e9d\u00e9ration Fran\u00e7aise du [&hellip;]","twitter_image":"https:\/\/vosgesinfo.fr\/app\/uploads\/sites\/4\/2024\/08\/202212remise-trophees-ff-don-de-sang-8-1.jpg","twitter_creator":"@VosgesInfo88","twitter_site":"@VosgesInfo88","twitter_misc":{"\u00c9crit par":"la r\u00e9daction","Dur\u00e9e de lecture estim\u00e9e":"1 minute"},"schema":{"@context":"https:\/\/schema.org","@graph":[{"@type":"Article","@id":"https:\/\/vosgesinfo.fr\/saintdieinfo\/2022\/12\/liut-de-saint-die-vosges-recoit-trophee-implication-don-de-sang\/#article","isPartOf":{"@id":"https:\/\/vosgesinfo.fr\/saintdieinfo\/2022\/12\/liut-de-saint-die-vosges-recoit-trophee-implication-don-de-sang\/"},"author":{"name":"la r\u00e9daction","@id":"https:\/\/vosgesinfo.fr\/saintdieinfo\/#\/schema\/person\/faee6704a21f3977511db84bd1cd450f"},"headline":"L&rsquo;IUT de Saint-Di\u00e9-des-Vosges re\u00e7oit un troph\u00e9e pour son implication dans le don de sang","datePublished":"2022-12-10T09:09:03+00:00","dateModified":"2022-12-10T09:09:03+00:00","mainEntityOfPage":{"@id":"https:\/\/vosgesinfo.fr\/saintdieinfo\/2022\/12\/liut-de-saint-die-vosges-recoit-trophee-implication-don-de-sang\/"},"wordCount":328,"commentCount":0,"publisher":{"@id":"https:\/\/vosgesinfo.fr\/saintdieinfo\/#organization"},"image":{"@id":"https:\/\/vosgesinfo.fr\/saintdieinfo\/2022\/12\/liut-de-saint-die-vosges-recoit-trophee-implication-don-de-sang\/#primaryimage"},"thumbnailUrl":"https:\/\/vosgesinfo.fr\/app\/uploads\/sites\/4\/2024\/08\/202212remise-trophees-ff-don-de-sang-8-1.jpg","keywords":["Don de sang b\u00e9n\u00e9vole","F\u00e9d\u00e9ration Fran\u00e7aise du Don de Sang B\u00e9n\u00e9vole","IUT de Saint-Di\u00e9-des-Vosges","Troph\u00e9e de la F\u00e9d\u00e9ration Fran\u00e7aise du Don de Sang B\u00e9n\u00e9vole"],"articleSection":["A la Une","Saint-Di\u00e9-des-Vosges et son Agglom\u00e9ration","Sant\u00e9","Soci\u00e9t\u00e9","Solidarit\u00e9"],"inLanguage":"fr-FR","potentialAction":[{"@type":"CommentAction","name":"Comment","target":["https:\/\/vosgesinfo.fr\/saintdieinfo\/2022\/12\/liut-de-saint-die-vosges-recoit-trophee-implication-don-de-sang\/#respond"]}]},{"@type":"WebPage","@id":"https:\/\/vosgesinfo.fr\/saintdieinfo\/2022\/12\/liut-de-saint-die-vosges-recoit-trophee-implication-don-de-sang\/","url":"https:\/\/vosgesinfo.fr\/saintdieinfo\/2022\/12\/liut-de-saint-die-vosges-recoit-trophee-implication-don-de-sang\/","name":"L'IUT de Saint-Di\u00e9-des-Vosges re\u00e7oit un troph\u00e9e pour son implication dans le don de sang - Saint Die Info","isPartOf":{"@id":"https:\/\/vosgesinfo.fr\/saintdieinfo\/#website"},"primaryImageOfPage":{"@id":"https:\/\/vosgesinfo.fr\/saintdieinfo\/2022\/12\/liut-de-saint-die-vosges-recoit-trophee-implication-don-de-sang\/#primaryimage"},"image":{"@id":"https:\/\/vosgesinfo.fr\/saintdieinfo\/2022\/12\/liut-de-saint-die-vosges-recoit-trophee-implication-don-de-sang\/#primaryimage"},"thumbnailUrl":"https:\/\/vosgesinfo.fr\/app\/uploads\/sites\/4\/2024\/08\/202212remise-trophees-ff-don-de-sang-8-1.jpg","datePublished":"2022-12-10T09:09:03+00:00","dateModified":"2022-12-10T09:09:03+00:00","breadcrumb":{"@id":"https:\/\/vosgesinfo.fr\/saintdieinfo\/2022\/12\/liut-de-saint-die-vosges-recoit-trophee-implication-don-de-sang\/#breadcrumb"},"inLanguage":"fr-FR","potentialAction":[{"@type":"ReadAction","target":["https:\/\/vosgesinfo.fr\/saintdieinfo\/2022\/12\/liut-de-saint-die-vosges-recoit-trophee-implication-don-de-sang\/"]}]},{"@type":"ImageObject","inLanguage":"fr-FR","@id":"https:\/\/vosgesinfo.fr\/saintdieinfo\/2022\/12\/liut-de-saint-die-vosges-recoit-trophee-implication-don-de-sang\/#primaryimage","url":"https:\/\/vosgesinfo.fr\/app\/uploads\/sites\/4\/2024\/08\/202212remise-trophees-ff-don-de-sang-8-1.jpg","contentUrl":"https:\/\/vosgesinfo.fr\/app\/uploads\/sites\/4\/2024\/08\/202212remise-trophees-ff-don-de-sang-8-1.jpg","width":1600,"height":1205},{"@type":"BreadcrumbList","@id":"https:\/\/vosgesinfo.fr\/saintdieinfo\/2022\/12\/liut-de-saint-die-vosges-recoit-trophee-implication-don-de-sang\/#breadcrumb","itemListElement":[{"@type":"ListItem","position":1,"name":"Home","item":"https:\/\/vosgesinfo.fr\/saintdieinfo\/"},{"@type":"ListItem","position":2,"name":"L&rsquo;IUT de Saint-Di\u00e9-des-Vosges re\u00e7oit un troph\u00e9e pour son implication dans le don de sang"}]},{"@type":"WebSite","@id":"https:\/\/vosgesinfo.fr\/saintdieinfo\/#website","url":"https:\/\/vosgesinfo.fr\/saintdieinfo\/","name":"Saint Die Info","description":"Toute l&#039;actualit\u00e9 de Saint-Di\u00e9-Des-Vosges","publisher":{"@id":"https:\/\/vosgesinfo.fr\/saintdieinfo\/#organization"},"alternateName":"Toute l'actualit\u00e9 de Saint-Di\u00e9-Des-Vosges","potentialAction":[{"@type":"SearchAction","target":{"@type":"EntryPoint","urlTemplate":"https:\/\/vosgesinfo.fr\/saintdieinfo\/?s={search_term_string}"},"query-input":"required name=search_term_string"}],"inLanguage":"fr-FR"},{"@type":"Organization","@id":"https:\/\/vosgesinfo.fr\/saintdieinfo\/#organization","name":"Saint Die Info","url":"https:\/\/vosgesinfo.fr\/saintdieinfo\/","logo":{"@type":"ImageObject","inLanguage":"fr-FR","@id":"https:\/\/vosgesinfo.fr\/saintdieinfo\/#\/schema\/logo\/image\/","url":"https:\/\/vosgesinfo.fr\/app\/uploads\/sites\/4\/2024\/02\/logo-sdi.jpg","contentUrl":"https:\/\/vosgesinfo.fr\/app\/uploads\/sites\/4\/2024\/02\/logo-sdi.jpg","width":600,"height":600,"caption":"Saint Die Info"},"image":{"@id":"https:\/\/vosgesinfo.fr\/saintdieinfo\/#\/schema\/logo\/image\/"},"sameAs":["https:\/\/www.facebook.com\/Saintdieinfofr","https:\/\/x.com\/VosgesInfo88","https:\/\/www.youtube.com\/@vosgesinfo"]},{"@type":"Person","@id":"https:\/\/vosgesinfo.fr\/saintdieinfo\/#\/schema\/person\/faee6704a21f3977511db84bd1cd450f","name":"la r\u00e9daction","image":{"@type":"ImageObject","inLanguage":"fr-FR","@id":"https:\/\/vosgesinfo.fr\/saintdieinfo\/#\/schema\/person\/image\/","url":"https:\/\/secure.gravatar.com\/avatar\/6673d8bc6a9c17fa9a453eaa3448de834fa308c2ec9635b7aa99441a7c8d2cf6?s=96&d=mm&r=g","contentUrl":"https:\/\/secure.gravatar.com\/avatar\/6673d8bc6a9c17fa9a453eaa3448de834fa308c2ec9635b7aa99441a7c8d2cf6?s=96&d=mm&r=g","caption":"la r\u00e9daction"},"url":"https:\/\/vosgesinfo.fr\/saintdieinfo\/author\/redac\/"}]}},"_links":{"self":[{"href":"https:\/\/vosgesinfo.fr\/saintdieinfo\/wp-json\/wp\/v2\/posts\/60710","targetHints":{"allow":["GET"]}}],"collection":[{"href":"https:\/\/vosgesinfo.fr\/saintdieinfo\/wp-json\/wp\/v2\/posts"}],"about":[{"href":"https:\/\/vosgesinfo.fr\/saintdieinfo\/wp-json\/wp\/v2\/types\/post"}],"author":[{"embeddable":true,"href":"https:\/\/vosgesinfo.fr\/saintdieinfo\/wp-json\/wp\/v2\/users\/44"}],"replies":[{"embeddable":true,"href":"https:\/\/vosgesinfo.fr\/saintdieinfo\/wp-json\/wp\/v2\/comments?post=60710"}],"version-history":[{"count":0,"href":"https:\/\/vosgesinfo.fr\/saintdieinfo\/wp-json\/wp\/v2\/posts\/60710\/revisions"}],"wp:featuredmedia":[{"embeddable":true,"href":"https:\/\/vosgesinfo.fr\/saintdieinfo\/wp-json\/wp\/v2\/media\/60711"}],"wp:attachment":[{"href":"https:\/\/vosgesinfo.fr\/saintdieinfo\/wp-json\/wp\/v2\/media?parent=60710"}],"wp:term":[{"taxonomy":"category","embeddable":true,"href":"https:\/\/vosgesinfo.fr\/saintdieinfo\/wp-json\/wp\/v2\/categories?post=60710"},{"taxonomy":"post_tag","embeddable":true,"href":"https:\/\/vosgesinfo.fr\/saintdieinfo\/wp-json\/wp\/v2\/tags?post=60710"}],"curies":[{"name":"wp","href":"https:\/\/api.w.org\/{rel}","templated":true}]}}