{"id":60743,"date":"2022-12-12T11:14:58","date_gmt":"2022-12-12T10:14:58","guid":{"rendered":"https:\/\/vosgesinfo.fr\/saintdieinfo\/2022\/12\/marechal-de-lattre-de-tassigny-se-rendait-deodatie\/"},"modified":"2022-12-12T11:14:58","modified_gmt":"2022-12-12T10:14:58","slug":"marechal-de-lattre-de-tassigny-se-rendait-deodatie","status":"publish","type":"post","link":"https:\/\/vosgesinfo.fr\/saintdieinfo\/2022\/12\/marechal-de-lattre-de-tassigny-se-rendait-deodatie\/","title":{"rendered":"Quand le mar\u00e9chal de Lattre de Tassigny se rendait en D\u00e9odatie"},"content":{"rendered":"<div id=\"attachment_194167\" style=\"width: 970px\" class=\"wp-caption aligncenter\"><a href=\"\/2022\/12\/Axel_Balland_De_Lattre_de_Tassigny_SDDV.jpg\" target=\"_blank\" rel=\"noopener\"><img decoding=\"async\" aria-describedby=\"caption-attachment-194167\" class=\"wp-image-194167 size-large\" src=\"\/2022\/12\/Axel_Balland_De_Lattre_de_Tassigny_SDDV-1024x771.jpg\" alt=\"Axel_Balland_De_Lattre_de_Tassigny_SDDV\" width=\"960\" height=\"723\" \/><\/a><p id=\"caption-attachment-194167\" class=\"wp-caption-text\">Axel Balland tenant le portrait du Mar\u00e9chal de Lattre de Tassigny.<\/p><\/div>\n<h2><strong><span style=\"font-size: 14pt;\">Le g\u00e9n\u00e9ral Jean de Lattre de Tassigny est l&rsquo;un des h\u00e9ros de la Seconde Guerre mondiale. D\u00e9c\u00e9d\u00e9 le 11 janvier 1952, \u00e0 l&rsquo;\u00e2ge de 62 ans, il re\u00e7oit des fun\u00e9railles nationales pendant lesquelles il est fait mar\u00e9chal de France. A Saint-Di\u00e9-des-Vosges, l&rsquo;un des quais de la ville a \u00e9t\u00e9 baptis\u00e9 de son nom. Axel Balland, \u00e9tudiant en Master 2 Histoire et animateur de la commission Temps de guerre de la Soci\u00e9t\u00e9 Philomatique Vosgienne, explique que le mar\u00e9chal de Lattre de Tassigny s&rsquo;est rendu \u00e0 plusieurs reprises dans la cit\u00e9 d\u00e9odatienne et ses environs.<\/span><\/strong><\/h2>\n<p><!--more--><\/p>\n<p>Sa premi\u00e8re visite, c&rsquo;est en de juin \u00e0 ao\u00fbt 1918, \u00e0 la fin de la Grande Guerre, alors qu&rsquo;il \u00e9tait capitaine. \u00ab\u00a0Le 26 d\u00e9cembre 1917, il est affect\u00e9 au deuxi\u00e8me bureau du renseignement de l&rsquo;Etat-Major de la 21e Division d&rsquo;Infanterie. C&rsquo;est dans ce cadre qu&rsquo;il s&rsquo;est rendu \u00e0 Saint-Di\u00e9. L&rsquo;Etat-Major \u00e9tait install\u00e9 dans l&rsquo;ancien palais \u00e9piscopal, dont la fa\u00e7ade est aujourd&rsquo;hui l&rsquo;entr\u00e9e du mus\u00e9e Pierre-No\u00ebl. Le deuxi\u00e8me bureau collectait et analysait des renseignements, tout en faisant du contre-espionnage\u00a0\u00bb pr\u00e9cise Axel Balland.<\/p>\n<p>C&rsquo;est au sortir de la Seconde Guerre mondiale, le 24 septembre 1945, que le g\u00e9n\u00e9ral de Lattre de Tassigny se rend une seconde fois en D\u00e9odatie. Cette fois-ci \u00e0 Moussey, pour pr\u00e9sider la c\u00e9r\u00e9monie anniversaire \u00e0 la m\u00e9moire des d\u00e9port\u00e9s de la vall\u00e9e du Rabodeau. Il est de retour dans les Vosges d\u00e8s 1947, \u00e0 Saint-Di\u00e9, alors qu&rsquo;il \u00e9tait inspecteur g\u00e9n\u00e9ral de l&rsquo;Arm\u00e9e de Terre, \u00e0 l&rsquo;occasion du rassemblement d&rsquo;anciens membres de la Premi\u00e8re Arm\u00e9e. Un rassemblement \u00e0 l&rsquo;initiative de Jean Vaney, responsable de la section d\u00e9odatienne de l&rsquo;association Rhin et Danube. Cette association a d&rsquo;ailleurs \u00e9t\u00e9 cr\u00e9\u00e9e sous l&rsquo;impulsion du g\u00e9n\u00e9ral de Lattre de Tassigny. Le 14 f\u00e9vrier 1948, ce dernier est fait citoyen d&rsquo;honneur de la Ville de Saint-Di\u00e9. Cette m\u00eame ann\u00e9e 1948, le 11 avril, il se rend \u00e0 nouveau \u00e0 Saint-Di\u00e9 pour remettre le drapeau de la section d\u00e9odatienne Rhin et Danube.<\/p>\n<p>Apr\u00e8s la mort de Jean de Lattre de Tassigny, le Conseil Municipal vote le bapt\u00eame du quai du Parc en quai Mar\u00e9chal de Lattre de Tassigny, le 23 mars 1953. Le quai est inaugur\u00e9 quelques semaines plus tard, le 8 mai. Toujours en 1953 et \u00e0 quelques kilom\u00e8tres de l\u00e0, \u00e0 Fraize, la rue Mar\u00e9chal de Lattre de Tassigny est inaugur\u00e9e le 11 novembre. Sa veuve Simone est par ailleurs pr\u00e9sente lors de l&rsquo;inauguration d&rsquo;une autre rue vosgienne portant le nom de son d\u00e9funt mari\u00a0: celle de Granges-sur-Vologne, en 1957 ou 1958.<\/p>\n<p>J.J.<\/p>\n<div id=\"attachment_194168\" style=\"width: 949px\" class=\"wp-caption aligncenter\"><a href=\"\/2022\/12\/Axel_Balland_De_Lattre_de_Tassigny_SDDV.png\" target=\"_blank\" rel=\"noopener\"><img decoding=\"async\" aria-describedby=\"caption-attachment-194168\" class=\"wp-image-194168 size-full\" src=\"\/2022\/12\/Axel_Balland_De_Lattre_de_Tassigny_SDDV.png\" alt=\"Axel_Balland_De_Lattre_de_Tassigny_SDDV\" width=\"939\" height=\"592\" \/><\/a><p id=\"caption-attachment-194168\" class=\"wp-caption-text\">L\u00e9gende de l&rsquo;image: G\u00e9n\u00e9ral de Lattre de Tassigny remettant le drapeau \u00e0 la section Rhin et Danube \u00e0 Saint-Di\u00e9 en avril 1948. Au fond, on remarque les baraques provisoires de la reconstruction (cf. Journal Rhin et Danube n\u00b060).<\/p><\/div>\n","protected":false},"excerpt":{"rendered":"<p>Le g\u00e9n\u00e9ral Jean de Lattre de Tassigny est l&rsquo;un des h\u00e9ros de la Seconde Guerre mondiale. D\u00e9c\u00e9d\u00e9 le 11 janvier [&hellip;]<\/p>\n","protected":false},"author":44,"featured_media":60744,"comment_status":"open","ping_status":"open","sticky":false,"template":"","format":"standard","meta":{"footnotes":""},"categories":[460,7847,2915],"tags":[4352,4427,13411,3215],"class_list":["post-60743","post","type-post","status-publish","format-standard","has-post-thumbnail","hentry","category-a-la-une","category-art-culture","category-saint-die-son-canton","tag-axel-balland","tag-commission-temps-de-guerre-de-la-societe-philomatique-vosgienne","tag-marechal-de-lattre-de-tassigny","tag-societe-philomatique-vosgienne"],"acf":[],"yoast_head":"<!-- This site is optimized with the Yoast SEO plugin v22.5 - https:\/\/yoast.com\/wordpress\/plugins\/seo\/ -->\n<title>Quand le mar\u00e9chal de Lattre de Tassigny se rendait en D\u00e9odatie - Saint Die Info<\/title>\n<meta name=\"robots\" content=\"index, follow, max-snippet:-1, max-image-preview:large, max-video-preview:-1\" \/>\n<link rel=\"canonical\" href=\"https:\/\/vosgesinfo.fr\/saintdieinfo\/2022\/12\/marechal-de-lattre-de-tassigny-se-rendait-deodatie\/\" \/>\n<meta name=\"twitter:card\" content=\"summary_large_image\" \/>\n<meta name=\"twitter:title\" content=\"Quand le mar\u00e9chal de Lattre de Tassigny se rendait en D\u00e9odatie - Saint Die Info\" \/>\n<meta name=\"twitter:description\" content=\"Le g\u00e9n\u00e9ral Jean de Lattre de Tassigny est l&rsquo;un des h\u00e9ros de la Seconde Guerre mondiale. D\u00e9c\u00e9d\u00e9 le 11 janvier [&hellip;]\" \/>\n<meta name=\"twitter:image\" content=\"https:\/\/vosgesinfo.fr\/app\/uploads\/sites\/4\/2024\/08\/202212axel-balland-de-lattre-de-tassigny-sddv.jpg\" \/>\n<meta name=\"twitter:creator\" content=\"@VosgesInfo88\" \/>\n<meta name=\"twitter:site\" content=\"@VosgesInfo88\" \/>\n<meta name=\"twitter:label1\" content=\"\u00c9crit par\" \/>\n\t<meta name=\"twitter:data1\" content=\"la r\u00e9daction\" \/>\n\t<meta name=\"twitter:label2\" content=\"Dur\u00e9e de lecture estim\u00e9e\" \/>\n\t<meta name=\"twitter:data2\" content=\"2 minutes\" \/>\n<script type=\"application\/ld+json\" class=\"yoast-schema-graph\">{\"@context\":\"https:\/\/schema.org\",\"@graph\":[{\"@type\":\"Article\",\"@id\":\"https:\/\/vosgesinfo.fr\/saintdieinfo\/2022\/12\/marechal-de-lattre-de-tassigny-se-rendait-deodatie\/#article\",\"isPartOf\":{\"@id\":\"https:\/\/vosgesinfo.fr\/saintdieinfo\/2022\/12\/marechal-de-lattre-de-tassigny-se-rendait-deodatie\/\"},\"author\":{\"name\":\"la r\u00e9daction\",\"@id\":\"https:\/\/vosgesinfo.fr\/saintdieinfo\/#\/schema\/person\/faee6704a21f3977511db84bd1cd450f\"},\"headline\":\"Quand le mar\u00e9chal de Lattre de Tassigny se rendait en D\u00e9odatie\",\"datePublished\":\"2022-12-12T10:14:58+00:00\",\"dateModified\":\"2022-12-12T10:14:58+00:00\",\"mainEntityOfPage\":{\"@id\":\"https:\/\/vosgesinfo.fr\/saintdieinfo\/2022\/12\/marechal-de-lattre-de-tassigny-se-rendait-deodatie\/\"},\"wordCount\":538,\"commentCount\":0,\"publisher\":{\"@id\":\"https:\/\/vosgesinfo.fr\/saintdieinfo\/#organization\"},\"image\":{\"@id\":\"https:\/\/vosgesinfo.fr\/saintdieinfo\/2022\/12\/marechal-de-lattre-de-tassigny-se-rendait-deodatie\/#primaryimage\"},\"thumbnailUrl\":\"https:\/\/vosgesinfo.fr\/app\/uploads\/sites\/4\/2024\/08\/202212axel-balland-de-lattre-de-tassigny-sddv.jpg\",\"keywords\":[\"Axel Balland\",\"Commission Temps de Guerre de la Soci\u00e9t\u00e9 Philomatique Vosgienne\",\"Mar\u00e9chal de Lattre de Tassigny\",\"Soci\u00e9t\u00e9 Philomatique Vosgienne\"],\"articleSection\":[\"A la Une\",\"Culture\",\"Saint-Di\u00e9-des-Vosges et son Agglom\u00e9ration\"],\"inLanguage\":\"fr-FR\",\"potentialAction\":[{\"@type\":\"CommentAction\",\"name\":\"Comment\",\"target\":[\"https:\/\/vosgesinfo.fr\/saintdieinfo\/2022\/12\/marechal-de-lattre-de-tassigny-se-rendait-deodatie\/#respond\"]}]},{\"@type\":\"WebPage\",\"@id\":\"https:\/\/vosgesinfo.fr\/saintdieinfo\/2022\/12\/marechal-de-lattre-de-tassigny-se-rendait-deodatie\/\",\"url\":\"https:\/\/vosgesinfo.fr\/saintdieinfo\/2022\/12\/marechal-de-lattre-de-tassigny-se-rendait-deodatie\/\",\"name\":\"Quand le mar\u00e9chal de Lattre de Tassigny se rendait en D\u00e9odatie - Saint Die Info\",\"isPartOf\":{\"@id\":\"https:\/\/vosgesinfo.fr\/saintdieinfo\/#website\"},\"primaryImageOfPage\":{\"@id\":\"https:\/\/vosgesinfo.fr\/saintdieinfo\/2022\/12\/marechal-de-lattre-de-tassigny-se-rendait-deodatie\/#primaryimage\"},\"image\":{\"@id\":\"https:\/\/vosgesinfo.fr\/saintdieinfo\/2022\/12\/marechal-de-lattre-de-tassigny-se-rendait-deodatie\/#primaryimage\"},\"thumbnailUrl\":\"https:\/\/vosgesinfo.fr\/app\/uploads\/sites\/4\/2024\/08\/202212axel-balland-de-lattre-de-tassigny-sddv.jpg\",\"datePublished\":\"2022-12-12T10:14:58+00:00\",\"dateModified\":\"2022-12-12T10:14:58+00:00\",\"breadcrumb\":{\"@id\":\"https:\/\/vosgesinfo.fr\/saintdieinfo\/2022\/12\/marechal-de-lattre-de-tassigny-se-rendait-deodatie\/#breadcrumb\"},\"inLanguage\":\"fr-FR\",\"potentialAction\":[{\"@type\":\"ReadAction\",\"target\":[\"https:\/\/vosgesinfo.fr\/saintdieinfo\/2022\/12\/marechal-de-lattre-de-tassigny-se-rendait-deodatie\/\"]}]},{\"@type\":\"ImageObject\",\"inLanguage\":\"fr-FR\",\"@id\":\"https:\/\/vosgesinfo.fr\/saintdieinfo\/2022\/12\/marechal-de-lattre-de-tassigny-se-rendait-deodatie\/#primaryimage\",\"url\":\"https:\/\/vosgesinfo.fr\/app\/uploads\/sites\/4\/2024\/08\/202212axel-balland-de-lattre-de-tassigny-sddv.jpg\",\"contentUrl\":\"https:\/\/vosgesinfo.fr\/app\/uploads\/sites\/4\/2024\/08\/202212axel-balland-de-lattre-de-tassigny-sddv.jpg\",\"width\":1600,\"height\":1205},{\"@type\":\"BreadcrumbList\",\"@id\":\"https:\/\/vosgesinfo.fr\/saintdieinfo\/2022\/12\/marechal-de-lattre-de-tassigny-se-rendait-deodatie\/#breadcrumb\",\"itemListElement\":[{\"@type\":\"ListItem\",\"position\":1,\"name\":\"Home\",\"item\":\"https:\/\/vosgesinfo.fr\/saintdieinfo\/\"},{\"@type\":\"ListItem\",\"position\":2,\"name\":\"Quand le mar\u00e9chal de Lattre de Tassigny se rendait en D\u00e9odatie\"}]},{\"@type\":\"WebSite\",\"@id\":\"https:\/\/vosgesinfo.fr\/saintdieinfo\/#website\",\"url\":\"https:\/\/vosgesinfo.fr\/saintdieinfo\/\",\"name\":\"Saint Die Info\",\"description\":\"Toute l&#039;actualit\u00e9 de Saint-Di\u00e9-Des-Vosges\",\"publisher\":{\"@id\":\"https:\/\/vosgesinfo.fr\/saintdieinfo\/#organization\"},\"alternateName\":\"Toute l'actualit\u00e9 de Saint-Di\u00e9-Des-Vosges\",\"potentialAction\":[{\"@type\":\"SearchAction\",\"target\":{\"@type\":\"EntryPoint\",\"urlTemplate\":\"https:\/\/vosgesinfo.fr\/saintdieinfo\/?s={search_term_string}\"},\"query-input\":\"required name=search_term_string\"}],\"inLanguage\":\"fr-FR\"},{\"@type\":\"Organization\",\"@id\":\"https:\/\/vosgesinfo.fr\/saintdieinfo\/#organization\",\"name\":\"Saint Die Info\",\"url\":\"https:\/\/vosgesinfo.fr\/saintdieinfo\/\",\"logo\":{\"@type\":\"ImageObject\",\"inLanguage\":\"fr-FR\",\"@id\":\"https:\/\/vosgesinfo.fr\/saintdieinfo\/#\/schema\/logo\/image\/\",\"url\":\"https:\/\/vosgesinfo.fr\/app\/uploads\/sites\/4\/2024\/02\/logo-sdi.jpg\",\"contentUrl\":\"https:\/\/vosgesinfo.fr\/app\/uploads\/sites\/4\/2024\/02\/logo-sdi.jpg\",\"width\":600,\"height\":600,\"caption\":\"Saint Die Info\"},\"image\":{\"@id\":\"https:\/\/vosgesinfo.fr\/saintdieinfo\/#\/schema\/logo\/image\/\"},\"sameAs\":[\"https:\/\/www.facebook.com\/Saintdieinfofr\",\"https:\/\/x.com\/VosgesInfo88\",\"https:\/\/www.youtube.com\/@vosgesinfo\"]},{\"@type\":\"Person\",\"@id\":\"https:\/\/vosgesinfo.fr\/saintdieinfo\/#\/schema\/person\/faee6704a21f3977511db84bd1cd450f\",\"name\":\"la r\u00e9daction\",\"image\":{\"@type\":\"ImageObject\",\"inLanguage\":\"fr-FR\",\"@id\":\"https:\/\/vosgesinfo.fr\/saintdieinfo\/#\/schema\/person\/image\/\",\"url\":\"https:\/\/secure.gravatar.com\/avatar\/6673d8bc6a9c17fa9a453eaa3448de834fa308c2ec9635b7aa99441a7c8d2cf6?s=96&d=mm&r=g\",\"contentUrl\":\"https:\/\/secure.gravatar.com\/avatar\/6673d8bc6a9c17fa9a453eaa3448de834fa308c2ec9635b7aa99441a7c8d2cf6?s=96&d=mm&r=g\",\"caption\":\"la r\u00e9daction\"},\"url\":\"https:\/\/vosgesinfo.fr\/saintdieinfo\/author\/redac\/\"}]}<\/script>\n<!-- \/ Yoast SEO plugin. -->","yoast_head_json":{"title":"Quand le mar\u00e9chal de Lattre de Tassigny se rendait en D\u00e9odatie - Saint Die Info","robots":{"index":"index","follow":"follow","max-snippet":"max-snippet:-1","max-image-preview":"max-image-preview:large","max-video-preview":"max-video-preview:-1"},"canonical":"https:\/\/vosgesinfo.fr\/saintdieinfo\/2022\/12\/marechal-de-lattre-de-tassigny-se-rendait-deodatie\/","twitter_card":"summary_large_image","twitter_title":"Quand le mar\u00e9chal de Lattre de Tassigny se rendait en D\u00e9odatie - Saint Die Info","twitter_description":"Le g\u00e9n\u00e9ral Jean de Lattre de Tassigny est l&rsquo;un des h\u00e9ros de la Seconde Guerre mondiale. D\u00e9c\u00e9d\u00e9 le 11 janvier [&hellip;]","twitter_image":"https:\/\/vosgesinfo.fr\/app\/uploads\/sites\/4\/2024\/08\/202212axel-balland-de-lattre-de-tassigny-sddv.jpg","twitter_creator":"@VosgesInfo88","twitter_site":"@VosgesInfo88","twitter_misc":{"\u00c9crit par":"la r\u00e9daction","Dur\u00e9e de lecture estim\u00e9e":"2 minutes"},"schema":{"@context":"https:\/\/schema.org","@graph":[{"@type":"Article","@id":"https:\/\/vosgesinfo.fr\/saintdieinfo\/2022\/12\/marechal-de-lattre-de-tassigny-se-rendait-deodatie\/#article","isPartOf":{"@id":"https:\/\/vosgesinfo.fr\/saintdieinfo\/2022\/12\/marechal-de-lattre-de-tassigny-se-rendait-deodatie\/"},"author":{"name":"la r\u00e9daction","@id":"https:\/\/vosgesinfo.fr\/saintdieinfo\/#\/schema\/person\/faee6704a21f3977511db84bd1cd450f"},"headline":"Quand le mar\u00e9chal de Lattre de Tassigny se rendait en D\u00e9odatie","datePublished":"2022-12-12T10:14:58+00:00","dateModified":"2022-12-12T10:14:58+00:00","mainEntityOfPage":{"@id":"https:\/\/vosgesinfo.fr\/saintdieinfo\/2022\/12\/marechal-de-lattre-de-tassigny-se-rendait-deodatie\/"},"wordCount":538,"commentCount":0,"publisher":{"@id":"https:\/\/vosgesinfo.fr\/saintdieinfo\/#organization"},"image":{"@id":"https:\/\/vosgesinfo.fr\/saintdieinfo\/2022\/12\/marechal-de-lattre-de-tassigny-se-rendait-deodatie\/#primaryimage"},"thumbnailUrl":"https:\/\/vosgesinfo.fr\/app\/uploads\/sites\/4\/2024\/08\/202212axel-balland-de-lattre-de-tassigny-sddv.jpg","keywords":["Axel Balland","Commission Temps de Guerre de la Soci\u00e9t\u00e9 Philomatique Vosgienne","Mar\u00e9chal de Lattre de Tassigny","Soci\u00e9t\u00e9 Philomatique Vosgienne"],"articleSection":["A la Une","Culture","Saint-Di\u00e9-des-Vosges et son Agglom\u00e9ration"],"inLanguage":"fr-FR","potentialAction":[{"@type":"CommentAction","name":"Comment","target":["https:\/\/vosgesinfo.fr\/saintdieinfo\/2022\/12\/marechal-de-lattre-de-tassigny-se-rendait-deodatie\/#respond"]}]},{"@type":"WebPage","@id":"https:\/\/vosgesinfo.fr\/saintdieinfo\/2022\/12\/marechal-de-lattre-de-tassigny-se-rendait-deodatie\/","url":"https:\/\/vosgesinfo.fr\/saintdieinfo\/2022\/12\/marechal-de-lattre-de-tassigny-se-rendait-deodatie\/","name":"Quand le mar\u00e9chal de Lattre de Tassigny se rendait en D\u00e9odatie - Saint Die Info","isPartOf":{"@id":"https:\/\/vosgesinfo.fr\/saintdieinfo\/#website"},"primaryImageOfPage":{"@id":"https:\/\/vosgesinfo.fr\/saintdieinfo\/2022\/12\/marechal-de-lattre-de-tassigny-se-rendait-deodatie\/#primaryimage"},"image":{"@id":"https:\/\/vosgesinfo.fr\/saintdieinfo\/2022\/12\/marechal-de-lattre-de-tassigny-se-rendait-deodatie\/#primaryimage"},"thumbnailUrl":"https:\/\/vosgesinfo.fr\/app\/uploads\/sites\/4\/2024\/08\/202212axel-balland-de-lattre-de-tassigny-sddv.jpg","datePublished":"2022-12-12T10:14:58+00:00","dateModified":"2022-12-12T10:14:58+00:00","breadcrumb":{"@id":"https:\/\/vosgesinfo.fr\/saintdieinfo\/2022\/12\/marechal-de-lattre-de-tassigny-se-rendait-deodatie\/#breadcrumb"},"inLanguage":"fr-FR","potentialAction":[{"@type":"ReadAction","target":["https:\/\/vosgesinfo.fr\/saintdieinfo\/2022\/12\/marechal-de-lattre-de-tassigny-se-rendait-deodatie\/"]}]},{"@type":"ImageObject","inLanguage":"fr-FR","@id":"https:\/\/vosgesinfo.fr\/saintdieinfo\/2022\/12\/marechal-de-lattre-de-tassigny-se-rendait-deodatie\/#primaryimage","url":"https:\/\/vosgesinfo.fr\/app\/uploads\/sites\/4\/2024\/08\/202212axel-balland-de-lattre-de-tassigny-sddv.jpg","contentUrl":"https:\/\/vosgesinfo.fr\/app\/uploads\/sites\/4\/2024\/08\/202212axel-balland-de-lattre-de-tassigny-sddv.jpg","width":1600,"height":1205},{"@type":"BreadcrumbList","@id":"https:\/\/vosgesinfo.fr\/saintdieinfo\/2022\/12\/marechal-de-lattre-de-tassigny-se-rendait-deodatie\/#breadcrumb","itemListElement":[{"@type":"ListItem","position":1,"name":"Home","item":"https:\/\/vosgesinfo.fr\/saintdieinfo\/"},{"@type":"ListItem","position":2,"name":"Quand le mar\u00e9chal de Lattre de Tassigny se rendait en D\u00e9odatie"}]},{"@type":"WebSite","@id":"https:\/\/vosgesinfo.fr\/saintdieinfo\/#website","url":"https:\/\/vosgesinfo.fr\/saintdieinfo\/","name":"Saint Die Info","description":"Toute l&#039;actualit\u00e9 de Saint-Di\u00e9-Des-Vosges","publisher":{"@id":"https:\/\/vosgesinfo.fr\/saintdieinfo\/#organization"},"alternateName":"Toute l'actualit\u00e9 de Saint-Di\u00e9-Des-Vosges","potentialAction":[{"@type":"SearchAction","target":{"@type":"EntryPoint","urlTemplate":"https:\/\/vosgesinfo.fr\/saintdieinfo\/?s={search_term_string}"},"query-input":"required name=search_term_string"}],"inLanguage":"fr-FR"},{"@type":"Organization","@id":"https:\/\/vosgesinfo.fr\/saintdieinfo\/#organization","name":"Saint Die Info","url":"https:\/\/vosgesinfo.fr\/saintdieinfo\/","logo":{"@type":"ImageObject","inLanguage":"fr-FR","@id":"https:\/\/vosgesinfo.fr\/saintdieinfo\/#\/schema\/logo\/image\/","url":"https:\/\/vosgesinfo.fr\/app\/uploads\/sites\/4\/2024\/02\/logo-sdi.jpg","contentUrl":"https:\/\/vosgesinfo.fr\/app\/uploads\/sites\/4\/2024\/02\/logo-sdi.jpg","width":600,"height":600,"caption":"Saint Die Info"},"image":{"@id":"https:\/\/vosgesinfo.fr\/saintdieinfo\/#\/schema\/logo\/image\/"},"sameAs":["https:\/\/www.facebook.com\/Saintdieinfofr","https:\/\/x.com\/VosgesInfo88","https:\/\/www.youtube.com\/@vosgesinfo"]},{"@type":"Person","@id":"https:\/\/vosgesinfo.fr\/saintdieinfo\/#\/schema\/person\/faee6704a21f3977511db84bd1cd450f","name":"la r\u00e9daction","image":{"@type":"ImageObject","inLanguage":"fr-FR","@id":"https:\/\/vosgesinfo.fr\/saintdieinfo\/#\/schema\/person\/image\/","url":"https:\/\/secure.gravatar.com\/avatar\/6673d8bc6a9c17fa9a453eaa3448de834fa308c2ec9635b7aa99441a7c8d2cf6?s=96&d=mm&r=g","contentUrl":"https:\/\/secure.gravatar.com\/avatar\/6673d8bc6a9c17fa9a453eaa3448de834fa308c2ec9635b7aa99441a7c8d2cf6?s=96&d=mm&r=g","caption":"la r\u00e9daction"},"url":"https:\/\/vosgesinfo.fr\/saintdieinfo\/author\/redac\/"}]}},"_links":{"self":[{"href":"https:\/\/vosgesinfo.fr\/saintdieinfo\/wp-json\/wp\/v2\/posts\/60743","targetHints":{"allow":["GET"]}}],"collection":[{"href":"https:\/\/vosgesinfo.fr\/saintdieinfo\/wp-json\/wp\/v2\/posts"}],"about":[{"href":"https:\/\/vosgesinfo.fr\/saintdieinfo\/wp-json\/wp\/v2\/types\/post"}],"author":[{"embeddable":true,"href":"https:\/\/vosgesinfo.fr\/saintdieinfo\/wp-json\/wp\/v2\/users\/44"}],"replies":[{"embeddable":true,"href":"https:\/\/vosgesinfo.fr\/saintdieinfo\/wp-json\/wp\/v2\/comments?post=60743"}],"version-history":[{"count":0,"href":"https:\/\/vosgesinfo.fr\/saintdieinfo\/wp-json\/wp\/v2\/posts\/60743\/revisions"}],"wp:featuredmedia":[{"embeddable":true,"href":"https:\/\/vosgesinfo.fr\/saintdieinfo\/wp-json\/wp\/v2\/media\/60744"}],"wp:attachment":[{"href":"https:\/\/vosgesinfo.fr\/saintdieinfo\/wp-json\/wp\/v2\/media?parent=60743"}],"wp:term":[{"taxonomy":"category","embeddable":true,"href":"https:\/\/vosgesinfo.fr\/saintdieinfo\/wp-json\/wp\/v2\/categories?post=60743"},{"taxonomy":"post_tag","embeddable":true,"href":"https:\/\/vosgesinfo.fr\/saintdieinfo\/wp-json\/wp\/v2\/tags?post=60743"}],"curies":[{"name":"wp","href":"https:\/\/api.w.org\/{rel}","templated":true}]}}