{"id":60749,"date":"2022-12-12T14:35:10","date_gmt":"2022-12-12T13:35:10","guid":{"rendered":"https:\/\/vosgesinfo.fr\/saintdieinfo\/2022\/12\/plus-de-1300-colis-gourmands-seniors-deodatiens-2\/"},"modified":"2022-12-12T14:35:10","modified_gmt":"2022-12-12T13:35:10","slug":"plus-de-1300-colis-gourmands-seniors-deodatiens-2","status":"publish","type":"post","link":"https:\/\/vosgesinfo.fr\/saintdieinfo\/2022\/12\/plus-de-1300-colis-gourmands-seniors-deodatiens-2\/","title":{"rendered":"Plus de 1300 colis gourmands pour les s\u00e9niors d\u00e9odatiens"},"content":{"rendered":"<p><a href=\"\/2022\/12\/Distributions_Colis_S\u00e9niors_SDDV.jpg\" target=\"_blank\" rel=\"noopener\"><img decoding=\"async\" class=\"aligncenter wp-image-194176 size-large\" src=\"\/2022\/12\/Distributions_Colis_S\u00e9niors_SDDV-1024x768.jpg\" alt=\"Distributions_Colis_S\u00e9niors_SDDV\" width=\"960\" height=\"720\" \/><\/a><\/p>\n<h2><strong><span style=\"font-size: 14pt;\">En ce lundi 12 d\u00e9cembre a d\u00e9but\u00e9 la distribution des colis gourmands aux s\u00e9niors d\u00e9odatiens de plus de 80 ans, comme chaque ann\u00e9e \u00e0 l&rsquo;approche de No\u00ebl et Nouvel An.<\/span><\/strong><\/h2>\n<p><!--more--><\/p>\n<p>En d\u00e9but d&rsquo;apr\u00e8s-midi, la quarantaine de personnes participant \u00e0 la distribution des friandises s&rsquo;est r\u00e9unie \u00e0 l&rsquo;Espace Fran\u00e7ois-Mitterrand, pour ensuite se r\u00e9partir en bin\u00f4mes et aller \u00e0 la rencontre des b\u00e9n\u00e9ficiaires. Ces bin\u00f4mes sont compos\u00e9s de salari\u00e9s de la Ville et du CCAS, d&rsquo;\u00e9lus et de b\u00e9n\u00e9voles de l&rsquo;association \u00ab\u00a0Plus forts pour Saint-Di\u00e9 avec Bruno Toussaint\u00a0\u00bb. Au terme de la tourn\u00e9e, ce sont 1350 colis qui auront \u00e9t\u00e9 distribu\u00e9s, et 400 colis offerts aux r\u00e9sidents des EHPAD de la commune. Les colis remis \u00e0 domicile se composent de boissons, pot de miel, terrine, g\u00e2teaux et chocolats, tandis que le colis destin\u00e9 aux r\u00e9sidents des EHPAD contient un mug, des p\u00e2tes de fruits et des tisanes.<\/p>\n<p>\u00ab\u00a0Afin de garnir ces colis, nous avons sollicit\u00e9 avant tout des commer\u00e7ants locaux. C&rsquo;est important pour dynamiser le commerce d\u00e9odatien. Pour celles et ceux qui ne sont pas \u00e0 leur domicile lors du passage de nos \u00e9quipes, c&rsquo;est aupr\u00e8s du CCAS qu&rsquo;ils sont invit\u00e9s \u00e0 se faire conna\u00eetre. Un bon de passage leur a \u00e9t\u00e9 gliss\u00e9 dans la bo\u00eete aux lettres. Pour obtenir leur colis, il suffira de le pr\u00e9senter \u00e0 l&rsquo;accueil du CCAS, rue d&rsquo;Am\u00e9rique, jusqu&rsquo;au 19 d\u00e9cembre\u00a0\u00bb pr\u00e9cise le maire Bruno Toussaint. Outre le colis en lui m\u00eame, la tourn\u00e9e de distribution permet \u00e9galement d&rsquo;apporter du r\u00e9confort \u00e0 des personnes qui, quelquefois, sont confront\u00e9es \u00e0 la solitude dans leur quotidien.<\/p>\n<p>J.J.<\/p>\n<p>&nbsp;<\/p>\n","protected":false},"excerpt":{"rendered":"<p>En ce lundi 12 d\u00e9cembre a d\u00e9but\u00e9 la distribution des colis gourmands aux s\u00e9niors d\u00e9odatiens de plus de 80 ans, [&hellip;]<\/p>\n","protected":false},"author":44,"featured_media":60750,"comment_status":"open","ping_status":"open","sticky":false,"template":"","format":"standard","meta":{"footnotes":""},"categories":[460,2915,29],"tags":[13414,3089,3240],"class_list":["post-60749","post","type-post","status-publish","format-standard","has-post-thumbnail","hentry","category-a-la-une","category-saint-die-son-canton","category-solidarite","tag-distribution-de-colis-aux-seniors-deodatiens","tag-espace-francois-mitterrand","tag-ville-de-saint-die-des-vosges"],"acf":[],"yoast_head":"<!-- This site is optimized with the Yoast SEO plugin v22.5 - https:\/\/yoast.com\/wordpress\/plugins\/seo\/ -->\n<title>Plus de 1300 colis gourmands pour les s\u00e9niors d\u00e9odatiens - Saint Die Info<\/title>\n<meta name=\"robots\" content=\"index, follow, max-snippet:-1, max-image-preview:large, max-video-preview:-1\" \/>\n<link rel=\"canonical\" href=\"https:\/\/vosgesinfo.fr\/saintdieinfo\/2022\/12\/plus-de-1300-colis-gourmands-seniors-deodatiens-2\/\" \/>\n<meta name=\"twitter:card\" content=\"summary_large_image\" \/>\n<meta name=\"twitter:title\" content=\"Plus de 1300 colis gourmands pour les s\u00e9niors d\u00e9odatiens - Saint Die Info\" \/>\n<meta name=\"twitter:description\" content=\"En ce lundi 12 d\u00e9cembre a d\u00e9but\u00e9 la distribution des colis gourmands aux s\u00e9niors d\u00e9odatiens de plus de 80 ans, [&hellip;]\" \/>\n<meta name=\"twitter:image\" content=\"https:\/\/vosgesinfo.fr\/app\/uploads\/sites\/4\/2024\/08\/202212distributions-colis-seniors-sddv.jpg\" \/>\n<meta name=\"twitter:creator\" content=\"@VosgesInfo88\" \/>\n<meta name=\"twitter:site\" content=\"@VosgesInfo88\" \/>\n<meta name=\"twitter:label1\" content=\"\u00c9crit par\" \/>\n\t<meta name=\"twitter:data1\" content=\"la r\u00e9daction\" \/>\n\t<meta name=\"twitter:label2\" content=\"Dur\u00e9e de lecture estim\u00e9e\" \/>\n\t<meta name=\"twitter:data2\" content=\"1 minute\" \/>\n<script type=\"application\/ld+json\" class=\"yoast-schema-graph\">{\"@context\":\"https:\/\/schema.org\",\"@graph\":[{\"@type\":\"Article\",\"@id\":\"https:\/\/vosgesinfo.fr\/saintdieinfo\/2022\/12\/plus-de-1300-colis-gourmands-seniors-deodatiens-2\/#article\",\"isPartOf\":{\"@id\":\"https:\/\/vosgesinfo.fr\/saintdieinfo\/2022\/12\/plus-de-1300-colis-gourmands-seniors-deodatiens-2\/\"},\"author\":{\"name\":\"la r\u00e9daction\",\"@id\":\"https:\/\/vosgesinfo.fr\/saintdieinfo\/#\/schema\/person\/faee6704a21f3977511db84bd1cd450f\"},\"headline\":\"Plus de 1300 colis gourmands pour les s\u00e9niors d\u00e9odatiens\",\"datePublished\":\"2022-12-12T13:35:10+00:00\",\"dateModified\":\"2022-12-12T13:35:10+00:00\",\"mainEntityOfPage\":{\"@id\":\"https:\/\/vosgesinfo.fr\/saintdieinfo\/2022\/12\/plus-de-1300-colis-gourmands-seniors-deodatiens-2\/\"},\"wordCount\":307,\"commentCount\":0,\"publisher\":{\"@id\":\"https:\/\/vosgesinfo.fr\/saintdieinfo\/#organization\"},\"image\":{\"@id\":\"https:\/\/vosgesinfo.fr\/saintdieinfo\/2022\/12\/plus-de-1300-colis-gourmands-seniors-deodatiens-2\/#primaryimage\"},\"thumbnailUrl\":\"https:\/\/vosgesinfo.fr\/app\/uploads\/sites\/4\/2024\/08\/202212distributions-colis-seniors-sddv.jpg\",\"keywords\":[\"Distribution de colis aux S\u00e9niors d\u00e9odatiens\",\"Espace Fran\u00e7ois-Mitterrand\",\"Ville de Saint-Di\u00e9-des-Vosges\"],\"articleSection\":[\"A la Une\",\"Saint-Di\u00e9-des-Vosges et son Agglom\u00e9ration\",\"Solidarit\u00e9\"],\"inLanguage\":\"fr-FR\",\"potentialAction\":[{\"@type\":\"CommentAction\",\"name\":\"Comment\",\"target\":[\"https:\/\/vosgesinfo.fr\/saintdieinfo\/2022\/12\/plus-de-1300-colis-gourmands-seniors-deodatiens-2\/#respond\"]}]},{\"@type\":\"WebPage\",\"@id\":\"https:\/\/vosgesinfo.fr\/saintdieinfo\/2022\/12\/plus-de-1300-colis-gourmands-seniors-deodatiens-2\/\",\"url\":\"https:\/\/vosgesinfo.fr\/saintdieinfo\/2022\/12\/plus-de-1300-colis-gourmands-seniors-deodatiens-2\/\",\"name\":\"Plus de 1300 colis gourmands pour les s\u00e9niors d\u00e9odatiens - Saint Die Info\",\"isPartOf\":{\"@id\":\"https:\/\/vosgesinfo.fr\/saintdieinfo\/#website\"},\"primaryImageOfPage\":{\"@id\":\"https:\/\/vosgesinfo.fr\/saintdieinfo\/2022\/12\/plus-de-1300-colis-gourmands-seniors-deodatiens-2\/#primaryimage\"},\"image\":{\"@id\":\"https:\/\/vosgesinfo.fr\/saintdieinfo\/2022\/12\/plus-de-1300-colis-gourmands-seniors-deodatiens-2\/#primaryimage\"},\"thumbnailUrl\":\"https:\/\/vosgesinfo.fr\/app\/uploads\/sites\/4\/2024\/08\/202212distributions-colis-seniors-sddv.jpg\",\"datePublished\":\"2022-12-12T13:35:10+00:00\",\"dateModified\":\"2022-12-12T13:35:10+00:00\",\"breadcrumb\":{\"@id\":\"https:\/\/vosgesinfo.fr\/saintdieinfo\/2022\/12\/plus-de-1300-colis-gourmands-seniors-deodatiens-2\/#breadcrumb\"},\"inLanguage\":\"fr-FR\",\"potentialAction\":[{\"@type\":\"ReadAction\",\"target\":[\"https:\/\/vosgesinfo.fr\/saintdieinfo\/2022\/12\/plus-de-1300-colis-gourmands-seniors-deodatiens-2\/\"]}]},{\"@type\":\"ImageObject\",\"inLanguage\":\"fr-FR\",\"@id\":\"https:\/\/vosgesinfo.fr\/saintdieinfo\/2022\/12\/plus-de-1300-colis-gourmands-seniors-deodatiens-2\/#primaryimage\",\"url\":\"https:\/\/vosgesinfo.fr\/app\/uploads\/sites\/4\/2024\/08\/202212distributions-colis-seniors-sddv.jpg\",\"contentUrl\":\"https:\/\/vosgesinfo.fr\/app\/uploads\/sites\/4\/2024\/08\/202212distributions-colis-seniors-sddv.jpg\",\"width\":1080,\"height\":810},{\"@type\":\"BreadcrumbList\",\"@id\":\"https:\/\/vosgesinfo.fr\/saintdieinfo\/2022\/12\/plus-de-1300-colis-gourmands-seniors-deodatiens-2\/#breadcrumb\",\"itemListElement\":[{\"@type\":\"ListItem\",\"position\":1,\"name\":\"Home\",\"item\":\"https:\/\/vosgesinfo.fr\/saintdieinfo\/\"},{\"@type\":\"ListItem\",\"position\":2,\"name\":\"Plus de 1300 colis gourmands pour les s\u00e9niors d\u00e9odatiens\"}]},{\"@type\":\"WebSite\",\"@id\":\"https:\/\/vosgesinfo.fr\/saintdieinfo\/#website\",\"url\":\"https:\/\/vosgesinfo.fr\/saintdieinfo\/\",\"name\":\"Saint Die Info\",\"description\":\"Toute l&#039;actualit\u00e9 de Saint-Di\u00e9-Des-Vosges\",\"publisher\":{\"@id\":\"https:\/\/vosgesinfo.fr\/saintdieinfo\/#organization\"},\"alternateName\":\"Toute l'actualit\u00e9 de Saint-Di\u00e9-Des-Vosges\",\"potentialAction\":[{\"@type\":\"SearchAction\",\"target\":{\"@type\":\"EntryPoint\",\"urlTemplate\":\"https:\/\/vosgesinfo.fr\/saintdieinfo\/?s={search_term_string}\"},\"query-input\":\"required name=search_term_string\"}],\"inLanguage\":\"fr-FR\"},{\"@type\":\"Organization\",\"@id\":\"https:\/\/vosgesinfo.fr\/saintdieinfo\/#organization\",\"name\":\"Saint Die Info\",\"url\":\"https:\/\/vosgesinfo.fr\/saintdieinfo\/\",\"logo\":{\"@type\":\"ImageObject\",\"inLanguage\":\"fr-FR\",\"@id\":\"https:\/\/vosgesinfo.fr\/saintdieinfo\/#\/schema\/logo\/image\/\",\"url\":\"https:\/\/vosgesinfo.fr\/app\/uploads\/sites\/4\/2024\/02\/logo-sdi.jpg\",\"contentUrl\":\"https:\/\/vosgesinfo.fr\/app\/uploads\/sites\/4\/2024\/02\/logo-sdi.jpg\",\"width\":600,\"height\":600,\"caption\":\"Saint Die Info\"},\"image\":{\"@id\":\"https:\/\/vosgesinfo.fr\/saintdieinfo\/#\/schema\/logo\/image\/\"},\"sameAs\":[\"https:\/\/www.facebook.com\/Saintdieinfofr\",\"https:\/\/x.com\/VosgesInfo88\",\"https:\/\/www.youtube.com\/@vosgesinfo\"]},{\"@type\":\"Person\",\"@id\":\"https:\/\/vosgesinfo.fr\/saintdieinfo\/#\/schema\/person\/faee6704a21f3977511db84bd1cd450f\",\"name\":\"la r\u00e9daction\",\"image\":{\"@type\":\"ImageObject\",\"inLanguage\":\"fr-FR\",\"@id\":\"https:\/\/vosgesinfo.fr\/saintdieinfo\/#\/schema\/person\/image\/\",\"url\":\"https:\/\/secure.gravatar.com\/avatar\/6673d8bc6a9c17fa9a453eaa3448de834fa308c2ec9635b7aa99441a7c8d2cf6?s=96&d=mm&r=g\",\"contentUrl\":\"https:\/\/secure.gravatar.com\/avatar\/6673d8bc6a9c17fa9a453eaa3448de834fa308c2ec9635b7aa99441a7c8d2cf6?s=96&d=mm&r=g\",\"caption\":\"la r\u00e9daction\"},\"url\":\"https:\/\/vosgesinfo.fr\/saintdieinfo\/author\/redac\/\"}]}<\/script>\n<!-- \/ Yoast SEO plugin. -->","yoast_head_json":{"title":"Plus de 1300 colis gourmands pour les s\u00e9niors d\u00e9odatiens - Saint Die Info","robots":{"index":"index","follow":"follow","max-snippet":"max-snippet:-1","max-image-preview":"max-image-preview:large","max-video-preview":"max-video-preview:-1"},"canonical":"https:\/\/vosgesinfo.fr\/saintdieinfo\/2022\/12\/plus-de-1300-colis-gourmands-seniors-deodatiens-2\/","twitter_card":"summary_large_image","twitter_title":"Plus de 1300 colis gourmands pour les s\u00e9niors d\u00e9odatiens - Saint Die Info","twitter_description":"En ce lundi 12 d\u00e9cembre a d\u00e9but\u00e9 la distribution des colis gourmands aux s\u00e9niors d\u00e9odatiens de plus de 80 ans, [&hellip;]","twitter_image":"https:\/\/vosgesinfo.fr\/app\/uploads\/sites\/4\/2024\/08\/202212distributions-colis-seniors-sddv.jpg","twitter_creator":"@VosgesInfo88","twitter_site":"@VosgesInfo88","twitter_misc":{"\u00c9crit par":"la r\u00e9daction","Dur\u00e9e de lecture estim\u00e9e":"1 minute"},"schema":{"@context":"https:\/\/schema.org","@graph":[{"@type":"Article","@id":"https:\/\/vosgesinfo.fr\/saintdieinfo\/2022\/12\/plus-de-1300-colis-gourmands-seniors-deodatiens-2\/#article","isPartOf":{"@id":"https:\/\/vosgesinfo.fr\/saintdieinfo\/2022\/12\/plus-de-1300-colis-gourmands-seniors-deodatiens-2\/"},"author":{"name":"la r\u00e9daction","@id":"https:\/\/vosgesinfo.fr\/saintdieinfo\/#\/schema\/person\/faee6704a21f3977511db84bd1cd450f"},"headline":"Plus de 1300 colis gourmands pour les s\u00e9niors d\u00e9odatiens","datePublished":"2022-12-12T13:35:10+00:00","dateModified":"2022-12-12T13:35:10+00:00","mainEntityOfPage":{"@id":"https:\/\/vosgesinfo.fr\/saintdieinfo\/2022\/12\/plus-de-1300-colis-gourmands-seniors-deodatiens-2\/"},"wordCount":307,"commentCount":0,"publisher":{"@id":"https:\/\/vosgesinfo.fr\/saintdieinfo\/#organization"},"image":{"@id":"https:\/\/vosgesinfo.fr\/saintdieinfo\/2022\/12\/plus-de-1300-colis-gourmands-seniors-deodatiens-2\/#primaryimage"},"thumbnailUrl":"https:\/\/vosgesinfo.fr\/app\/uploads\/sites\/4\/2024\/08\/202212distributions-colis-seniors-sddv.jpg","keywords":["Distribution de colis aux S\u00e9niors d\u00e9odatiens","Espace Fran\u00e7ois-Mitterrand","Ville de Saint-Di\u00e9-des-Vosges"],"articleSection":["A la Une","Saint-Di\u00e9-des-Vosges et son Agglom\u00e9ration","Solidarit\u00e9"],"inLanguage":"fr-FR","potentialAction":[{"@type":"CommentAction","name":"Comment","target":["https:\/\/vosgesinfo.fr\/saintdieinfo\/2022\/12\/plus-de-1300-colis-gourmands-seniors-deodatiens-2\/#respond"]}]},{"@type":"WebPage","@id":"https:\/\/vosgesinfo.fr\/saintdieinfo\/2022\/12\/plus-de-1300-colis-gourmands-seniors-deodatiens-2\/","url":"https:\/\/vosgesinfo.fr\/saintdieinfo\/2022\/12\/plus-de-1300-colis-gourmands-seniors-deodatiens-2\/","name":"Plus de 1300 colis gourmands pour les s\u00e9niors d\u00e9odatiens - Saint Die Info","isPartOf":{"@id":"https:\/\/vosgesinfo.fr\/saintdieinfo\/#website"},"primaryImageOfPage":{"@id":"https:\/\/vosgesinfo.fr\/saintdieinfo\/2022\/12\/plus-de-1300-colis-gourmands-seniors-deodatiens-2\/#primaryimage"},"image":{"@id":"https:\/\/vosgesinfo.fr\/saintdieinfo\/2022\/12\/plus-de-1300-colis-gourmands-seniors-deodatiens-2\/#primaryimage"},"thumbnailUrl":"https:\/\/vosgesinfo.fr\/app\/uploads\/sites\/4\/2024\/08\/202212distributions-colis-seniors-sddv.jpg","datePublished":"2022-12-12T13:35:10+00:00","dateModified":"2022-12-12T13:35:10+00:00","breadcrumb":{"@id":"https:\/\/vosgesinfo.fr\/saintdieinfo\/2022\/12\/plus-de-1300-colis-gourmands-seniors-deodatiens-2\/#breadcrumb"},"inLanguage":"fr-FR","potentialAction":[{"@type":"ReadAction","target":["https:\/\/vosgesinfo.fr\/saintdieinfo\/2022\/12\/plus-de-1300-colis-gourmands-seniors-deodatiens-2\/"]}]},{"@type":"ImageObject","inLanguage":"fr-FR","@id":"https:\/\/vosgesinfo.fr\/saintdieinfo\/2022\/12\/plus-de-1300-colis-gourmands-seniors-deodatiens-2\/#primaryimage","url":"https:\/\/vosgesinfo.fr\/app\/uploads\/sites\/4\/2024\/08\/202212distributions-colis-seniors-sddv.jpg","contentUrl":"https:\/\/vosgesinfo.fr\/app\/uploads\/sites\/4\/2024\/08\/202212distributions-colis-seniors-sddv.jpg","width":1080,"height":810},{"@type":"BreadcrumbList","@id":"https:\/\/vosgesinfo.fr\/saintdieinfo\/2022\/12\/plus-de-1300-colis-gourmands-seniors-deodatiens-2\/#breadcrumb","itemListElement":[{"@type":"ListItem","position":1,"name":"Home","item":"https:\/\/vosgesinfo.fr\/saintdieinfo\/"},{"@type":"ListItem","position":2,"name":"Plus de 1300 colis gourmands pour les s\u00e9niors d\u00e9odatiens"}]},{"@type":"WebSite","@id":"https:\/\/vosgesinfo.fr\/saintdieinfo\/#website","url":"https:\/\/vosgesinfo.fr\/saintdieinfo\/","name":"Saint Die Info","description":"Toute l&#039;actualit\u00e9 de Saint-Di\u00e9-Des-Vosges","publisher":{"@id":"https:\/\/vosgesinfo.fr\/saintdieinfo\/#organization"},"alternateName":"Toute l'actualit\u00e9 de Saint-Di\u00e9-Des-Vosges","potentialAction":[{"@type":"SearchAction","target":{"@type":"EntryPoint","urlTemplate":"https:\/\/vosgesinfo.fr\/saintdieinfo\/?s={search_term_string}"},"query-input":"required name=search_term_string"}],"inLanguage":"fr-FR"},{"@type":"Organization","@id":"https:\/\/vosgesinfo.fr\/saintdieinfo\/#organization","name":"Saint Die Info","url":"https:\/\/vosgesinfo.fr\/saintdieinfo\/","logo":{"@type":"ImageObject","inLanguage":"fr-FR","@id":"https:\/\/vosgesinfo.fr\/saintdieinfo\/#\/schema\/logo\/image\/","url":"https:\/\/vosgesinfo.fr\/app\/uploads\/sites\/4\/2024\/02\/logo-sdi.jpg","contentUrl":"https:\/\/vosgesinfo.fr\/app\/uploads\/sites\/4\/2024\/02\/logo-sdi.jpg","width":600,"height":600,"caption":"Saint Die Info"},"image":{"@id":"https:\/\/vosgesinfo.fr\/saintdieinfo\/#\/schema\/logo\/image\/"},"sameAs":["https:\/\/www.facebook.com\/Saintdieinfofr","https:\/\/x.com\/VosgesInfo88","https:\/\/www.youtube.com\/@vosgesinfo"]},{"@type":"Person","@id":"https:\/\/vosgesinfo.fr\/saintdieinfo\/#\/schema\/person\/faee6704a21f3977511db84bd1cd450f","name":"la r\u00e9daction","image":{"@type":"ImageObject","inLanguage":"fr-FR","@id":"https:\/\/vosgesinfo.fr\/saintdieinfo\/#\/schema\/person\/image\/","url":"https:\/\/secure.gravatar.com\/avatar\/6673d8bc6a9c17fa9a453eaa3448de834fa308c2ec9635b7aa99441a7c8d2cf6?s=96&d=mm&r=g","contentUrl":"https:\/\/secure.gravatar.com\/avatar\/6673d8bc6a9c17fa9a453eaa3448de834fa308c2ec9635b7aa99441a7c8d2cf6?s=96&d=mm&r=g","caption":"la r\u00e9daction"},"url":"https:\/\/vosgesinfo.fr\/saintdieinfo\/author\/redac\/"}]}},"_links":{"self":[{"href":"https:\/\/vosgesinfo.fr\/saintdieinfo\/wp-json\/wp\/v2\/posts\/60749","targetHints":{"allow":["GET"]}}],"collection":[{"href":"https:\/\/vosgesinfo.fr\/saintdieinfo\/wp-json\/wp\/v2\/posts"}],"about":[{"href":"https:\/\/vosgesinfo.fr\/saintdieinfo\/wp-json\/wp\/v2\/types\/post"}],"author":[{"embeddable":true,"href":"https:\/\/vosgesinfo.fr\/saintdieinfo\/wp-json\/wp\/v2\/users\/44"}],"replies":[{"embeddable":true,"href":"https:\/\/vosgesinfo.fr\/saintdieinfo\/wp-json\/wp\/v2\/comments?post=60749"}],"version-history":[{"count":0,"href":"https:\/\/vosgesinfo.fr\/saintdieinfo\/wp-json\/wp\/v2\/posts\/60749\/revisions"}],"wp:featuredmedia":[{"embeddable":true,"href":"https:\/\/vosgesinfo.fr\/saintdieinfo\/wp-json\/wp\/v2\/media\/60750"}],"wp:attachment":[{"href":"https:\/\/vosgesinfo.fr\/saintdieinfo\/wp-json\/wp\/v2\/media?parent=60749"}],"wp:term":[{"taxonomy":"category","embeddable":true,"href":"https:\/\/vosgesinfo.fr\/saintdieinfo\/wp-json\/wp\/v2\/categories?post=60749"},{"taxonomy":"post_tag","embeddable":true,"href":"https:\/\/vosgesinfo.fr\/saintdieinfo\/wp-json\/wp\/v2\/tags?post=60749"}],"curies":[{"name":"wp","href":"https:\/\/api.w.org\/{rel}","templated":true}]}}