{"id":60751,"date":"2022-12-12T16:49:54","date_gmt":"2022-12-12T15:49:54","guid":{"rendered":"https:\/\/vosgesinfo.fr\/saintdieinfo\/2022\/12\/rescape-de-mauthausen-stephane-lewandowski-temoigne-devant-eleves-deodatiens\/"},"modified":"2022-12-12T16:49:54","modified_gmt":"2022-12-12T15:49:54","slug":"rescape-de-mauthausen-stephane-lewandowski-temoigne-devant-eleves-deodatiens","status":"publish","type":"post","link":"https:\/\/vosgesinfo.fr\/saintdieinfo\/2022\/12\/rescape-de-mauthausen-stephane-lewandowski-temoigne-devant-eleves-deodatiens\/","title":{"rendered":"Rescap\u00e9 de Mauthausen, St\u00e9phane Lewandowski t\u00e9moigne devant des \u00e9l\u00e8ves d\u00e9odatiens"},"content":{"rendered":"<p><a href=\"\/2022\/12\/St\u00e9phane_Lewandowski_Rescap\u00e9_Mauthausen-2.jpg\" target=\"_blank\" rel=\"noopener\"><img decoding=\"async\" class=\"aligncenter wp-image-194181 size-large\" src=\"\/2022\/12\/St\u00e9phane_Lewandowski_Rescap\u00e9_Mauthausen-2-1024x771.jpg\" alt=\"St\u00e9phane_Lewandowski_Rescap\u00e9_Mauthausen (2)\" width=\"960\" height=\"723\" \/><\/a><\/p>\n<h2><strong><span style=\"font-size: 14pt;\">St\u00e9phane Lewandowski, aujourd&rsquo;hui \u00e2g\u00e9 de 97 ans, a \u00e9t\u00e9 confront\u00e9 \u00e0 l&rsquo;enfer du camp de concentration de Mauthausen. Il y a \u00e9t\u00e9 d\u00e9port\u00e9 du 30 novembre 1944 au 26 avril 1945, apr\u00e8s avoir \u00e9t\u00e9 fait prisonnier par des soldats de la Wehrmacht alors qu&rsquo;il menait une mission \u00e0 Pont-\u00e0-Mousson. Encore adolescent, il avait rejoint il y a peu le mouvement des Francs Tireurs et Partisans \u2013 FTP.<\/span><\/strong><\/h2>\n<p><!--more--><\/p>\n<p>Ce lundi apr\u00e8s-midi et comme depuis une trentaine d&rsquo;ann\u00e9es maintenant, St\u00e9phane Lewandowski a racont\u00e9 ses ann\u00e9es de guerre et de d\u00e9portation aux \u00e9l\u00e8ves des classes de Terminale du lyc\u00e9e Baumont. Pour que le devoir de m\u00e9moire de cette sombre p\u00e9riode de l&rsquo;humanit\u00e9 perdure aupr\u00e8s des jeunes g\u00e9n\u00e9rations.<\/p>\n<p>Apr\u00e8s son arrestation, St\u00e9phane Lewandowski est transport\u00e9 de centres de d\u00e9tentions en prisons, puis au camp de Mauthausen \u00e0 bord d&rsquo;un wagon cellulaire. Jamais le jeune R\u00e9sistant ne connaissait sa destination, restant des jours et des jours sans pratiquement rien manger. Pensant se retrouver dans un Stalag, un camp de prisonniers de guerre, il arrive au camp central de Mauthausen \u00e0 la fin du mois de novembre 44. D\u00e8s son arriv\u00e9e, il subit les brimades et les humiliations d&rsquo;un officier SS dans les douches, qui le frappe au visage et l&rsquo;asperge d&rsquo;eau glac\u00e9e et bouillante alors qu&rsquo;il est encore tout habill\u00e9.<\/p>\n<p>A la violence physique vient s&rsquo;ajouter la d\u00e9shumanisation, \u00ab\u00a0le moment o\u00f9 l&rsquo;humanit\u00e9 quitte le d\u00e9tenu pour devenir un concentrationnaire\u00a0\u00bb souligne St\u00e9phane Lewandowski. Enti\u00e8rement nu, ce dernier traverse l&rsquo;all\u00e9e du camp pour \u00eatre ras\u00e9 int\u00e9gralement, la t\u00eate comme le corps. Puis un num\u00e9ro lui est attribu\u00e9, le 111426, qui remplace d\u00e9sormais son identit\u00e9. Ce num\u00e9ro est cousu sur sa tenue ray\u00e9e de d\u00e9port\u00e9, ainsi qu&rsquo;un triangle rouge qui signifie \u00ab\u00a0d\u00e9port\u00e9 politique\u00a0\u00bb.<\/p>\n<p>Du travail forc\u00e9 dans une usine a\u00e9ronautique souterraine et des exercices physiques inutiles, \u00ab\u00a0uniquement l\u00e0 pour casser moralement les hommes\u00a0\u00bb, sont le quotidien de St\u00e9phane Lewandowski durant des mois. Les conditions de vie sont effroyables. Le soir venu, les d\u00e9port\u00e9s sont litt\u00e9ralement embo\u00eet\u00e9s les uns avec les autres sur des paillasses inconfortables. L&rsquo;hygi\u00e8ne est quasi absente, les couvertures sont infest\u00e9es de poux et autres vermines. Sans oublier les ex\u00e9cutions sommaires, d&rsquo;une balle dans la t\u00eate ou dans la chambre \u00e0 gaz. Si St\u00e9phane Lewandowski a surv\u00e9cu \u00e0 cet enfer, beaucoup ne sont jamais rentr\u00e9s chez eux.<\/p>\n<p>J.J.<\/p>\n\n","protected":false},"excerpt":{"rendered":"<p>St\u00e9phane Lewandowski, aujourd&rsquo;hui \u00e2g\u00e9 de 97 ans, a \u00e9t\u00e9 confront\u00e9 \u00e0 l&rsquo;enfer du camp de concentration de Mauthausen. Il y [&hellip;]<\/p>\n","protected":false},"author":44,"featured_media":60752,"comment_status":"open","ping_status":"open","sticky":false,"template":"","format":"standard","meta":{"footnotes":""},"categories":[460,7847,6,2915],"tags":[13415,4767,3371,4658,11167],"class_list":["post-60751","post","type-post","status-publish","format-standard","has-post-thumbnail","hentry","category-a-la-une","category-art-culture","category-education","category-saint-die-son-canton","tag-camp-de-concentration-de-mauthausen","tag-deportation","tag-lycee-georges-baumont","tag-seconde-guerre-mondiale","tag-stephane-lewandowski"],"acf":[],"yoast_head":"<!-- This site is optimized with the Yoast SEO plugin v22.5 - https:\/\/yoast.com\/wordpress\/plugins\/seo\/ -->\n<title>Rescap\u00e9 de Mauthausen, St\u00e9phane Lewandowski t\u00e9moigne devant des \u00e9l\u00e8ves d\u00e9odatiens - Saint Die Info<\/title>\n<meta name=\"robots\" content=\"index, follow, max-snippet:-1, max-image-preview:large, max-video-preview:-1\" \/>\n<link rel=\"canonical\" href=\"https:\/\/vosgesinfo.fr\/saintdieinfo\/2022\/12\/rescape-de-mauthausen-stephane-lewandowski-temoigne-devant-eleves-deodatiens\/\" \/>\n<meta name=\"twitter:card\" content=\"summary_large_image\" \/>\n<meta name=\"twitter:title\" content=\"Rescap\u00e9 de Mauthausen, St\u00e9phane Lewandowski t\u00e9moigne devant des \u00e9l\u00e8ves d\u00e9odatiens - Saint Die Info\" \/>\n<meta name=\"twitter:description\" content=\"St\u00e9phane Lewandowski, aujourd&rsquo;hui \u00e2g\u00e9 de 97 ans, a \u00e9t\u00e9 confront\u00e9 \u00e0 l&rsquo;enfer du camp de concentration de Mauthausen. Il y [&hellip;]\" \/>\n<meta name=\"twitter:image\" content=\"https:\/\/vosgesinfo.fr\/app\/uploads\/sites\/4\/2024\/08\/202212stephane-lewandowski-rescape-mauthausen-2.jpg\" \/>\n<meta name=\"twitter:creator\" content=\"@VosgesInfo88\" \/>\n<meta name=\"twitter:site\" content=\"@VosgesInfo88\" \/>\n<meta name=\"twitter:label1\" content=\"\u00c9crit par\" \/>\n\t<meta name=\"twitter:data1\" content=\"la r\u00e9daction\" \/>\n\t<meta name=\"twitter:label2\" content=\"Dur\u00e9e de lecture estim\u00e9e\" \/>\n\t<meta name=\"twitter:data2\" content=\"2 minutes\" \/>\n<script type=\"application\/ld+json\" class=\"yoast-schema-graph\">{\"@context\":\"https:\/\/schema.org\",\"@graph\":[{\"@type\":\"Article\",\"@id\":\"https:\/\/vosgesinfo.fr\/saintdieinfo\/2022\/12\/rescape-de-mauthausen-stephane-lewandowski-temoigne-devant-eleves-deodatiens\/#article\",\"isPartOf\":{\"@id\":\"https:\/\/vosgesinfo.fr\/saintdieinfo\/2022\/12\/rescape-de-mauthausen-stephane-lewandowski-temoigne-devant-eleves-deodatiens\/\"},\"author\":{\"name\":\"la r\u00e9daction\",\"@id\":\"https:\/\/vosgesinfo.fr\/saintdieinfo\/#\/schema\/person\/faee6704a21f3977511db84bd1cd450f\"},\"headline\":\"Rescap\u00e9 de Mauthausen, St\u00e9phane Lewandowski t\u00e9moigne devant des \u00e9l\u00e8ves d\u00e9odatiens\",\"datePublished\":\"2022-12-12T15:49:54+00:00\",\"dateModified\":\"2022-12-12T15:49:54+00:00\",\"mainEntityOfPage\":{\"@id\":\"https:\/\/vosgesinfo.fr\/saintdieinfo\/2022\/12\/rescape-de-mauthausen-stephane-lewandowski-temoigne-devant-eleves-deodatiens\/\"},\"wordCount\":455,\"commentCount\":0,\"publisher\":{\"@id\":\"https:\/\/vosgesinfo.fr\/saintdieinfo\/#organization\"},\"image\":{\"@id\":\"https:\/\/vosgesinfo.fr\/saintdieinfo\/2022\/12\/rescape-de-mauthausen-stephane-lewandowski-temoigne-devant-eleves-deodatiens\/#primaryimage\"},\"thumbnailUrl\":\"https:\/\/vosgesinfo.fr\/app\/uploads\/sites\/4\/2024\/08\/202212stephane-lewandowski-rescape-mauthausen-2.jpg\",\"keywords\":[\"Camp de concentration de Mauthausen\",\"D\u00e9portation\",\"Lyc\u00e9e Georges-Baumont\",\"Seconde Guerre mondiale\",\"St\u00e9phane Lewandowski\"],\"articleSection\":[\"A la Une\",\"Culture\",\"\u00c9ducation\",\"Saint-Di\u00e9-des-Vosges et son Agglom\u00e9ration\"],\"inLanguage\":\"fr-FR\",\"potentialAction\":[{\"@type\":\"CommentAction\",\"name\":\"Comment\",\"target\":[\"https:\/\/vosgesinfo.fr\/saintdieinfo\/2022\/12\/rescape-de-mauthausen-stephane-lewandowski-temoigne-devant-eleves-deodatiens\/#respond\"]}]},{\"@type\":\"WebPage\",\"@id\":\"https:\/\/vosgesinfo.fr\/saintdieinfo\/2022\/12\/rescape-de-mauthausen-stephane-lewandowski-temoigne-devant-eleves-deodatiens\/\",\"url\":\"https:\/\/vosgesinfo.fr\/saintdieinfo\/2022\/12\/rescape-de-mauthausen-stephane-lewandowski-temoigne-devant-eleves-deodatiens\/\",\"name\":\"Rescap\u00e9 de Mauthausen, St\u00e9phane Lewandowski t\u00e9moigne devant des \u00e9l\u00e8ves d\u00e9odatiens - Saint Die Info\",\"isPartOf\":{\"@id\":\"https:\/\/vosgesinfo.fr\/saintdieinfo\/#website\"},\"primaryImageOfPage\":{\"@id\":\"https:\/\/vosgesinfo.fr\/saintdieinfo\/2022\/12\/rescape-de-mauthausen-stephane-lewandowski-temoigne-devant-eleves-deodatiens\/#primaryimage\"},\"image\":{\"@id\":\"https:\/\/vosgesinfo.fr\/saintdieinfo\/2022\/12\/rescape-de-mauthausen-stephane-lewandowski-temoigne-devant-eleves-deodatiens\/#primaryimage\"},\"thumbnailUrl\":\"https:\/\/vosgesinfo.fr\/app\/uploads\/sites\/4\/2024\/08\/202212stephane-lewandowski-rescape-mauthausen-2.jpg\",\"datePublished\":\"2022-12-12T15:49:54+00:00\",\"dateModified\":\"2022-12-12T15:49:54+00:00\",\"breadcrumb\":{\"@id\":\"https:\/\/vosgesinfo.fr\/saintdieinfo\/2022\/12\/rescape-de-mauthausen-stephane-lewandowski-temoigne-devant-eleves-deodatiens\/#breadcrumb\"},\"inLanguage\":\"fr-FR\",\"potentialAction\":[{\"@type\":\"ReadAction\",\"target\":[\"https:\/\/vosgesinfo.fr\/saintdieinfo\/2022\/12\/rescape-de-mauthausen-stephane-lewandowski-temoigne-devant-eleves-deodatiens\/\"]}]},{\"@type\":\"ImageObject\",\"inLanguage\":\"fr-FR\",\"@id\":\"https:\/\/vosgesinfo.fr\/saintdieinfo\/2022\/12\/rescape-de-mauthausen-stephane-lewandowski-temoigne-devant-eleves-deodatiens\/#primaryimage\",\"url\":\"https:\/\/vosgesinfo.fr\/app\/uploads\/sites\/4\/2024\/08\/202212stephane-lewandowski-rescape-mauthausen-2.jpg\",\"contentUrl\":\"https:\/\/vosgesinfo.fr\/app\/uploads\/sites\/4\/2024\/08\/202212stephane-lewandowski-rescape-mauthausen-2.jpg\",\"width\":1600,\"height\":1205},{\"@type\":\"BreadcrumbList\",\"@id\":\"https:\/\/vosgesinfo.fr\/saintdieinfo\/2022\/12\/rescape-de-mauthausen-stephane-lewandowski-temoigne-devant-eleves-deodatiens\/#breadcrumb\",\"itemListElement\":[{\"@type\":\"ListItem\",\"position\":1,\"name\":\"Home\",\"item\":\"https:\/\/vosgesinfo.fr\/saintdieinfo\/\"},{\"@type\":\"ListItem\",\"position\":2,\"name\":\"Rescap\u00e9 de Mauthausen, St\u00e9phane Lewandowski t\u00e9moigne devant des \u00e9l\u00e8ves d\u00e9odatiens\"}]},{\"@type\":\"WebSite\",\"@id\":\"https:\/\/vosgesinfo.fr\/saintdieinfo\/#website\",\"url\":\"https:\/\/vosgesinfo.fr\/saintdieinfo\/\",\"name\":\"Saint Die Info\",\"description\":\"Toute l&#039;actualit\u00e9 de Saint-Di\u00e9-Des-Vosges\",\"publisher\":{\"@id\":\"https:\/\/vosgesinfo.fr\/saintdieinfo\/#organization\"},\"alternateName\":\"Toute l'actualit\u00e9 de Saint-Di\u00e9-Des-Vosges\",\"potentialAction\":[{\"@type\":\"SearchAction\",\"target\":{\"@type\":\"EntryPoint\",\"urlTemplate\":\"https:\/\/vosgesinfo.fr\/saintdieinfo\/?s={search_term_string}\"},\"query-input\":\"required name=search_term_string\"}],\"inLanguage\":\"fr-FR\"},{\"@type\":\"Organization\",\"@id\":\"https:\/\/vosgesinfo.fr\/saintdieinfo\/#organization\",\"name\":\"Saint Die Info\",\"url\":\"https:\/\/vosgesinfo.fr\/saintdieinfo\/\",\"logo\":{\"@type\":\"ImageObject\",\"inLanguage\":\"fr-FR\",\"@id\":\"https:\/\/vosgesinfo.fr\/saintdieinfo\/#\/schema\/logo\/image\/\",\"url\":\"https:\/\/vosgesinfo.fr\/app\/uploads\/sites\/4\/2024\/02\/logo-sdi.jpg\",\"contentUrl\":\"https:\/\/vosgesinfo.fr\/app\/uploads\/sites\/4\/2024\/02\/logo-sdi.jpg\",\"width\":600,\"height\":600,\"caption\":\"Saint Die Info\"},\"image\":{\"@id\":\"https:\/\/vosgesinfo.fr\/saintdieinfo\/#\/schema\/logo\/image\/\"},\"sameAs\":[\"https:\/\/www.facebook.com\/Saintdieinfofr\",\"https:\/\/x.com\/VosgesInfo88\",\"https:\/\/www.youtube.com\/@vosgesinfo\"]},{\"@type\":\"Person\",\"@id\":\"https:\/\/vosgesinfo.fr\/saintdieinfo\/#\/schema\/person\/faee6704a21f3977511db84bd1cd450f\",\"name\":\"la r\u00e9daction\",\"image\":{\"@type\":\"ImageObject\",\"inLanguage\":\"fr-FR\",\"@id\":\"https:\/\/vosgesinfo.fr\/saintdieinfo\/#\/schema\/person\/image\/\",\"url\":\"https:\/\/secure.gravatar.com\/avatar\/6673d8bc6a9c17fa9a453eaa3448de834fa308c2ec9635b7aa99441a7c8d2cf6?s=96&d=mm&r=g\",\"contentUrl\":\"https:\/\/secure.gravatar.com\/avatar\/6673d8bc6a9c17fa9a453eaa3448de834fa308c2ec9635b7aa99441a7c8d2cf6?s=96&d=mm&r=g\",\"caption\":\"la r\u00e9daction\"},\"url\":\"https:\/\/vosgesinfo.fr\/saintdieinfo\/author\/redac\/\"}]}<\/script>\n<!-- \/ Yoast SEO plugin. -->","yoast_head_json":{"title":"Rescap\u00e9 de Mauthausen, St\u00e9phane Lewandowski t\u00e9moigne devant des \u00e9l\u00e8ves d\u00e9odatiens - Saint Die Info","robots":{"index":"index","follow":"follow","max-snippet":"max-snippet:-1","max-image-preview":"max-image-preview:large","max-video-preview":"max-video-preview:-1"},"canonical":"https:\/\/vosgesinfo.fr\/saintdieinfo\/2022\/12\/rescape-de-mauthausen-stephane-lewandowski-temoigne-devant-eleves-deodatiens\/","twitter_card":"summary_large_image","twitter_title":"Rescap\u00e9 de Mauthausen, St\u00e9phane Lewandowski t\u00e9moigne devant des \u00e9l\u00e8ves d\u00e9odatiens - Saint Die Info","twitter_description":"St\u00e9phane Lewandowski, aujourd&rsquo;hui \u00e2g\u00e9 de 97 ans, a \u00e9t\u00e9 confront\u00e9 \u00e0 l&rsquo;enfer du camp de concentration de Mauthausen. Il y [&hellip;]","twitter_image":"https:\/\/vosgesinfo.fr\/app\/uploads\/sites\/4\/2024\/08\/202212stephane-lewandowski-rescape-mauthausen-2.jpg","twitter_creator":"@VosgesInfo88","twitter_site":"@VosgesInfo88","twitter_misc":{"\u00c9crit par":"la r\u00e9daction","Dur\u00e9e de lecture estim\u00e9e":"2 minutes"},"schema":{"@context":"https:\/\/schema.org","@graph":[{"@type":"Article","@id":"https:\/\/vosgesinfo.fr\/saintdieinfo\/2022\/12\/rescape-de-mauthausen-stephane-lewandowski-temoigne-devant-eleves-deodatiens\/#article","isPartOf":{"@id":"https:\/\/vosgesinfo.fr\/saintdieinfo\/2022\/12\/rescape-de-mauthausen-stephane-lewandowski-temoigne-devant-eleves-deodatiens\/"},"author":{"name":"la r\u00e9daction","@id":"https:\/\/vosgesinfo.fr\/saintdieinfo\/#\/schema\/person\/faee6704a21f3977511db84bd1cd450f"},"headline":"Rescap\u00e9 de Mauthausen, St\u00e9phane Lewandowski t\u00e9moigne devant des \u00e9l\u00e8ves d\u00e9odatiens","datePublished":"2022-12-12T15:49:54+00:00","dateModified":"2022-12-12T15:49:54+00:00","mainEntityOfPage":{"@id":"https:\/\/vosgesinfo.fr\/saintdieinfo\/2022\/12\/rescape-de-mauthausen-stephane-lewandowski-temoigne-devant-eleves-deodatiens\/"},"wordCount":455,"commentCount":0,"publisher":{"@id":"https:\/\/vosgesinfo.fr\/saintdieinfo\/#organization"},"image":{"@id":"https:\/\/vosgesinfo.fr\/saintdieinfo\/2022\/12\/rescape-de-mauthausen-stephane-lewandowski-temoigne-devant-eleves-deodatiens\/#primaryimage"},"thumbnailUrl":"https:\/\/vosgesinfo.fr\/app\/uploads\/sites\/4\/2024\/08\/202212stephane-lewandowski-rescape-mauthausen-2.jpg","keywords":["Camp de concentration de Mauthausen","D\u00e9portation","Lyc\u00e9e Georges-Baumont","Seconde Guerre mondiale","St\u00e9phane Lewandowski"],"articleSection":["A la Une","Culture","\u00c9ducation","Saint-Di\u00e9-des-Vosges et son Agglom\u00e9ration"],"inLanguage":"fr-FR","potentialAction":[{"@type":"CommentAction","name":"Comment","target":["https:\/\/vosgesinfo.fr\/saintdieinfo\/2022\/12\/rescape-de-mauthausen-stephane-lewandowski-temoigne-devant-eleves-deodatiens\/#respond"]}]},{"@type":"WebPage","@id":"https:\/\/vosgesinfo.fr\/saintdieinfo\/2022\/12\/rescape-de-mauthausen-stephane-lewandowski-temoigne-devant-eleves-deodatiens\/","url":"https:\/\/vosgesinfo.fr\/saintdieinfo\/2022\/12\/rescape-de-mauthausen-stephane-lewandowski-temoigne-devant-eleves-deodatiens\/","name":"Rescap\u00e9 de Mauthausen, St\u00e9phane Lewandowski t\u00e9moigne devant des \u00e9l\u00e8ves d\u00e9odatiens - Saint Die Info","isPartOf":{"@id":"https:\/\/vosgesinfo.fr\/saintdieinfo\/#website"},"primaryImageOfPage":{"@id":"https:\/\/vosgesinfo.fr\/saintdieinfo\/2022\/12\/rescape-de-mauthausen-stephane-lewandowski-temoigne-devant-eleves-deodatiens\/#primaryimage"},"image":{"@id":"https:\/\/vosgesinfo.fr\/saintdieinfo\/2022\/12\/rescape-de-mauthausen-stephane-lewandowski-temoigne-devant-eleves-deodatiens\/#primaryimage"},"thumbnailUrl":"https:\/\/vosgesinfo.fr\/app\/uploads\/sites\/4\/2024\/08\/202212stephane-lewandowski-rescape-mauthausen-2.jpg","datePublished":"2022-12-12T15:49:54+00:00","dateModified":"2022-12-12T15:49:54+00:00","breadcrumb":{"@id":"https:\/\/vosgesinfo.fr\/saintdieinfo\/2022\/12\/rescape-de-mauthausen-stephane-lewandowski-temoigne-devant-eleves-deodatiens\/#breadcrumb"},"inLanguage":"fr-FR","potentialAction":[{"@type":"ReadAction","target":["https:\/\/vosgesinfo.fr\/saintdieinfo\/2022\/12\/rescape-de-mauthausen-stephane-lewandowski-temoigne-devant-eleves-deodatiens\/"]}]},{"@type":"ImageObject","inLanguage":"fr-FR","@id":"https:\/\/vosgesinfo.fr\/saintdieinfo\/2022\/12\/rescape-de-mauthausen-stephane-lewandowski-temoigne-devant-eleves-deodatiens\/#primaryimage","url":"https:\/\/vosgesinfo.fr\/app\/uploads\/sites\/4\/2024\/08\/202212stephane-lewandowski-rescape-mauthausen-2.jpg","contentUrl":"https:\/\/vosgesinfo.fr\/app\/uploads\/sites\/4\/2024\/08\/202212stephane-lewandowski-rescape-mauthausen-2.jpg","width":1600,"height":1205},{"@type":"BreadcrumbList","@id":"https:\/\/vosgesinfo.fr\/saintdieinfo\/2022\/12\/rescape-de-mauthausen-stephane-lewandowski-temoigne-devant-eleves-deodatiens\/#breadcrumb","itemListElement":[{"@type":"ListItem","position":1,"name":"Home","item":"https:\/\/vosgesinfo.fr\/saintdieinfo\/"},{"@type":"ListItem","position":2,"name":"Rescap\u00e9 de Mauthausen, St\u00e9phane Lewandowski t\u00e9moigne devant des \u00e9l\u00e8ves d\u00e9odatiens"}]},{"@type":"WebSite","@id":"https:\/\/vosgesinfo.fr\/saintdieinfo\/#website","url":"https:\/\/vosgesinfo.fr\/saintdieinfo\/","name":"Saint Die Info","description":"Toute l&#039;actualit\u00e9 de Saint-Di\u00e9-Des-Vosges","publisher":{"@id":"https:\/\/vosgesinfo.fr\/saintdieinfo\/#organization"},"alternateName":"Toute l'actualit\u00e9 de Saint-Di\u00e9-Des-Vosges","potentialAction":[{"@type":"SearchAction","target":{"@type":"EntryPoint","urlTemplate":"https:\/\/vosgesinfo.fr\/saintdieinfo\/?s={search_term_string}"},"query-input":"required name=search_term_string"}],"inLanguage":"fr-FR"},{"@type":"Organization","@id":"https:\/\/vosgesinfo.fr\/saintdieinfo\/#organization","name":"Saint Die Info","url":"https:\/\/vosgesinfo.fr\/saintdieinfo\/","logo":{"@type":"ImageObject","inLanguage":"fr-FR","@id":"https:\/\/vosgesinfo.fr\/saintdieinfo\/#\/schema\/logo\/image\/","url":"https:\/\/vosgesinfo.fr\/app\/uploads\/sites\/4\/2024\/02\/logo-sdi.jpg","contentUrl":"https:\/\/vosgesinfo.fr\/app\/uploads\/sites\/4\/2024\/02\/logo-sdi.jpg","width":600,"height":600,"caption":"Saint Die Info"},"image":{"@id":"https:\/\/vosgesinfo.fr\/saintdieinfo\/#\/schema\/logo\/image\/"},"sameAs":["https:\/\/www.facebook.com\/Saintdieinfofr","https:\/\/x.com\/VosgesInfo88","https:\/\/www.youtube.com\/@vosgesinfo"]},{"@type":"Person","@id":"https:\/\/vosgesinfo.fr\/saintdieinfo\/#\/schema\/person\/faee6704a21f3977511db84bd1cd450f","name":"la r\u00e9daction","image":{"@type":"ImageObject","inLanguage":"fr-FR","@id":"https:\/\/vosgesinfo.fr\/saintdieinfo\/#\/schema\/person\/image\/","url":"https:\/\/secure.gravatar.com\/avatar\/6673d8bc6a9c17fa9a453eaa3448de834fa308c2ec9635b7aa99441a7c8d2cf6?s=96&d=mm&r=g","contentUrl":"https:\/\/secure.gravatar.com\/avatar\/6673d8bc6a9c17fa9a453eaa3448de834fa308c2ec9635b7aa99441a7c8d2cf6?s=96&d=mm&r=g","caption":"la r\u00e9daction"},"url":"https:\/\/vosgesinfo.fr\/saintdieinfo\/author\/redac\/"}]}},"_links":{"self":[{"href":"https:\/\/vosgesinfo.fr\/saintdieinfo\/wp-json\/wp\/v2\/posts\/60751","targetHints":{"allow":["GET"]}}],"collection":[{"href":"https:\/\/vosgesinfo.fr\/saintdieinfo\/wp-json\/wp\/v2\/posts"}],"about":[{"href":"https:\/\/vosgesinfo.fr\/saintdieinfo\/wp-json\/wp\/v2\/types\/post"}],"author":[{"embeddable":true,"href":"https:\/\/vosgesinfo.fr\/saintdieinfo\/wp-json\/wp\/v2\/users\/44"}],"replies":[{"embeddable":true,"href":"https:\/\/vosgesinfo.fr\/saintdieinfo\/wp-json\/wp\/v2\/comments?post=60751"}],"version-history":[{"count":0,"href":"https:\/\/vosgesinfo.fr\/saintdieinfo\/wp-json\/wp\/v2\/posts\/60751\/revisions"}],"wp:featuredmedia":[{"embeddable":true,"href":"https:\/\/vosgesinfo.fr\/saintdieinfo\/wp-json\/wp\/v2\/media\/60752"}],"wp:attachment":[{"href":"https:\/\/vosgesinfo.fr\/saintdieinfo\/wp-json\/wp\/v2\/media?parent=60751"}],"wp:term":[{"taxonomy":"category","embeddable":true,"href":"https:\/\/vosgesinfo.fr\/saintdieinfo\/wp-json\/wp\/v2\/categories?post=60751"},{"taxonomy":"post_tag","embeddable":true,"href":"https:\/\/vosgesinfo.fr\/saintdieinfo\/wp-json\/wp\/v2\/tags?post=60751"}],"curies":[{"name":"wp","href":"https:\/\/api.w.org\/{rel}","templated":true}]}}