{"id":60885,"date":"2022-12-14T18:27:12","date_gmt":"2022-12-14T17:27:12","guid":{"rendered":"https:\/\/vosgesinfo.fr\/saintdieinfo\/2022\/12\/reouverture-magasin-intermarche-de-saint-die-vosges-se-precise\/"},"modified":"2022-12-14T18:27:12","modified_gmt":"2022-12-14T17:27:12","slug":"reouverture-magasin-intermarche-de-saint-die-vosges-se-precise","status":"publish","type":"post","link":"https:\/\/vosgesinfo.fr\/saintdieinfo\/2022\/12\/reouverture-magasin-intermarche-de-saint-die-vosges-se-precise\/","title":{"rendered":"La r\u00e9ouverture du magasin Intermarch\u00e9 de Saint-Di\u00e9-des-Vosges se pr\u00e9cise"},"content":{"rendered":"<p><a href=\"\/2022\/12\/R\u00e9ouverture_Intermarch\u00e9_SDDV-1.jpg\" target=\"_blank\" rel=\"noopener\"><img decoding=\"async\" class=\"aligncenter wp-image-194387 size-large\" src=\"\/2022\/12\/R\u00e9ouverture_Intermarch\u00e9_SDDV-1-1024x771.jpg\" alt=\"R\u00e9ouverture_Intermarch\u00e9_SDDV (1)\" width=\"960\" height=\"723\" \/><\/a><\/p>\n<h2><strong><span style=\"font-size: 14pt;\">Le magasin Intermarch\u00e9 de Saint-Di\u00e9-des-Vosges a baiss\u00e9 le rideau depuis le 26 ao\u00fbt, cons\u00e9quence d&rsquo;un violent orage de gr\u00eale survenu \u00e0 la fin du mois de juin. Cet orage avait notamment endommag\u00e9 la couverture du b\u00e2timent.<\/span><\/strong><\/h2>\n<p><!--more--><\/p>\n<p>Pour couper court aux rumeurs de fermeture d\u00e9finitive, le directeur Eric Vagnier avait tenu \u00e0 apporter un certain nombre de pr\u00e9cisions, tout en assurant que la grande surface rouvrirait d\u00e8s que tous les rayons seraient remplis (<a href=\"https:\/\/saintdieinfo.fr\/2022\/11\/eric-vagnier-directeur-magasin-intermarche-de-saint-die-vosges-balaie-rumeurs-de-fermeture\/\" target=\"_blank\" rel=\"noopener\">lire notre article<\/a>). Cette r\u00e9ouverture se pr\u00e9cise en cette mi-d\u00e9cembre, car une banderole vient d&rsquo;\u00eatre install\u00e9e \u00e0 l&rsquo;entr\u00e9e du magasin pour annoncer sa date\u00a0: juste apr\u00e8s les f\u00eates de fin d&rsquo;ann\u00e9e, le mardi 3 janvier prochain d\u00e8s 8h30.<\/p>\n<p>J.J.<\/p>\n\n","protected":false},"excerpt":{"rendered":"<p>Le magasin Intermarch\u00e9 de Saint-Di\u00e9-des-Vosges a baiss\u00e9 le rideau depuis le 26 ao\u00fbt, cons\u00e9quence d&rsquo;un violent orage de gr\u00eale survenu [&hellip;]<\/p>\n","protected":false},"author":44,"featured_media":60886,"comment_status":"open","ping_status":"open","sticky":false,"template":"","format":"standard","meta":{"footnotes":""},"categories":[460,5,2915],"tags":[13289,13290],"class_list":["post-60885","post","type-post","status-publish","format-standard","has-post-thumbnail","hentry","category-a-la-une","category-economie","category-saint-die-son-canton","tag-reouverture-du-supermarche-intermarche-de-saint-die-des-vosges","tag-supermarche-intermarche-de-saint-die-des-vosges"],"acf":[],"yoast_head":"<!-- This site is optimized with the Yoast SEO plugin v22.5 - https:\/\/yoast.com\/wordpress\/plugins\/seo\/ -->\n<title>La r\u00e9ouverture du magasin Intermarch\u00e9 de Saint-Di\u00e9-des-Vosges se pr\u00e9cise - Saint Die Info<\/title>\n<meta name=\"robots\" content=\"index, follow, max-snippet:-1, max-image-preview:large, max-video-preview:-1\" \/>\n<link rel=\"canonical\" href=\"https:\/\/vosgesinfo.fr\/saintdieinfo\/2022\/12\/reouverture-magasin-intermarche-de-saint-die-vosges-se-precise\/\" \/>\n<meta name=\"twitter:card\" content=\"summary_large_image\" \/>\n<meta name=\"twitter:title\" content=\"La r\u00e9ouverture du magasin Intermarch\u00e9 de Saint-Di\u00e9-des-Vosges se pr\u00e9cise - Saint Die Info\" \/>\n<meta name=\"twitter:description\" content=\"Le magasin Intermarch\u00e9 de Saint-Di\u00e9-des-Vosges a baiss\u00e9 le rideau depuis le 26 ao\u00fbt, cons\u00e9quence d&rsquo;un violent orage de gr\u00eale survenu [&hellip;]\" \/>\n<meta name=\"twitter:image\" content=\"https:\/\/vosgesinfo.fr\/app\/uploads\/sites\/4\/2024\/08\/202212reouverture-intermarche-sddv-1.jpg\" \/>\n<meta name=\"twitter:creator\" content=\"@VosgesInfo88\" \/>\n<meta name=\"twitter:site\" content=\"@VosgesInfo88\" \/>\n<meta name=\"twitter:label1\" content=\"\u00c9crit par\" \/>\n\t<meta name=\"twitter:data1\" content=\"la r\u00e9daction\" \/>\n\t<meta name=\"twitter:label2\" content=\"Dur\u00e9e de lecture estim\u00e9e\" \/>\n\t<meta name=\"twitter:data2\" content=\"1 minute\" \/>\n<script type=\"application\/ld+json\" class=\"yoast-schema-graph\">{\"@context\":\"https:\/\/schema.org\",\"@graph\":[{\"@type\":\"Article\",\"@id\":\"https:\/\/vosgesinfo.fr\/saintdieinfo\/2022\/12\/reouverture-magasin-intermarche-de-saint-die-vosges-se-precise\/#article\",\"isPartOf\":{\"@id\":\"https:\/\/vosgesinfo.fr\/saintdieinfo\/2022\/12\/reouverture-magasin-intermarche-de-saint-die-vosges-se-precise\/\"},\"author\":{\"name\":\"la r\u00e9daction\",\"@id\":\"https:\/\/vosgesinfo.fr\/saintdieinfo\/#\/schema\/person\/faee6704a21f3977511db84bd1cd450f\"},\"headline\":\"La r\u00e9ouverture du magasin Intermarch\u00e9 de Saint-Di\u00e9-des-Vosges se pr\u00e9cise\",\"datePublished\":\"2022-12-14T17:27:12+00:00\",\"dateModified\":\"2022-12-14T17:27:12+00:00\",\"mainEntityOfPage\":{\"@id\":\"https:\/\/vosgesinfo.fr\/saintdieinfo\/2022\/12\/reouverture-magasin-intermarche-de-saint-die-vosges-se-precise\/\"},\"wordCount\":146,\"commentCount\":0,\"publisher\":{\"@id\":\"https:\/\/vosgesinfo.fr\/saintdieinfo\/#organization\"},\"image\":{\"@id\":\"https:\/\/vosgesinfo.fr\/saintdieinfo\/2022\/12\/reouverture-magasin-intermarche-de-saint-die-vosges-se-precise\/#primaryimage\"},\"thumbnailUrl\":\"https:\/\/vosgesinfo.fr\/app\/uploads\/sites\/4\/2024\/08\/202212reouverture-intermarche-sddv-1.jpg\",\"keywords\":[\"R\u00e9ouverture du supermarch\u00e9 Intermarch\u00e9 de Saint-Di\u00e9-des-Vosges\",\"Supermarch\u00e9 Intermarch\u00e9 de Saint-Di\u00e9-des-Vosges\"],\"articleSection\":[\"A la Une\",\"\u00c9conomie\",\"Saint-Di\u00e9-des-Vosges et son Agglom\u00e9ration\"],\"inLanguage\":\"fr-FR\",\"potentialAction\":[{\"@type\":\"CommentAction\",\"name\":\"Comment\",\"target\":[\"https:\/\/vosgesinfo.fr\/saintdieinfo\/2022\/12\/reouverture-magasin-intermarche-de-saint-die-vosges-se-precise\/#respond\"]}]},{\"@type\":\"WebPage\",\"@id\":\"https:\/\/vosgesinfo.fr\/saintdieinfo\/2022\/12\/reouverture-magasin-intermarche-de-saint-die-vosges-se-precise\/\",\"url\":\"https:\/\/vosgesinfo.fr\/saintdieinfo\/2022\/12\/reouverture-magasin-intermarche-de-saint-die-vosges-se-precise\/\",\"name\":\"La r\u00e9ouverture du magasin Intermarch\u00e9 de Saint-Di\u00e9-des-Vosges se pr\u00e9cise - Saint Die Info\",\"isPartOf\":{\"@id\":\"https:\/\/vosgesinfo.fr\/saintdieinfo\/#website\"},\"primaryImageOfPage\":{\"@id\":\"https:\/\/vosgesinfo.fr\/saintdieinfo\/2022\/12\/reouverture-magasin-intermarche-de-saint-die-vosges-se-precise\/#primaryimage\"},\"image\":{\"@id\":\"https:\/\/vosgesinfo.fr\/saintdieinfo\/2022\/12\/reouverture-magasin-intermarche-de-saint-die-vosges-se-precise\/#primaryimage\"},\"thumbnailUrl\":\"https:\/\/vosgesinfo.fr\/app\/uploads\/sites\/4\/2024\/08\/202212reouverture-intermarche-sddv-1.jpg\",\"datePublished\":\"2022-12-14T17:27:12+00:00\",\"dateModified\":\"2022-12-14T17:27:12+00:00\",\"breadcrumb\":{\"@id\":\"https:\/\/vosgesinfo.fr\/saintdieinfo\/2022\/12\/reouverture-magasin-intermarche-de-saint-die-vosges-se-precise\/#breadcrumb\"},\"inLanguage\":\"fr-FR\",\"potentialAction\":[{\"@type\":\"ReadAction\",\"target\":[\"https:\/\/vosgesinfo.fr\/saintdieinfo\/2022\/12\/reouverture-magasin-intermarche-de-saint-die-vosges-se-precise\/\"]}]},{\"@type\":\"ImageObject\",\"inLanguage\":\"fr-FR\",\"@id\":\"https:\/\/vosgesinfo.fr\/saintdieinfo\/2022\/12\/reouverture-magasin-intermarche-de-saint-die-vosges-se-precise\/#primaryimage\",\"url\":\"https:\/\/vosgesinfo.fr\/app\/uploads\/sites\/4\/2024\/08\/202212reouverture-intermarche-sddv-1.jpg\",\"contentUrl\":\"https:\/\/vosgesinfo.fr\/app\/uploads\/sites\/4\/2024\/08\/202212reouverture-intermarche-sddv-1.jpg\",\"width\":1600,\"height\":1205},{\"@type\":\"BreadcrumbList\",\"@id\":\"https:\/\/vosgesinfo.fr\/saintdieinfo\/2022\/12\/reouverture-magasin-intermarche-de-saint-die-vosges-se-precise\/#breadcrumb\",\"itemListElement\":[{\"@type\":\"ListItem\",\"position\":1,\"name\":\"Home\",\"item\":\"https:\/\/vosgesinfo.fr\/saintdieinfo\/\"},{\"@type\":\"ListItem\",\"position\":2,\"name\":\"La r\u00e9ouverture du magasin Intermarch\u00e9 de Saint-Di\u00e9-des-Vosges se pr\u00e9cise\"}]},{\"@type\":\"WebSite\",\"@id\":\"https:\/\/vosgesinfo.fr\/saintdieinfo\/#website\",\"url\":\"https:\/\/vosgesinfo.fr\/saintdieinfo\/\",\"name\":\"Saint Die Info\",\"description\":\"Toute l&#039;actualit\u00e9 de Saint-Di\u00e9-Des-Vosges\",\"publisher\":{\"@id\":\"https:\/\/vosgesinfo.fr\/saintdieinfo\/#organization\"},\"alternateName\":\"Toute l'actualit\u00e9 de Saint-Di\u00e9-Des-Vosges\",\"potentialAction\":[{\"@type\":\"SearchAction\",\"target\":{\"@type\":\"EntryPoint\",\"urlTemplate\":\"https:\/\/vosgesinfo.fr\/saintdieinfo\/?s={search_term_string}\"},\"query-input\":\"required name=search_term_string\"}],\"inLanguage\":\"fr-FR\"},{\"@type\":\"Organization\",\"@id\":\"https:\/\/vosgesinfo.fr\/saintdieinfo\/#organization\",\"name\":\"Saint Die Info\",\"url\":\"https:\/\/vosgesinfo.fr\/saintdieinfo\/\",\"logo\":{\"@type\":\"ImageObject\",\"inLanguage\":\"fr-FR\",\"@id\":\"https:\/\/vosgesinfo.fr\/saintdieinfo\/#\/schema\/logo\/image\/\",\"url\":\"https:\/\/vosgesinfo.fr\/app\/uploads\/sites\/4\/2024\/02\/logo-sdi.jpg\",\"contentUrl\":\"https:\/\/vosgesinfo.fr\/app\/uploads\/sites\/4\/2024\/02\/logo-sdi.jpg\",\"width\":600,\"height\":600,\"caption\":\"Saint Die Info\"},\"image\":{\"@id\":\"https:\/\/vosgesinfo.fr\/saintdieinfo\/#\/schema\/logo\/image\/\"},\"sameAs\":[\"https:\/\/www.facebook.com\/Saintdieinfofr\",\"https:\/\/x.com\/VosgesInfo88\",\"https:\/\/www.youtube.com\/@vosgesinfo\"]},{\"@type\":\"Person\",\"@id\":\"https:\/\/vosgesinfo.fr\/saintdieinfo\/#\/schema\/person\/faee6704a21f3977511db84bd1cd450f\",\"name\":\"la r\u00e9daction\",\"image\":{\"@type\":\"ImageObject\",\"inLanguage\":\"fr-FR\",\"@id\":\"https:\/\/vosgesinfo.fr\/saintdieinfo\/#\/schema\/person\/image\/\",\"url\":\"https:\/\/secure.gravatar.com\/avatar\/6673d8bc6a9c17fa9a453eaa3448de834fa308c2ec9635b7aa99441a7c8d2cf6?s=96&d=mm&r=g\",\"contentUrl\":\"https:\/\/secure.gravatar.com\/avatar\/6673d8bc6a9c17fa9a453eaa3448de834fa308c2ec9635b7aa99441a7c8d2cf6?s=96&d=mm&r=g\",\"caption\":\"la r\u00e9daction\"},\"url\":\"https:\/\/vosgesinfo.fr\/saintdieinfo\/author\/redac\/\"}]}<\/script>\n<!-- \/ Yoast SEO plugin. -->","yoast_head_json":{"title":"La r\u00e9ouverture du magasin Intermarch\u00e9 de Saint-Di\u00e9-des-Vosges se pr\u00e9cise - Saint Die Info","robots":{"index":"index","follow":"follow","max-snippet":"max-snippet:-1","max-image-preview":"max-image-preview:large","max-video-preview":"max-video-preview:-1"},"canonical":"https:\/\/vosgesinfo.fr\/saintdieinfo\/2022\/12\/reouverture-magasin-intermarche-de-saint-die-vosges-se-precise\/","twitter_card":"summary_large_image","twitter_title":"La r\u00e9ouverture du magasin Intermarch\u00e9 de Saint-Di\u00e9-des-Vosges se pr\u00e9cise - Saint Die Info","twitter_description":"Le magasin Intermarch\u00e9 de Saint-Di\u00e9-des-Vosges a baiss\u00e9 le rideau depuis le 26 ao\u00fbt, cons\u00e9quence d&rsquo;un violent orage de gr\u00eale survenu [&hellip;]","twitter_image":"https:\/\/vosgesinfo.fr\/app\/uploads\/sites\/4\/2024\/08\/202212reouverture-intermarche-sddv-1.jpg","twitter_creator":"@VosgesInfo88","twitter_site":"@VosgesInfo88","twitter_misc":{"\u00c9crit par":"la r\u00e9daction","Dur\u00e9e de lecture estim\u00e9e":"1 minute"},"schema":{"@context":"https:\/\/schema.org","@graph":[{"@type":"Article","@id":"https:\/\/vosgesinfo.fr\/saintdieinfo\/2022\/12\/reouverture-magasin-intermarche-de-saint-die-vosges-se-precise\/#article","isPartOf":{"@id":"https:\/\/vosgesinfo.fr\/saintdieinfo\/2022\/12\/reouverture-magasin-intermarche-de-saint-die-vosges-se-precise\/"},"author":{"name":"la r\u00e9daction","@id":"https:\/\/vosgesinfo.fr\/saintdieinfo\/#\/schema\/person\/faee6704a21f3977511db84bd1cd450f"},"headline":"La r\u00e9ouverture du magasin Intermarch\u00e9 de Saint-Di\u00e9-des-Vosges se pr\u00e9cise","datePublished":"2022-12-14T17:27:12+00:00","dateModified":"2022-12-14T17:27:12+00:00","mainEntityOfPage":{"@id":"https:\/\/vosgesinfo.fr\/saintdieinfo\/2022\/12\/reouverture-magasin-intermarche-de-saint-die-vosges-se-precise\/"},"wordCount":146,"commentCount":0,"publisher":{"@id":"https:\/\/vosgesinfo.fr\/saintdieinfo\/#organization"},"image":{"@id":"https:\/\/vosgesinfo.fr\/saintdieinfo\/2022\/12\/reouverture-magasin-intermarche-de-saint-die-vosges-se-precise\/#primaryimage"},"thumbnailUrl":"https:\/\/vosgesinfo.fr\/app\/uploads\/sites\/4\/2024\/08\/202212reouverture-intermarche-sddv-1.jpg","keywords":["R\u00e9ouverture du supermarch\u00e9 Intermarch\u00e9 de Saint-Di\u00e9-des-Vosges","Supermarch\u00e9 Intermarch\u00e9 de Saint-Di\u00e9-des-Vosges"],"articleSection":["A la Une","\u00c9conomie","Saint-Di\u00e9-des-Vosges et son Agglom\u00e9ration"],"inLanguage":"fr-FR","potentialAction":[{"@type":"CommentAction","name":"Comment","target":["https:\/\/vosgesinfo.fr\/saintdieinfo\/2022\/12\/reouverture-magasin-intermarche-de-saint-die-vosges-se-precise\/#respond"]}]},{"@type":"WebPage","@id":"https:\/\/vosgesinfo.fr\/saintdieinfo\/2022\/12\/reouverture-magasin-intermarche-de-saint-die-vosges-se-precise\/","url":"https:\/\/vosgesinfo.fr\/saintdieinfo\/2022\/12\/reouverture-magasin-intermarche-de-saint-die-vosges-se-precise\/","name":"La r\u00e9ouverture du magasin Intermarch\u00e9 de Saint-Di\u00e9-des-Vosges se pr\u00e9cise - Saint Die Info","isPartOf":{"@id":"https:\/\/vosgesinfo.fr\/saintdieinfo\/#website"},"primaryImageOfPage":{"@id":"https:\/\/vosgesinfo.fr\/saintdieinfo\/2022\/12\/reouverture-magasin-intermarche-de-saint-die-vosges-se-precise\/#primaryimage"},"image":{"@id":"https:\/\/vosgesinfo.fr\/saintdieinfo\/2022\/12\/reouverture-magasin-intermarche-de-saint-die-vosges-se-precise\/#primaryimage"},"thumbnailUrl":"https:\/\/vosgesinfo.fr\/app\/uploads\/sites\/4\/2024\/08\/202212reouverture-intermarche-sddv-1.jpg","datePublished":"2022-12-14T17:27:12+00:00","dateModified":"2022-12-14T17:27:12+00:00","breadcrumb":{"@id":"https:\/\/vosgesinfo.fr\/saintdieinfo\/2022\/12\/reouverture-magasin-intermarche-de-saint-die-vosges-se-precise\/#breadcrumb"},"inLanguage":"fr-FR","potentialAction":[{"@type":"ReadAction","target":["https:\/\/vosgesinfo.fr\/saintdieinfo\/2022\/12\/reouverture-magasin-intermarche-de-saint-die-vosges-se-precise\/"]}]},{"@type":"ImageObject","inLanguage":"fr-FR","@id":"https:\/\/vosgesinfo.fr\/saintdieinfo\/2022\/12\/reouverture-magasin-intermarche-de-saint-die-vosges-se-precise\/#primaryimage","url":"https:\/\/vosgesinfo.fr\/app\/uploads\/sites\/4\/2024\/08\/202212reouverture-intermarche-sddv-1.jpg","contentUrl":"https:\/\/vosgesinfo.fr\/app\/uploads\/sites\/4\/2024\/08\/202212reouverture-intermarche-sddv-1.jpg","width":1600,"height":1205},{"@type":"BreadcrumbList","@id":"https:\/\/vosgesinfo.fr\/saintdieinfo\/2022\/12\/reouverture-magasin-intermarche-de-saint-die-vosges-se-precise\/#breadcrumb","itemListElement":[{"@type":"ListItem","position":1,"name":"Home","item":"https:\/\/vosgesinfo.fr\/saintdieinfo\/"},{"@type":"ListItem","position":2,"name":"La r\u00e9ouverture du magasin Intermarch\u00e9 de Saint-Di\u00e9-des-Vosges se pr\u00e9cise"}]},{"@type":"WebSite","@id":"https:\/\/vosgesinfo.fr\/saintdieinfo\/#website","url":"https:\/\/vosgesinfo.fr\/saintdieinfo\/","name":"Saint Die Info","description":"Toute l&#039;actualit\u00e9 de Saint-Di\u00e9-Des-Vosges","publisher":{"@id":"https:\/\/vosgesinfo.fr\/saintdieinfo\/#organization"},"alternateName":"Toute l'actualit\u00e9 de Saint-Di\u00e9-Des-Vosges","potentialAction":[{"@type":"SearchAction","target":{"@type":"EntryPoint","urlTemplate":"https:\/\/vosgesinfo.fr\/saintdieinfo\/?s={search_term_string}"},"query-input":"required name=search_term_string"}],"inLanguage":"fr-FR"},{"@type":"Organization","@id":"https:\/\/vosgesinfo.fr\/saintdieinfo\/#organization","name":"Saint Die Info","url":"https:\/\/vosgesinfo.fr\/saintdieinfo\/","logo":{"@type":"ImageObject","inLanguage":"fr-FR","@id":"https:\/\/vosgesinfo.fr\/saintdieinfo\/#\/schema\/logo\/image\/","url":"https:\/\/vosgesinfo.fr\/app\/uploads\/sites\/4\/2024\/02\/logo-sdi.jpg","contentUrl":"https:\/\/vosgesinfo.fr\/app\/uploads\/sites\/4\/2024\/02\/logo-sdi.jpg","width":600,"height":600,"caption":"Saint Die Info"},"image":{"@id":"https:\/\/vosgesinfo.fr\/saintdieinfo\/#\/schema\/logo\/image\/"},"sameAs":["https:\/\/www.facebook.com\/Saintdieinfofr","https:\/\/x.com\/VosgesInfo88","https:\/\/www.youtube.com\/@vosgesinfo"]},{"@type":"Person","@id":"https:\/\/vosgesinfo.fr\/saintdieinfo\/#\/schema\/person\/faee6704a21f3977511db84bd1cd450f","name":"la r\u00e9daction","image":{"@type":"ImageObject","inLanguage":"fr-FR","@id":"https:\/\/vosgesinfo.fr\/saintdieinfo\/#\/schema\/person\/image\/","url":"https:\/\/secure.gravatar.com\/avatar\/6673d8bc6a9c17fa9a453eaa3448de834fa308c2ec9635b7aa99441a7c8d2cf6?s=96&d=mm&r=g","contentUrl":"https:\/\/secure.gravatar.com\/avatar\/6673d8bc6a9c17fa9a453eaa3448de834fa308c2ec9635b7aa99441a7c8d2cf6?s=96&d=mm&r=g","caption":"la r\u00e9daction"},"url":"https:\/\/vosgesinfo.fr\/saintdieinfo\/author\/redac\/"}]}},"_links":{"self":[{"href":"https:\/\/vosgesinfo.fr\/saintdieinfo\/wp-json\/wp\/v2\/posts\/60885","targetHints":{"allow":["GET"]}}],"collection":[{"href":"https:\/\/vosgesinfo.fr\/saintdieinfo\/wp-json\/wp\/v2\/posts"}],"about":[{"href":"https:\/\/vosgesinfo.fr\/saintdieinfo\/wp-json\/wp\/v2\/types\/post"}],"author":[{"embeddable":true,"href":"https:\/\/vosgesinfo.fr\/saintdieinfo\/wp-json\/wp\/v2\/users\/44"}],"replies":[{"embeddable":true,"href":"https:\/\/vosgesinfo.fr\/saintdieinfo\/wp-json\/wp\/v2\/comments?post=60885"}],"version-history":[{"count":0,"href":"https:\/\/vosgesinfo.fr\/saintdieinfo\/wp-json\/wp\/v2\/posts\/60885\/revisions"}],"wp:featuredmedia":[{"embeddable":true,"href":"https:\/\/vosgesinfo.fr\/saintdieinfo\/wp-json\/wp\/v2\/media\/60886"}],"wp:attachment":[{"href":"https:\/\/vosgesinfo.fr\/saintdieinfo\/wp-json\/wp\/v2\/media?parent=60885"}],"wp:term":[{"taxonomy":"category","embeddable":true,"href":"https:\/\/vosgesinfo.fr\/saintdieinfo\/wp-json\/wp\/v2\/categories?post=60885"},{"taxonomy":"post_tag","embeddable":true,"href":"https:\/\/vosgesinfo.fr\/saintdieinfo\/wp-json\/wp\/v2\/tags?post=60885"}],"curies":[{"name":"wp","href":"https:\/\/api.w.org\/{rel}","templated":true}]}}