{"id":60950,"date":"2022-12-15T15:21:07","date_gmt":"2022-12-15T14:21:07","guid":{"rendered":"https:\/\/vosgesinfo.fr\/saintdieinfo\/2022\/12\/protection-civile-vosges-se-hisse-sommet-de-largentine-bonne-cause\/"},"modified":"2022-12-15T15:21:07","modified_gmt":"2022-12-15T14:21:07","slug":"protection-civile-vosges-se-hisse-sommet-de-largentine-bonne-cause","status":"publish","type":"post","link":"https:\/\/vosgesinfo.fr\/saintdieinfo\/2022\/12\/protection-civile-vosges-se-hisse-sommet-de-largentine-bonne-cause\/","title":{"rendered":"La Protection Civile des Vosges se hisse au sommet de l\u2019Argentine pour la bonne cause"},"content":{"rendered":"<p><img decoding=\"async\" class=\"aligncenter wp-image-104791 size-full\" src=\"\/2017\/06\/Protection_Civile_Logo_01.png\" alt=\"Protection_Civile_Logo_01\" width=\"570\" height=\"380\" \/><\/p>\n<h2><strong><span style=\"font-size: 14pt;\"><span dir=\"ltr\">La Protection Civile des Vosges s\u2019associe au projet \u00ab<\/span> <span dir=\"ltr\">Conqu\u00e9rir pour Gu\u00e9rir<\/span> <span dir=\"ltr\">\u00bb, initi\u00e9 par <\/span><span dir=\"ltr\">Lucas Standinger, qui compte sensibiliser le grand public sur la maladie d\u00e9g\u00e9n\u00e9rative<\/span><span dir=\"ltr\"> de la scl\u00e9rose en plaques en D\u00e9cembre 2022. Une lev\u00e9e de fonds servira \u00e0 financer deux<\/span><span dir=\"ltr\"> structures luttant contre cette maladie. L\u2019objectif de ce partenariat ? Mettre en lumi\u00e8re<\/span><span dir=\"ltr\"> les travailleurs de l\u2019ombre : de la s\u00e9curit\u00e9 au secourisme en passant par la recherche<\/span><span dir=\"ltr\"> m\u00e9dicale, pour la bonne cause.<\/span><\/span><\/strong><\/h2>\n<p><!--more--><\/p>\n<p><span dir=\"ltr\">La<\/span> <span dir=\"ltr\">Protection Civile des Vosges<\/span> <span dir=\"ltr\">soutient Lucas Standinger, mosellan et gendarme de<\/span><span dir=\"ltr\"> profession, qui part le mois de<\/span> <span dir=\"ltr\">D\u00e9cembre 2022<\/span> <span dir=\"ltr\">(du 1er au 21) pour gravir le plus haut sommet<\/span><span dir=\"ltr\"> du continent am\u00e9ricain : l\u2019<\/span><span dir=\"ltr\">Aconcagua<\/span> <span dir=\"ltr\">(6 962 m\u00e8tres).<\/span><span dir=\"ltr\"> Lucas profite de cet \u00e9v\u00e9nement hors du commun pour<\/span> <span dir=\"ltr\">sensibiliser<\/span> <span dir=\"ltr\">le grand public contre une<\/span><span dir=\"ltr\"> maladie d\u00e9g\u00e9n\u00e9rative : la scl\u00e9rose en plaques. Les dons r\u00e9cup\u00e9r\u00e9s par Lucas seront r\u00e9vers\u00e9s<\/span><span dir=\"ltr\"> \u00e9quitablement entre les associations LORSEP (r\u00e9seau Lorrain sp\u00e9cialis\u00e9 dans la prise en<\/span><span dir=\"ltr\"> charge des malades), et la Fondation ARSEP, qui r\u00e9alise de la recherche scientifique contre <\/span><span dir=\"ltr\">cette maladie.<\/span><span dir=\"ltr\"> C\u2019est dans cette optique de<\/span> <span dir=\"ltr\">valeurs communes<\/span><span dir=\"ltr\">, sur un<\/span> <span dir=\"ltr\">territoire commun<\/span><span dir=\"ltr\">, qu\u2019un<\/span> <span dir=\"ltr\">partenariat<\/span><span dir=\"ltr\"> a \u00e9t\u00e9 conclu.<\/span><\/p>\n<p><span dir=\"ltr\">La<\/span> <span dir=\"ltr\">Protection Civile des Vosges<\/span><span dir=\"ltr\">, particuli\u00e8rement impressionn\u00e9e par son<\/span> <span dir=\"ltr\">engagement<\/span> <span dir=\"ltr\">et<\/span> <span dir=\"ltr\">sa<\/span><span dir=\"ltr\"> d\u00e9votion<\/span><span dir=\"ltr\">, des valeurs partag\u00e9es par les membres de l\u2019association, a d\u00e9cid\u00e9 de suivre Lucas<\/span><span dir=\"ltr\"> dans son p\u00e9riple et de faire un<\/span> <span dir=\"ltr\">don de 2000 \u20ac<\/span> <span dir=\"ltr\">pour sa cagnotte, dont le montant servira \u00e0 lutter<\/span><span dir=\"ltr\"> contre cette maladie.<\/span><span dir=\"ltr\"> Mettre en lumi\u00e8re les travailleurs de l\u2019ombre<\/span> <span dir=\"ltr\">: de la s\u00e9curit\u00e9 au secourisme en passant<\/span><span dir=\"ltr\"> par la recherche m\u00e9dicale. Les b\u00e9n\u00e9voles qui oeuvrent toute l\u2019ann\u00e9e au sein de la Protection<\/span><span dir=\"ltr\"> Civile comprennent \u00e0 quel point ces valeurs sont importantes pour mener \u00e0 bien les missions<\/span><span dir=\"ltr\"> humanitaires et d\u2019aide \u00e0 la population. De son c\u00f4t\u00e9, Lucas montrera \u00e0 sa communaut\u00e9 les<\/span><span dir=\"ltr\"> actions de la Protection Civile des Vosges, ses comp\u00e9tences ou encore ses engagements.<\/span><\/p>\n","protected":false},"excerpt":{"rendered":"<p>La Protection Civile des Vosges s\u2019associe au projet \u00ab Conqu\u00e9rir pour Gu\u00e9rir \u00bb, initi\u00e9 par Lucas Standinger, qui compte sensibiliser [&hellip;]<\/p>\n","protected":false},"author":44,"featured_media":60951,"comment_status":"open","ping_status":"open","sticky":false,"template":"","format":"standard","meta":{"footnotes":""},"categories":[460,29,18],"tags":[13438,13439,6806],"class_list":["post-60950","post","type-post","status-publish","format-standard","has-post-thumbnail","hentry","category-a-la-une","category-solidarite","category-vosges","tag-conquerir-pour-guerir","tag-lucas-standinger","tag-protection-civile-des-vosges"],"acf":[],"yoast_head":"<!-- This site is optimized with the Yoast SEO plugin v22.5 - https:\/\/yoast.com\/wordpress\/plugins\/seo\/ -->\n<title>La Protection Civile des Vosges se hisse au sommet de l\u2019Argentine pour la bonne cause - Saint Die Info<\/title>\n<meta name=\"robots\" content=\"index, follow, max-snippet:-1, max-image-preview:large, max-video-preview:-1\" \/>\n<link rel=\"canonical\" href=\"https:\/\/vosgesinfo.fr\/saintdieinfo\/2022\/12\/protection-civile-vosges-se-hisse-sommet-de-largentine-bonne-cause\/\" \/>\n<meta name=\"twitter:card\" content=\"summary_large_image\" \/>\n<meta name=\"twitter:title\" content=\"La Protection Civile des Vosges se hisse au sommet de l\u2019Argentine pour la bonne cause - Saint Die Info\" \/>\n<meta name=\"twitter:description\" content=\"La Protection Civile des Vosges s\u2019associe au projet \u00ab Conqu\u00e9rir pour Gu\u00e9rir \u00bb, initi\u00e9 par Lucas Standinger, qui compte sensibiliser [&hellip;]\" \/>\n<meta name=\"twitter:image\" content=\"https:\/\/vosgesinfo.fr\/app\/uploads\/sites\/4\/2024\/08\/201706protection-civile-logo-01-1.png\" \/>\n<meta name=\"twitter:creator\" content=\"@VosgesInfo88\" \/>\n<meta name=\"twitter:site\" content=\"@VosgesInfo88\" \/>\n<meta name=\"twitter:label1\" content=\"\u00c9crit par\" \/>\n\t<meta name=\"twitter:data1\" content=\"la r\u00e9daction\" \/>\n\t<meta name=\"twitter:label2\" content=\"Dur\u00e9e de lecture estim\u00e9e\" \/>\n\t<meta name=\"twitter:data2\" content=\"2 minutes\" \/>\n<script type=\"application\/ld+json\" class=\"yoast-schema-graph\">{\"@context\":\"https:\/\/schema.org\",\"@graph\":[{\"@type\":\"Article\",\"@id\":\"https:\/\/vosgesinfo.fr\/saintdieinfo\/2022\/12\/protection-civile-vosges-se-hisse-sommet-de-largentine-bonne-cause\/#article\",\"isPartOf\":{\"@id\":\"https:\/\/vosgesinfo.fr\/saintdieinfo\/2022\/12\/protection-civile-vosges-se-hisse-sommet-de-largentine-bonne-cause\/\"},\"author\":{\"name\":\"la r\u00e9daction\",\"@id\":\"https:\/\/vosgesinfo.fr\/saintdieinfo\/#\/schema\/person\/faee6704a21f3977511db84bd1cd450f\"},\"headline\":\"La Protection Civile des Vosges se hisse au sommet de l\u2019Argentine pour la bonne cause\",\"datePublished\":\"2022-12-15T14:21:07+00:00\",\"dateModified\":\"2022-12-15T14:21:07+00:00\",\"mainEntityOfPage\":{\"@id\":\"https:\/\/vosgesinfo.fr\/saintdieinfo\/2022\/12\/protection-civile-vosges-se-hisse-sommet-de-largentine-bonne-cause\/\"},\"wordCount\":356,\"commentCount\":0,\"publisher\":{\"@id\":\"https:\/\/vosgesinfo.fr\/saintdieinfo\/#organization\"},\"image\":{\"@id\":\"https:\/\/vosgesinfo.fr\/saintdieinfo\/2022\/12\/protection-civile-vosges-se-hisse-sommet-de-largentine-bonne-cause\/#primaryimage\"},\"thumbnailUrl\":\"https:\/\/vosgesinfo.fr\/app\/uploads\/sites\/4\/2024\/08\/201706protection-civile-logo-01-1.png\",\"keywords\":[\"Conqu\u00e9rir pour Gu\u00e9rir\",\"Lucas Standinger\",\"Protection Civile des Vosges\"],\"articleSection\":[\"A la Une\",\"Solidarit\u00e9\",\"Vosges\"],\"inLanguage\":\"fr-FR\",\"potentialAction\":[{\"@type\":\"CommentAction\",\"name\":\"Comment\",\"target\":[\"https:\/\/vosgesinfo.fr\/saintdieinfo\/2022\/12\/protection-civile-vosges-se-hisse-sommet-de-largentine-bonne-cause\/#respond\"]}]},{\"@type\":\"WebPage\",\"@id\":\"https:\/\/vosgesinfo.fr\/saintdieinfo\/2022\/12\/protection-civile-vosges-se-hisse-sommet-de-largentine-bonne-cause\/\",\"url\":\"https:\/\/vosgesinfo.fr\/saintdieinfo\/2022\/12\/protection-civile-vosges-se-hisse-sommet-de-largentine-bonne-cause\/\",\"name\":\"La Protection Civile des Vosges se hisse au sommet de l\u2019Argentine pour la bonne cause - Saint Die Info\",\"isPartOf\":{\"@id\":\"https:\/\/vosgesinfo.fr\/saintdieinfo\/#website\"},\"primaryImageOfPage\":{\"@id\":\"https:\/\/vosgesinfo.fr\/saintdieinfo\/2022\/12\/protection-civile-vosges-se-hisse-sommet-de-largentine-bonne-cause\/#primaryimage\"},\"image\":{\"@id\":\"https:\/\/vosgesinfo.fr\/saintdieinfo\/2022\/12\/protection-civile-vosges-se-hisse-sommet-de-largentine-bonne-cause\/#primaryimage\"},\"thumbnailUrl\":\"https:\/\/vosgesinfo.fr\/app\/uploads\/sites\/4\/2024\/08\/201706protection-civile-logo-01-1.png\",\"datePublished\":\"2022-12-15T14:21:07+00:00\",\"dateModified\":\"2022-12-15T14:21:07+00:00\",\"breadcrumb\":{\"@id\":\"https:\/\/vosgesinfo.fr\/saintdieinfo\/2022\/12\/protection-civile-vosges-se-hisse-sommet-de-largentine-bonne-cause\/#breadcrumb\"},\"inLanguage\":\"fr-FR\",\"potentialAction\":[{\"@type\":\"ReadAction\",\"target\":[\"https:\/\/vosgesinfo.fr\/saintdieinfo\/2022\/12\/protection-civile-vosges-se-hisse-sommet-de-largentine-bonne-cause\/\"]}]},{\"@type\":\"ImageObject\",\"inLanguage\":\"fr-FR\",\"@id\":\"https:\/\/vosgesinfo.fr\/saintdieinfo\/2022\/12\/protection-civile-vosges-se-hisse-sommet-de-largentine-bonne-cause\/#primaryimage\",\"url\":\"https:\/\/vosgesinfo.fr\/app\/uploads\/sites\/4\/2024\/08\/201706protection-civile-logo-01-1.png\",\"contentUrl\":\"https:\/\/vosgesinfo.fr\/app\/uploads\/sites\/4\/2024\/08\/201706protection-civile-logo-01-1.png\",\"width\":570,\"height\":380},{\"@type\":\"BreadcrumbList\",\"@id\":\"https:\/\/vosgesinfo.fr\/saintdieinfo\/2022\/12\/protection-civile-vosges-se-hisse-sommet-de-largentine-bonne-cause\/#breadcrumb\",\"itemListElement\":[{\"@type\":\"ListItem\",\"position\":1,\"name\":\"Home\",\"item\":\"https:\/\/vosgesinfo.fr\/saintdieinfo\/\"},{\"@type\":\"ListItem\",\"position\":2,\"name\":\"La Protection Civile des Vosges se hisse au sommet de l\u2019Argentine pour la bonne cause\"}]},{\"@type\":\"WebSite\",\"@id\":\"https:\/\/vosgesinfo.fr\/saintdieinfo\/#website\",\"url\":\"https:\/\/vosgesinfo.fr\/saintdieinfo\/\",\"name\":\"Saint Die Info\",\"description\":\"Toute l&#039;actualit\u00e9 de Saint-Di\u00e9-Des-Vosges\",\"publisher\":{\"@id\":\"https:\/\/vosgesinfo.fr\/saintdieinfo\/#organization\"},\"alternateName\":\"Toute l'actualit\u00e9 de Saint-Di\u00e9-Des-Vosges\",\"potentialAction\":[{\"@type\":\"SearchAction\",\"target\":{\"@type\":\"EntryPoint\",\"urlTemplate\":\"https:\/\/vosgesinfo.fr\/saintdieinfo\/?s={search_term_string}\"},\"query-input\":\"required name=search_term_string\"}],\"inLanguage\":\"fr-FR\"},{\"@type\":\"Organization\",\"@id\":\"https:\/\/vosgesinfo.fr\/saintdieinfo\/#organization\",\"name\":\"Saint Die Info\",\"url\":\"https:\/\/vosgesinfo.fr\/saintdieinfo\/\",\"logo\":{\"@type\":\"ImageObject\",\"inLanguage\":\"fr-FR\",\"@id\":\"https:\/\/vosgesinfo.fr\/saintdieinfo\/#\/schema\/logo\/image\/\",\"url\":\"https:\/\/vosgesinfo.fr\/app\/uploads\/sites\/4\/2024\/02\/logo-sdi.jpg\",\"contentUrl\":\"https:\/\/vosgesinfo.fr\/app\/uploads\/sites\/4\/2024\/02\/logo-sdi.jpg\",\"width\":600,\"height\":600,\"caption\":\"Saint Die Info\"},\"image\":{\"@id\":\"https:\/\/vosgesinfo.fr\/saintdieinfo\/#\/schema\/logo\/image\/\"},\"sameAs\":[\"https:\/\/www.facebook.com\/Saintdieinfofr\",\"https:\/\/x.com\/VosgesInfo88\",\"https:\/\/www.youtube.com\/@vosgesinfo\"]},{\"@type\":\"Person\",\"@id\":\"https:\/\/vosgesinfo.fr\/saintdieinfo\/#\/schema\/person\/faee6704a21f3977511db84bd1cd450f\",\"name\":\"la r\u00e9daction\",\"image\":{\"@type\":\"ImageObject\",\"inLanguage\":\"fr-FR\",\"@id\":\"https:\/\/vosgesinfo.fr\/saintdieinfo\/#\/schema\/person\/image\/\",\"url\":\"https:\/\/secure.gravatar.com\/avatar\/6673d8bc6a9c17fa9a453eaa3448de834fa308c2ec9635b7aa99441a7c8d2cf6?s=96&d=mm&r=g\",\"contentUrl\":\"https:\/\/secure.gravatar.com\/avatar\/6673d8bc6a9c17fa9a453eaa3448de834fa308c2ec9635b7aa99441a7c8d2cf6?s=96&d=mm&r=g\",\"caption\":\"la r\u00e9daction\"},\"url\":\"https:\/\/vosgesinfo.fr\/saintdieinfo\/author\/redac\/\"}]}<\/script>\n<!-- \/ Yoast SEO plugin. -->","yoast_head_json":{"title":"La Protection Civile des Vosges se hisse au sommet de l\u2019Argentine pour la bonne cause - Saint Die Info","robots":{"index":"index","follow":"follow","max-snippet":"max-snippet:-1","max-image-preview":"max-image-preview:large","max-video-preview":"max-video-preview:-1"},"canonical":"https:\/\/vosgesinfo.fr\/saintdieinfo\/2022\/12\/protection-civile-vosges-se-hisse-sommet-de-largentine-bonne-cause\/","twitter_card":"summary_large_image","twitter_title":"La Protection Civile des Vosges se hisse au sommet de l\u2019Argentine pour la bonne cause - Saint Die Info","twitter_description":"La Protection Civile des Vosges s\u2019associe au projet \u00ab Conqu\u00e9rir pour Gu\u00e9rir \u00bb, initi\u00e9 par Lucas Standinger, qui compte sensibiliser [&hellip;]","twitter_image":"https:\/\/vosgesinfo.fr\/app\/uploads\/sites\/4\/2024\/08\/201706protection-civile-logo-01-1.png","twitter_creator":"@VosgesInfo88","twitter_site":"@VosgesInfo88","twitter_misc":{"\u00c9crit par":"la r\u00e9daction","Dur\u00e9e de lecture estim\u00e9e":"2 minutes"},"schema":{"@context":"https:\/\/schema.org","@graph":[{"@type":"Article","@id":"https:\/\/vosgesinfo.fr\/saintdieinfo\/2022\/12\/protection-civile-vosges-se-hisse-sommet-de-largentine-bonne-cause\/#article","isPartOf":{"@id":"https:\/\/vosgesinfo.fr\/saintdieinfo\/2022\/12\/protection-civile-vosges-se-hisse-sommet-de-largentine-bonne-cause\/"},"author":{"name":"la r\u00e9daction","@id":"https:\/\/vosgesinfo.fr\/saintdieinfo\/#\/schema\/person\/faee6704a21f3977511db84bd1cd450f"},"headline":"La Protection Civile des Vosges se hisse au sommet de l\u2019Argentine pour la bonne cause","datePublished":"2022-12-15T14:21:07+00:00","dateModified":"2022-12-15T14:21:07+00:00","mainEntityOfPage":{"@id":"https:\/\/vosgesinfo.fr\/saintdieinfo\/2022\/12\/protection-civile-vosges-se-hisse-sommet-de-largentine-bonne-cause\/"},"wordCount":356,"commentCount":0,"publisher":{"@id":"https:\/\/vosgesinfo.fr\/saintdieinfo\/#organization"},"image":{"@id":"https:\/\/vosgesinfo.fr\/saintdieinfo\/2022\/12\/protection-civile-vosges-se-hisse-sommet-de-largentine-bonne-cause\/#primaryimage"},"thumbnailUrl":"https:\/\/vosgesinfo.fr\/app\/uploads\/sites\/4\/2024\/08\/201706protection-civile-logo-01-1.png","keywords":["Conqu\u00e9rir pour Gu\u00e9rir","Lucas Standinger","Protection Civile des Vosges"],"articleSection":["A la Une","Solidarit\u00e9","Vosges"],"inLanguage":"fr-FR","potentialAction":[{"@type":"CommentAction","name":"Comment","target":["https:\/\/vosgesinfo.fr\/saintdieinfo\/2022\/12\/protection-civile-vosges-se-hisse-sommet-de-largentine-bonne-cause\/#respond"]}]},{"@type":"WebPage","@id":"https:\/\/vosgesinfo.fr\/saintdieinfo\/2022\/12\/protection-civile-vosges-se-hisse-sommet-de-largentine-bonne-cause\/","url":"https:\/\/vosgesinfo.fr\/saintdieinfo\/2022\/12\/protection-civile-vosges-se-hisse-sommet-de-largentine-bonne-cause\/","name":"La Protection Civile des Vosges se hisse au sommet de l\u2019Argentine pour la bonne cause - Saint Die Info","isPartOf":{"@id":"https:\/\/vosgesinfo.fr\/saintdieinfo\/#website"},"primaryImageOfPage":{"@id":"https:\/\/vosgesinfo.fr\/saintdieinfo\/2022\/12\/protection-civile-vosges-se-hisse-sommet-de-largentine-bonne-cause\/#primaryimage"},"image":{"@id":"https:\/\/vosgesinfo.fr\/saintdieinfo\/2022\/12\/protection-civile-vosges-se-hisse-sommet-de-largentine-bonne-cause\/#primaryimage"},"thumbnailUrl":"https:\/\/vosgesinfo.fr\/app\/uploads\/sites\/4\/2024\/08\/201706protection-civile-logo-01-1.png","datePublished":"2022-12-15T14:21:07+00:00","dateModified":"2022-12-15T14:21:07+00:00","breadcrumb":{"@id":"https:\/\/vosgesinfo.fr\/saintdieinfo\/2022\/12\/protection-civile-vosges-se-hisse-sommet-de-largentine-bonne-cause\/#breadcrumb"},"inLanguage":"fr-FR","potentialAction":[{"@type":"ReadAction","target":["https:\/\/vosgesinfo.fr\/saintdieinfo\/2022\/12\/protection-civile-vosges-se-hisse-sommet-de-largentine-bonne-cause\/"]}]},{"@type":"ImageObject","inLanguage":"fr-FR","@id":"https:\/\/vosgesinfo.fr\/saintdieinfo\/2022\/12\/protection-civile-vosges-se-hisse-sommet-de-largentine-bonne-cause\/#primaryimage","url":"https:\/\/vosgesinfo.fr\/app\/uploads\/sites\/4\/2024\/08\/201706protection-civile-logo-01-1.png","contentUrl":"https:\/\/vosgesinfo.fr\/app\/uploads\/sites\/4\/2024\/08\/201706protection-civile-logo-01-1.png","width":570,"height":380},{"@type":"BreadcrumbList","@id":"https:\/\/vosgesinfo.fr\/saintdieinfo\/2022\/12\/protection-civile-vosges-se-hisse-sommet-de-largentine-bonne-cause\/#breadcrumb","itemListElement":[{"@type":"ListItem","position":1,"name":"Home","item":"https:\/\/vosgesinfo.fr\/saintdieinfo\/"},{"@type":"ListItem","position":2,"name":"La Protection Civile des Vosges se hisse au sommet de l\u2019Argentine pour la bonne cause"}]},{"@type":"WebSite","@id":"https:\/\/vosgesinfo.fr\/saintdieinfo\/#website","url":"https:\/\/vosgesinfo.fr\/saintdieinfo\/","name":"Saint Die Info","description":"Toute l&#039;actualit\u00e9 de Saint-Di\u00e9-Des-Vosges","publisher":{"@id":"https:\/\/vosgesinfo.fr\/saintdieinfo\/#organization"},"alternateName":"Toute l'actualit\u00e9 de Saint-Di\u00e9-Des-Vosges","potentialAction":[{"@type":"SearchAction","target":{"@type":"EntryPoint","urlTemplate":"https:\/\/vosgesinfo.fr\/saintdieinfo\/?s={search_term_string}"},"query-input":"required name=search_term_string"}],"inLanguage":"fr-FR"},{"@type":"Organization","@id":"https:\/\/vosgesinfo.fr\/saintdieinfo\/#organization","name":"Saint Die Info","url":"https:\/\/vosgesinfo.fr\/saintdieinfo\/","logo":{"@type":"ImageObject","inLanguage":"fr-FR","@id":"https:\/\/vosgesinfo.fr\/saintdieinfo\/#\/schema\/logo\/image\/","url":"https:\/\/vosgesinfo.fr\/app\/uploads\/sites\/4\/2024\/02\/logo-sdi.jpg","contentUrl":"https:\/\/vosgesinfo.fr\/app\/uploads\/sites\/4\/2024\/02\/logo-sdi.jpg","width":600,"height":600,"caption":"Saint Die Info"},"image":{"@id":"https:\/\/vosgesinfo.fr\/saintdieinfo\/#\/schema\/logo\/image\/"},"sameAs":["https:\/\/www.facebook.com\/Saintdieinfofr","https:\/\/x.com\/VosgesInfo88","https:\/\/www.youtube.com\/@vosgesinfo"]},{"@type":"Person","@id":"https:\/\/vosgesinfo.fr\/saintdieinfo\/#\/schema\/person\/faee6704a21f3977511db84bd1cd450f","name":"la r\u00e9daction","image":{"@type":"ImageObject","inLanguage":"fr-FR","@id":"https:\/\/vosgesinfo.fr\/saintdieinfo\/#\/schema\/person\/image\/","url":"https:\/\/secure.gravatar.com\/avatar\/6673d8bc6a9c17fa9a453eaa3448de834fa308c2ec9635b7aa99441a7c8d2cf6?s=96&d=mm&r=g","contentUrl":"https:\/\/secure.gravatar.com\/avatar\/6673d8bc6a9c17fa9a453eaa3448de834fa308c2ec9635b7aa99441a7c8d2cf6?s=96&d=mm&r=g","caption":"la r\u00e9daction"},"url":"https:\/\/vosgesinfo.fr\/saintdieinfo\/author\/redac\/"}]}},"_links":{"self":[{"href":"https:\/\/vosgesinfo.fr\/saintdieinfo\/wp-json\/wp\/v2\/posts\/60950","targetHints":{"allow":["GET"]}}],"collection":[{"href":"https:\/\/vosgesinfo.fr\/saintdieinfo\/wp-json\/wp\/v2\/posts"}],"about":[{"href":"https:\/\/vosgesinfo.fr\/saintdieinfo\/wp-json\/wp\/v2\/types\/post"}],"author":[{"embeddable":true,"href":"https:\/\/vosgesinfo.fr\/saintdieinfo\/wp-json\/wp\/v2\/users\/44"}],"replies":[{"embeddable":true,"href":"https:\/\/vosgesinfo.fr\/saintdieinfo\/wp-json\/wp\/v2\/comments?post=60950"}],"version-history":[{"count":0,"href":"https:\/\/vosgesinfo.fr\/saintdieinfo\/wp-json\/wp\/v2\/posts\/60950\/revisions"}],"wp:featuredmedia":[{"embeddable":true,"href":"https:\/\/vosgesinfo.fr\/saintdieinfo\/wp-json\/wp\/v2\/media\/60951"}],"wp:attachment":[{"href":"https:\/\/vosgesinfo.fr\/saintdieinfo\/wp-json\/wp\/v2\/media?parent=60950"}],"wp:term":[{"taxonomy":"category","embeddable":true,"href":"https:\/\/vosgesinfo.fr\/saintdieinfo\/wp-json\/wp\/v2\/categories?post=60950"},{"taxonomy":"post_tag","embeddable":true,"href":"https:\/\/vosgesinfo.fr\/saintdieinfo\/wp-json\/wp\/v2\/tags?post=60950"}],"curies":[{"name":"wp","href":"https:\/\/api.w.org\/{rel}","templated":true}]}}