{"id":60968,"date":"2022-12-16T06:00:33","date_gmt":"2022-12-16T05:00:33","guid":{"rendered":"https:\/\/vosgesinfo.fr\/saintdieinfo\/2022\/12\/vosges-inauguration-systeme-pompes-a-chaleur-thermodynamique\/"},"modified":"2022-12-16T06:00:33","modified_gmt":"2022-12-16T05:00:33","slug":"vosges-inauguration-systeme-pompes-a-chaleur-thermodynamique","status":"publish","type":"post","link":"https:\/\/vosgesinfo.fr\/saintdieinfo\/2022\/12\/vosges-inauguration-systeme-pompes-a-chaleur-thermodynamique\/","title":{"rendered":"Vosges \u2013 Inauguration\u00a0du syst\u00e8me des pompes \u00e0 chaleur thermodynamique"},"content":{"rendered":"<div class=\"x11i5rnm xat24cr x1mh8g0r x1vvkbs xdj266r x126k92a\">\n<div id=\"attachment_194533\" style=\"width: 810px\" class=\"wp-caption aligncenter\"><a href=\"\/2022\/12\/320377056_3383414988652410_572785917797491188_n.jpg\" target=\"_blank\" rel=\"noopener\"><img decoding=\"async\" aria-describedby=\"caption-attachment-194533\" class=\"wp-image-194533 size-full\" src=\"\/2022\/12\/320377056_3383414988652410_572785917797491188_n.jpg\" alt=\"320377056_3383414988652410_572785917797491188_n\" width=\"800\" height=\"361\" \/><\/a><p id=\"caption-attachment-194533\" class=\"wp-caption-text\">(Photographie Pr\u00e9fecture des Vosges)<\/p><\/div>\n<h2 dir=\"auto\"><strong><span style=\"font-size: 14pt;\">Ce jeudi a eu lieu l\u2019inauguration\u00a0du syst\u00e8me des pompes \u00e0 chaleur thermodynamique sur le site de production Trane Charmes.<\/span><\/strong><\/h2>\n<\/div>\n<p><!--more--><\/p>\n<div class=\"x11i5rnm xat24cr x1mh8g0r x1vvkbs xtlvy1s x126k92a\">\n<div dir=\"auto\">Trane Technologies, un innovateur mondial en mati\u00e8re de climat cr\u00e9e des environnements int\u00e9rieurs confortables et \u00e9conomes en \u00e9nergie pour des applications commerciales et r\u00e9sidentielles. Son site de Charmes, innove, produit et teste les produits de chauffage, de refroidissement et de ventilation Trane. Ce jeudi a eu lieu l\u2019inauguration du syst\u00e8me des pompes \u00e0 chaleur thermodynamique. Avec cette installation, la Trane veut d\u00e9carboner ses usines en \u00e9liminant l\u2019utilisation des combustibles fossiles.<\/div>\n<\/div>\n","protected":false},"excerpt":{"rendered":"<p>Ce jeudi a eu lieu l\u2019inauguration\u00a0du syst\u00e8me des pompes \u00e0 chaleur thermodynamique sur le site de production Trane Charmes.<\/p>\n","protected":false},"author":44,"featured_media":60969,"comment_status":"open","ping_status":"open","sticky":false,"template":"","format":"standard","meta":{"footnotes":""},"categories":[460,18],"tags":[1968,13443,13444],"class_list":["post-60968","post","type-post","status-publish","format-standard","has-post-thumbnail","hentry","category-a-la-une","category-vosges","tag-charmes","tag-pompes-a-chaleur-thermodynamique","tag-trane-charmes"],"acf":[],"yoast_head":"<!-- This site is optimized with the Yoast SEO plugin v22.5 - https:\/\/yoast.com\/wordpress\/plugins\/seo\/ -->\n<title>Vosges \u2013 Inauguration\u00a0du syst\u00e8me des pompes \u00e0 chaleur thermodynamique - Saint Die Info<\/title>\n<meta name=\"robots\" content=\"index, follow, max-snippet:-1, max-image-preview:large, max-video-preview:-1\" \/>\n<link rel=\"canonical\" href=\"https:\/\/vosgesinfo.fr\/saintdieinfo\/2022\/12\/vosges-inauguration-systeme-pompes-a-chaleur-thermodynamique\/\" \/>\n<meta name=\"twitter:card\" content=\"summary_large_image\" \/>\n<meta name=\"twitter:title\" content=\"Vosges \u2013 Inauguration\u00a0du syst\u00e8me des pompes \u00e0 chaleur thermodynamique - Saint Die Info\" \/>\n<meta name=\"twitter:description\" content=\"Ce jeudi a eu lieu l\u2019inauguration\u00a0du syst\u00e8me des pompes \u00e0 chaleur thermodynamique sur le site de production Trane Charmes.\" \/>\n<meta name=\"twitter:image\" content=\"https:\/\/vosgesinfo.fr\/app\/uploads\/sites\/4\/2024\/08\/202212320377056-3383414988652410-572785917797491188-n.jpg\" \/>\n<meta name=\"twitter:creator\" content=\"@VosgesInfo88\" \/>\n<meta name=\"twitter:site\" content=\"@VosgesInfo88\" \/>\n<meta name=\"twitter:label1\" content=\"\u00c9crit par\" \/>\n\t<meta name=\"twitter:data1\" content=\"la r\u00e9daction\" \/>\n\t<meta name=\"twitter:label2\" content=\"Dur\u00e9e de lecture estim\u00e9e\" \/>\n\t<meta name=\"twitter:data2\" content=\"1 minute\" \/>\n<script type=\"application\/ld+json\" class=\"yoast-schema-graph\">{\"@context\":\"https:\/\/schema.org\",\"@graph\":[{\"@type\":\"Article\",\"@id\":\"https:\/\/vosgesinfo.fr\/saintdieinfo\/2022\/12\/vosges-inauguration-systeme-pompes-a-chaleur-thermodynamique\/#article\",\"isPartOf\":{\"@id\":\"https:\/\/vosgesinfo.fr\/saintdieinfo\/2022\/12\/vosges-inauguration-systeme-pompes-a-chaleur-thermodynamique\/\"},\"author\":{\"name\":\"la r\u00e9daction\",\"@id\":\"https:\/\/vosgesinfo.fr\/saintdieinfo\/#\/schema\/person\/faee6704a21f3977511db84bd1cd450f\"},\"headline\":\"Vosges \u2013 Inauguration\u00a0du syst\u00e8me des pompes \u00e0 chaleur thermodynamique\",\"datePublished\":\"2022-12-16T05:00:33+00:00\",\"dateModified\":\"2022-12-16T05:00:33+00:00\",\"mainEntityOfPage\":{\"@id\":\"https:\/\/vosgesinfo.fr\/saintdieinfo\/2022\/12\/vosges-inauguration-systeme-pompes-a-chaleur-thermodynamique\/\"},\"wordCount\":119,\"commentCount\":0,\"publisher\":{\"@id\":\"https:\/\/vosgesinfo.fr\/saintdieinfo\/#organization\"},\"image\":{\"@id\":\"https:\/\/vosgesinfo.fr\/saintdieinfo\/2022\/12\/vosges-inauguration-systeme-pompes-a-chaleur-thermodynamique\/#primaryimage\"},\"thumbnailUrl\":\"https:\/\/vosgesinfo.fr\/app\/uploads\/sites\/4\/2024\/08\/202212320377056-3383414988652410-572785917797491188-n.jpg\",\"keywords\":[\"Charmes\",\"Pompes \u00e0 chaleur thermodynamique\",\"Trane Charmes\"],\"articleSection\":[\"A la Une\",\"Vosges\"],\"inLanguage\":\"fr-FR\",\"potentialAction\":[{\"@type\":\"CommentAction\",\"name\":\"Comment\",\"target\":[\"https:\/\/vosgesinfo.fr\/saintdieinfo\/2022\/12\/vosges-inauguration-systeme-pompes-a-chaleur-thermodynamique\/#respond\"]}]},{\"@type\":\"WebPage\",\"@id\":\"https:\/\/vosgesinfo.fr\/saintdieinfo\/2022\/12\/vosges-inauguration-systeme-pompes-a-chaleur-thermodynamique\/\",\"url\":\"https:\/\/vosgesinfo.fr\/saintdieinfo\/2022\/12\/vosges-inauguration-systeme-pompes-a-chaleur-thermodynamique\/\",\"name\":\"Vosges \u2013 Inauguration\u00a0du syst\u00e8me des pompes \u00e0 chaleur thermodynamique - Saint Die Info\",\"isPartOf\":{\"@id\":\"https:\/\/vosgesinfo.fr\/saintdieinfo\/#website\"},\"primaryImageOfPage\":{\"@id\":\"https:\/\/vosgesinfo.fr\/saintdieinfo\/2022\/12\/vosges-inauguration-systeme-pompes-a-chaleur-thermodynamique\/#primaryimage\"},\"image\":{\"@id\":\"https:\/\/vosgesinfo.fr\/saintdieinfo\/2022\/12\/vosges-inauguration-systeme-pompes-a-chaleur-thermodynamique\/#primaryimage\"},\"thumbnailUrl\":\"https:\/\/vosgesinfo.fr\/app\/uploads\/sites\/4\/2024\/08\/202212320377056-3383414988652410-572785917797491188-n.jpg\",\"datePublished\":\"2022-12-16T05:00:33+00:00\",\"dateModified\":\"2022-12-16T05:00:33+00:00\",\"breadcrumb\":{\"@id\":\"https:\/\/vosgesinfo.fr\/saintdieinfo\/2022\/12\/vosges-inauguration-systeme-pompes-a-chaleur-thermodynamique\/#breadcrumb\"},\"inLanguage\":\"fr-FR\",\"potentialAction\":[{\"@type\":\"ReadAction\",\"target\":[\"https:\/\/vosgesinfo.fr\/saintdieinfo\/2022\/12\/vosges-inauguration-systeme-pompes-a-chaleur-thermodynamique\/\"]}]},{\"@type\":\"ImageObject\",\"inLanguage\":\"fr-FR\",\"@id\":\"https:\/\/vosgesinfo.fr\/saintdieinfo\/2022\/12\/vosges-inauguration-systeme-pompes-a-chaleur-thermodynamique\/#primaryimage\",\"url\":\"https:\/\/vosgesinfo.fr\/app\/uploads\/sites\/4\/2024\/08\/202212320377056-3383414988652410-572785917797491188-n.jpg\",\"contentUrl\":\"https:\/\/vosgesinfo.fr\/app\/uploads\/sites\/4\/2024\/08\/202212320377056-3383414988652410-572785917797491188-n.jpg\",\"width\":800,\"height\":361},{\"@type\":\"BreadcrumbList\",\"@id\":\"https:\/\/vosgesinfo.fr\/saintdieinfo\/2022\/12\/vosges-inauguration-systeme-pompes-a-chaleur-thermodynamique\/#breadcrumb\",\"itemListElement\":[{\"@type\":\"ListItem\",\"position\":1,\"name\":\"Home\",\"item\":\"https:\/\/vosgesinfo.fr\/saintdieinfo\/\"},{\"@type\":\"ListItem\",\"position\":2,\"name\":\"Vosges \u2013 Inauguration\u00a0du syst\u00e8me des pompes \u00e0 chaleur thermodynamique\"}]},{\"@type\":\"WebSite\",\"@id\":\"https:\/\/vosgesinfo.fr\/saintdieinfo\/#website\",\"url\":\"https:\/\/vosgesinfo.fr\/saintdieinfo\/\",\"name\":\"Saint Die Info\",\"description\":\"Toute l&#039;actualit\u00e9 de Saint-Di\u00e9-Des-Vosges\",\"publisher\":{\"@id\":\"https:\/\/vosgesinfo.fr\/saintdieinfo\/#organization\"},\"alternateName\":\"Toute l'actualit\u00e9 de Saint-Di\u00e9-Des-Vosges\",\"potentialAction\":[{\"@type\":\"SearchAction\",\"target\":{\"@type\":\"EntryPoint\",\"urlTemplate\":\"https:\/\/vosgesinfo.fr\/saintdieinfo\/?s={search_term_string}\"},\"query-input\":\"required name=search_term_string\"}],\"inLanguage\":\"fr-FR\"},{\"@type\":\"Organization\",\"@id\":\"https:\/\/vosgesinfo.fr\/saintdieinfo\/#organization\",\"name\":\"Saint Die Info\",\"url\":\"https:\/\/vosgesinfo.fr\/saintdieinfo\/\",\"logo\":{\"@type\":\"ImageObject\",\"inLanguage\":\"fr-FR\",\"@id\":\"https:\/\/vosgesinfo.fr\/saintdieinfo\/#\/schema\/logo\/image\/\",\"url\":\"https:\/\/vosgesinfo.fr\/app\/uploads\/sites\/4\/2024\/02\/logo-sdi.jpg\",\"contentUrl\":\"https:\/\/vosgesinfo.fr\/app\/uploads\/sites\/4\/2024\/02\/logo-sdi.jpg\",\"width\":600,\"height\":600,\"caption\":\"Saint Die Info\"},\"image\":{\"@id\":\"https:\/\/vosgesinfo.fr\/saintdieinfo\/#\/schema\/logo\/image\/\"},\"sameAs\":[\"https:\/\/www.facebook.com\/Saintdieinfofr\",\"https:\/\/x.com\/VosgesInfo88\",\"https:\/\/www.youtube.com\/@vosgesinfo\"]},{\"@type\":\"Person\",\"@id\":\"https:\/\/vosgesinfo.fr\/saintdieinfo\/#\/schema\/person\/faee6704a21f3977511db84bd1cd450f\",\"name\":\"la r\u00e9daction\",\"image\":{\"@type\":\"ImageObject\",\"inLanguage\":\"fr-FR\",\"@id\":\"https:\/\/vosgesinfo.fr\/saintdieinfo\/#\/schema\/person\/image\/\",\"url\":\"https:\/\/secure.gravatar.com\/avatar\/6673d8bc6a9c17fa9a453eaa3448de834fa308c2ec9635b7aa99441a7c8d2cf6?s=96&d=mm&r=g\",\"contentUrl\":\"https:\/\/secure.gravatar.com\/avatar\/6673d8bc6a9c17fa9a453eaa3448de834fa308c2ec9635b7aa99441a7c8d2cf6?s=96&d=mm&r=g\",\"caption\":\"la r\u00e9daction\"},\"url\":\"https:\/\/vosgesinfo.fr\/saintdieinfo\/author\/redac\/\"}]}<\/script>\n<!-- \/ Yoast SEO plugin. -->","yoast_head_json":{"title":"Vosges \u2013 Inauguration\u00a0du syst\u00e8me des pompes \u00e0 chaleur thermodynamique - Saint Die Info","robots":{"index":"index","follow":"follow","max-snippet":"max-snippet:-1","max-image-preview":"max-image-preview:large","max-video-preview":"max-video-preview:-1"},"canonical":"https:\/\/vosgesinfo.fr\/saintdieinfo\/2022\/12\/vosges-inauguration-systeme-pompes-a-chaleur-thermodynamique\/","twitter_card":"summary_large_image","twitter_title":"Vosges \u2013 Inauguration\u00a0du syst\u00e8me des pompes \u00e0 chaleur thermodynamique - Saint Die Info","twitter_description":"Ce jeudi a eu lieu l\u2019inauguration\u00a0du syst\u00e8me des pompes \u00e0 chaleur thermodynamique sur le site de production Trane Charmes.","twitter_image":"https:\/\/vosgesinfo.fr\/app\/uploads\/sites\/4\/2024\/08\/202212320377056-3383414988652410-572785917797491188-n.jpg","twitter_creator":"@VosgesInfo88","twitter_site":"@VosgesInfo88","twitter_misc":{"\u00c9crit par":"la r\u00e9daction","Dur\u00e9e de lecture estim\u00e9e":"1 minute"},"schema":{"@context":"https:\/\/schema.org","@graph":[{"@type":"Article","@id":"https:\/\/vosgesinfo.fr\/saintdieinfo\/2022\/12\/vosges-inauguration-systeme-pompes-a-chaleur-thermodynamique\/#article","isPartOf":{"@id":"https:\/\/vosgesinfo.fr\/saintdieinfo\/2022\/12\/vosges-inauguration-systeme-pompes-a-chaleur-thermodynamique\/"},"author":{"name":"la r\u00e9daction","@id":"https:\/\/vosgesinfo.fr\/saintdieinfo\/#\/schema\/person\/faee6704a21f3977511db84bd1cd450f"},"headline":"Vosges \u2013 Inauguration\u00a0du syst\u00e8me des pompes \u00e0 chaleur thermodynamique","datePublished":"2022-12-16T05:00:33+00:00","dateModified":"2022-12-16T05:00:33+00:00","mainEntityOfPage":{"@id":"https:\/\/vosgesinfo.fr\/saintdieinfo\/2022\/12\/vosges-inauguration-systeme-pompes-a-chaleur-thermodynamique\/"},"wordCount":119,"commentCount":0,"publisher":{"@id":"https:\/\/vosgesinfo.fr\/saintdieinfo\/#organization"},"image":{"@id":"https:\/\/vosgesinfo.fr\/saintdieinfo\/2022\/12\/vosges-inauguration-systeme-pompes-a-chaleur-thermodynamique\/#primaryimage"},"thumbnailUrl":"https:\/\/vosgesinfo.fr\/app\/uploads\/sites\/4\/2024\/08\/202212320377056-3383414988652410-572785917797491188-n.jpg","keywords":["Charmes","Pompes \u00e0 chaleur thermodynamique","Trane Charmes"],"articleSection":["A la Une","Vosges"],"inLanguage":"fr-FR","potentialAction":[{"@type":"CommentAction","name":"Comment","target":["https:\/\/vosgesinfo.fr\/saintdieinfo\/2022\/12\/vosges-inauguration-systeme-pompes-a-chaleur-thermodynamique\/#respond"]}]},{"@type":"WebPage","@id":"https:\/\/vosgesinfo.fr\/saintdieinfo\/2022\/12\/vosges-inauguration-systeme-pompes-a-chaleur-thermodynamique\/","url":"https:\/\/vosgesinfo.fr\/saintdieinfo\/2022\/12\/vosges-inauguration-systeme-pompes-a-chaleur-thermodynamique\/","name":"Vosges \u2013 Inauguration\u00a0du syst\u00e8me des pompes \u00e0 chaleur thermodynamique - Saint Die Info","isPartOf":{"@id":"https:\/\/vosgesinfo.fr\/saintdieinfo\/#website"},"primaryImageOfPage":{"@id":"https:\/\/vosgesinfo.fr\/saintdieinfo\/2022\/12\/vosges-inauguration-systeme-pompes-a-chaleur-thermodynamique\/#primaryimage"},"image":{"@id":"https:\/\/vosgesinfo.fr\/saintdieinfo\/2022\/12\/vosges-inauguration-systeme-pompes-a-chaleur-thermodynamique\/#primaryimage"},"thumbnailUrl":"https:\/\/vosgesinfo.fr\/app\/uploads\/sites\/4\/2024\/08\/202212320377056-3383414988652410-572785917797491188-n.jpg","datePublished":"2022-12-16T05:00:33+00:00","dateModified":"2022-12-16T05:00:33+00:00","breadcrumb":{"@id":"https:\/\/vosgesinfo.fr\/saintdieinfo\/2022\/12\/vosges-inauguration-systeme-pompes-a-chaleur-thermodynamique\/#breadcrumb"},"inLanguage":"fr-FR","potentialAction":[{"@type":"ReadAction","target":["https:\/\/vosgesinfo.fr\/saintdieinfo\/2022\/12\/vosges-inauguration-systeme-pompes-a-chaleur-thermodynamique\/"]}]},{"@type":"ImageObject","inLanguage":"fr-FR","@id":"https:\/\/vosgesinfo.fr\/saintdieinfo\/2022\/12\/vosges-inauguration-systeme-pompes-a-chaleur-thermodynamique\/#primaryimage","url":"https:\/\/vosgesinfo.fr\/app\/uploads\/sites\/4\/2024\/08\/202212320377056-3383414988652410-572785917797491188-n.jpg","contentUrl":"https:\/\/vosgesinfo.fr\/app\/uploads\/sites\/4\/2024\/08\/202212320377056-3383414988652410-572785917797491188-n.jpg","width":800,"height":361},{"@type":"BreadcrumbList","@id":"https:\/\/vosgesinfo.fr\/saintdieinfo\/2022\/12\/vosges-inauguration-systeme-pompes-a-chaleur-thermodynamique\/#breadcrumb","itemListElement":[{"@type":"ListItem","position":1,"name":"Home","item":"https:\/\/vosgesinfo.fr\/saintdieinfo\/"},{"@type":"ListItem","position":2,"name":"Vosges \u2013 Inauguration\u00a0du syst\u00e8me des pompes \u00e0 chaleur thermodynamique"}]},{"@type":"WebSite","@id":"https:\/\/vosgesinfo.fr\/saintdieinfo\/#website","url":"https:\/\/vosgesinfo.fr\/saintdieinfo\/","name":"Saint Die Info","description":"Toute l&#039;actualit\u00e9 de Saint-Di\u00e9-Des-Vosges","publisher":{"@id":"https:\/\/vosgesinfo.fr\/saintdieinfo\/#organization"},"alternateName":"Toute l'actualit\u00e9 de Saint-Di\u00e9-Des-Vosges","potentialAction":[{"@type":"SearchAction","target":{"@type":"EntryPoint","urlTemplate":"https:\/\/vosgesinfo.fr\/saintdieinfo\/?s={search_term_string}"},"query-input":"required name=search_term_string"}],"inLanguage":"fr-FR"},{"@type":"Organization","@id":"https:\/\/vosgesinfo.fr\/saintdieinfo\/#organization","name":"Saint Die Info","url":"https:\/\/vosgesinfo.fr\/saintdieinfo\/","logo":{"@type":"ImageObject","inLanguage":"fr-FR","@id":"https:\/\/vosgesinfo.fr\/saintdieinfo\/#\/schema\/logo\/image\/","url":"https:\/\/vosgesinfo.fr\/app\/uploads\/sites\/4\/2024\/02\/logo-sdi.jpg","contentUrl":"https:\/\/vosgesinfo.fr\/app\/uploads\/sites\/4\/2024\/02\/logo-sdi.jpg","width":600,"height":600,"caption":"Saint Die Info"},"image":{"@id":"https:\/\/vosgesinfo.fr\/saintdieinfo\/#\/schema\/logo\/image\/"},"sameAs":["https:\/\/www.facebook.com\/Saintdieinfofr","https:\/\/x.com\/VosgesInfo88","https:\/\/www.youtube.com\/@vosgesinfo"]},{"@type":"Person","@id":"https:\/\/vosgesinfo.fr\/saintdieinfo\/#\/schema\/person\/faee6704a21f3977511db84bd1cd450f","name":"la r\u00e9daction","image":{"@type":"ImageObject","inLanguage":"fr-FR","@id":"https:\/\/vosgesinfo.fr\/saintdieinfo\/#\/schema\/person\/image\/","url":"https:\/\/secure.gravatar.com\/avatar\/6673d8bc6a9c17fa9a453eaa3448de834fa308c2ec9635b7aa99441a7c8d2cf6?s=96&d=mm&r=g","contentUrl":"https:\/\/secure.gravatar.com\/avatar\/6673d8bc6a9c17fa9a453eaa3448de834fa308c2ec9635b7aa99441a7c8d2cf6?s=96&d=mm&r=g","caption":"la r\u00e9daction"},"url":"https:\/\/vosgesinfo.fr\/saintdieinfo\/author\/redac\/"}]}},"_links":{"self":[{"href":"https:\/\/vosgesinfo.fr\/saintdieinfo\/wp-json\/wp\/v2\/posts\/60968","targetHints":{"allow":["GET"]}}],"collection":[{"href":"https:\/\/vosgesinfo.fr\/saintdieinfo\/wp-json\/wp\/v2\/posts"}],"about":[{"href":"https:\/\/vosgesinfo.fr\/saintdieinfo\/wp-json\/wp\/v2\/types\/post"}],"author":[{"embeddable":true,"href":"https:\/\/vosgesinfo.fr\/saintdieinfo\/wp-json\/wp\/v2\/users\/44"}],"replies":[{"embeddable":true,"href":"https:\/\/vosgesinfo.fr\/saintdieinfo\/wp-json\/wp\/v2\/comments?post=60968"}],"version-history":[{"count":0,"href":"https:\/\/vosgesinfo.fr\/saintdieinfo\/wp-json\/wp\/v2\/posts\/60968\/revisions"}],"wp:featuredmedia":[{"embeddable":true,"href":"https:\/\/vosgesinfo.fr\/saintdieinfo\/wp-json\/wp\/v2\/media\/60969"}],"wp:attachment":[{"href":"https:\/\/vosgesinfo.fr\/saintdieinfo\/wp-json\/wp\/v2\/media?parent=60968"}],"wp:term":[{"taxonomy":"category","embeddable":true,"href":"https:\/\/vosgesinfo.fr\/saintdieinfo\/wp-json\/wp\/v2\/categories?post=60968"},{"taxonomy":"post_tag","embeddable":true,"href":"https:\/\/vosgesinfo.fr\/saintdieinfo\/wp-json\/wp\/v2\/tags?post=60968"}],"curies":[{"name":"wp","href":"https:\/\/api.w.org\/{rel}","templated":true}]}}