{"id":60971,"date":"2022-12-16T07:00:43","date_gmt":"2022-12-16T06:00:43","guid":{"rendered":"https:\/\/vosgesinfo.fr\/saintdieinfo\/2022\/12\/lorraine-industriels-consternes-indignes-informations-relatives-a-de-possibles-delestages-reseaux-electriques\/"},"modified":"2022-12-16T07:00:43","modified_gmt":"2022-12-16T06:00:43","slug":"lorraine-industriels-consternes-indignes-informations-relatives-a-de-possibles-delestages-reseaux-electriques","status":"publish","type":"post","link":"https:\/\/vosgesinfo.fr\/saintdieinfo\/2022\/12\/lorraine-industriels-consternes-indignes-informations-relatives-a-de-possibles-delestages-reseaux-electriques\/","title":{"rendered":"Lorraine \u2013 Les industriels \u00ab\u00a0constern\u00e9s et indign\u00e9s par les informations relatives \u00e0 de possibles d\u00e9lestages sur les r\u00e9seaux \u00e9lectriques\u00a0\u00bb"},"content":{"rendered":"<p><img decoding=\"async\" class=\"aligncenter wp-image-185194 size-medium\" src=\"\/2022\/06\/UIMM_Lorraine-275x255.jpg\" alt=\"UIMM_Lorraine\" width=\"275\" height=\"255\" \/><\/p>\n<h2><strong><span style=\"font-size: 14pt;\">Dans une lettre ouverte en date de ce mercredi 15 d\u00e9cembre, adress\u00e9e au pr\u00e9fet de R\u00e9gion et aux pr\u00e9fets des d\u00e9partements lorrains, le pr\u00e9sident de l&rsquo;UIMM Lorraine Herv\u00e9 Bauduin relaie \u00ab\u00a0la consternation et l&rsquo;indignation des industriels lorrains par les informations relatives \u00e0 de possibles d\u00e9lestages sur les r\u00e9seaux \u00e9lectriques.\u00a0\u00bb<\/span><\/strong><\/h2>\n<p><!--more--><\/p>\n<p>\u00ab\u00a0Tout d\u2019abord ces informations sont impr\u00e9cises et ne leur permettent en aucun cas de pr\u00e9voir, d\u2019anticiper les cons\u00e9quences de coupures. Ils savent qu\u2019elles seraient inform\u00e9es avec quasi-certitude la veille \u00e0 17 heures pour le lendemain. Dire dans les deux jours qui pr\u00e9c\u00e8dent que peut-\u00eatre il y aura d\u00e9lestage et qu\u2019il y aura mais on ne sait pas dans quelle zone, c\u2019est crier au loup sans l\u2019avoir vu. Que voulez-vous s\u00e9rieusement qu\u2019un chef d\u2019entreprise fasse de cette information\u00a0?<\/p>\n<p>Habitu\u00e9s \u00e0 g\u00e9rer leurs entreprises avec rigueur et proactivit\u00e9, ils s\u2019\u00e9tonnent de l\u2019amateurisme qui caract\u00e9rise le traitement de ce sujet. Lorsqu\u2019ils posent des questions ils sont effar\u00e9s de certaines r\u00e9ponses. Ainsi, par exemple, s\u2019entendre dire qu\u2019en ce qui concerne le personnel il ne pourra pas y avoir de recours au ch\u00f4mage partiel en cas de coupure montre tout simplement la r\u00e9alit\u00e9 de la consid\u00e9ration et de l\u2019int\u00e9r\u00eat port\u00e9 \u00e0 l\u2019industrie au-del\u00e0 des discours l\u00e9nifiants de soutien. L\u2019industrie taillable et corv\u00e9able \u00e0 merci reste une variable d\u2019ajustement. Le tertiaire et le citoyen demeurent peu ou pas sollicit\u00e9s sauf par incantation. Ils en paieront les cons\u00e9quences mais \u00e0 moyens et longs termes. Il sera bien tard pour juger les coupables et on d\u00e9noncera les chefs d\u2019entreprise avec une facilit\u00e9 coutumi\u00e8re.<\/p>\n<p>Dois-je rappeler que depuis de nombreuses ann\u00e9es des gouvernements, des ministres, ont sabot\u00e9 (il n\u2019y a pas d\u2019autres mots) la production d\u2019\u00e9lectricit\u00e9 fran\u00e7aise, essentiellement nucl\u00e9aire, qui avait l\u2019immense avantage de fournir une \u00e9nergie abondante, toujours disponible, comp\u00e9titive (une des moins ch\u00e8res d\u2019Europe et du monde) et tr\u00e8s d\u00e9carbon\u00e9e, pour nous mettre \u00e0 la remorque de pays comme l\u2019Allemagne dont la politique \u00e9nerg\u00e9tique est un fiasco complet\u00a0? En effet non seulement ce pays a d\u00e9pens\u00e9 des milliards d\u2019euros dans cette politique, mais il reste de loin un des principaux \u00e9metteurs de CO2 \u00e9quivalent par kWh produit et il a mis l\u2019Europe dans une situation de d\u00e9pendance \u00e0 la Russie pour le gaz. Sans cette politique nous n\u2019aurions pas les surco\u00fbts actuels. Qu\u2019a-t-on n\u00e9goci\u00e9 en \u00e9change de cette soumission\u00a0? Quel dogme mortif\u00e8re avons-nous promu\u00a0? peu nous importe.<\/p>\n<p>Les chiffres sont l\u00e0, t\u00eatus. Chaque jour, \u00e0 chaque instant la France est un des plus faibles \u00e9metteurs de CO2 par kWh produit. Malheureusement nous devons maintenant importer de l\u2019\u00e9lectricit\u00e9 ce qui d\u00e9grade notre bilan de CO2 par kWh consomm\u00e9. Ajoutons que l\u2019entreprise la plus polluante de notre territoire bien loin devant des industries du domaine priv\u00e9, est la centrale Emile Huchet de Saint-Avold, r\u00e9cemment r\u00e9ouverte. Enfin l\u2019industrie fran\u00e7aise a \u00e9t\u00e9 dans les trente derni\u00e8res ann\u00e9es le principal contributeur de la baisse de consommation d\u2019\u00e9lectricit\u00e9. Elle n\u2019a pas attendu des injonctions professorales pour travailler sa sobri\u00e9t\u00e9 \u00e9nerg\u00e9tique.<\/p>\n<p>Aujourd\u2019hui pour faire face aux cons\u00e9quences de l\u2019incurie de nos politiques \u00e9nerg\u00e9tiques, on ne trouve pas meilleure id\u00e9e que d\u2019envisager de mettre en danger l\u2019industrie, par ailleurs secou\u00e9e et gravement menac\u00e9e par les surco\u00fbts de l\u2019\u00e9nergie auxquels ces m\u00eames politiques ont men\u00e9. C\u2019est ce qu\u2019on appelle la double peine\u00a0!<br \/>\nQuant au principe des man\u0153uvres envisag\u00e9es, couper l\u2019alimentation \u00e9lectrique en pr\u00e9venant la veille une entreprise industrielle montre toute l\u2019incomp\u00e9tence et la m\u00e9connaissance de la r\u00e9alit\u00e9 du monde industriel de ceux qui en imaginent la possibilit\u00e9. De la m\u00eame mani\u00e8re que la conduite en ville d\u2019un v\u00e9hicule automobile est plus gourmande qu\u2019une conduite sur route, \u00e0 cause du d\u00e9marrage \u00e0 froid et des nombreux arr\u00eats et red\u00e9marrages (application \u00e9l\u00e9mentaire des r\u00e8gles de la conservation de mouvement et de l\u2019inertie) un arr\u00eat de processus de production ou de syst\u00e8mes de chauffage aura le m\u00eame impact. Pire, apr\u00e8s une coupure tous ceux qui l\u2019auront subie red\u00e9marreront en m\u00eame temps et cr\u00e9eront ainsi un appel de besoin \u00e9lectrique bien sup\u00e9rieur \u00e0 celui qu\u2019ils g\u00e9n\u00e9reraient en restant en fonctionnement stable.<\/p>\n<p>Ajoutons \u00e0 ces \u00e9vidences les risques sur les biens et les personnes au red\u00e9marrage d\u2019installations g\u00e9n\u00e9ralement toujours sous tension. De plus dans beaucoup de cas un arr\u00eat de deux heures se traduirait aussi par un arr\u00eat r\u00e9el beaucoup plus long\u00a0\u00e0 cause de remont\u00e9es en temp\u00e9rature de bains de traitement, de fours de s\u00e9chage ou de traitement, de red\u00e9marrage de machines avec le n\u00e9cessaire r\u00e9chauffement des huiles hydrauliques. Que dire des processus continus qu\u2019il faudrait arr\u00eater avant la coupure pour les vider et \u00e9viter la perte de l\u2019en-cours de production, si le d\u00e9lai de pr\u00e9venance le permet, et ensuite recharger pour reprendre un rythme de production normal. Dans ce cas on peut d\u00e9passer la journ\u00e9e d\u2019indisponibilit\u00e9 des processus. Ce ne sont que quelques exemples. La liste exhaustive serait longue mais relativement ais\u00e9e \u00e0 faire pour quelqu\u2019un qui comme moi est ing\u00e9nieur de formation et a pass\u00e9 plus de quarante-deux ans \u00e0 piloter des ateliers de production, \u00e0 diriger des services techniques puis \u00e0 diriger des entreprises industrielles, tr\u00e8s exportatrices et soumises \u00e0 la concurrence internationale. Ce dernier point est important, notamment dans notre r\u00e9gion dont l\u2019industrie est tr\u00e8s exportatrice, avec des sites \u00e0 capitaux \u00e9trangers importants.<\/p>\n<p>Notre r\u00e9gion produit plus d\u2019\u00e9nergie qu\u2019elle n\u2019en consomme. Son industrie est sa colonne vert\u00e9brale \u00e9conomique et sociale. Elle est tr\u00e8s exportatrice.<br \/>\nElle est donc tr\u00e8s fortement soumise \u00e0 la concurrence mondiale. Par ailleurs elle supporte des charges beaucoup plus \u00e9lev\u00e9es que ses comp\u00e9titeurs. Elle appartient en partie \u00e0 des groupes \u00e9trangers (allemands surtout) et d\u00e9pend de leurs d\u00e9cisions pour leurs investissements et pour leur avenir. Elle vient de perdre l\u2019avantage comp\u00e9titif du co\u00fbt de l\u2019\u00e9nergie. Elle va subir les baisses d\u2019activit\u00e9 dans la fili\u00e8re automobile cons\u00e9cutives \u00e0 des plans non n\u00e9goci\u00e9s de transition \u00e9nerg\u00e9tique, mal planifi\u00e9s et sans approche syst\u00e9mique.<\/p>\n<p>Pour toutes ces raisons nous, industriels lorrains, sommes exasp\u00e9r\u00e9s et nous disons non aux coupures de courant pour les entreprises industrielles. Nous souhaitons r\u00e9ellement et sinc\u00e8rement collaborer avec la puissance publique. Mais nous ne pouvons que refuser de participer \u00e0 des simulacres de pr\u00e9paration. Nous laissons l\u2019Etat et le r\u00e9seau de distribution d\u2019\u00e9lectricit\u00e9 assumer les cons\u00e9quences des actions qu\u2019ils d\u00e9cideront de prendre. Nous les d\u00e9noncerons publiquement avec faits et chiffres et nous envisagerons alors toute possibilit\u00e9 de recours.\u00a0\u00bb<\/p>\n","protected":false},"excerpt":{"rendered":"<p>Dans une lettre ouverte en date de ce mercredi 15 d\u00e9cembre, adress\u00e9e au pr\u00e9fet de R\u00e9gion et aux pr\u00e9fets des [&hellip;]<\/p>\n","protected":false},"author":44,"featured_media":60972,"comment_status":"open","ping_status":"open","sticky":false,"template":"","format":"standard","meta":{"footnotes":""},"categories":[460,5,4182],"tags":[13445,13446,5059],"class_list":["post-60971","post","type-post","status-publish","format-standard","has-post-thumbnail","hentry","category-a-la-une","category-economie","category-lorraine","tag-delestages-sur-les-reseaux-electriques","tag-industriels-lorrains","tag-uimm-lorraine"],"acf":[],"yoast_head":"<!-- This site is optimized with the Yoast SEO plugin v22.5 - https:\/\/yoast.com\/wordpress\/plugins\/seo\/ -->\n<title>Lorraine \u2013 Les industriels &quot;constern\u00e9s et indign\u00e9s par les informations relatives \u00e0 de possibles d\u00e9lestages sur les r\u00e9seaux \u00e9lectriques&quot; - Saint Die Info<\/title>\n<meta name=\"robots\" content=\"index, follow, max-snippet:-1, max-image-preview:large, max-video-preview:-1\" \/>\n<link rel=\"canonical\" href=\"https:\/\/vosgesinfo.fr\/saintdieinfo\/2022\/12\/lorraine-industriels-consternes-indignes-informations-relatives-a-de-possibles-delestages-reseaux-electriques\/\" \/>\n<meta name=\"twitter:card\" content=\"summary_large_image\" \/>\n<meta name=\"twitter:title\" content=\"Lorraine \u2013 Les industriels &quot;constern\u00e9s et indign\u00e9s par les informations relatives \u00e0 de possibles d\u00e9lestages sur les r\u00e9seaux \u00e9lectriques&quot; - Saint Die Info\" \/>\n<meta name=\"twitter:description\" content=\"Dans une lettre ouverte en date de ce mercredi 15 d\u00e9cembre, adress\u00e9e au pr\u00e9fet de R\u00e9gion et aux pr\u00e9fets des [&hellip;]\" \/>\n<meta name=\"twitter:image\" content=\"https:\/\/vosgesinfo.fr\/app\/uploads\/sites\/4\/2024\/08\/202206uimm-lorraine-1.jpg\" \/>\n<meta name=\"twitter:creator\" content=\"@VosgesInfo88\" \/>\n<meta name=\"twitter:site\" content=\"@VosgesInfo88\" \/>\n<meta name=\"twitter:label1\" content=\"\u00c9crit par\" \/>\n\t<meta name=\"twitter:data1\" content=\"la r\u00e9daction\" \/>\n\t<meta name=\"twitter:label2\" content=\"Dur\u00e9e de lecture estim\u00e9e\" \/>\n\t<meta name=\"twitter:data2\" content=\"6 minutes\" \/>\n<script type=\"application\/ld+json\" class=\"yoast-schema-graph\">{\"@context\":\"https:\/\/schema.org\",\"@graph\":[{\"@type\":\"Article\",\"@id\":\"https:\/\/vosgesinfo.fr\/saintdieinfo\/2022\/12\/lorraine-industriels-consternes-indignes-informations-relatives-a-de-possibles-delestages-reseaux-electriques\/#article\",\"isPartOf\":{\"@id\":\"https:\/\/vosgesinfo.fr\/saintdieinfo\/2022\/12\/lorraine-industriels-consternes-indignes-informations-relatives-a-de-possibles-delestages-reseaux-electriques\/\"},\"author\":{\"name\":\"la r\u00e9daction\",\"@id\":\"https:\/\/vosgesinfo.fr\/saintdieinfo\/#\/schema\/person\/faee6704a21f3977511db84bd1cd450f\"},\"headline\":\"Lorraine \u2013 Les industriels \u00ab\u00a0constern\u00e9s et indign\u00e9s par les informations relatives \u00e0 de possibles d\u00e9lestages sur les r\u00e9seaux \u00e9lectriques\u00a0\u00bb\",\"datePublished\":\"2022-12-16T06:00:43+00:00\",\"dateModified\":\"2022-12-16T06:00:43+00:00\",\"mainEntityOfPage\":{\"@id\":\"https:\/\/vosgesinfo.fr\/saintdieinfo\/2022\/12\/lorraine-industriels-consternes-indignes-informations-relatives-a-de-possibles-delestages-reseaux-electriques\/\"},\"wordCount\":1229,\"commentCount\":0,\"publisher\":{\"@id\":\"https:\/\/vosgesinfo.fr\/saintdieinfo\/#organization\"},\"image\":{\"@id\":\"https:\/\/vosgesinfo.fr\/saintdieinfo\/2022\/12\/lorraine-industriels-consternes-indignes-informations-relatives-a-de-possibles-delestages-reseaux-electriques\/#primaryimage\"},\"thumbnailUrl\":\"https:\/\/vosgesinfo.fr\/app\/uploads\/sites\/4\/2024\/08\/202206uimm-lorraine-1.jpg\",\"keywords\":[\"D\u00e9lestages sur les r\u00e9seaux \u00e9lectriques\",\"Industriels lorrains\",\"UIMM Lorraine\"],\"articleSection\":[\"A la Une\",\"\u00c9conomie\",\"Lorraine\"],\"inLanguage\":\"fr-FR\",\"potentialAction\":[{\"@type\":\"CommentAction\",\"name\":\"Comment\",\"target\":[\"https:\/\/vosgesinfo.fr\/saintdieinfo\/2022\/12\/lorraine-industriels-consternes-indignes-informations-relatives-a-de-possibles-delestages-reseaux-electriques\/#respond\"]}]},{\"@type\":\"WebPage\",\"@id\":\"https:\/\/vosgesinfo.fr\/saintdieinfo\/2022\/12\/lorraine-industriels-consternes-indignes-informations-relatives-a-de-possibles-delestages-reseaux-electriques\/\",\"url\":\"https:\/\/vosgesinfo.fr\/saintdieinfo\/2022\/12\/lorraine-industriels-consternes-indignes-informations-relatives-a-de-possibles-delestages-reseaux-electriques\/\",\"name\":\"Lorraine \u2013 Les industriels \\\"constern\u00e9s et indign\u00e9s par les informations relatives \u00e0 de possibles d\u00e9lestages sur les r\u00e9seaux \u00e9lectriques\\\" - Saint Die Info\",\"isPartOf\":{\"@id\":\"https:\/\/vosgesinfo.fr\/saintdieinfo\/#website\"},\"primaryImageOfPage\":{\"@id\":\"https:\/\/vosgesinfo.fr\/saintdieinfo\/2022\/12\/lorraine-industriels-consternes-indignes-informations-relatives-a-de-possibles-delestages-reseaux-electriques\/#primaryimage\"},\"image\":{\"@id\":\"https:\/\/vosgesinfo.fr\/saintdieinfo\/2022\/12\/lorraine-industriels-consternes-indignes-informations-relatives-a-de-possibles-delestages-reseaux-electriques\/#primaryimage\"},\"thumbnailUrl\":\"https:\/\/vosgesinfo.fr\/app\/uploads\/sites\/4\/2024\/08\/202206uimm-lorraine-1.jpg\",\"datePublished\":\"2022-12-16T06:00:43+00:00\",\"dateModified\":\"2022-12-16T06:00:43+00:00\",\"breadcrumb\":{\"@id\":\"https:\/\/vosgesinfo.fr\/saintdieinfo\/2022\/12\/lorraine-industriels-consternes-indignes-informations-relatives-a-de-possibles-delestages-reseaux-electriques\/#breadcrumb\"},\"inLanguage\":\"fr-FR\",\"potentialAction\":[{\"@type\":\"ReadAction\",\"target\":[\"https:\/\/vosgesinfo.fr\/saintdieinfo\/2022\/12\/lorraine-industriels-consternes-indignes-informations-relatives-a-de-possibles-delestages-reseaux-electriques\/\"]}]},{\"@type\":\"ImageObject\",\"inLanguage\":\"fr-FR\",\"@id\":\"https:\/\/vosgesinfo.fr\/saintdieinfo\/2022\/12\/lorraine-industriels-consternes-indignes-informations-relatives-a-de-possibles-delestages-reseaux-electriques\/#primaryimage\",\"url\":\"https:\/\/vosgesinfo.fr\/app\/uploads\/sites\/4\/2024\/08\/202206uimm-lorraine-1.jpg\",\"contentUrl\":\"https:\/\/vosgesinfo.fr\/app\/uploads\/sites\/4\/2024\/08\/202206uimm-lorraine-1.jpg\",\"width\":1600,\"height\":1484},{\"@type\":\"BreadcrumbList\",\"@id\":\"https:\/\/vosgesinfo.fr\/saintdieinfo\/2022\/12\/lorraine-industriels-consternes-indignes-informations-relatives-a-de-possibles-delestages-reseaux-electriques\/#breadcrumb\",\"itemListElement\":[{\"@type\":\"ListItem\",\"position\":1,\"name\":\"Home\",\"item\":\"https:\/\/vosgesinfo.fr\/saintdieinfo\/\"},{\"@type\":\"ListItem\",\"position\":2,\"name\":\"Lorraine \u2013 Les industriels \u00ab\u00a0constern\u00e9s et indign\u00e9s par les informations relatives \u00e0 de possibles d\u00e9lestages sur les r\u00e9seaux \u00e9lectriques\u00a0\u00bb\"}]},{\"@type\":\"WebSite\",\"@id\":\"https:\/\/vosgesinfo.fr\/saintdieinfo\/#website\",\"url\":\"https:\/\/vosgesinfo.fr\/saintdieinfo\/\",\"name\":\"Saint Die Info\",\"description\":\"Toute l&#039;actualit\u00e9 de Saint-Di\u00e9-Des-Vosges\",\"publisher\":{\"@id\":\"https:\/\/vosgesinfo.fr\/saintdieinfo\/#organization\"},\"alternateName\":\"Toute l'actualit\u00e9 de Saint-Di\u00e9-Des-Vosges\",\"potentialAction\":[{\"@type\":\"SearchAction\",\"target\":{\"@type\":\"EntryPoint\",\"urlTemplate\":\"https:\/\/vosgesinfo.fr\/saintdieinfo\/?s={search_term_string}\"},\"query-input\":\"required name=search_term_string\"}],\"inLanguage\":\"fr-FR\"},{\"@type\":\"Organization\",\"@id\":\"https:\/\/vosgesinfo.fr\/saintdieinfo\/#organization\",\"name\":\"Saint Die Info\",\"url\":\"https:\/\/vosgesinfo.fr\/saintdieinfo\/\",\"logo\":{\"@type\":\"ImageObject\",\"inLanguage\":\"fr-FR\",\"@id\":\"https:\/\/vosgesinfo.fr\/saintdieinfo\/#\/schema\/logo\/image\/\",\"url\":\"https:\/\/vosgesinfo.fr\/app\/uploads\/sites\/4\/2024\/02\/logo-sdi.jpg\",\"contentUrl\":\"https:\/\/vosgesinfo.fr\/app\/uploads\/sites\/4\/2024\/02\/logo-sdi.jpg\",\"width\":600,\"height\":600,\"caption\":\"Saint Die Info\"},\"image\":{\"@id\":\"https:\/\/vosgesinfo.fr\/saintdieinfo\/#\/schema\/logo\/image\/\"},\"sameAs\":[\"https:\/\/www.facebook.com\/Saintdieinfofr\",\"https:\/\/x.com\/VosgesInfo88\",\"https:\/\/www.youtube.com\/@vosgesinfo\"]},{\"@type\":\"Person\",\"@id\":\"https:\/\/vosgesinfo.fr\/saintdieinfo\/#\/schema\/person\/faee6704a21f3977511db84bd1cd450f\",\"name\":\"la r\u00e9daction\",\"image\":{\"@type\":\"ImageObject\",\"inLanguage\":\"fr-FR\",\"@id\":\"https:\/\/vosgesinfo.fr\/saintdieinfo\/#\/schema\/person\/image\/\",\"url\":\"https:\/\/secure.gravatar.com\/avatar\/6673d8bc6a9c17fa9a453eaa3448de834fa308c2ec9635b7aa99441a7c8d2cf6?s=96&d=mm&r=g\",\"contentUrl\":\"https:\/\/secure.gravatar.com\/avatar\/6673d8bc6a9c17fa9a453eaa3448de834fa308c2ec9635b7aa99441a7c8d2cf6?s=96&d=mm&r=g\",\"caption\":\"la r\u00e9daction\"},\"url\":\"https:\/\/vosgesinfo.fr\/saintdieinfo\/author\/redac\/\"}]}<\/script>\n<!-- \/ Yoast SEO plugin. -->","yoast_head_json":{"title":"Lorraine \u2013 Les industriels \"constern\u00e9s et indign\u00e9s par les informations relatives \u00e0 de possibles d\u00e9lestages sur les r\u00e9seaux \u00e9lectriques\" - Saint Die Info","robots":{"index":"index","follow":"follow","max-snippet":"max-snippet:-1","max-image-preview":"max-image-preview:large","max-video-preview":"max-video-preview:-1"},"canonical":"https:\/\/vosgesinfo.fr\/saintdieinfo\/2022\/12\/lorraine-industriels-consternes-indignes-informations-relatives-a-de-possibles-delestages-reseaux-electriques\/","twitter_card":"summary_large_image","twitter_title":"Lorraine \u2013 Les industriels \"constern\u00e9s et indign\u00e9s par les informations relatives \u00e0 de possibles d\u00e9lestages sur les r\u00e9seaux \u00e9lectriques\" - Saint Die Info","twitter_description":"Dans une lettre ouverte en date de ce mercredi 15 d\u00e9cembre, adress\u00e9e au pr\u00e9fet de R\u00e9gion et aux pr\u00e9fets des [&hellip;]","twitter_image":"https:\/\/vosgesinfo.fr\/app\/uploads\/sites\/4\/2024\/08\/202206uimm-lorraine-1.jpg","twitter_creator":"@VosgesInfo88","twitter_site":"@VosgesInfo88","twitter_misc":{"\u00c9crit par":"la r\u00e9daction","Dur\u00e9e de lecture estim\u00e9e":"6 minutes"},"schema":{"@context":"https:\/\/schema.org","@graph":[{"@type":"Article","@id":"https:\/\/vosgesinfo.fr\/saintdieinfo\/2022\/12\/lorraine-industriels-consternes-indignes-informations-relatives-a-de-possibles-delestages-reseaux-electriques\/#article","isPartOf":{"@id":"https:\/\/vosgesinfo.fr\/saintdieinfo\/2022\/12\/lorraine-industriels-consternes-indignes-informations-relatives-a-de-possibles-delestages-reseaux-electriques\/"},"author":{"name":"la r\u00e9daction","@id":"https:\/\/vosgesinfo.fr\/saintdieinfo\/#\/schema\/person\/faee6704a21f3977511db84bd1cd450f"},"headline":"Lorraine \u2013 Les industriels \u00ab\u00a0constern\u00e9s et indign\u00e9s par les informations relatives \u00e0 de possibles d\u00e9lestages sur les r\u00e9seaux \u00e9lectriques\u00a0\u00bb","datePublished":"2022-12-16T06:00:43+00:00","dateModified":"2022-12-16T06:00:43+00:00","mainEntityOfPage":{"@id":"https:\/\/vosgesinfo.fr\/saintdieinfo\/2022\/12\/lorraine-industriels-consternes-indignes-informations-relatives-a-de-possibles-delestages-reseaux-electriques\/"},"wordCount":1229,"commentCount":0,"publisher":{"@id":"https:\/\/vosgesinfo.fr\/saintdieinfo\/#organization"},"image":{"@id":"https:\/\/vosgesinfo.fr\/saintdieinfo\/2022\/12\/lorraine-industriels-consternes-indignes-informations-relatives-a-de-possibles-delestages-reseaux-electriques\/#primaryimage"},"thumbnailUrl":"https:\/\/vosgesinfo.fr\/app\/uploads\/sites\/4\/2024\/08\/202206uimm-lorraine-1.jpg","keywords":["D\u00e9lestages sur les r\u00e9seaux \u00e9lectriques","Industriels lorrains","UIMM Lorraine"],"articleSection":["A la Une","\u00c9conomie","Lorraine"],"inLanguage":"fr-FR","potentialAction":[{"@type":"CommentAction","name":"Comment","target":["https:\/\/vosgesinfo.fr\/saintdieinfo\/2022\/12\/lorraine-industriels-consternes-indignes-informations-relatives-a-de-possibles-delestages-reseaux-electriques\/#respond"]}]},{"@type":"WebPage","@id":"https:\/\/vosgesinfo.fr\/saintdieinfo\/2022\/12\/lorraine-industriels-consternes-indignes-informations-relatives-a-de-possibles-delestages-reseaux-electriques\/","url":"https:\/\/vosgesinfo.fr\/saintdieinfo\/2022\/12\/lorraine-industriels-consternes-indignes-informations-relatives-a-de-possibles-delestages-reseaux-electriques\/","name":"Lorraine \u2013 Les industriels \"constern\u00e9s et indign\u00e9s par les informations relatives \u00e0 de possibles d\u00e9lestages sur les r\u00e9seaux \u00e9lectriques\" - Saint Die Info","isPartOf":{"@id":"https:\/\/vosgesinfo.fr\/saintdieinfo\/#website"},"primaryImageOfPage":{"@id":"https:\/\/vosgesinfo.fr\/saintdieinfo\/2022\/12\/lorraine-industriels-consternes-indignes-informations-relatives-a-de-possibles-delestages-reseaux-electriques\/#primaryimage"},"image":{"@id":"https:\/\/vosgesinfo.fr\/saintdieinfo\/2022\/12\/lorraine-industriels-consternes-indignes-informations-relatives-a-de-possibles-delestages-reseaux-electriques\/#primaryimage"},"thumbnailUrl":"https:\/\/vosgesinfo.fr\/app\/uploads\/sites\/4\/2024\/08\/202206uimm-lorraine-1.jpg","datePublished":"2022-12-16T06:00:43+00:00","dateModified":"2022-12-16T06:00:43+00:00","breadcrumb":{"@id":"https:\/\/vosgesinfo.fr\/saintdieinfo\/2022\/12\/lorraine-industriels-consternes-indignes-informations-relatives-a-de-possibles-delestages-reseaux-electriques\/#breadcrumb"},"inLanguage":"fr-FR","potentialAction":[{"@type":"ReadAction","target":["https:\/\/vosgesinfo.fr\/saintdieinfo\/2022\/12\/lorraine-industriels-consternes-indignes-informations-relatives-a-de-possibles-delestages-reseaux-electriques\/"]}]},{"@type":"ImageObject","inLanguage":"fr-FR","@id":"https:\/\/vosgesinfo.fr\/saintdieinfo\/2022\/12\/lorraine-industriels-consternes-indignes-informations-relatives-a-de-possibles-delestages-reseaux-electriques\/#primaryimage","url":"https:\/\/vosgesinfo.fr\/app\/uploads\/sites\/4\/2024\/08\/202206uimm-lorraine-1.jpg","contentUrl":"https:\/\/vosgesinfo.fr\/app\/uploads\/sites\/4\/2024\/08\/202206uimm-lorraine-1.jpg","width":1600,"height":1484},{"@type":"BreadcrumbList","@id":"https:\/\/vosgesinfo.fr\/saintdieinfo\/2022\/12\/lorraine-industriels-consternes-indignes-informations-relatives-a-de-possibles-delestages-reseaux-electriques\/#breadcrumb","itemListElement":[{"@type":"ListItem","position":1,"name":"Home","item":"https:\/\/vosgesinfo.fr\/saintdieinfo\/"},{"@type":"ListItem","position":2,"name":"Lorraine \u2013 Les industriels \u00ab\u00a0constern\u00e9s et indign\u00e9s par les informations relatives \u00e0 de possibles d\u00e9lestages sur les r\u00e9seaux \u00e9lectriques\u00a0\u00bb"}]},{"@type":"WebSite","@id":"https:\/\/vosgesinfo.fr\/saintdieinfo\/#website","url":"https:\/\/vosgesinfo.fr\/saintdieinfo\/","name":"Saint Die Info","description":"Toute l&#039;actualit\u00e9 de Saint-Di\u00e9-Des-Vosges","publisher":{"@id":"https:\/\/vosgesinfo.fr\/saintdieinfo\/#organization"},"alternateName":"Toute l'actualit\u00e9 de Saint-Di\u00e9-Des-Vosges","potentialAction":[{"@type":"SearchAction","target":{"@type":"EntryPoint","urlTemplate":"https:\/\/vosgesinfo.fr\/saintdieinfo\/?s={search_term_string}"},"query-input":"required name=search_term_string"}],"inLanguage":"fr-FR"},{"@type":"Organization","@id":"https:\/\/vosgesinfo.fr\/saintdieinfo\/#organization","name":"Saint Die Info","url":"https:\/\/vosgesinfo.fr\/saintdieinfo\/","logo":{"@type":"ImageObject","inLanguage":"fr-FR","@id":"https:\/\/vosgesinfo.fr\/saintdieinfo\/#\/schema\/logo\/image\/","url":"https:\/\/vosgesinfo.fr\/app\/uploads\/sites\/4\/2024\/02\/logo-sdi.jpg","contentUrl":"https:\/\/vosgesinfo.fr\/app\/uploads\/sites\/4\/2024\/02\/logo-sdi.jpg","width":600,"height":600,"caption":"Saint Die Info"},"image":{"@id":"https:\/\/vosgesinfo.fr\/saintdieinfo\/#\/schema\/logo\/image\/"},"sameAs":["https:\/\/www.facebook.com\/Saintdieinfofr","https:\/\/x.com\/VosgesInfo88","https:\/\/www.youtube.com\/@vosgesinfo"]},{"@type":"Person","@id":"https:\/\/vosgesinfo.fr\/saintdieinfo\/#\/schema\/person\/faee6704a21f3977511db84bd1cd450f","name":"la r\u00e9daction","image":{"@type":"ImageObject","inLanguage":"fr-FR","@id":"https:\/\/vosgesinfo.fr\/saintdieinfo\/#\/schema\/person\/image\/","url":"https:\/\/secure.gravatar.com\/avatar\/6673d8bc6a9c17fa9a453eaa3448de834fa308c2ec9635b7aa99441a7c8d2cf6?s=96&d=mm&r=g","contentUrl":"https:\/\/secure.gravatar.com\/avatar\/6673d8bc6a9c17fa9a453eaa3448de834fa308c2ec9635b7aa99441a7c8d2cf6?s=96&d=mm&r=g","caption":"la r\u00e9daction"},"url":"https:\/\/vosgesinfo.fr\/saintdieinfo\/author\/redac\/"}]}},"_links":{"self":[{"href":"https:\/\/vosgesinfo.fr\/saintdieinfo\/wp-json\/wp\/v2\/posts\/60971","targetHints":{"allow":["GET"]}}],"collection":[{"href":"https:\/\/vosgesinfo.fr\/saintdieinfo\/wp-json\/wp\/v2\/posts"}],"about":[{"href":"https:\/\/vosgesinfo.fr\/saintdieinfo\/wp-json\/wp\/v2\/types\/post"}],"author":[{"embeddable":true,"href":"https:\/\/vosgesinfo.fr\/saintdieinfo\/wp-json\/wp\/v2\/users\/44"}],"replies":[{"embeddable":true,"href":"https:\/\/vosgesinfo.fr\/saintdieinfo\/wp-json\/wp\/v2\/comments?post=60971"}],"version-history":[{"count":0,"href":"https:\/\/vosgesinfo.fr\/saintdieinfo\/wp-json\/wp\/v2\/posts\/60971\/revisions"}],"wp:featuredmedia":[{"embeddable":true,"href":"https:\/\/vosgesinfo.fr\/saintdieinfo\/wp-json\/wp\/v2\/media\/60972"}],"wp:attachment":[{"href":"https:\/\/vosgesinfo.fr\/saintdieinfo\/wp-json\/wp\/v2\/media?parent=60971"}],"wp:term":[{"taxonomy":"category","embeddable":true,"href":"https:\/\/vosgesinfo.fr\/saintdieinfo\/wp-json\/wp\/v2\/categories?post=60971"},{"taxonomy":"post_tag","embeddable":true,"href":"https:\/\/vosgesinfo.fr\/saintdieinfo\/wp-json\/wp\/v2\/tags?post=60971"}],"curies":[{"name":"wp","href":"https:\/\/api.w.org\/{rel}","templated":true}]}}