{"id":61131,"date":"2022-12-22T16:27:26","date_gmt":"2022-12-22T15:27:26","guid":{"rendered":"https:\/\/vosgesinfo.fr\/saintdieinfo\/2022\/12\/pilier-sdrb-xv-quentin-freitas-passe-judo-rugby\/"},"modified":"2022-12-22T16:27:26","modified_gmt":"2022-12-22T15:27:26","slug":"pilier-sdrb-xv-quentin-freitas-passe-judo-rugby","status":"publish","type":"post","link":"https:\/\/vosgesinfo.fr\/saintdieinfo\/2022\/12\/pilier-sdrb-xv-quentin-freitas-passe-judo-rugby\/","title":{"rendered":"Pilier du SDRB XV, Quentin Freitas est pass\u00e9 du judo au rugby"},"content":{"rendered":"<div id=\"attachment_194798\" style=\"width: 970px\" class=\"wp-caption aligncenter\"><a href=\"\/2022\/12\/Quentin_Freitas_SDRB_XV-1.jpg\" target=\"_blank\" rel=\"noopener\"><img decoding=\"async\" aria-describedby=\"caption-attachment-194798\" class=\"wp-image-194798 size-full\" src=\"\/2022\/12\/Quentin_Freitas_SDRB_XV-1.jpg\" alt=\"Quentin_Freitas_SDRB_XV (1)\" width=\"960\" height=\"795\" \/><\/a><p id=\"caption-attachment-194798\" class=\"wp-caption-text\">(Photographies SDRB XV)<\/p><\/div>\n<h2><strong><span style=\"font-family: Calibri, sans-serif; font-size: 14pt;\">Quentin Freitas, 23 ans, est en premi\u00e8re ligne lors des matchs du SDRB XV, au poste de pilier. Si aujourd&rsquo;hui il est l&rsquo;un des titulaires de l&rsquo;\u00e9quipe S\u00e9niors A, ce n&rsquo;est pas avec le ballon ovale qu&rsquo;il a d\u00e9but\u00e9 le sport, mais sur les tatamis de judo.<\/span><\/strong><\/h2>\n<p><!--more--><\/p>\n<p><span style=\"font-family: Calibri, sans-serif;\"><span style=\"font-size: large;\">\u00ab\u00a0J&rsquo;ai fait du judo pendant 14 ans \u00e0 Nompatelize. Un copain qui \u00e9tait aussi au judo a d\u00e9cid\u00e9 d&rsquo;arr\u00eater pour le rugby. J&rsquo;ai continu\u00e9 le judo et puis avec les horaires du lyc\u00e9e, je ne pouvais plus aller aux entra\u00eenements. Ce m\u00eame copain m&rsquo;a convi\u00e9 \u00e0 venir essayer le rugby&#8230; et c&rsquo;est comme \u00e7a que \u00e7a a commenc\u00e9, il y a 7 ans environ, en deuxi\u00e8me ligne au poste de sauteur. Sachant que le judo m&rsquo;a beaucoup aid\u00e9 dans ce sport, notamment pour les appuis. J&rsquo;ai tout de suite accroch\u00e9 avec le rugby, j&rsquo;aime beaucoup l&rsquo;esprit d&rsquo;\u00e9quipe, le fait qu&rsquo;on ne l\u00e2che jamais sur le terrain\u00a0\u00bb explique Quentin Freitas, qui a su gagner sa place de titulaire en \u00e9quipe premi\u00e8re en se donnant \u00e0 fond aux entra\u00eenements. \u00ab\u00a0Je ne veux pas d\u00e9cevoir le coach, donc je donne tout. J&rsquo;ai commenc\u00e9 en S\u00e9niors comme rempla\u00e7ant, et depuis 3 ans je suis titulaire.\u00a0\u00bb<\/span><\/span><\/p>\n<p><span style=\"font-family: Calibri, sans-serif;\"><span style=\"font-size: large;\">Quant \u00e0 son objectif cette saison, il est simple puisqu&rsquo;il est de gagner tous les matchs de la phase retour. \u00ab\u00a0J&rsquo;avoue que j&rsquo;\u00e9tais d\u00e9motiv\u00e9 dans la premi\u00e8re partie de saison, qui \u00e9tait plut\u00f4t compliqu\u00e9e. Mais avec le retour de Laurent (NDLR\u00a0: Florentin, qui \u00e9tait parti faire une pige en Alsace au RC Haguenau (<a href=\"https:\/\/saintdieinfo.fr\/2022\/11\/rugby-laurent-florentin-de-retour-sdrb-xv\/\" target=\"_blank\" rel=\"noopener\">lire notre article<\/a>)), je me suis remotiv\u00e9 et j&rsquo;ai pour objectif de tout gagner, pour qu&rsquo;on reste en milieu de tableau, pour qu&rsquo;on \u00e9vite la descente&#8230; et pour qu&rsquo;on puisse tous se retrouver autour d&rsquo;un barbecue \u00e0 l&rsquo;issue de la saison. Avec la bonne pr\u00e9paration physique concoct\u00e9e par Laurent \u00e7a devrait aller, mais certains matchs seront difficiles comme contre Thionville, l&rsquo;actuel leader de la poule. A plus long terme, mon objectif est de continuer avec le SDRB XV, car c&rsquo;est l\u00e0 que j&rsquo;ai commenc\u00e9 et c&rsquo;est l\u00e0 que je terminerai.\u00a0\u00bb<\/span><\/span><\/p>\n<p><span style=\"font-family: Calibri, sans-serif;\"><span style=\"font-size: large;\">De son c\u00f4t\u00e9, Laurent Florentin souligne les performances et l&rsquo;implication du jeune premi\u00e8re ligne. \u00ab\u00a0Quentin \u00e9volue au poste de pilier. Il n\u2019a que 23 ans mais \u00e9volue en \u00e9quipe premi\u00e8re depuis pas mal de saisons d\u00e9j\u00e0. La saison derni\u00e8re, il \u00e9tait selon moi, avec Bastien Blaise et Tom Laurent, la meilleure premi\u00e8re ligne du championnat. Gr\u00e2ce notamment \u00e0 leur travail, le SDRB XV a acquis le titre et la mont\u00e9e.\u00a0Cette saison, il a pris encore plus de dimension et il est clairement l\u2019un des leaders du groupe, et nous comptons s\u2019appuyer sur lui pour obtenir le maintien du club en R\u00e9gional 1 \u00e0 la fin de saison. Son pass\u00e9 de judoka, son investissement et ses capacit\u00e9s physique lui permettent aujourd\u2019hui d\u2019\u00eatre un joueur indispensable au groupe.\u00a0\u00bb<\/span><\/span><\/p>\n<p>J.J.<\/p>\n\n","protected":false},"excerpt":{"rendered":"<p>Quentin Freitas, 23 ans, est en premi\u00e8re ligne lors des matchs du SDRB XV, au poste de pilier. Si aujourd&rsquo;hui [&hellip;]<\/p>\n","protected":false},"author":44,"featured_media":61132,"comment_status":"open","ping_status":"open","sticky":false,"template":"","format":"standard","meta":{"footnotes":""},"categories":[460,2915,14],"tags":[13486,1001,2955],"class_list":["post-61131","post","type-post","status-publish","format-standard","has-post-thumbnail","hentry","category-a-la-une","category-saint-die-son-canton","category-sport","tag-quentin-freitas","tag-rugby","tag-sdrb-xv"],"acf":[],"yoast_head":"<!-- This site is optimized with the Yoast SEO plugin v22.5 - https:\/\/yoast.com\/wordpress\/plugins\/seo\/ -->\n<title>Pilier du SDRB XV, Quentin Freitas est pass\u00e9 du judo au rugby - Saint Die Info<\/title>\n<meta name=\"robots\" content=\"index, follow, max-snippet:-1, max-image-preview:large, max-video-preview:-1\" \/>\n<link rel=\"canonical\" href=\"https:\/\/vosgesinfo.fr\/saintdieinfo\/2022\/12\/pilier-sdrb-xv-quentin-freitas-passe-judo-rugby\/\" \/>\n<meta name=\"twitter:card\" content=\"summary_large_image\" \/>\n<meta name=\"twitter:title\" content=\"Pilier du SDRB XV, Quentin Freitas est pass\u00e9 du judo au rugby - Saint Die Info\" \/>\n<meta name=\"twitter:description\" content=\"Quentin Freitas, 23 ans, est en premi\u00e8re ligne lors des matchs du SDRB XV, au poste de pilier. Si aujourd&rsquo;hui [&hellip;]\" \/>\n<meta name=\"twitter:image\" content=\"https:\/\/vosgesinfo.fr\/app\/uploads\/sites\/4\/2024\/08\/202212quentin-freitas-sdrb-xv-1.jpg\" \/>\n<meta name=\"twitter:creator\" content=\"@VosgesInfo88\" \/>\n<meta name=\"twitter:site\" content=\"@VosgesInfo88\" \/>\n<meta name=\"twitter:label1\" content=\"\u00c9crit par\" \/>\n\t<meta name=\"twitter:data1\" content=\"la r\u00e9daction\" \/>\n\t<meta name=\"twitter:label2\" content=\"Dur\u00e9e de lecture estim\u00e9e\" \/>\n\t<meta name=\"twitter:data2\" content=\"3 minutes\" \/>\n<script type=\"application\/ld+json\" class=\"yoast-schema-graph\">{\"@context\":\"https:\/\/schema.org\",\"@graph\":[{\"@type\":\"Article\",\"@id\":\"https:\/\/vosgesinfo.fr\/saintdieinfo\/2022\/12\/pilier-sdrb-xv-quentin-freitas-passe-judo-rugby\/#article\",\"isPartOf\":{\"@id\":\"https:\/\/vosgesinfo.fr\/saintdieinfo\/2022\/12\/pilier-sdrb-xv-quentin-freitas-passe-judo-rugby\/\"},\"author\":{\"name\":\"la r\u00e9daction\",\"@id\":\"https:\/\/vosgesinfo.fr\/saintdieinfo\/#\/schema\/person\/faee6704a21f3977511db84bd1cd450f\"},\"headline\":\"Pilier du SDRB XV, Quentin Freitas est pass\u00e9 du judo au rugby\",\"datePublished\":\"2022-12-22T15:27:26+00:00\",\"dateModified\":\"2022-12-22T15:27:26+00:00\",\"mainEntityOfPage\":{\"@id\":\"https:\/\/vosgesinfo.fr\/saintdieinfo\/2022\/12\/pilier-sdrb-xv-quentin-freitas-passe-judo-rugby\/\"},\"wordCount\":552,\"commentCount\":0,\"publisher\":{\"@id\":\"https:\/\/vosgesinfo.fr\/saintdieinfo\/#organization\"},\"image\":{\"@id\":\"https:\/\/vosgesinfo.fr\/saintdieinfo\/2022\/12\/pilier-sdrb-xv-quentin-freitas-passe-judo-rugby\/#primaryimage\"},\"thumbnailUrl\":\"https:\/\/vosgesinfo.fr\/app\/uploads\/sites\/4\/2024\/08\/202212quentin-freitas-sdrb-xv-1.jpg\",\"keywords\":[\"Quentin Freitas\",\"Rugby\",\"SDRB XV\"],\"articleSection\":[\"A la Une\",\"Saint-Di\u00e9-des-Vosges et son Agglom\u00e9ration\",\"Sport\"],\"inLanguage\":\"fr-FR\",\"potentialAction\":[{\"@type\":\"CommentAction\",\"name\":\"Comment\",\"target\":[\"https:\/\/vosgesinfo.fr\/saintdieinfo\/2022\/12\/pilier-sdrb-xv-quentin-freitas-passe-judo-rugby\/#respond\"]}]},{\"@type\":\"WebPage\",\"@id\":\"https:\/\/vosgesinfo.fr\/saintdieinfo\/2022\/12\/pilier-sdrb-xv-quentin-freitas-passe-judo-rugby\/\",\"url\":\"https:\/\/vosgesinfo.fr\/saintdieinfo\/2022\/12\/pilier-sdrb-xv-quentin-freitas-passe-judo-rugby\/\",\"name\":\"Pilier du SDRB XV, Quentin Freitas est pass\u00e9 du judo au rugby - Saint Die Info\",\"isPartOf\":{\"@id\":\"https:\/\/vosgesinfo.fr\/saintdieinfo\/#website\"},\"primaryImageOfPage\":{\"@id\":\"https:\/\/vosgesinfo.fr\/saintdieinfo\/2022\/12\/pilier-sdrb-xv-quentin-freitas-passe-judo-rugby\/#primaryimage\"},\"image\":{\"@id\":\"https:\/\/vosgesinfo.fr\/saintdieinfo\/2022\/12\/pilier-sdrb-xv-quentin-freitas-passe-judo-rugby\/#primaryimage\"},\"thumbnailUrl\":\"https:\/\/vosgesinfo.fr\/app\/uploads\/sites\/4\/2024\/08\/202212quentin-freitas-sdrb-xv-1.jpg\",\"datePublished\":\"2022-12-22T15:27:26+00:00\",\"dateModified\":\"2022-12-22T15:27:26+00:00\",\"breadcrumb\":{\"@id\":\"https:\/\/vosgesinfo.fr\/saintdieinfo\/2022\/12\/pilier-sdrb-xv-quentin-freitas-passe-judo-rugby\/#breadcrumb\"},\"inLanguage\":\"fr-FR\",\"potentialAction\":[{\"@type\":\"ReadAction\",\"target\":[\"https:\/\/vosgesinfo.fr\/saintdieinfo\/2022\/12\/pilier-sdrb-xv-quentin-freitas-passe-judo-rugby\/\"]}]},{\"@type\":\"ImageObject\",\"inLanguage\":\"fr-FR\",\"@id\":\"https:\/\/vosgesinfo.fr\/saintdieinfo\/2022\/12\/pilier-sdrb-xv-quentin-freitas-passe-judo-rugby\/#primaryimage\",\"url\":\"https:\/\/vosgesinfo.fr\/app\/uploads\/sites\/4\/2024\/08\/202212quentin-freitas-sdrb-xv-1.jpg\",\"contentUrl\":\"https:\/\/vosgesinfo.fr\/app\/uploads\/sites\/4\/2024\/08\/202212quentin-freitas-sdrb-xv-1.jpg\",\"width\":960,\"height\":795},{\"@type\":\"BreadcrumbList\",\"@id\":\"https:\/\/vosgesinfo.fr\/saintdieinfo\/2022\/12\/pilier-sdrb-xv-quentin-freitas-passe-judo-rugby\/#breadcrumb\",\"itemListElement\":[{\"@type\":\"ListItem\",\"position\":1,\"name\":\"Home\",\"item\":\"https:\/\/vosgesinfo.fr\/saintdieinfo\/\"},{\"@type\":\"ListItem\",\"position\":2,\"name\":\"Pilier du SDRB XV, Quentin Freitas est pass\u00e9 du judo au rugby\"}]},{\"@type\":\"WebSite\",\"@id\":\"https:\/\/vosgesinfo.fr\/saintdieinfo\/#website\",\"url\":\"https:\/\/vosgesinfo.fr\/saintdieinfo\/\",\"name\":\"Saint Die Info\",\"description\":\"Toute l&#039;actualit\u00e9 de Saint-Di\u00e9-Des-Vosges\",\"publisher\":{\"@id\":\"https:\/\/vosgesinfo.fr\/saintdieinfo\/#organization\"},\"alternateName\":\"Toute l'actualit\u00e9 de Saint-Di\u00e9-Des-Vosges\",\"potentialAction\":[{\"@type\":\"SearchAction\",\"target\":{\"@type\":\"EntryPoint\",\"urlTemplate\":\"https:\/\/vosgesinfo.fr\/saintdieinfo\/?s={search_term_string}\"},\"query-input\":\"required name=search_term_string\"}],\"inLanguage\":\"fr-FR\"},{\"@type\":\"Organization\",\"@id\":\"https:\/\/vosgesinfo.fr\/saintdieinfo\/#organization\",\"name\":\"Saint Die Info\",\"url\":\"https:\/\/vosgesinfo.fr\/saintdieinfo\/\",\"logo\":{\"@type\":\"ImageObject\",\"inLanguage\":\"fr-FR\",\"@id\":\"https:\/\/vosgesinfo.fr\/saintdieinfo\/#\/schema\/logo\/image\/\",\"url\":\"https:\/\/vosgesinfo.fr\/app\/uploads\/sites\/4\/2024\/02\/logo-sdi.jpg\",\"contentUrl\":\"https:\/\/vosgesinfo.fr\/app\/uploads\/sites\/4\/2024\/02\/logo-sdi.jpg\",\"width\":600,\"height\":600,\"caption\":\"Saint Die Info\"},\"image\":{\"@id\":\"https:\/\/vosgesinfo.fr\/saintdieinfo\/#\/schema\/logo\/image\/\"},\"sameAs\":[\"https:\/\/www.facebook.com\/Saintdieinfofr\",\"https:\/\/x.com\/VosgesInfo88\",\"https:\/\/www.youtube.com\/@vosgesinfo\"]},{\"@type\":\"Person\",\"@id\":\"https:\/\/vosgesinfo.fr\/saintdieinfo\/#\/schema\/person\/faee6704a21f3977511db84bd1cd450f\",\"name\":\"la r\u00e9daction\",\"image\":{\"@type\":\"ImageObject\",\"inLanguage\":\"fr-FR\",\"@id\":\"https:\/\/vosgesinfo.fr\/saintdieinfo\/#\/schema\/person\/image\/\",\"url\":\"https:\/\/secure.gravatar.com\/avatar\/6673d8bc6a9c17fa9a453eaa3448de834fa308c2ec9635b7aa99441a7c8d2cf6?s=96&d=mm&r=g\",\"contentUrl\":\"https:\/\/secure.gravatar.com\/avatar\/6673d8bc6a9c17fa9a453eaa3448de834fa308c2ec9635b7aa99441a7c8d2cf6?s=96&d=mm&r=g\",\"caption\":\"la r\u00e9daction\"},\"url\":\"https:\/\/vosgesinfo.fr\/saintdieinfo\/author\/redac\/\"}]}<\/script>\n<!-- \/ Yoast SEO plugin. -->","yoast_head_json":{"title":"Pilier du SDRB XV, Quentin Freitas est pass\u00e9 du judo au rugby - Saint Die Info","robots":{"index":"index","follow":"follow","max-snippet":"max-snippet:-1","max-image-preview":"max-image-preview:large","max-video-preview":"max-video-preview:-1"},"canonical":"https:\/\/vosgesinfo.fr\/saintdieinfo\/2022\/12\/pilier-sdrb-xv-quentin-freitas-passe-judo-rugby\/","twitter_card":"summary_large_image","twitter_title":"Pilier du SDRB XV, Quentin Freitas est pass\u00e9 du judo au rugby - Saint Die Info","twitter_description":"Quentin Freitas, 23 ans, est en premi\u00e8re ligne lors des matchs du SDRB XV, au poste de pilier. Si aujourd&rsquo;hui [&hellip;]","twitter_image":"https:\/\/vosgesinfo.fr\/app\/uploads\/sites\/4\/2024\/08\/202212quentin-freitas-sdrb-xv-1.jpg","twitter_creator":"@VosgesInfo88","twitter_site":"@VosgesInfo88","twitter_misc":{"\u00c9crit par":"la r\u00e9daction","Dur\u00e9e de lecture estim\u00e9e":"3 minutes"},"schema":{"@context":"https:\/\/schema.org","@graph":[{"@type":"Article","@id":"https:\/\/vosgesinfo.fr\/saintdieinfo\/2022\/12\/pilier-sdrb-xv-quentin-freitas-passe-judo-rugby\/#article","isPartOf":{"@id":"https:\/\/vosgesinfo.fr\/saintdieinfo\/2022\/12\/pilier-sdrb-xv-quentin-freitas-passe-judo-rugby\/"},"author":{"name":"la r\u00e9daction","@id":"https:\/\/vosgesinfo.fr\/saintdieinfo\/#\/schema\/person\/faee6704a21f3977511db84bd1cd450f"},"headline":"Pilier du SDRB XV, Quentin Freitas est pass\u00e9 du judo au rugby","datePublished":"2022-12-22T15:27:26+00:00","dateModified":"2022-12-22T15:27:26+00:00","mainEntityOfPage":{"@id":"https:\/\/vosgesinfo.fr\/saintdieinfo\/2022\/12\/pilier-sdrb-xv-quentin-freitas-passe-judo-rugby\/"},"wordCount":552,"commentCount":0,"publisher":{"@id":"https:\/\/vosgesinfo.fr\/saintdieinfo\/#organization"},"image":{"@id":"https:\/\/vosgesinfo.fr\/saintdieinfo\/2022\/12\/pilier-sdrb-xv-quentin-freitas-passe-judo-rugby\/#primaryimage"},"thumbnailUrl":"https:\/\/vosgesinfo.fr\/app\/uploads\/sites\/4\/2024\/08\/202212quentin-freitas-sdrb-xv-1.jpg","keywords":["Quentin Freitas","Rugby","SDRB XV"],"articleSection":["A la Une","Saint-Di\u00e9-des-Vosges et son Agglom\u00e9ration","Sport"],"inLanguage":"fr-FR","potentialAction":[{"@type":"CommentAction","name":"Comment","target":["https:\/\/vosgesinfo.fr\/saintdieinfo\/2022\/12\/pilier-sdrb-xv-quentin-freitas-passe-judo-rugby\/#respond"]}]},{"@type":"WebPage","@id":"https:\/\/vosgesinfo.fr\/saintdieinfo\/2022\/12\/pilier-sdrb-xv-quentin-freitas-passe-judo-rugby\/","url":"https:\/\/vosgesinfo.fr\/saintdieinfo\/2022\/12\/pilier-sdrb-xv-quentin-freitas-passe-judo-rugby\/","name":"Pilier du SDRB XV, Quentin Freitas est pass\u00e9 du judo au rugby - Saint Die Info","isPartOf":{"@id":"https:\/\/vosgesinfo.fr\/saintdieinfo\/#website"},"primaryImageOfPage":{"@id":"https:\/\/vosgesinfo.fr\/saintdieinfo\/2022\/12\/pilier-sdrb-xv-quentin-freitas-passe-judo-rugby\/#primaryimage"},"image":{"@id":"https:\/\/vosgesinfo.fr\/saintdieinfo\/2022\/12\/pilier-sdrb-xv-quentin-freitas-passe-judo-rugby\/#primaryimage"},"thumbnailUrl":"https:\/\/vosgesinfo.fr\/app\/uploads\/sites\/4\/2024\/08\/202212quentin-freitas-sdrb-xv-1.jpg","datePublished":"2022-12-22T15:27:26+00:00","dateModified":"2022-12-22T15:27:26+00:00","breadcrumb":{"@id":"https:\/\/vosgesinfo.fr\/saintdieinfo\/2022\/12\/pilier-sdrb-xv-quentin-freitas-passe-judo-rugby\/#breadcrumb"},"inLanguage":"fr-FR","potentialAction":[{"@type":"ReadAction","target":["https:\/\/vosgesinfo.fr\/saintdieinfo\/2022\/12\/pilier-sdrb-xv-quentin-freitas-passe-judo-rugby\/"]}]},{"@type":"ImageObject","inLanguage":"fr-FR","@id":"https:\/\/vosgesinfo.fr\/saintdieinfo\/2022\/12\/pilier-sdrb-xv-quentin-freitas-passe-judo-rugby\/#primaryimage","url":"https:\/\/vosgesinfo.fr\/app\/uploads\/sites\/4\/2024\/08\/202212quentin-freitas-sdrb-xv-1.jpg","contentUrl":"https:\/\/vosgesinfo.fr\/app\/uploads\/sites\/4\/2024\/08\/202212quentin-freitas-sdrb-xv-1.jpg","width":960,"height":795},{"@type":"BreadcrumbList","@id":"https:\/\/vosgesinfo.fr\/saintdieinfo\/2022\/12\/pilier-sdrb-xv-quentin-freitas-passe-judo-rugby\/#breadcrumb","itemListElement":[{"@type":"ListItem","position":1,"name":"Home","item":"https:\/\/vosgesinfo.fr\/saintdieinfo\/"},{"@type":"ListItem","position":2,"name":"Pilier du SDRB XV, Quentin Freitas est pass\u00e9 du judo au rugby"}]},{"@type":"WebSite","@id":"https:\/\/vosgesinfo.fr\/saintdieinfo\/#website","url":"https:\/\/vosgesinfo.fr\/saintdieinfo\/","name":"Saint Die Info","description":"Toute l&#039;actualit\u00e9 de Saint-Di\u00e9-Des-Vosges","publisher":{"@id":"https:\/\/vosgesinfo.fr\/saintdieinfo\/#organization"},"alternateName":"Toute l'actualit\u00e9 de Saint-Di\u00e9-Des-Vosges","potentialAction":[{"@type":"SearchAction","target":{"@type":"EntryPoint","urlTemplate":"https:\/\/vosgesinfo.fr\/saintdieinfo\/?s={search_term_string}"},"query-input":"required name=search_term_string"}],"inLanguage":"fr-FR"},{"@type":"Organization","@id":"https:\/\/vosgesinfo.fr\/saintdieinfo\/#organization","name":"Saint Die Info","url":"https:\/\/vosgesinfo.fr\/saintdieinfo\/","logo":{"@type":"ImageObject","inLanguage":"fr-FR","@id":"https:\/\/vosgesinfo.fr\/saintdieinfo\/#\/schema\/logo\/image\/","url":"https:\/\/vosgesinfo.fr\/app\/uploads\/sites\/4\/2024\/02\/logo-sdi.jpg","contentUrl":"https:\/\/vosgesinfo.fr\/app\/uploads\/sites\/4\/2024\/02\/logo-sdi.jpg","width":600,"height":600,"caption":"Saint Die Info"},"image":{"@id":"https:\/\/vosgesinfo.fr\/saintdieinfo\/#\/schema\/logo\/image\/"},"sameAs":["https:\/\/www.facebook.com\/Saintdieinfofr","https:\/\/x.com\/VosgesInfo88","https:\/\/www.youtube.com\/@vosgesinfo"]},{"@type":"Person","@id":"https:\/\/vosgesinfo.fr\/saintdieinfo\/#\/schema\/person\/faee6704a21f3977511db84bd1cd450f","name":"la r\u00e9daction","image":{"@type":"ImageObject","inLanguage":"fr-FR","@id":"https:\/\/vosgesinfo.fr\/saintdieinfo\/#\/schema\/person\/image\/","url":"https:\/\/secure.gravatar.com\/avatar\/6673d8bc6a9c17fa9a453eaa3448de834fa308c2ec9635b7aa99441a7c8d2cf6?s=96&d=mm&r=g","contentUrl":"https:\/\/secure.gravatar.com\/avatar\/6673d8bc6a9c17fa9a453eaa3448de834fa308c2ec9635b7aa99441a7c8d2cf6?s=96&d=mm&r=g","caption":"la r\u00e9daction"},"url":"https:\/\/vosgesinfo.fr\/saintdieinfo\/author\/redac\/"}]}},"_links":{"self":[{"href":"https:\/\/vosgesinfo.fr\/saintdieinfo\/wp-json\/wp\/v2\/posts\/61131","targetHints":{"allow":["GET"]}}],"collection":[{"href":"https:\/\/vosgesinfo.fr\/saintdieinfo\/wp-json\/wp\/v2\/posts"}],"about":[{"href":"https:\/\/vosgesinfo.fr\/saintdieinfo\/wp-json\/wp\/v2\/types\/post"}],"author":[{"embeddable":true,"href":"https:\/\/vosgesinfo.fr\/saintdieinfo\/wp-json\/wp\/v2\/users\/44"}],"replies":[{"embeddable":true,"href":"https:\/\/vosgesinfo.fr\/saintdieinfo\/wp-json\/wp\/v2\/comments?post=61131"}],"version-history":[{"count":0,"href":"https:\/\/vosgesinfo.fr\/saintdieinfo\/wp-json\/wp\/v2\/posts\/61131\/revisions"}],"wp:featuredmedia":[{"embeddable":true,"href":"https:\/\/vosgesinfo.fr\/saintdieinfo\/wp-json\/wp\/v2\/media\/61132"}],"wp:attachment":[{"href":"https:\/\/vosgesinfo.fr\/saintdieinfo\/wp-json\/wp\/v2\/media?parent=61131"}],"wp:term":[{"taxonomy":"category","embeddable":true,"href":"https:\/\/vosgesinfo.fr\/saintdieinfo\/wp-json\/wp\/v2\/categories?post=61131"},{"taxonomy":"post_tag","embeddable":true,"href":"https:\/\/vosgesinfo.fr\/saintdieinfo\/wp-json\/wp\/v2\/tags?post=61131"}],"curies":[{"name":"wp","href":"https:\/\/api.w.org\/{rel}","templated":true}]}}