{"id":61164,"date":"2022-12-23T20:29:19","date_gmt":"2022-12-23T19:29:19","guid":{"rendered":"https:\/\/vosgesinfo.fr\/saintdieinfo\/2022\/12\/carton-plein-pere-noel-retard-de-jean-michel-rey-compagnie\/"},"modified":"2022-12-23T20:29:19","modified_gmt":"2022-12-23T19:29:19","slug":"carton-plein-pere-noel-retard-de-jean-michel-rey-compagnie","status":"publish","type":"post","link":"https:\/\/vosgesinfo.fr\/saintdieinfo\/2022\/12\/carton-plein-pere-noel-retard-de-jean-michel-rey-compagnie\/","title":{"rendered":"Carton plein pour \u00ab\u00a0Le P\u00e8re No\u00ebl est en retard\u00a0\u00bb de Jean-Michel Rey et Compagnie"},"content":{"rendered":"<div id=\"attachment_194867\" style=\"width: 970px\" class=\"wp-caption aligncenter\"><a href=\"\/2022\/12\/Concert_JM_Rey-1.jpg\" target=\"_blank\" rel=\"noopener\"><img decoding=\"async\" aria-describedby=\"caption-attachment-194867\" class=\"wp-image-194867 size-large\" src=\"\/2022\/12\/Concert_JM_Rey-1-1024x683.jpg\" alt=\"Concert_JM_Rey (1)\" width=\"960\" height=\"640\" \/><\/a><p id=\"caption-attachment-194867\" class=\"wp-caption-text\">(Photographies et texte Marc Fourniquet)<\/p><\/div>\n<h2><strong><span style=\"font-size: 14pt;\">Jean-Michel Rey, accompagn\u00e9 de ses comp\u00e8res musiciens Marckus Mickus, Y\u00e9ah Loow et Germain Destremont, se produisait en concert ce vendredi \u00e0 l&rsquo;Espace Fran\u00e7ois-Mitterrand, salle M\u00e9lusine.<\/span><\/strong><\/h2>\n<p><!--more--><\/p>\n<p>Un concert dans le cadre de \u00ab\u00a0La semaine des enfants\u00a0\u00bb et pour la 32\u00e8me et derni\u00e8re \u00e9dition de sa tourn\u00e9e de spectacles \u00ab\u00a0Le P\u00e8re Noel\u00a0est en retard\u00a0\u00bb. C&rsquo;est\u00a0devant un public d&rsquo;enfants et parents venus nombreux que le quatuor\u00a0a racont\u00e9 des histoires de No\u00ebl en chansons, avec parmi elles : \u00ab\u00a0Un bonhomme de neige amoureux\u00a0\u00bb, \u00ab\u00a0Une gr\u00e8ve des rennes\u00a0\u00bb ou \u00ab\u00a0Un No\u00ebl sous les tropiques\u00a0\u00bb. Ce spectacle de fin d&rsquo;ann\u00e9e s&rsquo;est conclu par l&rsquo;apparition du P\u00e8re No\u00ebl sur sc\u00e8ne, qui a invit\u00e9 les enfants \u00e0 faire une photo avec lui dans son chalet.<\/p>\n\n","protected":false},"excerpt":{"rendered":"<p>Jean-Michel Rey, accompagn\u00e9 de ses comp\u00e8res musiciens Marckus Mickus, Y\u00e9ah Loow et Germain Destremont, se produisait en concert ce vendredi [&hellip;]<\/p>\n","protected":false},"author":44,"featured_media":22008,"comment_status":"open","ping_status":"open","sticky":false,"template":"","format":"standard","meta":{"footnotes":""},"categories":[460,8003,7847,3532,20,2915],"tags":[3089,13495,13496,13185],"class_list":["post-61164","post","type-post","status-publish","format-standard","has-post-thumbnail","hentry","category-a-la-une","category-concert-culture","category-art-culture","category-enfants","category-loisirs","category-saint-die-son-canton","tag-espace-francois-mitterrand","tag-jean-michel-rey-et-compagnie","tag-le-pere-noel-est-en-retard","tag-semaine-des-enfants-a-saint-die-des-vosges"],"acf":[],"yoast_head":"<!-- This site is optimized with the Yoast SEO plugin v22.5 - https:\/\/yoast.com\/wordpress\/plugins\/seo\/ -->\n<title>Carton plein pour &quot;Le P\u00e8re No\u00ebl est en retard&quot; de Jean-Michel Rey et Compagnie - Saint Die Info<\/title>\n<meta name=\"robots\" content=\"index, follow, max-snippet:-1, max-image-preview:large, max-video-preview:-1\" \/>\n<link rel=\"canonical\" href=\"https:\/\/vosgesinfo.fr\/saintdieinfo\/2022\/12\/carton-plein-pere-noel-retard-de-jean-michel-rey-compagnie\/\" \/>\n<meta name=\"twitter:card\" content=\"summary_large_image\" \/>\n<meta name=\"twitter:title\" content=\"Carton plein pour &quot;Le P\u00e8re No\u00ebl est en retard&quot; de Jean-Michel Rey et Compagnie - Saint Die Info\" \/>\n<meta name=\"twitter:description\" content=\"Jean-Michel Rey, accompagn\u00e9 de ses comp\u00e8res musiciens Marckus Mickus, Y\u00e9ah Loow et Germain Destremont, se produisait en concert ce vendredi [&hellip;]\" \/>\n<meta name=\"twitter:image\" content=\"https:\/\/vosgesinfo.fr\/app\/uploads\/sites\/4\/2023\/08\/concert-jm-rey-1.jpg\" \/>\n<meta name=\"twitter:creator\" content=\"@VosgesInfo88\" \/>\n<meta name=\"twitter:site\" content=\"@VosgesInfo88\" \/>\n<meta name=\"twitter:label1\" content=\"\u00c9crit par\" \/>\n\t<meta name=\"twitter:data1\" content=\"la r\u00e9daction\" \/>\n\t<meta name=\"twitter:label2\" content=\"Dur\u00e9e de lecture estim\u00e9e\" \/>\n\t<meta name=\"twitter:data2\" content=\"1 minute\" \/>\n<script type=\"application\/ld+json\" class=\"yoast-schema-graph\">{\"@context\":\"https:\/\/schema.org\",\"@graph\":[{\"@type\":\"Article\",\"@id\":\"https:\/\/vosgesinfo.fr\/saintdieinfo\/2022\/12\/carton-plein-pere-noel-retard-de-jean-michel-rey-compagnie\/#article\",\"isPartOf\":{\"@id\":\"https:\/\/vosgesinfo.fr\/saintdieinfo\/2022\/12\/carton-plein-pere-noel-retard-de-jean-michel-rey-compagnie\/\"},\"author\":{\"name\":\"la r\u00e9daction\",\"@id\":\"https:\/\/vosgesinfo.fr\/saintdieinfo\/#\/schema\/person\/faee6704a21f3977511db84bd1cd450f\"},\"headline\":\"Carton plein pour \u00ab\u00a0Le P\u00e8re No\u00ebl est en retard\u00a0\u00bb de Jean-Michel Rey et Compagnie\",\"datePublished\":\"2022-12-23T19:29:19+00:00\",\"dateModified\":\"2022-12-23T19:29:19+00:00\",\"mainEntityOfPage\":{\"@id\":\"https:\/\/vosgesinfo.fr\/saintdieinfo\/2022\/12\/carton-plein-pere-noel-retard-de-jean-michel-rey-compagnie\/\"},\"wordCount\":171,\"commentCount\":0,\"publisher\":{\"@id\":\"https:\/\/vosgesinfo.fr\/saintdieinfo\/#organization\"},\"image\":{\"@id\":\"https:\/\/vosgesinfo.fr\/saintdieinfo\/2022\/12\/carton-plein-pere-noel-retard-de-jean-michel-rey-compagnie\/#primaryimage\"},\"thumbnailUrl\":\"https:\/\/vosgesinfo.fr\/app\/uploads\/sites\/4\/2023\/08\/concert-jm-rey-1.jpg\",\"keywords\":[\"Espace Fran\u00e7ois-Mitterrand\",\"Jean-Michel Rey et Compagnie\",\"Le P\u00e8re No\u00ebl est en retard\",\"Semaine des enfants \u00e0 Saint-Di\u00e9-des-Vosges\"],\"articleSection\":[\"A la Une\",\"Concert\",\"Culture\",\"Enfants\",\"Loisirs\",\"Saint-Di\u00e9-des-Vosges et son Agglom\u00e9ration\"],\"inLanguage\":\"fr-FR\",\"potentialAction\":[{\"@type\":\"CommentAction\",\"name\":\"Comment\",\"target\":[\"https:\/\/vosgesinfo.fr\/saintdieinfo\/2022\/12\/carton-plein-pere-noel-retard-de-jean-michel-rey-compagnie\/#respond\"]}]},{\"@type\":\"WebPage\",\"@id\":\"https:\/\/vosgesinfo.fr\/saintdieinfo\/2022\/12\/carton-plein-pere-noel-retard-de-jean-michel-rey-compagnie\/\",\"url\":\"https:\/\/vosgesinfo.fr\/saintdieinfo\/2022\/12\/carton-plein-pere-noel-retard-de-jean-michel-rey-compagnie\/\",\"name\":\"Carton plein pour \\\"Le P\u00e8re No\u00ebl est en retard\\\" de Jean-Michel Rey et Compagnie - Saint Die Info\",\"isPartOf\":{\"@id\":\"https:\/\/vosgesinfo.fr\/saintdieinfo\/#website\"},\"primaryImageOfPage\":{\"@id\":\"https:\/\/vosgesinfo.fr\/saintdieinfo\/2022\/12\/carton-plein-pere-noel-retard-de-jean-michel-rey-compagnie\/#primaryimage\"},\"image\":{\"@id\":\"https:\/\/vosgesinfo.fr\/saintdieinfo\/2022\/12\/carton-plein-pere-noel-retard-de-jean-michel-rey-compagnie\/#primaryimage\"},\"thumbnailUrl\":\"https:\/\/vosgesinfo.fr\/app\/uploads\/sites\/4\/2023\/08\/concert-jm-rey-1.jpg\",\"datePublished\":\"2022-12-23T19:29:19+00:00\",\"dateModified\":\"2022-12-23T19:29:19+00:00\",\"breadcrumb\":{\"@id\":\"https:\/\/vosgesinfo.fr\/saintdieinfo\/2022\/12\/carton-plein-pere-noel-retard-de-jean-michel-rey-compagnie\/#breadcrumb\"},\"inLanguage\":\"fr-FR\",\"potentialAction\":[{\"@type\":\"ReadAction\",\"target\":[\"https:\/\/vosgesinfo.fr\/saintdieinfo\/2022\/12\/carton-plein-pere-noel-retard-de-jean-michel-rey-compagnie\/\"]}]},{\"@type\":\"ImageObject\",\"inLanguage\":\"fr-FR\",\"@id\":\"https:\/\/vosgesinfo.fr\/saintdieinfo\/2022\/12\/carton-plein-pere-noel-retard-de-jean-michel-rey-compagnie\/#primaryimage\",\"url\":\"https:\/\/vosgesinfo.fr\/app\/uploads\/sites\/4\/2023\/08\/concert-jm-rey-1.jpg\",\"contentUrl\":\"https:\/\/vosgesinfo.fr\/app\/uploads\/sites\/4\/2023\/08\/concert-jm-rey-1.jpg\",\"width\":1024,\"height\":683},{\"@type\":\"BreadcrumbList\",\"@id\":\"https:\/\/vosgesinfo.fr\/saintdieinfo\/2022\/12\/carton-plein-pere-noel-retard-de-jean-michel-rey-compagnie\/#breadcrumb\",\"itemListElement\":[{\"@type\":\"ListItem\",\"position\":1,\"name\":\"Home\",\"item\":\"https:\/\/vosgesinfo.fr\/saintdieinfo\/\"},{\"@type\":\"ListItem\",\"position\":2,\"name\":\"Carton plein pour \u00ab\u00a0Le P\u00e8re No\u00ebl est en retard\u00a0\u00bb de Jean-Michel Rey et Compagnie\"}]},{\"@type\":\"WebSite\",\"@id\":\"https:\/\/vosgesinfo.fr\/saintdieinfo\/#website\",\"url\":\"https:\/\/vosgesinfo.fr\/saintdieinfo\/\",\"name\":\"Saint Die Info\",\"description\":\"Toute l&#039;actualit\u00e9 de Saint-Di\u00e9-Des-Vosges\",\"publisher\":{\"@id\":\"https:\/\/vosgesinfo.fr\/saintdieinfo\/#organization\"},\"alternateName\":\"Toute l'actualit\u00e9 de Saint-Di\u00e9-Des-Vosges\",\"potentialAction\":[{\"@type\":\"SearchAction\",\"target\":{\"@type\":\"EntryPoint\",\"urlTemplate\":\"https:\/\/vosgesinfo.fr\/saintdieinfo\/?s={search_term_string}\"},\"query-input\":\"required name=search_term_string\"}],\"inLanguage\":\"fr-FR\"},{\"@type\":\"Organization\",\"@id\":\"https:\/\/vosgesinfo.fr\/saintdieinfo\/#organization\",\"name\":\"Saint Die Info\",\"url\":\"https:\/\/vosgesinfo.fr\/saintdieinfo\/\",\"logo\":{\"@type\":\"ImageObject\",\"inLanguage\":\"fr-FR\",\"@id\":\"https:\/\/vosgesinfo.fr\/saintdieinfo\/#\/schema\/logo\/image\/\",\"url\":\"https:\/\/vosgesinfo.fr\/app\/uploads\/sites\/4\/2024\/02\/logo-sdi.jpg\",\"contentUrl\":\"https:\/\/vosgesinfo.fr\/app\/uploads\/sites\/4\/2024\/02\/logo-sdi.jpg\",\"width\":600,\"height\":600,\"caption\":\"Saint Die Info\"},\"image\":{\"@id\":\"https:\/\/vosgesinfo.fr\/saintdieinfo\/#\/schema\/logo\/image\/\"},\"sameAs\":[\"https:\/\/www.facebook.com\/Saintdieinfofr\",\"https:\/\/x.com\/VosgesInfo88\",\"https:\/\/www.youtube.com\/@vosgesinfo\"]},{\"@type\":\"Person\",\"@id\":\"https:\/\/vosgesinfo.fr\/saintdieinfo\/#\/schema\/person\/faee6704a21f3977511db84bd1cd450f\",\"name\":\"la r\u00e9daction\",\"image\":{\"@type\":\"ImageObject\",\"inLanguage\":\"fr-FR\",\"@id\":\"https:\/\/vosgesinfo.fr\/saintdieinfo\/#\/schema\/person\/image\/\",\"url\":\"https:\/\/secure.gravatar.com\/avatar\/6673d8bc6a9c17fa9a453eaa3448de834fa308c2ec9635b7aa99441a7c8d2cf6?s=96&d=mm&r=g\",\"contentUrl\":\"https:\/\/secure.gravatar.com\/avatar\/6673d8bc6a9c17fa9a453eaa3448de834fa308c2ec9635b7aa99441a7c8d2cf6?s=96&d=mm&r=g\",\"caption\":\"la r\u00e9daction\"},\"url\":\"https:\/\/vosgesinfo.fr\/saintdieinfo\/author\/redac\/\"}]}<\/script>\n<!-- \/ Yoast SEO plugin. -->","yoast_head_json":{"title":"Carton plein pour \"Le P\u00e8re No\u00ebl est en retard\" de Jean-Michel Rey et Compagnie - Saint Die Info","robots":{"index":"index","follow":"follow","max-snippet":"max-snippet:-1","max-image-preview":"max-image-preview:large","max-video-preview":"max-video-preview:-1"},"canonical":"https:\/\/vosgesinfo.fr\/saintdieinfo\/2022\/12\/carton-plein-pere-noel-retard-de-jean-michel-rey-compagnie\/","twitter_card":"summary_large_image","twitter_title":"Carton plein pour \"Le P\u00e8re No\u00ebl est en retard\" de Jean-Michel Rey et Compagnie - Saint Die Info","twitter_description":"Jean-Michel Rey, accompagn\u00e9 de ses comp\u00e8res musiciens Marckus Mickus, Y\u00e9ah Loow et Germain Destremont, se produisait en concert ce vendredi [&hellip;]","twitter_image":"https:\/\/vosgesinfo.fr\/app\/uploads\/sites\/4\/2023\/08\/concert-jm-rey-1.jpg","twitter_creator":"@VosgesInfo88","twitter_site":"@VosgesInfo88","twitter_misc":{"\u00c9crit par":"la r\u00e9daction","Dur\u00e9e de lecture estim\u00e9e":"1 minute"},"schema":{"@context":"https:\/\/schema.org","@graph":[{"@type":"Article","@id":"https:\/\/vosgesinfo.fr\/saintdieinfo\/2022\/12\/carton-plein-pere-noel-retard-de-jean-michel-rey-compagnie\/#article","isPartOf":{"@id":"https:\/\/vosgesinfo.fr\/saintdieinfo\/2022\/12\/carton-plein-pere-noel-retard-de-jean-michel-rey-compagnie\/"},"author":{"name":"la r\u00e9daction","@id":"https:\/\/vosgesinfo.fr\/saintdieinfo\/#\/schema\/person\/faee6704a21f3977511db84bd1cd450f"},"headline":"Carton plein pour \u00ab\u00a0Le P\u00e8re No\u00ebl est en retard\u00a0\u00bb de Jean-Michel Rey et Compagnie","datePublished":"2022-12-23T19:29:19+00:00","dateModified":"2022-12-23T19:29:19+00:00","mainEntityOfPage":{"@id":"https:\/\/vosgesinfo.fr\/saintdieinfo\/2022\/12\/carton-plein-pere-noel-retard-de-jean-michel-rey-compagnie\/"},"wordCount":171,"commentCount":0,"publisher":{"@id":"https:\/\/vosgesinfo.fr\/saintdieinfo\/#organization"},"image":{"@id":"https:\/\/vosgesinfo.fr\/saintdieinfo\/2022\/12\/carton-plein-pere-noel-retard-de-jean-michel-rey-compagnie\/#primaryimage"},"thumbnailUrl":"https:\/\/vosgesinfo.fr\/app\/uploads\/sites\/4\/2023\/08\/concert-jm-rey-1.jpg","keywords":["Espace Fran\u00e7ois-Mitterrand","Jean-Michel Rey et Compagnie","Le P\u00e8re No\u00ebl est en retard","Semaine des enfants \u00e0 Saint-Di\u00e9-des-Vosges"],"articleSection":["A la Une","Concert","Culture","Enfants","Loisirs","Saint-Di\u00e9-des-Vosges et son Agglom\u00e9ration"],"inLanguage":"fr-FR","potentialAction":[{"@type":"CommentAction","name":"Comment","target":["https:\/\/vosgesinfo.fr\/saintdieinfo\/2022\/12\/carton-plein-pere-noel-retard-de-jean-michel-rey-compagnie\/#respond"]}]},{"@type":"WebPage","@id":"https:\/\/vosgesinfo.fr\/saintdieinfo\/2022\/12\/carton-plein-pere-noel-retard-de-jean-michel-rey-compagnie\/","url":"https:\/\/vosgesinfo.fr\/saintdieinfo\/2022\/12\/carton-plein-pere-noel-retard-de-jean-michel-rey-compagnie\/","name":"Carton plein pour \"Le P\u00e8re No\u00ebl est en retard\" de Jean-Michel Rey et Compagnie - Saint Die Info","isPartOf":{"@id":"https:\/\/vosgesinfo.fr\/saintdieinfo\/#website"},"primaryImageOfPage":{"@id":"https:\/\/vosgesinfo.fr\/saintdieinfo\/2022\/12\/carton-plein-pere-noel-retard-de-jean-michel-rey-compagnie\/#primaryimage"},"image":{"@id":"https:\/\/vosgesinfo.fr\/saintdieinfo\/2022\/12\/carton-plein-pere-noel-retard-de-jean-michel-rey-compagnie\/#primaryimage"},"thumbnailUrl":"https:\/\/vosgesinfo.fr\/app\/uploads\/sites\/4\/2023\/08\/concert-jm-rey-1.jpg","datePublished":"2022-12-23T19:29:19+00:00","dateModified":"2022-12-23T19:29:19+00:00","breadcrumb":{"@id":"https:\/\/vosgesinfo.fr\/saintdieinfo\/2022\/12\/carton-plein-pere-noel-retard-de-jean-michel-rey-compagnie\/#breadcrumb"},"inLanguage":"fr-FR","potentialAction":[{"@type":"ReadAction","target":["https:\/\/vosgesinfo.fr\/saintdieinfo\/2022\/12\/carton-plein-pere-noel-retard-de-jean-michel-rey-compagnie\/"]}]},{"@type":"ImageObject","inLanguage":"fr-FR","@id":"https:\/\/vosgesinfo.fr\/saintdieinfo\/2022\/12\/carton-plein-pere-noel-retard-de-jean-michel-rey-compagnie\/#primaryimage","url":"https:\/\/vosgesinfo.fr\/app\/uploads\/sites\/4\/2023\/08\/concert-jm-rey-1.jpg","contentUrl":"https:\/\/vosgesinfo.fr\/app\/uploads\/sites\/4\/2023\/08\/concert-jm-rey-1.jpg","width":1024,"height":683},{"@type":"BreadcrumbList","@id":"https:\/\/vosgesinfo.fr\/saintdieinfo\/2022\/12\/carton-plein-pere-noel-retard-de-jean-michel-rey-compagnie\/#breadcrumb","itemListElement":[{"@type":"ListItem","position":1,"name":"Home","item":"https:\/\/vosgesinfo.fr\/saintdieinfo\/"},{"@type":"ListItem","position":2,"name":"Carton plein pour \u00ab\u00a0Le P\u00e8re No\u00ebl est en retard\u00a0\u00bb de Jean-Michel Rey et Compagnie"}]},{"@type":"WebSite","@id":"https:\/\/vosgesinfo.fr\/saintdieinfo\/#website","url":"https:\/\/vosgesinfo.fr\/saintdieinfo\/","name":"Saint Die Info","description":"Toute l&#039;actualit\u00e9 de Saint-Di\u00e9-Des-Vosges","publisher":{"@id":"https:\/\/vosgesinfo.fr\/saintdieinfo\/#organization"},"alternateName":"Toute l'actualit\u00e9 de Saint-Di\u00e9-Des-Vosges","potentialAction":[{"@type":"SearchAction","target":{"@type":"EntryPoint","urlTemplate":"https:\/\/vosgesinfo.fr\/saintdieinfo\/?s={search_term_string}"},"query-input":"required name=search_term_string"}],"inLanguage":"fr-FR"},{"@type":"Organization","@id":"https:\/\/vosgesinfo.fr\/saintdieinfo\/#organization","name":"Saint Die Info","url":"https:\/\/vosgesinfo.fr\/saintdieinfo\/","logo":{"@type":"ImageObject","inLanguage":"fr-FR","@id":"https:\/\/vosgesinfo.fr\/saintdieinfo\/#\/schema\/logo\/image\/","url":"https:\/\/vosgesinfo.fr\/app\/uploads\/sites\/4\/2024\/02\/logo-sdi.jpg","contentUrl":"https:\/\/vosgesinfo.fr\/app\/uploads\/sites\/4\/2024\/02\/logo-sdi.jpg","width":600,"height":600,"caption":"Saint Die Info"},"image":{"@id":"https:\/\/vosgesinfo.fr\/saintdieinfo\/#\/schema\/logo\/image\/"},"sameAs":["https:\/\/www.facebook.com\/Saintdieinfofr","https:\/\/x.com\/VosgesInfo88","https:\/\/www.youtube.com\/@vosgesinfo"]},{"@type":"Person","@id":"https:\/\/vosgesinfo.fr\/saintdieinfo\/#\/schema\/person\/faee6704a21f3977511db84bd1cd450f","name":"la r\u00e9daction","image":{"@type":"ImageObject","inLanguage":"fr-FR","@id":"https:\/\/vosgesinfo.fr\/saintdieinfo\/#\/schema\/person\/image\/","url":"https:\/\/secure.gravatar.com\/avatar\/6673d8bc6a9c17fa9a453eaa3448de834fa308c2ec9635b7aa99441a7c8d2cf6?s=96&d=mm&r=g","contentUrl":"https:\/\/secure.gravatar.com\/avatar\/6673d8bc6a9c17fa9a453eaa3448de834fa308c2ec9635b7aa99441a7c8d2cf6?s=96&d=mm&r=g","caption":"la r\u00e9daction"},"url":"https:\/\/vosgesinfo.fr\/saintdieinfo\/author\/redac\/"}]}},"_links":{"self":[{"href":"https:\/\/vosgesinfo.fr\/saintdieinfo\/wp-json\/wp\/v2\/posts\/61164","targetHints":{"allow":["GET"]}}],"collection":[{"href":"https:\/\/vosgesinfo.fr\/saintdieinfo\/wp-json\/wp\/v2\/posts"}],"about":[{"href":"https:\/\/vosgesinfo.fr\/saintdieinfo\/wp-json\/wp\/v2\/types\/post"}],"author":[{"embeddable":true,"href":"https:\/\/vosgesinfo.fr\/saintdieinfo\/wp-json\/wp\/v2\/users\/44"}],"replies":[{"embeddable":true,"href":"https:\/\/vosgesinfo.fr\/saintdieinfo\/wp-json\/wp\/v2\/comments?post=61164"}],"version-history":[{"count":0,"href":"https:\/\/vosgesinfo.fr\/saintdieinfo\/wp-json\/wp\/v2\/posts\/61164\/revisions"}],"wp:featuredmedia":[{"embeddable":true,"href":"https:\/\/vosgesinfo.fr\/saintdieinfo\/wp-json\/wp\/v2\/media\/22008"}],"wp:attachment":[{"href":"https:\/\/vosgesinfo.fr\/saintdieinfo\/wp-json\/wp\/v2\/media?parent=61164"}],"wp:term":[{"taxonomy":"category","embeddable":true,"href":"https:\/\/vosgesinfo.fr\/saintdieinfo\/wp-json\/wp\/v2\/categories?post=61164"},{"taxonomy":"post_tag","embeddable":true,"href":"https:\/\/vosgesinfo.fr\/saintdieinfo\/wp-json\/wp\/v2\/tags?post=61164"}],"curies":[{"name":"wp","href":"https:\/\/api.w.org\/{rel}","templated":true}]}}