{"id":61175,"date":"2023-01-02T08:00:29","date_gmt":"2023-01-02T07:00:29","guid":{"rendered":"https:\/\/vosgesinfo.fr\/saintdieinfo\/2023\/01\/raon-letape-diner-dansant-de-nuit-tet\/"},"modified":"2023-01-02T08:00:29","modified_gmt":"2023-01-02T07:00:29","slug":"raon-letape-diner-dansant-de-nuit-tet","status":"publish","type":"post","link":"https:\/\/vosgesinfo.fr\/saintdieinfo\/2023\/01\/raon-letape-diner-dansant-de-nuit-tet\/","title":{"rendered":"Raon-l&rsquo;Etape \u2013 Diner dansant de la Nuit du T\u00eat"},"content":{"rendered":"<p><a href=\"\/2022\/12\/Sans-titre.png\" target=\"_blank\" rel=\"noopener\"><img decoding=\"async\" class=\"aligncenter wp-image-194647 size-large\" src=\"\/2022\/12\/Sans-titre-1024x576.png\" alt=\"Sans titre\" width=\"960\" height=\"540\" \/><\/a><\/p>\n<div class=\"et_pb_row et_pb_row_2\">\n<div class=\"et_pb_column et_pb_column_1_2 et_pb_column_3 et_pb_css_mix_blend_mode_passthrough et-last-child\">\n<div class=\"et_pb_module et_pb_text et_pb_text_0 et_pb_text_align_justified et_pb_bg_layout_light\">\n<div class=\"et_pb_text_inner\">\n<h2><strong><span style=\"font-size: 14pt;\">Comme le veut la tradition, l\u2019association Les Enfants de Kontum (<a href=\"https:\/\/www.lesenfantsdekontum.fr\/\" target=\"_blank\" rel=\"noopener\">cliquer ici pour plus de renseignements<\/a>) organise chaque ann\u00e9e le repas dansant de la F\u00eate du T\u00eat (nouvel an asiatique). En 2023, l&rsquo;association f\u00eatera l\u2019entr\u00e9e dans l\u2019ann\u00e9e du Chat le 11 f\u00e9vrier \u00e0 la salle Beauregard de Raon-l&rsquo;Etape, place des Martyrs de la R\u00e9sistance.<\/span><\/strong><\/h2>\n<\/div>\n<\/div>\n<\/div>\n<\/div>\n<p><!--more-->Vous serez s\u00e9duits par le repas vietnamien et par le dynamisme des musiciens de l\u2019<a href=\"https:\/\/www.orchestre-josepereira.com\/\" target=\"_blank\" rel=\"noopener noreferrer\"><strong>Orchestre de Jos\u00e9 Pereira<\/strong><\/a>. Ambiance chaleureuse et communicative garantie !<\/p>\n<div class=\"et_pb_row et_pb_row_2\">\n<div class=\"et_pb_column et_pb_column_1_2 et_pb_column_3 et_pb_css_mix_blend_mode_passthrough et-last-child\">\n<div class=\"et_pb_module et_pb_text et_pb_text_0 et_pb_text_align_justified et_pb_bg_layout_light\">\n<div class=\"et_pb_text_inner\">\n<p><strong>Soir\u00e9e dansante et repas vietnamien :<\/strong> 30 \u20ac\/personne hors boissons \u2013 (15 \u20ac\/enfant de moins de 12 ans). L\u2019ap\u00e9ritif (Cocktail Kontum ou jus de fruits) et le th\u00e9 ou le caf\u00e9 vous sont offerts.<\/p>\n<p><strong>Pensez \u00e0 r\u00e9server avant le 28 janvier 2023 aupr\u00e8s de Monique au 06.52.87.43.60 ou 03.29.56.03.88.<\/strong><\/p>\n<\/div>\n<p><strong>Pour en savoir plus sur l\u2019ann\u00e9e du Chat.<\/strong><\/p>\n<p>Elle marque une pause entre l\u2019ardeur du Tigre (l\u2019an pass\u00e9) et la puissance du Dragon (2024). L\u2019heure est \u00e0 l\u2019analyse, \u00e0 la n\u00e9gociation, au compromis. Le Chat nous sugg\u00e8re de reprendre notre souffle, puis nos esprits ensuite, avant de b\u00e2tir l\u2019avenir en confiance. L\u2019ann\u00e9e du Chat porte chance aux femmes, elles sont appel\u00e9es \u00e0 jouer un r\u00f4le majeur dans la marche du monde.<br \/>\nSi vous \u00eates n\u00e9 au cours des ann\u00e9es 1939, 1951, 1963, 1975, 1987, 1999 ou 2011, il se pourrait que vous soyez du signe du Chat mais pas n\u00e9cessairement. En effet, l&rsquo;ann\u00e9e du zodiaque d\u00e9bute, normalement, au moment du Nouvel An asiatique (entre la fin du mois de janvier et la mi- f\u00e9vrier). Aussi, si vous \u00eates n\u00e9 en janvier ou en f\u00e9vrier de l&rsquo;une des ann\u00e9es mentionn\u00e9es ci- dessus, vous pourriez \u00eatre un chat ou un tigre.<\/p>\n<\/div>\n<\/div>\n<\/div>\n","protected":false},"excerpt":{"rendered":"<p>Comme le veut la tradition, l\u2019association Les Enfants de Kontum (cliquer ici pour plus de renseignements) organise chaque ann\u00e9e le [&hellip;]<\/p>\n","protected":false},"author":116,"featured_media":26236,"comment_status":"open","ping_status":"open","sticky":false,"template":"","format":"standard","meta":{"footnotes":""},"categories":[460,2915,17],"tags":[13497,13498,13499,13500,2654,4321],"class_list":["post-61175","post","type-post","status-publish","format-standard","has-post-thumbnail","hentry","category-a-la-une","category-saint-die-son-canton","category-vie-associative","tag-annee-du-chat","tag-fete-du-tet","tag-les-enfants-de-kontum","tag-nouvel-an-asiatique","tag-raon-letape","tag-repas-dansant"],"acf":[],"yoast_head":"<!-- This site is optimized with the Yoast SEO plugin v22.5 - https:\/\/yoast.com\/wordpress\/plugins\/seo\/ -->\n<title>Raon-l&#039;Etape \u2013 Diner dansant de la Nuit du T\u00eat - Saint Die Info<\/title>\n<meta name=\"robots\" content=\"index, follow, max-snippet:-1, max-image-preview:large, max-video-preview:-1\" \/>\n<link rel=\"canonical\" href=\"https:\/\/vosgesinfo.fr\/saintdieinfo\/2023\/01\/raon-letape-diner-dansant-de-nuit-tet\/\" \/>\n<meta name=\"twitter:card\" content=\"summary_large_image\" \/>\n<meta name=\"twitter:title\" content=\"Raon-l&#039;Etape \u2013 Diner dansant de la Nuit du T\u00eat - Saint Die Info\" \/>\n<meta name=\"twitter:description\" content=\"Comme le veut la tradition, l\u2019association Les Enfants de Kontum (cliquer ici pour plus de renseignements) organise chaque ann\u00e9e le [&hellip;]\" \/>\n<meta name=\"twitter:image\" content=\"https:\/\/vosgesinfo.fr\/app\/uploads\/sites\/4\/2023\/10\/sans-titre.jpg\" \/>\n<meta name=\"twitter:creator\" content=\"@VosgesInfo88\" \/>\n<meta name=\"twitter:site\" content=\"@VosgesInfo88\" \/>\n<meta name=\"twitter:label1\" content=\"\u00c9crit par\" \/>\n\t<meta name=\"twitter:data1\" content=\"Kontum\" \/>\n\t<meta name=\"twitter:label2\" content=\"Dur\u00e9e de lecture estim\u00e9e\" \/>\n\t<meta name=\"twitter:data2\" content=\"1 minute\" \/>\n<script type=\"application\/ld+json\" class=\"yoast-schema-graph\">{\"@context\":\"https:\/\/schema.org\",\"@graph\":[{\"@type\":\"Article\",\"@id\":\"https:\/\/vosgesinfo.fr\/saintdieinfo\/2023\/01\/raon-letape-diner-dansant-de-nuit-tet\/#article\",\"isPartOf\":{\"@id\":\"https:\/\/vosgesinfo.fr\/saintdieinfo\/2023\/01\/raon-letape-diner-dansant-de-nuit-tet\/\"},\"author\":{\"name\":\"Kontum\",\"@id\":\"https:\/\/vosgesinfo.fr\/saintdieinfo\/#\/schema\/person\/077664148511ba8a8c6b26aff4d2a408\"},\"headline\":\"Raon-l&rsquo;Etape \u2013 Diner dansant de la Nuit du T\u00eat\",\"datePublished\":\"2023-01-02T07:00:29+00:00\",\"dateModified\":\"2023-01-02T07:00:29+00:00\",\"mainEntityOfPage\":{\"@id\":\"https:\/\/vosgesinfo.fr\/saintdieinfo\/2023\/01\/raon-letape-diner-dansant-de-nuit-tet\/\"},\"wordCount\":305,\"commentCount\":0,\"publisher\":{\"@id\":\"https:\/\/vosgesinfo.fr\/saintdieinfo\/#organization\"},\"image\":{\"@id\":\"https:\/\/vosgesinfo.fr\/saintdieinfo\/2023\/01\/raon-letape-diner-dansant-de-nuit-tet\/#primaryimage\"},\"thumbnailUrl\":\"https:\/\/vosgesinfo.fr\/app\/uploads\/sites\/4\/2023\/10\/sans-titre.jpg\",\"keywords\":[\"Ann\u00e9e du Chat\",\"F\u00eate du T\u00eat\",\"Les Enfants de Kontum\",\"Nouvel an asiatique\",\"Raon-l\u2019Etape\",\"repas dansant\"],\"articleSection\":[\"A la Une\",\"Saint-Di\u00e9-des-Vosges et son Agglom\u00e9ration\",\"Vie Associative\"],\"inLanguage\":\"fr-FR\",\"potentialAction\":[{\"@type\":\"CommentAction\",\"name\":\"Comment\",\"target\":[\"https:\/\/vosgesinfo.fr\/saintdieinfo\/2023\/01\/raon-letape-diner-dansant-de-nuit-tet\/#respond\"]}]},{\"@type\":\"WebPage\",\"@id\":\"https:\/\/vosgesinfo.fr\/saintdieinfo\/2023\/01\/raon-letape-diner-dansant-de-nuit-tet\/\",\"url\":\"https:\/\/vosgesinfo.fr\/saintdieinfo\/2023\/01\/raon-letape-diner-dansant-de-nuit-tet\/\",\"name\":\"Raon-l'Etape \u2013 Diner dansant de la Nuit du T\u00eat - Saint Die Info\",\"isPartOf\":{\"@id\":\"https:\/\/vosgesinfo.fr\/saintdieinfo\/#website\"},\"primaryImageOfPage\":{\"@id\":\"https:\/\/vosgesinfo.fr\/saintdieinfo\/2023\/01\/raon-letape-diner-dansant-de-nuit-tet\/#primaryimage\"},\"image\":{\"@id\":\"https:\/\/vosgesinfo.fr\/saintdieinfo\/2023\/01\/raon-letape-diner-dansant-de-nuit-tet\/#primaryimage\"},\"thumbnailUrl\":\"https:\/\/vosgesinfo.fr\/app\/uploads\/sites\/4\/2023\/10\/sans-titre.jpg\",\"datePublished\":\"2023-01-02T07:00:29+00:00\",\"dateModified\":\"2023-01-02T07:00:29+00:00\",\"breadcrumb\":{\"@id\":\"https:\/\/vosgesinfo.fr\/saintdieinfo\/2023\/01\/raon-letape-diner-dansant-de-nuit-tet\/#breadcrumb\"},\"inLanguage\":\"fr-FR\",\"potentialAction\":[{\"@type\":\"ReadAction\",\"target\":[\"https:\/\/vosgesinfo.fr\/saintdieinfo\/2023\/01\/raon-letape-diner-dansant-de-nuit-tet\/\"]}]},{\"@type\":\"ImageObject\",\"inLanguage\":\"fr-FR\",\"@id\":\"https:\/\/vosgesinfo.fr\/saintdieinfo\/2023\/01\/raon-letape-diner-dansant-de-nuit-tet\/#primaryimage\",\"url\":\"https:\/\/vosgesinfo.fr\/app\/uploads\/sites\/4\/2023\/10\/sans-titre.jpg\",\"contentUrl\":\"https:\/\/vosgesinfo.fr\/app\/uploads\/sites\/4\/2023\/10\/sans-titre.jpg\",\"width\":582,\"height\":443},{\"@type\":\"BreadcrumbList\",\"@id\":\"https:\/\/vosgesinfo.fr\/saintdieinfo\/2023\/01\/raon-letape-diner-dansant-de-nuit-tet\/#breadcrumb\",\"itemListElement\":[{\"@type\":\"ListItem\",\"position\":1,\"name\":\"Home\",\"item\":\"https:\/\/vosgesinfo.fr\/saintdieinfo\/\"},{\"@type\":\"ListItem\",\"position\":2,\"name\":\"Raon-l&rsquo;Etape \u2013 Diner dansant de la Nuit du T\u00eat\"}]},{\"@type\":\"WebSite\",\"@id\":\"https:\/\/vosgesinfo.fr\/saintdieinfo\/#website\",\"url\":\"https:\/\/vosgesinfo.fr\/saintdieinfo\/\",\"name\":\"Saint Die Info\",\"description\":\"Toute l&#039;actualit\u00e9 de Saint-Di\u00e9-Des-Vosges\",\"publisher\":{\"@id\":\"https:\/\/vosgesinfo.fr\/saintdieinfo\/#organization\"},\"alternateName\":\"Toute l'actualit\u00e9 de Saint-Di\u00e9-Des-Vosges\",\"potentialAction\":[{\"@type\":\"SearchAction\",\"target\":{\"@type\":\"EntryPoint\",\"urlTemplate\":\"https:\/\/vosgesinfo.fr\/saintdieinfo\/?s={search_term_string}\"},\"query-input\":\"required name=search_term_string\"}],\"inLanguage\":\"fr-FR\"},{\"@type\":\"Organization\",\"@id\":\"https:\/\/vosgesinfo.fr\/saintdieinfo\/#organization\",\"name\":\"Saint Die Info\",\"url\":\"https:\/\/vosgesinfo.fr\/saintdieinfo\/\",\"logo\":{\"@type\":\"ImageObject\",\"inLanguage\":\"fr-FR\",\"@id\":\"https:\/\/vosgesinfo.fr\/saintdieinfo\/#\/schema\/logo\/image\/\",\"url\":\"https:\/\/vosgesinfo.fr\/app\/uploads\/sites\/4\/2024\/02\/logo-sdi.jpg\",\"contentUrl\":\"https:\/\/vosgesinfo.fr\/app\/uploads\/sites\/4\/2024\/02\/logo-sdi.jpg\",\"width\":600,\"height\":600,\"caption\":\"Saint Die Info\"},\"image\":{\"@id\":\"https:\/\/vosgesinfo.fr\/saintdieinfo\/#\/schema\/logo\/image\/\"},\"sameAs\":[\"https:\/\/www.facebook.com\/Saintdieinfofr\",\"https:\/\/x.com\/VosgesInfo88\",\"https:\/\/www.youtube.com\/@vosgesinfo\"]},{\"@type\":\"Person\",\"@id\":\"https:\/\/vosgesinfo.fr\/saintdieinfo\/#\/schema\/person\/077664148511ba8a8c6b26aff4d2a408\",\"name\":\"Kontum\",\"image\":{\"@type\":\"ImageObject\",\"inLanguage\":\"fr-FR\",\"@id\":\"https:\/\/vosgesinfo.fr\/saintdieinfo\/#\/schema\/person\/image\/\",\"url\":\"https:\/\/secure.gravatar.com\/avatar\/6b57b5b88534b5a4f591bf301c396e8a91cf36cf150503627a4e1fabea73c245?s=96&d=mm&r=g\",\"contentUrl\":\"https:\/\/secure.gravatar.com\/avatar\/6b57b5b88534b5a4f591bf301c396e8a91cf36cf150503627a4e1fabea73c245?s=96&d=mm&r=g\",\"caption\":\"Kontum\"},\"url\":\"https:\/\/vosgesinfo.fr\/saintdieinfo\/author\/assokontum\/\"}]}<\/script>\n<!-- \/ Yoast SEO plugin. -->","yoast_head_json":{"title":"Raon-l'Etape \u2013 Diner dansant de la Nuit du T\u00eat - Saint Die Info","robots":{"index":"index","follow":"follow","max-snippet":"max-snippet:-1","max-image-preview":"max-image-preview:large","max-video-preview":"max-video-preview:-1"},"canonical":"https:\/\/vosgesinfo.fr\/saintdieinfo\/2023\/01\/raon-letape-diner-dansant-de-nuit-tet\/","twitter_card":"summary_large_image","twitter_title":"Raon-l'Etape \u2013 Diner dansant de la Nuit du T\u00eat - Saint Die Info","twitter_description":"Comme le veut la tradition, l\u2019association Les Enfants de Kontum (cliquer ici pour plus de renseignements) organise chaque ann\u00e9e le [&hellip;]","twitter_image":"https:\/\/vosgesinfo.fr\/app\/uploads\/sites\/4\/2023\/10\/sans-titre.jpg","twitter_creator":"@VosgesInfo88","twitter_site":"@VosgesInfo88","twitter_misc":{"\u00c9crit par":"Kontum","Dur\u00e9e de lecture estim\u00e9e":"1 minute"},"schema":{"@context":"https:\/\/schema.org","@graph":[{"@type":"Article","@id":"https:\/\/vosgesinfo.fr\/saintdieinfo\/2023\/01\/raon-letape-diner-dansant-de-nuit-tet\/#article","isPartOf":{"@id":"https:\/\/vosgesinfo.fr\/saintdieinfo\/2023\/01\/raon-letape-diner-dansant-de-nuit-tet\/"},"author":{"name":"Kontum","@id":"https:\/\/vosgesinfo.fr\/saintdieinfo\/#\/schema\/person\/077664148511ba8a8c6b26aff4d2a408"},"headline":"Raon-l&rsquo;Etape \u2013 Diner dansant de la Nuit du T\u00eat","datePublished":"2023-01-02T07:00:29+00:00","dateModified":"2023-01-02T07:00:29+00:00","mainEntityOfPage":{"@id":"https:\/\/vosgesinfo.fr\/saintdieinfo\/2023\/01\/raon-letape-diner-dansant-de-nuit-tet\/"},"wordCount":305,"commentCount":0,"publisher":{"@id":"https:\/\/vosgesinfo.fr\/saintdieinfo\/#organization"},"image":{"@id":"https:\/\/vosgesinfo.fr\/saintdieinfo\/2023\/01\/raon-letape-diner-dansant-de-nuit-tet\/#primaryimage"},"thumbnailUrl":"https:\/\/vosgesinfo.fr\/app\/uploads\/sites\/4\/2023\/10\/sans-titre.jpg","keywords":["Ann\u00e9e du Chat","F\u00eate du T\u00eat","Les Enfants de Kontum","Nouvel an asiatique","Raon-l\u2019Etape","repas dansant"],"articleSection":["A la Une","Saint-Di\u00e9-des-Vosges et son Agglom\u00e9ration","Vie Associative"],"inLanguage":"fr-FR","potentialAction":[{"@type":"CommentAction","name":"Comment","target":["https:\/\/vosgesinfo.fr\/saintdieinfo\/2023\/01\/raon-letape-diner-dansant-de-nuit-tet\/#respond"]}]},{"@type":"WebPage","@id":"https:\/\/vosgesinfo.fr\/saintdieinfo\/2023\/01\/raon-letape-diner-dansant-de-nuit-tet\/","url":"https:\/\/vosgesinfo.fr\/saintdieinfo\/2023\/01\/raon-letape-diner-dansant-de-nuit-tet\/","name":"Raon-l'Etape \u2013 Diner dansant de la Nuit du T\u00eat - Saint Die Info","isPartOf":{"@id":"https:\/\/vosgesinfo.fr\/saintdieinfo\/#website"},"primaryImageOfPage":{"@id":"https:\/\/vosgesinfo.fr\/saintdieinfo\/2023\/01\/raon-letape-diner-dansant-de-nuit-tet\/#primaryimage"},"image":{"@id":"https:\/\/vosgesinfo.fr\/saintdieinfo\/2023\/01\/raon-letape-diner-dansant-de-nuit-tet\/#primaryimage"},"thumbnailUrl":"https:\/\/vosgesinfo.fr\/app\/uploads\/sites\/4\/2023\/10\/sans-titre.jpg","datePublished":"2023-01-02T07:00:29+00:00","dateModified":"2023-01-02T07:00:29+00:00","breadcrumb":{"@id":"https:\/\/vosgesinfo.fr\/saintdieinfo\/2023\/01\/raon-letape-diner-dansant-de-nuit-tet\/#breadcrumb"},"inLanguage":"fr-FR","potentialAction":[{"@type":"ReadAction","target":["https:\/\/vosgesinfo.fr\/saintdieinfo\/2023\/01\/raon-letape-diner-dansant-de-nuit-tet\/"]}]},{"@type":"ImageObject","inLanguage":"fr-FR","@id":"https:\/\/vosgesinfo.fr\/saintdieinfo\/2023\/01\/raon-letape-diner-dansant-de-nuit-tet\/#primaryimage","url":"https:\/\/vosgesinfo.fr\/app\/uploads\/sites\/4\/2023\/10\/sans-titre.jpg","contentUrl":"https:\/\/vosgesinfo.fr\/app\/uploads\/sites\/4\/2023\/10\/sans-titre.jpg","width":582,"height":443},{"@type":"BreadcrumbList","@id":"https:\/\/vosgesinfo.fr\/saintdieinfo\/2023\/01\/raon-letape-diner-dansant-de-nuit-tet\/#breadcrumb","itemListElement":[{"@type":"ListItem","position":1,"name":"Home","item":"https:\/\/vosgesinfo.fr\/saintdieinfo\/"},{"@type":"ListItem","position":2,"name":"Raon-l&rsquo;Etape \u2013 Diner dansant de la Nuit du T\u00eat"}]},{"@type":"WebSite","@id":"https:\/\/vosgesinfo.fr\/saintdieinfo\/#website","url":"https:\/\/vosgesinfo.fr\/saintdieinfo\/","name":"Saint Die Info","description":"Toute l&#039;actualit\u00e9 de Saint-Di\u00e9-Des-Vosges","publisher":{"@id":"https:\/\/vosgesinfo.fr\/saintdieinfo\/#organization"},"alternateName":"Toute l'actualit\u00e9 de Saint-Di\u00e9-Des-Vosges","potentialAction":[{"@type":"SearchAction","target":{"@type":"EntryPoint","urlTemplate":"https:\/\/vosgesinfo.fr\/saintdieinfo\/?s={search_term_string}"},"query-input":"required name=search_term_string"}],"inLanguage":"fr-FR"},{"@type":"Organization","@id":"https:\/\/vosgesinfo.fr\/saintdieinfo\/#organization","name":"Saint Die Info","url":"https:\/\/vosgesinfo.fr\/saintdieinfo\/","logo":{"@type":"ImageObject","inLanguage":"fr-FR","@id":"https:\/\/vosgesinfo.fr\/saintdieinfo\/#\/schema\/logo\/image\/","url":"https:\/\/vosgesinfo.fr\/app\/uploads\/sites\/4\/2024\/02\/logo-sdi.jpg","contentUrl":"https:\/\/vosgesinfo.fr\/app\/uploads\/sites\/4\/2024\/02\/logo-sdi.jpg","width":600,"height":600,"caption":"Saint Die Info"},"image":{"@id":"https:\/\/vosgesinfo.fr\/saintdieinfo\/#\/schema\/logo\/image\/"},"sameAs":["https:\/\/www.facebook.com\/Saintdieinfofr","https:\/\/x.com\/VosgesInfo88","https:\/\/www.youtube.com\/@vosgesinfo"]},{"@type":"Person","@id":"https:\/\/vosgesinfo.fr\/saintdieinfo\/#\/schema\/person\/077664148511ba8a8c6b26aff4d2a408","name":"Kontum","image":{"@type":"ImageObject","inLanguage":"fr-FR","@id":"https:\/\/vosgesinfo.fr\/saintdieinfo\/#\/schema\/person\/image\/","url":"https:\/\/secure.gravatar.com\/avatar\/6b57b5b88534b5a4f591bf301c396e8a91cf36cf150503627a4e1fabea73c245?s=96&d=mm&r=g","contentUrl":"https:\/\/secure.gravatar.com\/avatar\/6b57b5b88534b5a4f591bf301c396e8a91cf36cf150503627a4e1fabea73c245?s=96&d=mm&r=g","caption":"Kontum"},"url":"https:\/\/vosgesinfo.fr\/saintdieinfo\/author\/assokontum\/"}]}},"_links":{"self":[{"href":"https:\/\/vosgesinfo.fr\/saintdieinfo\/wp-json\/wp\/v2\/posts\/61175","targetHints":{"allow":["GET"]}}],"collection":[{"href":"https:\/\/vosgesinfo.fr\/saintdieinfo\/wp-json\/wp\/v2\/posts"}],"about":[{"href":"https:\/\/vosgesinfo.fr\/saintdieinfo\/wp-json\/wp\/v2\/types\/post"}],"author":[{"embeddable":true,"href":"https:\/\/vosgesinfo.fr\/saintdieinfo\/wp-json\/wp\/v2\/users\/116"}],"replies":[{"embeddable":true,"href":"https:\/\/vosgesinfo.fr\/saintdieinfo\/wp-json\/wp\/v2\/comments?post=61175"}],"version-history":[{"count":0,"href":"https:\/\/vosgesinfo.fr\/saintdieinfo\/wp-json\/wp\/v2\/posts\/61175\/revisions"}],"wp:featuredmedia":[{"embeddable":true,"href":"https:\/\/vosgesinfo.fr\/saintdieinfo\/wp-json\/wp\/v2\/media\/26236"}],"wp:attachment":[{"href":"https:\/\/vosgesinfo.fr\/saintdieinfo\/wp-json\/wp\/v2\/media?parent=61175"}],"wp:term":[{"taxonomy":"category","embeddable":true,"href":"https:\/\/vosgesinfo.fr\/saintdieinfo\/wp-json\/wp\/v2\/categories?post=61175"},{"taxonomy":"post_tag","embeddable":true,"href":"https:\/\/vosgesinfo.fr\/saintdieinfo\/wp-json\/wp\/v2\/tags?post=61175"}],"curies":[{"name":"wp","href":"https:\/\/api.w.org\/{rel}","templated":true}]}}