{"id":61177,"date":"2023-01-04T06:00:00","date_gmt":"2023-01-04T05:00:00","guid":{"rendered":"https:\/\/vosgesinfo.fr\/saintdieinfo\/2023\/01\/autovision-souhaite-belle-heureuse-annee\/"},"modified":"2023-01-04T06:00:00","modified_gmt":"2023-01-04T05:00:00","slug":"autovision-souhaite-belle-heureuse-annee","status":"publish","type":"post","link":"https:\/\/vosgesinfo.fr\/saintdieinfo\/2023\/01\/autovision-souhaite-belle-heureuse-annee\/","title":{"rendered":"Autovision vous souhaite une Belle et Heureuse Ann\u00e9e\u00a0!"},"content":{"rendered":"<p style=\"text-align: left;\"><a href=\"\/2022\/12\/Autovision-2023-Photo-premium.jpg\" target=\"_blank\" rel=\"noopener\"><img decoding=\"async\" class=\"aligncenter wp-image-194662 size-large\" src=\"\/2022\/12\/Autovision-2023-Photo-premium-1024x816.jpg\" alt=\"Autovision 2023-Photo premium\" width=\"960\" height=\"765\" \/><\/a><\/p>\n<h2 style=\"text-align: left;\"><strong><span style=\"font-size: 14pt;\"><span style=\"font-family: Calibri, sans-serif;\"><span lang=\"fr-FR\">Baptiste et Manu Machado, du Centre de contr\u00f4le technique \u00ab\u00a0<\/span><\/span><span style=\"font-family: Calibri, sans-serif;\">Autovision La P\u00eacherie<\/span><span style=\"font-family: Calibri, sans-serif;\"><span lang=\"fr-FR\">\u00a0\u00bb, vous pr\u00e9sentent leurs meilleurs v\u0153ux, \u00e0 l\u2019occasion de cette nouvelle ann\u00e9e.<\/span><\/span><\/span><\/strong><\/h2>\n<p style=\"text-align: left;\"><!--more--><\/p>\n<p style=\"text-align: left;\"><strong><span style=\"font-family: Calibri, sans-serif;\"><span style=\"font-size: large;\"><span lang=\"fr-FR\">Cela fait plus de 30 ans que <\/span><\/span><\/span><span style=\"font-family: Calibri, sans-serif;\"><span style=\"font-size: large;\">Manuel Machad<\/span><\/span><span style=\"font-family: Calibri, sans-serif;\"><span style=\"font-size: large;\"><span lang=\"fr-FR\">o, \u00ab\u00a0figure\u00a0d\u00e9odatienne\u00bb <\/span><\/span><\/span><span style=\"font-family: Calibri, sans-serif;\"><span style=\"font-size: large;\">connu<\/span><\/span><span style=\"font-family: Calibri, sans-serif;\"><span style=\"font-size: large;\"><span lang=\"fr-FR\">e, entre autres, <\/span><\/span><\/span> <span style=\"font-family: Calibri, sans-serif;\"><span style=\"font-size: large;\"><span lang=\"fr-FR\">pour<\/span><\/span><\/span><span style=\"font-family: Calibri, sans-serif;\"><span style=\"font-size: large;\"> ses<\/span><\/span><span style=\"font-family: Calibri, sans-serif;\"><span style=\"font-size: large;\"><span lang=\"fr-FR\"> passions dans de nombreux domaines,<\/span><\/span><\/span><\/strong><span style=\"font-family: Calibri, sans-serif;\"><span style=\"font-size: large;\"><span lang=\"fr-FR\"> comme celui des arts, des \u00e9v\u00e8nements sportifs, rallye-automobile,<\/span><\/span><\/span> <span style=\"font-family: Calibri, sans-serif;\"><span style=\"font-size: large;\"><span lang=\"fr-FR\">course \u00e0 pied\u2026, <\/span><\/span><\/span><strong><span style=\"font-family: Calibri, sans-serif;\"><span style=\"font-size: large;\"><span lang=\"fr-FR\">est devenu un des premiers contr\u00f4leurs agr\u00e9es \u00e0 Saint-Di\u00e9<\/span><\/span><\/span><\/strong><span style=\"font-family: Calibri, sans-serif;\"><span style=\"font-size: large;\"><span lang=\"fr-FR\"><strong>,<\/strong> sur les v\u00e9hicules de moins de 3,5 T et un des seuls, sur la place, \u00e0 \u00eatre qualifi\u00e9 pour \u00ab\u00a0ausculter\u00a0\u00bb sous tous les angles, tous types de v\u00e9hicules, qu\u2019ils soient essence, diesel, au gaz naturel, hybride, \u00e9lectrique ou encore bio-\u00e9thanol.<\/span><\/span><\/span><\/p>\n<p style=\"text-align: left;\"><strong><span style=\"font-family: Calibri, sans-serif;\"><span style=\"font-size: large;\"><span lang=\"fr-FR\">Son grand professionnalisme lui vaut la confiance renouvel\u00e9e de ses nombreux clients<\/span><\/span><\/span><\/strong><span style=\"font-family: Calibri, sans-serif;\"><span style=\"font-size: large;\"><span lang=\"fr-FR\"><strong>,<\/strong> qui appr\u00e9cient \u00e9galement sa sympathie l\u00e9gendaire et la remarquable bienveillance dont il fait preuve \u00e0 leur \u00e9gard\u00a0: le conseil n\u2019\u00e9tant pas en option pour Manu\u00a0!<\/span><\/span><\/span><\/p>\n<p style=\"text-align: left;\"><strong><span style=\"font-family: Calibri, sans-serif;\"><span style=\"font-size: large;\">Install\u00e9 \u00e0 son compte depuis 2007, \u00e0 <\/span><\/span><span style=\"font-family: Calibri, sans-serif;\"><span style=\"font-size: large;\"><span lang=\"fr-FR\">Saint-Di\u00e9-Des-Vosges, \u00ab\u00a0<\/span><\/span><\/span><span style=\"font-family: Calibri, sans-serif;\"><span style=\"font-size: large;\">La P\u00eacherie<\/span><\/span><span style=\"font-family: Calibri, sans-serif;\"><span style=\"font-size: large;\"><span lang=\"fr-FR\">\u00a0\u00bb<\/span><\/span><\/span><span style=\"font-family: Calibri, sans-serif;\"><span style=\"font-size: large;\">,<\/span><\/span> <span style=\"font-family: Calibri, sans-serif;\"><span style=\"font-size: large;\">Manu <\/span><\/span><span style=\"font-family: Calibri, sans-serif;\"><span style=\"font-size: large;\"><span lang=\"fr-FR\">est fier et heureux de travailler aux c\u00f4t\u00e9s de son fils Baptiste<\/span><\/span><\/span><\/strong><span style=\"font-family: Calibri, sans-serif;\"><span style=\"font-size: large;\"><span lang=\"fr-FR\"><strong>,<\/strong> depuis 9 ans, \u00e0 qui il a transmis ses solides connaissances techniques, <\/span><\/span><\/span> <span style=\"font-family: Calibri, sans-serif;\"><span style=\"font-size: large;\"><span lang=\"fr-FR\">l\u2019<\/span><\/span><\/span><span style=\"font-family: Calibri, sans-serif;\"><span style=\"font-size: large;\">amour du travail bien fait<\/span><\/span><span style=\"font-family: Calibri, sans-serif;\"><span style=\"font-size: large;\"><span lang=\"fr-FR\"> et \u00e9galement son r\u00f4le de conseiller et de rassurer, par exemple les propri\u00e9taires de v\u00e9hicule, face \u00e0 une r\u00e9glementation qui est sans cesse en \u00e9volution, \u00ab\u00a0de m\u00eame que pour les propri\u00e9taires de moto, le contr\u00f4le technique n\u2019\u00e9tant pas encore officiellement ex\u00e9cutoire\u00a0\u00bb, nous livre Manu, il n\u2019y a pas de pr\u00e9cipitations \u00e0 avoir\u00a0!<\/span><\/span><\/span><\/p>\n<p style=\"text-align: left;\"><strong><span style=\"font-family: Calibri, sans-serif;\"><span style=\"font-size: large;\"><span lang=\"fr-FR\">Quels v\u00e9hicules sont concern\u00e9s par le contr\u00f4le technique ? <\/span><\/span><\/span><\/strong><span style=\"font-family: Calibri, sans-serif;\"><span style=\"font-size: large;\"><span lang=\"fr-FR\">Manu nous rappelle qu\u2019il est obligatoire pour tous les v\u00e9hicules particuliers, qu\u2019il est \u00e0 l\u2019initiative du propri\u00e9taire du v\u00e9hicule, et qu\u2019il doit \u00eatre effectu\u00e9 au cours des 6 mois pr\u00e9c\u00e9dant le 4<\/span><\/span><\/span><sup><span style=\"font-family: Calibri, sans-serif;\"><span style=\"font-size: large;\"><span lang=\"fr-FR\">\u00e8me<\/span><\/span><\/span><\/sup><span style=\"font-family: Calibri, sans-serif;\"><span style=\"font-size: large;\"><span lang=\"fr-FR\"> anniversaire de la 1<\/span><\/span><\/span><sup><span style=\"font-family: Calibri, sans-serif;\"><span style=\"font-size: large;\"><span lang=\"fr-FR\">\u00e8re<\/span><\/span><\/span><\/sup><span style=\"font-family: Calibri, sans-serif;\"><span style=\"font-size: large;\"><span lang=\"fr-FR\"> mise en circulation de ce v\u00e9hicule\u00a0; puis tous les 2 ans \u00e0 cette m\u00eame date anniversaire. Il nous pr\u00e9cise qu\u2019il n\u2019y a aucune tol\u00e9rance en cas de d\u00e9passement des d\u00e9lais, y compris pour passer la contre-visite, dans un d\u00e9lai de 2 mois maximum, suivant un constat de d\u00e9faillance majeure ou dans la journ\u00e9e de la visite technique pour les d\u00e9faillances critiques.<\/span><\/span><\/span><\/p>\n<p style=\"text-align: left;\"><strong><span style=\"font-family: Calibri, sans-serif;\"><span style=\"font-size: large;\"><span lang=\"fr-FR\">A ce jour il y a toujours 133 points de contr\u00f4le technique renforc\u00e9<\/span><\/span><\/span><\/strong><span style=\"font-family: Calibri, sans-serif;\"><span style=\"font-size: large;\"><span lang=\"fr-FR\"> dans les domaines du freinage, visibilit\u00e9, direction, \u00e9clairage, signalisation, carrosserie, \u00e9quipements, liaisons au sol, pollution sonore et organes m\u00e9caniques.<\/span><\/span><\/span><\/p>\n<p style=\"text-align: left;\"><strong><span style=\"font-family: Calibri, sans-serif;\"><span style=\"font-size: large;\"><span lang=\"fr-FR\">A<\/span><\/span><\/span><span style=\"font-family: Calibri, sans-serif;\"><span style=\"font-size: large;\">vant d<\/span><\/span><span style=\"font-family: Calibri, sans-serif;\"><span style=\"font-size: large;\"><span lang=\"fr-FR\">e pr\u00e9senter<\/span><\/span><\/span> <span style=\"font-family: Calibri, sans-serif;\"><span style=\"font-size: large;\"><span lang=\"fr-FR\">votre<\/span><\/span><\/span><span style=\"font-family: Calibri, sans-serif;\"><span style=\"font-size: large;\"> v\u00e9hicule au contr\u00f4le technique<\/span><\/span><\/strong><span style=\"font-family: Calibri, sans-serif;\"><span style=\"font-size: large;\"><strong>,<\/strong> Man<\/span><\/span><span style=\"font-family: Calibri, sans-serif;\"><span style=\"font-size: large;\"><span lang=\"fr-FR\">u vous <\/span><\/span><\/span><span style=\"font-family: Calibri, sans-serif;\"><span style=\"font-size: large;\">recommande<\/span><\/span> <span style=\"font-family: Calibri, sans-serif;\"><span style=\"font-size: large;\">d&rsquo;effectuer <\/span><\/span><span style=\"font-family: Calibri, sans-serif;\"><span style=\"font-size: large;\"><span lang=\"fr-FR\">vous<\/span><\/span><\/span><span style=\"font-family: Calibri, sans-serif;\"><span style=\"font-size: large;\">-m\u00eame un rapide contr\u00f4le de l&rsquo;\u00e9clairage, de la signalisation, de l&rsquo;\u00e9tat des essuie-glaces ainsi que de l&rsquo;usure et la pression des pneus<\/span><\/span><span style=\"font-family: Calibri, sans-serif;\"><span style=\"font-size: large;\"><span lang=\"fr-FR\">\u00a0; c<\/span><\/span><\/span><span style=\"font-family: Calibri, sans-serif;\"><span style=\"font-size: large;\">e<\/span><\/span><span style=\"font-family: Calibri, sans-serif;\"><span style=\"font-size: large;\"><span lang=\"fr-FR\">ci afin <\/span><\/span><\/span><span style=\"font-family: Calibri, sans-serif;\"><span style=\"font-size: large;\">d&rsquo;\u00e9viter une contre-visite<\/span><\/span><span style=\"font-family: Calibri, sans-serif;\"><span style=\"font-size: large;\"><span lang=\"fr-FR\">.<\/span><\/span><\/span><\/p>\n<p style=\"text-align: left;\"><span style=\"font-family: Calibri, sans-serif;\"><span style=\"font-size: large;\">Pour plus d&rsquo;informations<\/span><\/span><span style=\"font-family: Calibri, sans-serif;\"><span style=\"font-size: large;\"><span lang=\"fr-FR\">, <\/span><\/span><\/span><span style=\"font-family: Calibri, sans-serif;\"><span style=\"font-size: large;\"> Baptiste<\/span><\/span><span style=\"font-family: Calibri, sans-serif;\"><span style=\"font-size: large;\"><span lang=\"fr-FR\"> et<\/span><\/span><\/span><span style=\"font-family: Calibri, sans-serif;\"><span style=\"font-size: large;\"> Manu se tiennent \u00e0 votre disposition du lundi au vendredi, de 8h30 \u00e0 12h et de 13h30 \u00e0 18h30, le samedi de 8h30 \u00e0 12h.<\/span><\/span><\/p>\n<p style=\"text-align: left;\"><span style=\"font-family: Calibri, sans-serif;\"><span style=\"font-size: large;\"><span lang=\"fr-FR\">Toute l\u2019\u00e9quipe de <\/span><\/span><\/span><span style=\"font-family: Calibri, sans-serif;\"><span style=\"font-size: large;\"><span lang=\"fr-FR\"><i>Vosges Info\/Saint-Di\u00e9 Info<\/i><\/span><\/span><\/span><span style=\"font-family: Calibri, sans-serif;\"><span style=\"font-size: large;\"><span lang=\"fr-FR\"> pr\u00e9sente tous ses meilleurs v\u0153ux \u00e0 l\u2019\u00e9quipe Autovision\u00a0! <\/span><\/span><\/span><\/p>\n<p style=\"text-align: left;\"><a href=\"\/2022\/12\/autovision-3.jpg\" target=\"_blank\" rel=\"noopener\"><img decoding=\"async\" class=\"aligncenter wp-image-194661 size-full\" src=\"\/2022\/12\/autovision-3.jpg\" alt=\"autovision 3\" width=\"742\" height=\"464\" \/><\/a><\/p>\n<p style=\"text-align: left;\"><strong><span style=\"font-family: Calibri, sans-serif;\"><span style=\"font-size: large;\">Autovision contr\u00f4le technique<\/span><\/span><\/strong><\/p>\n<p style=\"text-align: left;\"><strong><span style=\"font-family: Calibri, sans-serif;\"><span style=\"font-size: large;\">Chemin des Etangs \u2013 La P\u00eacherie<\/span><\/span><\/strong><\/p>\n<p style=\"text-align: left;\"><strong><span style=\"font-family: Calibri, sans-serif;\"><span style=\"font-size: large;\">88100 Saint-Di\u00e9-des-Vosges<\/span><\/span><\/strong><\/p>\n<p style=\"text-align: left;\"><strong><span style=\"font-family: Calibri, sans-serif;\"><span style=\"font-size: large;\">T\u00e9l\u00e9phone :<\/span><\/span> <span style=\"font-family: Calibri, sans-serif;\"><span style=\"font-size: large;\">03-29-55-50-50<\/span><\/span><\/strong><\/p>\n<p style=\"text-align: left;\"><span style=\"font-family: Calibri, sans-serif;\"><span style=\"font-size: large;\"><span lang=\"fr-FR\"><u>R\u00e9daction et photos<\/u><\/span><\/span><\/span><span style=\"font-family: Calibri, sans-serif;\"><span style=\"font-size: large;\"><span lang=\"fr-FR\">\u00a0: Patricia Ferry-Demange<\/span><\/span><\/span><\/p>\n<p lang=\"fr-FR\" style=\"text-align: left;\"><span style=\"font-family: Calibri, sans-serif;\"><span style=\"font-size: large;\">Patricia.ferrydemange@gmail.com<\/span><\/span><\/p>\n","protected":false},"excerpt":{"rendered":"<p>Baptiste et Manu Machado, du Centre de contr\u00f4le technique \u00ab\u00a0Autovision La P\u00eacherie\u00a0\u00bb, vous pr\u00e9sentent leurs meilleurs v\u0153ux, \u00e0 l\u2019occasion de [&hellip;]<\/p>\n","protected":false},"author":44,"featured_media":61178,"comment_status":"open","ping_status":"open","sticky":false,"template":"","format":"standard","meta":{"footnotes":""},"categories":[460,2915],"tags":[5984],"class_list":["post-61177","post","type-post","status-publish","format-standard","has-post-thumbnail","hentry","category-a-la-une","category-saint-die-son-canton","tag-autovision"],"acf":[],"yoast_head":"<!-- This site is optimized with the Yoast SEO plugin v22.5 - https:\/\/yoast.com\/wordpress\/plugins\/seo\/ -->\n<title>Autovision vous souhaite une Belle et Heureuse Ann\u00e9e\u00a0! - Saint Die Info<\/title>\n<meta name=\"robots\" content=\"index, follow, max-snippet:-1, max-image-preview:large, max-video-preview:-1\" \/>\n<link rel=\"canonical\" href=\"https:\/\/vosgesinfo.fr\/saintdieinfo\/2023\/01\/autovision-souhaite-belle-heureuse-annee\/\" \/>\n<meta name=\"twitter:card\" content=\"summary_large_image\" \/>\n<meta name=\"twitter:title\" content=\"Autovision vous souhaite une Belle et Heureuse Ann\u00e9e\u00a0! - Saint Die Info\" \/>\n<meta name=\"twitter:description\" content=\"Baptiste et Manu Machado, du Centre de contr\u00f4le technique \u00ab\u00a0Autovision La P\u00eacherie\u00a0\u00bb, vous pr\u00e9sentent leurs meilleurs v\u0153ux, \u00e0 l\u2019occasion de [&hellip;]\" \/>\n<meta name=\"twitter:image\" content=\"https:\/\/vosgesinfo.fr\/app\/uploads\/sites\/4\/2024\/08\/202212autovision-2023-photo-premium.jpg\" \/>\n<meta name=\"twitter:creator\" content=\"@VosgesInfo88\" \/>\n<meta name=\"twitter:site\" content=\"@VosgesInfo88\" \/>\n<meta name=\"twitter:label1\" content=\"\u00c9crit par\" \/>\n\t<meta name=\"twitter:data1\" content=\"la r\u00e9daction\" \/>\n\t<meta name=\"twitter:label2\" content=\"Dur\u00e9e de lecture estim\u00e9e\" \/>\n\t<meta name=\"twitter:data2\" content=\"3 minutes\" \/>\n<script type=\"application\/ld+json\" class=\"yoast-schema-graph\">{\"@context\":\"https:\/\/schema.org\",\"@graph\":[{\"@type\":\"Article\",\"@id\":\"https:\/\/vosgesinfo.fr\/saintdieinfo\/2023\/01\/autovision-souhaite-belle-heureuse-annee\/#article\",\"isPartOf\":{\"@id\":\"https:\/\/vosgesinfo.fr\/saintdieinfo\/2023\/01\/autovision-souhaite-belle-heureuse-annee\/\"},\"author\":{\"name\":\"la r\u00e9daction\",\"@id\":\"https:\/\/vosgesinfo.fr\/saintdieinfo\/#\/schema\/person\/faee6704a21f3977511db84bd1cd450f\"},\"headline\":\"Autovision vous souhaite une Belle et Heureuse Ann\u00e9e\u00a0!\",\"datePublished\":\"2023-01-04T05:00:00+00:00\",\"dateModified\":\"2023-01-04T05:00:00+00:00\",\"mainEntityOfPage\":{\"@id\":\"https:\/\/vosgesinfo.fr\/saintdieinfo\/2023\/01\/autovision-souhaite-belle-heureuse-annee\/\"},\"wordCount\":550,\"commentCount\":0,\"publisher\":{\"@id\":\"https:\/\/vosgesinfo.fr\/saintdieinfo\/#organization\"},\"image\":{\"@id\":\"https:\/\/vosgesinfo.fr\/saintdieinfo\/2023\/01\/autovision-souhaite-belle-heureuse-annee\/#primaryimage\"},\"thumbnailUrl\":\"https:\/\/vosgesinfo.fr\/app\/uploads\/sites\/4\/2024\/08\/202212autovision-2023-photo-premium.jpg\",\"keywords\":[\"Autovision\"],\"articleSection\":[\"A la Une\",\"Saint-Di\u00e9-des-Vosges et son Agglom\u00e9ration\"],\"inLanguage\":\"fr-FR\",\"potentialAction\":[{\"@type\":\"CommentAction\",\"name\":\"Comment\",\"target\":[\"https:\/\/vosgesinfo.fr\/saintdieinfo\/2023\/01\/autovision-souhaite-belle-heureuse-annee\/#respond\"]}]},{\"@type\":\"WebPage\",\"@id\":\"https:\/\/vosgesinfo.fr\/saintdieinfo\/2023\/01\/autovision-souhaite-belle-heureuse-annee\/\",\"url\":\"https:\/\/vosgesinfo.fr\/saintdieinfo\/2023\/01\/autovision-souhaite-belle-heureuse-annee\/\",\"name\":\"Autovision vous souhaite une Belle et Heureuse Ann\u00e9e\u00a0! - Saint Die Info\",\"isPartOf\":{\"@id\":\"https:\/\/vosgesinfo.fr\/saintdieinfo\/#website\"},\"primaryImageOfPage\":{\"@id\":\"https:\/\/vosgesinfo.fr\/saintdieinfo\/2023\/01\/autovision-souhaite-belle-heureuse-annee\/#primaryimage\"},\"image\":{\"@id\":\"https:\/\/vosgesinfo.fr\/saintdieinfo\/2023\/01\/autovision-souhaite-belle-heureuse-annee\/#primaryimage\"},\"thumbnailUrl\":\"https:\/\/vosgesinfo.fr\/app\/uploads\/sites\/4\/2024\/08\/202212autovision-2023-photo-premium.jpg\",\"datePublished\":\"2023-01-04T05:00:00+00:00\",\"dateModified\":\"2023-01-04T05:00:00+00:00\",\"breadcrumb\":{\"@id\":\"https:\/\/vosgesinfo.fr\/saintdieinfo\/2023\/01\/autovision-souhaite-belle-heureuse-annee\/#breadcrumb\"},\"inLanguage\":\"fr-FR\",\"potentialAction\":[{\"@type\":\"ReadAction\",\"target\":[\"https:\/\/vosgesinfo.fr\/saintdieinfo\/2023\/01\/autovision-souhaite-belle-heureuse-annee\/\"]}]},{\"@type\":\"ImageObject\",\"inLanguage\":\"fr-FR\",\"@id\":\"https:\/\/vosgesinfo.fr\/saintdieinfo\/2023\/01\/autovision-souhaite-belle-heureuse-annee\/#primaryimage\",\"url\":\"https:\/\/vosgesinfo.fr\/app\/uploads\/sites\/4\/2024\/08\/202212autovision-2023-photo-premium.jpg\",\"contentUrl\":\"https:\/\/vosgesinfo.fr\/app\/uploads\/sites\/4\/2024\/08\/202212autovision-2023-photo-premium.jpg\",\"width\":1600,\"height\":1275},{\"@type\":\"BreadcrumbList\",\"@id\":\"https:\/\/vosgesinfo.fr\/saintdieinfo\/2023\/01\/autovision-souhaite-belle-heureuse-annee\/#breadcrumb\",\"itemListElement\":[{\"@type\":\"ListItem\",\"position\":1,\"name\":\"Home\",\"item\":\"https:\/\/vosgesinfo.fr\/saintdieinfo\/\"},{\"@type\":\"ListItem\",\"position\":2,\"name\":\"Autovision vous souhaite une Belle et Heureuse Ann\u00e9e\u00a0!\"}]},{\"@type\":\"WebSite\",\"@id\":\"https:\/\/vosgesinfo.fr\/saintdieinfo\/#website\",\"url\":\"https:\/\/vosgesinfo.fr\/saintdieinfo\/\",\"name\":\"Saint Die Info\",\"description\":\"Toute l&#039;actualit\u00e9 de Saint-Di\u00e9-Des-Vosges\",\"publisher\":{\"@id\":\"https:\/\/vosgesinfo.fr\/saintdieinfo\/#organization\"},\"alternateName\":\"Toute l'actualit\u00e9 de Saint-Di\u00e9-Des-Vosges\",\"potentialAction\":[{\"@type\":\"SearchAction\",\"target\":{\"@type\":\"EntryPoint\",\"urlTemplate\":\"https:\/\/vosgesinfo.fr\/saintdieinfo\/?s={search_term_string}\"},\"query-input\":\"required name=search_term_string\"}],\"inLanguage\":\"fr-FR\"},{\"@type\":\"Organization\",\"@id\":\"https:\/\/vosgesinfo.fr\/saintdieinfo\/#organization\",\"name\":\"Saint Die Info\",\"url\":\"https:\/\/vosgesinfo.fr\/saintdieinfo\/\",\"logo\":{\"@type\":\"ImageObject\",\"inLanguage\":\"fr-FR\",\"@id\":\"https:\/\/vosgesinfo.fr\/saintdieinfo\/#\/schema\/logo\/image\/\",\"url\":\"https:\/\/vosgesinfo.fr\/app\/uploads\/sites\/4\/2024\/02\/logo-sdi.jpg\",\"contentUrl\":\"https:\/\/vosgesinfo.fr\/app\/uploads\/sites\/4\/2024\/02\/logo-sdi.jpg\",\"width\":600,\"height\":600,\"caption\":\"Saint Die Info\"},\"image\":{\"@id\":\"https:\/\/vosgesinfo.fr\/saintdieinfo\/#\/schema\/logo\/image\/\"},\"sameAs\":[\"https:\/\/www.facebook.com\/Saintdieinfofr\",\"https:\/\/x.com\/VosgesInfo88\",\"https:\/\/www.youtube.com\/@vosgesinfo\"]},{\"@type\":\"Person\",\"@id\":\"https:\/\/vosgesinfo.fr\/saintdieinfo\/#\/schema\/person\/faee6704a21f3977511db84bd1cd450f\",\"name\":\"la r\u00e9daction\",\"image\":{\"@type\":\"ImageObject\",\"inLanguage\":\"fr-FR\",\"@id\":\"https:\/\/vosgesinfo.fr\/saintdieinfo\/#\/schema\/person\/image\/\",\"url\":\"https:\/\/secure.gravatar.com\/avatar\/6673d8bc6a9c17fa9a453eaa3448de834fa308c2ec9635b7aa99441a7c8d2cf6?s=96&d=mm&r=g\",\"contentUrl\":\"https:\/\/secure.gravatar.com\/avatar\/6673d8bc6a9c17fa9a453eaa3448de834fa308c2ec9635b7aa99441a7c8d2cf6?s=96&d=mm&r=g\",\"caption\":\"la r\u00e9daction\"},\"url\":\"https:\/\/vosgesinfo.fr\/saintdieinfo\/author\/redac\/\"}]}<\/script>\n<!-- \/ Yoast SEO plugin. -->","yoast_head_json":{"title":"Autovision vous souhaite une Belle et Heureuse Ann\u00e9e\u00a0! - Saint Die Info","robots":{"index":"index","follow":"follow","max-snippet":"max-snippet:-1","max-image-preview":"max-image-preview:large","max-video-preview":"max-video-preview:-1"},"canonical":"https:\/\/vosgesinfo.fr\/saintdieinfo\/2023\/01\/autovision-souhaite-belle-heureuse-annee\/","twitter_card":"summary_large_image","twitter_title":"Autovision vous souhaite une Belle et Heureuse Ann\u00e9e\u00a0! - Saint Die Info","twitter_description":"Baptiste et Manu Machado, du Centre de contr\u00f4le technique \u00ab\u00a0Autovision La P\u00eacherie\u00a0\u00bb, vous pr\u00e9sentent leurs meilleurs v\u0153ux, \u00e0 l\u2019occasion de [&hellip;]","twitter_image":"https:\/\/vosgesinfo.fr\/app\/uploads\/sites\/4\/2024\/08\/202212autovision-2023-photo-premium.jpg","twitter_creator":"@VosgesInfo88","twitter_site":"@VosgesInfo88","twitter_misc":{"\u00c9crit par":"la r\u00e9daction","Dur\u00e9e de lecture estim\u00e9e":"3 minutes"},"schema":{"@context":"https:\/\/schema.org","@graph":[{"@type":"Article","@id":"https:\/\/vosgesinfo.fr\/saintdieinfo\/2023\/01\/autovision-souhaite-belle-heureuse-annee\/#article","isPartOf":{"@id":"https:\/\/vosgesinfo.fr\/saintdieinfo\/2023\/01\/autovision-souhaite-belle-heureuse-annee\/"},"author":{"name":"la r\u00e9daction","@id":"https:\/\/vosgesinfo.fr\/saintdieinfo\/#\/schema\/person\/faee6704a21f3977511db84bd1cd450f"},"headline":"Autovision vous souhaite une Belle et Heureuse Ann\u00e9e\u00a0!","datePublished":"2023-01-04T05:00:00+00:00","dateModified":"2023-01-04T05:00:00+00:00","mainEntityOfPage":{"@id":"https:\/\/vosgesinfo.fr\/saintdieinfo\/2023\/01\/autovision-souhaite-belle-heureuse-annee\/"},"wordCount":550,"commentCount":0,"publisher":{"@id":"https:\/\/vosgesinfo.fr\/saintdieinfo\/#organization"},"image":{"@id":"https:\/\/vosgesinfo.fr\/saintdieinfo\/2023\/01\/autovision-souhaite-belle-heureuse-annee\/#primaryimage"},"thumbnailUrl":"https:\/\/vosgesinfo.fr\/app\/uploads\/sites\/4\/2024\/08\/202212autovision-2023-photo-premium.jpg","keywords":["Autovision"],"articleSection":["A la Une","Saint-Di\u00e9-des-Vosges et son Agglom\u00e9ration"],"inLanguage":"fr-FR","potentialAction":[{"@type":"CommentAction","name":"Comment","target":["https:\/\/vosgesinfo.fr\/saintdieinfo\/2023\/01\/autovision-souhaite-belle-heureuse-annee\/#respond"]}]},{"@type":"WebPage","@id":"https:\/\/vosgesinfo.fr\/saintdieinfo\/2023\/01\/autovision-souhaite-belle-heureuse-annee\/","url":"https:\/\/vosgesinfo.fr\/saintdieinfo\/2023\/01\/autovision-souhaite-belle-heureuse-annee\/","name":"Autovision vous souhaite une Belle et Heureuse Ann\u00e9e\u00a0! - Saint Die Info","isPartOf":{"@id":"https:\/\/vosgesinfo.fr\/saintdieinfo\/#website"},"primaryImageOfPage":{"@id":"https:\/\/vosgesinfo.fr\/saintdieinfo\/2023\/01\/autovision-souhaite-belle-heureuse-annee\/#primaryimage"},"image":{"@id":"https:\/\/vosgesinfo.fr\/saintdieinfo\/2023\/01\/autovision-souhaite-belle-heureuse-annee\/#primaryimage"},"thumbnailUrl":"https:\/\/vosgesinfo.fr\/app\/uploads\/sites\/4\/2024\/08\/202212autovision-2023-photo-premium.jpg","datePublished":"2023-01-04T05:00:00+00:00","dateModified":"2023-01-04T05:00:00+00:00","breadcrumb":{"@id":"https:\/\/vosgesinfo.fr\/saintdieinfo\/2023\/01\/autovision-souhaite-belle-heureuse-annee\/#breadcrumb"},"inLanguage":"fr-FR","potentialAction":[{"@type":"ReadAction","target":["https:\/\/vosgesinfo.fr\/saintdieinfo\/2023\/01\/autovision-souhaite-belle-heureuse-annee\/"]}]},{"@type":"ImageObject","inLanguage":"fr-FR","@id":"https:\/\/vosgesinfo.fr\/saintdieinfo\/2023\/01\/autovision-souhaite-belle-heureuse-annee\/#primaryimage","url":"https:\/\/vosgesinfo.fr\/app\/uploads\/sites\/4\/2024\/08\/202212autovision-2023-photo-premium.jpg","contentUrl":"https:\/\/vosgesinfo.fr\/app\/uploads\/sites\/4\/2024\/08\/202212autovision-2023-photo-premium.jpg","width":1600,"height":1275},{"@type":"BreadcrumbList","@id":"https:\/\/vosgesinfo.fr\/saintdieinfo\/2023\/01\/autovision-souhaite-belle-heureuse-annee\/#breadcrumb","itemListElement":[{"@type":"ListItem","position":1,"name":"Home","item":"https:\/\/vosgesinfo.fr\/saintdieinfo\/"},{"@type":"ListItem","position":2,"name":"Autovision vous souhaite une Belle et Heureuse Ann\u00e9e\u00a0!"}]},{"@type":"WebSite","@id":"https:\/\/vosgesinfo.fr\/saintdieinfo\/#website","url":"https:\/\/vosgesinfo.fr\/saintdieinfo\/","name":"Saint Die Info","description":"Toute l&#039;actualit\u00e9 de Saint-Di\u00e9-Des-Vosges","publisher":{"@id":"https:\/\/vosgesinfo.fr\/saintdieinfo\/#organization"},"alternateName":"Toute l'actualit\u00e9 de Saint-Di\u00e9-Des-Vosges","potentialAction":[{"@type":"SearchAction","target":{"@type":"EntryPoint","urlTemplate":"https:\/\/vosgesinfo.fr\/saintdieinfo\/?s={search_term_string}"},"query-input":"required name=search_term_string"}],"inLanguage":"fr-FR"},{"@type":"Organization","@id":"https:\/\/vosgesinfo.fr\/saintdieinfo\/#organization","name":"Saint Die Info","url":"https:\/\/vosgesinfo.fr\/saintdieinfo\/","logo":{"@type":"ImageObject","inLanguage":"fr-FR","@id":"https:\/\/vosgesinfo.fr\/saintdieinfo\/#\/schema\/logo\/image\/","url":"https:\/\/vosgesinfo.fr\/app\/uploads\/sites\/4\/2024\/02\/logo-sdi.jpg","contentUrl":"https:\/\/vosgesinfo.fr\/app\/uploads\/sites\/4\/2024\/02\/logo-sdi.jpg","width":600,"height":600,"caption":"Saint Die Info"},"image":{"@id":"https:\/\/vosgesinfo.fr\/saintdieinfo\/#\/schema\/logo\/image\/"},"sameAs":["https:\/\/www.facebook.com\/Saintdieinfofr","https:\/\/x.com\/VosgesInfo88","https:\/\/www.youtube.com\/@vosgesinfo"]},{"@type":"Person","@id":"https:\/\/vosgesinfo.fr\/saintdieinfo\/#\/schema\/person\/faee6704a21f3977511db84bd1cd450f","name":"la r\u00e9daction","image":{"@type":"ImageObject","inLanguage":"fr-FR","@id":"https:\/\/vosgesinfo.fr\/saintdieinfo\/#\/schema\/person\/image\/","url":"https:\/\/secure.gravatar.com\/avatar\/6673d8bc6a9c17fa9a453eaa3448de834fa308c2ec9635b7aa99441a7c8d2cf6?s=96&d=mm&r=g","contentUrl":"https:\/\/secure.gravatar.com\/avatar\/6673d8bc6a9c17fa9a453eaa3448de834fa308c2ec9635b7aa99441a7c8d2cf6?s=96&d=mm&r=g","caption":"la r\u00e9daction"},"url":"https:\/\/vosgesinfo.fr\/saintdieinfo\/author\/redac\/"}]}},"_links":{"self":[{"href":"https:\/\/vosgesinfo.fr\/saintdieinfo\/wp-json\/wp\/v2\/posts\/61177","targetHints":{"allow":["GET"]}}],"collection":[{"href":"https:\/\/vosgesinfo.fr\/saintdieinfo\/wp-json\/wp\/v2\/posts"}],"about":[{"href":"https:\/\/vosgesinfo.fr\/saintdieinfo\/wp-json\/wp\/v2\/types\/post"}],"author":[{"embeddable":true,"href":"https:\/\/vosgesinfo.fr\/saintdieinfo\/wp-json\/wp\/v2\/users\/44"}],"replies":[{"embeddable":true,"href":"https:\/\/vosgesinfo.fr\/saintdieinfo\/wp-json\/wp\/v2\/comments?post=61177"}],"version-history":[{"count":0,"href":"https:\/\/vosgesinfo.fr\/saintdieinfo\/wp-json\/wp\/v2\/posts\/61177\/revisions"}],"wp:featuredmedia":[{"embeddable":true,"href":"https:\/\/vosgesinfo.fr\/saintdieinfo\/wp-json\/wp\/v2\/media\/61178"}],"wp:attachment":[{"href":"https:\/\/vosgesinfo.fr\/saintdieinfo\/wp-json\/wp\/v2\/media?parent=61177"}],"wp:term":[{"taxonomy":"category","embeddable":true,"href":"https:\/\/vosgesinfo.fr\/saintdieinfo\/wp-json\/wp\/v2\/categories?post=61177"},{"taxonomy":"post_tag","embeddable":true,"href":"https:\/\/vosgesinfo.fr\/saintdieinfo\/wp-json\/wp\/v2\/tags?post=61177"}],"curies":[{"name":"wp","href":"https:\/\/api.w.org\/{rel}","templated":true}]}}