{"id":61192,"date":"2023-01-02T05:00:54","date_gmt":"2023-01-02T04:00:54","guid":{"rendered":"https:\/\/vosgesinfo.fr\/saintdieinfo\/2023\/01\/soldes-chez-svd-procie-cest-parti-2\/"},"modified":"2023-01-02T05:00:54","modified_gmt":"2023-01-02T04:00:54","slug":"soldes-chez-svd-procie-cest-parti-2","status":"publish","type":"post","link":"https:\/\/vosgesinfo.fr\/saintdieinfo\/2023\/01\/soldes-chez-svd-procie-cest-parti-2\/","title":{"rendered":"Les soldes chez SVD Pro&#038;Cie, c\u2019est parti !"},"content":{"rendered":"<p class=\"western\" lang=\"zxx\"><span style=\"font-family: Calibri, sans-serif;\"><span style=\"font-size: x-large;\"><span lang=\"fr-FR\"><a href=\"\/2022\/12\/svd-photo-premium-soldes-2023-2.jpg\"><img decoding=\"async\" class=\"aligncenter size-large wp-image-194911\" src=\"\/2022\/12\/svd-photo-premium-soldes-2023-2-1024x938.jpg\" alt=\"svd photo premium soldes 2023 (2)\" width=\"960\" height=\"879\" \/><\/a><\/span><\/span><\/span><\/p>\n\n<p class=\"western\" lang=\"zxx\" align=\"justify\"><strong><span style=\"font-family: Calibri, sans-serif;\"><span style=\"font-size: large;\"><span lang=\"fr-FR\">A compter de ce mardi 3 jusqu\u2019au samedi 28 Janvier 2023, vous allez profiter des soldes dans votre<\/span><\/span><\/span> <span style=\"font-family: Calibri, sans-serif;\"><span style=\"font-size: large;\">magasin SVD PRO&amp;Cie<\/span><\/span><span style=\"font-family: Calibri, sans-serif;\"><span style=\"font-size: large;\"><span lang=\"fr-FR\"> de Saint-Di\u00e9-des-Vosges.<\/span><\/span><\/span><\/strong><\/p>\n<p class=\"western\" lang=\"zxx\" align=\"justify\"><span style=\"font-family: Calibri, sans-serif;\"><span style=\"font-size: large;\"><span lang=\"fr-FR\">S<\/span><\/span><\/span><span style=\"font-family: Calibri, sans-serif;\"><span style=\"font-size: large;\">p\u00e9cialis\u00e9 dans la Hi-Fi, TV vid\u00e9o et \u00e9l\u00e9ctrom\u00e9nager de grandes marques<\/span><\/span><span style=\"font-family: Calibri, sans-serif;\"><span style=\"font-size: large;\"><span lang=\"fr-FR\">, SVD Pro et Cie vous propose des supers produits, des supers prix et des supers conseils\u00a0!<\/span><\/span><\/span><strong><span style=\"font-family: Calibri, sans-serif;\"><span style=\"font-size: large;\"><span lang=\"fr-FR\"> Car chez SVD Pro et Cie, un bon prix est indissociable d\u2019un bon conseil, et ce toute l\u2019ann\u00e9e\u00a0!<\/span><\/span><\/span><\/strong><\/p>\n<p class=\"western\" lang=\"zxx\" align=\"justify\"><strong><span style=\"font-family: Calibri, sans-serif;\"><span style=\"font-size: large;\"><a href=\"\/2022\/12\/svd-photo-int\u00e9rieur.jpg\"><img decoding=\"async\" class=\"alignright wp-image-194910 size-medium\" src=\"\/2022\/12\/svd-photo-int\u00e9rieur-398x255.jpg\" alt=\"svd photo int\u00e9rieur\" width=\"398\" height=\"255\" \/><\/a>Eric Antoine, le directeur du magasin<\/span><\/span> <span style=\"font-family: Calibri, sans-serif;\"><span style=\"font-size: large;\">et son \u00e9quipe, <\/span><\/span><span style=\"font-family: Calibri, sans-serif;\"><span style=\"font-size: large;\"><span lang=\"fr-FR\">sont \u00e0 l\u2019\u00e9coute des envies pour toute la famille<\/span><\/span><\/span><\/strong><span style=\"font-family: Calibri, sans-serif;\"><span style=\"font-size: large;\"><span lang=\"fr-FR\"><strong>,<\/strong> et vous repartirez toujours avec un produit qui r\u00e9pond vraiment \u00e0 vos attentes, tout en profitant en ce moment de remises allant de -20 \u00e0 -50%\u00a0 sur des produits de grandes marques !<\/span><\/span><\/span><\/p>\n<p class=\"western\" lang=\"zxx\" align=\"justify\"><strong><span style=\"font-family: Calibri, sans-serif;\"><span style=\"font-size: large;\"><span lang=\"fr-FR\">Vous n\u2019aurez que l\u2019embarras du choix\u00a0<\/span><\/span><\/span><\/strong><span style=\"font-family: Calibri, sans-serif;\"><span style=\"font-size: large;\"><span lang=\"fr-FR\"><strong>:<\/strong> des t\u00e9l\u00e9viseurs 4K, ultra haute d\u00e9finition, aux nettoyeurs vapeur et autres aspirateurs sans fil hyper-performants, en passant par les r\u00e9frig\u00e9rateurs combin\u00e9s \u00ab\u00a0froid ventil\u00e9, ou pourquoi pas aux robots m\u00e9nager, bien utiles, qui vont trouver une place dans votre cuisine\u00a0!<\/span><\/span><\/span><\/p>\n<p class=\"western\" lang=\"zxx\" align=\"justify\"><span style=\"font-family: Calibri, sans-serif;\"><span style=\"font-size: large;\"><span lang=\"fr-FR\"><b><a href=\"\/2022\/12\/svd-photo-int-2.jpg\"><img decoding=\"async\" class=\"alignright size-medium wp-image-194908\" src=\"\/2022\/12\/svd-photo-int-2-384x255.jpg\" alt=\"svd photo int 2\" width=\"384\" height=\"255\" \/><\/a>V<\/b><\/span><\/span><\/span><span style=\"font-family: Calibri, sans-serif;\"><span style=\"font-size: large;\"><span lang=\"fr-FR\">ous l\u2019avez compris, c\u2019est le moment pour profiter des grandes marques \u00e0 petits prix\u00a0! <\/span><\/span><\/span><\/p>\n<p class=\"western\" lang=\"zxx\"><strong><span style=\"font-family: Calibri, sans-serif;\"><span style=\"font-size: large;\">S.V.D. PRO&amp;Cie<\/span><\/span><\/strong><\/p>\n<p class=\"western\" lang=\"zxx\"><strong><span style=\"font-family: Calibri, sans-serif;\"><span style=\"font-size: large;\">17, rue Antoine de Saint-Exupery <\/span><\/span><span style=\"font-family: Calibri, sans-serif;\"><span style=\"font-size: large;\"><span lang=\"fr-FR\">&#8211; <\/span><\/span><\/span><span style=\"font-family: Calibri, sans-serif;\"><span style=\"font-size: large;\">88100 Saint-Di\u00e9-des-Vosges.<\/span><\/span><\/strong><\/p>\n<p class=\"western\" lang=\"zxx\"><strong><span style=\"font-family: Calibri, sans-serif;\"><span style=\"font-size: large;\">Horaires d\u2019ouverture : du mardi au <\/span><\/span><span style=\"font-family: Calibri, sans-serif;\"><span style=\"font-size: large;\"><span lang=\"fr-FR\">vendredi<\/span><\/span><\/span><span style=\"font-family: Calibri, sans-serif;\"><span style=\"font-size: large;\">, de 9h \u00e0 12h et de 14h \u00e0 19h<\/span><\/span><span style=\"font-family: Calibri, sans-serif;\"><span style=\"font-size: large;\"><span lang=\"fr-FR\"> et le samedi jusqu\u2019\u00e0 18H<\/span><\/span><\/span><span style=\"font-family: Calibri, sans-serif;\"><span style=\"font-size: large;\">.<\/span><\/span><\/strong><\/p>\n<p class=\"western\" lang=\"zxx\"><strong><span style=\"font-family: Calibri, sans-serif;\"><span style=\"font-size: large;\">T\u00e9l\u00e9phone :<\/span><\/span> <span style=\"font-family: Calibri, sans-serif;\"><span style=\"font-size: large;\">03-29-27-29-70<\/span><\/span><span style=\"font-family: Calibri, sans-serif;\"><span style=\"font-size: large;\"><span lang=\"fr-FR\"> &#8211; <\/span><\/span><\/span><\/strong><span style=\"font-family: Calibri, sans-serif;\"><span style=\"font-size: large;\">site : <\/span><\/span><span style=\"color: #000080;\"><span lang=\"zxx\"><u><a class=\"western\" href=\"http:\/\/www.procie-st-die-des-vosges.com\/\"><span style=\"font-family: Calibri, sans-serif;\"><span style=\"font-size: large;\"><b>www.procie-st-die-des-vosges.com<\/b><\/span><\/span><\/a><\/u><\/span><\/span><\/p>\n<p class=\"western\" lang=\"zxx\"><a href=\"\/2022\/12\/svd-ext.jpg\"><img decoding=\"async\" class=\"aligncenter size-full wp-image-194907\" src=\"\/2022\/12\/svd-ext.jpg\" alt=\"svd ext\" width=\"668\" height=\"352\" \/><\/a><\/p>\n<p class=\"western\" lang=\"zxx\"><span style=\"font-family: Calibri, sans-serif;\"><span style=\"font-size: large;\">R\u00e9daction<\/span><\/span><span style=\"font-family: Calibri, sans-serif;\"><span style=\"font-size: large;\"><span lang=\"fr-FR\"> et photos <\/span><\/span><\/span><span style=\"font-family: Calibri, sans-serif;\"><span style=\"font-size: large;\">: Patricia Ferry-Demange<\/span><\/span><\/p>\n","protected":false},"excerpt":{"rendered":"<p>A compter de ce mardi 3 jusqu\u2019au samedi 28 Janvier 2023, vous allez profiter des soldes dans votre magasin SVD [&hellip;]<\/p>\n","protected":false},"author":44,"featured_media":61193,"comment_status":"open","ping_status":"open","sticky":false,"template":"","format":"standard","meta":{"footnotes":""},"categories":[460,2915],"tags":[7880],"class_list":["post-61192","post","type-post","status-publish","format-standard","has-post-thumbnail","hentry","category-a-la-une","category-saint-die-son-canton","tag-pro-et-cie"],"acf":[],"yoast_head":"<!-- This site is optimized with the Yoast SEO plugin v22.5 - https:\/\/yoast.com\/wordpress\/plugins\/seo\/ -->\n<title>Les soldes chez SVD Pro&amp;Cie, c\u2019est parti ! - Saint Die Info<\/title>\n<meta name=\"robots\" content=\"index, follow, max-snippet:-1, max-image-preview:large, max-video-preview:-1\" \/>\n<link rel=\"canonical\" href=\"https:\/\/vosgesinfo.fr\/saintdieinfo\/2023\/01\/soldes-chez-svd-procie-cest-parti-2\/\" \/>\n<meta name=\"twitter:card\" content=\"summary_large_image\" \/>\n<meta name=\"twitter:title\" content=\"Les soldes chez SVD Pro&amp;Cie, c\u2019est parti ! - Saint Die Info\" \/>\n<meta name=\"twitter:description\" content=\"A compter de ce mardi 3 jusqu\u2019au samedi 28 Janvier 2023, vous allez profiter des soldes dans votre magasin SVD [&hellip;]\" \/>\n<meta name=\"twitter:image\" content=\"https:\/\/vosgesinfo.fr\/app\/uploads\/sites\/4\/2024\/08\/202212svd-photo-premium-soldes-2023-2.jpg\" \/>\n<meta name=\"twitter:creator\" content=\"@VosgesInfo88\" \/>\n<meta name=\"twitter:site\" content=\"@VosgesInfo88\" \/>\n<meta name=\"twitter:label1\" content=\"\u00c9crit par\" \/>\n\t<meta name=\"twitter:data1\" content=\"la r\u00e9daction\" \/>\n\t<meta name=\"twitter:label2\" content=\"Dur\u00e9e de lecture estim\u00e9e\" \/>\n\t<meta name=\"twitter:data2\" content=\"1 minute\" \/>\n<script type=\"application\/ld+json\" class=\"yoast-schema-graph\">{\"@context\":\"https:\/\/schema.org\",\"@graph\":[{\"@type\":\"Article\",\"@id\":\"https:\/\/vosgesinfo.fr\/saintdieinfo\/2023\/01\/soldes-chez-svd-procie-cest-parti-2\/#article\",\"isPartOf\":{\"@id\":\"https:\/\/vosgesinfo.fr\/saintdieinfo\/2023\/01\/soldes-chez-svd-procie-cest-parti-2\/\"},\"author\":{\"name\":\"la r\u00e9daction\",\"@id\":\"https:\/\/vosgesinfo.fr\/saintdieinfo\/#\/schema\/person\/faee6704a21f3977511db84bd1cd450f\"},\"headline\":\"Les soldes chez SVD Pro&#038;Cie, c\u2019est parti !\",\"datePublished\":\"2023-01-02T04:00:54+00:00\",\"dateModified\":\"2023-01-02T04:00:54+00:00\",\"mainEntityOfPage\":{\"@id\":\"https:\/\/vosgesinfo.fr\/saintdieinfo\/2023\/01\/soldes-chez-svd-procie-cest-parti-2\/\"},\"wordCount\":264,\"commentCount\":0,\"publisher\":{\"@id\":\"https:\/\/vosgesinfo.fr\/saintdieinfo\/#organization\"},\"image\":{\"@id\":\"https:\/\/vosgesinfo.fr\/saintdieinfo\/2023\/01\/soldes-chez-svd-procie-cest-parti-2\/#primaryimage\"},\"thumbnailUrl\":\"https:\/\/vosgesinfo.fr\/app\/uploads\/sites\/4\/2024\/08\/202212svd-photo-premium-soldes-2023-2.jpg\",\"keywords\":[\"Pro et Cie\"],\"articleSection\":[\"A la Une\",\"Saint-Di\u00e9-des-Vosges et son Agglom\u00e9ration\"],\"inLanguage\":\"fr-FR\",\"potentialAction\":[{\"@type\":\"CommentAction\",\"name\":\"Comment\",\"target\":[\"https:\/\/vosgesinfo.fr\/saintdieinfo\/2023\/01\/soldes-chez-svd-procie-cest-parti-2\/#respond\"]}]},{\"@type\":\"WebPage\",\"@id\":\"https:\/\/vosgesinfo.fr\/saintdieinfo\/2023\/01\/soldes-chez-svd-procie-cest-parti-2\/\",\"url\":\"https:\/\/vosgesinfo.fr\/saintdieinfo\/2023\/01\/soldes-chez-svd-procie-cest-parti-2\/\",\"name\":\"Les soldes chez SVD Pro&Cie, c\u2019est parti ! - Saint Die Info\",\"isPartOf\":{\"@id\":\"https:\/\/vosgesinfo.fr\/saintdieinfo\/#website\"},\"primaryImageOfPage\":{\"@id\":\"https:\/\/vosgesinfo.fr\/saintdieinfo\/2023\/01\/soldes-chez-svd-procie-cest-parti-2\/#primaryimage\"},\"image\":{\"@id\":\"https:\/\/vosgesinfo.fr\/saintdieinfo\/2023\/01\/soldes-chez-svd-procie-cest-parti-2\/#primaryimage\"},\"thumbnailUrl\":\"https:\/\/vosgesinfo.fr\/app\/uploads\/sites\/4\/2024\/08\/202212svd-photo-premium-soldes-2023-2.jpg\",\"datePublished\":\"2023-01-02T04:00:54+00:00\",\"dateModified\":\"2023-01-02T04:00:54+00:00\",\"breadcrumb\":{\"@id\":\"https:\/\/vosgesinfo.fr\/saintdieinfo\/2023\/01\/soldes-chez-svd-procie-cest-parti-2\/#breadcrumb\"},\"inLanguage\":\"fr-FR\",\"potentialAction\":[{\"@type\":\"ReadAction\",\"target\":[\"https:\/\/vosgesinfo.fr\/saintdieinfo\/2023\/01\/soldes-chez-svd-procie-cest-parti-2\/\"]}]},{\"@type\":\"ImageObject\",\"inLanguage\":\"fr-FR\",\"@id\":\"https:\/\/vosgesinfo.fr\/saintdieinfo\/2023\/01\/soldes-chez-svd-procie-cest-parti-2\/#primaryimage\",\"url\":\"https:\/\/vosgesinfo.fr\/app\/uploads\/sites\/4\/2024\/08\/202212svd-photo-premium-soldes-2023-2.jpg\",\"contentUrl\":\"https:\/\/vosgesinfo.fr\/app\/uploads\/sites\/4\/2024\/08\/202212svd-photo-premium-soldes-2023-2.jpg\",\"width\":1600,\"height\":1466},{\"@type\":\"BreadcrumbList\",\"@id\":\"https:\/\/vosgesinfo.fr\/saintdieinfo\/2023\/01\/soldes-chez-svd-procie-cest-parti-2\/#breadcrumb\",\"itemListElement\":[{\"@type\":\"ListItem\",\"position\":1,\"name\":\"Home\",\"item\":\"https:\/\/vosgesinfo.fr\/saintdieinfo\/\"},{\"@type\":\"ListItem\",\"position\":2,\"name\":\"Les soldes chez SVD Pro&#038;Cie, c\u2019est parti !\"}]},{\"@type\":\"WebSite\",\"@id\":\"https:\/\/vosgesinfo.fr\/saintdieinfo\/#website\",\"url\":\"https:\/\/vosgesinfo.fr\/saintdieinfo\/\",\"name\":\"Saint Die Info\",\"description\":\"Toute l&#039;actualit\u00e9 de Saint-Di\u00e9-Des-Vosges\",\"publisher\":{\"@id\":\"https:\/\/vosgesinfo.fr\/saintdieinfo\/#organization\"},\"alternateName\":\"Toute l'actualit\u00e9 de Saint-Di\u00e9-Des-Vosges\",\"potentialAction\":[{\"@type\":\"SearchAction\",\"target\":{\"@type\":\"EntryPoint\",\"urlTemplate\":\"https:\/\/vosgesinfo.fr\/saintdieinfo\/?s={search_term_string}\"},\"query-input\":\"required name=search_term_string\"}],\"inLanguage\":\"fr-FR\"},{\"@type\":\"Organization\",\"@id\":\"https:\/\/vosgesinfo.fr\/saintdieinfo\/#organization\",\"name\":\"Saint Die Info\",\"url\":\"https:\/\/vosgesinfo.fr\/saintdieinfo\/\",\"logo\":{\"@type\":\"ImageObject\",\"inLanguage\":\"fr-FR\",\"@id\":\"https:\/\/vosgesinfo.fr\/saintdieinfo\/#\/schema\/logo\/image\/\",\"url\":\"https:\/\/vosgesinfo.fr\/app\/uploads\/sites\/4\/2024\/02\/logo-sdi.jpg\",\"contentUrl\":\"https:\/\/vosgesinfo.fr\/app\/uploads\/sites\/4\/2024\/02\/logo-sdi.jpg\",\"width\":600,\"height\":600,\"caption\":\"Saint Die Info\"},\"image\":{\"@id\":\"https:\/\/vosgesinfo.fr\/saintdieinfo\/#\/schema\/logo\/image\/\"},\"sameAs\":[\"https:\/\/www.facebook.com\/Saintdieinfofr\",\"https:\/\/x.com\/VosgesInfo88\",\"https:\/\/www.youtube.com\/@vosgesinfo\"]},{\"@type\":\"Person\",\"@id\":\"https:\/\/vosgesinfo.fr\/saintdieinfo\/#\/schema\/person\/faee6704a21f3977511db84bd1cd450f\",\"name\":\"la r\u00e9daction\",\"image\":{\"@type\":\"ImageObject\",\"inLanguage\":\"fr-FR\",\"@id\":\"https:\/\/vosgesinfo.fr\/saintdieinfo\/#\/schema\/person\/image\/\",\"url\":\"https:\/\/secure.gravatar.com\/avatar\/6673d8bc6a9c17fa9a453eaa3448de834fa308c2ec9635b7aa99441a7c8d2cf6?s=96&d=mm&r=g\",\"contentUrl\":\"https:\/\/secure.gravatar.com\/avatar\/6673d8bc6a9c17fa9a453eaa3448de834fa308c2ec9635b7aa99441a7c8d2cf6?s=96&d=mm&r=g\",\"caption\":\"la r\u00e9daction\"},\"url\":\"https:\/\/vosgesinfo.fr\/saintdieinfo\/author\/redac\/\"}]}<\/script>\n<!-- \/ Yoast SEO plugin. -->","yoast_head_json":{"title":"Les soldes chez SVD Pro&Cie, c\u2019est parti ! - Saint Die Info","robots":{"index":"index","follow":"follow","max-snippet":"max-snippet:-1","max-image-preview":"max-image-preview:large","max-video-preview":"max-video-preview:-1"},"canonical":"https:\/\/vosgesinfo.fr\/saintdieinfo\/2023\/01\/soldes-chez-svd-procie-cest-parti-2\/","twitter_card":"summary_large_image","twitter_title":"Les soldes chez SVD Pro&Cie, c\u2019est parti ! - Saint Die Info","twitter_description":"A compter de ce mardi 3 jusqu\u2019au samedi 28 Janvier 2023, vous allez profiter des soldes dans votre magasin SVD [&hellip;]","twitter_image":"https:\/\/vosgesinfo.fr\/app\/uploads\/sites\/4\/2024\/08\/202212svd-photo-premium-soldes-2023-2.jpg","twitter_creator":"@VosgesInfo88","twitter_site":"@VosgesInfo88","twitter_misc":{"\u00c9crit par":"la r\u00e9daction","Dur\u00e9e de lecture estim\u00e9e":"1 minute"},"schema":{"@context":"https:\/\/schema.org","@graph":[{"@type":"Article","@id":"https:\/\/vosgesinfo.fr\/saintdieinfo\/2023\/01\/soldes-chez-svd-procie-cest-parti-2\/#article","isPartOf":{"@id":"https:\/\/vosgesinfo.fr\/saintdieinfo\/2023\/01\/soldes-chez-svd-procie-cest-parti-2\/"},"author":{"name":"la r\u00e9daction","@id":"https:\/\/vosgesinfo.fr\/saintdieinfo\/#\/schema\/person\/faee6704a21f3977511db84bd1cd450f"},"headline":"Les soldes chez SVD Pro&#038;Cie, c\u2019est parti !","datePublished":"2023-01-02T04:00:54+00:00","dateModified":"2023-01-02T04:00:54+00:00","mainEntityOfPage":{"@id":"https:\/\/vosgesinfo.fr\/saintdieinfo\/2023\/01\/soldes-chez-svd-procie-cest-parti-2\/"},"wordCount":264,"commentCount":0,"publisher":{"@id":"https:\/\/vosgesinfo.fr\/saintdieinfo\/#organization"},"image":{"@id":"https:\/\/vosgesinfo.fr\/saintdieinfo\/2023\/01\/soldes-chez-svd-procie-cest-parti-2\/#primaryimage"},"thumbnailUrl":"https:\/\/vosgesinfo.fr\/app\/uploads\/sites\/4\/2024\/08\/202212svd-photo-premium-soldes-2023-2.jpg","keywords":["Pro et Cie"],"articleSection":["A la Une","Saint-Di\u00e9-des-Vosges et son Agglom\u00e9ration"],"inLanguage":"fr-FR","potentialAction":[{"@type":"CommentAction","name":"Comment","target":["https:\/\/vosgesinfo.fr\/saintdieinfo\/2023\/01\/soldes-chez-svd-procie-cest-parti-2\/#respond"]}]},{"@type":"WebPage","@id":"https:\/\/vosgesinfo.fr\/saintdieinfo\/2023\/01\/soldes-chez-svd-procie-cest-parti-2\/","url":"https:\/\/vosgesinfo.fr\/saintdieinfo\/2023\/01\/soldes-chez-svd-procie-cest-parti-2\/","name":"Les soldes chez SVD Pro&Cie, c\u2019est parti ! - Saint Die Info","isPartOf":{"@id":"https:\/\/vosgesinfo.fr\/saintdieinfo\/#website"},"primaryImageOfPage":{"@id":"https:\/\/vosgesinfo.fr\/saintdieinfo\/2023\/01\/soldes-chez-svd-procie-cest-parti-2\/#primaryimage"},"image":{"@id":"https:\/\/vosgesinfo.fr\/saintdieinfo\/2023\/01\/soldes-chez-svd-procie-cest-parti-2\/#primaryimage"},"thumbnailUrl":"https:\/\/vosgesinfo.fr\/app\/uploads\/sites\/4\/2024\/08\/202212svd-photo-premium-soldes-2023-2.jpg","datePublished":"2023-01-02T04:00:54+00:00","dateModified":"2023-01-02T04:00:54+00:00","breadcrumb":{"@id":"https:\/\/vosgesinfo.fr\/saintdieinfo\/2023\/01\/soldes-chez-svd-procie-cest-parti-2\/#breadcrumb"},"inLanguage":"fr-FR","potentialAction":[{"@type":"ReadAction","target":["https:\/\/vosgesinfo.fr\/saintdieinfo\/2023\/01\/soldes-chez-svd-procie-cest-parti-2\/"]}]},{"@type":"ImageObject","inLanguage":"fr-FR","@id":"https:\/\/vosgesinfo.fr\/saintdieinfo\/2023\/01\/soldes-chez-svd-procie-cest-parti-2\/#primaryimage","url":"https:\/\/vosgesinfo.fr\/app\/uploads\/sites\/4\/2024\/08\/202212svd-photo-premium-soldes-2023-2.jpg","contentUrl":"https:\/\/vosgesinfo.fr\/app\/uploads\/sites\/4\/2024\/08\/202212svd-photo-premium-soldes-2023-2.jpg","width":1600,"height":1466},{"@type":"BreadcrumbList","@id":"https:\/\/vosgesinfo.fr\/saintdieinfo\/2023\/01\/soldes-chez-svd-procie-cest-parti-2\/#breadcrumb","itemListElement":[{"@type":"ListItem","position":1,"name":"Home","item":"https:\/\/vosgesinfo.fr\/saintdieinfo\/"},{"@type":"ListItem","position":2,"name":"Les soldes chez SVD Pro&#038;Cie, c\u2019est parti !"}]},{"@type":"WebSite","@id":"https:\/\/vosgesinfo.fr\/saintdieinfo\/#website","url":"https:\/\/vosgesinfo.fr\/saintdieinfo\/","name":"Saint Die Info","description":"Toute l&#039;actualit\u00e9 de Saint-Di\u00e9-Des-Vosges","publisher":{"@id":"https:\/\/vosgesinfo.fr\/saintdieinfo\/#organization"},"alternateName":"Toute l'actualit\u00e9 de Saint-Di\u00e9-Des-Vosges","potentialAction":[{"@type":"SearchAction","target":{"@type":"EntryPoint","urlTemplate":"https:\/\/vosgesinfo.fr\/saintdieinfo\/?s={search_term_string}"},"query-input":"required name=search_term_string"}],"inLanguage":"fr-FR"},{"@type":"Organization","@id":"https:\/\/vosgesinfo.fr\/saintdieinfo\/#organization","name":"Saint Die Info","url":"https:\/\/vosgesinfo.fr\/saintdieinfo\/","logo":{"@type":"ImageObject","inLanguage":"fr-FR","@id":"https:\/\/vosgesinfo.fr\/saintdieinfo\/#\/schema\/logo\/image\/","url":"https:\/\/vosgesinfo.fr\/app\/uploads\/sites\/4\/2024\/02\/logo-sdi.jpg","contentUrl":"https:\/\/vosgesinfo.fr\/app\/uploads\/sites\/4\/2024\/02\/logo-sdi.jpg","width":600,"height":600,"caption":"Saint Die Info"},"image":{"@id":"https:\/\/vosgesinfo.fr\/saintdieinfo\/#\/schema\/logo\/image\/"},"sameAs":["https:\/\/www.facebook.com\/Saintdieinfofr","https:\/\/x.com\/VosgesInfo88","https:\/\/www.youtube.com\/@vosgesinfo"]},{"@type":"Person","@id":"https:\/\/vosgesinfo.fr\/saintdieinfo\/#\/schema\/person\/faee6704a21f3977511db84bd1cd450f","name":"la r\u00e9daction","image":{"@type":"ImageObject","inLanguage":"fr-FR","@id":"https:\/\/vosgesinfo.fr\/saintdieinfo\/#\/schema\/person\/image\/","url":"https:\/\/secure.gravatar.com\/avatar\/6673d8bc6a9c17fa9a453eaa3448de834fa308c2ec9635b7aa99441a7c8d2cf6?s=96&d=mm&r=g","contentUrl":"https:\/\/secure.gravatar.com\/avatar\/6673d8bc6a9c17fa9a453eaa3448de834fa308c2ec9635b7aa99441a7c8d2cf6?s=96&d=mm&r=g","caption":"la r\u00e9daction"},"url":"https:\/\/vosgesinfo.fr\/saintdieinfo\/author\/redac\/"}]}},"_links":{"self":[{"href":"https:\/\/vosgesinfo.fr\/saintdieinfo\/wp-json\/wp\/v2\/posts\/61192","targetHints":{"allow":["GET"]}}],"collection":[{"href":"https:\/\/vosgesinfo.fr\/saintdieinfo\/wp-json\/wp\/v2\/posts"}],"about":[{"href":"https:\/\/vosgesinfo.fr\/saintdieinfo\/wp-json\/wp\/v2\/types\/post"}],"author":[{"embeddable":true,"href":"https:\/\/vosgesinfo.fr\/saintdieinfo\/wp-json\/wp\/v2\/users\/44"}],"replies":[{"embeddable":true,"href":"https:\/\/vosgesinfo.fr\/saintdieinfo\/wp-json\/wp\/v2\/comments?post=61192"}],"version-history":[{"count":0,"href":"https:\/\/vosgesinfo.fr\/saintdieinfo\/wp-json\/wp\/v2\/posts\/61192\/revisions"}],"wp:featuredmedia":[{"embeddable":true,"href":"https:\/\/vosgesinfo.fr\/saintdieinfo\/wp-json\/wp\/v2\/media\/61193"}],"wp:attachment":[{"href":"https:\/\/vosgesinfo.fr\/saintdieinfo\/wp-json\/wp\/v2\/media?parent=61192"}],"wp:term":[{"taxonomy":"category","embeddable":true,"href":"https:\/\/vosgesinfo.fr\/saintdieinfo\/wp-json\/wp\/v2\/categories?post=61192"},{"taxonomy":"post_tag","embeddable":true,"href":"https:\/\/vosgesinfo.fr\/saintdieinfo\/wp-json\/wp\/v2\/tags?post=61192"}],"curies":[{"name":"wp","href":"https:\/\/api.w.org\/{rel}","templated":true}]}}