{"id":61213,"date":"2023-01-02T10:52:18","date_gmt":"2023-01-02T09:52:18","guid":{"rendered":"https:\/\/vosgesinfo.fr\/saintdieinfo\/2023\/01\/voivre-incivilites-a-letang-de-peche-dieudonne-sutty\/"},"modified":"2023-01-02T10:52:18","modified_gmt":"2023-01-02T09:52:18","slug":"voivre-incivilites-a-letang-de-peche-dieudonne-sutty","status":"publish","type":"post","link":"https:\/\/vosgesinfo.fr\/saintdieinfo\/2023\/01\/voivre-incivilites-a-letang-de-peche-dieudonne-sutty\/","title":{"rendered":"La Voivre \u2013 Des incivilit\u00e9s \u00e0 l&rsquo;\u00e9tang de p\u00eache Dieudonn\u00e9-Sutty"},"content":{"rendered":"<p><a href=\"\/2023\/01\/La_Voivre-Incivilit\u00e9s_Etang_Dieudonn\u00e9_Sutty-1.jpg\" target=\"_blank\" rel=\"noopener\"><img decoding=\"async\" class=\"aligncenter wp-image-194956 size-large\" src=\"\/2023\/01\/La_Voivre-Incivilit\u00e9s_Etang_Dieudonn\u00e9_Sutty-1-768x1024.jpg\" alt=\"La_Voivre-Incivilit\u00e9s_Etang_Dieudonn\u00e9_Sutty (1)\" width=\"768\" height=\"1024\" \/><\/a><\/p>\n<h2><strong><span style=\"font-size: 14pt;\">L&rsquo;AAPPMA de Saint-Di\u00e9-des-Vosges et Saint-Michel-sur-Meurthe a de nouveau \u00e9t\u00e9 victime d&rsquo;incivilit\u00e9s la semaine derni\u00e8re. Ce qui n&rsquo;est \u2013 malheureusement \u2013 pas la premi\u00e8re fois (<a href=\"https:\/\/saintdieinfo.fr\/2022\/01\/incivilites-repetees-aux-etangs-ville\/\" target=\"_blank\" rel=\"noopener\">lire notre article<\/a>).<\/span><\/strong><\/h2>\n<p><!--more--><\/p>\n<p>Le mardi 27 d\u00e9cembre, les p\u00eacheurs ont eu la stupeur de d\u00e9couvrir que le contenu des poubelles install\u00e9es tout autour de l&rsquo;\u00e9tang Dieudonn\u00e9-Sutty, \u00e0 La Voivre, avait \u00e9t\u00e9 vid\u00e9 dans l&rsquo;eau. \u00ab\u00a0Est-ce de la vengeance ou de la d\u00e9bilit\u00e9\u00a0? En tout cas cela nous touche tous. Car de notre c\u00f4t\u00e9, nous nous effor\u00e7ons \u00e0 rendre ce lieu le plus agr\u00e9able possible [\u2026] alors l\u00e0 ce n&rsquo;est plus possible de supporter de tels actes\u00a0\u00bb a d\u00e9plor\u00e9 l&rsquo;association de p\u00eache sur sa page Facebook. Un maximum de ces d\u00e9tritus ont \u00e9t\u00e9 nettoy\u00e9s par les b\u00e9n\u00e9voles de l&rsquo;AAPPMA mercredi matin, et une main courant a \u00e9t\u00e9 d\u00e9pos\u00e9e aupr\u00e8s du commissariat d\u00e9odatien.<\/p>\n<p>J.J.<\/p>\n\n<p><a href=\"http:\/\/&lt;iframe src=&quot;https:\/\/www.facebook.com\/plugins\/post.php?href=https%3A%2F%2Fwww.facebook.com%2Fpermalink.php%3Fstory_fbid%3Dpfbid0RKrQdsuCHh7MDe9brESdirYnRrduzkjutKNE9mxWzfAdJXB2iq3JAQGbQXHfRaYil%26id%3D100057301485941&amp;show_text=true&amp;width=500&quot; width=&quot;500&quot; height=&quot;698&quot; style=&quot;border:none;overflow:hidden&quot; scrolling=&quot;no&quot; frameborder=&quot;0&quot; allowfullscreen=&quot;true&quot; allow=&quot;autoplay; clipboard-write; encrypted-media; picture-in-picture; web-share&quot;&gt;&lt;\/iframe&gt;\" target=\"_blank\" rel=\"noopener\"><iframe loading=\"lazy\" style=\"border: none; overflow: hidden;\" src=\"https:\/\/www.facebook.com\/plugins\/post.php?href=https%3A%2F%2Fwww.facebook.com%2Fpermalink.php%3Fstory_fbid%3Dpfbid0RKrQdsuCHh7MDe9brESdirYnRrduzkjutKNE9mxWzfAdJXB2iq3JAQGbQXHfRaYil%26id%3D100057301485941&amp;show_text=true&amp;width=500\" width=\"500\" height=\"698\" frameborder=\"0\" scrolling=\"no\" allowfullscreen=\"allowfullscreen\"><\/iframe><\/a><\/p>\n","protected":false},"excerpt":{"rendered":"<p>L&rsquo;AAPPMA de Saint-Di\u00e9-des-Vosges et Saint-Michel-sur-Meurthe a de nouveau \u00e9t\u00e9 victime d&rsquo;incivilit\u00e9s la semaine derni\u00e8re. Ce qui n&rsquo;est \u2013 malheureusement \u2013 [&hellip;]<\/p>\n","protected":false},"author":44,"featured_media":61214,"comment_status":"open","ping_status":"open","sticky":false,"template":"","format":"standard","meta":{"footnotes":""},"categories":[460,2924,2915,17],"tags":[3979,13509,4659,6045],"class_list":["post-61213","post","type-post","status-publish","format-standard","has-post-thumbnail","hentry","category-a-la-une","category-fait-divers","category-saint-die-son-canton","category-vie-associative","tag-aappma-de-saint-die-des-vosges-et-saint-michel-sur-meurthe","tag-etang-de-peche-dieudonne-sutty","tag-incivilites","tag-la-voivre"],"acf":[],"yoast_head":"<!-- This site is optimized with the Yoast SEO plugin v22.5 - https:\/\/yoast.com\/wordpress\/plugins\/seo\/ -->\n<title>La Voivre \u2013 Des incivilit\u00e9s \u00e0 l&#039;\u00e9tang de p\u00eache Dieudonn\u00e9-Sutty - Saint Die Info<\/title>\n<meta name=\"robots\" content=\"index, follow, max-snippet:-1, max-image-preview:large, max-video-preview:-1\" \/>\n<link rel=\"canonical\" href=\"https:\/\/vosgesinfo.fr\/saintdieinfo\/2023\/01\/voivre-incivilites-a-letang-de-peche-dieudonne-sutty\/\" \/>\n<meta name=\"twitter:card\" content=\"summary_large_image\" \/>\n<meta name=\"twitter:title\" content=\"La Voivre \u2013 Des incivilit\u00e9s \u00e0 l&#039;\u00e9tang de p\u00eache Dieudonn\u00e9-Sutty - Saint Die Info\" \/>\n<meta name=\"twitter:description\" content=\"L&rsquo;AAPPMA de Saint-Di\u00e9-des-Vosges et Saint-Michel-sur-Meurthe a de nouveau \u00e9t\u00e9 victime d&rsquo;incivilit\u00e9s la semaine derni\u00e8re. Ce qui n&rsquo;est \u2013 malheureusement \u2013 [&hellip;]\" \/>\n<meta name=\"twitter:image\" content=\"https:\/\/vosgesinfo.fr\/app\/uploads\/sites\/4\/2024\/08\/202301la-voivre-incivilites-etang-dieudonne-sutty-1.jpg\" \/>\n<meta name=\"twitter:creator\" content=\"@VosgesInfo88\" \/>\n<meta name=\"twitter:site\" content=\"@VosgesInfo88\" \/>\n<meta name=\"twitter:label1\" content=\"\u00c9crit par\" \/>\n\t<meta name=\"twitter:data1\" content=\"la r\u00e9daction\" \/>\n\t<meta name=\"twitter:label2\" content=\"Dur\u00e9e de lecture estim\u00e9e\" \/>\n\t<meta name=\"twitter:data2\" content=\"1 minute\" \/>\n<script type=\"application\/ld+json\" class=\"yoast-schema-graph\">{\"@context\":\"https:\/\/schema.org\",\"@graph\":[{\"@type\":\"Article\",\"@id\":\"https:\/\/vosgesinfo.fr\/saintdieinfo\/2023\/01\/voivre-incivilites-a-letang-de-peche-dieudonne-sutty\/#article\",\"isPartOf\":{\"@id\":\"https:\/\/vosgesinfo.fr\/saintdieinfo\/2023\/01\/voivre-incivilites-a-letang-de-peche-dieudonne-sutty\/\"},\"author\":{\"name\":\"la r\u00e9daction\",\"@id\":\"https:\/\/vosgesinfo.fr\/saintdieinfo\/#\/schema\/person\/faee6704a21f3977511db84bd1cd450f\"},\"headline\":\"La Voivre \u2013 Des incivilit\u00e9s \u00e0 l&rsquo;\u00e9tang de p\u00eache Dieudonn\u00e9-Sutty\",\"datePublished\":\"2023-01-02T09:52:18+00:00\",\"dateModified\":\"2023-01-02T09:52:18+00:00\",\"mainEntityOfPage\":{\"@id\":\"https:\/\/vosgesinfo.fr\/saintdieinfo\/2023\/01\/voivre-incivilites-a-letang-de-peche-dieudonne-sutty\/\"},\"wordCount\":180,\"commentCount\":0,\"publisher\":{\"@id\":\"https:\/\/vosgesinfo.fr\/saintdieinfo\/#organization\"},\"image\":{\"@id\":\"https:\/\/vosgesinfo.fr\/saintdieinfo\/2023\/01\/voivre-incivilites-a-letang-de-peche-dieudonne-sutty\/#primaryimage\"},\"thumbnailUrl\":\"https:\/\/vosgesinfo.fr\/app\/uploads\/sites\/4\/2024\/08\/202301la-voivre-incivilites-etang-dieudonne-sutty-1.jpg\",\"keywords\":[\"AAPPMA de Saint-Di\u00e9-des-Vosges et Saint-Michel-sur-Meurthe\",\"Etang de p\u00eache Dieudonn\u00e9-Sutty\",\"Incivilit\u00e9s\",\"La Voivre\"],\"articleSection\":[\"A la Une\",\"Fait Divers\",\"Saint-Di\u00e9-des-Vosges et son Agglom\u00e9ration\",\"Vie Associative\"],\"inLanguage\":\"fr-FR\",\"potentialAction\":[{\"@type\":\"CommentAction\",\"name\":\"Comment\",\"target\":[\"https:\/\/vosgesinfo.fr\/saintdieinfo\/2023\/01\/voivre-incivilites-a-letang-de-peche-dieudonne-sutty\/#respond\"]}]},{\"@type\":\"WebPage\",\"@id\":\"https:\/\/vosgesinfo.fr\/saintdieinfo\/2023\/01\/voivre-incivilites-a-letang-de-peche-dieudonne-sutty\/\",\"url\":\"https:\/\/vosgesinfo.fr\/saintdieinfo\/2023\/01\/voivre-incivilites-a-letang-de-peche-dieudonne-sutty\/\",\"name\":\"La Voivre \u2013 Des incivilit\u00e9s \u00e0 l'\u00e9tang de p\u00eache Dieudonn\u00e9-Sutty - Saint Die Info\",\"isPartOf\":{\"@id\":\"https:\/\/vosgesinfo.fr\/saintdieinfo\/#website\"},\"primaryImageOfPage\":{\"@id\":\"https:\/\/vosgesinfo.fr\/saintdieinfo\/2023\/01\/voivre-incivilites-a-letang-de-peche-dieudonne-sutty\/#primaryimage\"},\"image\":{\"@id\":\"https:\/\/vosgesinfo.fr\/saintdieinfo\/2023\/01\/voivre-incivilites-a-letang-de-peche-dieudonne-sutty\/#primaryimage\"},\"thumbnailUrl\":\"https:\/\/vosgesinfo.fr\/app\/uploads\/sites\/4\/2024\/08\/202301la-voivre-incivilites-etang-dieudonne-sutty-1.jpg\",\"datePublished\":\"2023-01-02T09:52:18+00:00\",\"dateModified\":\"2023-01-02T09:52:18+00:00\",\"breadcrumb\":{\"@id\":\"https:\/\/vosgesinfo.fr\/saintdieinfo\/2023\/01\/voivre-incivilites-a-letang-de-peche-dieudonne-sutty\/#breadcrumb\"},\"inLanguage\":\"fr-FR\",\"potentialAction\":[{\"@type\":\"ReadAction\",\"target\":[\"https:\/\/vosgesinfo.fr\/saintdieinfo\/2023\/01\/voivre-incivilites-a-letang-de-peche-dieudonne-sutty\/\"]}]},{\"@type\":\"ImageObject\",\"inLanguage\":\"fr-FR\",\"@id\":\"https:\/\/vosgesinfo.fr\/saintdieinfo\/2023\/01\/voivre-incivilites-a-letang-de-peche-dieudonne-sutty\/#primaryimage\",\"url\":\"https:\/\/vosgesinfo.fr\/app\/uploads\/sites\/4\/2024\/08\/202301la-voivre-incivilites-etang-dieudonne-sutty-1.jpg\",\"contentUrl\":\"https:\/\/vosgesinfo.fr\/app\/uploads\/sites\/4\/2024\/08\/202301la-voivre-incivilites-etang-dieudonne-sutty-1.jpg\",\"width\":1536,\"height\":2048},{\"@type\":\"BreadcrumbList\",\"@id\":\"https:\/\/vosgesinfo.fr\/saintdieinfo\/2023\/01\/voivre-incivilites-a-letang-de-peche-dieudonne-sutty\/#breadcrumb\",\"itemListElement\":[{\"@type\":\"ListItem\",\"position\":1,\"name\":\"Home\",\"item\":\"https:\/\/vosgesinfo.fr\/saintdieinfo\/\"},{\"@type\":\"ListItem\",\"position\":2,\"name\":\"La Voivre \u2013 Des incivilit\u00e9s \u00e0 l&rsquo;\u00e9tang de p\u00eache Dieudonn\u00e9-Sutty\"}]},{\"@type\":\"WebSite\",\"@id\":\"https:\/\/vosgesinfo.fr\/saintdieinfo\/#website\",\"url\":\"https:\/\/vosgesinfo.fr\/saintdieinfo\/\",\"name\":\"Saint Die Info\",\"description\":\"Toute l&#039;actualit\u00e9 de Saint-Di\u00e9-Des-Vosges\",\"publisher\":{\"@id\":\"https:\/\/vosgesinfo.fr\/saintdieinfo\/#organization\"},\"alternateName\":\"Toute l'actualit\u00e9 de Saint-Di\u00e9-Des-Vosges\",\"potentialAction\":[{\"@type\":\"SearchAction\",\"target\":{\"@type\":\"EntryPoint\",\"urlTemplate\":\"https:\/\/vosgesinfo.fr\/saintdieinfo\/?s={search_term_string}\"},\"query-input\":\"required name=search_term_string\"}],\"inLanguage\":\"fr-FR\"},{\"@type\":\"Organization\",\"@id\":\"https:\/\/vosgesinfo.fr\/saintdieinfo\/#organization\",\"name\":\"Saint Die Info\",\"url\":\"https:\/\/vosgesinfo.fr\/saintdieinfo\/\",\"logo\":{\"@type\":\"ImageObject\",\"inLanguage\":\"fr-FR\",\"@id\":\"https:\/\/vosgesinfo.fr\/saintdieinfo\/#\/schema\/logo\/image\/\",\"url\":\"https:\/\/vosgesinfo.fr\/app\/uploads\/sites\/4\/2024\/02\/logo-sdi.jpg\",\"contentUrl\":\"https:\/\/vosgesinfo.fr\/app\/uploads\/sites\/4\/2024\/02\/logo-sdi.jpg\",\"width\":600,\"height\":600,\"caption\":\"Saint Die Info\"},\"image\":{\"@id\":\"https:\/\/vosgesinfo.fr\/saintdieinfo\/#\/schema\/logo\/image\/\"},\"sameAs\":[\"https:\/\/www.facebook.com\/Saintdieinfofr\",\"https:\/\/x.com\/VosgesInfo88\",\"https:\/\/www.youtube.com\/@vosgesinfo\"]},{\"@type\":\"Person\",\"@id\":\"https:\/\/vosgesinfo.fr\/saintdieinfo\/#\/schema\/person\/faee6704a21f3977511db84bd1cd450f\",\"name\":\"la r\u00e9daction\",\"image\":{\"@type\":\"ImageObject\",\"inLanguage\":\"fr-FR\",\"@id\":\"https:\/\/vosgesinfo.fr\/saintdieinfo\/#\/schema\/person\/image\/\",\"url\":\"https:\/\/secure.gravatar.com\/avatar\/6673d8bc6a9c17fa9a453eaa3448de834fa308c2ec9635b7aa99441a7c8d2cf6?s=96&d=mm&r=g\",\"contentUrl\":\"https:\/\/secure.gravatar.com\/avatar\/6673d8bc6a9c17fa9a453eaa3448de834fa308c2ec9635b7aa99441a7c8d2cf6?s=96&d=mm&r=g\",\"caption\":\"la r\u00e9daction\"},\"url\":\"https:\/\/vosgesinfo.fr\/saintdieinfo\/author\/redac\/\"}]}<\/script>\n<!-- \/ Yoast SEO plugin. -->","yoast_head_json":{"title":"La Voivre \u2013 Des incivilit\u00e9s \u00e0 l'\u00e9tang de p\u00eache Dieudonn\u00e9-Sutty - Saint Die Info","robots":{"index":"index","follow":"follow","max-snippet":"max-snippet:-1","max-image-preview":"max-image-preview:large","max-video-preview":"max-video-preview:-1"},"canonical":"https:\/\/vosgesinfo.fr\/saintdieinfo\/2023\/01\/voivre-incivilites-a-letang-de-peche-dieudonne-sutty\/","twitter_card":"summary_large_image","twitter_title":"La Voivre \u2013 Des incivilit\u00e9s \u00e0 l'\u00e9tang de p\u00eache Dieudonn\u00e9-Sutty - Saint Die Info","twitter_description":"L&rsquo;AAPPMA de Saint-Di\u00e9-des-Vosges et Saint-Michel-sur-Meurthe a de nouveau \u00e9t\u00e9 victime d&rsquo;incivilit\u00e9s la semaine derni\u00e8re. Ce qui n&rsquo;est \u2013 malheureusement \u2013 [&hellip;]","twitter_image":"https:\/\/vosgesinfo.fr\/app\/uploads\/sites\/4\/2024\/08\/202301la-voivre-incivilites-etang-dieudonne-sutty-1.jpg","twitter_creator":"@VosgesInfo88","twitter_site":"@VosgesInfo88","twitter_misc":{"\u00c9crit par":"la r\u00e9daction","Dur\u00e9e de lecture estim\u00e9e":"1 minute"},"schema":{"@context":"https:\/\/schema.org","@graph":[{"@type":"Article","@id":"https:\/\/vosgesinfo.fr\/saintdieinfo\/2023\/01\/voivre-incivilites-a-letang-de-peche-dieudonne-sutty\/#article","isPartOf":{"@id":"https:\/\/vosgesinfo.fr\/saintdieinfo\/2023\/01\/voivre-incivilites-a-letang-de-peche-dieudonne-sutty\/"},"author":{"name":"la r\u00e9daction","@id":"https:\/\/vosgesinfo.fr\/saintdieinfo\/#\/schema\/person\/faee6704a21f3977511db84bd1cd450f"},"headline":"La Voivre \u2013 Des incivilit\u00e9s \u00e0 l&rsquo;\u00e9tang de p\u00eache Dieudonn\u00e9-Sutty","datePublished":"2023-01-02T09:52:18+00:00","dateModified":"2023-01-02T09:52:18+00:00","mainEntityOfPage":{"@id":"https:\/\/vosgesinfo.fr\/saintdieinfo\/2023\/01\/voivre-incivilites-a-letang-de-peche-dieudonne-sutty\/"},"wordCount":180,"commentCount":0,"publisher":{"@id":"https:\/\/vosgesinfo.fr\/saintdieinfo\/#organization"},"image":{"@id":"https:\/\/vosgesinfo.fr\/saintdieinfo\/2023\/01\/voivre-incivilites-a-letang-de-peche-dieudonne-sutty\/#primaryimage"},"thumbnailUrl":"https:\/\/vosgesinfo.fr\/app\/uploads\/sites\/4\/2024\/08\/202301la-voivre-incivilites-etang-dieudonne-sutty-1.jpg","keywords":["AAPPMA de Saint-Di\u00e9-des-Vosges et Saint-Michel-sur-Meurthe","Etang de p\u00eache Dieudonn\u00e9-Sutty","Incivilit\u00e9s","La Voivre"],"articleSection":["A la Une","Fait Divers","Saint-Di\u00e9-des-Vosges et son Agglom\u00e9ration","Vie Associative"],"inLanguage":"fr-FR","potentialAction":[{"@type":"CommentAction","name":"Comment","target":["https:\/\/vosgesinfo.fr\/saintdieinfo\/2023\/01\/voivre-incivilites-a-letang-de-peche-dieudonne-sutty\/#respond"]}]},{"@type":"WebPage","@id":"https:\/\/vosgesinfo.fr\/saintdieinfo\/2023\/01\/voivre-incivilites-a-letang-de-peche-dieudonne-sutty\/","url":"https:\/\/vosgesinfo.fr\/saintdieinfo\/2023\/01\/voivre-incivilites-a-letang-de-peche-dieudonne-sutty\/","name":"La Voivre \u2013 Des incivilit\u00e9s \u00e0 l'\u00e9tang de p\u00eache Dieudonn\u00e9-Sutty - Saint Die Info","isPartOf":{"@id":"https:\/\/vosgesinfo.fr\/saintdieinfo\/#website"},"primaryImageOfPage":{"@id":"https:\/\/vosgesinfo.fr\/saintdieinfo\/2023\/01\/voivre-incivilites-a-letang-de-peche-dieudonne-sutty\/#primaryimage"},"image":{"@id":"https:\/\/vosgesinfo.fr\/saintdieinfo\/2023\/01\/voivre-incivilites-a-letang-de-peche-dieudonne-sutty\/#primaryimage"},"thumbnailUrl":"https:\/\/vosgesinfo.fr\/app\/uploads\/sites\/4\/2024\/08\/202301la-voivre-incivilites-etang-dieudonne-sutty-1.jpg","datePublished":"2023-01-02T09:52:18+00:00","dateModified":"2023-01-02T09:52:18+00:00","breadcrumb":{"@id":"https:\/\/vosgesinfo.fr\/saintdieinfo\/2023\/01\/voivre-incivilites-a-letang-de-peche-dieudonne-sutty\/#breadcrumb"},"inLanguage":"fr-FR","potentialAction":[{"@type":"ReadAction","target":["https:\/\/vosgesinfo.fr\/saintdieinfo\/2023\/01\/voivre-incivilites-a-letang-de-peche-dieudonne-sutty\/"]}]},{"@type":"ImageObject","inLanguage":"fr-FR","@id":"https:\/\/vosgesinfo.fr\/saintdieinfo\/2023\/01\/voivre-incivilites-a-letang-de-peche-dieudonne-sutty\/#primaryimage","url":"https:\/\/vosgesinfo.fr\/app\/uploads\/sites\/4\/2024\/08\/202301la-voivre-incivilites-etang-dieudonne-sutty-1.jpg","contentUrl":"https:\/\/vosgesinfo.fr\/app\/uploads\/sites\/4\/2024\/08\/202301la-voivre-incivilites-etang-dieudonne-sutty-1.jpg","width":1536,"height":2048},{"@type":"BreadcrumbList","@id":"https:\/\/vosgesinfo.fr\/saintdieinfo\/2023\/01\/voivre-incivilites-a-letang-de-peche-dieudonne-sutty\/#breadcrumb","itemListElement":[{"@type":"ListItem","position":1,"name":"Home","item":"https:\/\/vosgesinfo.fr\/saintdieinfo\/"},{"@type":"ListItem","position":2,"name":"La Voivre \u2013 Des incivilit\u00e9s \u00e0 l&rsquo;\u00e9tang de p\u00eache Dieudonn\u00e9-Sutty"}]},{"@type":"WebSite","@id":"https:\/\/vosgesinfo.fr\/saintdieinfo\/#website","url":"https:\/\/vosgesinfo.fr\/saintdieinfo\/","name":"Saint Die Info","description":"Toute l&#039;actualit\u00e9 de Saint-Di\u00e9-Des-Vosges","publisher":{"@id":"https:\/\/vosgesinfo.fr\/saintdieinfo\/#organization"},"alternateName":"Toute l'actualit\u00e9 de Saint-Di\u00e9-Des-Vosges","potentialAction":[{"@type":"SearchAction","target":{"@type":"EntryPoint","urlTemplate":"https:\/\/vosgesinfo.fr\/saintdieinfo\/?s={search_term_string}"},"query-input":"required name=search_term_string"}],"inLanguage":"fr-FR"},{"@type":"Organization","@id":"https:\/\/vosgesinfo.fr\/saintdieinfo\/#organization","name":"Saint Die Info","url":"https:\/\/vosgesinfo.fr\/saintdieinfo\/","logo":{"@type":"ImageObject","inLanguage":"fr-FR","@id":"https:\/\/vosgesinfo.fr\/saintdieinfo\/#\/schema\/logo\/image\/","url":"https:\/\/vosgesinfo.fr\/app\/uploads\/sites\/4\/2024\/02\/logo-sdi.jpg","contentUrl":"https:\/\/vosgesinfo.fr\/app\/uploads\/sites\/4\/2024\/02\/logo-sdi.jpg","width":600,"height":600,"caption":"Saint Die Info"},"image":{"@id":"https:\/\/vosgesinfo.fr\/saintdieinfo\/#\/schema\/logo\/image\/"},"sameAs":["https:\/\/www.facebook.com\/Saintdieinfofr","https:\/\/x.com\/VosgesInfo88","https:\/\/www.youtube.com\/@vosgesinfo"]},{"@type":"Person","@id":"https:\/\/vosgesinfo.fr\/saintdieinfo\/#\/schema\/person\/faee6704a21f3977511db84bd1cd450f","name":"la r\u00e9daction","image":{"@type":"ImageObject","inLanguage":"fr-FR","@id":"https:\/\/vosgesinfo.fr\/saintdieinfo\/#\/schema\/person\/image\/","url":"https:\/\/secure.gravatar.com\/avatar\/6673d8bc6a9c17fa9a453eaa3448de834fa308c2ec9635b7aa99441a7c8d2cf6?s=96&d=mm&r=g","contentUrl":"https:\/\/secure.gravatar.com\/avatar\/6673d8bc6a9c17fa9a453eaa3448de834fa308c2ec9635b7aa99441a7c8d2cf6?s=96&d=mm&r=g","caption":"la r\u00e9daction"},"url":"https:\/\/vosgesinfo.fr\/saintdieinfo\/author\/redac\/"}]}},"_links":{"self":[{"href":"https:\/\/vosgesinfo.fr\/saintdieinfo\/wp-json\/wp\/v2\/posts\/61213","targetHints":{"allow":["GET"]}}],"collection":[{"href":"https:\/\/vosgesinfo.fr\/saintdieinfo\/wp-json\/wp\/v2\/posts"}],"about":[{"href":"https:\/\/vosgesinfo.fr\/saintdieinfo\/wp-json\/wp\/v2\/types\/post"}],"author":[{"embeddable":true,"href":"https:\/\/vosgesinfo.fr\/saintdieinfo\/wp-json\/wp\/v2\/users\/44"}],"replies":[{"embeddable":true,"href":"https:\/\/vosgesinfo.fr\/saintdieinfo\/wp-json\/wp\/v2\/comments?post=61213"}],"version-history":[{"count":0,"href":"https:\/\/vosgesinfo.fr\/saintdieinfo\/wp-json\/wp\/v2\/posts\/61213\/revisions"}],"wp:featuredmedia":[{"embeddable":true,"href":"https:\/\/vosgesinfo.fr\/saintdieinfo\/wp-json\/wp\/v2\/media\/61214"}],"wp:attachment":[{"href":"https:\/\/vosgesinfo.fr\/saintdieinfo\/wp-json\/wp\/v2\/media?parent=61213"}],"wp:term":[{"taxonomy":"category","embeddable":true,"href":"https:\/\/vosgesinfo.fr\/saintdieinfo\/wp-json\/wp\/v2\/categories?post=61213"},{"taxonomy":"post_tag","embeddable":true,"href":"https:\/\/vosgesinfo.fr\/saintdieinfo\/wp-json\/wp\/v2\/tags?post=61213"}],"curies":[{"name":"wp","href":"https:\/\/api.w.org\/{rel}","templated":true}]}}