{"id":61234,"date":"2023-01-02T13:12:15","date_gmt":"2023-01-02T12:12:15","guid":{"rendered":"https:\/\/vosgesinfo.fr\/saintdieinfo\/2023\/01\/premiere-collecte-de-sang-de-lannee-a-saint-die-vosges-mardi\/"},"modified":"2023-01-02T13:12:15","modified_gmt":"2023-01-02T12:12:15","slug":"premiere-collecte-de-sang-de-lannee-a-saint-die-vosges-mardi","status":"publish","type":"post","link":"https:\/\/vosgesinfo.fr\/saintdieinfo\/2023\/01\/premiere-collecte-de-sang-de-lannee-a-saint-die-vosges-mardi\/","title":{"rendered":"Premi\u00e8re collecte de sang de l&rsquo;ann\u00e9e \u00e0 Saint-Di\u00e9-des-Vosges ce mardi"},"content":{"rendered":"<h2><strong><span style=\"font-size: 14pt;\">En d\u00e9but d&rsquo;ann\u00e9e, c&rsquo;est le moment des bonnes r\u00e9solutions ! C&rsquo;est donc l&rsquo;occasion de mettre en actes ses objectifs de g\u00e9n\u00e9rosit\u00e9. Et, si vous le pouvez, vous pouvez d\u00e9cider de sauver des vies en donnant votre sang !<\/span><\/strong><\/h2>\n<p><!--more-->Ce mardi 3 janvier a lieu la premi\u00e8re collecte de sang de l&rsquo;ann\u00e9e, propos\u00e9e par l&rsquo;Etablissement Fran\u00e7ais du Sang (EFS) avec le renfort de l&rsquo;Amicale pour le Don de Sang B\u00e9n\u00e9vole de Saint-Di\u00e9-des-Vosges et sa r\u00e9gion. Cela se passe \u00e0 Saint-Di\u00e9-des-Vosges dans la salle Carbonnar, sise place de l&rsquo;Europe &#8211; Val\u00e9ry Giscard d&rsquo;Estaing, et ce toute la journ\u00e9e soit de 9 h \u00e0 13 h et de 15 h 30 \u00e0 19 h 30.<\/p>\n<p>Rappelons que les r\u00e9serves de sang sont tr\u00e8s basses, trop basses d&rsquo;ailleurs par rapport au seuil critique, et que l&rsquo;EFS a tir\u00e9 la sonnette d&rsquo;alarme avant les F\u00eates pour appeler les donneurs \u00e0 se montrer g\u00e9n\u00e9reux. Il faut aussi souligner que de nombreux donneurs sont atteints par la limite d&rsquo;\u00e2ge (la veille des 71 ans), ce qui n\u00e9cessite que de jeunes personnes prennent le relais et donnent, elles aussi, un peu de ce pr\u00e9cieux liquide.<\/p>\n<p>Toutes les informations sur <a href=\"http:\/\/dondesang.efs.sante.fr\/\" target=\"_blank\" data-saferedirecturl=\"https:\/\/www.google.com\/url?q=http:\/\/dondesang.efs.sante.fr\/&amp;source=gmail&amp;ust=1672750704976000&amp;usg=AOvVaw2GkY6NqqBC-mbSHztBgWS5\" rel=\"noopener\">http:\/\/dondesang.efs.sante.fr<\/a> et <a href=\"http:\/\/dondusang88.fr\/\" target=\"_blank\" data-saferedirecturl=\"https:\/\/www.google.com\/url?q=http:\/\/dondusang88.fr\/&amp;source=gmail&amp;ust=1672750704976000&amp;usg=AOvVaw1M-tfaYLKoScxJX7ryJUvG\" rel=\"noopener\">http:\/\/dondusang88.fr<\/a>. Merci pour vos dons !<\/p>\n<p><a href=\"\/2023\/01\/Collecte_Sang_SDDV_03012023.jpg\" target=\"_blank\" rel=\"noopener\"><img decoding=\"async\" class=\"aligncenter wp-image-194982 size-large\" src=\"\/2023\/01\/Collecte_Sang_SDDV_03012023-724x1024.jpg\" alt=\"Collecte_Sang_SDDV_03012023\" width=\"724\" height=\"1024\" \/><\/a><\/p>\n","protected":false},"excerpt":{"rendered":"<p>En d\u00e9but d&rsquo;ann\u00e9e, c&rsquo;est le moment des bonnes r\u00e9solutions ! C&rsquo;est donc l&rsquo;occasion de mettre en actes ses objectifs de [&hellip;]<\/p>\n","protected":false},"author":44,"featured_media":22543,"comment_status":"open","ping_status":"open","sticky":false,"template":"","format":"standard","meta":{"footnotes":""},"categories":[3900,2915,29],"tags":[3195,3589,1243,3196,3571],"class_list":["post-61234","post","type-post","status-publish","format-standard","has-post-thumbnail","hentry","category-breves","category-saint-die-son-canton","category-solidarite","tag-amicale-des-donneurs-de-sang-benevoles-de-saint-die-des-vosges","tag-collecte-de-sang-a-saint-die-des-vosges","tag-don-de-sang","tag-efs-grand-est","tag-salle-carbonnar"],"acf":[],"yoast_head":"<!-- This site is optimized with the Yoast SEO plugin v22.5 - https:\/\/yoast.com\/wordpress\/plugins\/seo\/ -->\n<title>Premi\u00e8re collecte de sang de l&#039;ann\u00e9e \u00e0 Saint-Di\u00e9-des-Vosges ce mardi - Saint Die Info<\/title>\n<meta name=\"robots\" content=\"index, follow, max-snippet:-1, max-image-preview:large, max-video-preview:-1\" \/>\n<link rel=\"canonical\" href=\"https:\/\/vosgesinfo.fr\/saintdieinfo\/2023\/01\/premiere-collecte-de-sang-de-lannee-a-saint-die-vosges-mardi\/\" \/>\n<meta name=\"twitter:card\" content=\"summary_large_image\" \/>\n<meta name=\"twitter:title\" content=\"Premi\u00e8re collecte de sang de l&#039;ann\u00e9e \u00e0 Saint-Di\u00e9-des-Vosges ce mardi - Saint Die Info\" \/>\n<meta name=\"twitter:description\" content=\"En d\u00e9but d&rsquo;ann\u00e9e, c&rsquo;est le moment des bonnes r\u00e9solutions ! C&rsquo;est donc l&rsquo;occasion de mettre en actes ses objectifs de [&hellip;]\" \/>\n<meta name=\"twitter:image\" content=\"https:\/\/vosgesinfo.fr\/app\/uploads\/sites\/4\/2021\/09\/don-du-sang2.jpg\" \/>\n<meta name=\"twitter:creator\" content=\"@VosgesInfo88\" \/>\n<meta name=\"twitter:site\" content=\"@VosgesInfo88\" \/>\n<meta name=\"twitter:label1\" content=\"\u00c9crit par\" \/>\n\t<meta name=\"twitter:data1\" content=\"la r\u00e9daction\" \/>\n\t<meta name=\"twitter:label2\" content=\"Dur\u00e9e de lecture estim\u00e9e\" \/>\n\t<meta name=\"twitter:data2\" content=\"1 minute\" \/>\n<script type=\"application\/ld+json\" class=\"yoast-schema-graph\">{\"@context\":\"https:\/\/schema.org\",\"@graph\":[{\"@type\":\"Article\",\"@id\":\"https:\/\/vosgesinfo.fr\/saintdieinfo\/2023\/01\/premiere-collecte-de-sang-de-lannee-a-saint-die-vosges-mardi\/#article\",\"isPartOf\":{\"@id\":\"https:\/\/vosgesinfo.fr\/saintdieinfo\/2023\/01\/premiere-collecte-de-sang-de-lannee-a-saint-die-vosges-mardi\/\"},\"author\":{\"name\":\"la r\u00e9daction\",\"@id\":\"https:\/\/vosgesinfo.fr\/saintdieinfo\/#\/schema\/person\/faee6704a21f3977511db84bd1cd450f\"},\"headline\":\"Premi\u00e8re collecte de sang de l&rsquo;ann\u00e9e \u00e0 Saint-Di\u00e9-des-Vosges ce mardi\",\"datePublished\":\"2023-01-02T12:12:15+00:00\",\"dateModified\":\"2023-01-02T12:12:15+00:00\",\"mainEntityOfPage\":{\"@id\":\"https:\/\/vosgesinfo.fr\/saintdieinfo\/2023\/01\/premiere-collecte-de-sang-de-lannee-a-saint-die-vosges-mardi\/\"},\"wordCount\":240,\"commentCount\":0,\"publisher\":{\"@id\":\"https:\/\/vosgesinfo.fr\/saintdieinfo\/#organization\"},\"image\":{\"@id\":\"https:\/\/vosgesinfo.fr\/saintdieinfo\/2023\/01\/premiere-collecte-de-sang-de-lannee-a-saint-die-vosges-mardi\/#primaryimage\"},\"thumbnailUrl\":\"https:\/\/vosgesinfo.fr\/app\/uploads\/sites\/4\/2021\/09\/don-du-sang2.jpg\",\"keywords\":[\"Amicale des Donneurs de Sang b\u00e9n\u00e9voles de Saint-Di\u00e9-des-Vosges\",\"Collecte de sang \u00e0 Saint-Di\u00e9-des-Vosges\",\"don de sang\",\"EFS Grand Est\",\"Salle Carbonnar\"],\"articleSection\":[\"Br\u00e8ves\",\"Saint-Di\u00e9-des-Vosges et son Agglom\u00e9ration\",\"Solidarit\u00e9\"],\"inLanguage\":\"fr-FR\",\"potentialAction\":[{\"@type\":\"CommentAction\",\"name\":\"Comment\",\"target\":[\"https:\/\/vosgesinfo.fr\/saintdieinfo\/2023\/01\/premiere-collecte-de-sang-de-lannee-a-saint-die-vosges-mardi\/#respond\"]}]},{\"@type\":\"WebPage\",\"@id\":\"https:\/\/vosgesinfo.fr\/saintdieinfo\/2023\/01\/premiere-collecte-de-sang-de-lannee-a-saint-die-vosges-mardi\/\",\"url\":\"https:\/\/vosgesinfo.fr\/saintdieinfo\/2023\/01\/premiere-collecte-de-sang-de-lannee-a-saint-die-vosges-mardi\/\",\"name\":\"Premi\u00e8re collecte de sang de l'ann\u00e9e \u00e0 Saint-Di\u00e9-des-Vosges ce mardi - Saint Die Info\",\"isPartOf\":{\"@id\":\"https:\/\/vosgesinfo.fr\/saintdieinfo\/#website\"},\"primaryImageOfPage\":{\"@id\":\"https:\/\/vosgesinfo.fr\/saintdieinfo\/2023\/01\/premiere-collecte-de-sang-de-lannee-a-saint-die-vosges-mardi\/#primaryimage\"},\"image\":{\"@id\":\"https:\/\/vosgesinfo.fr\/saintdieinfo\/2023\/01\/premiere-collecte-de-sang-de-lannee-a-saint-die-vosges-mardi\/#primaryimage\"},\"thumbnailUrl\":\"https:\/\/vosgesinfo.fr\/app\/uploads\/sites\/4\/2021\/09\/don-du-sang2.jpg\",\"datePublished\":\"2023-01-02T12:12:15+00:00\",\"dateModified\":\"2023-01-02T12:12:15+00:00\",\"breadcrumb\":{\"@id\":\"https:\/\/vosgesinfo.fr\/saintdieinfo\/2023\/01\/premiere-collecte-de-sang-de-lannee-a-saint-die-vosges-mardi\/#breadcrumb\"},\"inLanguage\":\"fr-FR\",\"potentialAction\":[{\"@type\":\"ReadAction\",\"target\":[\"https:\/\/vosgesinfo.fr\/saintdieinfo\/2023\/01\/premiere-collecte-de-sang-de-lannee-a-saint-die-vosges-mardi\/\"]}]},{\"@type\":\"ImageObject\",\"inLanguage\":\"fr-FR\",\"@id\":\"https:\/\/vosgesinfo.fr\/saintdieinfo\/2023\/01\/premiere-collecte-de-sang-de-lannee-a-saint-die-vosges-mardi\/#primaryimage\",\"url\":\"https:\/\/vosgesinfo.fr\/app\/uploads\/sites\/4\/2021\/09\/don-du-sang2.jpg\",\"contentUrl\":\"https:\/\/vosgesinfo.fr\/app\/uploads\/sites\/4\/2021\/09\/don-du-sang2.jpg\",\"width\":800,\"height\":571},{\"@type\":\"BreadcrumbList\",\"@id\":\"https:\/\/vosgesinfo.fr\/saintdieinfo\/2023\/01\/premiere-collecte-de-sang-de-lannee-a-saint-die-vosges-mardi\/#breadcrumb\",\"itemListElement\":[{\"@type\":\"ListItem\",\"position\":1,\"name\":\"Home\",\"item\":\"https:\/\/vosgesinfo.fr\/saintdieinfo\/\"},{\"@type\":\"ListItem\",\"position\":2,\"name\":\"Premi\u00e8re collecte de sang de l&rsquo;ann\u00e9e \u00e0 Saint-Di\u00e9-des-Vosges ce mardi\"}]},{\"@type\":\"WebSite\",\"@id\":\"https:\/\/vosgesinfo.fr\/saintdieinfo\/#website\",\"url\":\"https:\/\/vosgesinfo.fr\/saintdieinfo\/\",\"name\":\"Saint Die Info\",\"description\":\"Toute l&#039;actualit\u00e9 de Saint-Di\u00e9-Des-Vosges\",\"publisher\":{\"@id\":\"https:\/\/vosgesinfo.fr\/saintdieinfo\/#organization\"},\"alternateName\":\"Toute l'actualit\u00e9 de Saint-Di\u00e9-Des-Vosges\",\"potentialAction\":[{\"@type\":\"SearchAction\",\"target\":{\"@type\":\"EntryPoint\",\"urlTemplate\":\"https:\/\/vosgesinfo.fr\/saintdieinfo\/?s={search_term_string}\"},\"query-input\":\"required name=search_term_string\"}],\"inLanguage\":\"fr-FR\"},{\"@type\":\"Organization\",\"@id\":\"https:\/\/vosgesinfo.fr\/saintdieinfo\/#organization\",\"name\":\"Saint Die Info\",\"url\":\"https:\/\/vosgesinfo.fr\/saintdieinfo\/\",\"logo\":{\"@type\":\"ImageObject\",\"inLanguage\":\"fr-FR\",\"@id\":\"https:\/\/vosgesinfo.fr\/saintdieinfo\/#\/schema\/logo\/image\/\",\"url\":\"https:\/\/vosgesinfo.fr\/app\/uploads\/sites\/4\/2024\/02\/logo-sdi.jpg\",\"contentUrl\":\"https:\/\/vosgesinfo.fr\/app\/uploads\/sites\/4\/2024\/02\/logo-sdi.jpg\",\"width\":600,\"height\":600,\"caption\":\"Saint Die Info\"},\"image\":{\"@id\":\"https:\/\/vosgesinfo.fr\/saintdieinfo\/#\/schema\/logo\/image\/\"},\"sameAs\":[\"https:\/\/www.facebook.com\/Saintdieinfofr\",\"https:\/\/x.com\/VosgesInfo88\",\"https:\/\/www.youtube.com\/@vosgesinfo\"]},{\"@type\":\"Person\",\"@id\":\"https:\/\/vosgesinfo.fr\/saintdieinfo\/#\/schema\/person\/faee6704a21f3977511db84bd1cd450f\",\"name\":\"la r\u00e9daction\",\"image\":{\"@type\":\"ImageObject\",\"inLanguage\":\"fr-FR\",\"@id\":\"https:\/\/vosgesinfo.fr\/saintdieinfo\/#\/schema\/person\/image\/\",\"url\":\"https:\/\/secure.gravatar.com\/avatar\/6673d8bc6a9c17fa9a453eaa3448de834fa308c2ec9635b7aa99441a7c8d2cf6?s=96&d=mm&r=g\",\"contentUrl\":\"https:\/\/secure.gravatar.com\/avatar\/6673d8bc6a9c17fa9a453eaa3448de834fa308c2ec9635b7aa99441a7c8d2cf6?s=96&d=mm&r=g\",\"caption\":\"la r\u00e9daction\"},\"url\":\"https:\/\/vosgesinfo.fr\/saintdieinfo\/author\/redac\/\"}]}<\/script>\n<!-- \/ Yoast SEO plugin. -->","yoast_head_json":{"title":"Premi\u00e8re collecte de sang de l'ann\u00e9e \u00e0 Saint-Di\u00e9-des-Vosges ce mardi - Saint Die Info","robots":{"index":"index","follow":"follow","max-snippet":"max-snippet:-1","max-image-preview":"max-image-preview:large","max-video-preview":"max-video-preview:-1"},"canonical":"https:\/\/vosgesinfo.fr\/saintdieinfo\/2023\/01\/premiere-collecte-de-sang-de-lannee-a-saint-die-vosges-mardi\/","twitter_card":"summary_large_image","twitter_title":"Premi\u00e8re collecte de sang de l'ann\u00e9e \u00e0 Saint-Di\u00e9-des-Vosges ce mardi - Saint Die Info","twitter_description":"En d\u00e9but d&rsquo;ann\u00e9e, c&rsquo;est le moment des bonnes r\u00e9solutions ! C&rsquo;est donc l&rsquo;occasion de mettre en actes ses objectifs de [&hellip;]","twitter_image":"https:\/\/vosgesinfo.fr\/app\/uploads\/sites\/4\/2021\/09\/don-du-sang2.jpg","twitter_creator":"@VosgesInfo88","twitter_site":"@VosgesInfo88","twitter_misc":{"\u00c9crit par":"la r\u00e9daction","Dur\u00e9e de lecture estim\u00e9e":"1 minute"},"schema":{"@context":"https:\/\/schema.org","@graph":[{"@type":"Article","@id":"https:\/\/vosgesinfo.fr\/saintdieinfo\/2023\/01\/premiere-collecte-de-sang-de-lannee-a-saint-die-vosges-mardi\/#article","isPartOf":{"@id":"https:\/\/vosgesinfo.fr\/saintdieinfo\/2023\/01\/premiere-collecte-de-sang-de-lannee-a-saint-die-vosges-mardi\/"},"author":{"name":"la r\u00e9daction","@id":"https:\/\/vosgesinfo.fr\/saintdieinfo\/#\/schema\/person\/faee6704a21f3977511db84bd1cd450f"},"headline":"Premi\u00e8re collecte de sang de l&rsquo;ann\u00e9e \u00e0 Saint-Di\u00e9-des-Vosges ce mardi","datePublished":"2023-01-02T12:12:15+00:00","dateModified":"2023-01-02T12:12:15+00:00","mainEntityOfPage":{"@id":"https:\/\/vosgesinfo.fr\/saintdieinfo\/2023\/01\/premiere-collecte-de-sang-de-lannee-a-saint-die-vosges-mardi\/"},"wordCount":240,"commentCount":0,"publisher":{"@id":"https:\/\/vosgesinfo.fr\/saintdieinfo\/#organization"},"image":{"@id":"https:\/\/vosgesinfo.fr\/saintdieinfo\/2023\/01\/premiere-collecte-de-sang-de-lannee-a-saint-die-vosges-mardi\/#primaryimage"},"thumbnailUrl":"https:\/\/vosgesinfo.fr\/app\/uploads\/sites\/4\/2021\/09\/don-du-sang2.jpg","keywords":["Amicale des Donneurs de Sang b\u00e9n\u00e9voles de Saint-Di\u00e9-des-Vosges","Collecte de sang \u00e0 Saint-Di\u00e9-des-Vosges","don de sang","EFS Grand Est","Salle Carbonnar"],"articleSection":["Br\u00e8ves","Saint-Di\u00e9-des-Vosges et son Agglom\u00e9ration","Solidarit\u00e9"],"inLanguage":"fr-FR","potentialAction":[{"@type":"CommentAction","name":"Comment","target":["https:\/\/vosgesinfo.fr\/saintdieinfo\/2023\/01\/premiere-collecte-de-sang-de-lannee-a-saint-die-vosges-mardi\/#respond"]}]},{"@type":"WebPage","@id":"https:\/\/vosgesinfo.fr\/saintdieinfo\/2023\/01\/premiere-collecte-de-sang-de-lannee-a-saint-die-vosges-mardi\/","url":"https:\/\/vosgesinfo.fr\/saintdieinfo\/2023\/01\/premiere-collecte-de-sang-de-lannee-a-saint-die-vosges-mardi\/","name":"Premi\u00e8re collecte de sang de l'ann\u00e9e \u00e0 Saint-Di\u00e9-des-Vosges ce mardi - Saint Die Info","isPartOf":{"@id":"https:\/\/vosgesinfo.fr\/saintdieinfo\/#website"},"primaryImageOfPage":{"@id":"https:\/\/vosgesinfo.fr\/saintdieinfo\/2023\/01\/premiere-collecte-de-sang-de-lannee-a-saint-die-vosges-mardi\/#primaryimage"},"image":{"@id":"https:\/\/vosgesinfo.fr\/saintdieinfo\/2023\/01\/premiere-collecte-de-sang-de-lannee-a-saint-die-vosges-mardi\/#primaryimage"},"thumbnailUrl":"https:\/\/vosgesinfo.fr\/app\/uploads\/sites\/4\/2021\/09\/don-du-sang2.jpg","datePublished":"2023-01-02T12:12:15+00:00","dateModified":"2023-01-02T12:12:15+00:00","breadcrumb":{"@id":"https:\/\/vosgesinfo.fr\/saintdieinfo\/2023\/01\/premiere-collecte-de-sang-de-lannee-a-saint-die-vosges-mardi\/#breadcrumb"},"inLanguage":"fr-FR","potentialAction":[{"@type":"ReadAction","target":["https:\/\/vosgesinfo.fr\/saintdieinfo\/2023\/01\/premiere-collecte-de-sang-de-lannee-a-saint-die-vosges-mardi\/"]}]},{"@type":"ImageObject","inLanguage":"fr-FR","@id":"https:\/\/vosgesinfo.fr\/saintdieinfo\/2023\/01\/premiere-collecte-de-sang-de-lannee-a-saint-die-vosges-mardi\/#primaryimage","url":"https:\/\/vosgesinfo.fr\/app\/uploads\/sites\/4\/2021\/09\/don-du-sang2.jpg","contentUrl":"https:\/\/vosgesinfo.fr\/app\/uploads\/sites\/4\/2021\/09\/don-du-sang2.jpg","width":800,"height":571},{"@type":"BreadcrumbList","@id":"https:\/\/vosgesinfo.fr\/saintdieinfo\/2023\/01\/premiere-collecte-de-sang-de-lannee-a-saint-die-vosges-mardi\/#breadcrumb","itemListElement":[{"@type":"ListItem","position":1,"name":"Home","item":"https:\/\/vosgesinfo.fr\/saintdieinfo\/"},{"@type":"ListItem","position":2,"name":"Premi\u00e8re collecte de sang de l&rsquo;ann\u00e9e \u00e0 Saint-Di\u00e9-des-Vosges ce mardi"}]},{"@type":"WebSite","@id":"https:\/\/vosgesinfo.fr\/saintdieinfo\/#website","url":"https:\/\/vosgesinfo.fr\/saintdieinfo\/","name":"Saint Die Info","description":"Toute l&#039;actualit\u00e9 de Saint-Di\u00e9-Des-Vosges","publisher":{"@id":"https:\/\/vosgesinfo.fr\/saintdieinfo\/#organization"},"alternateName":"Toute l'actualit\u00e9 de Saint-Di\u00e9-Des-Vosges","potentialAction":[{"@type":"SearchAction","target":{"@type":"EntryPoint","urlTemplate":"https:\/\/vosgesinfo.fr\/saintdieinfo\/?s={search_term_string}"},"query-input":"required name=search_term_string"}],"inLanguage":"fr-FR"},{"@type":"Organization","@id":"https:\/\/vosgesinfo.fr\/saintdieinfo\/#organization","name":"Saint Die Info","url":"https:\/\/vosgesinfo.fr\/saintdieinfo\/","logo":{"@type":"ImageObject","inLanguage":"fr-FR","@id":"https:\/\/vosgesinfo.fr\/saintdieinfo\/#\/schema\/logo\/image\/","url":"https:\/\/vosgesinfo.fr\/app\/uploads\/sites\/4\/2024\/02\/logo-sdi.jpg","contentUrl":"https:\/\/vosgesinfo.fr\/app\/uploads\/sites\/4\/2024\/02\/logo-sdi.jpg","width":600,"height":600,"caption":"Saint Die Info"},"image":{"@id":"https:\/\/vosgesinfo.fr\/saintdieinfo\/#\/schema\/logo\/image\/"},"sameAs":["https:\/\/www.facebook.com\/Saintdieinfofr","https:\/\/x.com\/VosgesInfo88","https:\/\/www.youtube.com\/@vosgesinfo"]},{"@type":"Person","@id":"https:\/\/vosgesinfo.fr\/saintdieinfo\/#\/schema\/person\/faee6704a21f3977511db84bd1cd450f","name":"la r\u00e9daction","image":{"@type":"ImageObject","inLanguage":"fr-FR","@id":"https:\/\/vosgesinfo.fr\/saintdieinfo\/#\/schema\/person\/image\/","url":"https:\/\/secure.gravatar.com\/avatar\/6673d8bc6a9c17fa9a453eaa3448de834fa308c2ec9635b7aa99441a7c8d2cf6?s=96&d=mm&r=g","contentUrl":"https:\/\/secure.gravatar.com\/avatar\/6673d8bc6a9c17fa9a453eaa3448de834fa308c2ec9635b7aa99441a7c8d2cf6?s=96&d=mm&r=g","caption":"la r\u00e9daction"},"url":"https:\/\/vosgesinfo.fr\/saintdieinfo\/author\/redac\/"}]}},"_links":{"self":[{"href":"https:\/\/vosgesinfo.fr\/saintdieinfo\/wp-json\/wp\/v2\/posts\/61234","targetHints":{"allow":["GET"]}}],"collection":[{"href":"https:\/\/vosgesinfo.fr\/saintdieinfo\/wp-json\/wp\/v2\/posts"}],"about":[{"href":"https:\/\/vosgesinfo.fr\/saintdieinfo\/wp-json\/wp\/v2\/types\/post"}],"author":[{"embeddable":true,"href":"https:\/\/vosgesinfo.fr\/saintdieinfo\/wp-json\/wp\/v2\/users\/44"}],"replies":[{"embeddable":true,"href":"https:\/\/vosgesinfo.fr\/saintdieinfo\/wp-json\/wp\/v2\/comments?post=61234"}],"version-history":[{"count":0,"href":"https:\/\/vosgesinfo.fr\/saintdieinfo\/wp-json\/wp\/v2\/posts\/61234\/revisions"}],"wp:featuredmedia":[{"embeddable":true,"href":"https:\/\/vosgesinfo.fr\/saintdieinfo\/wp-json\/wp\/v2\/media\/22543"}],"wp:attachment":[{"href":"https:\/\/vosgesinfo.fr\/saintdieinfo\/wp-json\/wp\/v2\/media?parent=61234"}],"wp:term":[{"taxonomy":"category","embeddable":true,"href":"https:\/\/vosgesinfo.fr\/saintdieinfo\/wp-json\/wp\/v2\/categories?post=61234"},{"taxonomy":"post_tag","embeddable":true,"href":"https:\/\/vosgesinfo.fr\/saintdieinfo\/wp-json\/wp\/v2\/tags?post=61234"}],"curies":[{"name":"wp","href":"https:\/\/api.w.org\/{rel}","templated":true}]}}