{"id":61278,"date":"2023-01-03T15:24:40","date_gmt":"2023-01-03T14:24:40","guid":{"rendered":"https:\/\/vosgesinfo.fr\/saintdieinfo\/2023\/01\/chiots-sauves-nom-animaux-spa-deodatienne\/"},"modified":"2023-01-03T15:24:40","modified_gmt":"2023-01-03T14:24:40","slug":"chiots-sauves-nom-animaux-spa-deodatienne","status":"publish","type":"post","link":"https:\/\/vosgesinfo.fr\/saintdieinfo\/2023\/01\/chiots-sauves-nom-animaux-spa-deodatienne\/","title":{"rendered":"Des chiots sauv\u00e9s par Au Nom Des Animaux et la SPA D\u00e9odatienne"},"content":{"rendered":"<div id=\"attachment_195036\" style=\"width: 970px\" class=\"wp-caption aligncenter\"><a href=\"\/2023\/01\/Intervention_ANDA_SDDV-1.jpg\" target=\"_blank\" rel=\"noopener\"><img decoding=\"async\" aria-describedby=\"caption-attachment-195036\" class=\"wp-image-195036 size-large\" src=\"\/2023\/01\/Intervention_ANDA_SDDV-1-1024x768.jpg\" alt=\"Intervention_ANDA_SDDV (1)\" width=\"960\" height=\"720\" \/><\/a><p id=\"caption-attachment-195036\" class=\"wp-caption-text\">(Photographies Au Nom Des Animaux)<\/p><\/div>\n<h2><strong><span style=\"font-size: 14pt;\">Pas de r\u00e9pit pour Au Nom Des Animaux pendant les f\u00eates de fin d&rsquo;ann\u00e9e. Les b\u00e9n\u00e9voles de l&rsquo;association de protection animale sont intervenus ce samedi 31 d\u00e9cembre \u00e0 Saint-Di\u00e9-des-Vosges, apr\u00e8s avoir \u00e9t\u00e9 avertis la veille que des chiots \u00e9taient en danger. Ce qu&rsquo;a confirm\u00e9 un v\u00e9t\u00e9rinaire.<\/span><\/strong><\/h2>\n<p><!--more--><\/p>\n<p>\u00ab\u00a0Une fois le contact \u00e9tabli avec la Police Nationale, le maire Bruno Toussaint et la SPA D\u00e9odatienne, nous nous sommes tous retrouv\u00e9s sur place. Le premier contact a \u00e9t\u00e9 un peu agit\u00e9, mais la Police a tr\u00e8s vite calm\u00e9 la situation. Sur place, nous avons d\u00e9couvert 7 chiens cat\u00e9goris\u00e9s, qui vivent dans des conditions de d\u00e9tention laborieuses. Parmi ces chiens se trouvaient 4 chiots. Bien que ne montrant pas de signe ext\u00e9rieur ce carence, ils doivent \u00eatre vus par un v\u00e9t\u00e9rinaire tr\u00e8s rapidement suite au d\u00e9c\u00e8s d&rsquo;un chiot de ce foyer d&rsquo;une m\u00e9ningo-enc\u00e9phalite. Ce chiot avait \u00e9t\u00e9 vendu ill\u00e9galement. Ces 4 chiots ont \u00e9t\u00e9 pris en charge par la SPA D\u00e9odatienne, pour ensuite \u00eatre mis en s\u00e9curit\u00e9 dans une famille d&rsquo;accueil\u00a0\u00bb explique Dominique Franiatte, pr\u00e9sident de Au Nom Des Animaux, qui remercie \u00ab\u00a0la Police Nationale, le maire Bruno Toussaint et la SPA D\u00e9odatienne pour la r\u00e9activit\u00e9 et leur collaboration dans cette intervention.\u00a0\u00bb<\/p>\n<p>Une plainte va \u00eatre d\u00e9pos\u00e9e cette semaine contre le propri\u00e9taire des chiens, par Au Nom Des Animaux et la SPA D\u00e9odatienne. \u00ab\u00a0Cette personne vend des chiots ill\u00e9galement, qui sont non puc\u00e9s ni vaccin\u00e9s. Vu qu&rsquo;il a eu un d\u00e9c\u00e8s suite au manque de soins, l&rsquo;acte de cruaut\u00e9 peut \u00eatre retenu\u00a0\u00bb pr\u00e9cise Dominique Franiatte \u00e0 ce propos.<\/p>\n<p>J.J.<\/p>\n\n","protected":false},"excerpt":{"rendered":"<p>Pas de r\u00e9pit pour Au Nom Des Animaux pendant les f\u00eates de fin d&rsquo;ann\u00e9e. Les b\u00e9n\u00e9voles de l&rsquo;association de protection [&hellip;]<\/p>\n","protected":false},"author":44,"featured_media":61279,"comment_status":"open","ping_status":"open","sticky":false,"template":"","format":"standard","meta":{"footnotes":""},"categories":[460,2924,2915,17],"tags":[3167,3415,4860,13523,2944],"class_list":["post-61278","post","type-post","status-publish","format-standard","has-post-thumbnail","hentry","category-a-la-une","category-fait-divers","category-saint-die-son-canton","category-vie-associative","tag-au-nom-des-animaux","tag-bruno-toussaint","tag-police-nationale","tag-sauvetage-de-chiots-a-saint-die-des-vosges","tag-spa-deodatienne"],"acf":[],"yoast_head":"<!-- This site is optimized with the Yoast SEO plugin v22.5 - https:\/\/yoast.com\/wordpress\/plugins\/seo\/ -->\n<title>Des chiots sauv\u00e9s par Au Nom Des Animaux et la SPA D\u00e9odatienne - Saint Die Info<\/title>\n<meta name=\"robots\" content=\"index, follow, max-snippet:-1, max-image-preview:large, max-video-preview:-1\" \/>\n<link rel=\"canonical\" href=\"https:\/\/vosgesinfo.fr\/saintdieinfo\/2023\/01\/chiots-sauves-nom-animaux-spa-deodatienne\/\" \/>\n<meta name=\"twitter:card\" content=\"summary_large_image\" \/>\n<meta name=\"twitter:title\" content=\"Des chiots sauv\u00e9s par Au Nom Des Animaux et la SPA D\u00e9odatienne - Saint Die Info\" \/>\n<meta name=\"twitter:description\" content=\"Pas de r\u00e9pit pour Au Nom Des Animaux pendant les f\u00eates de fin d&rsquo;ann\u00e9e. Les b\u00e9n\u00e9voles de l&rsquo;association de protection [&hellip;]\" \/>\n<meta name=\"twitter:image\" content=\"https:\/\/vosgesinfo.fr\/app\/uploads\/sites\/4\/2024\/08\/202301intervention-anda-sddv-1-1.jpg\" \/>\n<meta name=\"twitter:creator\" content=\"@VosgesInfo88\" \/>\n<meta name=\"twitter:site\" content=\"@VosgesInfo88\" \/>\n<meta name=\"twitter:label1\" content=\"\u00c9crit par\" \/>\n\t<meta name=\"twitter:data1\" content=\"la r\u00e9daction\" \/>\n\t<meta name=\"twitter:label2\" content=\"Dur\u00e9e de lecture estim\u00e9e\" \/>\n\t<meta name=\"twitter:data2\" content=\"2 minutes\" \/>\n<script type=\"application\/ld+json\" class=\"yoast-schema-graph\">{\"@context\":\"https:\/\/schema.org\",\"@graph\":[{\"@type\":\"Article\",\"@id\":\"https:\/\/vosgesinfo.fr\/saintdieinfo\/2023\/01\/chiots-sauves-nom-animaux-spa-deodatienne\/#article\",\"isPartOf\":{\"@id\":\"https:\/\/vosgesinfo.fr\/saintdieinfo\/2023\/01\/chiots-sauves-nom-animaux-spa-deodatienne\/\"},\"author\":{\"name\":\"la r\u00e9daction\",\"@id\":\"https:\/\/vosgesinfo.fr\/saintdieinfo\/#\/schema\/person\/faee6704a21f3977511db84bd1cd450f\"},\"headline\":\"Des chiots sauv\u00e9s par Au Nom Des Animaux et la SPA D\u00e9odatienne\",\"datePublished\":\"2023-01-03T14:24:40+00:00\",\"dateModified\":\"2023-01-03T14:24:40+00:00\",\"mainEntityOfPage\":{\"@id\":\"https:\/\/vosgesinfo.fr\/saintdieinfo\/2023\/01\/chiots-sauves-nom-animaux-spa-deodatienne\/\"},\"wordCount\":331,\"commentCount\":0,\"publisher\":{\"@id\":\"https:\/\/vosgesinfo.fr\/saintdieinfo\/#organization\"},\"image\":{\"@id\":\"https:\/\/vosgesinfo.fr\/saintdieinfo\/2023\/01\/chiots-sauves-nom-animaux-spa-deodatienne\/#primaryimage\"},\"thumbnailUrl\":\"https:\/\/vosgesinfo.fr\/app\/uploads\/sites\/4\/2024\/08\/202301intervention-anda-sddv-1-1.jpg\",\"keywords\":[\"Au nom des animaux\",\"Bruno Toussaint\",\"Police Nationale\",\"Sauvetage de chiots \u00e0 Saint-Di\u00e9-des-Vosges\",\"SPA D\u00e9odatienne\"],\"articleSection\":[\"A la Une\",\"Fait Divers\",\"Saint-Di\u00e9-des-Vosges et son Agglom\u00e9ration\",\"Vie Associative\"],\"inLanguage\":\"fr-FR\",\"potentialAction\":[{\"@type\":\"CommentAction\",\"name\":\"Comment\",\"target\":[\"https:\/\/vosgesinfo.fr\/saintdieinfo\/2023\/01\/chiots-sauves-nom-animaux-spa-deodatienne\/#respond\"]}]},{\"@type\":\"WebPage\",\"@id\":\"https:\/\/vosgesinfo.fr\/saintdieinfo\/2023\/01\/chiots-sauves-nom-animaux-spa-deodatienne\/\",\"url\":\"https:\/\/vosgesinfo.fr\/saintdieinfo\/2023\/01\/chiots-sauves-nom-animaux-spa-deodatienne\/\",\"name\":\"Des chiots sauv\u00e9s par Au Nom Des Animaux et la SPA D\u00e9odatienne - Saint Die Info\",\"isPartOf\":{\"@id\":\"https:\/\/vosgesinfo.fr\/saintdieinfo\/#website\"},\"primaryImageOfPage\":{\"@id\":\"https:\/\/vosgesinfo.fr\/saintdieinfo\/2023\/01\/chiots-sauves-nom-animaux-spa-deodatienne\/#primaryimage\"},\"image\":{\"@id\":\"https:\/\/vosgesinfo.fr\/saintdieinfo\/2023\/01\/chiots-sauves-nom-animaux-spa-deodatienne\/#primaryimage\"},\"thumbnailUrl\":\"https:\/\/vosgesinfo.fr\/app\/uploads\/sites\/4\/2024\/08\/202301intervention-anda-sddv-1-1.jpg\",\"datePublished\":\"2023-01-03T14:24:40+00:00\",\"dateModified\":\"2023-01-03T14:24:40+00:00\",\"breadcrumb\":{\"@id\":\"https:\/\/vosgesinfo.fr\/saintdieinfo\/2023\/01\/chiots-sauves-nom-animaux-spa-deodatienne\/#breadcrumb\"},\"inLanguage\":\"fr-FR\",\"potentialAction\":[{\"@type\":\"ReadAction\",\"target\":[\"https:\/\/vosgesinfo.fr\/saintdieinfo\/2023\/01\/chiots-sauves-nom-animaux-spa-deodatienne\/\"]}]},{\"@type\":\"ImageObject\",\"inLanguage\":\"fr-FR\",\"@id\":\"https:\/\/vosgesinfo.fr\/saintdieinfo\/2023\/01\/chiots-sauves-nom-animaux-spa-deodatienne\/#primaryimage\",\"url\":\"https:\/\/vosgesinfo.fr\/app\/uploads\/sites\/4\/2024\/08\/202301intervention-anda-sddv-1-1.jpg\",\"contentUrl\":\"https:\/\/vosgesinfo.fr\/app\/uploads\/sites\/4\/2024\/08\/202301intervention-anda-sddv-1-1.jpg\",\"width\":2048,\"height\":1536},{\"@type\":\"BreadcrumbList\",\"@id\":\"https:\/\/vosgesinfo.fr\/saintdieinfo\/2023\/01\/chiots-sauves-nom-animaux-spa-deodatienne\/#breadcrumb\",\"itemListElement\":[{\"@type\":\"ListItem\",\"position\":1,\"name\":\"Home\",\"item\":\"https:\/\/vosgesinfo.fr\/saintdieinfo\/\"},{\"@type\":\"ListItem\",\"position\":2,\"name\":\"Des chiots sauv\u00e9s par Au Nom Des Animaux et la SPA D\u00e9odatienne\"}]},{\"@type\":\"WebSite\",\"@id\":\"https:\/\/vosgesinfo.fr\/saintdieinfo\/#website\",\"url\":\"https:\/\/vosgesinfo.fr\/saintdieinfo\/\",\"name\":\"Saint Die Info\",\"description\":\"Toute l&#039;actualit\u00e9 de Saint-Di\u00e9-Des-Vosges\",\"publisher\":{\"@id\":\"https:\/\/vosgesinfo.fr\/saintdieinfo\/#organization\"},\"alternateName\":\"Toute l'actualit\u00e9 de Saint-Di\u00e9-Des-Vosges\",\"potentialAction\":[{\"@type\":\"SearchAction\",\"target\":{\"@type\":\"EntryPoint\",\"urlTemplate\":\"https:\/\/vosgesinfo.fr\/saintdieinfo\/?s={search_term_string}\"},\"query-input\":\"required name=search_term_string\"}],\"inLanguage\":\"fr-FR\"},{\"@type\":\"Organization\",\"@id\":\"https:\/\/vosgesinfo.fr\/saintdieinfo\/#organization\",\"name\":\"Saint Die Info\",\"url\":\"https:\/\/vosgesinfo.fr\/saintdieinfo\/\",\"logo\":{\"@type\":\"ImageObject\",\"inLanguage\":\"fr-FR\",\"@id\":\"https:\/\/vosgesinfo.fr\/saintdieinfo\/#\/schema\/logo\/image\/\",\"url\":\"https:\/\/vosgesinfo.fr\/app\/uploads\/sites\/4\/2024\/02\/logo-sdi.jpg\",\"contentUrl\":\"https:\/\/vosgesinfo.fr\/app\/uploads\/sites\/4\/2024\/02\/logo-sdi.jpg\",\"width\":600,\"height\":600,\"caption\":\"Saint Die Info\"},\"image\":{\"@id\":\"https:\/\/vosgesinfo.fr\/saintdieinfo\/#\/schema\/logo\/image\/\"},\"sameAs\":[\"https:\/\/www.facebook.com\/Saintdieinfofr\",\"https:\/\/x.com\/VosgesInfo88\",\"https:\/\/www.youtube.com\/@vosgesinfo\"]},{\"@type\":\"Person\",\"@id\":\"https:\/\/vosgesinfo.fr\/saintdieinfo\/#\/schema\/person\/faee6704a21f3977511db84bd1cd450f\",\"name\":\"la r\u00e9daction\",\"image\":{\"@type\":\"ImageObject\",\"inLanguage\":\"fr-FR\",\"@id\":\"https:\/\/vosgesinfo.fr\/saintdieinfo\/#\/schema\/person\/image\/\",\"url\":\"https:\/\/secure.gravatar.com\/avatar\/6673d8bc6a9c17fa9a453eaa3448de834fa308c2ec9635b7aa99441a7c8d2cf6?s=96&d=mm&r=g\",\"contentUrl\":\"https:\/\/secure.gravatar.com\/avatar\/6673d8bc6a9c17fa9a453eaa3448de834fa308c2ec9635b7aa99441a7c8d2cf6?s=96&d=mm&r=g\",\"caption\":\"la r\u00e9daction\"},\"url\":\"https:\/\/vosgesinfo.fr\/saintdieinfo\/author\/redac\/\"}]}<\/script>\n<!-- \/ Yoast SEO plugin. -->","yoast_head_json":{"title":"Des chiots sauv\u00e9s par Au Nom Des Animaux et la SPA D\u00e9odatienne - Saint Die Info","robots":{"index":"index","follow":"follow","max-snippet":"max-snippet:-1","max-image-preview":"max-image-preview:large","max-video-preview":"max-video-preview:-1"},"canonical":"https:\/\/vosgesinfo.fr\/saintdieinfo\/2023\/01\/chiots-sauves-nom-animaux-spa-deodatienne\/","twitter_card":"summary_large_image","twitter_title":"Des chiots sauv\u00e9s par Au Nom Des Animaux et la SPA D\u00e9odatienne - Saint Die Info","twitter_description":"Pas de r\u00e9pit pour Au Nom Des Animaux pendant les f\u00eates de fin d&rsquo;ann\u00e9e. Les b\u00e9n\u00e9voles de l&rsquo;association de protection [&hellip;]","twitter_image":"https:\/\/vosgesinfo.fr\/app\/uploads\/sites\/4\/2024\/08\/202301intervention-anda-sddv-1-1.jpg","twitter_creator":"@VosgesInfo88","twitter_site":"@VosgesInfo88","twitter_misc":{"\u00c9crit par":"la r\u00e9daction","Dur\u00e9e de lecture estim\u00e9e":"2 minutes"},"schema":{"@context":"https:\/\/schema.org","@graph":[{"@type":"Article","@id":"https:\/\/vosgesinfo.fr\/saintdieinfo\/2023\/01\/chiots-sauves-nom-animaux-spa-deodatienne\/#article","isPartOf":{"@id":"https:\/\/vosgesinfo.fr\/saintdieinfo\/2023\/01\/chiots-sauves-nom-animaux-spa-deodatienne\/"},"author":{"name":"la r\u00e9daction","@id":"https:\/\/vosgesinfo.fr\/saintdieinfo\/#\/schema\/person\/faee6704a21f3977511db84bd1cd450f"},"headline":"Des chiots sauv\u00e9s par Au Nom Des Animaux et la SPA D\u00e9odatienne","datePublished":"2023-01-03T14:24:40+00:00","dateModified":"2023-01-03T14:24:40+00:00","mainEntityOfPage":{"@id":"https:\/\/vosgesinfo.fr\/saintdieinfo\/2023\/01\/chiots-sauves-nom-animaux-spa-deodatienne\/"},"wordCount":331,"commentCount":0,"publisher":{"@id":"https:\/\/vosgesinfo.fr\/saintdieinfo\/#organization"},"image":{"@id":"https:\/\/vosgesinfo.fr\/saintdieinfo\/2023\/01\/chiots-sauves-nom-animaux-spa-deodatienne\/#primaryimage"},"thumbnailUrl":"https:\/\/vosgesinfo.fr\/app\/uploads\/sites\/4\/2024\/08\/202301intervention-anda-sddv-1-1.jpg","keywords":["Au nom des animaux","Bruno Toussaint","Police Nationale","Sauvetage de chiots \u00e0 Saint-Di\u00e9-des-Vosges","SPA D\u00e9odatienne"],"articleSection":["A la Une","Fait Divers","Saint-Di\u00e9-des-Vosges et son Agglom\u00e9ration","Vie Associative"],"inLanguage":"fr-FR","potentialAction":[{"@type":"CommentAction","name":"Comment","target":["https:\/\/vosgesinfo.fr\/saintdieinfo\/2023\/01\/chiots-sauves-nom-animaux-spa-deodatienne\/#respond"]}]},{"@type":"WebPage","@id":"https:\/\/vosgesinfo.fr\/saintdieinfo\/2023\/01\/chiots-sauves-nom-animaux-spa-deodatienne\/","url":"https:\/\/vosgesinfo.fr\/saintdieinfo\/2023\/01\/chiots-sauves-nom-animaux-spa-deodatienne\/","name":"Des chiots sauv\u00e9s par Au Nom Des Animaux et la SPA D\u00e9odatienne - Saint Die Info","isPartOf":{"@id":"https:\/\/vosgesinfo.fr\/saintdieinfo\/#website"},"primaryImageOfPage":{"@id":"https:\/\/vosgesinfo.fr\/saintdieinfo\/2023\/01\/chiots-sauves-nom-animaux-spa-deodatienne\/#primaryimage"},"image":{"@id":"https:\/\/vosgesinfo.fr\/saintdieinfo\/2023\/01\/chiots-sauves-nom-animaux-spa-deodatienne\/#primaryimage"},"thumbnailUrl":"https:\/\/vosgesinfo.fr\/app\/uploads\/sites\/4\/2024\/08\/202301intervention-anda-sddv-1-1.jpg","datePublished":"2023-01-03T14:24:40+00:00","dateModified":"2023-01-03T14:24:40+00:00","breadcrumb":{"@id":"https:\/\/vosgesinfo.fr\/saintdieinfo\/2023\/01\/chiots-sauves-nom-animaux-spa-deodatienne\/#breadcrumb"},"inLanguage":"fr-FR","potentialAction":[{"@type":"ReadAction","target":["https:\/\/vosgesinfo.fr\/saintdieinfo\/2023\/01\/chiots-sauves-nom-animaux-spa-deodatienne\/"]}]},{"@type":"ImageObject","inLanguage":"fr-FR","@id":"https:\/\/vosgesinfo.fr\/saintdieinfo\/2023\/01\/chiots-sauves-nom-animaux-spa-deodatienne\/#primaryimage","url":"https:\/\/vosgesinfo.fr\/app\/uploads\/sites\/4\/2024\/08\/202301intervention-anda-sddv-1-1.jpg","contentUrl":"https:\/\/vosgesinfo.fr\/app\/uploads\/sites\/4\/2024\/08\/202301intervention-anda-sddv-1-1.jpg","width":2048,"height":1536},{"@type":"BreadcrumbList","@id":"https:\/\/vosgesinfo.fr\/saintdieinfo\/2023\/01\/chiots-sauves-nom-animaux-spa-deodatienne\/#breadcrumb","itemListElement":[{"@type":"ListItem","position":1,"name":"Home","item":"https:\/\/vosgesinfo.fr\/saintdieinfo\/"},{"@type":"ListItem","position":2,"name":"Des chiots sauv\u00e9s par Au Nom Des Animaux et la SPA D\u00e9odatienne"}]},{"@type":"WebSite","@id":"https:\/\/vosgesinfo.fr\/saintdieinfo\/#website","url":"https:\/\/vosgesinfo.fr\/saintdieinfo\/","name":"Saint Die Info","description":"Toute l&#039;actualit\u00e9 de Saint-Di\u00e9-Des-Vosges","publisher":{"@id":"https:\/\/vosgesinfo.fr\/saintdieinfo\/#organization"},"alternateName":"Toute l'actualit\u00e9 de Saint-Di\u00e9-Des-Vosges","potentialAction":[{"@type":"SearchAction","target":{"@type":"EntryPoint","urlTemplate":"https:\/\/vosgesinfo.fr\/saintdieinfo\/?s={search_term_string}"},"query-input":"required name=search_term_string"}],"inLanguage":"fr-FR"},{"@type":"Organization","@id":"https:\/\/vosgesinfo.fr\/saintdieinfo\/#organization","name":"Saint Die Info","url":"https:\/\/vosgesinfo.fr\/saintdieinfo\/","logo":{"@type":"ImageObject","inLanguage":"fr-FR","@id":"https:\/\/vosgesinfo.fr\/saintdieinfo\/#\/schema\/logo\/image\/","url":"https:\/\/vosgesinfo.fr\/app\/uploads\/sites\/4\/2024\/02\/logo-sdi.jpg","contentUrl":"https:\/\/vosgesinfo.fr\/app\/uploads\/sites\/4\/2024\/02\/logo-sdi.jpg","width":600,"height":600,"caption":"Saint Die Info"},"image":{"@id":"https:\/\/vosgesinfo.fr\/saintdieinfo\/#\/schema\/logo\/image\/"},"sameAs":["https:\/\/www.facebook.com\/Saintdieinfofr","https:\/\/x.com\/VosgesInfo88","https:\/\/www.youtube.com\/@vosgesinfo"]},{"@type":"Person","@id":"https:\/\/vosgesinfo.fr\/saintdieinfo\/#\/schema\/person\/faee6704a21f3977511db84bd1cd450f","name":"la r\u00e9daction","image":{"@type":"ImageObject","inLanguage":"fr-FR","@id":"https:\/\/vosgesinfo.fr\/saintdieinfo\/#\/schema\/person\/image\/","url":"https:\/\/secure.gravatar.com\/avatar\/6673d8bc6a9c17fa9a453eaa3448de834fa308c2ec9635b7aa99441a7c8d2cf6?s=96&d=mm&r=g","contentUrl":"https:\/\/secure.gravatar.com\/avatar\/6673d8bc6a9c17fa9a453eaa3448de834fa308c2ec9635b7aa99441a7c8d2cf6?s=96&d=mm&r=g","caption":"la r\u00e9daction"},"url":"https:\/\/vosgesinfo.fr\/saintdieinfo\/author\/redac\/"}]}},"_links":{"self":[{"href":"https:\/\/vosgesinfo.fr\/saintdieinfo\/wp-json\/wp\/v2\/posts\/61278","targetHints":{"allow":["GET"]}}],"collection":[{"href":"https:\/\/vosgesinfo.fr\/saintdieinfo\/wp-json\/wp\/v2\/posts"}],"about":[{"href":"https:\/\/vosgesinfo.fr\/saintdieinfo\/wp-json\/wp\/v2\/types\/post"}],"author":[{"embeddable":true,"href":"https:\/\/vosgesinfo.fr\/saintdieinfo\/wp-json\/wp\/v2\/users\/44"}],"replies":[{"embeddable":true,"href":"https:\/\/vosgesinfo.fr\/saintdieinfo\/wp-json\/wp\/v2\/comments?post=61278"}],"version-history":[{"count":0,"href":"https:\/\/vosgesinfo.fr\/saintdieinfo\/wp-json\/wp\/v2\/posts\/61278\/revisions"}],"wp:featuredmedia":[{"embeddable":true,"href":"https:\/\/vosgesinfo.fr\/saintdieinfo\/wp-json\/wp\/v2\/media\/61279"}],"wp:attachment":[{"href":"https:\/\/vosgesinfo.fr\/saintdieinfo\/wp-json\/wp\/v2\/media?parent=61278"}],"wp:term":[{"taxonomy":"category","embeddable":true,"href":"https:\/\/vosgesinfo.fr\/saintdieinfo\/wp-json\/wp\/v2\/categories?post=61278"},{"taxonomy":"post_tag","embeddable":true,"href":"https:\/\/vosgesinfo.fr\/saintdieinfo\/wp-json\/wp\/v2\/tags?post=61278"}],"curies":[{"name":"wp","href":"https:\/\/api.w.org\/{rel}","templated":true}]}}