{"id":61283,"date":"2023-01-04T07:42:18","date_gmt":"2023-01-04T06:42:18","guid":{"rendered":"https:\/\/vosgesinfo.fr\/saintdieinfo\/2023\/01\/vosges-lappel-a-participation-lance-chantiers-de-nettoyage-2023\/"},"modified":"2023-01-04T07:42:18","modified_gmt":"2023-01-04T06:42:18","slug":"vosges-lappel-a-participation-lance-chantiers-de-nettoyage-2023","status":"publish","type":"post","link":"https:\/\/vosgesinfo.fr\/saintdieinfo\/2023\/01\/vosges-lappel-a-participation-lance-chantiers-de-nettoyage-2023\/","title":{"rendered":"Vosges \u2013 L\u2019appel \u00e0 participation est lanc\u00e9 pour les chantiers de nettoyage 2023"},"content":{"rendered":"<div id=\"attachment_195058\" style=\"width: 970px\" class=\"wp-caption aligncenter\"><a href=\"\/2023\/01\/chantiersdenettoyage.jpg\" target=\"_blank\" rel=\"noopener\"><img decoding=\"async\" aria-describedby=\"caption-attachment-195058\" class=\"wp-image-195058 size-large\" src=\"\/2023\/01\/chantiersdenettoyage-1024x576.jpg\" alt=\"chantiersdenettoyage\" width=\"960\" height=\"540\" \/><\/a><p id=\"caption-attachment-195058\" class=\"wp-caption-text\">(Photographie Vosges Mag)<\/p><\/div>\n<h2><strong><span style=\"font-size: 14pt;\">Vous en avez assez de voir les d\u00e9tritus en tout genre joncher les trottoirs, les bords de routes ou encore polluer la nature ? vous avez le souci de votre cadre de vie ? Vous voulez vous investir dans une bonne action ? alors, le grand rendez-vous des chantiers de nettoyage, initi\u00e9 depuis 2006 par le Conseil d\u00e9partemental, va vous int\u00e9resser. Du 2 janvier au 28 f\u00e9vrier 2023, les inscriptions sont possibles sur la plateforme \u00ab guichet citoyen \u00bb accessible sur <a href=\"https:\/\/www.vosges.fr\" target=\"_blank\" rel=\"noopener\">www.vosges.fr<\/a> (d\u00e9marches en ligne\/transition \u00e9cologique\/ chantiers de nettoyage-dossier d&rsquo;inscription)<\/span><\/strong><\/h2>\n<p><!--more--><\/p>\n<p>Ces chantiers de nettoyage sont d\u00e9sormais une manifestation bien connue des Vosgiennes et des Vosgiens. Associations locales, \u00e9tablissements scolaires, communes se mobilisent pour mettre en place \u00e0 leur \u00e9chelon des s\u00e9ances de ramassage de papiers, m\u00e9gots, plastiques et autres d\u00e9tritus laiss\u00e9s dans la nature.\u00a0 Chaque structure choisit librement la date, la p\u00e9riode (printemps, automne,&#8230;) et le lieu de son chantier (sentiers forestiers, quartier, c\u0153ur de village, abords d\u2019une \u00e9cole, le long des routes communales,&#8230;). Le Conseil d\u00e9partemental fournit gracieusement le mat\u00e9riel n\u00e9cessaire \u00e0 la collecte des d\u00e9chets : gants,\u00a0 sacs poubelles ainsi que des outils de communication sous forme d\u2019affiches pour pouvoir informer la population locale des dates et lieux de ramassage.<\/p>\n<p>Ces chantiers de nettoyage ont pour objectif de sensibiliser le grand public \u00e0 la probl\u00e9matique des d\u00e9chets tant sur l\u2019aspect environnemental, avec les d\u00e9p\u00f4ts sauvages, que sur l\u2019incivilit\u00e9 avec le rejet des d\u00e9chets sur la voie publique. Cette \u00ab bonne action \u00bb vise \u00e9galement \u00e0 mobiliser les habitants autour d&rsquo;une action participative \u00ab\u00a0nature\u00a0\u00bb, cr\u00e9atrice de lien social et de convivialit\u00e9. Une belle occasion pour les Vosgiens de participer \u00e0 la pr\u00e9servation et \u00e0 l\u2019embellissement de leur cadre de vie.<\/p>\n<h3><strong><span style=\"font-size: 12pt;\">Comment participer ?<\/span><\/strong><\/h3>\n<p>Pour participer, c\u2019est plut\u00f4t simple. Les porteurs de projets (associations, communes, \u00e9tablissements scolaires, entreprises,\u2026) saisissent leur demande de mat\u00e9riel d\u00e8s maintenant et jusqu&rsquo;au 28 f\u00e9vrier 2023\u00a0 via le guichet citoyen du site du Conseil d\u00e9partemental vosges.fr. Le mat\u00e9riel sera distribu\u00e9 par des agents du D\u00e9partement \u00e0 partir de\u00a0 mi-mars dans les diff\u00e9rents centres d\u2019exploitation des routes r\u00e9partis sur tout le territoire.<\/p>\n<h3><strong><span style=\"font-size: 12pt;\">Retour sur l\u2019op\u00e9ration 2022<\/span><\/strong><\/h3>\n<p>\u2022\u00a0\u00a0 \u00a0104 chantiers r\u00e9alis\u00e9s<br \/>\n\u2022\u00a0\u00a0 \u00a033 associations, 57 collectivit\u00e9s et 14 \u00e9tablissements scolaires mobilis\u00e9s<br \/>\n\u2022\u00a0\u00a0 \u00a05380 participants estim\u00e9s, soit 2723 adultes et 2657 enfants<\/p>\n<h3><strong><span style=\"font-size: 12pt;\">Contact<\/span><\/strong><\/h3>\n<p>Aude DE VOOGHT<br \/>\nConseil d\u00e9partemental des Vosges &#8211; DCTE<br \/>\n03.29.38.53.35 \/ <a href=\"mailto:vosgesleplusbeau@vosges.fr\" target=\"_blank\" rel=\"noopener\">vosgesleplusbeau@vosges.fr<\/a><\/p>\n<p>&#8211;<\/p>\n<p>Source : <a href=\"https:\/\/www.vosgesmag.fr\" target=\"_blank\" rel=\"noopener\">www.vosgesmag.fr<\/a><\/p>\n","protected":false},"excerpt":{"rendered":"<p>Vous en avez assez de voir les d\u00e9tritus en tout genre joncher les trottoirs, les bords de routes ou encore [&hellip;]<\/p>\n","protected":false},"author":44,"featured_media":61284,"comment_status":"open","ping_status":"open","sticky":false,"template":"","format":"standard","meta":{"footnotes":""},"categories":[460,18],"tags":[529,10978,13525,3024],"class_list":["post-61283","post","type-post","status-publish","format-standard","has-post-thumbnail","hentry","category-a-la-une","category-vosges","tag-conseil-departemental-des-vosges","tag-grand-nettoyage-de-printemps","tag-grand-nettoyage-de-printemps-2023","tag-vosges-mag"],"acf":[],"yoast_head":"<!-- This site is optimized with the Yoast SEO plugin v22.5 - https:\/\/yoast.com\/wordpress\/plugins\/seo\/ -->\n<title>Vosges \u2013 L\u2019appel \u00e0 participation est lanc\u00e9 pour les chantiers de nettoyage 2023 - Saint Die Info<\/title>\n<meta name=\"robots\" content=\"index, follow, max-snippet:-1, max-image-preview:large, max-video-preview:-1\" \/>\n<link rel=\"canonical\" href=\"https:\/\/vosgesinfo.fr\/saintdieinfo\/2023\/01\/vosges-lappel-a-participation-lance-chantiers-de-nettoyage-2023\/\" \/>\n<meta name=\"twitter:card\" content=\"summary_large_image\" \/>\n<meta name=\"twitter:title\" content=\"Vosges \u2013 L\u2019appel \u00e0 participation est lanc\u00e9 pour les chantiers de nettoyage 2023 - Saint Die Info\" \/>\n<meta name=\"twitter:description\" content=\"Vous en avez assez de voir les d\u00e9tritus en tout genre joncher les trottoirs, les bords de routes ou encore [&hellip;]\" \/>\n<meta name=\"twitter:image\" content=\"https:\/\/vosgesinfo.fr\/app\/uploads\/sites\/4\/2024\/08\/202301chantiersdenettoyage-scaled.jpg\" \/>\n<meta name=\"twitter:creator\" content=\"@VosgesInfo88\" \/>\n<meta name=\"twitter:site\" content=\"@VosgesInfo88\" \/>\n<meta name=\"twitter:label1\" content=\"\u00c9crit par\" \/>\n\t<meta name=\"twitter:data1\" content=\"la r\u00e9daction\" \/>\n\t<meta name=\"twitter:label2\" content=\"Dur\u00e9e de lecture estim\u00e9e\" \/>\n\t<meta name=\"twitter:data2\" content=\"2 minutes\" \/>\n<script type=\"application\/ld+json\" class=\"yoast-schema-graph\">{\"@context\":\"https:\/\/schema.org\",\"@graph\":[{\"@type\":\"Article\",\"@id\":\"https:\/\/vosgesinfo.fr\/saintdieinfo\/2023\/01\/vosges-lappel-a-participation-lance-chantiers-de-nettoyage-2023\/#article\",\"isPartOf\":{\"@id\":\"https:\/\/vosgesinfo.fr\/saintdieinfo\/2023\/01\/vosges-lappel-a-participation-lance-chantiers-de-nettoyage-2023\/\"},\"author\":{\"name\":\"la r\u00e9daction\",\"@id\":\"https:\/\/vosgesinfo.fr\/saintdieinfo\/#\/schema\/person\/faee6704a21f3977511db84bd1cd450f\"},\"headline\":\"Vosges \u2013 L\u2019appel \u00e0 participation est lanc\u00e9 pour les chantiers de nettoyage 2023\",\"datePublished\":\"2023-01-04T06:42:18+00:00\",\"dateModified\":\"2023-01-04T06:42:18+00:00\",\"mainEntityOfPage\":{\"@id\":\"https:\/\/vosgesinfo.fr\/saintdieinfo\/2023\/01\/vosges-lappel-a-participation-lance-chantiers-de-nettoyage-2023\/\"},\"wordCount\":433,\"commentCount\":0,\"publisher\":{\"@id\":\"https:\/\/vosgesinfo.fr\/saintdieinfo\/#organization\"},\"image\":{\"@id\":\"https:\/\/vosgesinfo.fr\/saintdieinfo\/2023\/01\/vosges-lappel-a-participation-lance-chantiers-de-nettoyage-2023\/#primaryimage\"},\"thumbnailUrl\":\"https:\/\/vosgesinfo.fr\/app\/uploads\/sites\/4\/2024\/08\/202301chantiersdenettoyage-scaled.jpg\",\"keywords\":[\"Conseil d\u00e9partemental des Vosges\",\"Grand nettoyage de printemps\",\"Grand nettoyage de printemps 2023\",\"Vosges Mag\"],\"articleSection\":[\"A la Une\",\"Vosges\"],\"inLanguage\":\"fr-FR\",\"potentialAction\":[{\"@type\":\"CommentAction\",\"name\":\"Comment\",\"target\":[\"https:\/\/vosgesinfo.fr\/saintdieinfo\/2023\/01\/vosges-lappel-a-participation-lance-chantiers-de-nettoyage-2023\/#respond\"]}]},{\"@type\":\"WebPage\",\"@id\":\"https:\/\/vosgesinfo.fr\/saintdieinfo\/2023\/01\/vosges-lappel-a-participation-lance-chantiers-de-nettoyage-2023\/\",\"url\":\"https:\/\/vosgesinfo.fr\/saintdieinfo\/2023\/01\/vosges-lappel-a-participation-lance-chantiers-de-nettoyage-2023\/\",\"name\":\"Vosges \u2013 L\u2019appel \u00e0 participation est lanc\u00e9 pour les chantiers de nettoyage 2023 - Saint Die Info\",\"isPartOf\":{\"@id\":\"https:\/\/vosgesinfo.fr\/saintdieinfo\/#website\"},\"primaryImageOfPage\":{\"@id\":\"https:\/\/vosgesinfo.fr\/saintdieinfo\/2023\/01\/vosges-lappel-a-participation-lance-chantiers-de-nettoyage-2023\/#primaryimage\"},\"image\":{\"@id\":\"https:\/\/vosgesinfo.fr\/saintdieinfo\/2023\/01\/vosges-lappel-a-participation-lance-chantiers-de-nettoyage-2023\/#primaryimage\"},\"thumbnailUrl\":\"https:\/\/vosgesinfo.fr\/app\/uploads\/sites\/4\/2024\/08\/202301chantiersdenettoyage-scaled.jpg\",\"datePublished\":\"2023-01-04T06:42:18+00:00\",\"dateModified\":\"2023-01-04T06:42:18+00:00\",\"breadcrumb\":{\"@id\":\"https:\/\/vosgesinfo.fr\/saintdieinfo\/2023\/01\/vosges-lappel-a-participation-lance-chantiers-de-nettoyage-2023\/#breadcrumb\"},\"inLanguage\":\"fr-FR\",\"potentialAction\":[{\"@type\":\"ReadAction\",\"target\":[\"https:\/\/vosgesinfo.fr\/saintdieinfo\/2023\/01\/vosges-lappel-a-participation-lance-chantiers-de-nettoyage-2023\/\"]}]},{\"@type\":\"ImageObject\",\"inLanguage\":\"fr-FR\",\"@id\":\"https:\/\/vosgesinfo.fr\/saintdieinfo\/2023\/01\/vosges-lappel-a-participation-lance-chantiers-de-nettoyage-2023\/#primaryimage\",\"url\":\"https:\/\/vosgesinfo.fr\/app\/uploads\/sites\/4\/2024\/08\/202301chantiersdenettoyage-scaled.jpg\",\"contentUrl\":\"https:\/\/vosgesinfo.fr\/app\/uploads\/sites\/4\/2024\/08\/202301chantiersdenettoyage-scaled.jpg\",\"width\":2560,\"height\":1440},{\"@type\":\"BreadcrumbList\",\"@id\":\"https:\/\/vosgesinfo.fr\/saintdieinfo\/2023\/01\/vosges-lappel-a-participation-lance-chantiers-de-nettoyage-2023\/#breadcrumb\",\"itemListElement\":[{\"@type\":\"ListItem\",\"position\":1,\"name\":\"Home\",\"item\":\"https:\/\/vosgesinfo.fr\/saintdieinfo\/\"},{\"@type\":\"ListItem\",\"position\":2,\"name\":\"Vosges \u2013 L\u2019appel \u00e0 participation est lanc\u00e9 pour les chantiers de nettoyage 2023\"}]},{\"@type\":\"WebSite\",\"@id\":\"https:\/\/vosgesinfo.fr\/saintdieinfo\/#website\",\"url\":\"https:\/\/vosgesinfo.fr\/saintdieinfo\/\",\"name\":\"Saint Die Info\",\"description\":\"Toute l&#039;actualit\u00e9 de Saint-Di\u00e9-Des-Vosges\",\"publisher\":{\"@id\":\"https:\/\/vosgesinfo.fr\/saintdieinfo\/#organization\"},\"alternateName\":\"Toute l'actualit\u00e9 de Saint-Di\u00e9-Des-Vosges\",\"potentialAction\":[{\"@type\":\"SearchAction\",\"target\":{\"@type\":\"EntryPoint\",\"urlTemplate\":\"https:\/\/vosgesinfo.fr\/saintdieinfo\/?s={search_term_string}\"},\"query-input\":\"required name=search_term_string\"}],\"inLanguage\":\"fr-FR\"},{\"@type\":\"Organization\",\"@id\":\"https:\/\/vosgesinfo.fr\/saintdieinfo\/#organization\",\"name\":\"Saint Die Info\",\"url\":\"https:\/\/vosgesinfo.fr\/saintdieinfo\/\",\"logo\":{\"@type\":\"ImageObject\",\"inLanguage\":\"fr-FR\",\"@id\":\"https:\/\/vosgesinfo.fr\/saintdieinfo\/#\/schema\/logo\/image\/\",\"url\":\"https:\/\/vosgesinfo.fr\/app\/uploads\/sites\/4\/2024\/02\/logo-sdi.jpg\",\"contentUrl\":\"https:\/\/vosgesinfo.fr\/app\/uploads\/sites\/4\/2024\/02\/logo-sdi.jpg\",\"width\":600,\"height\":600,\"caption\":\"Saint Die Info\"},\"image\":{\"@id\":\"https:\/\/vosgesinfo.fr\/saintdieinfo\/#\/schema\/logo\/image\/\"},\"sameAs\":[\"https:\/\/www.facebook.com\/Saintdieinfofr\",\"https:\/\/x.com\/VosgesInfo88\",\"https:\/\/www.youtube.com\/@vosgesinfo\"]},{\"@type\":\"Person\",\"@id\":\"https:\/\/vosgesinfo.fr\/saintdieinfo\/#\/schema\/person\/faee6704a21f3977511db84bd1cd450f\",\"name\":\"la r\u00e9daction\",\"image\":{\"@type\":\"ImageObject\",\"inLanguage\":\"fr-FR\",\"@id\":\"https:\/\/vosgesinfo.fr\/saintdieinfo\/#\/schema\/person\/image\/\",\"url\":\"https:\/\/secure.gravatar.com\/avatar\/6673d8bc6a9c17fa9a453eaa3448de834fa308c2ec9635b7aa99441a7c8d2cf6?s=96&d=mm&r=g\",\"contentUrl\":\"https:\/\/secure.gravatar.com\/avatar\/6673d8bc6a9c17fa9a453eaa3448de834fa308c2ec9635b7aa99441a7c8d2cf6?s=96&d=mm&r=g\",\"caption\":\"la r\u00e9daction\"},\"url\":\"https:\/\/vosgesinfo.fr\/saintdieinfo\/author\/redac\/\"}]}<\/script>\n<!-- \/ Yoast SEO plugin. -->","yoast_head_json":{"title":"Vosges \u2013 L\u2019appel \u00e0 participation est lanc\u00e9 pour les chantiers de nettoyage 2023 - Saint Die Info","robots":{"index":"index","follow":"follow","max-snippet":"max-snippet:-1","max-image-preview":"max-image-preview:large","max-video-preview":"max-video-preview:-1"},"canonical":"https:\/\/vosgesinfo.fr\/saintdieinfo\/2023\/01\/vosges-lappel-a-participation-lance-chantiers-de-nettoyage-2023\/","twitter_card":"summary_large_image","twitter_title":"Vosges \u2013 L\u2019appel \u00e0 participation est lanc\u00e9 pour les chantiers de nettoyage 2023 - Saint Die Info","twitter_description":"Vous en avez assez de voir les d\u00e9tritus en tout genre joncher les trottoirs, les bords de routes ou encore [&hellip;]","twitter_image":"https:\/\/vosgesinfo.fr\/app\/uploads\/sites\/4\/2024\/08\/202301chantiersdenettoyage-scaled.jpg","twitter_creator":"@VosgesInfo88","twitter_site":"@VosgesInfo88","twitter_misc":{"\u00c9crit par":"la r\u00e9daction","Dur\u00e9e de lecture estim\u00e9e":"2 minutes"},"schema":{"@context":"https:\/\/schema.org","@graph":[{"@type":"Article","@id":"https:\/\/vosgesinfo.fr\/saintdieinfo\/2023\/01\/vosges-lappel-a-participation-lance-chantiers-de-nettoyage-2023\/#article","isPartOf":{"@id":"https:\/\/vosgesinfo.fr\/saintdieinfo\/2023\/01\/vosges-lappel-a-participation-lance-chantiers-de-nettoyage-2023\/"},"author":{"name":"la r\u00e9daction","@id":"https:\/\/vosgesinfo.fr\/saintdieinfo\/#\/schema\/person\/faee6704a21f3977511db84bd1cd450f"},"headline":"Vosges \u2013 L\u2019appel \u00e0 participation est lanc\u00e9 pour les chantiers de nettoyage 2023","datePublished":"2023-01-04T06:42:18+00:00","dateModified":"2023-01-04T06:42:18+00:00","mainEntityOfPage":{"@id":"https:\/\/vosgesinfo.fr\/saintdieinfo\/2023\/01\/vosges-lappel-a-participation-lance-chantiers-de-nettoyage-2023\/"},"wordCount":433,"commentCount":0,"publisher":{"@id":"https:\/\/vosgesinfo.fr\/saintdieinfo\/#organization"},"image":{"@id":"https:\/\/vosgesinfo.fr\/saintdieinfo\/2023\/01\/vosges-lappel-a-participation-lance-chantiers-de-nettoyage-2023\/#primaryimage"},"thumbnailUrl":"https:\/\/vosgesinfo.fr\/app\/uploads\/sites\/4\/2024\/08\/202301chantiersdenettoyage-scaled.jpg","keywords":["Conseil d\u00e9partemental des Vosges","Grand nettoyage de printemps","Grand nettoyage de printemps 2023","Vosges Mag"],"articleSection":["A la Une","Vosges"],"inLanguage":"fr-FR","potentialAction":[{"@type":"CommentAction","name":"Comment","target":["https:\/\/vosgesinfo.fr\/saintdieinfo\/2023\/01\/vosges-lappel-a-participation-lance-chantiers-de-nettoyage-2023\/#respond"]}]},{"@type":"WebPage","@id":"https:\/\/vosgesinfo.fr\/saintdieinfo\/2023\/01\/vosges-lappel-a-participation-lance-chantiers-de-nettoyage-2023\/","url":"https:\/\/vosgesinfo.fr\/saintdieinfo\/2023\/01\/vosges-lappel-a-participation-lance-chantiers-de-nettoyage-2023\/","name":"Vosges \u2013 L\u2019appel \u00e0 participation est lanc\u00e9 pour les chantiers de nettoyage 2023 - Saint Die Info","isPartOf":{"@id":"https:\/\/vosgesinfo.fr\/saintdieinfo\/#website"},"primaryImageOfPage":{"@id":"https:\/\/vosgesinfo.fr\/saintdieinfo\/2023\/01\/vosges-lappel-a-participation-lance-chantiers-de-nettoyage-2023\/#primaryimage"},"image":{"@id":"https:\/\/vosgesinfo.fr\/saintdieinfo\/2023\/01\/vosges-lappel-a-participation-lance-chantiers-de-nettoyage-2023\/#primaryimage"},"thumbnailUrl":"https:\/\/vosgesinfo.fr\/app\/uploads\/sites\/4\/2024\/08\/202301chantiersdenettoyage-scaled.jpg","datePublished":"2023-01-04T06:42:18+00:00","dateModified":"2023-01-04T06:42:18+00:00","breadcrumb":{"@id":"https:\/\/vosgesinfo.fr\/saintdieinfo\/2023\/01\/vosges-lappel-a-participation-lance-chantiers-de-nettoyage-2023\/#breadcrumb"},"inLanguage":"fr-FR","potentialAction":[{"@type":"ReadAction","target":["https:\/\/vosgesinfo.fr\/saintdieinfo\/2023\/01\/vosges-lappel-a-participation-lance-chantiers-de-nettoyage-2023\/"]}]},{"@type":"ImageObject","inLanguage":"fr-FR","@id":"https:\/\/vosgesinfo.fr\/saintdieinfo\/2023\/01\/vosges-lappel-a-participation-lance-chantiers-de-nettoyage-2023\/#primaryimage","url":"https:\/\/vosgesinfo.fr\/app\/uploads\/sites\/4\/2024\/08\/202301chantiersdenettoyage-scaled.jpg","contentUrl":"https:\/\/vosgesinfo.fr\/app\/uploads\/sites\/4\/2024\/08\/202301chantiersdenettoyage-scaled.jpg","width":2560,"height":1440},{"@type":"BreadcrumbList","@id":"https:\/\/vosgesinfo.fr\/saintdieinfo\/2023\/01\/vosges-lappel-a-participation-lance-chantiers-de-nettoyage-2023\/#breadcrumb","itemListElement":[{"@type":"ListItem","position":1,"name":"Home","item":"https:\/\/vosgesinfo.fr\/saintdieinfo\/"},{"@type":"ListItem","position":2,"name":"Vosges \u2013 L\u2019appel \u00e0 participation est lanc\u00e9 pour les chantiers de nettoyage 2023"}]},{"@type":"WebSite","@id":"https:\/\/vosgesinfo.fr\/saintdieinfo\/#website","url":"https:\/\/vosgesinfo.fr\/saintdieinfo\/","name":"Saint Die Info","description":"Toute l&#039;actualit\u00e9 de Saint-Di\u00e9-Des-Vosges","publisher":{"@id":"https:\/\/vosgesinfo.fr\/saintdieinfo\/#organization"},"alternateName":"Toute l'actualit\u00e9 de Saint-Di\u00e9-Des-Vosges","potentialAction":[{"@type":"SearchAction","target":{"@type":"EntryPoint","urlTemplate":"https:\/\/vosgesinfo.fr\/saintdieinfo\/?s={search_term_string}"},"query-input":"required name=search_term_string"}],"inLanguage":"fr-FR"},{"@type":"Organization","@id":"https:\/\/vosgesinfo.fr\/saintdieinfo\/#organization","name":"Saint Die Info","url":"https:\/\/vosgesinfo.fr\/saintdieinfo\/","logo":{"@type":"ImageObject","inLanguage":"fr-FR","@id":"https:\/\/vosgesinfo.fr\/saintdieinfo\/#\/schema\/logo\/image\/","url":"https:\/\/vosgesinfo.fr\/app\/uploads\/sites\/4\/2024\/02\/logo-sdi.jpg","contentUrl":"https:\/\/vosgesinfo.fr\/app\/uploads\/sites\/4\/2024\/02\/logo-sdi.jpg","width":600,"height":600,"caption":"Saint Die Info"},"image":{"@id":"https:\/\/vosgesinfo.fr\/saintdieinfo\/#\/schema\/logo\/image\/"},"sameAs":["https:\/\/www.facebook.com\/Saintdieinfofr","https:\/\/x.com\/VosgesInfo88","https:\/\/www.youtube.com\/@vosgesinfo"]},{"@type":"Person","@id":"https:\/\/vosgesinfo.fr\/saintdieinfo\/#\/schema\/person\/faee6704a21f3977511db84bd1cd450f","name":"la r\u00e9daction","image":{"@type":"ImageObject","inLanguage":"fr-FR","@id":"https:\/\/vosgesinfo.fr\/saintdieinfo\/#\/schema\/person\/image\/","url":"https:\/\/secure.gravatar.com\/avatar\/6673d8bc6a9c17fa9a453eaa3448de834fa308c2ec9635b7aa99441a7c8d2cf6?s=96&d=mm&r=g","contentUrl":"https:\/\/secure.gravatar.com\/avatar\/6673d8bc6a9c17fa9a453eaa3448de834fa308c2ec9635b7aa99441a7c8d2cf6?s=96&d=mm&r=g","caption":"la r\u00e9daction"},"url":"https:\/\/vosgesinfo.fr\/saintdieinfo\/author\/redac\/"}]}},"_links":{"self":[{"href":"https:\/\/vosgesinfo.fr\/saintdieinfo\/wp-json\/wp\/v2\/posts\/61283","targetHints":{"allow":["GET"]}}],"collection":[{"href":"https:\/\/vosgesinfo.fr\/saintdieinfo\/wp-json\/wp\/v2\/posts"}],"about":[{"href":"https:\/\/vosgesinfo.fr\/saintdieinfo\/wp-json\/wp\/v2\/types\/post"}],"author":[{"embeddable":true,"href":"https:\/\/vosgesinfo.fr\/saintdieinfo\/wp-json\/wp\/v2\/users\/44"}],"replies":[{"embeddable":true,"href":"https:\/\/vosgesinfo.fr\/saintdieinfo\/wp-json\/wp\/v2\/comments?post=61283"}],"version-history":[{"count":0,"href":"https:\/\/vosgesinfo.fr\/saintdieinfo\/wp-json\/wp\/v2\/posts\/61283\/revisions"}],"wp:featuredmedia":[{"embeddable":true,"href":"https:\/\/vosgesinfo.fr\/saintdieinfo\/wp-json\/wp\/v2\/media\/61284"}],"wp:attachment":[{"href":"https:\/\/vosgesinfo.fr\/saintdieinfo\/wp-json\/wp\/v2\/media?parent=61283"}],"wp:term":[{"taxonomy":"category","embeddable":true,"href":"https:\/\/vosgesinfo.fr\/saintdieinfo\/wp-json\/wp\/v2\/categories?post=61283"},{"taxonomy":"post_tag","embeddable":true,"href":"https:\/\/vosgesinfo.fr\/saintdieinfo\/wp-json\/wp\/v2\/tags?post=61283"}],"curies":[{"name":"wp","href":"https:\/\/api.w.org\/{rel}","templated":true}]}}