{"id":61370,"date":"2023-01-09T10:26:45","date_gmt":"2023-01-09T09:26:45","guid":{"rendered":"https:\/\/vosgesinfo.fr\/saintdieinfo\/2023\/01\/suppression-timbre-rouge-depute-david-valence-alerte-ministre-de-leconomie-finances-bruno-lemaire\/"},"modified":"2023-01-09T10:26:45","modified_gmt":"2023-01-09T09:26:45","slug":"suppression-timbre-rouge-depute-david-valence-alerte-ministre-de-leconomie-finances-bruno-lemaire","status":"publish","type":"post","link":"https:\/\/vosgesinfo.fr\/saintdieinfo\/2023\/01\/suppression-timbre-rouge-depute-david-valence-alerte-ministre-de-leconomie-finances-bruno-lemaire\/","title":{"rendered":"Suppression du timbre rouge \u2013 Le d\u00e9put\u00e9 David Valence alerte le ministre de l&rsquo;Economie et des Finances Bruno Lemaire"},"content":{"rendered":"<div id=\"attachment_188905\" style=\"width: 970px\" class=\"wp-caption aligncenter\"><a href=\"\/2022\/08\/Rentr\u00e9e_Parlementaire_David_Valence.jpg\" target=\"_blank\" rel=\"noopener\"><img decoding=\"async\" aria-describedby=\"caption-attachment-188905\" class=\"wp-image-188905 size-large\" src=\"\/2022\/08\/Rentr\u00e9e_Parlementaire_David_Valence-1024x771.jpg\" alt=\"Rentr\u00e9e_Parlementaire_David_Valence\" width=\"960\" height=\"723\" \/><\/a><p id=\"caption-attachment-188905\" class=\"wp-caption-text\">(Archive)<\/p><\/div>\n<h2><strong><span style=\"font-size: 14pt;\">Depuis ce 1er janvier, la Poste a supprim\u00e9 le timbre rouge pour envoyer une lettre prioritaire, pour le remplacer par un \u00ab\u00a0e-timbre\u00a0\u00bb d\u00e9mat\u00e9rialis\u00e9. Une mesure qui est loin de faire l&rsquo;unanimit\u00e9, en particulier vis \u00e0 vis de la confidentialit\u00e9 des courriers.<\/span><\/strong><\/h2>\n<p><!--more--><\/p>\n<p>Souhaitant que des \u00ab\u00a0mesures d&rsquo;accompagnement suppl\u00e9mentaires \u00e0 cette \u00e9volution puissent \u00eatre prises par La Poste, notamment \u00e0 destination des publics les plus fragiles\u00a0\u00bb, le d\u00e9put\u00e9 de la deuxi\u00e8me circonscription des Vosges David Valence a adress\u00e9 une lettre, dat\u00e9e du 7 janvier, au ministre de l&rsquo;Economie et des Finances Bruno Lemaire. Dans ce courrier, David Valence \u00e9crit avoir \u00e9t\u00e9 \u00ab\u00a0interpell\u00e9 \u00e0 plusieurs reprises \u00e0 ce sujet, parfois de fa\u00e7on v\u00e9h\u00e9mente\u00a0\u00bb. Le d\u00e9put\u00e9 d\u00e9clare \u00e9galement que \u00ab\u00a0la confidentialit\u00e9 des courriers rel\u00e8ve en effet du respect de la vie priv\u00e9e, et \u00e0 cet effet, de nos droits fondamentaux\u00a0\u00bb, estimant que \u00ab\u00a0cette \u00e9volution majeure\u00a0\u00bb est \u00ab\u00a0mal comprise\u00a0\u00bb et \u00ab\u00a0para\u00eet pr\u00e9cipit\u00e9e \u00e0 beaucoup\u00a0\u00bb.<\/p>\n<h3><strong><span style=\"font-size: 12pt;\">La lettre dans son int\u00e9gralit\u00e9\u00a0:<\/span><\/strong><\/h3>\n<p><a href=\"\/2023\/01\/David_Valence_Timbre_Rouge.jpg\" target=\"_blank\" rel=\"noopener\"><img decoding=\"async\" class=\"aligncenter wp-image-195231 size-large\" src=\"\/2023\/01\/David_Valence_Timbre_Rouge-718x1024.jpg\" alt=\"David_Valence_Timbre_Rouge\" width=\"718\" height=\"1024\" \/><\/a><\/p>\n<p>J.J.<\/p>\n","protected":false},"excerpt":{"rendered":"<p>Depuis ce 1er janvier, la Poste a supprim\u00e9 le timbre rouge pour envoyer une lettre prioritaire, pour le remplacer par [&hellip;]<\/p>\n","protected":false},"author":44,"featured_media":61371,"comment_status":"open","ping_status":"open","sticky":false,"template":"","format":"standard","meta":{"footnotes":""},"categories":[460,10,2915,13],"tags":[9506,3337,3338,5728,13542,13543],"class_list":["post-61370","post","type-post","status-publish","format-standard","has-post-thumbnail","hentry","category-a-la-une","category-politique","category-saint-die-son-canton","category-societe","tag-bruno-lemaire","tag-david-valence","tag-depute-de-la-deuxieme-circonscription-des-vosges","tag-la-poste","tag-ministre-de-leconomie-et-des-finances","tag-suppression-du-timbre-rouge"],"acf":[],"yoast_head":"<!-- This site is optimized with the Yoast SEO plugin v22.5 - https:\/\/yoast.com\/wordpress\/plugins\/seo\/ -->\n<title>Suppression du timbre rouge \u2013 Le d\u00e9put\u00e9 David Valence alerte le ministre de l&#039;Economie et des Finances Bruno Lemaire - Saint Die Info<\/title>\n<meta name=\"robots\" content=\"index, follow, max-snippet:-1, max-image-preview:large, max-video-preview:-1\" \/>\n<link rel=\"canonical\" href=\"https:\/\/vosgesinfo.fr\/saintdieinfo\/2023\/01\/suppression-timbre-rouge-depute-david-valence-alerte-ministre-de-leconomie-finances-bruno-lemaire\/\" \/>\n<meta name=\"twitter:card\" content=\"summary_large_image\" \/>\n<meta name=\"twitter:title\" content=\"Suppression du timbre rouge \u2013 Le d\u00e9put\u00e9 David Valence alerte le ministre de l&#039;Economie et des Finances Bruno Lemaire - Saint Die Info\" \/>\n<meta name=\"twitter:description\" content=\"Depuis ce 1er janvier, la Poste a supprim\u00e9 le timbre rouge pour envoyer une lettre prioritaire, pour le remplacer par [&hellip;]\" \/>\n<meta name=\"twitter:image\" content=\"https:\/\/vosgesinfo.fr\/app\/uploads\/sites\/4\/2024\/08\/202208rentree-parlementaire-david-valence-2.jpg\" \/>\n<meta name=\"twitter:creator\" content=\"@VosgesInfo88\" \/>\n<meta name=\"twitter:site\" content=\"@VosgesInfo88\" \/>\n<meta name=\"twitter:label1\" content=\"\u00c9crit par\" \/>\n\t<meta name=\"twitter:data1\" content=\"la r\u00e9daction\" \/>\n\t<meta name=\"twitter:label2\" content=\"Dur\u00e9e de lecture estim\u00e9e\" \/>\n\t<meta name=\"twitter:data2\" content=\"1 minute\" \/>\n<script type=\"application\/ld+json\" class=\"yoast-schema-graph\">{\"@context\":\"https:\/\/schema.org\",\"@graph\":[{\"@type\":\"Article\",\"@id\":\"https:\/\/vosgesinfo.fr\/saintdieinfo\/2023\/01\/suppression-timbre-rouge-depute-david-valence-alerte-ministre-de-leconomie-finances-bruno-lemaire\/#article\",\"isPartOf\":{\"@id\":\"https:\/\/vosgesinfo.fr\/saintdieinfo\/2023\/01\/suppression-timbre-rouge-depute-david-valence-alerte-ministre-de-leconomie-finances-bruno-lemaire\/\"},\"author\":{\"name\":\"la r\u00e9daction\",\"@id\":\"https:\/\/vosgesinfo.fr\/saintdieinfo\/#\/schema\/person\/faee6704a21f3977511db84bd1cd450f\"},\"headline\":\"Suppression du timbre rouge \u2013 Le d\u00e9put\u00e9 David Valence alerte le ministre de l&rsquo;Economie et des Finances Bruno Lemaire\",\"datePublished\":\"2023-01-09T09:26:45+00:00\",\"dateModified\":\"2023-01-09T09:26:45+00:00\",\"mainEntityOfPage\":{\"@id\":\"https:\/\/vosgesinfo.fr\/saintdieinfo\/2023\/01\/suppression-timbre-rouge-depute-david-valence-alerte-ministre-de-leconomie-finances-bruno-lemaire\/\"},\"wordCount\":196,\"commentCount\":0,\"publisher\":{\"@id\":\"https:\/\/vosgesinfo.fr\/saintdieinfo\/#organization\"},\"image\":{\"@id\":\"https:\/\/vosgesinfo.fr\/saintdieinfo\/2023\/01\/suppression-timbre-rouge-depute-david-valence-alerte-ministre-de-leconomie-finances-bruno-lemaire\/#primaryimage\"},\"thumbnailUrl\":\"https:\/\/vosgesinfo.fr\/app\/uploads\/sites\/4\/2024\/08\/202208rentree-parlementaire-david-valence-2.jpg\",\"keywords\":[\"Bruno LEMAIRE\",\"David Valence\",\"D\u00e9put\u00e9 de la deuxi\u00e8me circonscription des Vosges\",\"La Poste\",\"Ministre de l'Economie et des Finances\",\"Suppression du timbre rouge\"],\"articleSection\":[\"A la Une\",\"Politique\",\"Saint-Di\u00e9-des-Vosges et son Agglom\u00e9ration\",\"Soci\u00e9t\u00e9\"],\"inLanguage\":\"fr-FR\",\"potentialAction\":[{\"@type\":\"CommentAction\",\"name\":\"Comment\",\"target\":[\"https:\/\/vosgesinfo.fr\/saintdieinfo\/2023\/01\/suppression-timbre-rouge-depute-david-valence-alerte-ministre-de-leconomie-finances-bruno-lemaire\/#respond\"]}]},{\"@type\":\"WebPage\",\"@id\":\"https:\/\/vosgesinfo.fr\/saintdieinfo\/2023\/01\/suppression-timbre-rouge-depute-david-valence-alerte-ministre-de-leconomie-finances-bruno-lemaire\/\",\"url\":\"https:\/\/vosgesinfo.fr\/saintdieinfo\/2023\/01\/suppression-timbre-rouge-depute-david-valence-alerte-ministre-de-leconomie-finances-bruno-lemaire\/\",\"name\":\"Suppression du timbre rouge \u2013 Le d\u00e9put\u00e9 David Valence alerte le ministre de l'Economie et des Finances Bruno Lemaire - Saint Die Info\",\"isPartOf\":{\"@id\":\"https:\/\/vosgesinfo.fr\/saintdieinfo\/#website\"},\"primaryImageOfPage\":{\"@id\":\"https:\/\/vosgesinfo.fr\/saintdieinfo\/2023\/01\/suppression-timbre-rouge-depute-david-valence-alerte-ministre-de-leconomie-finances-bruno-lemaire\/#primaryimage\"},\"image\":{\"@id\":\"https:\/\/vosgesinfo.fr\/saintdieinfo\/2023\/01\/suppression-timbre-rouge-depute-david-valence-alerte-ministre-de-leconomie-finances-bruno-lemaire\/#primaryimage\"},\"thumbnailUrl\":\"https:\/\/vosgesinfo.fr\/app\/uploads\/sites\/4\/2024\/08\/202208rentree-parlementaire-david-valence-2.jpg\",\"datePublished\":\"2023-01-09T09:26:45+00:00\",\"dateModified\":\"2023-01-09T09:26:45+00:00\",\"breadcrumb\":{\"@id\":\"https:\/\/vosgesinfo.fr\/saintdieinfo\/2023\/01\/suppression-timbre-rouge-depute-david-valence-alerte-ministre-de-leconomie-finances-bruno-lemaire\/#breadcrumb\"},\"inLanguage\":\"fr-FR\",\"potentialAction\":[{\"@type\":\"ReadAction\",\"target\":[\"https:\/\/vosgesinfo.fr\/saintdieinfo\/2023\/01\/suppression-timbre-rouge-depute-david-valence-alerte-ministre-de-leconomie-finances-bruno-lemaire\/\"]}]},{\"@type\":\"ImageObject\",\"inLanguage\":\"fr-FR\",\"@id\":\"https:\/\/vosgesinfo.fr\/saintdieinfo\/2023\/01\/suppression-timbre-rouge-depute-david-valence-alerte-ministre-de-leconomie-finances-bruno-lemaire\/#primaryimage\",\"url\":\"https:\/\/vosgesinfo.fr\/app\/uploads\/sites\/4\/2024\/08\/202208rentree-parlementaire-david-valence-2.jpg\",\"contentUrl\":\"https:\/\/vosgesinfo.fr\/app\/uploads\/sites\/4\/2024\/08\/202208rentree-parlementaire-david-valence-2.jpg\",\"width\":1600,\"height\":1205},{\"@type\":\"BreadcrumbList\",\"@id\":\"https:\/\/vosgesinfo.fr\/saintdieinfo\/2023\/01\/suppression-timbre-rouge-depute-david-valence-alerte-ministre-de-leconomie-finances-bruno-lemaire\/#breadcrumb\",\"itemListElement\":[{\"@type\":\"ListItem\",\"position\":1,\"name\":\"Home\",\"item\":\"https:\/\/vosgesinfo.fr\/saintdieinfo\/\"},{\"@type\":\"ListItem\",\"position\":2,\"name\":\"Suppression du timbre rouge \u2013 Le d\u00e9put\u00e9 David Valence alerte le ministre de l&rsquo;Economie et des Finances Bruno Lemaire\"}]},{\"@type\":\"WebSite\",\"@id\":\"https:\/\/vosgesinfo.fr\/saintdieinfo\/#website\",\"url\":\"https:\/\/vosgesinfo.fr\/saintdieinfo\/\",\"name\":\"Saint Die Info\",\"description\":\"Toute l&#039;actualit\u00e9 de Saint-Di\u00e9-Des-Vosges\",\"publisher\":{\"@id\":\"https:\/\/vosgesinfo.fr\/saintdieinfo\/#organization\"},\"alternateName\":\"Toute l'actualit\u00e9 de Saint-Di\u00e9-Des-Vosges\",\"potentialAction\":[{\"@type\":\"SearchAction\",\"target\":{\"@type\":\"EntryPoint\",\"urlTemplate\":\"https:\/\/vosgesinfo.fr\/saintdieinfo\/?s={search_term_string}\"},\"query-input\":\"required name=search_term_string\"}],\"inLanguage\":\"fr-FR\"},{\"@type\":\"Organization\",\"@id\":\"https:\/\/vosgesinfo.fr\/saintdieinfo\/#organization\",\"name\":\"Saint Die Info\",\"url\":\"https:\/\/vosgesinfo.fr\/saintdieinfo\/\",\"logo\":{\"@type\":\"ImageObject\",\"inLanguage\":\"fr-FR\",\"@id\":\"https:\/\/vosgesinfo.fr\/saintdieinfo\/#\/schema\/logo\/image\/\",\"url\":\"https:\/\/vosgesinfo.fr\/app\/uploads\/sites\/4\/2024\/02\/logo-sdi.jpg\",\"contentUrl\":\"https:\/\/vosgesinfo.fr\/app\/uploads\/sites\/4\/2024\/02\/logo-sdi.jpg\",\"width\":600,\"height\":600,\"caption\":\"Saint Die Info\"},\"image\":{\"@id\":\"https:\/\/vosgesinfo.fr\/saintdieinfo\/#\/schema\/logo\/image\/\"},\"sameAs\":[\"https:\/\/www.facebook.com\/Saintdieinfofr\",\"https:\/\/x.com\/VosgesInfo88\",\"https:\/\/www.youtube.com\/@vosgesinfo\"]},{\"@type\":\"Person\",\"@id\":\"https:\/\/vosgesinfo.fr\/saintdieinfo\/#\/schema\/person\/faee6704a21f3977511db84bd1cd450f\",\"name\":\"la r\u00e9daction\",\"image\":{\"@type\":\"ImageObject\",\"inLanguage\":\"fr-FR\",\"@id\":\"https:\/\/vosgesinfo.fr\/saintdieinfo\/#\/schema\/person\/image\/\",\"url\":\"https:\/\/secure.gravatar.com\/avatar\/6673d8bc6a9c17fa9a453eaa3448de834fa308c2ec9635b7aa99441a7c8d2cf6?s=96&d=mm&r=g\",\"contentUrl\":\"https:\/\/secure.gravatar.com\/avatar\/6673d8bc6a9c17fa9a453eaa3448de834fa308c2ec9635b7aa99441a7c8d2cf6?s=96&d=mm&r=g\",\"caption\":\"la r\u00e9daction\"},\"url\":\"https:\/\/vosgesinfo.fr\/saintdieinfo\/author\/redac\/\"}]}<\/script>\n<!-- \/ Yoast SEO plugin. -->","yoast_head_json":{"title":"Suppression du timbre rouge \u2013 Le d\u00e9put\u00e9 David Valence alerte le ministre de l'Economie et des Finances Bruno Lemaire - Saint Die Info","robots":{"index":"index","follow":"follow","max-snippet":"max-snippet:-1","max-image-preview":"max-image-preview:large","max-video-preview":"max-video-preview:-1"},"canonical":"https:\/\/vosgesinfo.fr\/saintdieinfo\/2023\/01\/suppression-timbre-rouge-depute-david-valence-alerte-ministre-de-leconomie-finances-bruno-lemaire\/","twitter_card":"summary_large_image","twitter_title":"Suppression du timbre rouge \u2013 Le d\u00e9put\u00e9 David Valence alerte le ministre de l'Economie et des Finances Bruno Lemaire - Saint Die Info","twitter_description":"Depuis ce 1er janvier, la Poste a supprim\u00e9 le timbre rouge pour envoyer une lettre prioritaire, pour le remplacer par [&hellip;]","twitter_image":"https:\/\/vosgesinfo.fr\/app\/uploads\/sites\/4\/2024\/08\/202208rentree-parlementaire-david-valence-2.jpg","twitter_creator":"@VosgesInfo88","twitter_site":"@VosgesInfo88","twitter_misc":{"\u00c9crit par":"la r\u00e9daction","Dur\u00e9e de lecture estim\u00e9e":"1 minute"},"schema":{"@context":"https:\/\/schema.org","@graph":[{"@type":"Article","@id":"https:\/\/vosgesinfo.fr\/saintdieinfo\/2023\/01\/suppression-timbre-rouge-depute-david-valence-alerte-ministre-de-leconomie-finances-bruno-lemaire\/#article","isPartOf":{"@id":"https:\/\/vosgesinfo.fr\/saintdieinfo\/2023\/01\/suppression-timbre-rouge-depute-david-valence-alerte-ministre-de-leconomie-finances-bruno-lemaire\/"},"author":{"name":"la r\u00e9daction","@id":"https:\/\/vosgesinfo.fr\/saintdieinfo\/#\/schema\/person\/faee6704a21f3977511db84bd1cd450f"},"headline":"Suppression du timbre rouge \u2013 Le d\u00e9put\u00e9 David Valence alerte le ministre de l&rsquo;Economie et des Finances Bruno Lemaire","datePublished":"2023-01-09T09:26:45+00:00","dateModified":"2023-01-09T09:26:45+00:00","mainEntityOfPage":{"@id":"https:\/\/vosgesinfo.fr\/saintdieinfo\/2023\/01\/suppression-timbre-rouge-depute-david-valence-alerte-ministre-de-leconomie-finances-bruno-lemaire\/"},"wordCount":196,"commentCount":0,"publisher":{"@id":"https:\/\/vosgesinfo.fr\/saintdieinfo\/#organization"},"image":{"@id":"https:\/\/vosgesinfo.fr\/saintdieinfo\/2023\/01\/suppression-timbre-rouge-depute-david-valence-alerte-ministre-de-leconomie-finances-bruno-lemaire\/#primaryimage"},"thumbnailUrl":"https:\/\/vosgesinfo.fr\/app\/uploads\/sites\/4\/2024\/08\/202208rentree-parlementaire-david-valence-2.jpg","keywords":["Bruno LEMAIRE","David Valence","D\u00e9put\u00e9 de la deuxi\u00e8me circonscription des Vosges","La Poste","Ministre de l'Economie et des Finances","Suppression du timbre rouge"],"articleSection":["A la Une","Politique","Saint-Di\u00e9-des-Vosges et son Agglom\u00e9ration","Soci\u00e9t\u00e9"],"inLanguage":"fr-FR","potentialAction":[{"@type":"CommentAction","name":"Comment","target":["https:\/\/vosgesinfo.fr\/saintdieinfo\/2023\/01\/suppression-timbre-rouge-depute-david-valence-alerte-ministre-de-leconomie-finances-bruno-lemaire\/#respond"]}]},{"@type":"WebPage","@id":"https:\/\/vosgesinfo.fr\/saintdieinfo\/2023\/01\/suppression-timbre-rouge-depute-david-valence-alerte-ministre-de-leconomie-finances-bruno-lemaire\/","url":"https:\/\/vosgesinfo.fr\/saintdieinfo\/2023\/01\/suppression-timbre-rouge-depute-david-valence-alerte-ministre-de-leconomie-finances-bruno-lemaire\/","name":"Suppression du timbre rouge \u2013 Le d\u00e9put\u00e9 David Valence alerte le ministre de l'Economie et des Finances Bruno Lemaire - Saint Die Info","isPartOf":{"@id":"https:\/\/vosgesinfo.fr\/saintdieinfo\/#website"},"primaryImageOfPage":{"@id":"https:\/\/vosgesinfo.fr\/saintdieinfo\/2023\/01\/suppression-timbre-rouge-depute-david-valence-alerte-ministre-de-leconomie-finances-bruno-lemaire\/#primaryimage"},"image":{"@id":"https:\/\/vosgesinfo.fr\/saintdieinfo\/2023\/01\/suppression-timbre-rouge-depute-david-valence-alerte-ministre-de-leconomie-finances-bruno-lemaire\/#primaryimage"},"thumbnailUrl":"https:\/\/vosgesinfo.fr\/app\/uploads\/sites\/4\/2024\/08\/202208rentree-parlementaire-david-valence-2.jpg","datePublished":"2023-01-09T09:26:45+00:00","dateModified":"2023-01-09T09:26:45+00:00","breadcrumb":{"@id":"https:\/\/vosgesinfo.fr\/saintdieinfo\/2023\/01\/suppression-timbre-rouge-depute-david-valence-alerte-ministre-de-leconomie-finances-bruno-lemaire\/#breadcrumb"},"inLanguage":"fr-FR","potentialAction":[{"@type":"ReadAction","target":["https:\/\/vosgesinfo.fr\/saintdieinfo\/2023\/01\/suppression-timbre-rouge-depute-david-valence-alerte-ministre-de-leconomie-finances-bruno-lemaire\/"]}]},{"@type":"ImageObject","inLanguage":"fr-FR","@id":"https:\/\/vosgesinfo.fr\/saintdieinfo\/2023\/01\/suppression-timbre-rouge-depute-david-valence-alerte-ministre-de-leconomie-finances-bruno-lemaire\/#primaryimage","url":"https:\/\/vosgesinfo.fr\/app\/uploads\/sites\/4\/2024\/08\/202208rentree-parlementaire-david-valence-2.jpg","contentUrl":"https:\/\/vosgesinfo.fr\/app\/uploads\/sites\/4\/2024\/08\/202208rentree-parlementaire-david-valence-2.jpg","width":1600,"height":1205},{"@type":"BreadcrumbList","@id":"https:\/\/vosgesinfo.fr\/saintdieinfo\/2023\/01\/suppression-timbre-rouge-depute-david-valence-alerte-ministre-de-leconomie-finances-bruno-lemaire\/#breadcrumb","itemListElement":[{"@type":"ListItem","position":1,"name":"Home","item":"https:\/\/vosgesinfo.fr\/saintdieinfo\/"},{"@type":"ListItem","position":2,"name":"Suppression du timbre rouge \u2013 Le d\u00e9put\u00e9 David Valence alerte le ministre de l&rsquo;Economie et des Finances Bruno Lemaire"}]},{"@type":"WebSite","@id":"https:\/\/vosgesinfo.fr\/saintdieinfo\/#website","url":"https:\/\/vosgesinfo.fr\/saintdieinfo\/","name":"Saint Die Info","description":"Toute l&#039;actualit\u00e9 de Saint-Di\u00e9-Des-Vosges","publisher":{"@id":"https:\/\/vosgesinfo.fr\/saintdieinfo\/#organization"},"alternateName":"Toute l'actualit\u00e9 de Saint-Di\u00e9-Des-Vosges","potentialAction":[{"@type":"SearchAction","target":{"@type":"EntryPoint","urlTemplate":"https:\/\/vosgesinfo.fr\/saintdieinfo\/?s={search_term_string}"},"query-input":"required name=search_term_string"}],"inLanguage":"fr-FR"},{"@type":"Organization","@id":"https:\/\/vosgesinfo.fr\/saintdieinfo\/#organization","name":"Saint Die Info","url":"https:\/\/vosgesinfo.fr\/saintdieinfo\/","logo":{"@type":"ImageObject","inLanguage":"fr-FR","@id":"https:\/\/vosgesinfo.fr\/saintdieinfo\/#\/schema\/logo\/image\/","url":"https:\/\/vosgesinfo.fr\/app\/uploads\/sites\/4\/2024\/02\/logo-sdi.jpg","contentUrl":"https:\/\/vosgesinfo.fr\/app\/uploads\/sites\/4\/2024\/02\/logo-sdi.jpg","width":600,"height":600,"caption":"Saint Die Info"},"image":{"@id":"https:\/\/vosgesinfo.fr\/saintdieinfo\/#\/schema\/logo\/image\/"},"sameAs":["https:\/\/www.facebook.com\/Saintdieinfofr","https:\/\/x.com\/VosgesInfo88","https:\/\/www.youtube.com\/@vosgesinfo"]},{"@type":"Person","@id":"https:\/\/vosgesinfo.fr\/saintdieinfo\/#\/schema\/person\/faee6704a21f3977511db84bd1cd450f","name":"la r\u00e9daction","image":{"@type":"ImageObject","inLanguage":"fr-FR","@id":"https:\/\/vosgesinfo.fr\/saintdieinfo\/#\/schema\/person\/image\/","url":"https:\/\/secure.gravatar.com\/avatar\/6673d8bc6a9c17fa9a453eaa3448de834fa308c2ec9635b7aa99441a7c8d2cf6?s=96&d=mm&r=g","contentUrl":"https:\/\/secure.gravatar.com\/avatar\/6673d8bc6a9c17fa9a453eaa3448de834fa308c2ec9635b7aa99441a7c8d2cf6?s=96&d=mm&r=g","caption":"la r\u00e9daction"},"url":"https:\/\/vosgesinfo.fr\/saintdieinfo\/author\/redac\/"}]}},"_links":{"self":[{"href":"https:\/\/vosgesinfo.fr\/saintdieinfo\/wp-json\/wp\/v2\/posts\/61370","targetHints":{"allow":["GET"]}}],"collection":[{"href":"https:\/\/vosgesinfo.fr\/saintdieinfo\/wp-json\/wp\/v2\/posts"}],"about":[{"href":"https:\/\/vosgesinfo.fr\/saintdieinfo\/wp-json\/wp\/v2\/types\/post"}],"author":[{"embeddable":true,"href":"https:\/\/vosgesinfo.fr\/saintdieinfo\/wp-json\/wp\/v2\/users\/44"}],"replies":[{"embeddable":true,"href":"https:\/\/vosgesinfo.fr\/saintdieinfo\/wp-json\/wp\/v2\/comments?post=61370"}],"version-history":[{"count":0,"href":"https:\/\/vosgesinfo.fr\/saintdieinfo\/wp-json\/wp\/v2\/posts\/61370\/revisions"}],"wp:featuredmedia":[{"embeddable":true,"href":"https:\/\/vosgesinfo.fr\/saintdieinfo\/wp-json\/wp\/v2\/media\/61371"}],"wp:attachment":[{"href":"https:\/\/vosgesinfo.fr\/saintdieinfo\/wp-json\/wp\/v2\/media?parent=61370"}],"wp:term":[{"taxonomy":"category","embeddable":true,"href":"https:\/\/vosgesinfo.fr\/saintdieinfo\/wp-json\/wp\/v2\/categories?post=61370"},{"taxonomy":"post_tag","embeddable":true,"href":"https:\/\/vosgesinfo.fr\/saintdieinfo\/wp-json\/wp\/v2\/tags?post=61370"}],"curies":[{"name":"wp","href":"https:\/\/api.w.org\/{rel}","templated":true}]}}