{"id":61571,"date":"2023-01-16T14:17:08","date_gmt":"2023-01-16T13:17:08","guid":{"rendered":"https:\/\/vosgesinfo.fr\/saintdieinfo\/2023\/01\/nuits-de-lecture-deodatie-demandez-programme\/"},"modified":"2023-01-16T14:17:08","modified_gmt":"2023-01-16T13:17:08","slug":"nuits-de-lecture-deodatie-demandez-programme","status":"publish","type":"post","link":"https:\/\/vosgesinfo.fr\/saintdieinfo\/2023\/01\/nuits-de-lecture-deodatie-demandez-programme\/","title":{"rendered":"Nuits de la Lecture en D\u00e9odatie\u00a0: demandez le programme\u00a0!"},"content":{"rendered":"<h2><strong><span style=\"font-size: 14pt;\">Les prochaines Nuits de la Lecture se d\u00e9rouleront du 19 au 22 janvier 2023. A cette occasion, le r\u00e9seau Escales, le r\u00e9seau des m\u00e9diath\u00e8ques de la D\u00e9odatie, propose de nombreuses animations \u2013 gratuites \u2013 qui feront frissonner le public, car le th\u00e8me retenu cette ann\u00e9e est celui de \u00ab\u00a0La peur\u00a0\u00bb.<\/span><\/strong><\/h2>\n<p><!--more--><\/p>\n<h3><strong><span style=\"font-size: 12pt;\">Au programme\u00a0:<\/span><\/strong><\/h3>\n<p><strong>M\u00e9diath\u00e8que Victor-Hugo de Saint-Di\u00e9-des-Vosges :<\/strong><\/p>\n<ul>\n<li>Samedi 21 janvier \u00e0 16h30 et 18h30, Lectures frissonnantes par Aur\u00e9lie Bernheim. (Sur r\u00e9servation car la jauge est limit\u00e9e, au 03-29-51-60-40)<\/li>\n<\/ul>\n<p><strong>M\u00e9diath\u00e8que Jean-de-la-Fontaine de Saint-Di\u00e9-des-Vosges :<\/strong><\/p>\n<ul>\n<li>Mercredi 18 janvier \u00e0 10h30, Malle aux histoires \u00ab\u00a0A glagla! Il fait froid !\u00a0\u00bb.<\/li>\n<li>Samedi 21 janvier \u00e0 11h, Escape box \u00ab\u00a0Le manoir hant\u00e9\u00a0\u00bb. (Sur inscription via <a href=\"mailto:escales@ca-saintdie.fr\" target=\"_blank\" rel=\"noopener\">escales@ca-saintdie.fr<\/a>)<\/li>\n<\/ul>\n<p><strong>M\u00e9diath\u00e8que de Raon-l&rsquo;\u00c9tape :<\/strong><\/p>\n<ul>\n<li>Vendredi 20 janvier \u00e0 18h, Escape box \u00ab\u00a0Maniac&rsquo;s house\u00a0\u00bb. (Sur inscription via <a href=\"mailto:escales@ca-saintdie.fr\" target=\"_blank\" rel=\"noopener\">escales@ca-saintdie.fr<\/a>)<\/li>\n<\/ul>\n<p><strong>M\u00e9diath\u00e8que d&rsquo;Etival-Clairefontaine\u00a0:<\/strong><\/p>\n<ul>\n<li>Vendredi 20 janvier \u00e0 18h, Escape box \u00ab\u00a0Le manoir hant\u00e9\u00a0\u00bb. (Sur inscription via <a href=\"mailto:escales@ca-saintdie.fr\" target=\"_blank\" rel=\"noopener\">escales@ca-saintdie.fr<\/a>)<\/li>\n<li>Samedi 21 janvier \u00e0 15h, Lectures par l&rsquo;atelier Lire &amp; Dire sur le th\u00e8me du Portugal.<\/li>\n<\/ul>\n<p><strong>M\u00e9diath\u00e8que de Fraize :<\/strong><\/p>\n<ul>\n<li>Mercredi 18 janvier \u00e0 14h30, Malle aux histoires.<\/li>\n<li>Samedi 21 janvier \u00e0 14h30, Escape box \u00ab\u00a0Le manoir hant\u00e9\u00a0\u00bb. (Sur inscription via <a href=\"mailto:escales@ca-saintdie.fr\" target=\"_blank\" rel=\"noopener\">escales@ca-saintdie.fr<\/a>)<\/li>\n<\/ul>\n<p><strong>M\u00e9diath\u00e8que de Senones :<\/strong><\/p>\n<ul>\n<li>Vendredi 20 janvier \u00e0 20h30, Escape box \u00ab\u00a0Le manoir hant\u00e9\u00a0\u00bb. (Sur inscription via <a href=\"mailto:escales@ca-saintdie.fr\" target=\"_blank\" rel=\"noopener\">escales@ca-saintdie.fr<\/a>)<\/li>\n<\/ul>\n<p><a href=\"\/2023\/01\/Nuit_Lecture_R\u00e9seau_Escales.jpg\" target=\"_blank\" rel=\"noopener\"><img decoding=\"async\" class=\"aligncenter wp-image-195556 size-large\" src=\"\/2023\/01\/Nuit_Lecture_R\u00e9seau_Escales-724x1024.jpg\" alt=\"Nuit_Lecture_R\u00e9seau_Escales\" width=\"724\" height=\"1024\" \/><\/a><\/p>\n<p>J.J.<\/p>\n","protected":false},"excerpt":{"rendered":"<p>Les prochaines Nuits de la Lecture se d\u00e9rouleront du 19 au 22 janvier 2023. A cette occasion, le r\u00e9seau Escales, [&hellip;]<\/p>\n","protected":false},"author":44,"featured_media":61572,"comment_status":"open","ping_status":"open","sticky":false,"template":"","format":"standard","meta":{"footnotes":""},"categories":[460,7847,8090,20,2915],"tags":[13617,11954,577,3255],"class_list":["post-61571","post","type-post","status-publish","format-standard","has-post-thumbnail","hentry","category-a-la-une","category-art-culture","category-litterature","category-loisirs","category-saint-die-son-canton","tag-la-peur","tag-mediatheques-de-la-deodatie","tag-nuits-de-la-lecture","tag-reseau-escales"],"acf":[],"yoast_head":"<!-- This site is optimized with the Yoast SEO plugin v22.5 - https:\/\/yoast.com\/wordpress\/plugins\/seo\/ -->\n<title>Nuits de la Lecture en D\u00e9odatie\u00a0: demandez le programme\u00a0! - Saint Die Info<\/title>\n<meta name=\"robots\" content=\"index, follow, max-snippet:-1, max-image-preview:large, max-video-preview:-1\" \/>\n<link rel=\"canonical\" href=\"https:\/\/vosgesinfo.fr\/saintdieinfo\/2023\/01\/nuits-de-lecture-deodatie-demandez-programme\/\" \/>\n<meta name=\"twitter:card\" content=\"summary_large_image\" \/>\n<meta name=\"twitter:title\" content=\"Nuits de la Lecture en D\u00e9odatie\u00a0: demandez le programme\u00a0! - Saint Die Info\" \/>\n<meta name=\"twitter:description\" content=\"Les prochaines Nuits de la Lecture se d\u00e9rouleront du 19 au 22 janvier 2023. A cette occasion, le r\u00e9seau Escales, [&hellip;]\" \/>\n<meta name=\"twitter:image\" content=\"https:\/\/vosgesinfo.fr\/app\/uploads\/sites\/4\/2024\/08\/202301nuit-lecture-reseau-escales.jpg\" \/>\n<meta name=\"twitter:creator\" content=\"@VosgesInfo88\" \/>\n<meta name=\"twitter:site\" content=\"@VosgesInfo88\" \/>\n<meta name=\"twitter:label1\" content=\"\u00c9crit par\" \/>\n\t<meta name=\"twitter:data1\" content=\"la r\u00e9daction\" \/>\n\t<meta name=\"twitter:label2\" content=\"Dur\u00e9e de lecture estim\u00e9e\" \/>\n\t<meta name=\"twitter:data2\" content=\"1 minute\" \/>\n<script type=\"application\/ld+json\" class=\"yoast-schema-graph\">{\"@context\":\"https:\/\/schema.org\",\"@graph\":[{\"@type\":\"Article\",\"@id\":\"https:\/\/vosgesinfo.fr\/saintdieinfo\/2023\/01\/nuits-de-lecture-deodatie-demandez-programme\/#article\",\"isPartOf\":{\"@id\":\"https:\/\/vosgesinfo.fr\/saintdieinfo\/2023\/01\/nuits-de-lecture-deodatie-demandez-programme\/\"},\"author\":{\"name\":\"la r\u00e9daction\",\"@id\":\"https:\/\/vosgesinfo.fr\/saintdieinfo\/#\/schema\/person\/faee6704a21f3977511db84bd1cd450f\"},\"headline\":\"Nuits de la Lecture en D\u00e9odatie\u00a0: demandez le programme\u00a0!\",\"datePublished\":\"2023-01-16T13:17:08+00:00\",\"dateModified\":\"2023-01-16T13:17:08+00:00\",\"mainEntityOfPage\":{\"@id\":\"https:\/\/vosgesinfo.fr\/saintdieinfo\/2023\/01\/nuits-de-lecture-deodatie-demandez-programme\/\"},\"wordCount\":230,\"commentCount\":0,\"publisher\":{\"@id\":\"https:\/\/vosgesinfo.fr\/saintdieinfo\/#organization\"},\"image\":{\"@id\":\"https:\/\/vosgesinfo.fr\/saintdieinfo\/2023\/01\/nuits-de-lecture-deodatie-demandez-programme\/#primaryimage\"},\"thumbnailUrl\":\"https:\/\/vosgesinfo.fr\/app\/uploads\/sites\/4\/2024\/08\/202301nuit-lecture-reseau-escales.jpg\",\"keywords\":[\"La Peur\",\"M\u00e9diath\u00e8ques de la D\u00e9odatie\",\"Nuits de la lecture\",\"R\u00e9seau Escales\"],\"articleSection\":[\"A la Une\",\"Culture\",\"Litt\u00e9rature\",\"Loisirs\",\"Saint-Di\u00e9-des-Vosges et son Agglom\u00e9ration\"],\"inLanguage\":\"fr-FR\",\"potentialAction\":[{\"@type\":\"CommentAction\",\"name\":\"Comment\",\"target\":[\"https:\/\/vosgesinfo.fr\/saintdieinfo\/2023\/01\/nuits-de-lecture-deodatie-demandez-programme\/#respond\"]}]},{\"@type\":\"WebPage\",\"@id\":\"https:\/\/vosgesinfo.fr\/saintdieinfo\/2023\/01\/nuits-de-lecture-deodatie-demandez-programme\/\",\"url\":\"https:\/\/vosgesinfo.fr\/saintdieinfo\/2023\/01\/nuits-de-lecture-deodatie-demandez-programme\/\",\"name\":\"Nuits de la Lecture en D\u00e9odatie\u00a0: demandez le programme\u00a0! - Saint Die Info\",\"isPartOf\":{\"@id\":\"https:\/\/vosgesinfo.fr\/saintdieinfo\/#website\"},\"primaryImageOfPage\":{\"@id\":\"https:\/\/vosgesinfo.fr\/saintdieinfo\/2023\/01\/nuits-de-lecture-deodatie-demandez-programme\/#primaryimage\"},\"image\":{\"@id\":\"https:\/\/vosgesinfo.fr\/saintdieinfo\/2023\/01\/nuits-de-lecture-deodatie-demandez-programme\/#primaryimage\"},\"thumbnailUrl\":\"https:\/\/vosgesinfo.fr\/app\/uploads\/sites\/4\/2024\/08\/202301nuit-lecture-reseau-escales.jpg\",\"datePublished\":\"2023-01-16T13:17:08+00:00\",\"dateModified\":\"2023-01-16T13:17:08+00:00\",\"breadcrumb\":{\"@id\":\"https:\/\/vosgesinfo.fr\/saintdieinfo\/2023\/01\/nuits-de-lecture-deodatie-demandez-programme\/#breadcrumb\"},\"inLanguage\":\"fr-FR\",\"potentialAction\":[{\"@type\":\"ReadAction\",\"target\":[\"https:\/\/vosgesinfo.fr\/saintdieinfo\/2023\/01\/nuits-de-lecture-deodatie-demandez-programme\/\"]}]},{\"@type\":\"ImageObject\",\"inLanguage\":\"fr-FR\",\"@id\":\"https:\/\/vosgesinfo.fr\/saintdieinfo\/2023\/01\/nuits-de-lecture-deodatie-demandez-programme\/#primaryimage\",\"url\":\"https:\/\/vosgesinfo.fr\/app\/uploads\/sites\/4\/2024\/08\/202301nuit-lecture-reseau-escales.jpg\",\"contentUrl\":\"https:\/\/vosgesinfo.fr\/app\/uploads\/sites\/4\/2024\/08\/202301nuit-lecture-reseau-escales.jpg\",\"width\":1414,\"height\":2000},{\"@type\":\"BreadcrumbList\",\"@id\":\"https:\/\/vosgesinfo.fr\/saintdieinfo\/2023\/01\/nuits-de-lecture-deodatie-demandez-programme\/#breadcrumb\",\"itemListElement\":[{\"@type\":\"ListItem\",\"position\":1,\"name\":\"Home\",\"item\":\"https:\/\/vosgesinfo.fr\/saintdieinfo\/\"},{\"@type\":\"ListItem\",\"position\":2,\"name\":\"Nuits de la Lecture en D\u00e9odatie\u00a0: demandez le programme\u00a0!\"}]},{\"@type\":\"WebSite\",\"@id\":\"https:\/\/vosgesinfo.fr\/saintdieinfo\/#website\",\"url\":\"https:\/\/vosgesinfo.fr\/saintdieinfo\/\",\"name\":\"Saint Die Info\",\"description\":\"Toute l&#039;actualit\u00e9 de Saint-Di\u00e9-Des-Vosges\",\"publisher\":{\"@id\":\"https:\/\/vosgesinfo.fr\/saintdieinfo\/#organization\"},\"alternateName\":\"Toute l'actualit\u00e9 de Saint-Di\u00e9-Des-Vosges\",\"potentialAction\":[{\"@type\":\"SearchAction\",\"target\":{\"@type\":\"EntryPoint\",\"urlTemplate\":\"https:\/\/vosgesinfo.fr\/saintdieinfo\/?s={search_term_string}\"},\"query-input\":\"required name=search_term_string\"}],\"inLanguage\":\"fr-FR\"},{\"@type\":\"Organization\",\"@id\":\"https:\/\/vosgesinfo.fr\/saintdieinfo\/#organization\",\"name\":\"Saint Die Info\",\"url\":\"https:\/\/vosgesinfo.fr\/saintdieinfo\/\",\"logo\":{\"@type\":\"ImageObject\",\"inLanguage\":\"fr-FR\",\"@id\":\"https:\/\/vosgesinfo.fr\/saintdieinfo\/#\/schema\/logo\/image\/\",\"url\":\"https:\/\/vosgesinfo.fr\/app\/uploads\/sites\/4\/2024\/02\/logo-sdi.jpg\",\"contentUrl\":\"https:\/\/vosgesinfo.fr\/app\/uploads\/sites\/4\/2024\/02\/logo-sdi.jpg\",\"width\":600,\"height\":600,\"caption\":\"Saint Die Info\"},\"image\":{\"@id\":\"https:\/\/vosgesinfo.fr\/saintdieinfo\/#\/schema\/logo\/image\/\"},\"sameAs\":[\"https:\/\/www.facebook.com\/Saintdieinfofr\",\"https:\/\/x.com\/VosgesInfo88\",\"https:\/\/www.youtube.com\/@vosgesinfo\"]},{\"@type\":\"Person\",\"@id\":\"https:\/\/vosgesinfo.fr\/saintdieinfo\/#\/schema\/person\/faee6704a21f3977511db84bd1cd450f\",\"name\":\"la r\u00e9daction\",\"image\":{\"@type\":\"ImageObject\",\"inLanguage\":\"fr-FR\",\"@id\":\"https:\/\/vosgesinfo.fr\/saintdieinfo\/#\/schema\/person\/image\/\",\"url\":\"https:\/\/secure.gravatar.com\/avatar\/6673d8bc6a9c17fa9a453eaa3448de834fa308c2ec9635b7aa99441a7c8d2cf6?s=96&d=mm&r=g\",\"contentUrl\":\"https:\/\/secure.gravatar.com\/avatar\/6673d8bc6a9c17fa9a453eaa3448de834fa308c2ec9635b7aa99441a7c8d2cf6?s=96&d=mm&r=g\",\"caption\":\"la r\u00e9daction\"},\"url\":\"https:\/\/vosgesinfo.fr\/saintdieinfo\/author\/redac\/\"}]}<\/script>\n<!-- \/ Yoast SEO plugin. -->","yoast_head_json":{"title":"Nuits de la Lecture en D\u00e9odatie\u00a0: demandez le programme\u00a0! - Saint Die Info","robots":{"index":"index","follow":"follow","max-snippet":"max-snippet:-1","max-image-preview":"max-image-preview:large","max-video-preview":"max-video-preview:-1"},"canonical":"https:\/\/vosgesinfo.fr\/saintdieinfo\/2023\/01\/nuits-de-lecture-deodatie-demandez-programme\/","twitter_card":"summary_large_image","twitter_title":"Nuits de la Lecture en D\u00e9odatie\u00a0: demandez le programme\u00a0! - Saint Die Info","twitter_description":"Les prochaines Nuits de la Lecture se d\u00e9rouleront du 19 au 22 janvier 2023. A cette occasion, le r\u00e9seau Escales, [&hellip;]","twitter_image":"https:\/\/vosgesinfo.fr\/app\/uploads\/sites\/4\/2024\/08\/202301nuit-lecture-reseau-escales.jpg","twitter_creator":"@VosgesInfo88","twitter_site":"@VosgesInfo88","twitter_misc":{"\u00c9crit par":"la r\u00e9daction","Dur\u00e9e de lecture estim\u00e9e":"1 minute"},"schema":{"@context":"https:\/\/schema.org","@graph":[{"@type":"Article","@id":"https:\/\/vosgesinfo.fr\/saintdieinfo\/2023\/01\/nuits-de-lecture-deodatie-demandez-programme\/#article","isPartOf":{"@id":"https:\/\/vosgesinfo.fr\/saintdieinfo\/2023\/01\/nuits-de-lecture-deodatie-demandez-programme\/"},"author":{"name":"la r\u00e9daction","@id":"https:\/\/vosgesinfo.fr\/saintdieinfo\/#\/schema\/person\/faee6704a21f3977511db84bd1cd450f"},"headline":"Nuits de la Lecture en D\u00e9odatie\u00a0: demandez le programme\u00a0!","datePublished":"2023-01-16T13:17:08+00:00","dateModified":"2023-01-16T13:17:08+00:00","mainEntityOfPage":{"@id":"https:\/\/vosgesinfo.fr\/saintdieinfo\/2023\/01\/nuits-de-lecture-deodatie-demandez-programme\/"},"wordCount":230,"commentCount":0,"publisher":{"@id":"https:\/\/vosgesinfo.fr\/saintdieinfo\/#organization"},"image":{"@id":"https:\/\/vosgesinfo.fr\/saintdieinfo\/2023\/01\/nuits-de-lecture-deodatie-demandez-programme\/#primaryimage"},"thumbnailUrl":"https:\/\/vosgesinfo.fr\/app\/uploads\/sites\/4\/2024\/08\/202301nuit-lecture-reseau-escales.jpg","keywords":["La Peur","M\u00e9diath\u00e8ques de la D\u00e9odatie","Nuits de la lecture","R\u00e9seau Escales"],"articleSection":["A la Une","Culture","Litt\u00e9rature","Loisirs","Saint-Di\u00e9-des-Vosges et son Agglom\u00e9ration"],"inLanguage":"fr-FR","potentialAction":[{"@type":"CommentAction","name":"Comment","target":["https:\/\/vosgesinfo.fr\/saintdieinfo\/2023\/01\/nuits-de-lecture-deodatie-demandez-programme\/#respond"]}]},{"@type":"WebPage","@id":"https:\/\/vosgesinfo.fr\/saintdieinfo\/2023\/01\/nuits-de-lecture-deodatie-demandez-programme\/","url":"https:\/\/vosgesinfo.fr\/saintdieinfo\/2023\/01\/nuits-de-lecture-deodatie-demandez-programme\/","name":"Nuits de la Lecture en D\u00e9odatie\u00a0: demandez le programme\u00a0! - Saint Die Info","isPartOf":{"@id":"https:\/\/vosgesinfo.fr\/saintdieinfo\/#website"},"primaryImageOfPage":{"@id":"https:\/\/vosgesinfo.fr\/saintdieinfo\/2023\/01\/nuits-de-lecture-deodatie-demandez-programme\/#primaryimage"},"image":{"@id":"https:\/\/vosgesinfo.fr\/saintdieinfo\/2023\/01\/nuits-de-lecture-deodatie-demandez-programme\/#primaryimage"},"thumbnailUrl":"https:\/\/vosgesinfo.fr\/app\/uploads\/sites\/4\/2024\/08\/202301nuit-lecture-reseau-escales.jpg","datePublished":"2023-01-16T13:17:08+00:00","dateModified":"2023-01-16T13:17:08+00:00","breadcrumb":{"@id":"https:\/\/vosgesinfo.fr\/saintdieinfo\/2023\/01\/nuits-de-lecture-deodatie-demandez-programme\/#breadcrumb"},"inLanguage":"fr-FR","potentialAction":[{"@type":"ReadAction","target":["https:\/\/vosgesinfo.fr\/saintdieinfo\/2023\/01\/nuits-de-lecture-deodatie-demandez-programme\/"]}]},{"@type":"ImageObject","inLanguage":"fr-FR","@id":"https:\/\/vosgesinfo.fr\/saintdieinfo\/2023\/01\/nuits-de-lecture-deodatie-demandez-programme\/#primaryimage","url":"https:\/\/vosgesinfo.fr\/app\/uploads\/sites\/4\/2024\/08\/202301nuit-lecture-reseau-escales.jpg","contentUrl":"https:\/\/vosgesinfo.fr\/app\/uploads\/sites\/4\/2024\/08\/202301nuit-lecture-reseau-escales.jpg","width":1414,"height":2000},{"@type":"BreadcrumbList","@id":"https:\/\/vosgesinfo.fr\/saintdieinfo\/2023\/01\/nuits-de-lecture-deodatie-demandez-programme\/#breadcrumb","itemListElement":[{"@type":"ListItem","position":1,"name":"Home","item":"https:\/\/vosgesinfo.fr\/saintdieinfo\/"},{"@type":"ListItem","position":2,"name":"Nuits de la Lecture en D\u00e9odatie\u00a0: demandez le programme\u00a0!"}]},{"@type":"WebSite","@id":"https:\/\/vosgesinfo.fr\/saintdieinfo\/#website","url":"https:\/\/vosgesinfo.fr\/saintdieinfo\/","name":"Saint Die Info","description":"Toute l&#039;actualit\u00e9 de Saint-Di\u00e9-Des-Vosges","publisher":{"@id":"https:\/\/vosgesinfo.fr\/saintdieinfo\/#organization"},"alternateName":"Toute l'actualit\u00e9 de Saint-Di\u00e9-Des-Vosges","potentialAction":[{"@type":"SearchAction","target":{"@type":"EntryPoint","urlTemplate":"https:\/\/vosgesinfo.fr\/saintdieinfo\/?s={search_term_string}"},"query-input":"required name=search_term_string"}],"inLanguage":"fr-FR"},{"@type":"Organization","@id":"https:\/\/vosgesinfo.fr\/saintdieinfo\/#organization","name":"Saint Die Info","url":"https:\/\/vosgesinfo.fr\/saintdieinfo\/","logo":{"@type":"ImageObject","inLanguage":"fr-FR","@id":"https:\/\/vosgesinfo.fr\/saintdieinfo\/#\/schema\/logo\/image\/","url":"https:\/\/vosgesinfo.fr\/app\/uploads\/sites\/4\/2024\/02\/logo-sdi.jpg","contentUrl":"https:\/\/vosgesinfo.fr\/app\/uploads\/sites\/4\/2024\/02\/logo-sdi.jpg","width":600,"height":600,"caption":"Saint Die Info"},"image":{"@id":"https:\/\/vosgesinfo.fr\/saintdieinfo\/#\/schema\/logo\/image\/"},"sameAs":["https:\/\/www.facebook.com\/Saintdieinfofr","https:\/\/x.com\/VosgesInfo88","https:\/\/www.youtube.com\/@vosgesinfo"]},{"@type":"Person","@id":"https:\/\/vosgesinfo.fr\/saintdieinfo\/#\/schema\/person\/faee6704a21f3977511db84bd1cd450f","name":"la r\u00e9daction","image":{"@type":"ImageObject","inLanguage":"fr-FR","@id":"https:\/\/vosgesinfo.fr\/saintdieinfo\/#\/schema\/person\/image\/","url":"https:\/\/secure.gravatar.com\/avatar\/6673d8bc6a9c17fa9a453eaa3448de834fa308c2ec9635b7aa99441a7c8d2cf6?s=96&d=mm&r=g","contentUrl":"https:\/\/secure.gravatar.com\/avatar\/6673d8bc6a9c17fa9a453eaa3448de834fa308c2ec9635b7aa99441a7c8d2cf6?s=96&d=mm&r=g","caption":"la r\u00e9daction"},"url":"https:\/\/vosgesinfo.fr\/saintdieinfo\/author\/redac\/"}]}},"_links":{"self":[{"href":"https:\/\/vosgesinfo.fr\/saintdieinfo\/wp-json\/wp\/v2\/posts\/61571","targetHints":{"allow":["GET"]}}],"collection":[{"href":"https:\/\/vosgesinfo.fr\/saintdieinfo\/wp-json\/wp\/v2\/posts"}],"about":[{"href":"https:\/\/vosgesinfo.fr\/saintdieinfo\/wp-json\/wp\/v2\/types\/post"}],"author":[{"embeddable":true,"href":"https:\/\/vosgesinfo.fr\/saintdieinfo\/wp-json\/wp\/v2\/users\/44"}],"replies":[{"embeddable":true,"href":"https:\/\/vosgesinfo.fr\/saintdieinfo\/wp-json\/wp\/v2\/comments?post=61571"}],"version-history":[{"count":0,"href":"https:\/\/vosgesinfo.fr\/saintdieinfo\/wp-json\/wp\/v2\/posts\/61571\/revisions"}],"wp:featuredmedia":[{"embeddable":true,"href":"https:\/\/vosgesinfo.fr\/saintdieinfo\/wp-json\/wp\/v2\/media\/61572"}],"wp:attachment":[{"href":"https:\/\/vosgesinfo.fr\/saintdieinfo\/wp-json\/wp\/v2\/media?parent=61571"}],"wp:term":[{"taxonomy":"category","embeddable":true,"href":"https:\/\/vosgesinfo.fr\/saintdieinfo\/wp-json\/wp\/v2\/categories?post=61571"},{"taxonomy":"post_tag","embeddable":true,"href":"https:\/\/vosgesinfo.fr\/saintdieinfo\/wp-json\/wp\/v2\/tags?post=61571"}],"curies":[{"name":"wp","href":"https:\/\/api.w.org\/{rel}","templated":true}]}}