{"id":61573,"date":"2023-01-16T16:09:09","date_gmt":"2023-01-16T15:09:09","guid":{"rendered":"https:\/\/vosgesinfo.fr\/saintdieinfo\/2023\/01\/laurent-galinon-alain-delon-dernier-mythe-cinema-francais\/"},"modified":"2023-01-16T16:09:09","modified_gmt":"2023-01-16T15:09:09","slug":"laurent-galinon-alain-delon-dernier-mythe-cinema-francais","status":"publish","type":"post","link":"https:\/\/vosgesinfo.fr\/saintdieinfo\/2023\/01\/laurent-galinon-alain-delon-dernier-mythe-cinema-francais\/","title":{"rendered":"Laurent Galinon\u00a0: \u00ab\u00a0Alain Delon est le dernier mythe du cin\u00e9ma fran\u00e7ais\u00a0\u00bb"},"content":{"rendered":"<div id=\"attachment_195560\" style=\"width: 970px\" class=\"wp-caption aligncenter\"><a href=\"\/2023\/01\/Laurent_Galinon-1.jpg\" target=\"_blank\" rel=\"noopener\"><img decoding=\"async\" aria-describedby=\"caption-attachment-195560\" class=\"wp-image-195560 size-large\" src=\"\/2023\/01\/Laurent_Galinon-1-1024x977.jpg\" alt=\"Laurent_Galinon (1)\" width=\"960\" height=\"916\" \/><\/a><p id=\"caption-attachment-195560\" class=\"wp-caption-text\">(Photographie Agence nationale pour le d\u00e9veloppement du cin\u00e9ma en r\u00e9gions)<\/p><\/div>\n<h2><strong><span style=\"font-size: 14pt;\">Laurent Galinon sera pr\u00e9sent en D\u00e9odatie ce samedi 21 janvier, jour o\u00f9 il sera l&rsquo;invit\u00e9 de la Librairie Le Neuf le matin et de l&rsquo;Etape Litt\u00e9raire l&rsquo;apr\u00e8s-midi.<\/span><\/strong><\/h2>\n<p><!--more--><\/p>\n<p>Journaliste, r\u00e9alisateur et auteur, Laurent Galinon a r\u00e9cemment publi\u00e9 aux \u00e9ditions Mareuil, \u00ab\u00a0Delon en clair obscur\u00a0: plein soleil sur la derni\u00e8re ic\u00f4ne du cin\u00e9ma\u00a0\u00bb, paru le 11 novembre 2022. Un ouvrage qu&rsquo;il d\u00e9dicacera samedi, de 10h30 \u00e0 12h \u00e0 la librairie d\u00e9odatienne, puis de 14h \u00e0 16h \u00e0 la librairie raonnaise. Sa venue sera \u00e9galement l&rsquo;occasion de rencontrer et d&rsquo;\u00e9changer avec le public autour de son livre et du l\u00e9gendaire acteur fran\u00e7ais. Alain Delon ou \u00ab\u00a0le dernier mythe du cin\u00e9ma fran\u00e7ais\u00a0\u00bb selon Laurent Galinon, qui s&rsquo;est aimablement pr\u00eat\u00e9 au jeu de nos questions.<\/p>\n<ol>\n<li>\n<h3><strong><span style=\"font-size: 12pt;\">Pourquoi avoir \u00e9crit un livre sur Delon\u00a0?<\/span><\/strong><\/h3>\n<\/li>\n<\/ol>\n<p>\u00ab\u00a0Car il est l&rsquo;un des plus grands acteurs fran\u00e7ais. Pour moi le cin\u00e9ma fran\u00e7ais est en d\u00e9clin, donc je voulais que ma g\u00e9n\u00e9ration, celle des trentenaires et quarantenaires, puisse d\u00e9couvrir ce qu&rsquo;\u00e9tait le cin\u00e9ma et ce qu&rsquo;est un grand acteur. Je suis un grand admirateur du jeu d&rsquo;Alain Delon. J&rsquo;ai connu et aim\u00e9 ses films tr\u00e8s jeune, \u00e0 l&rsquo;\u00e2ge de 15 ans. Il y a eu chez moi une fascination pour l&rsquo;acteur. Par rapport \u00e0 ma g\u00e9n\u00e9ration, il y avait un d\u00e9calage. Ecrire ce livre m&rsquo;a permis de passer du temps autour de ses films. C&rsquo;est en quelque sorte un cadeau que je me suis fait \u00e0 moi-m\u00eame, tout en faisant d\u00e9couvrir cette passion \u00e0 d&rsquo;autres. Alain Delon est emprisonn\u00e9 dans l&rsquo;image du r\u00e9actionnaire et du s\u00e9ducteur, donc j&rsquo;ai aussi souhait\u00e9 faire d\u00e9couvrir le Delon qui aime les animaux, qui garde des amiti\u00e9s avec les gens m\u00eame ceux qui sont en prison. C&rsquo;est une personne qui va au-del\u00e0 des ruptures de la vie.\u00a0\u00bb<\/p>\n<ol start=\"2\">\n<li>\n<h3><strong><span style=\"font-size: 12pt;\">Quelle a \u00e9t\u00e9 votre m\u00e9thodologie pour \u00e9crire ce livre\u00a0?<\/span><\/strong><\/h3>\n<\/li>\n<\/ol>\n<p>\u00ab\u00a0J&rsquo;ai lu des biographies, recherch\u00e9 des articles des ann\u00e9es 50 et 60, j&rsquo;ai regard\u00e9 environ 500 interviews, vid\u00e9os et reportages sur Alain Delon, notamment sur l&rsquo;INA. Cela m&rsquo;a permis de le regarder sur un plateau t\u00e9l\u00e9vis\u00e9, de voir quelles \u00e9taient ses crispations. Cela m&rsquo;a donn\u00e9 un prisme diff\u00e9rent, j&rsquo;ai d\u00e9couvert un homme qui s&rsquo;exprimait tr\u00e8s bien mais qui avait du mal \u00e0 trouver sa place. En parall\u00e8le, j&rsquo;ai accumul\u00e9 des impressions personnelles, des souvenirs, des films et des sc\u00e8nes que je voulais \u00e0 tout prix raconter. Je n&rsquo;ai cependant pas cherch\u00e9 \u00e0 entrer en contact avec lui, car j&rsquo;estime qu&rsquo;il ne faut jamais rencontrer ses h\u00e9ros. Par contre j&rsquo;ai contact\u00e9 son agent, qui a \u00e9t\u00e9 inform\u00e9 de ce projet de livre.\u00a0\u00bb<\/p>\n<ol start=\"3\">\n<li>\n<h3><strong><span style=\"font-size: 12pt;\">Quel est votre film pr\u00e9f\u00e9r\u00e9 de Delon, et pourquoi\u00a0?<\/span><\/strong><\/h3>\n<\/li>\n<\/ol>\n<p>\u00ab\u00a0Le Samoura\u00ef. C&rsquo;est le premier film que j&rsquo;ai vu de lui, quand j&rsquo;avais 14 ans alors que j&rsquo;\u00e9tais au coll\u00e8ge. J&rsquo;aime tout dans ce film. Le Paris qu&rsquo;il montre n&rsquo;a jamais exist\u00e9, mais c&rsquo;est un Paris que je retrouve de temps en temps en me promenant la nuit. Le Samoura\u00ef c&rsquo;est un r\u00eave, avec des personnes, des lieux etc des codes qui n&rsquo;ont presque jamais exist\u00e9. Ce film est projection de Jean-Pierre Melville, et Delon y est parfait. Il a r\u00e9ussi \u00e0 imposer le silence dans le cin\u00e9ma fran\u00e7ais. J&rsquo;ai une fascination inexpliqu\u00e9e et extr\u00eame pour Le Samoura\u00ef, ses d\u00e9cors, ses costumes, sa musique&#8230;\u00a0\u00bb<\/p>\n<p>J.J.<\/p>\n<div id=\"attachment_195561\" style=\"width: 712px\" class=\"wp-caption aligncenter\"><a href=\"\/2023\/01\/Delon_en_Clair-Obscur.jpg\" target=\"_blank\" rel=\"noopener\"><img decoding=\"async\" aria-describedby=\"caption-attachment-195561\" class=\"wp-image-195561 size-large\" src=\"\/2023\/01\/Delon_en_Clair-Obscur-702x1024.jpg\" alt=\"Delon_en_Clair-Obscur\" width=\"702\" height=\"1024\" \/><\/a><p id=\"caption-attachment-195561\" class=\"wp-caption-text\">(Image Editions Mareuil)<\/p><\/div>\n","protected":false},"excerpt":{"rendered":"<p>Laurent Galinon sera pr\u00e9sent en D\u00e9odatie ce samedi 21 janvier, jour o\u00f9 il sera l&rsquo;invit\u00e9 de la Librairie Le Neuf [&hellip;]<\/p>\n","protected":false},"author":44,"featured_media":61574,"comment_status":"open","ping_status":"open","sticky":false,"template":"","format":"standard","meta":{"footnotes":""},"categories":[460,7847,8090,2915],"tags":[13618,13619,10714,13620,3192],"class_list":["post-61573","post","type-post","status-publish","format-standard","has-post-thumbnail","hentry","category-a-la-une","category-art-culture","category-litterature","category-saint-die-son-canton","tag-alain-delon","tag-editions-mareuil","tag-letape-litteraire","tag-laurent-galinon","tag-librairie-le-neuf"],"acf":[],"yoast_head":"<!-- This site is optimized with the Yoast SEO plugin v22.5 - https:\/\/yoast.com\/wordpress\/plugins\/seo\/ -->\n<title>Laurent Galinon\u00a0: \u00ab\u00a0Alain Delon est le dernier mythe du cin\u00e9ma fran\u00e7ais\u00a0\u00bb - Saint Die Info<\/title>\n<meta name=\"robots\" content=\"index, follow, max-snippet:-1, max-image-preview:large, max-video-preview:-1\" \/>\n<link rel=\"canonical\" href=\"https:\/\/vosgesinfo.fr\/saintdieinfo\/2023\/01\/laurent-galinon-alain-delon-dernier-mythe-cinema-francais\/\" \/>\n<meta name=\"twitter:card\" content=\"summary_large_image\" \/>\n<meta name=\"twitter:title\" content=\"Laurent Galinon\u00a0: \u00ab\u00a0Alain Delon est le dernier mythe du cin\u00e9ma fran\u00e7ais\u00a0\u00bb - Saint Die Info\" \/>\n<meta name=\"twitter:description\" content=\"Laurent Galinon sera pr\u00e9sent en D\u00e9odatie ce samedi 21 janvier, jour o\u00f9 il sera l&rsquo;invit\u00e9 de la Librairie Le Neuf [&hellip;]\" \/>\n<meta name=\"twitter:image\" content=\"https:\/\/vosgesinfo.fr\/app\/uploads\/sites\/4\/2024\/08\/202301laurent-galinon-2.jpg\" \/>\n<meta name=\"twitter:creator\" content=\"@VosgesInfo88\" \/>\n<meta name=\"twitter:site\" content=\"@VosgesInfo88\" \/>\n<meta name=\"twitter:label1\" content=\"\u00c9crit par\" \/>\n\t<meta name=\"twitter:data1\" content=\"la r\u00e9daction\" \/>\n\t<meta name=\"twitter:label2\" content=\"Dur\u00e9e de lecture estim\u00e9e\" \/>\n\t<meta name=\"twitter:data2\" content=\"3 minutes\" \/>\n<script type=\"application\/ld+json\" class=\"yoast-schema-graph\">{\"@context\":\"https:\/\/schema.org\",\"@graph\":[{\"@type\":\"Article\",\"@id\":\"https:\/\/vosgesinfo.fr\/saintdieinfo\/2023\/01\/laurent-galinon-alain-delon-dernier-mythe-cinema-francais\/#article\",\"isPartOf\":{\"@id\":\"https:\/\/vosgesinfo.fr\/saintdieinfo\/2023\/01\/laurent-galinon-alain-delon-dernier-mythe-cinema-francais\/\"},\"author\":{\"name\":\"la r\u00e9daction\",\"@id\":\"https:\/\/vosgesinfo.fr\/saintdieinfo\/#\/schema\/person\/faee6704a21f3977511db84bd1cd450f\"},\"headline\":\"Laurent Galinon\u00a0: \u00ab\u00a0Alain Delon est le dernier mythe du cin\u00e9ma fran\u00e7ais\u00a0\u00bb\",\"datePublished\":\"2023-01-16T15:09:09+00:00\",\"dateModified\":\"2023-01-16T15:09:09+00:00\",\"mainEntityOfPage\":{\"@id\":\"https:\/\/vosgesinfo.fr\/saintdieinfo\/2023\/01\/laurent-galinon-alain-delon-dernier-mythe-cinema-francais\/\"},\"wordCount\":657,\"commentCount\":0,\"publisher\":{\"@id\":\"https:\/\/vosgesinfo.fr\/saintdieinfo\/#organization\"},\"image\":{\"@id\":\"https:\/\/vosgesinfo.fr\/saintdieinfo\/2023\/01\/laurent-galinon-alain-delon-dernier-mythe-cinema-francais\/#primaryimage\"},\"thumbnailUrl\":\"https:\/\/vosgesinfo.fr\/app\/uploads\/sites\/4\/2024\/08\/202301laurent-galinon-2.jpg\",\"keywords\":[\"Alain Delon\",\"Editions Mareuil\",\"L'Etape Litt\u00e9raire\",\"Laurent Galinon\",\"Librairie Le Neuf\"],\"articleSection\":[\"A la Une\",\"Culture\",\"Litt\u00e9rature\",\"Saint-Di\u00e9-des-Vosges et son Agglom\u00e9ration\"],\"inLanguage\":\"fr-FR\",\"potentialAction\":[{\"@type\":\"CommentAction\",\"name\":\"Comment\",\"target\":[\"https:\/\/vosgesinfo.fr\/saintdieinfo\/2023\/01\/laurent-galinon-alain-delon-dernier-mythe-cinema-francais\/#respond\"]}]},{\"@type\":\"WebPage\",\"@id\":\"https:\/\/vosgesinfo.fr\/saintdieinfo\/2023\/01\/laurent-galinon-alain-delon-dernier-mythe-cinema-francais\/\",\"url\":\"https:\/\/vosgesinfo.fr\/saintdieinfo\/2023\/01\/laurent-galinon-alain-delon-dernier-mythe-cinema-francais\/\",\"name\":\"Laurent Galinon\u00a0: \u00ab\u00a0Alain Delon est le dernier mythe du cin\u00e9ma fran\u00e7ais\u00a0\u00bb - Saint Die Info\",\"isPartOf\":{\"@id\":\"https:\/\/vosgesinfo.fr\/saintdieinfo\/#website\"},\"primaryImageOfPage\":{\"@id\":\"https:\/\/vosgesinfo.fr\/saintdieinfo\/2023\/01\/laurent-galinon-alain-delon-dernier-mythe-cinema-francais\/#primaryimage\"},\"image\":{\"@id\":\"https:\/\/vosgesinfo.fr\/saintdieinfo\/2023\/01\/laurent-galinon-alain-delon-dernier-mythe-cinema-francais\/#primaryimage\"},\"thumbnailUrl\":\"https:\/\/vosgesinfo.fr\/app\/uploads\/sites\/4\/2024\/08\/202301laurent-galinon-2.jpg\",\"datePublished\":\"2023-01-16T15:09:09+00:00\",\"dateModified\":\"2023-01-16T15:09:09+00:00\",\"breadcrumb\":{\"@id\":\"https:\/\/vosgesinfo.fr\/saintdieinfo\/2023\/01\/laurent-galinon-alain-delon-dernier-mythe-cinema-francais\/#breadcrumb\"},\"inLanguage\":\"fr-FR\",\"potentialAction\":[{\"@type\":\"ReadAction\",\"target\":[\"https:\/\/vosgesinfo.fr\/saintdieinfo\/2023\/01\/laurent-galinon-alain-delon-dernier-mythe-cinema-francais\/\"]}]},{\"@type\":\"ImageObject\",\"inLanguage\":\"fr-FR\",\"@id\":\"https:\/\/vosgesinfo.fr\/saintdieinfo\/2023\/01\/laurent-galinon-alain-delon-dernier-mythe-cinema-francais\/#primaryimage\",\"url\":\"https:\/\/vosgesinfo.fr\/app\/uploads\/sites\/4\/2024\/08\/202301laurent-galinon-2.jpg\",\"contentUrl\":\"https:\/\/vosgesinfo.fr\/app\/uploads\/sites\/4\/2024\/08\/202301laurent-galinon-2.jpg\",\"width\":1067,\"height\":893},{\"@type\":\"BreadcrumbList\",\"@id\":\"https:\/\/vosgesinfo.fr\/saintdieinfo\/2023\/01\/laurent-galinon-alain-delon-dernier-mythe-cinema-francais\/#breadcrumb\",\"itemListElement\":[{\"@type\":\"ListItem\",\"position\":1,\"name\":\"Home\",\"item\":\"https:\/\/vosgesinfo.fr\/saintdieinfo\/\"},{\"@type\":\"ListItem\",\"position\":2,\"name\":\"Laurent Galinon\u00a0: \u00ab\u00a0Alain Delon est le dernier mythe du cin\u00e9ma fran\u00e7ais\u00a0\u00bb\"}]},{\"@type\":\"WebSite\",\"@id\":\"https:\/\/vosgesinfo.fr\/saintdieinfo\/#website\",\"url\":\"https:\/\/vosgesinfo.fr\/saintdieinfo\/\",\"name\":\"Saint Die Info\",\"description\":\"Toute l&#039;actualit\u00e9 de Saint-Di\u00e9-Des-Vosges\",\"publisher\":{\"@id\":\"https:\/\/vosgesinfo.fr\/saintdieinfo\/#organization\"},\"alternateName\":\"Toute l'actualit\u00e9 de Saint-Di\u00e9-Des-Vosges\",\"potentialAction\":[{\"@type\":\"SearchAction\",\"target\":{\"@type\":\"EntryPoint\",\"urlTemplate\":\"https:\/\/vosgesinfo.fr\/saintdieinfo\/?s={search_term_string}\"},\"query-input\":\"required name=search_term_string\"}],\"inLanguage\":\"fr-FR\"},{\"@type\":\"Organization\",\"@id\":\"https:\/\/vosgesinfo.fr\/saintdieinfo\/#organization\",\"name\":\"Saint Die Info\",\"url\":\"https:\/\/vosgesinfo.fr\/saintdieinfo\/\",\"logo\":{\"@type\":\"ImageObject\",\"inLanguage\":\"fr-FR\",\"@id\":\"https:\/\/vosgesinfo.fr\/saintdieinfo\/#\/schema\/logo\/image\/\",\"url\":\"https:\/\/vosgesinfo.fr\/app\/uploads\/sites\/4\/2024\/02\/logo-sdi.jpg\",\"contentUrl\":\"https:\/\/vosgesinfo.fr\/app\/uploads\/sites\/4\/2024\/02\/logo-sdi.jpg\",\"width\":600,\"height\":600,\"caption\":\"Saint Die Info\"},\"image\":{\"@id\":\"https:\/\/vosgesinfo.fr\/saintdieinfo\/#\/schema\/logo\/image\/\"},\"sameAs\":[\"https:\/\/www.facebook.com\/Saintdieinfofr\",\"https:\/\/x.com\/VosgesInfo88\",\"https:\/\/www.youtube.com\/@vosgesinfo\"]},{\"@type\":\"Person\",\"@id\":\"https:\/\/vosgesinfo.fr\/saintdieinfo\/#\/schema\/person\/faee6704a21f3977511db84bd1cd450f\",\"name\":\"la r\u00e9daction\",\"image\":{\"@type\":\"ImageObject\",\"inLanguage\":\"fr-FR\",\"@id\":\"https:\/\/vosgesinfo.fr\/saintdieinfo\/#\/schema\/person\/image\/\",\"url\":\"https:\/\/secure.gravatar.com\/avatar\/6673d8bc6a9c17fa9a453eaa3448de834fa308c2ec9635b7aa99441a7c8d2cf6?s=96&d=mm&r=g\",\"contentUrl\":\"https:\/\/secure.gravatar.com\/avatar\/6673d8bc6a9c17fa9a453eaa3448de834fa308c2ec9635b7aa99441a7c8d2cf6?s=96&d=mm&r=g\",\"caption\":\"la r\u00e9daction\"},\"url\":\"https:\/\/vosgesinfo.fr\/saintdieinfo\/author\/redac\/\"}]}<\/script>\n<!-- \/ Yoast SEO plugin. -->","yoast_head_json":{"title":"Laurent Galinon\u00a0: \u00ab\u00a0Alain Delon est le dernier mythe du cin\u00e9ma fran\u00e7ais\u00a0\u00bb - Saint Die Info","robots":{"index":"index","follow":"follow","max-snippet":"max-snippet:-1","max-image-preview":"max-image-preview:large","max-video-preview":"max-video-preview:-1"},"canonical":"https:\/\/vosgesinfo.fr\/saintdieinfo\/2023\/01\/laurent-galinon-alain-delon-dernier-mythe-cinema-francais\/","twitter_card":"summary_large_image","twitter_title":"Laurent Galinon\u00a0: \u00ab\u00a0Alain Delon est le dernier mythe du cin\u00e9ma fran\u00e7ais\u00a0\u00bb - Saint Die Info","twitter_description":"Laurent Galinon sera pr\u00e9sent en D\u00e9odatie ce samedi 21 janvier, jour o\u00f9 il sera l&rsquo;invit\u00e9 de la Librairie Le Neuf [&hellip;]","twitter_image":"https:\/\/vosgesinfo.fr\/app\/uploads\/sites\/4\/2024\/08\/202301laurent-galinon-2.jpg","twitter_creator":"@VosgesInfo88","twitter_site":"@VosgesInfo88","twitter_misc":{"\u00c9crit par":"la r\u00e9daction","Dur\u00e9e de lecture estim\u00e9e":"3 minutes"},"schema":{"@context":"https:\/\/schema.org","@graph":[{"@type":"Article","@id":"https:\/\/vosgesinfo.fr\/saintdieinfo\/2023\/01\/laurent-galinon-alain-delon-dernier-mythe-cinema-francais\/#article","isPartOf":{"@id":"https:\/\/vosgesinfo.fr\/saintdieinfo\/2023\/01\/laurent-galinon-alain-delon-dernier-mythe-cinema-francais\/"},"author":{"name":"la r\u00e9daction","@id":"https:\/\/vosgesinfo.fr\/saintdieinfo\/#\/schema\/person\/faee6704a21f3977511db84bd1cd450f"},"headline":"Laurent Galinon\u00a0: \u00ab\u00a0Alain Delon est le dernier mythe du cin\u00e9ma fran\u00e7ais\u00a0\u00bb","datePublished":"2023-01-16T15:09:09+00:00","dateModified":"2023-01-16T15:09:09+00:00","mainEntityOfPage":{"@id":"https:\/\/vosgesinfo.fr\/saintdieinfo\/2023\/01\/laurent-galinon-alain-delon-dernier-mythe-cinema-francais\/"},"wordCount":657,"commentCount":0,"publisher":{"@id":"https:\/\/vosgesinfo.fr\/saintdieinfo\/#organization"},"image":{"@id":"https:\/\/vosgesinfo.fr\/saintdieinfo\/2023\/01\/laurent-galinon-alain-delon-dernier-mythe-cinema-francais\/#primaryimage"},"thumbnailUrl":"https:\/\/vosgesinfo.fr\/app\/uploads\/sites\/4\/2024\/08\/202301laurent-galinon-2.jpg","keywords":["Alain Delon","Editions Mareuil","L'Etape Litt\u00e9raire","Laurent Galinon","Librairie Le Neuf"],"articleSection":["A la Une","Culture","Litt\u00e9rature","Saint-Di\u00e9-des-Vosges et son Agglom\u00e9ration"],"inLanguage":"fr-FR","potentialAction":[{"@type":"CommentAction","name":"Comment","target":["https:\/\/vosgesinfo.fr\/saintdieinfo\/2023\/01\/laurent-galinon-alain-delon-dernier-mythe-cinema-francais\/#respond"]}]},{"@type":"WebPage","@id":"https:\/\/vosgesinfo.fr\/saintdieinfo\/2023\/01\/laurent-galinon-alain-delon-dernier-mythe-cinema-francais\/","url":"https:\/\/vosgesinfo.fr\/saintdieinfo\/2023\/01\/laurent-galinon-alain-delon-dernier-mythe-cinema-francais\/","name":"Laurent Galinon\u00a0: \u00ab\u00a0Alain Delon est le dernier mythe du cin\u00e9ma fran\u00e7ais\u00a0\u00bb - Saint Die Info","isPartOf":{"@id":"https:\/\/vosgesinfo.fr\/saintdieinfo\/#website"},"primaryImageOfPage":{"@id":"https:\/\/vosgesinfo.fr\/saintdieinfo\/2023\/01\/laurent-galinon-alain-delon-dernier-mythe-cinema-francais\/#primaryimage"},"image":{"@id":"https:\/\/vosgesinfo.fr\/saintdieinfo\/2023\/01\/laurent-galinon-alain-delon-dernier-mythe-cinema-francais\/#primaryimage"},"thumbnailUrl":"https:\/\/vosgesinfo.fr\/app\/uploads\/sites\/4\/2024\/08\/202301laurent-galinon-2.jpg","datePublished":"2023-01-16T15:09:09+00:00","dateModified":"2023-01-16T15:09:09+00:00","breadcrumb":{"@id":"https:\/\/vosgesinfo.fr\/saintdieinfo\/2023\/01\/laurent-galinon-alain-delon-dernier-mythe-cinema-francais\/#breadcrumb"},"inLanguage":"fr-FR","potentialAction":[{"@type":"ReadAction","target":["https:\/\/vosgesinfo.fr\/saintdieinfo\/2023\/01\/laurent-galinon-alain-delon-dernier-mythe-cinema-francais\/"]}]},{"@type":"ImageObject","inLanguage":"fr-FR","@id":"https:\/\/vosgesinfo.fr\/saintdieinfo\/2023\/01\/laurent-galinon-alain-delon-dernier-mythe-cinema-francais\/#primaryimage","url":"https:\/\/vosgesinfo.fr\/app\/uploads\/sites\/4\/2024\/08\/202301laurent-galinon-2.jpg","contentUrl":"https:\/\/vosgesinfo.fr\/app\/uploads\/sites\/4\/2024\/08\/202301laurent-galinon-2.jpg","width":1067,"height":893},{"@type":"BreadcrumbList","@id":"https:\/\/vosgesinfo.fr\/saintdieinfo\/2023\/01\/laurent-galinon-alain-delon-dernier-mythe-cinema-francais\/#breadcrumb","itemListElement":[{"@type":"ListItem","position":1,"name":"Home","item":"https:\/\/vosgesinfo.fr\/saintdieinfo\/"},{"@type":"ListItem","position":2,"name":"Laurent Galinon\u00a0: \u00ab\u00a0Alain Delon est le dernier mythe du cin\u00e9ma fran\u00e7ais\u00a0\u00bb"}]},{"@type":"WebSite","@id":"https:\/\/vosgesinfo.fr\/saintdieinfo\/#website","url":"https:\/\/vosgesinfo.fr\/saintdieinfo\/","name":"Saint Die Info","description":"Toute l&#039;actualit\u00e9 de Saint-Di\u00e9-Des-Vosges","publisher":{"@id":"https:\/\/vosgesinfo.fr\/saintdieinfo\/#organization"},"alternateName":"Toute l'actualit\u00e9 de Saint-Di\u00e9-Des-Vosges","potentialAction":[{"@type":"SearchAction","target":{"@type":"EntryPoint","urlTemplate":"https:\/\/vosgesinfo.fr\/saintdieinfo\/?s={search_term_string}"},"query-input":"required name=search_term_string"}],"inLanguage":"fr-FR"},{"@type":"Organization","@id":"https:\/\/vosgesinfo.fr\/saintdieinfo\/#organization","name":"Saint Die Info","url":"https:\/\/vosgesinfo.fr\/saintdieinfo\/","logo":{"@type":"ImageObject","inLanguage":"fr-FR","@id":"https:\/\/vosgesinfo.fr\/saintdieinfo\/#\/schema\/logo\/image\/","url":"https:\/\/vosgesinfo.fr\/app\/uploads\/sites\/4\/2024\/02\/logo-sdi.jpg","contentUrl":"https:\/\/vosgesinfo.fr\/app\/uploads\/sites\/4\/2024\/02\/logo-sdi.jpg","width":600,"height":600,"caption":"Saint Die Info"},"image":{"@id":"https:\/\/vosgesinfo.fr\/saintdieinfo\/#\/schema\/logo\/image\/"},"sameAs":["https:\/\/www.facebook.com\/Saintdieinfofr","https:\/\/x.com\/VosgesInfo88","https:\/\/www.youtube.com\/@vosgesinfo"]},{"@type":"Person","@id":"https:\/\/vosgesinfo.fr\/saintdieinfo\/#\/schema\/person\/faee6704a21f3977511db84bd1cd450f","name":"la r\u00e9daction","image":{"@type":"ImageObject","inLanguage":"fr-FR","@id":"https:\/\/vosgesinfo.fr\/saintdieinfo\/#\/schema\/person\/image\/","url":"https:\/\/secure.gravatar.com\/avatar\/6673d8bc6a9c17fa9a453eaa3448de834fa308c2ec9635b7aa99441a7c8d2cf6?s=96&d=mm&r=g","contentUrl":"https:\/\/secure.gravatar.com\/avatar\/6673d8bc6a9c17fa9a453eaa3448de834fa308c2ec9635b7aa99441a7c8d2cf6?s=96&d=mm&r=g","caption":"la r\u00e9daction"},"url":"https:\/\/vosgesinfo.fr\/saintdieinfo\/author\/redac\/"}]}},"_links":{"self":[{"href":"https:\/\/vosgesinfo.fr\/saintdieinfo\/wp-json\/wp\/v2\/posts\/61573","targetHints":{"allow":["GET"]}}],"collection":[{"href":"https:\/\/vosgesinfo.fr\/saintdieinfo\/wp-json\/wp\/v2\/posts"}],"about":[{"href":"https:\/\/vosgesinfo.fr\/saintdieinfo\/wp-json\/wp\/v2\/types\/post"}],"author":[{"embeddable":true,"href":"https:\/\/vosgesinfo.fr\/saintdieinfo\/wp-json\/wp\/v2\/users\/44"}],"replies":[{"embeddable":true,"href":"https:\/\/vosgesinfo.fr\/saintdieinfo\/wp-json\/wp\/v2\/comments?post=61573"}],"version-history":[{"count":0,"href":"https:\/\/vosgesinfo.fr\/saintdieinfo\/wp-json\/wp\/v2\/posts\/61573\/revisions"}],"wp:featuredmedia":[{"embeddable":true,"href":"https:\/\/vosgesinfo.fr\/saintdieinfo\/wp-json\/wp\/v2\/media\/61574"}],"wp:attachment":[{"href":"https:\/\/vosgesinfo.fr\/saintdieinfo\/wp-json\/wp\/v2\/media?parent=61573"}],"wp:term":[{"taxonomy":"category","embeddable":true,"href":"https:\/\/vosgesinfo.fr\/saintdieinfo\/wp-json\/wp\/v2\/categories?post=61573"},{"taxonomy":"post_tag","embeddable":true,"href":"https:\/\/vosgesinfo.fr\/saintdieinfo\/wp-json\/wp\/v2\/tags?post=61573"}],"curies":[{"name":"wp","href":"https:\/\/api.w.org\/{rel}","templated":true}]}}