{"id":61581,"date":"2023-01-17T09:11:20","date_gmt":"2023-01-17T08:11:20","guid":{"rendered":"https:\/\/vosgesinfo.fr\/saintdieinfo\/2023\/01\/etival-clairefontaine-lasrtt-affrontera-linz-quart-de-finale-de-ligue-champions\/"},"modified":"2023-01-17T09:11:20","modified_gmt":"2023-01-17T08:11:20","slug":"etival-clairefontaine-lasrtt-affrontera-linz-quart-de-finale-de-ligue-champions","status":"publish","type":"post","link":"https:\/\/vosgesinfo.fr\/saintdieinfo\/2023\/01\/etival-clairefontaine-lasrtt-affrontera-linz-quart-de-finale-de-ligue-champions\/","title":{"rendered":"Etival-Clairefontaine \u2013 L&rsquo;ASRTT affrontera Linz en quart de finale de Ligue des Champions"},"content":{"rendered":"<h2><strong><span style=\"font-family: Calibri, sans-serif; font-size: 14pt;\">La salle Michel-Heissat d&rsquo;Etival-Clairefontaine, accueillera dans une semaine le quart de finale aller de la Ligue des Champions de tennis de table, o\u00f9 les pongistes de l&rsquo;ASRTT affronteront leurs homologues de Linz AG. L&rsquo;an dernier, les locales s&rsquo;\u00e9taient inclin\u00e9es face aux Autrichiennes, \u00e9galement en quart de finale. Dans son chaudron, l&rsquo;ASRTT tentera d&rsquo;inverser ce sc\u00e9nario. A la cl\u00e9, une partie du ticket pour la demi-finale de la plus prestigieuse des comp\u00e9titions europ\u00e9ennes.<\/span><\/strong><\/h2>\n<p><!--more--><\/p>\n<p><a href=\"\/2023\/01\/Etival-Clairefontaine-Quart-Finale_LdC_Tennis_de_Table.png\" target=\"_blank\" rel=\"noopener\"><img decoding=\"async\" class=\"aligncenter wp-image-195579 size-full\" src=\"\/2023\/01\/Etival-Clairefontaine-Quart-Finale_LdC_Tennis_de_Table.png\" alt=\"Etival-Clairefontaine-Quart-Finale_LdC_Tennis_de_Table\" width=\"651\" height=\"938\" \/><\/a><\/p>\n<p>J.J.<\/p>\n","protected":false},"excerpt":{"rendered":"<p>La salle Michel-Heissat d&rsquo;Etival-Clairefontaine, accueillera dans une semaine le quart de finale aller de la Ligue des Champions de tennis [&hellip;]<\/p>\n","protected":false},"author":44,"featured_media":61582,"comment_status":"open","ping_status":"open","sticky":false,"template":"","format":"standard","meta":{"footnotes":""},"categories":[460,2915,14],"tags":[3385,3250,3716,5196,3387,3930],"class_list":["post-61581","post","type-post","status-publish","format-standard","has-post-thumbnail","hentry","category-a-la-une","category-saint-die-son-canton","category-sport","tag-asrtt","tag-etival-clairefontaine","tag-ligue-des-champions-de-tennis-de-table-feminin","tag-linz-ag","tag-salle-michel-heissat","tag-tennis-de-table-feminin"],"acf":[],"yoast_head":"<!-- This site is optimized with the Yoast SEO plugin v22.5 - https:\/\/yoast.com\/wordpress\/plugins\/seo\/ -->\n<title>Etival-Clairefontaine \u2013 L&#039;ASRTT affrontera Linz en quart de finale de Ligue des Champions - Saint Die Info<\/title>\n<meta name=\"robots\" content=\"index, follow, max-snippet:-1, max-image-preview:large, max-video-preview:-1\" \/>\n<link rel=\"canonical\" href=\"https:\/\/vosgesinfo.fr\/saintdieinfo\/2023\/01\/etival-clairefontaine-lasrtt-affrontera-linz-quart-de-finale-de-ligue-champions\/\" \/>\n<meta name=\"twitter:card\" content=\"summary_large_image\" \/>\n<meta name=\"twitter:title\" content=\"Etival-Clairefontaine \u2013 L&#039;ASRTT affrontera Linz en quart de finale de Ligue des Champions - Saint Die Info\" \/>\n<meta name=\"twitter:description\" content=\"La salle Michel-Heissat d&rsquo;Etival-Clairefontaine, accueillera dans une semaine le quart de finale aller de la Ligue des Champions de tennis [&hellip;]\" \/>\n<meta name=\"twitter:image\" content=\"https:\/\/vosgesinfo.fr\/app\/uploads\/sites\/4\/2024\/08\/202301etival-clairefontaine-quart-finale-ldc-tennis-de-table-01.jpg\" \/>\n<meta name=\"twitter:creator\" content=\"@VosgesInfo88\" \/>\n<meta name=\"twitter:site\" content=\"@VosgesInfo88\" \/>\n<meta name=\"twitter:label1\" content=\"\u00c9crit par\" \/>\n\t<meta name=\"twitter:data1\" content=\"la r\u00e9daction\" \/>\n<script type=\"application\/ld+json\" class=\"yoast-schema-graph\">{\"@context\":\"https:\/\/schema.org\",\"@graph\":[{\"@type\":\"Article\",\"@id\":\"https:\/\/vosgesinfo.fr\/saintdieinfo\/2023\/01\/etival-clairefontaine-lasrtt-affrontera-linz-quart-de-finale-de-ligue-champions\/#article\",\"isPartOf\":{\"@id\":\"https:\/\/vosgesinfo.fr\/saintdieinfo\/2023\/01\/etival-clairefontaine-lasrtt-affrontera-linz-quart-de-finale-de-ligue-champions\/\"},\"author\":{\"name\":\"la r\u00e9daction\",\"@id\":\"https:\/\/vosgesinfo.fr\/saintdieinfo\/#\/schema\/person\/faee6704a21f3977511db84bd1cd450f\"},\"headline\":\"Etival-Clairefontaine \u2013 L&rsquo;ASRTT affrontera Linz en quart de finale de Ligue des Champions\",\"datePublished\":\"2023-01-17T08:11:20+00:00\",\"dateModified\":\"2023-01-17T08:11:20+00:00\",\"mainEntityOfPage\":{\"@id\":\"https:\/\/vosgesinfo.fr\/saintdieinfo\/2023\/01\/etival-clairefontaine-lasrtt-affrontera-linz-quart-de-finale-de-ligue-champions\/\"},\"wordCount\":97,\"commentCount\":0,\"publisher\":{\"@id\":\"https:\/\/vosgesinfo.fr\/saintdieinfo\/#organization\"},\"image\":{\"@id\":\"https:\/\/vosgesinfo.fr\/saintdieinfo\/2023\/01\/etival-clairefontaine-lasrtt-affrontera-linz-quart-de-finale-de-ligue-champions\/#primaryimage\"},\"thumbnailUrl\":\"https:\/\/vosgesinfo.fr\/app\/uploads\/sites\/4\/2024\/08\/202301etival-clairefontaine-quart-finale-ldc-tennis-de-table-01.jpg\",\"keywords\":[\"ASRTT\",\"etival-clairefontaine\",\"Ligue des Champions de tennis de table f\u00e9minin\",\"Linz AG\",\"Salle Michel-Heissat\",\"Tennis de table f\u00e9minin\"],\"articleSection\":[\"A la Une\",\"Saint-Di\u00e9-des-Vosges et son Agglom\u00e9ration\",\"Sport\"],\"inLanguage\":\"fr-FR\",\"potentialAction\":[{\"@type\":\"CommentAction\",\"name\":\"Comment\",\"target\":[\"https:\/\/vosgesinfo.fr\/saintdieinfo\/2023\/01\/etival-clairefontaine-lasrtt-affrontera-linz-quart-de-finale-de-ligue-champions\/#respond\"]}]},{\"@type\":\"WebPage\",\"@id\":\"https:\/\/vosgesinfo.fr\/saintdieinfo\/2023\/01\/etival-clairefontaine-lasrtt-affrontera-linz-quart-de-finale-de-ligue-champions\/\",\"url\":\"https:\/\/vosgesinfo.fr\/saintdieinfo\/2023\/01\/etival-clairefontaine-lasrtt-affrontera-linz-quart-de-finale-de-ligue-champions\/\",\"name\":\"Etival-Clairefontaine \u2013 L'ASRTT affrontera Linz en quart de finale de Ligue des Champions - Saint Die Info\",\"isPartOf\":{\"@id\":\"https:\/\/vosgesinfo.fr\/saintdieinfo\/#website\"},\"primaryImageOfPage\":{\"@id\":\"https:\/\/vosgesinfo.fr\/saintdieinfo\/2023\/01\/etival-clairefontaine-lasrtt-affrontera-linz-quart-de-finale-de-ligue-champions\/#primaryimage\"},\"image\":{\"@id\":\"https:\/\/vosgesinfo.fr\/saintdieinfo\/2023\/01\/etival-clairefontaine-lasrtt-affrontera-linz-quart-de-finale-de-ligue-champions\/#primaryimage\"},\"thumbnailUrl\":\"https:\/\/vosgesinfo.fr\/app\/uploads\/sites\/4\/2024\/08\/202301etival-clairefontaine-quart-finale-ldc-tennis-de-table-01.jpg\",\"datePublished\":\"2023-01-17T08:11:20+00:00\",\"dateModified\":\"2023-01-17T08:11:20+00:00\",\"breadcrumb\":{\"@id\":\"https:\/\/vosgesinfo.fr\/saintdieinfo\/2023\/01\/etival-clairefontaine-lasrtt-affrontera-linz-quart-de-finale-de-ligue-champions\/#breadcrumb\"},\"inLanguage\":\"fr-FR\",\"potentialAction\":[{\"@type\":\"ReadAction\",\"target\":[\"https:\/\/vosgesinfo.fr\/saintdieinfo\/2023\/01\/etival-clairefontaine-lasrtt-affrontera-linz-quart-de-finale-de-ligue-champions\/\"]}]},{\"@type\":\"ImageObject\",\"inLanguage\":\"fr-FR\",\"@id\":\"https:\/\/vosgesinfo.fr\/saintdieinfo\/2023\/01\/etival-clairefontaine-lasrtt-affrontera-linz-quart-de-finale-de-ligue-champions\/#primaryimage\",\"url\":\"https:\/\/vosgesinfo.fr\/app\/uploads\/sites\/4\/2024\/08\/202301etival-clairefontaine-quart-finale-ldc-tennis-de-table-01.jpg\",\"contentUrl\":\"https:\/\/vosgesinfo.fr\/app\/uploads\/sites\/4\/2024\/08\/202301etival-clairefontaine-quart-finale-ldc-tennis-de-table-01.jpg\",\"width\":631,\"height\":417},{\"@type\":\"BreadcrumbList\",\"@id\":\"https:\/\/vosgesinfo.fr\/saintdieinfo\/2023\/01\/etival-clairefontaine-lasrtt-affrontera-linz-quart-de-finale-de-ligue-champions\/#breadcrumb\",\"itemListElement\":[{\"@type\":\"ListItem\",\"position\":1,\"name\":\"Home\",\"item\":\"https:\/\/vosgesinfo.fr\/saintdieinfo\/\"},{\"@type\":\"ListItem\",\"position\":2,\"name\":\"Etival-Clairefontaine \u2013 L&rsquo;ASRTT affrontera Linz en quart de finale de Ligue des Champions\"}]},{\"@type\":\"WebSite\",\"@id\":\"https:\/\/vosgesinfo.fr\/saintdieinfo\/#website\",\"url\":\"https:\/\/vosgesinfo.fr\/saintdieinfo\/\",\"name\":\"Saint Die Info\",\"description\":\"Toute l&#039;actualit\u00e9 de Saint-Di\u00e9-Des-Vosges\",\"publisher\":{\"@id\":\"https:\/\/vosgesinfo.fr\/saintdieinfo\/#organization\"},\"alternateName\":\"Toute l'actualit\u00e9 de Saint-Di\u00e9-Des-Vosges\",\"potentialAction\":[{\"@type\":\"SearchAction\",\"target\":{\"@type\":\"EntryPoint\",\"urlTemplate\":\"https:\/\/vosgesinfo.fr\/saintdieinfo\/?s={search_term_string}\"},\"query-input\":\"required name=search_term_string\"}],\"inLanguage\":\"fr-FR\"},{\"@type\":\"Organization\",\"@id\":\"https:\/\/vosgesinfo.fr\/saintdieinfo\/#organization\",\"name\":\"Saint Die Info\",\"url\":\"https:\/\/vosgesinfo.fr\/saintdieinfo\/\",\"logo\":{\"@type\":\"ImageObject\",\"inLanguage\":\"fr-FR\",\"@id\":\"https:\/\/vosgesinfo.fr\/saintdieinfo\/#\/schema\/logo\/image\/\",\"url\":\"https:\/\/vosgesinfo.fr\/app\/uploads\/sites\/4\/2024\/02\/logo-sdi.jpg\",\"contentUrl\":\"https:\/\/vosgesinfo.fr\/app\/uploads\/sites\/4\/2024\/02\/logo-sdi.jpg\",\"width\":600,\"height\":600,\"caption\":\"Saint Die Info\"},\"image\":{\"@id\":\"https:\/\/vosgesinfo.fr\/saintdieinfo\/#\/schema\/logo\/image\/\"},\"sameAs\":[\"https:\/\/www.facebook.com\/Saintdieinfofr\",\"https:\/\/x.com\/VosgesInfo88\",\"https:\/\/www.youtube.com\/@vosgesinfo\"]},{\"@type\":\"Person\",\"@id\":\"https:\/\/vosgesinfo.fr\/saintdieinfo\/#\/schema\/person\/faee6704a21f3977511db84bd1cd450f\",\"name\":\"la r\u00e9daction\",\"image\":{\"@type\":\"ImageObject\",\"inLanguage\":\"fr-FR\",\"@id\":\"https:\/\/vosgesinfo.fr\/saintdieinfo\/#\/schema\/person\/image\/\",\"url\":\"https:\/\/secure.gravatar.com\/avatar\/6673d8bc6a9c17fa9a453eaa3448de834fa308c2ec9635b7aa99441a7c8d2cf6?s=96&d=mm&r=g\",\"contentUrl\":\"https:\/\/secure.gravatar.com\/avatar\/6673d8bc6a9c17fa9a453eaa3448de834fa308c2ec9635b7aa99441a7c8d2cf6?s=96&d=mm&r=g\",\"caption\":\"la r\u00e9daction\"},\"url\":\"https:\/\/vosgesinfo.fr\/saintdieinfo\/author\/redac\/\"}]}<\/script>\n<!-- \/ Yoast SEO plugin. -->","yoast_head_json":{"title":"Etival-Clairefontaine \u2013 L'ASRTT affrontera Linz en quart de finale de Ligue des Champions - Saint Die Info","robots":{"index":"index","follow":"follow","max-snippet":"max-snippet:-1","max-image-preview":"max-image-preview:large","max-video-preview":"max-video-preview:-1"},"canonical":"https:\/\/vosgesinfo.fr\/saintdieinfo\/2023\/01\/etival-clairefontaine-lasrtt-affrontera-linz-quart-de-finale-de-ligue-champions\/","twitter_card":"summary_large_image","twitter_title":"Etival-Clairefontaine \u2013 L'ASRTT affrontera Linz en quart de finale de Ligue des Champions - Saint Die Info","twitter_description":"La salle Michel-Heissat d&rsquo;Etival-Clairefontaine, accueillera dans une semaine le quart de finale aller de la Ligue des Champions de tennis [&hellip;]","twitter_image":"https:\/\/vosgesinfo.fr\/app\/uploads\/sites\/4\/2024\/08\/202301etival-clairefontaine-quart-finale-ldc-tennis-de-table-01.jpg","twitter_creator":"@VosgesInfo88","twitter_site":"@VosgesInfo88","twitter_misc":{"\u00c9crit par":"la r\u00e9daction"},"schema":{"@context":"https:\/\/schema.org","@graph":[{"@type":"Article","@id":"https:\/\/vosgesinfo.fr\/saintdieinfo\/2023\/01\/etival-clairefontaine-lasrtt-affrontera-linz-quart-de-finale-de-ligue-champions\/#article","isPartOf":{"@id":"https:\/\/vosgesinfo.fr\/saintdieinfo\/2023\/01\/etival-clairefontaine-lasrtt-affrontera-linz-quart-de-finale-de-ligue-champions\/"},"author":{"name":"la r\u00e9daction","@id":"https:\/\/vosgesinfo.fr\/saintdieinfo\/#\/schema\/person\/faee6704a21f3977511db84bd1cd450f"},"headline":"Etival-Clairefontaine \u2013 L&rsquo;ASRTT affrontera Linz en quart de finale de Ligue des Champions","datePublished":"2023-01-17T08:11:20+00:00","dateModified":"2023-01-17T08:11:20+00:00","mainEntityOfPage":{"@id":"https:\/\/vosgesinfo.fr\/saintdieinfo\/2023\/01\/etival-clairefontaine-lasrtt-affrontera-linz-quart-de-finale-de-ligue-champions\/"},"wordCount":97,"commentCount":0,"publisher":{"@id":"https:\/\/vosgesinfo.fr\/saintdieinfo\/#organization"},"image":{"@id":"https:\/\/vosgesinfo.fr\/saintdieinfo\/2023\/01\/etival-clairefontaine-lasrtt-affrontera-linz-quart-de-finale-de-ligue-champions\/#primaryimage"},"thumbnailUrl":"https:\/\/vosgesinfo.fr\/app\/uploads\/sites\/4\/2024\/08\/202301etival-clairefontaine-quart-finale-ldc-tennis-de-table-01.jpg","keywords":["ASRTT","etival-clairefontaine","Ligue des Champions de tennis de table f\u00e9minin","Linz AG","Salle Michel-Heissat","Tennis de table f\u00e9minin"],"articleSection":["A la Une","Saint-Di\u00e9-des-Vosges et son Agglom\u00e9ration","Sport"],"inLanguage":"fr-FR","potentialAction":[{"@type":"CommentAction","name":"Comment","target":["https:\/\/vosgesinfo.fr\/saintdieinfo\/2023\/01\/etival-clairefontaine-lasrtt-affrontera-linz-quart-de-finale-de-ligue-champions\/#respond"]}]},{"@type":"WebPage","@id":"https:\/\/vosgesinfo.fr\/saintdieinfo\/2023\/01\/etival-clairefontaine-lasrtt-affrontera-linz-quart-de-finale-de-ligue-champions\/","url":"https:\/\/vosgesinfo.fr\/saintdieinfo\/2023\/01\/etival-clairefontaine-lasrtt-affrontera-linz-quart-de-finale-de-ligue-champions\/","name":"Etival-Clairefontaine \u2013 L'ASRTT affrontera Linz en quart de finale de Ligue des Champions - Saint Die Info","isPartOf":{"@id":"https:\/\/vosgesinfo.fr\/saintdieinfo\/#website"},"primaryImageOfPage":{"@id":"https:\/\/vosgesinfo.fr\/saintdieinfo\/2023\/01\/etival-clairefontaine-lasrtt-affrontera-linz-quart-de-finale-de-ligue-champions\/#primaryimage"},"image":{"@id":"https:\/\/vosgesinfo.fr\/saintdieinfo\/2023\/01\/etival-clairefontaine-lasrtt-affrontera-linz-quart-de-finale-de-ligue-champions\/#primaryimage"},"thumbnailUrl":"https:\/\/vosgesinfo.fr\/app\/uploads\/sites\/4\/2024\/08\/202301etival-clairefontaine-quart-finale-ldc-tennis-de-table-01.jpg","datePublished":"2023-01-17T08:11:20+00:00","dateModified":"2023-01-17T08:11:20+00:00","breadcrumb":{"@id":"https:\/\/vosgesinfo.fr\/saintdieinfo\/2023\/01\/etival-clairefontaine-lasrtt-affrontera-linz-quart-de-finale-de-ligue-champions\/#breadcrumb"},"inLanguage":"fr-FR","potentialAction":[{"@type":"ReadAction","target":["https:\/\/vosgesinfo.fr\/saintdieinfo\/2023\/01\/etival-clairefontaine-lasrtt-affrontera-linz-quart-de-finale-de-ligue-champions\/"]}]},{"@type":"ImageObject","inLanguage":"fr-FR","@id":"https:\/\/vosgesinfo.fr\/saintdieinfo\/2023\/01\/etival-clairefontaine-lasrtt-affrontera-linz-quart-de-finale-de-ligue-champions\/#primaryimage","url":"https:\/\/vosgesinfo.fr\/app\/uploads\/sites\/4\/2024\/08\/202301etival-clairefontaine-quart-finale-ldc-tennis-de-table-01.jpg","contentUrl":"https:\/\/vosgesinfo.fr\/app\/uploads\/sites\/4\/2024\/08\/202301etival-clairefontaine-quart-finale-ldc-tennis-de-table-01.jpg","width":631,"height":417},{"@type":"BreadcrumbList","@id":"https:\/\/vosgesinfo.fr\/saintdieinfo\/2023\/01\/etival-clairefontaine-lasrtt-affrontera-linz-quart-de-finale-de-ligue-champions\/#breadcrumb","itemListElement":[{"@type":"ListItem","position":1,"name":"Home","item":"https:\/\/vosgesinfo.fr\/saintdieinfo\/"},{"@type":"ListItem","position":2,"name":"Etival-Clairefontaine \u2013 L&rsquo;ASRTT affrontera Linz en quart de finale de Ligue des Champions"}]},{"@type":"WebSite","@id":"https:\/\/vosgesinfo.fr\/saintdieinfo\/#website","url":"https:\/\/vosgesinfo.fr\/saintdieinfo\/","name":"Saint Die Info","description":"Toute l&#039;actualit\u00e9 de Saint-Di\u00e9-Des-Vosges","publisher":{"@id":"https:\/\/vosgesinfo.fr\/saintdieinfo\/#organization"},"alternateName":"Toute l'actualit\u00e9 de Saint-Di\u00e9-Des-Vosges","potentialAction":[{"@type":"SearchAction","target":{"@type":"EntryPoint","urlTemplate":"https:\/\/vosgesinfo.fr\/saintdieinfo\/?s={search_term_string}"},"query-input":"required name=search_term_string"}],"inLanguage":"fr-FR"},{"@type":"Organization","@id":"https:\/\/vosgesinfo.fr\/saintdieinfo\/#organization","name":"Saint Die Info","url":"https:\/\/vosgesinfo.fr\/saintdieinfo\/","logo":{"@type":"ImageObject","inLanguage":"fr-FR","@id":"https:\/\/vosgesinfo.fr\/saintdieinfo\/#\/schema\/logo\/image\/","url":"https:\/\/vosgesinfo.fr\/app\/uploads\/sites\/4\/2024\/02\/logo-sdi.jpg","contentUrl":"https:\/\/vosgesinfo.fr\/app\/uploads\/sites\/4\/2024\/02\/logo-sdi.jpg","width":600,"height":600,"caption":"Saint Die Info"},"image":{"@id":"https:\/\/vosgesinfo.fr\/saintdieinfo\/#\/schema\/logo\/image\/"},"sameAs":["https:\/\/www.facebook.com\/Saintdieinfofr","https:\/\/x.com\/VosgesInfo88","https:\/\/www.youtube.com\/@vosgesinfo"]},{"@type":"Person","@id":"https:\/\/vosgesinfo.fr\/saintdieinfo\/#\/schema\/person\/faee6704a21f3977511db84bd1cd450f","name":"la r\u00e9daction","image":{"@type":"ImageObject","inLanguage":"fr-FR","@id":"https:\/\/vosgesinfo.fr\/saintdieinfo\/#\/schema\/person\/image\/","url":"https:\/\/secure.gravatar.com\/avatar\/6673d8bc6a9c17fa9a453eaa3448de834fa308c2ec9635b7aa99441a7c8d2cf6?s=96&d=mm&r=g","contentUrl":"https:\/\/secure.gravatar.com\/avatar\/6673d8bc6a9c17fa9a453eaa3448de834fa308c2ec9635b7aa99441a7c8d2cf6?s=96&d=mm&r=g","caption":"la r\u00e9daction"},"url":"https:\/\/vosgesinfo.fr\/saintdieinfo\/author\/redac\/"}]}},"_links":{"self":[{"href":"https:\/\/vosgesinfo.fr\/saintdieinfo\/wp-json\/wp\/v2\/posts\/61581","targetHints":{"allow":["GET"]}}],"collection":[{"href":"https:\/\/vosgesinfo.fr\/saintdieinfo\/wp-json\/wp\/v2\/posts"}],"about":[{"href":"https:\/\/vosgesinfo.fr\/saintdieinfo\/wp-json\/wp\/v2\/types\/post"}],"author":[{"embeddable":true,"href":"https:\/\/vosgesinfo.fr\/saintdieinfo\/wp-json\/wp\/v2\/users\/44"}],"replies":[{"embeddable":true,"href":"https:\/\/vosgesinfo.fr\/saintdieinfo\/wp-json\/wp\/v2\/comments?post=61581"}],"version-history":[{"count":0,"href":"https:\/\/vosgesinfo.fr\/saintdieinfo\/wp-json\/wp\/v2\/posts\/61581\/revisions"}],"wp:featuredmedia":[{"embeddable":true,"href":"https:\/\/vosgesinfo.fr\/saintdieinfo\/wp-json\/wp\/v2\/media\/61582"}],"wp:attachment":[{"href":"https:\/\/vosgesinfo.fr\/saintdieinfo\/wp-json\/wp\/v2\/media?parent=61581"}],"wp:term":[{"taxonomy":"category","embeddable":true,"href":"https:\/\/vosgesinfo.fr\/saintdieinfo\/wp-json\/wp\/v2\/categories?post=61581"},{"taxonomy":"post_tag","embeddable":true,"href":"https:\/\/vosgesinfo.fr\/saintdieinfo\/wp-json\/wp\/v2\/tags?post=61581"}],"curies":[{"name":"wp","href":"https:\/\/api.w.org\/{rel}","templated":true}]}}