{"id":61977,"date":"2023-01-30T20:18:46","date_gmt":"2023-01-30T19:18:46","guid":{"rendered":"https:\/\/vosgesinfo.fr\/saintdieinfo\/2023\/01\/voeux-de-claude-george-president-de-communaute-dagglomeration-de-saint-die-vosges-agglomeration-a-pris-sens-fil-annees\/"},"modified":"2023-01-30T20:18:46","modified_gmt":"2023-01-30T19:18:46","slug":"voeux-de-claude-george-president-de-communaute-dagglomeration-de-saint-die-vosges-agglomeration-a-pris-sens-fil-annees","status":"publish","type":"post","link":"https:\/\/vosgesinfo.fr\/saintdieinfo\/2023\/01\/voeux-de-claude-george-president-de-communaute-dagglomeration-de-saint-die-vosges-agglomeration-a-pris-sens-fil-annees\/","title":{"rendered":"Voeux de Claude George, pr\u00e9sident de la Communaut\u00e9 d&rsquo;Agglom\u00e9ration de Saint-Di\u00e9-des-Vosges\u00a0: \u00ab\u00a0Notre Agglom\u00e9ration a pris tout son sens au fil des ann\u00e9es\u00a0\u00bb"},"content":{"rendered":"<p><a href=\"\/2023\/01\/Voeux_2023_Pr\u00e9sident_CA_Claude_George-2.jpg\" target=\"_blank\" rel=\"noopener\"><img decoding=\"async\" class=\"aligncenter wp-image-196328 size-large\" src=\"\/2023\/01\/Voeux_2023_Pr\u00e9sident_CA_Claude_George-2-1024x771.jpg\" alt=\"Voeux_2023_Pr\u00e9sident_CA_Claude_George (2)\" width=\"960\" height=\"723\" \/><\/a><\/p>\n<h2><strong><span style=\"font-size: 14pt;\">Si le maire de Saint-Di\u00e9-des-Vosges Bruno Toussaint avait pr\u00e9sent\u00e9 ses v\u0153ux pour l&rsquo;ann\u00e9e 2023 d\u00e8s le 2 janvier (<a href=\"https:\/\/saintdieinfo.fr\/2023\/01\/voeux-de-bruno-toussaint-maire-de-saint-die-vosges-y-a-de-quoi-etre-fier-detre-deodatien\/\" target=\"_blank\" rel=\"noopener\">lire notre article<\/a>), le pr\u00e9sident de la Communaut\u00e9 d&rsquo;Agglom\u00e9ration a attendu ce lundi soir pour se livrer \u00e0 cet exercice, devant les forces vives du territoire r\u00e9unies \u00e0 la salle des f\u00eates de Sainte-Marguerite. Comme pour Bruno Toussaint, c&rsquo;\u00e9tait la premi\u00e8re fois que Claude George pr\u00e9sentait ses v\u0153ux depuis son \u00e9lection \u00e0 la pr\u00e9sidence de l&rsquo;intercommunalit\u00e9, le 2 juillet 2022.<\/span><\/strong><\/h2>\n<p><!--more--><\/p>\n<p>Entour\u00e9 des vice-pr\u00e9sidents, Claude George a dress\u00e9 dans son allocution le portrait de la Communaut\u00e9 d&rsquo;Agglom\u00e9ration qui, du haut de ses 6 ans et de ses 77 communes membres, est selon lui \u00ab\u00a0plus qu&rsquo;une simple unit\u00e9 g\u00e9ographique. Notre Agglom\u00e9ration a pris tout son sens au fil des ann\u00e9es en devenant une v\u00e9ritable communaut\u00e9, dans l&rsquo;esprit de faire territoire. Ce qui suppose une vision et une politique tourn\u00e9es vers les autres. Faire territoire ensemble, c&rsquo;est aussi soutenir la ville-centre Saint-Di\u00e9-des-Vosges. La solidarit\u00e9 intercommunale que l&rsquo;Agglom\u00e9ration porte r\u00e9sulte d&rsquo;une politique construite par les \u00e9lus qui la composent. \u00bb<\/p>\n<p>Op\u00e9ration de revitalisation des centres bourgs\u00a0; am\u00e9lioration de l&rsquo;habitat via l&rsquo;OPAH-RU\u00a0; lancement du r\u00e9seau de transport\u00e9 unifi\u00e9 Sylvia\u00a0; am\u00e9nagement d&rsquo;un p\u00f4le multimodal \u00e0 Saint-Di\u00e9-des-Vosges et bient\u00f4t \u00e0 Raon-l&rsquo;Etape\u00a0; maillage du territoire par les Maisons France Services\u00a0; renforcement du secteur de la petite enfance, avec notamment l&rsquo;ouverture de la micro-cr\u00e8che \u00ab\u00a0Les Renardeaux\u00a0\u00bb \u00e0 Saint-L\u00e9onard\u00a0; \u00e9laboration d&rsquo;un contrat local de sant\u00e9 avec l&rsquo;ARS Grand Est\u00a0; signature du Contrat Territorial d&rsquo;Education Artistique et Culturelle dans le but de rendre la Culture accessible au plus grand nombre\u00a0; cr\u00e9ation de l&rsquo;Office de Tourisme intercommunal et d&rsquo;aires de camping-cars\u00a0; r\u00e9fection du ch\u00e2teau de Pierre-Perc\u00e9e, dont la premi\u00e8re tranche des travaux vient de s&rsquo;achever\u00a0; pr\u00e9emption du ch\u00e2teau de Belval\u00a0; ouverture prochaine de la Boussole, qui sera \u00e0 la fois m\u00e9diath\u00e8que t\u00eate du r\u00e9seau Escales et outil de d\u00e9veloppement touristique\u00a0; lancement de la deuxi\u00e8me phase de la r\u00e9habilitation des anciennes papeteries du Souche, \u00e0 Anould, en vue d&rsquo;y accueillir un centre de formation aux m\u00e9tiers de la s\u00e9curit\u00e9\u00a0; harmonisation des tarifs des ordures m\u00e9nag\u00e8res ainsi que de l&rsquo;eau et de l&rsquo;assainissement\u00a0; engagement de l&rsquo;Agglom\u00e9ration aux c\u00f4t\u00e9s de 14 communes de la Vall\u00e9e du Rabodeau pour y porter le projet Territoire Z\u00e9ro Ch\u00f4meur&#8230; \u00ab\u00a0Tous ces projets renforcent la coh\u00e9sion et l&rsquo;attractivit\u00e9 de notre territoire\u00a0\u00bb a soulign\u00e9 Claude George en guise de conclusion de ses voeux.<\/p>\n<p>J.J.<\/p>\n<p><a href=\"\/2023\/01\/Voeux_2023_Pr\u00e9sident_CA_Claude_George-1.jpg\" target=\"_blank\" rel=\"noopener\"><img decoding=\"async\" class=\"aligncenter wp-image-196327 size-large\" src=\"\/2023\/01\/Voeux_2023_Pr\u00e9sident_CA_Claude_George-1-1024x771.jpg\" alt=\"Voeux_2023_Pr\u00e9sident_CA_Claude_George (1)\" width=\"960\" height=\"723\" \/><\/a><\/p>\n","protected":false},"excerpt":{"rendered":"<p>Si le maire de Saint-Di\u00e9-des-Vosges Bruno Toussaint avait pr\u00e9sent\u00e9 ses v\u0153ux pour l&rsquo;ann\u00e9e 2023 d\u00e8s le 2 janvier (lire notre [&hellip;]<\/p>\n","protected":false},"author":44,"featured_media":61978,"comment_status":"open","ping_status":"open","sticky":false,"template":"","format":"standard","meta":{"footnotes":""},"categories":[460,10,2915],"tags":[13567,3861,3282,3862,3092],"class_list":["post-61977","post","type-post","status-publish","format-standard","has-post-thumbnail","hentry","category-a-la-une","category-politique","category-saint-die-son-canton","tag-ceremonie-de-voeux-2023","tag-claude-george","tag-communaute-dagglomeration-de-saint-die-des-vosges","tag-president-de-la-communaute-dagglomeration-de-saint-die-des-vosges","tag-sainte-marguerite"],"acf":[],"yoast_head":"<!-- This site is optimized with the Yoast SEO plugin v22.5 - https:\/\/yoast.com\/wordpress\/plugins\/seo\/ -->\n<title>Voeux de Claude George, pr\u00e9sident de la Communaut\u00e9 d&#039;Agglom\u00e9ration de Saint-Di\u00e9-des-Vosges\u00a0: \u00ab\u00a0Notre Agglom\u00e9ration a pris tout son sens au fil des ann\u00e9es\u00a0\u00bb - Saint Die Info<\/title>\n<meta name=\"robots\" content=\"index, follow, max-snippet:-1, max-image-preview:large, max-video-preview:-1\" \/>\n<link rel=\"canonical\" href=\"https:\/\/vosgesinfo.fr\/saintdieinfo\/2023\/01\/voeux-de-claude-george-president-de-communaute-dagglomeration-de-saint-die-vosges-agglomeration-a-pris-sens-fil-annees\/\" \/>\n<meta name=\"twitter:card\" content=\"summary_large_image\" \/>\n<meta name=\"twitter:title\" content=\"Voeux de Claude George, pr\u00e9sident de la Communaut\u00e9 d&#039;Agglom\u00e9ration de Saint-Di\u00e9-des-Vosges\u00a0: \u00ab\u00a0Notre Agglom\u00e9ration a pris tout son sens au fil des ann\u00e9es\u00a0\u00bb - Saint Die Info\" \/>\n<meta name=\"twitter:description\" content=\"Si le maire de Saint-Di\u00e9-des-Vosges Bruno Toussaint avait pr\u00e9sent\u00e9 ses v\u0153ux pour l&rsquo;ann\u00e9e 2023 d\u00e8s le 2 janvier (lire notre [&hellip;]\" \/>\n<meta name=\"twitter:image\" content=\"https:\/\/vosgesinfo.fr\/app\/uploads\/sites\/4\/2024\/08\/202301voeux-2023-president-ca-claude-george-2.jpg\" \/>\n<meta name=\"twitter:creator\" content=\"@VosgesInfo88\" \/>\n<meta name=\"twitter:site\" content=\"@VosgesInfo88\" \/>\n<meta name=\"twitter:label1\" content=\"\u00c9crit par\" \/>\n\t<meta name=\"twitter:data1\" content=\"la r\u00e9daction\" \/>\n\t<meta name=\"twitter:label2\" content=\"Dur\u00e9e de lecture estim\u00e9e\" \/>\n\t<meta name=\"twitter:data2\" content=\"2 minutes\" \/>\n<script type=\"application\/ld+json\" class=\"yoast-schema-graph\">{\"@context\":\"https:\/\/schema.org\",\"@graph\":[{\"@type\":\"Article\",\"@id\":\"https:\/\/vosgesinfo.fr\/saintdieinfo\/2023\/01\/voeux-de-claude-george-president-de-communaute-dagglomeration-de-saint-die-vosges-agglomeration-a-pris-sens-fil-annees\/#article\",\"isPartOf\":{\"@id\":\"https:\/\/vosgesinfo.fr\/saintdieinfo\/2023\/01\/voeux-de-claude-george-president-de-communaute-dagglomeration-de-saint-die-vosges-agglomeration-a-pris-sens-fil-annees\/\"},\"author\":{\"name\":\"la r\u00e9daction\",\"@id\":\"https:\/\/vosgesinfo.fr\/saintdieinfo\/#\/schema\/person\/faee6704a21f3977511db84bd1cd450f\"},\"headline\":\"Voeux de Claude George, pr\u00e9sident de la Communaut\u00e9 d&rsquo;Agglom\u00e9ration de Saint-Di\u00e9-des-Vosges\u00a0: \u00ab\u00a0Notre Agglom\u00e9ration a pris tout son sens au fil des ann\u00e9es\u00a0\u00bb\",\"datePublished\":\"2023-01-30T19:18:46+00:00\",\"dateModified\":\"2023-01-30T19:18:46+00:00\",\"mainEntityOfPage\":{\"@id\":\"https:\/\/vosgesinfo.fr\/saintdieinfo\/2023\/01\/voeux-de-claude-george-president-de-communaute-dagglomeration-de-saint-die-vosges-agglomeration-a-pris-sens-fil-annees\/\"},\"wordCount\":487,\"commentCount\":0,\"publisher\":{\"@id\":\"https:\/\/vosgesinfo.fr\/saintdieinfo\/#organization\"},\"image\":{\"@id\":\"https:\/\/vosgesinfo.fr\/saintdieinfo\/2023\/01\/voeux-de-claude-george-president-de-communaute-dagglomeration-de-saint-die-vosges-agglomeration-a-pris-sens-fil-annees\/#primaryimage\"},\"thumbnailUrl\":\"https:\/\/vosgesinfo.fr\/app\/uploads\/sites\/4\/2024\/08\/202301voeux-2023-president-ca-claude-george-2.jpg\",\"keywords\":[\"C\u00e9r\u00e9monie de voeux 2023\",\"Claude George\",\"Communaut\u00e9 d'Agglom\u00e9ration de Saint-Di\u00e9-des-Vosges\",\"Pr\u00e9sident de la Communaut\u00e9 d'Agglom\u00e9ration de Saint-Di\u00e9-des-Vosges\",\"Sainte-Marguerite\"],\"articleSection\":[\"A la Une\",\"Politique\",\"Saint-Di\u00e9-des-Vosges et son Agglom\u00e9ration\"],\"inLanguage\":\"fr-FR\",\"potentialAction\":[{\"@type\":\"CommentAction\",\"name\":\"Comment\",\"target\":[\"https:\/\/vosgesinfo.fr\/saintdieinfo\/2023\/01\/voeux-de-claude-george-president-de-communaute-dagglomeration-de-saint-die-vosges-agglomeration-a-pris-sens-fil-annees\/#respond\"]}]},{\"@type\":\"WebPage\",\"@id\":\"https:\/\/vosgesinfo.fr\/saintdieinfo\/2023\/01\/voeux-de-claude-george-president-de-communaute-dagglomeration-de-saint-die-vosges-agglomeration-a-pris-sens-fil-annees\/\",\"url\":\"https:\/\/vosgesinfo.fr\/saintdieinfo\/2023\/01\/voeux-de-claude-george-president-de-communaute-dagglomeration-de-saint-die-vosges-agglomeration-a-pris-sens-fil-annees\/\",\"name\":\"Voeux de Claude George, pr\u00e9sident de la Communaut\u00e9 d'Agglom\u00e9ration de Saint-Di\u00e9-des-Vosges\u00a0: \u00ab\u00a0Notre Agglom\u00e9ration a pris tout son sens au fil des ann\u00e9es\u00a0\u00bb - Saint Die Info\",\"isPartOf\":{\"@id\":\"https:\/\/vosgesinfo.fr\/saintdieinfo\/#website\"},\"primaryImageOfPage\":{\"@id\":\"https:\/\/vosgesinfo.fr\/saintdieinfo\/2023\/01\/voeux-de-claude-george-president-de-communaute-dagglomeration-de-saint-die-vosges-agglomeration-a-pris-sens-fil-annees\/#primaryimage\"},\"image\":{\"@id\":\"https:\/\/vosgesinfo.fr\/saintdieinfo\/2023\/01\/voeux-de-claude-george-president-de-communaute-dagglomeration-de-saint-die-vosges-agglomeration-a-pris-sens-fil-annees\/#primaryimage\"},\"thumbnailUrl\":\"https:\/\/vosgesinfo.fr\/app\/uploads\/sites\/4\/2024\/08\/202301voeux-2023-president-ca-claude-george-2.jpg\",\"datePublished\":\"2023-01-30T19:18:46+00:00\",\"dateModified\":\"2023-01-30T19:18:46+00:00\",\"breadcrumb\":{\"@id\":\"https:\/\/vosgesinfo.fr\/saintdieinfo\/2023\/01\/voeux-de-claude-george-president-de-communaute-dagglomeration-de-saint-die-vosges-agglomeration-a-pris-sens-fil-annees\/#breadcrumb\"},\"inLanguage\":\"fr-FR\",\"potentialAction\":[{\"@type\":\"ReadAction\",\"target\":[\"https:\/\/vosgesinfo.fr\/saintdieinfo\/2023\/01\/voeux-de-claude-george-president-de-communaute-dagglomeration-de-saint-die-vosges-agglomeration-a-pris-sens-fil-annees\/\"]}]},{\"@type\":\"ImageObject\",\"inLanguage\":\"fr-FR\",\"@id\":\"https:\/\/vosgesinfo.fr\/saintdieinfo\/2023\/01\/voeux-de-claude-george-president-de-communaute-dagglomeration-de-saint-die-vosges-agglomeration-a-pris-sens-fil-annees\/#primaryimage\",\"url\":\"https:\/\/vosgesinfo.fr\/app\/uploads\/sites\/4\/2024\/08\/202301voeux-2023-president-ca-claude-george-2.jpg\",\"contentUrl\":\"https:\/\/vosgesinfo.fr\/app\/uploads\/sites\/4\/2024\/08\/202301voeux-2023-president-ca-claude-george-2.jpg\",\"width\":1600,\"height\":1205},{\"@type\":\"BreadcrumbList\",\"@id\":\"https:\/\/vosgesinfo.fr\/saintdieinfo\/2023\/01\/voeux-de-claude-george-president-de-communaute-dagglomeration-de-saint-die-vosges-agglomeration-a-pris-sens-fil-annees\/#breadcrumb\",\"itemListElement\":[{\"@type\":\"ListItem\",\"position\":1,\"name\":\"Home\",\"item\":\"https:\/\/vosgesinfo.fr\/saintdieinfo\/\"},{\"@type\":\"ListItem\",\"position\":2,\"name\":\"Voeux de Claude George, pr\u00e9sident de la Communaut\u00e9 d&rsquo;Agglom\u00e9ration de Saint-Di\u00e9-des-Vosges\u00a0: \u00ab\u00a0Notre Agglom\u00e9ration a pris tout son sens au fil des ann\u00e9es\u00a0\u00bb\"}]},{\"@type\":\"WebSite\",\"@id\":\"https:\/\/vosgesinfo.fr\/saintdieinfo\/#website\",\"url\":\"https:\/\/vosgesinfo.fr\/saintdieinfo\/\",\"name\":\"Saint Die Info\",\"description\":\"Toute l&#039;actualit\u00e9 de Saint-Di\u00e9-Des-Vosges\",\"publisher\":{\"@id\":\"https:\/\/vosgesinfo.fr\/saintdieinfo\/#organization\"},\"alternateName\":\"Toute l'actualit\u00e9 de Saint-Di\u00e9-Des-Vosges\",\"potentialAction\":[{\"@type\":\"SearchAction\",\"target\":{\"@type\":\"EntryPoint\",\"urlTemplate\":\"https:\/\/vosgesinfo.fr\/saintdieinfo\/?s={search_term_string}\"},\"query-input\":\"required name=search_term_string\"}],\"inLanguage\":\"fr-FR\"},{\"@type\":\"Organization\",\"@id\":\"https:\/\/vosgesinfo.fr\/saintdieinfo\/#organization\",\"name\":\"Saint Die Info\",\"url\":\"https:\/\/vosgesinfo.fr\/saintdieinfo\/\",\"logo\":{\"@type\":\"ImageObject\",\"inLanguage\":\"fr-FR\",\"@id\":\"https:\/\/vosgesinfo.fr\/saintdieinfo\/#\/schema\/logo\/image\/\",\"url\":\"https:\/\/vosgesinfo.fr\/app\/uploads\/sites\/4\/2024\/02\/logo-sdi.jpg\",\"contentUrl\":\"https:\/\/vosgesinfo.fr\/app\/uploads\/sites\/4\/2024\/02\/logo-sdi.jpg\",\"width\":600,\"height\":600,\"caption\":\"Saint Die Info\"},\"image\":{\"@id\":\"https:\/\/vosgesinfo.fr\/saintdieinfo\/#\/schema\/logo\/image\/\"},\"sameAs\":[\"https:\/\/www.facebook.com\/Saintdieinfofr\",\"https:\/\/x.com\/VosgesInfo88\",\"https:\/\/www.youtube.com\/@vosgesinfo\"]},{\"@type\":\"Person\",\"@id\":\"https:\/\/vosgesinfo.fr\/saintdieinfo\/#\/schema\/person\/faee6704a21f3977511db84bd1cd450f\",\"name\":\"la r\u00e9daction\",\"image\":{\"@type\":\"ImageObject\",\"inLanguage\":\"fr-FR\",\"@id\":\"https:\/\/vosgesinfo.fr\/saintdieinfo\/#\/schema\/person\/image\/\",\"url\":\"https:\/\/secure.gravatar.com\/avatar\/6673d8bc6a9c17fa9a453eaa3448de834fa308c2ec9635b7aa99441a7c8d2cf6?s=96&d=mm&r=g\",\"contentUrl\":\"https:\/\/secure.gravatar.com\/avatar\/6673d8bc6a9c17fa9a453eaa3448de834fa308c2ec9635b7aa99441a7c8d2cf6?s=96&d=mm&r=g\",\"caption\":\"la r\u00e9daction\"},\"url\":\"https:\/\/vosgesinfo.fr\/saintdieinfo\/author\/redac\/\"}]}<\/script>\n<!-- \/ Yoast SEO plugin. -->","yoast_head_json":{"title":"Voeux de Claude George, pr\u00e9sident de la Communaut\u00e9 d'Agglom\u00e9ration de Saint-Di\u00e9-des-Vosges\u00a0: \u00ab\u00a0Notre Agglom\u00e9ration a pris tout son sens au fil des ann\u00e9es\u00a0\u00bb - Saint Die Info","robots":{"index":"index","follow":"follow","max-snippet":"max-snippet:-1","max-image-preview":"max-image-preview:large","max-video-preview":"max-video-preview:-1"},"canonical":"https:\/\/vosgesinfo.fr\/saintdieinfo\/2023\/01\/voeux-de-claude-george-president-de-communaute-dagglomeration-de-saint-die-vosges-agglomeration-a-pris-sens-fil-annees\/","twitter_card":"summary_large_image","twitter_title":"Voeux de Claude George, pr\u00e9sident de la Communaut\u00e9 d'Agglom\u00e9ration de Saint-Di\u00e9-des-Vosges\u00a0: \u00ab\u00a0Notre Agglom\u00e9ration a pris tout son sens au fil des ann\u00e9es\u00a0\u00bb - Saint Die Info","twitter_description":"Si le maire de Saint-Di\u00e9-des-Vosges Bruno Toussaint avait pr\u00e9sent\u00e9 ses v\u0153ux pour l&rsquo;ann\u00e9e 2023 d\u00e8s le 2 janvier (lire notre [&hellip;]","twitter_image":"https:\/\/vosgesinfo.fr\/app\/uploads\/sites\/4\/2024\/08\/202301voeux-2023-president-ca-claude-george-2.jpg","twitter_creator":"@VosgesInfo88","twitter_site":"@VosgesInfo88","twitter_misc":{"\u00c9crit par":"la r\u00e9daction","Dur\u00e9e de lecture estim\u00e9e":"2 minutes"},"schema":{"@context":"https:\/\/schema.org","@graph":[{"@type":"Article","@id":"https:\/\/vosgesinfo.fr\/saintdieinfo\/2023\/01\/voeux-de-claude-george-president-de-communaute-dagglomeration-de-saint-die-vosges-agglomeration-a-pris-sens-fil-annees\/#article","isPartOf":{"@id":"https:\/\/vosgesinfo.fr\/saintdieinfo\/2023\/01\/voeux-de-claude-george-president-de-communaute-dagglomeration-de-saint-die-vosges-agglomeration-a-pris-sens-fil-annees\/"},"author":{"name":"la r\u00e9daction","@id":"https:\/\/vosgesinfo.fr\/saintdieinfo\/#\/schema\/person\/faee6704a21f3977511db84bd1cd450f"},"headline":"Voeux de Claude George, pr\u00e9sident de la Communaut\u00e9 d&rsquo;Agglom\u00e9ration de Saint-Di\u00e9-des-Vosges\u00a0: \u00ab\u00a0Notre Agglom\u00e9ration a pris tout son sens au fil des ann\u00e9es\u00a0\u00bb","datePublished":"2023-01-30T19:18:46+00:00","dateModified":"2023-01-30T19:18:46+00:00","mainEntityOfPage":{"@id":"https:\/\/vosgesinfo.fr\/saintdieinfo\/2023\/01\/voeux-de-claude-george-president-de-communaute-dagglomeration-de-saint-die-vosges-agglomeration-a-pris-sens-fil-annees\/"},"wordCount":487,"commentCount":0,"publisher":{"@id":"https:\/\/vosgesinfo.fr\/saintdieinfo\/#organization"},"image":{"@id":"https:\/\/vosgesinfo.fr\/saintdieinfo\/2023\/01\/voeux-de-claude-george-president-de-communaute-dagglomeration-de-saint-die-vosges-agglomeration-a-pris-sens-fil-annees\/#primaryimage"},"thumbnailUrl":"https:\/\/vosgesinfo.fr\/app\/uploads\/sites\/4\/2024\/08\/202301voeux-2023-president-ca-claude-george-2.jpg","keywords":["C\u00e9r\u00e9monie de voeux 2023","Claude George","Communaut\u00e9 d'Agglom\u00e9ration de Saint-Di\u00e9-des-Vosges","Pr\u00e9sident de la Communaut\u00e9 d'Agglom\u00e9ration de Saint-Di\u00e9-des-Vosges","Sainte-Marguerite"],"articleSection":["A la Une","Politique","Saint-Di\u00e9-des-Vosges et son Agglom\u00e9ration"],"inLanguage":"fr-FR","potentialAction":[{"@type":"CommentAction","name":"Comment","target":["https:\/\/vosgesinfo.fr\/saintdieinfo\/2023\/01\/voeux-de-claude-george-president-de-communaute-dagglomeration-de-saint-die-vosges-agglomeration-a-pris-sens-fil-annees\/#respond"]}]},{"@type":"WebPage","@id":"https:\/\/vosgesinfo.fr\/saintdieinfo\/2023\/01\/voeux-de-claude-george-president-de-communaute-dagglomeration-de-saint-die-vosges-agglomeration-a-pris-sens-fil-annees\/","url":"https:\/\/vosgesinfo.fr\/saintdieinfo\/2023\/01\/voeux-de-claude-george-president-de-communaute-dagglomeration-de-saint-die-vosges-agglomeration-a-pris-sens-fil-annees\/","name":"Voeux de Claude George, pr\u00e9sident de la Communaut\u00e9 d'Agglom\u00e9ration de Saint-Di\u00e9-des-Vosges\u00a0: \u00ab\u00a0Notre Agglom\u00e9ration a pris tout son sens au fil des ann\u00e9es\u00a0\u00bb - Saint Die Info","isPartOf":{"@id":"https:\/\/vosgesinfo.fr\/saintdieinfo\/#website"},"primaryImageOfPage":{"@id":"https:\/\/vosgesinfo.fr\/saintdieinfo\/2023\/01\/voeux-de-claude-george-president-de-communaute-dagglomeration-de-saint-die-vosges-agglomeration-a-pris-sens-fil-annees\/#primaryimage"},"image":{"@id":"https:\/\/vosgesinfo.fr\/saintdieinfo\/2023\/01\/voeux-de-claude-george-president-de-communaute-dagglomeration-de-saint-die-vosges-agglomeration-a-pris-sens-fil-annees\/#primaryimage"},"thumbnailUrl":"https:\/\/vosgesinfo.fr\/app\/uploads\/sites\/4\/2024\/08\/202301voeux-2023-president-ca-claude-george-2.jpg","datePublished":"2023-01-30T19:18:46+00:00","dateModified":"2023-01-30T19:18:46+00:00","breadcrumb":{"@id":"https:\/\/vosgesinfo.fr\/saintdieinfo\/2023\/01\/voeux-de-claude-george-president-de-communaute-dagglomeration-de-saint-die-vosges-agglomeration-a-pris-sens-fil-annees\/#breadcrumb"},"inLanguage":"fr-FR","potentialAction":[{"@type":"ReadAction","target":["https:\/\/vosgesinfo.fr\/saintdieinfo\/2023\/01\/voeux-de-claude-george-president-de-communaute-dagglomeration-de-saint-die-vosges-agglomeration-a-pris-sens-fil-annees\/"]}]},{"@type":"ImageObject","inLanguage":"fr-FR","@id":"https:\/\/vosgesinfo.fr\/saintdieinfo\/2023\/01\/voeux-de-claude-george-president-de-communaute-dagglomeration-de-saint-die-vosges-agglomeration-a-pris-sens-fil-annees\/#primaryimage","url":"https:\/\/vosgesinfo.fr\/app\/uploads\/sites\/4\/2024\/08\/202301voeux-2023-president-ca-claude-george-2.jpg","contentUrl":"https:\/\/vosgesinfo.fr\/app\/uploads\/sites\/4\/2024\/08\/202301voeux-2023-president-ca-claude-george-2.jpg","width":1600,"height":1205},{"@type":"BreadcrumbList","@id":"https:\/\/vosgesinfo.fr\/saintdieinfo\/2023\/01\/voeux-de-claude-george-president-de-communaute-dagglomeration-de-saint-die-vosges-agglomeration-a-pris-sens-fil-annees\/#breadcrumb","itemListElement":[{"@type":"ListItem","position":1,"name":"Home","item":"https:\/\/vosgesinfo.fr\/saintdieinfo\/"},{"@type":"ListItem","position":2,"name":"Voeux de Claude George, pr\u00e9sident de la Communaut\u00e9 d&rsquo;Agglom\u00e9ration de Saint-Di\u00e9-des-Vosges\u00a0: \u00ab\u00a0Notre Agglom\u00e9ration a pris tout son sens au fil des ann\u00e9es\u00a0\u00bb"}]},{"@type":"WebSite","@id":"https:\/\/vosgesinfo.fr\/saintdieinfo\/#website","url":"https:\/\/vosgesinfo.fr\/saintdieinfo\/","name":"Saint Die Info","description":"Toute l&#039;actualit\u00e9 de Saint-Di\u00e9-Des-Vosges","publisher":{"@id":"https:\/\/vosgesinfo.fr\/saintdieinfo\/#organization"},"alternateName":"Toute l'actualit\u00e9 de Saint-Di\u00e9-Des-Vosges","potentialAction":[{"@type":"SearchAction","target":{"@type":"EntryPoint","urlTemplate":"https:\/\/vosgesinfo.fr\/saintdieinfo\/?s={search_term_string}"},"query-input":"required name=search_term_string"}],"inLanguage":"fr-FR"},{"@type":"Organization","@id":"https:\/\/vosgesinfo.fr\/saintdieinfo\/#organization","name":"Saint Die Info","url":"https:\/\/vosgesinfo.fr\/saintdieinfo\/","logo":{"@type":"ImageObject","inLanguage":"fr-FR","@id":"https:\/\/vosgesinfo.fr\/saintdieinfo\/#\/schema\/logo\/image\/","url":"https:\/\/vosgesinfo.fr\/app\/uploads\/sites\/4\/2024\/02\/logo-sdi.jpg","contentUrl":"https:\/\/vosgesinfo.fr\/app\/uploads\/sites\/4\/2024\/02\/logo-sdi.jpg","width":600,"height":600,"caption":"Saint Die Info"},"image":{"@id":"https:\/\/vosgesinfo.fr\/saintdieinfo\/#\/schema\/logo\/image\/"},"sameAs":["https:\/\/www.facebook.com\/Saintdieinfofr","https:\/\/x.com\/VosgesInfo88","https:\/\/www.youtube.com\/@vosgesinfo"]},{"@type":"Person","@id":"https:\/\/vosgesinfo.fr\/saintdieinfo\/#\/schema\/person\/faee6704a21f3977511db84bd1cd450f","name":"la r\u00e9daction","image":{"@type":"ImageObject","inLanguage":"fr-FR","@id":"https:\/\/vosgesinfo.fr\/saintdieinfo\/#\/schema\/person\/image\/","url":"https:\/\/secure.gravatar.com\/avatar\/6673d8bc6a9c17fa9a453eaa3448de834fa308c2ec9635b7aa99441a7c8d2cf6?s=96&d=mm&r=g","contentUrl":"https:\/\/secure.gravatar.com\/avatar\/6673d8bc6a9c17fa9a453eaa3448de834fa308c2ec9635b7aa99441a7c8d2cf6?s=96&d=mm&r=g","caption":"la r\u00e9daction"},"url":"https:\/\/vosgesinfo.fr\/saintdieinfo\/author\/redac\/"}]}},"_links":{"self":[{"href":"https:\/\/vosgesinfo.fr\/saintdieinfo\/wp-json\/wp\/v2\/posts\/61977","targetHints":{"allow":["GET"]}}],"collection":[{"href":"https:\/\/vosgesinfo.fr\/saintdieinfo\/wp-json\/wp\/v2\/posts"}],"about":[{"href":"https:\/\/vosgesinfo.fr\/saintdieinfo\/wp-json\/wp\/v2\/types\/post"}],"author":[{"embeddable":true,"href":"https:\/\/vosgesinfo.fr\/saintdieinfo\/wp-json\/wp\/v2\/users\/44"}],"replies":[{"embeddable":true,"href":"https:\/\/vosgesinfo.fr\/saintdieinfo\/wp-json\/wp\/v2\/comments?post=61977"}],"version-history":[{"count":0,"href":"https:\/\/vosgesinfo.fr\/saintdieinfo\/wp-json\/wp\/v2\/posts\/61977\/revisions"}],"wp:featuredmedia":[{"embeddable":true,"href":"https:\/\/vosgesinfo.fr\/saintdieinfo\/wp-json\/wp\/v2\/media\/61978"}],"wp:attachment":[{"href":"https:\/\/vosgesinfo.fr\/saintdieinfo\/wp-json\/wp\/v2\/media?parent=61977"}],"wp:term":[{"taxonomy":"category","embeddable":true,"href":"https:\/\/vosgesinfo.fr\/saintdieinfo\/wp-json\/wp\/v2\/categories?post=61977"},{"taxonomy":"post_tag","embeddable":true,"href":"https:\/\/vosgesinfo.fr\/saintdieinfo\/wp-json\/wp\/v2\/tags?post=61977"}],"curies":[{"name":"wp","href":"https:\/\/api.w.org\/{rel}","templated":true}]}}