{"id":61981,"date":"2023-01-31T10:33:10","date_gmt":"2023-01-31T09:33:10","guid":{"rendered":"https:\/\/vosgesinfo.fr\/saintdieinfo\/2023\/01\/eleves-cepagrap-visitent-lexposition-de-fabienne-verdier\/"},"modified":"2023-01-31T10:33:10","modified_gmt":"2023-01-31T09:33:10","slug":"eleves-cepagrap-visitent-lexposition-de-fabienne-verdier","status":"publish","type":"post","link":"https:\/\/vosgesinfo.fr\/saintdieinfo\/2023\/01\/eleves-cepagrap-visitent-lexposition-de-fabienne-verdier\/","title":{"rendered":"Les \u00e9l\u00e8ves du CEPAGRAP visitent l&rsquo;exposition de Fabienne Verdier"},"content":{"rendered":"<div id=\"attachment_196342\" style=\"width: 970px\" class=\"wp-caption aligncenter\"><a href=\"\/2023\/01\/CEPAGRAP_Visite_Exposition_Fabienne_Verdier.jpeg\" target=\"_blank\" rel=\"noopener\"><img decoding=\"async\" aria-describedby=\"caption-attachment-196342\" class=\"wp-image-196342 size-large\" src=\"\/2023\/01\/CEPAGRAP_Visite_Exposition_Fabienne_Verdier-1024x768.jpeg\" alt=\"CEPAGRAP_Visite_Exposition_Fabienne_Verdier\" width=\"960\" height=\"720\" \/><\/a><p id=\"caption-attachment-196342\" class=\"wp-caption-text\">(Photographie CEPAGRAP)<\/p><\/div>\n<h2><span style=\"font-family: Calibri, sans-serif;\"><span style=\"font-size: large;\"><strong><span style=\"font-size: 14pt;\">Les \u00e9l\u00e8ves de l\u2019atelier peinture du CEPAGRAP, travaillant actuellement sur le th\u00e8me de la trace et du geste, sont r\u00e9cemment all\u00e9s \u00e0 la rencontre du travail de Fabienne Verdier au Mus\u00e9e Unterlinden de Colmar.<\/span><\/strong><br \/>\n<\/span><\/span><\/h2>\n<p><!--more--><\/p>\n<p><span style=\"font-family: Calibri, sans-serif;\"><span style=\"font-size: large;\">Cette exposition intitul\u00e9e, Le chant des \u00e9toiles, se d\u00e9ploie en regard des tableaux des grands maitres du Mus\u00e9e, avec ses chefs d\u2019oeuvres et plus particuli\u00e8rement le Retable d\u2019Issenheim. Les \u00e9l\u00e8ves, encadr\u00e9s par Emmanuel Antoine ont pu admirer le dialogue \u00e9tabli par Fabienne Verdier avec des \u0153uvres de p\u00e9riodes diff\u00e9rentes, de la Renaissance jusqu\u2019\u00e0 la p\u00e9riode contemporaine. Cette visite s\u2019est termin\u00e9e dans l\u2019installation monumentale Rainbows et le Grand Vortex o\u00f9 Fabienne Verdier compare notre fin de vie \u00e0 celle des \u00e9toiles. Cette visite a \u00e9t\u00e9 riche de d\u00e9couvertes et d\u2019\u00e9motions face aux \u0153uvres et a donn\u00e9 envie \u00e0 tous les participants d\u2019approfondir leurs propres recherches picturales.<\/span><\/span><\/p>\n","protected":false},"excerpt":{"rendered":"<p>Les \u00e9l\u00e8ves de l\u2019atelier peinture du CEPAGRAP, travaillant actuellement sur le th\u00e8me de la trace et du geste, sont r\u00e9cemment [&hellip;]<\/p>\n","protected":false},"author":44,"featured_media":61982,"comment_status":"open","ping_status":"open","sticky":false,"template":"","format":"standard","meta":{"footnotes":""},"categories":[460,7847,2915],"tags":[3084,6532,13712,13713],"class_list":["post-61981","post","type-post","status-publish","format-standard","has-post-thumbnail","hentry","category-a-la-une","category-art-culture","category-saint-die-son-canton","tag-cepagrap","tag-colmar","tag-fabienne-verdier","tag-musee-unterlinden"],"acf":[],"yoast_head":"<!-- This site is optimized with the Yoast SEO plugin v22.5 - https:\/\/yoast.com\/wordpress\/plugins\/seo\/ -->\n<title>Les \u00e9l\u00e8ves du CEPAGRAP visitent l&#039;exposition de Fabienne Verdier - Saint Die Info<\/title>\n<meta name=\"robots\" content=\"index, follow, max-snippet:-1, max-image-preview:large, max-video-preview:-1\" \/>\n<link rel=\"canonical\" href=\"https:\/\/vosgesinfo.fr\/saintdieinfo\/2023\/01\/eleves-cepagrap-visitent-lexposition-de-fabienne-verdier\/\" \/>\n<meta name=\"twitter:card\" content=\"summary_large_image\" \/>\n<meta name=\"twitter:title\" content=\"Les \u00e9l\u00e8ves du CEPAGRAP visitent l&#039;exposition de Fabienne Verdier - Saint Die Info\" \/>\n<meta name=\"twitter:description\" content=\"Les \u00e9l\u00e8ves de l\u2019atelier peinture du CEPAGRAP, travaillant actuellement sur le th\u00e8me de la trace et du geste, sont r\u00e9cemment [&hellip;]\" \/>\n<meta name=\"twitter:image\" content=\"https:\/\/vosgesinfo.fr\/app\/uploads\/sites\/4\/2024\/08\/202301cepagrap-visite-exposition-fabienne-verdier.jpeg\" \/>\n<meta name=\"twitter:creator\" content=\"@VosgesInfo88\" \/>\n<meta name=\"twitter:site\" content=\"@VosgesInfo88\" \/>\n<meta name=\"twitter:label1\" content=\"\u00c9crit par\" \/>\n\t<meta name=\"twitter:data1\" content=\"la r\u00e9daction\" \/>\n\t<meta name=\"twitter:label2\" content=\"Dur\u00e9e de lecture estim\u00e9e\" \/>\n\t<meta name=\"twitter:data2\" content=\"1 minute\" \/>\n<script type=\"application\/ld+json\" class=\"yoast-schema-graph\">{\"@context\":\"https:\/\/schema.org\",\"@graph\":[{\"@type\":\"Article\",\"@id\":\"https:\/\/vosgesinfo.fr\/saintdieinfo\/2023\/01\/eleves-cepagrap-visitent-lexposition-de-fabienne-verdier\/#article\",\"isPartOf\":{\"@id\":\"https:\/\/vosgesinfo.fr\/saintdieinfo\/2023\/01\/eleves-cepagrap-visitent-lexposition-de-fabienne-verdier\/\"},\"author\":{\"name\":\"la r\u00e9daction\",\"@id\":\"https:\/\/vosgesinfo.fr\/saintdieinfo\/#\/schema\/person\/faee6704a21f3977511db84bd1cd450f\"},\"headline\":\"Les \u00e9l\u00e8ves du CEPAGRAP visitent l&rsquo;exposition de Fabienne Verdier\",\"datePublished\":\"2023-01-31T09:33:10+00:00\",\"dateModified\":\"2023-01-31T09:33:10+00:00\",\"mainEntityOfPage\":{\"@id\":\"https:\/\/vosgesinfo.fr\/saintdieinfo\/2023\/01\/eleves-cepagrap-visitent-lexposition-de-fabienne-verdier\/\"},\"wordCount\":179,\"commentCount\":0,\"publisher\":{\"@id\":\"https:\/\/vosgesinfo.fr\/saintdieinfo\/#organization\"},\"image\":{\"@id\":\"https:\/\/vosgesinfo.fr\/saintdieinfo\/2023\/01\/eleves-cepagrap-visitent-lexposition-de-fabienne-verdier\/#primaryimage\"},\"thumbnailUrl\":\"https:\/\/vosgesinfo.fr\/app\/uploads\/sites\/4\/2024\/08\/202301cepagrap-visite-exposition-fabienne-verdier.jpeg\",\"keywords\":[\"CEPAGRAP\",\"Colmar\",\"Fabienne Verdier\",\"Mus\u00e9e Unterlinden\"],\"articleSection\":[\"A la Une\",\"Culture\",\"Saint-Di\u00e9-des-Vosges et son Agglom\u00e9ration\"],\"inLanguage\":\"fr-FR\",\"potentialAction\":[{\"@type\":\"CommentAction\",\"name\":\"Comment\",\"target\":[\"https:\/\/vosgesinfo.fr\/saintdieinfo\/2023\/01\/eleves-cepagrap-visitent-lexposition-de-fabienne-verdier\/#respond\"]}]},{\"@type\":\"WebPage\",\"@id\":\"https:\/\/vosgesinfo.fr\/saintdieinfo\/2023\/01\/eleves-cepagrap-visitent-lexposition-de-fabienne-verdier\/\",\"url\":\"https:\/\/vosgesinfo.fr\/saintdieinfo\/2023\/01\/eleves-cepagrap-visitent-lexposition-de-fabienne-verdier\/\",\"name\":\"Les \u00e9l\u00e8ves du CEPAGRAP visitent l'exposition de Fabienne Verdier - Saint Die Info\",\"isPartOf\":{\"@id\":\"https:\/\/vosgesinfo.fr\/saintdieinfo\/#website\"},\"primaryImageOfPage\":{\"@id\":\"https:\/\/vosgesinfo.fr\/saintdieinfo\/2023\/01\/eleves-cepagrap-visitent-lexposition-de-fabienne-verdier\/#primaryimage\"},\"image\":{\"@id\":\"https:\/\/vosgesinfo.fr\/saintdieinfo\/2023\/01\/eleves-cepagrap-visitent-lexposition-de-fabienne-verdier\/#primaryimage\"},\"thumbnailUrl\":\"https:\/\/vosgesinfo.fr\/app\/uploads\/sites\/4\/2024\/08\/202301cepagrap-visite-exposition-fabienne-verdier.jpeg\",\"datePublished\":\"2023-01-31T09:33:10+00:00\",\"dateModified\":\"2023-01-31T09:33:10+00:00\",\"breadcrumb\":{\"@id\":\"https:\/\/vosgesinfo.fr\/saintdieinfo\/2023\/01\/eleves-cepagrap-visitent-lexposition-de-fabienne-verdier\/#breadcrumb\"},\"inLanguage\":\"fr-FR\",\"potentialAction\":[{\"@type\":\"ReadAction\",\"target\":[\"https:\/\/vosgesinfo.fr\/saintdieinfo\/2023\/01\/eleves-cepagrap-visitent-lexposition-de-fabienne-verdier\/\"]}]},{\"@type\":\"ImageObject\",\"inLanguage\":\"fr-FR\",\"@id\":\"https:\/\/vosgesinfo.fr\/saintdieinfo\/2023\/01\/eleves-cepagrap-visitent-lexposition-de-fabienne-verdier\/#primaryimage\",\"url\":\"https:\/\/vosgesinfo.fr\/app\/uploads\/sites\/4\/2024\/08\/202301cepagrap-visite-exposition-fabienne-verdier.jpeg\",\"contentUrl\":\"https:\/\/vosgesinfo.fr\/app\/uploads\/sites\/4\/2024\/08\/202301cepagrap-visite-exposition-fabienne-verdier.jpeg\",\"width\":1600,\"height\":1200},{\"@type\":\"BreadcrumbList\",\"@id\":\"https:\/\/vosgesinfo.fr\/saintdieinfo\/2023\/01\/eleves-cepagrap-visitent-lexposition-de-fabienne-verdier\/#breadcrumb\",\"itemListElement\":[{\"@type\":\"ListItem\",\"position\":1,\"name\":\"Home\",\"item\":\"https:\/\/vosgesinfo.fr\/saintdieinfo\/\"},{\"@type\":\"ListItem\",\"position\":2,\"name\":\"Les \u00e9l\u00e8ves du CEPAGRAP visitent l&rsquo;exposition de Fabienne Verdier\"}]},{\"@type\":\"WebSite\",\"@id\":\"https:\/\/vosgesinfo.fr\/saintdieinfo\/#website\",\"url\":\"https:\/\/vosgesinfo.fr\/saintdieinfo\/\",\"name\":\"Saint Die Info\",\"description\":\"Toute l&#039;actualit\u00e9 de Saint-Di\u00e9-Des-Vosges\",\"publisher\":{\"@id\":\"https:\/\/vosgesinfo.fr\/saintdieinfo\/#organization\"},\"alternateName\":\"Toute l'actualit\u00e9 de Saint-Di\u00e9-Des-Vosges\",\"potentialAction\":[{\"@type\":\"SearchAction\",\"target\":{\"@type\":\"EntryPoint\",\"urlTemplate\":\"https:\/\/vosgesinfo.fr\/saintdieinfo\/?s={search_term_string}\"},\"query-input\":\"required name=search_term_string\"}],\"inLanguage\":\"fr-FR\"},{\"@type\":\"Organization\",\"@id\":\"https:\/\/vosgesinfo.fr\/saintdieinfo\/#organization\",\"name\":\"Saint Die Info\",\"url\":\"https:\/\/vosgesinfo.fr\/saintdieinfo\/\",\"logo\":{\"@type\":\"ImageObject\",\"inLanguage\":\"fr-FR\",\"@id\":\"https:\/\/vosgesinfo.fr\/saintdieinfo\/#\/schema\/logo\/image\/\",\"url\":\"https:\/\/vosgesinfo.fr\/app\/uploads\/sites\/4\/2024\/02\/logo-sdi.jpg\",\"contentUrl\":\"https:\/\/vosgesinfo.fr\/app\/uploads\/sites\/4\/2024\/02\/logo-sdi.jpg\",\"width\":600,\"height\":600,\"caption\":\"Saint Die Info\"},\"image\":{\"@id\":\"https:\/\/vosgesinfo.fr\/saintdieinfo\/#\/schema\/logo\/image\/\"},\"sameAs\":[\"https:\/\/www.facebook.com\/Saintdieinfofr\",\"https:\/\/x.com\/VosgesInfo88\",\"https:\/\/www.youtube.com\/@vosgesinfo\"]},{\"@type\":\"Person\",\"@id\":\"https:\/\/vosgesinfo.fr\/saintdieinfo\/#\/schema\/person\/faee6704a21f3977511db84bd1cd450f\",\"name\":\"la r\u00e9daction\",\"image\":{\"@type\":\"ImageObject\",\"inLanguage\":\"fr-FR\",\"@id\":\"https:\/\/vosgesinfo.fr\/saintdieinfo\/#\/schema\/person\/image\/\",\"url\":\"https:\/\/secure.gravatar.com\/avatar\/6673d8bc6a9c17fa9a453eaa3448de834fa308c2ec9635b7aa99441a7c8d2cf6?s=96&d=mm&r=g\",\"contentUrl\":\"https:\/\/secure.gravatar.com\/avatar\/6673d8bc6a9c17fa9a453eaa3448de834fa308c2ec9635b7aa99441a7c8d2cf6?s=96&d=mm&r=g\",\"caption\":\"la r\u00e9daction\"},\"url\":\"https:\/\/vosgesinfo.fr\/saintdieinfo\/author\/redac\/\"}]}<\/script>\n<!-- \/ Yoast SEO plugin. -->","yoast_head_json":{"title":"Les \u00e9l\u00e8ves du CEPAGRAP visitent l'exposition de Fabienne Verdier - Saint Die Info","robots":{"index":"index","follow":"follow","max-snippet":"max-snippet:-1","max-image-preview":"max-image-preview:large","max-video-preview":"max-video-preview:-1"},"canonical":"https:\/\/vosgesinfo.fr\/saintdieinfo\/2023\/01\/eleves-cepagrap-visitent-lexposition-de-fabienne-verdier\/","twitter_card":"summary_large_image","twitter_title":"Les \u00e9l\u00e8ves du CEPAGRAP visitent l'exposition de Fabienne Verdier - Saint Die Info","twitter_description":"Les \u00e9l\u00e8ves de l\u2019atelier peinture du CEPAGRAP, travaillant actuellement sur le th\u00e8me de la trace et du geste, sont r\u00e9cemment [&hellip;]","twitter_image":"https:\/\/vosgesinfo.fr\/app\/uploads\/sites\/4\/2024\/08\/202301cepagrap-visite-exposition-fabienne-verdier.jpeg","twitter_creator":"@VosgesInfo88","twitter_site":"@VosgesInfo88","twitter_misc":{"\u00c9crit par":"la r\u00e9daction","Dur\u00e9e de lecture estim\u00e9e":"1 minute"},"schema":{"@context":"https:\/\/schema.org","@graph":[{"@type":"Article","@id":"https:\/\/vosgesinfo.fr\/saintdieinfo\/2023\/01\/eleves-cepagrap-visitent-lexposition-de-fabienne-verdier\/#article","isPartOf":{"@id":"https:\/\/vosgesinfo.fr\/saintdieinfo\/2023\/01\/eleves-cepagrap-visitent-lexposition-de-fabienne-verdier\/"},"author":{"name":"la r\u00e9daction","@id":"https:\/\/vosgesinfo.fr\/saintdieinfo\/#\/schema\/person\/faee6704a21f3977511db84bd1cd450f"},"headline":"Les \u00e9l\u00e8ves du CEPAGRAP visitent l&rsquo;exposition de Fabienne Verdier","datePublished":"2023-01-31T09:33:10+00:00","dateModified":"2023-01-31T09:33:10+00:00","mainEntityOfPage":{"@id":"https:\/\/vosgesinfo.fr\/saintdieinfo\/2023\/01\/eleves-cepagrap-visitent-lexposition-de-fabienne-verdier\/"},"wordCount":179,"commentCount":0,"publisher":{"@id":"https:\/\/vosgesinfo.fr\/saintdieinfo\/#organization"},"image":{"@id":"https:\/\/vosgesinfo.fr\/saintdieinfo\/2023\/01\/eleves-cepagrap-visitent-lexposition-de-fabienne-verdier\/#primaryimage"},"thumbnailUrl":"https:\/\/vosgesinfo.fr\/app\/uploads\/sites\/4\/2024\/08\/202301cepagrap-visite-exposition-fabienne-verdier.jpeg","keywords":["CEPAGRAP","Colmar","Fabienne Verdier","Mus\u00e9e Unterlinden"],"articleSection":["A la Une","Culture","Saint-Di\u00e9-des-Vosges et son Agglom\u00e9ration"],"inLanguage":"fr-FR","potentialAction":[{"@type":"CommentAction","name":"Comment","target":["https:\/\/vosgesinfo.fr\/saintdieinfo\/2023\/01\/eleves-cepagrap-visitent-lexposition-de-fabienne-verdier\/#respond"]}]},{"@type":"WebPage","@id":"https:\/\/vosgesinfo.fr\/saintdieinfo\/2023\/01\/eleves-cepagrap-visitent-lexposition-de-fabienne-verdier\/","url":"https:\/\/vosgesinfo.fr\/saintdieinfo\/2023\/01\/eleves-cepagrap-visitent-lexposition-de-fabienne-verdier\/","name":"Les \u00e9l\u00e8ves du CEPAGRAP visitent l'exposition de Fabienne Verdier - Saint Die Info","isPartOf":{"@id":"https:\/\/vosgesinfo.fr\/saintdieinfo\/#website"},"primaryImageOfPage":{"@id":"https:\/\/vosgesinfo.fr\/saintdieinfo\/2023\/01\/eleves-cepagrap-visitent-lexposition-de-fabienne-verdier\/#primaryimage"},"image":{"@id":"https:\/\/vosgesinfo.fr\/saintdieinfo\/2023\/01\/eleves-cepagrap-visitent-lexposition-de-fabienne-verdier\/#primaryimage"},"thumbnailUrl":"https:\/\/vosgesinfo.fr\/app\/uploads\/sites\/4\/2024\/08\/202301cepagrap-visite-exposition-fabienne-verdier.jpeg","datePublished":"2023-01-31T09:33:10+00:00","dateModified":"2023-01-31T09:33:10+00:00","breadcrumb":{"@id":"https:\/\/vosgesinfo.fr\/saintdieinfo\/2023\/01\/eleves-cepagrap-visitent-lexposition-de-fabienne-verdier\/#breadcrumb"},"inLanguage":"fr-FR","potentialAction":[{"@type":"ReadAction","target":["https:\/\/vosgesinfo.fr\/saintdieinfo\/2023\/01\/eleves-cepagrap-visitent-lexposition-de-fabienne-verdier\/"]}]},{"@type":"ImageObject","inLanguage":"fr-FR","@id":"https:\/\/vosgesinfo.fr\/saintdieinfo\/2023\/01\/eleves-cepagrap-visitent-lexposition-de-fabienne-verdier\/#primaryimage","url":"https:\/\/vosgesinfo.fr\/app\/uploads\/sites\/4\/2024\/08\/202301cepagrap-visite-exposition-fabienne-verdier.jpeg","contentUrl":"https:\/\/vosgesinfo.fr\/app\/uploads\/sites\/4\/2024\/08\/202301cepagrap-visite-exposition-fabienne-verdier.jpeg","width":1600,"height":1200},{"@type":"BreadcrumbList","@id":"https:\/\/vosgesinfo.fr\/saintdieinfo\/2023\/01\/eleves-cepagrap-visitent-lexposition-de-fabienne-verdier\/#breadcrumb","itemListElement":[{"@type":"ListItem","position":1,"name":"Home","item":"https:\/\/vosgesinfo.fr\/saintdieinfo\/"},{"@type":"ListItem","position":2,"name":"Les \u00e9l\u00e8ves du CEPAGRAP visitent l&rsquo;exposition de Fabienne Verdier"}]},{"@type":"WebSite","@id":"https:\/\/vosgesinfo.fr\/saintdieinfo\/#website","url":"https:\/\/vosgesinfo.fr\/saintdieinfo\/","name":"Saint Die Info","description":"Toute l&#039;actualit\u00e9 de Saint-Di\u00e9-Des-Vosges","publisher":{"@id":"https:\/\/vosgesinfo.fr\/saintdieinfo\/#organization"},"alternateName":"Toute l'actualit\u00e9 de Saint-Di\u00e9-Des-Vosges","potentialAction":[{"@type":"SearchAction","target":{"@type":"EntryPoint","urlTemplate":"https:\/\/vosgesinfo.fr\/saintdieinfo\/?s={search_term_string}"},"query-input":"required name=search_term_string"}],"inLanguage":"fr-FR"},{"@type":"Organization","@id":"https:\/\/vosgesinfo.fr\/saintdieinfo\/#organization","name":"Saint Die Info","url":"https:\/\/vosgesinfo.fr\/saintdieinfo\/","logo":{"@type":"ImageObject","inLanguage":"fr-FR","@id":"https:\/\/vosgesinfo.fr\/saintdieinfo\/#\/schema\/logo\/image\/","url":"https:\/\/vosgesinfo.fr\/app\/uploads\/sites\/4\/2024\/02\/logo-sdi.jpg","contentUrl":"https:\/\/vosgesinfo.fr\/app\/uploads\/sites\/4\/2024\/02\/logo-sdi.jpg","width":600,"height":600,"caption":"Saint Die Info"},"image":{"@id":"https:\/\/vosgesinfo.fr\/saintdieinfo\/#\/schema\/logo\/image\/"},"sameAs":["https:\/\/www.facebook.com\/Saintdieinfofr","https:\/\/x.com\/VosgesInfo88","https:\/\/www.youtube.com\/@vosgesinfo"]},{"@type":"Person","@id":"https:\/\/vosgesinfo.fr\/saintdieinfo\/#\/schema\/person\/faee6704a21f3977511db84bd1cd450f","name":"la r\u00e9daction","image":{"@type":"ImageObject","inLanguage":"fr-FR","@id":"https:\/\/vosgesinfo.fr\/saintdieinfo\/#\/schema\/person\/image\/","url":"https:\/\/secure.gravatar.com\/avatar\/6673d8bc6a9c17fa9a453eaa3448de834fa308c2ec9635b7aa99441a7c8d2cf6?s=96&d=mm&r=g","contentUrl":"https:\/\/secure.gravatar.com\/avatar\/6673d8bc6a9c17fa9a453eaa3448de834fa308c2ec9635b7aa99441a7c8d2cf6?s=96&d=mm&r=g","caption":"la r\u00e9daction"},"url":"https:\/\/vosgesinfo.fr\/saintdieinfo\/author\/redac\/"}]}},"_links":{"self":[{"href":"https:\/\/vosgesinfo.fr\/saintdieinfo\/wp-json\/wp\/v2\/posts\/61981","targetHints":{"allow":["GET"]}}],"collection":[{"href":"https:\/\/vosgesinfo.fr\/saintdieinfo\/wp-json\/wp\/v2\/posts"}],"about":[{"href":"https:\/\/vosgesinfo.fr\/saintdieinfo\/wp-json\/wp\/v2\/types\/post"}],"author":[{"embeddable":true,"href":"https:\/\/vosgesinfo.fr\/saintdieinfo\/wp-json\/wp\/v2\/users\/44"}],"replies":[{"embeddable":true,"href":"https:\/\/vosgesinfo.fr\/saintdieinfo\/wp-json\/wp\/v2\/comments?post=61981"}],"version-history":[{"count":0,"href":"https:\/\/vosgesinfo.fr\/saintdieinfo\/wp-json\/wp\/v2\/posts\/61981\/revisions"}],"wp:featuredmedia":[{"embeddable":true,"href":"https:\/\/vosgesinfo.fr\/saintdieinfo\/wp-json\/wp\/v2\/media\/61982"}],"wp:attachment":[{"href":"https:\/\/vosgesinfo.fr\/saintdieinfo\/wp-json\/wp\/v2\/media?parent=61981"}],"wp:term":[{"taxonomy":"category","embeddable":true,"href":"https:\/\/vosgesinfo.fr\/saintdieinfo\/wp-json\/wp\/v2\/categories?post=61981"},{"taxonomy":"post_tag","embeddable":true,"href":"https:\/\/vosgesinfo.fr\/saintdieinfo\/wp-json\/wp\/v2\/tags?post=61981"}],"curies":[{"name":"wp","href":"https:\/\/api.w.org\/{rel}","templated":true}]}}