{"id":61983,"date":"2023-01-31T11:58:13","date_gmt":"2023-01-31T10:58:13","guid":{"rendered":"https:\/\/vosgesinfo.fr\/saintdieinfo\/2023\/01\/plus-de-500-personnes-manifestent-contre-reforme-retraites-a-saint-die-vosges\/"},"modified":"2023-01-31T11:58:13","modified_gmt":"2023-01-31T10:58:13","slug":"plus-de-500-personnes-manifestent-contre-reforme-retraites-a-saint-die-vosges","status":"publish","type":"post","link":"https:\/\/vosgesinfo.fr\/saintdieinfo\/2023\/01\/plus-de-500-personnes-manifestent-contre-reforme-retraites-a-saint-die-vosges\/","title":{"rendered":"Plus de 500 personnes manifestent contre la r\u00e9forme des retraites \u00e0 Saint-Di\u00e9-des-Vosges"},"content":{"rendered":"<p><a href=\"\/2023\/01\/Manifestation_R\u00e9forme_Retraites_SDDV-28.jpg\" target=\"_blank\" rel=\"noopener\"><img decoding=\"async\" class=\"aligncenter wp-image-196378 size-large\" src=\"\/2023\/01\/Manifestation_R\u00e9forme_Retraites_SDDV-28-1024x771.jpg\" alt=\"Manifestation_R\u00e9forme_Retraites_SDDV (28)\" width=\"960\" height=\"723\" \/><\/a><\/p>\n<h2><strong><span style=\"font-size: 14pt;\">En ce dernier jour de janvier, journ\u00e9e de mobilisation syndicale nationale contre la r\u00e9forme des retraites du Gouvernement, ce sont plus de 500 personnes, de diff\u00e9rentes classes d&rsquo;\u00e2ges et syndiqu\u00e9es ou non, qui ont manifest\u00e9 \u00e0 Saint-Di\u00e9-des-Vosges ce mardi matin \u00e0 l&rsquo;appel des unions locales CGT, UNSA et Solidaires. C&rsquo;\u00e9tait la premi\u00e8re manifestation d\u00e9odatienne contre l&rsquo;actuel projet de r\u00e9forme.<\/span><\/strong><\/h2>\n<p><!--more--><\/p>\n<p>Au d\u00e9part de la place Jules-Ferry sur les coups de 10h, les manifestants, emmen\u00e9s par la CGT, ont travers\u00e9 les rues Stanislas, du Gymnase Vosgien et Thiers, pour ensuite se rendre rive gauche en direction de la rue de la Bolle en passant par la place Saint-Martin. La manifestation s&rsquo;est dispers\u00e9e \u00e0 11h devant la permanence parlementaire du d\u00e9put\u00e9 David Valence. Ce dernier \u00e9tant absent, R\u00e9my G\u00e9hin, responsable de l&rsquo;union locale CGT Cheminots, a lu le courrier que l&rsquo;intersyndicale a adress\u00e9 au d\u00e9put\u00e9 de la deuxi\u00e8me circonscription des Vosges.<\/p>\n<p>Un courrier dans lequel on peut lire\u00ab\u00a0Le gouvernement Borne a d\u00e9cid\u00e9 d&rsquo;attaquer la r\u00e9forme 2023 par le biais de l&rsquo;allongement du temps de travail, en d\u00e9calant l&rsquo;\u00e2ge de d\u00e9part \u00e0 la retraite \u00e0 64 ans avec un allongement acc\u00e9l\u00e9r\u00e9 de la dur\u00e9e de cotisation. Pour la CGT, cette mesure est injustifi\u00e9e. Le rapport au Conseil d&rsquo;Orientation des Retraites l&rsquo;indique clairement, le syst\u00e8me de retraites n&rsquo;est pas en danger, il n&rsquo;y a aucune urgence financi\u00e8re. Cette r\u00e9forme va frapper de plein fouet l&rsquo;ensemble des travailleurs, et plus particuli\u00e8rement ceux qui ont commenc\u00e9 \u00e0 travailler t\u00f4t, les plus pr\u00e9caires, dont l&rsquo;esp\u00e9rance de vie est inf\u00e9rieur au reste de la population, et ceux dont la p\u00e9nibilit\u00e9 des m\u00e9tiers n&rsquo;est pas reconnue. Elle va aggraver la pr\u00e9carit\u00e9 de ceux n&rsquo;\u00e9tant d\u00e9j\u00e0 plus en emploi avant leur retraite, et renforcer les in\u00e9galit\u00e9s femmes \u2013 hommes. Ce projet gouvernement n&rsquo;a rien d&rsquo;une n\u00e9cessit\u00e9 \u00e9conomique, c&rsquo;est le choix de l&rsquo;injustice et de la r\u00e9gression sociale.\u00a0\u00bb<\/p>\n<p>La CGT revendique notamment de \u00ab\u00a0mobiliser les 157 milliards d&rsquo;\u20ac annuels d&rsquo;aides publiques aux entreprises\u00a0\u00bb, de \u00ab\u00a0augmenter les cotisations de 0,8 point\u00a0\u00bb, de \u00ab\u00a0cesser d&rsquo;exon\u00e9rer de cotisations sociales les dividendes et les revenus financiers des entreprises\u00a0\u00bb, ou de \u00ab\u00a0augmenter les salaires, puisque m\u00e9caniquement cela augmente les cotisations sociales pour financer les pensions et garantit de meilleurs droits \u00e0 la retraite.\u00a0\u00bb Cet apr\u00e8s-midi, une manifestation d\u00e9partementale est organis\u00e9e par l&rsquo;intersyndicale CGT, CFDT, FO, CFE-CGC, CFTC, UNSA, Solidaires et FSU \u00e0 Epinal, au d\u00e9part de la place Foch \u00e0 14h. Pour rappel, 5000 personnes avaient manifest\u00e9 le 19 janvier dernier dans les rues de la Pr\u00e9fecture des Vosges. A Saint-Di\u00e9-des-Vosges, d&rsquo;autres manifestations contre la r\u00e9forme des retraites pourraient \u00eatre organis\u00e9es dans un avenir proche.<\/p>\n<p>J.J.<\/p>\n\n","protected":false},"excerpt":{"rendered":"<p>En ce dernier jour de janvier, journ\u00e9e de mobilisation syndicale nationale contre la r\u00e9forme des retraites du Gouvernement, ce sont [&hellip;]<\/p>\n","protected":false},"author":44,"featured_media":61984,"comment_status":"open","ping_status":"open","sticky":false,"template":"","format":"standard","meta":{"footnotes":""},"categories":[460,10,2915],"tags":[136,7538,13714,733,7486,7273],"class_list":["post-61983","post","type-post","status-publish","format-standard","has-post-thumbnail","hentry","category-a-la-une","category-politique","category-saint-die-son-canton","tag-cgt","tag-manifestation-contre-la-reforme-des-retraites","tag-manifestation-contre-la-reforme-des-retraites-a-saint-die-des-vosges","tag-reforme-des-retraites","tag-solidaires","tag-unsa"],"acf":[],"yoast_head":"<!-- This site is optimized with the Yoast SEO plugin v22.5 - https:\/\/yoast.com\/wordpress\/plugins\/seo\/ -->\n<title>Plus de 500 personnes manifestent contre la r\u00e9forme des retraites \u00e0 Saint-Di\u00e9-des-Vosges - Saint Die Info<\/title>\n<meta name=\"robots\" content=\"index, follow, max-snippet:-1, max-image-preview:large, max-video-preview:-1\" \/>\n<link rel=\"canonical\" href=\"https:\/\/vosgesinfo.fr\/saintdieinfo\/2023\/01\/plus-de-500-personnes-manifestent-contre-reforme-retraites-a-saint-die-vosges\/\" \/>\n<meta name=\"twitter:card\" content=\"summary_large_image\" \/>\n<meta name=\"twitter:title\" content=\"Plus de 500 personnes manifestent contre la r\u00e9forme des retraites \u00e0 Saint-Di\u00e9-des-Vosges - Saint Die Info\" \/>\n<meta name=\"twitter:description\" content=\"En ce dernier jour de janvier, journ\u00e9e de mobilisation syndicale nationale contre la r\u00e9forme des retraites du Gouvernement, ce sont [&hellip;]\" \/>\n<meta name=\"twitter:image\" content=\"https:\/\/vosgesinfo.fr\/app\/uploads\/sites\/4\/2024\/08\/202301manifestation-reforme-retraites-sddv-28.jpg\" \/>\n<meta name=\"twitter:creator\" content=\"@VosgesInfo88\" \/>\n<meta name=\"twitter:site\" content=\"@VosgesInfo88\" \/>\n<meta name=\"twitter:label1\" content=\"\u00c9crit par\" \/>\n\t<meta name=\"twitter:data1\" content=\"la r\u00e9daction\" \/>\n\t<meta name=\"twitter:label2\" content=\"Dur\u00e9e de lecture estim\u00e9e\" \/>\n\t<meta name=\"twitter:data2\" content=\"2 minutes\" \/>\n<script type=\"application\/ld+json\" class=\"yoast-schema-graph\">{\"@context\":\"https:\/\/schema.org\",\"@graph\":[{\"@type\":\"Article\",\"@id\":\"https:\/\/vosgesinfo.fr\/saintdieinfo\/2023\/01\/plus-de-500-personnes-manifestent-contre-reforme-retraites-a-saint-die-vosges\/#article\",\"isPartOf\":{\"@id\":\"https:\/\/vosgesinfo.fr\/saintdieinfo\/2023\/01\/plus-de-500-personnes-manifestent-contre-reforme-retraites-a-saint-die-vosges\/\"},\"author\":{\"name\":\"la r\u00e9daction\",\"@id\":\"https:\/\/vosgesinfo.fr\/saintdieinfo\/#\/schema\/person\/faee6704a21f3977511db84bd1cd450f\"},\"headline\":\"Plus de 500 personnes manifestent contre la r\u00e9forme des retraites \u00e0 Saint-Di\u00e9-des-Vosges\",\"datePublished\":\"2023-01-31T10:58:13+00:00\",\"dateModified\":\"2023-01-31T10:58:13+00:00\",\"mainEntityOfPage\":{\"@id\":\"https:\/\/vosgesinfo.fr\/saintdieinfo\/2023\/01\/plus-de-500-personnes-manifestent-contre-reforme-retraites-a-saint-die-vosges\/\"},\"wordCount\":508,\"commentCount\":0,\"publisher\":{\"@id\":\"https:\/\/vosgesinfo.fr\/saintdieinfo\/#organization\"},\"image\":{\"@id\":\"https:\/\/vosgesinfo.fr\/saintdieinfo\/2023\/01\/plus-de-500-personnes-manifestent-contre-reforme-retraites-a-saint-die-vosges\/#primaryimage\"},\"thumbnailUrl\":\"https:\/\/vosgesinfo.fr\/app\/uploads\/sites\/4\/2024\/08\/202301manifestation-reforme-retraites-sddv-28.jpg\",\"keywords\":[\"CGT\",\"Manifestation contre la r\u00e9forme des retraites\",\"Manifestation contre la r\u00e9forme des retraites \u00e0 Saint-Di\u00e9-des-Vosges\",\"r\u00e9forme des retraites\",\"Solidaires\",\"UNSA\"],\"articleSection\":[\"A la Une\",\"Politique\",\"Saint-Di\u00e9-des-Vosges et son Agglom\u00e9ration\"],\"inLanguage\":\"fr-FR\",\"potentialAction\":[{\"@type\":\"CommentAction\",\"name\":\"Comment\",\"target\":[\"https:\/\/vosgesinfo.fr\/saintdieinfo\/2023\/01\/plus-de-500-personnes-manifestent-contre-reforme-retraites-a-saint-die-vosges\/#respond\"]}]},{\"@type\":\"WebPage\",\"@id\":\"https:\/\/vosgesinfo.fr\/saintdieinfo\/2023\/01\/plus-de-500-personnes-manifestent-contre-reforme-retraites-a-saint-die-vosges\/\",\"url\":\"https:\/\/vosgesinfo.fr\/saintdieinfo\/2023\/01\/plus-de-500-personnes-manifestent-contre-reforme-retraites-a-saint-die-vosges\/\",\"name\":\"Plus de 500 personnes manifestent contre la r\u00e9forme des retraites \u00e0 Saint-Di\u00e9-des-Vosges - Saint Die Info\",\"isPartOf\":{\"@id\":\"https:\/\/vosgesinfo.fr\/saintdieinfo\/#website\"},\"primaryImageOfPage\":{\"@id\":\"https:\/\/vosgesinfo.fr\/saintdieinfo\/2023\/01\/plus-de-500-personnes-manifestent-contre-reforme-retraites-a-saint-die-vosges\/#primaryimage\"},\"image\":{\"@id\":\"https:\/\/vosgesinfo.fr\/saintdieinfo\/2023\/01\/plus-de-500-personnes-manifestent-contre-reforme-retraites-a-saint-die-vosges\/#primaryimage\"},\"thumbnailUrl\":\"https:\/\/vosgesinfo.fr\/app\/uploads\/sites\/4\/2024\/08\/202301manifestation-reforme-retraites-sddv-28.jpg\",\"datePublished\":\"2023-01-31T10:58:13+00:00\",\"dateModified\":\"2023-01-31T10:58:13+00:00\",\"breadcrumb\":{\"@id\":\"https:\/\/vosgesinfo.fr\/saintdieinfo\/2023\/01\/plus-de-500-personnes-manifestent-contre-reforme-retraites-a-saint-die-vosges\/#breadcrumb\"},\"inLanguage\":\"fr-FR\",\"potentialAction\":[{\"@type\":\"ReadAction\",\"target\":[\"https:\/\/vosgesinfo.fr\/saintdieinfo\/2023\/01\/plus-de-500-personnes-manifestent-contre-reforme-retraites-a-saint-die-vosges\/\"]}]},{\"@type\":\"ImageObject\",\"inLanguage\":\"fr-FR\",\"@id\":\"https:\/\/vosgesinfo.fr\/saintdieinfo\/2023\/01\/plus-de-500-personnes-manifestent-contre-reforme-retraites-a-saint-die-vosges\/#primaryimage\",\"url\":\"https:\/\/vosgesinfo.fr\/app\/uploads\/sites\/4\/2024\/08\/202301manifestation-reforme-retraites-sddv-28.jpg\",\"contentUrl\":\"https:\/\/vosgesinfo.fr\/app\/uploads\/sites\/4\/2024\/08\/202301manifestation-reforme-retraites-sddv-28.jpg\",\"width\":1600,\"height\":1205},{\"@type\":\"BreadcrumbList\",\"@id\":\"https:\/\/vosgesinfo.fr\/saintdieinfo\/2023\/01\/plus-de-500-personnes-manifestent-contre-reforme-retraites-a-saint-die-vosges\/#breadcrumb\",\"itemListElement\":[{\"@type\":\"ListItem\",\"position\":1,\"name\":\"Home\",\"item\":\"https:\/\/vosgesinfo.fr\/saintdieinfo\/\"},{\"@type\":\"ListItem\",\"position\":2,\"name\":\"Plus de 500 personnes manifestent contre la r\u00e9forme des retraites \u00e0 Saint-Di\u00e9-des-Vosges\"}]},{\"@type\":\"WebSite\",\"@id\":\"https:\/\/vosgesinfo.fr\/saintdieinfo\/#website\",\"url\":\"https:\/\/vosgesinfo.fr\/saintdieinfo\/\",\"name\":\"Saint Die Info\",\"description\":\"Toute l&#039;actualit\u00e9 de Saint-Di\u00e9-Des-Vosges\",\"publisher\":{\"@id\":\"https:\/\/vosgesinfo.fr\/saintdieinfo\/#organization\"},\"alternateName\":\"Toute l'actualit\u00e9 de Saint-Di\u00e9-Des-Vosges\",\"potentialAction\":[{\"@type\":\"SearchAction\",\"target\":{\"@type\":\"EntryPoint\",\"urlTemplate\":\"https:\/\/vosgesinfo.fr\/saintdieinfo\/?s={search_term_string}\"},\"query-input\":\"required name=search_term_string\"}],\"inLanguage\":\"fr-FR\"},{\"@type\":\"Organization\",\"@id\":\"https:\/\/vosgesinfo.fr\/saintdieinfo\/#organization\",\"name\":\"Saint Die Info\",\"url\":\"https:\/\/vosgesinfo.fr\/saintdieinfo\/\",\"logo\":{\"@type\":\"ImageObject\",\"inLanguage\":\"fr-FR\",\"@id\":\"https:\/\/vosgesinfo.fr\/saintdieinfo\/#\/schema\/logo\/image\/\",\"url\":\"https:\/\/vosgesinfo.fr\/app\/uploads\/sites\/4\/2024\/02\/logo-sdi.jpg\",\"contentUrl\":\"https:\/\/vosgesinfo.fr\/app\/uploads\/sites\/4\/2024\/02\/logo-sdi.jpg\",\"width\":600,\"height\":600,\"caption\":\"Saint Die Info\"},\"image\":{\"@id\":\"https:\/\/vosgesinfo.fr\/saintdieinfo\/#\/schema\/logo\/image\/\"},\"sameAs\":[\"https:\/\/www.facebook.com\/Saintdieinfofr\",\"https:\/\/x.com\/VosgesInfo88\",\"https:\/\/www.youtube.com\/@vosgesinfo\"]},{\"@type\":\"Person\",\"@id\":\"https:\/\/vosgesinfo.fr\/saintdieinfo\/#\/schema\/person\/faee6704a21f3977511db84bd1cd450f\",\"name\":\"la r\u00e9daction\",\"image\":{\"@type\":\"ImageObject\",\"inLanguage\":\"fr-FR\",\"@id\":\"https:\/\/vosgesinfo.fr\/saintdieinfo\/#\/schema\/person\/image\/\",\"url\":\"https:\/\/secure.gravatar.com\/avatar\/6673d8bc6a9c17fa9a453eaa3448de834fa308c2ec9635b7aa99441a7c8d2cf6?s=96&d=mm&r=g\",\"contentUrl\":\"https:\/\/secure.gravatar.com\/avatar\/6673d8bc6a9c17fa9a453eaa3448de834fa308c2ec9635b7aa99441a7c8d2cf6?s=96&d=mm&r=g\",\"caption\":\"la r\u00e9daction\"},\"url\":\"https:\/\/vosgesinfo.fr\/saintdieinfo\/author\/redac\/\"}]}<\/script>\n<!-- \/ Yoast SEO plugin. -->","yoast_head_json":{"title":"Plus de 500 personnes manifestent contre la r\u00e9forme des retraites \u00e0 Saint-Di\u00e9-des-Vosges - Saint Die Info","robots":{"index":"index","follow":"follow","max-snippet":"max-snippet:-1","max-image-preview":"max-image-preview:large","max-video-preview":"max-video-preview:-1"},"canonical":"https:\/\/vosgesinfo.fr\/saintdieinfo\/2023\/01\/plus-de-500-personnes-manifestent-contre-reforme-retraites-a-saint-die-vosges\/","twitter_card":"summary_large_image","twitter_title":"Plus de 500 personnes manifestent contre la r\u00e9forme des retraites \u00e0 Saint-Di\u00e9-des-Vosges - Saint Die Info","twitter_description":"En ce dernier jour de janvier, journ\u00e9e de mobilisation syndicale nationale contre la r\u00e9forme des retraites du Gouvernement, ce sont [&hellip;]","twitter_image":"https:\/\/vosgesinfo.fr\/app\/uploads\/sites\/4\/2024\/08\/202301manifestation-reforme-retraites-sddv-28.jpg","twitter_creator":"@VosgesInfo88","twitter_site":"@VosgesInfo88","twitter_misc":{"\u00c9crit par":"la r\u00e9daction","Dur\u00e9e de lecture estim\u00e9e":"2 minutes"},"schema":{"@context":"https:\/\/schema.org","@graph":[{"@type":"Article","@id":"https:\/\/vosgesinfo.fr\/saintdieinfo\/2023\/01\/plus-de-500-personnes-manifestent-contre-reforme-retraites-a-saint-die-vosges\/#article","isPartOf":{"@id":"https:\/\/vosgesinfo.fr\/saintdieinfo\/2023\/01\/plus-de-500-personnes-manifestent-contre-reforme-retraites-a-saint-die-vosges\/"},"author":{"name":"la r\u00e9daction","@id":"https:\/\/vosgesinfo.fr\/saintdieinfo\/#\/schema\/person\/faee6704a21f3977511db84bd1cd450f"},"headline":"Plus de 500 personnes manifestent contre la r\u00e9forme des retraites \u00e0 Saint-Di\u00e9-des-Vosges","datePublished":"2023-01-31T10:58:13+00:00","dateModified":"2023-01-31T10:58:13+00:00","mainEntityOfPage":{"@id":"https:\/\/vosgesinfo.fr\/saintdieinfo\/2023\/01\/plus-de-500-personnes-manifestent-contre-reforme-retraites-a-saint-die-vosges\/"},"wordCount":508,"commentCount":0,"publisher":{"@id":"https:\/\/vosgesinfo.fr\/saintdieinfo\/#organization"},"image":{"@id":"https:\/\/vosgesinfo.fr\/saintdieinfo\/2023\/01\/plus-de-500-personnes-manifestent-contre-reforme-retraites-a-saint-die-vosges\/#primaryimage"},"thumbnailUrl":"https:\/\/vosgesinfo.fr\/app\/uploads\/sites\/4\/2024\/08\/202301manifestation-reforme-retraites-sddv-28.jpg","keywords":["CGT","Manifestation contre la r\u00e9forme des retraites","Manifestation contre la r\u00e9forme des retraites \u00e0 Saint-Di\u00e9-des-Vosges","r\u00e9forme des retraites","Solidaires","UNSA"],"articleSection":["A la Une","Politique","Saint-Di\u00e9-des-Vosges et son Agglom\u00e9ration"],"inLanguage":"fr-FR","potentialAction":[{"@type":"CommentAction","name":"Comment","target":["https:\/\/vosgesinfo.fr\/saintdieinfo\/2023\/01\/plus-de-500-personnes-manifestent-contre-reforme-retraites-a-saint-die-vosges\/#respond"]}]},{"@type":"WebPage","@id":"https:\/\/vosgesinfo.fr\/saintdieinfo\/2023\/01\/plus-de-500-personnes-manifestent-contre-reforme-retraites-a-saint-die-vosges\/","url":"https:\/\/vosgesinfo.fr\/saintdieinfo\/2023\/01\/plus-de-500-personnes-manifestent-contre-reforme-retraites-a-saint-die-vosges\/","name":"Plus de 500 personnes manifestent contre la r\u00e9forme des retraites \u00e0 Saint-Di\u00e9-des-Vosges - Saint Die Info","isPartOf":{"@id":"https:\/\/vosgesinfo.fr\/saintdieinfo\/#website"},"primaryImageOfPage":{"@id":"https:\/\/vosgesinfo.fr\/saintdieinfo\/2023\/01\/plus-de-500-personnes-manifestent-contre-reforme-retraites-a-saint-die-vosges\/#primaryimage"},"image":{"@id":"https:\/\/vosgesinfo.fr\/saintdieinfo\/2023\/01\/plus-de-500-personnes-manifestent-contre-reforme-retraites-a-saint-die-vosges\/#primaryimage"},"thumbnailUrl":"https:\/\/vosgesinfo.fr\/app\/uploads\/sites\/4\/2024\/08\/202301manifestation-reforme-retraites-sddv-28.jpg","datePublished":"2023-01-31T10:58:13+00:00","dateModified":"2023-01-31T10:58:13+00:00","breadcrumb":{"@id":"https:\/\/vosgesinfo.fr\/saintdieinfo\/2023\/01\/plus-de-500-personnes-manifestent-contre-reforme-retraites-a-saint-die-vosges\/#breadcrumb"},"inLanguage":"fr-FR","potentialAction":[{"@type":"ReadAction","target":["https:\/\/vosgesinfo.fr\/saintdieinfo\/2023\/01\/plus-de-500-personnes-manifestent-contre-reforme-retraites-a-saint-die-vosges\/"]}]},{"@type":"ImageObject","inLanguage":"fr-FR","@id":"https:\/\/vosgesinfo.fr\/saintdieinfo\/2023\/01\/plus-de-500-personnes-manifestent-contre-reforme-retraites-a-saint-die-vosges\/#primaryimage","url":"https:\/\/vosgesinfo.fr\/app\/uploads\/sites\/4\/2024\/08\/202301manifestation-reforme-retraites-sddv-28.jpg","contentUrl":"https:\/\/vosgesinfo.fr\/app\/uploads\/sites\/4\/2024\/08\/202301manifestation-reforme-retraites-sddv-28.jpg","width":1600,"height":1205},{"@type":"BreadcrumbList","@id":"https:\/\/vosgesinfo.fr\/saintdieinfo\/2023\/01\/plus-de-500-personnes-manifestent-contre-reforme-retraites-a-saint-die-vosges\/#breadcrumb","itemListElement":[{"@type":"ListItem","position":1,"name":"Home","item":"https:\/\/vosgesinfo.fr\/saintdieinfo\/"},{"@type":"ListItem","position":2,"name":"Plus de 500 personnes manifestent contre la r\u00e9forme des retraites \u00e0 Saint-Di\u00e9-des-Vosges"}]},{"@type":"WebSite","@id":"https:\/\/vosgesinfo.fr\/saintdieinfo\/#website","url":"https:\/\/vosgesinfo.fr\/saintdieinfo\/","name":"Saint Die Info","description":"Toute l&#039;actualit\u00e9 de Saint-Di\u00e9-Des-Vosges","publisher":{"@id":"https:\/\/vosgesinfo.fr\/saintdieinfo\/#organization"},"alternateName":"Toute l'actualit\u00e9 de Saint-Di\u00e9-Des-Vosges","potentialAction":[{"@type":"SearchAction","target":{"@type":"EntryPoint","urlTemplate":"https:\/\/vosgesinfo.fr\/saintdieinfo\/?s={search_term_string}"},"query-input":"required name=search_term_string"}],"inLanguage":"fr-FR"},{"@type":"Organization","@id":"https:\/\/vosgesinfo.fr\/saintdieinfo\/#organization","name":"Saint Die Info","url":"https:\/\/vosgesinfo.fr\/saintdieinfo\/","logo":{"@type":"ImageObject","inLanguage":"fr-FR","@id":"https:\/\/vosgesinfo.fr\/saintdieinfo\/#\/schema\/logo\/image\/","url":"https:\/\/vosgesinfo.fr\/app\/uploads\/sites\/4\/2024\/02\/logo-sdi.jpg","contentUrl":"https:\/\/vosgesinfo.fr\/app\/uploads\/sites\/4\/2024\/02\/logo-sdi.jpg","width":600,"height":600,"caption":"Saint Die Info"},"image":{"@id":"https:\/\/vosgesinfo.fr\/saintdieinfo\/#\/schema\/logo\/image\/"},"sameAs":["https:\/\/www.facebook.com\/Saintdieinfofr","https:\/\/x.com\/VosgesInfo88","https:\/\/www.youtube.com\/@vosgesinfo"]},{"@type":"Person","@id":"https:\/\/vosgesinfo.fr\/saintdieinfo\/#\/schema\/person\/faee6704a21f3977511db84bd1cd450f","name":"la r\u00e9daction","image":{"@type":"ImageObject","inLanguage":"fr-FR","@id":"https:\/\/vosgesinfo.fr\/saintdieinfo\/#\/schema\/person\/image\/","url":"https:\/\/secure.gravatar.com\/avatar\/6673d8bc6a9c17fa9a453eaa3448de834fa308c2ec9635b7aa99441a7c8d2cf6?s=96&d=mm&r=g","contentUrl":"https:\/\/secure.gravatar.com\/avatar\/6673d8bc6a9c17fa9a453eaa3448de834fa308c2ec9635b7aa99441a7c8d2cf6?s=96&d=mm&r=g","caption":"la r\u00e9daction"},"url":"https:\/\/vosgesinfo.fr\/saintdieinfo\/author\/redac\/"}]}},"_links":{"self":[{"href":"https:\/\/vosgesinfo.fr\/saintdieinfo\/wp-json\/wp\/v2\/posts\/61983","targetHints":{"allow":["GET"]}}],"collection":[{"href":"https:\/\/vosgesinfo.fr\/saintdieinfo\/wp-json\/wp\/v2\/posts"}],"about":[{"href":"https:\/\/vosgesinfo.fr\/saintdieinfo\/wp-json\/wp\/v2\/types\/post"}],"author":[{"embeddable":true,"href":"https:\/\/vosgesinfo.fr\/saintdieinfo\/wp-json\/wp\/v2\/users\/44"}],"replies":[{"embeddable":true,"href":"https:\/\/vosgesinfo.fr\/saintdieinfo\/wp-json\/wp\/v2\/comments?post=61983"}],"version-history":[{"count":0,"href":"https:\/\/vosgesinfo.fr\/saintdieinfo\/wp-json\/wp\/v2\/posts\/61983\/revisions"}],"wp:featuredmedia":[{"embeddable":true,"href":"https:\/\/vosgesinfo.fr\/saintdieinfo\/wp-json\/wp\/v2\/media\/61984"}],"wp:attachment":[{"href":"https:\/\/vosgesinfo.fr\/saintdieinfo\/wp-json\/wp\/v2\/media?parent=61983"}],"wp:term":[{"taxonomy":"category","embeddable":true,"href":"https:\/\/vosgesinfo.fr\/saintdieinfo\/wp-json\/wp\/v2\/categories?post=61983"},{"taxonomy":"post_tag","embeddable":true,"href":"https:\/\/vosgesinfo.fr\/saintdieinfo\/wp-json\/wp\/v2\/tags?post=61983"}],"curies":[{"name":"wp","href":"https:\/\/api.w.org\/{rel}","templated":true}]}}