{"id":62142,"date":"2023-02-05T06:00:35","date_gmt":"2023-02-05T05:00:35","guid":{"rendered":"https:\/\/vosgesinfo.fr\/saintdieinfo\/2023\/02\/linsic-a-accueilli-60-visiteurs-portes-ouvertes\/"},"modified":"2023-02-05T06:00:35","modified_gmt":"2023-02-05T05:00:35","slug":"linsic-a-accueilli-60-visiteurs-portes-ouvertes","status":"publish","type":"post","link":"https:\/\/vosgesinfo.fr\/saintdieinfo\/2023\/02\/linsic-a-accueilli-60-visiteurs-portes-ouvertes\/","title":{"rendered":"L&rsquo;InSIC a accueilli 60 visiteurs pour ses portes ouvertes"},"content":{"rendered":"<div id=\"attachment_196654\" style=\"width: 970px\" class=\"wp-caption aligncenter\"><a href=\"\/2023\/02\/Portes-Ouvertes_GIP-InSIC-3.jpg\" target=\"_blank\" rel=\"noopener\"><img decoding=\"async\" aria-describedby=\"caption-attachment-196654\" class=\"wp-image-196654 size-large\" src=\"\/2023\/02\/Portes-Ouvertes_GIP-InSIC-3-1024x683.jpg\" alt=\"Portes-Ouvertes_GIP-InSIC (3)\" width=\"960\" height=\"640\" \/><\/a><p id=\"caption-attachment-196654\" class=\"wp-caption-text\">(Photographies Marc Fourniquet)<\/p><\/div>\n<h2><strong><span style=\"font-size: 14pt;\">L&rsquo;Institut Sup\u00e9rieur d&rsquo;Ing\u00e9nierie de la Conception \u2013 InSIC \u2013 ouvrait ses portes en ce samedi 4 f\u00e9vrier, comme chaque ann\u00e9e \u00e0 cette p\u00e9riode de l&rsquo;ann\u00e9e. Sur place, jusqu&rsquo;\u00e0 17h, 60 visiteurs, dont certains avaient fait le d\u00e9placement depuis Dijon, Reims, Armenti\u00e8res ou Cachan, ont d\u00e9couvert les locaux, l&rsquo;organisation et les sp\u00e9cificit\u00e9s de l&rsquo;InSIC, qui est l&rsquo;un des 3 piliers du P\u00f4le VirtuReal avec le CIRTES et la plateforme INORI.<\/span><\/strong><\/h2>\n<p><!--more--><\/p>\n<p>L&rsquo;\u00e9tablissement d&rsquo;enseignement sup\u00e9rieur d\u00e9odatien propose une formation en 3 ans d&rsquo;ing\u00e9nieur Mines Nancy sp\u00e9cialit\u00e9 G\u00e9nie M\u00e9canique, parcours Ing\u00e9nierie de la Conception, avec l&rsquo;ITII Lorraine. En 2023, le recrutement se fait apr\u00e8s un BTS ou un BUT 2e ann\u00e9e dans les domaines de la conception et de la m\u00e9canique, ou apr\u00e8s une classe pr\u00e9paratoire ATS, PT ou CPP. L&rsquo;InSIC propose \u00e9galement une formation Master Design parcours Conception Produit, pour laquelle le recrutement se fait \u00e0 Bac +4 apr\u00e8s un Master M1 ou un dipl\u00f4me d&rsquo;ing\u00e9nieur ou \u00e9quivalent. La troisi\u00e8me formation \u00e9tant une formation par la recherche (Bac +8) conduisant, apr\u00e8s 3 ans de travaux et la soutenance d&rsquo;une m\u00e9moire de th\u00e8se, au dipl\u00f4me de Doctorat. Le recrutement se faisant sur dossier apr\u00e8s l&rsquo;obtention d&rsquo;un Master recherche ou d&rsquo;un dipl\u00f4me d&rsquo;ing\u00e9nieur ou \u00e9quivalent.<\/p>\n<p>Outre d\u00e9couvrir cette triple offre de formation, les portes ouvertes de l&rsquo;InSIC \u00e9taient l&rsquo;occasion d&rsquo;assister \u00e0 des pr\u00e9sentations, men\u00e9es par les \u00e9l\u00e8ves-ing\u00e9nieurs et les enseignants-chercheurs, des moyens de l&rsquo;\u00e9tablissement tels que la Conception Assist\u00e9e par Ordinateur (CAO) la simulation num\u00e9rique, la num\u00e9risation, la fabrication additive Raise3D (impression 3D) ou un bras de mesure Hexabon Absolute 8520 7 axes pour la m\u00e9trologie et la num\u00e9risation, ainsi que des pr\u00e9sentations des projets de cr\u00e9ativit\u00e9 et des projets industriels des \u00e9l\u00e8ves-ing\u00e9nieurs.<\/p>\n<p>J.J.<\/p>\n\n","protected":false},"excerpt":{"rendered":"<p>L&rsquo;Institut Sup\u00e9rieur d&rsquo;Ing\u00e9nierie de la Conception \u2013 InSIC \u2013 ouvrait ses portes en ce samedi 4 f\u00e9vrier, comme chaque ann\u00e9e [&hellip;]<\/p>\n","protected":false},"author":44,"featured_media":62143,"comment_status":"open","ping_status":"open","sticky":false,"template":"","format":"standard","meta":{"footnotes":""},"categories":[460,6,2915],"tags":[3967,306,3969],"class_list":["post-62142","post","type-post","status-publish","format-standard","has-post-thumbnail","hentry","category-a-la-une","category-education","category-saint-die-son-canton","tag-gip-insic","tag-portes-ouvertes","tag-portes-ouvertes-de-linsic"],"acf":[],"yoast_head":"<!-- This site is optimized with the Yoast SEO plugin v22.5 - https:\/\/yoast.com\/wordpress\/plugins\/seo\/ -->\n<title>L&#039;InSIC a accueilli 60 visiteurs pour ses portes ouvertes - Saint Die Info<\/title>\n<meta name=\"robots\" content=\"index, follow, max-snippet:-1, max-image-preview:large, max-video-preview:-1\" \/>\n<link rel=\"canonical\" href=\"https:\/\/vosgesinfo.fr\/saintdieinfo\/2023\/02\/linsic-a-accueilli-60-visiteurs-portes-ouvertes\/\" \/>\n<meta name=\"twitter:card\" content=\"summary_large_image\" \/>\n<meta name=\"twitter:title\" content=\"L&#039;InSIC a accueilli 60 visiteurs pour ses portes ouvertes - Saint Die Info\" \/>\n<meta name=\"twitter:description\" content=\"L&rsquo;Institut Sup\u00e9rieur d&rsquo;Ing\u00e9nierie de la Conception \u2013 InSIC \u2013 ouvrait ses portes en ce samedi 4 f\u00e9vrier, comme chaque ann\u00e9e [&hellip;]\" \/>\n<meta name=\"twitter:image\" content=\"https:\/\/vosgesinfo.fr\/app\/uploads\/sites\/4\/2024\/08\/202302portes-ouvertes-gip-insic-3.jpg\" \/>\n<meta name=\"twitter:creator\" content=\"@VosgesInfo88\" \/>\n<meta name=\"twitter:site\" content=\"@VosgesInfo88\" \/>\n<meta name=\"twitter:label1\" content=\"\u00c9crit par\" \/>\n\t<meta name=\"twitter:data1\" content=\"la r\u00e9daction\" \/>\n\t<meta name=\"twitter:label2\" content=\"Dur\u00e9e de lecture estim\u00e9e\" \/>\n\t<meta name=\"twitter:data2\" content=\"2 minutes\" \/>\n<script type=\"application\/ld+json\" class=\"yoast-schema-graph\">{\"@context\":\"https:\/\/schema.org\",\"@graph\":[{\"@type\":\"Article\",\"@id\":\"https:\/\/vosgesinfo.fr\/saintdieinfo\/2023\/02\/linsic-a-accueilli-60-visiteurs-portes-ouvertes\/#article\",\"isPartOf\":{\"@id\":\"https:\/\/vosgesinfo.fr\/saintdieinfo\/2023\/02\/linsic-a-accueilli-60-visiteurs-portes-ouvertes\/\"},\"author\":{\"name\":\"la r\u00e9daction\",\"@id\":\"https:\/\/vosgesinfo.fr\/saintdieinfo\/#\/schema\/person\/faee6704a21f3977511db84bd1cd450f\"},\"headline\":\"L&rsquo;InSIC a accueilli 60 visiteurs pour ses portes ouvertes\",\"datePublished\":\"2023-02-05T05:00:35+00:00\",\"dateModified\":\"2023-02-05T05:00:35+00:00\",\"mainEntityOfPage\":{\"@id\":\"https:\/\/vosgesinfo.fr\/saintdieinfo\/2023\/02\/linsic-a-accueilli-60-visiteurs-portes-ouvertes\/\"},\"wordCount\":361,\"commentCount\":0,\"publisher\":{\"@id\":\"https:\/\/vosgesinfo.fr\/saintdieinfo\/#organization\"},\"image\":{\"@id\":\"https:\/\/vosgesinfo.fr\/saintdieinfo\/2023\/02\/linsic-a-accueilli-60-visiteurs-portes-ouvertes\/#primaryimage\"},\"thumbnailUrl\":\"https:\/\/vosgesinfo.fr\/app\/uploads\/sites\/4\/2024\/08\/202302portes-ouvertes-gip-insic-3.jpg\",\"keywords\":[\"GIP-InSIC\",\"portes ouvertes\",\"Portes-ouvertes de l'InSIC\"],\"articleSection\":[\"A la Une\",\"\u00c9ducation\",\"Saint-Di\u00e9-des-Vosges et son Agglom\u00e9ration\"],\"inLanguage\":\"fr-FR\",\"potentialAction\":[{\"@type\":\"CommentAction\",\"name\":\"Comment\",\"target\":[\"https:\/\/vosgesinfo.fr\/saintdieinfo\/2023\/02\/linsic-a-accueilli-60-visiteurs-portes-ouvertes\/#respond\"]}]},{\"@type\":\"WebPage\",\"@id\":\"https:\/\/vosgesinfo.fr\/saintdieinfo\/2023\/02\/linsic-a-accueilli-60-visiteurs-portes-ouvertes\/\",\"url\":\"https:\/\/vosgesinfo.fr\/saintdieinfo\/2023\/02\/linsic-a-accueilli-60-visiteurs-portes-ouvertes\/\",\"name\":\"L'InSIC a accueilli 60 visiteurs pour ses portes ouvertes - Saint Die Info\",\"isPartOf\":{\"@id\":\"https:\/\/vosgesinfo.fr\/saintdieinfo\/#website\"},\"primaryImageOfPage\":{\"@id\":\"https:\/\/vosgesinfo.fr\/saintdieinfo\/2023\/02\/linsic-a-accueilli-60-visiteurs-portes-ouvertes\/#primaryimage\"},\"image\":{\"@id\":\"https:\/\/vosgesinfo.fr\/saintdieinfo\/2023\/02\/linsic-a-accueilli-60-visiteurs-portes-ouvertes\/#primaryimage\"},\"thumbnailUrl\":\"https:\/\/vosgesinfo.fr\/app\/uploads\/sites\/4\/2024\/08\/202302portes-ouvertes-gip-insic-3.jpg\",\"datePublished\":\"2023-02-05T05:00:35+00:00\",\"dateModified\":\"2023-02-05T05:00:35+00:00\",\"breadcrumb\":{\"@id\":\"https:\/\/vosgesinfo.fr\/saintdieinfo\/2023\/02\/linsic-a-accueilli-60-visiteurs-portes-ouvertes\/#breadcrumb\"},\"inLanguage\":\"fr-FR\",\"potentialAction\":[{\"@type\":\"ReadAction\",\"target\":[\"https:\/\/vosgesinfo.fr\/saintdieinfo\/2023\/02\/linsic-a-accueilli-60-visiteurs-portes-ouvertes\/\"]}]},{\"@type\":\"ImageObject\",\"inLanguage\":\"fr-FR\",\"@id\":\"https:\/\/vosgesinfo.fr\/saintdieinfo\/2023\/02\/linsic-a-accueilli-60-visiteurs-portes-ouvertes\/#primaryimage\",\"url\":\"https:\/\/vosgesinfo.fr\/app\/uploads\/sites\/4\/2024\/08\/202302portes-ouvertes-gip-insic-3.jpg\",\"contentUrl\":\"https:\/\/vosgesinfo.fr\/app\/uploads\/sites\/4\/2024\/08\/202302portes-ouvertes-gip-insic-3.jpg\",\"width\":1024,\"height\":683},{\"@type\":\"BreadcrumbList\",\"@id\":\"https:\/\/vosgesinfo.fr\/saintdieinfo\/2023\/02\/linsic-a-accueilli-60-visiteurs-portes-ouvertes\/#breadcrumb\",\"itemListElement\":[{\"@type\":\"ListItem\",\"position\":1,\"name\":\"Home\",\"item\":\"https:\/\/vosgesinfo.fr\/saintdieinfo\/\"},{\"@type\":\"ListItem\",\"position\":2,\"name\":\"L&rsquo;InSIC a accueilli 60 visiteurs pour ses portes ouvertes\"}]},{\"@type\":\"WebSite\",\"@id\":\"https:\/\/vosgesinfo.fr\/saintdieinfo\/#website\",\"url\":\"https:\/\/vosgesinfo.fr\/saintdieinfo\/\",\"name\":\"Saint Die Info\",\"description\":\"Toute l&#039;actualit\u00e9 de Saint-Di\u00e9-Des-Vosges\",\"publisher\":{\"@id\":\"https:\/\/vosgesinfo.fr\/saintdieinfo\/#organization\"},\"alternateName\":\"Toute l'actualit\u00e9 de Saint-Di\u00e9-Des-Vosges\",\"potentialAction\":[{\"@type\":\"SearchAction\",\"target\":{\"@type\":\"EntryPoint\",\"urlTemplate\":\"https:\/\/vosgesinfo.fr\/saintdieinfo\/?s={search_term_string}\"},\"query-input\":\"required name=search_term_string\"}],\"inLanguage\":\"fr-FR\"},{\"@type\":\"Organization\",\"@id\":\"https:\/\/vosgesinfo.fr\/saintdieinfo\/#organization\",\"name\":\"Saint Die Info\",\"url\":\"https:\/\/vosgesinfo.fr\/saintdieinfo\/\",\"logo\":{\"@type\":\"ImageObject\",\"inLanguage\":\"fr-FR\",\"@id\":\"https:\/\/vosgesinfo.fr\/saintdieinfo\/#\/schema\/logo\/image\/\",\"url\":\"https:\/\/vosgesinfo.fr\/app\/uploads\/sites\/4\/2024\/02\/logo-sdi.jpg\",\"contentUrl\":\"https:\/\/vosgesinfo.fr\/app\/uploads\/sites\/4\/2024\/02\/logo-sdi.jpg\",\"width\":600,\"height\":600,\"caption\":\"Saint Die Info\"},\"image\":{\"@id\":\"https:\/\/vosgesinfo.fr\/saintdieinfo\/#\/schema\/logo\/image\/\"},\"sameAs\":[\"https:\/\/www.facebook.com\/Saintdieinfofr\",\"https:\/\/x.com\/VosgesInfo88\",\"https:\/\/www.youtube.com\/@vosgesinfo\"]},{\"@type\":\"Person\",\"@id\":\"https:\/\/vosgesinfo.fr\/saintdieinfo\/#\/schema\/person\/faee6704a21f3977511db84bd1cd450f\",\"name\":\"la r\u00e9daction\",\"image\":{\"@type\":\"ImageObject\",\"inLanguage\":\"fr-FR\",\"@id\":\"https:\/\/vosgesinfo.fr\/saintdieinfo\/#\/schema\/person\/image\/\",\"url\":\"https:\/\/secure.gravatar.com\/avatar\/6673d8bc6a9c17fa9a453eaa3448de834fa308c2ec9635b7aa99441a7c8d2cf6?s=96&d=mm&r=g\",\"contentUrl\":\"https:\/\/secure.gravatar.com\/avatar\/6673d8bc6a9c17fa9a453eaa3448de834fa308c2ec9635b7aa99441a7c8d2cf6?s=96&d=mm&r=g\",\"caption\":\"la r\u00e9daction\"},\"url\":\"https:\/\/vosgesinfo.fr\/saintdieinfo\/author\/redac\/\"}]}<\/script>\n<!-- \/ Yoast SEO plugin. -->","yoast_head_json":{"title":"L'InSIC a accueilli 60 visiteurs pour ses portes ouvertes - Saint Die Info","robots":{"index":"index","follow":"follow","max-snippet":"max-snippet:-1","max-image-preview":"max-image-preview:large","max-video-preview":"max-video-preview:-1"},"canonical":"https:\/\/vosgesinfo.fr\/saintdieinfo\/2023\/02\/linsic-a-accueilli-60-visiteurs-portes-ouvertes\/","twitter_card":"summary_large_image","twitter_title":"L'InSIC a accueilli 60 visiteurs pour ses portes ouvertes - Saint Die Info","twitter_description":"L&rsquo;Institut Sup\u00e9rieur d&rsquo;Ing\u00e9nierie de la Conception \u2013 InSIC \u2013 ouvrait ses portes en ce samedi 4 f\u00e9vrier, comme chaque ann\u00e9e [&hellip;]","twitter_image":"https:\/\/vosgesinfo.fr\/app\/uploads\/sites\/4\/2024\/08\/202302portes-ouvertes-gip-insic-3.jpg","twitter_creator":"@VosgesInfo88","twitter_site":"@VosgesInfo88","twitter_misc":{"\u00c9crit par":"la r\u00e9daction","Dur\u00e9e de lecture estim\u00e9e":"2 minutes"},"schema":{"@context":"https:\/\/schema.org","@graph":[{"@type":"Article","@id":"https:\/\/vosgesinfo.fr\/saintdieinfo\/2023\/02\/linsic-a-accueilli-60-visiteurs-portes-ouvertes\/#article","isPartOf":{"@id":"https:\/\/vosgesinfo.fr\/saintdieinfo\/2023\/02\/linsic-a-accueilli-60-visiteurs-portes-ouvertes\/"},"author":{"name":"la r\u00e9daction","@id":"https:\/\/vosgesinfo.fr\/saintdieinfo\/#\/schema\/person\/faee6704a21f3977511db84bd1cd450f"},"headline":"L&rsquo;InSIC a accueilli 60 visiteurs pour ses portes ouvertes","datePublished":"2023-02-05T05:00:35+00:00","dateModified":"2023-02-05T05:00:35+00:00","mainEntityOfPage":{"@id":"https:\/\/vosgesinfo.fr\/saintdieinfo\/2023\/02\/linsic-a-accueilli-60-visiteurs-portes-ouvertes\/"},"wordCount":361,"commentCount":0,"publisher":{"@id":"https:\/\/vosgesinfo.fr\/saintdieinfo\/#organization"},"image":{"@id":"https:\/\/vosgesinfo.fr\/saintdieinfo\/2023\/02\/linsic-a-accueilli-60-visiteurs-portes-ouvertes\/#primaryimage"},"thumbnailUrl":"https:\/\/vosgesinfo.fr\/app\/uploads\/sites\/4\/2024\/08\/202302portes-ouvertes-gip-insic-3.jpg","keywords":["GIP-InSIC","portes ouvertes","Portes-ouvertes de l'InSIC"],"articleSection":["A la Une","\u00c9ducation","Saint-Di\u00e9-des-Vosges et son Agglom\u00e9ration"],"inLanguage":"fr-FR","potentialAction":[{"@type":"CommentAction","name":"Comment","target":["https:\/\/vosgesinfo.fr\/saintdieinfo\/2023\/02\/linsic-a-accueilli-60-visiteurs-portes-ouvertes\/#respond"]}]},{"@type":"WebPage","@id":"https:\/\/vosgesinfo.fr\/saintdieinfo\/2023\/02\/linsic-a-accueilli-60-visiteurs-portes-ouvertes\/","url":"https:\/\/vosgesinfo.fr\/saintdieinfo\/2023\/02\/linsic-a-accueilli-60-visiteurs-portes-ouvertes\/","name":"L'InSIC a accueilli 60 visiteurs pour ses portes ouvertes - Saint Die Info","isPartOf":{"@id":"https:\/\/vosgesinfo.fr\/saintdieinfo\/#website"},"primaryImageOfPage":{"@id":"https:\/\/vosgesinfo.fr\/saintdieinfo\/2023\/02\/linsic-a-accueilli-60-visiteurs-portes-ouvertes\/#primaryimage"},"image":{"@id":"https:\/\/vosgesinfo.fr\/saintdieinfo\/2023\/02\/linsic-a-accueilli-60-visiteurs-portes-ouvertes\/#primaryimage"},"thumbnailUrl":"https:\/\/vosgesinfo.fr\/app\/uploads\/sites\/4\/2024\/08\/202302portes-ouvertes-gip-insic-3.jpg","datePublished":"2023-02-05T05:00:35+00:00","dateModified":"2023-02-05T05:00:35+00:00","breadcrumb":{"@id":"https:\/\/vosgesinfo.fr\/saintdieinfo\/2023\/02\/linsic-a-accueilli-60-visiteurs-portes-ouvertes\/#breadcrumb"},"inLanguage":"fr-FR","potentialAction":[{"@type":"ReadAction","target":["https:\/\/vosgesinfo.fr\/saintdieinfo\/2023\/02\/linsic-a-accueilli-60-visiteurs-portes-ouvertes\/"]}]},{"@type":"ImageObject","inLanguage":"fr-FR","@id":"https:\/\/vosgesinfo.fr\/saintdieinfo\/2023\/02\/linsic-a-accueilli-60-visiteurs-portes-ouvertes\/#primaryimage","url":"https:\/\/vosgesinfo.fr\/app\/uploads\/sites\/4\/2024\/08\/202302portes-ouvertes-gip-insic-3.jpg","contentUrl":"https:\/\/vosgesinfo.fr\/app\/uploads\/sites\/4\/2024\/08\/202302portes-ouvertes-gip-insic-3.jpg","width":1024,"height":683},{"@type":"BreadcrumbList","@id":"https:\/\/vosgesinfo.fr\/saintdieinfo\/2023\/02\/linsic-a-accueilli-60-visiteurs-portes-ouvertes\/#breadcrumb","itemListElement":[{"@type":"ListItem","position":1,"name":"Home","item":"https:\/\/vosgesinfo.fr\/saintdieinfo\/"},{"@type":"ListItem","position":2,"name":"L&rsquo;InSIC a accueilli 60 visiteurs pour ses portes ouvertes"}]},{"@type":"WebSite","@id":"https:\/\/vosgesinfo.fr\/saintdieinfo\/#website","url":"https:\/\/vosgesinfo.fr\/saintdieinfo\/","name":"Saint Die Info","description":"Toute l&#039;actualit\u00e9 de Saint-Di\u00e9-Des-Vosges","publisher":{"@id":"https:\/\/vosgesinfo.fr\/saintdieinfo\/#organization"},"alternateName":"Toute l'actualit\u00e9 de Saint-Di\u00e9-Des-Vosges","potentialAction":[{"@type":"SearchAction","target":{"@type":"EntryPoint","urlTemplate":"https:\/\/vosgesinfo.fr\/saintdieinfo\/?s={search_term_string}"},"query-input":"required name=search_term_string"}],"inLanguage":"fr-FR"},{"@type":"Organization","@id":"https:\/\/vosgesinfo.fr\/saintdieinfo\/#organization","name":"Saint Die Info","url":"https:\/\/vosgesinfo.fr\/saintdieinfo\/","logo":{"@type":"ImageObject","inLanguage":"fr-FR","@id":"https:\/\/vosgesinfo.fr\/saintdieinfo\/#\/schema\/logo\/image\/","url":"https:\/\/vosgesinfo.fr\/app\/uploads\/sites\/4\/2024\/02\/logo-sdi.jpg","contentUrl":"https:\/\/vosgesinfo.fr\/app\/uploads\/sites\/4\/2024\/02\/logo-sdi.jpg","width":600,"height":600,"caption":"Saint Die Info"},"image":{"@id":"https:\/\/vosgesinfo.fr\/saintdieinfo\/#\/schema\/logo\/image\/"},"sameAs":["https:\/\/www.facebook.com\/Saintdieinfofr","https:\/\/x.com\/VosgesInfo88","https:\/\/www.youtube.com\/@vosgesinfo"]},{"@type":"Person","@id":"https:\/\/vosgesinfo.fr\/saintdieinfo\/#\/schema\/person\/faee6704a21f3977511db84bd1cd450f","name":"la r\u00e9daction","image":{"@type":"ImageObject","inLanguage":"fr-FR","@id":"https:\/\/vosgesinfo.fr\/saintdieinfo\/#\/schema\/person\/image\/","url":"https:\/\/secure.gravatar.com\/avatar\/6673d8bc6a9c17fa9a453eaa3448de834fa308c2ec9635b7aa99441a7c8d2cf6?s=96&d=mm&r=g","contentUrl":"https:\/\/secure.gravatar.com\/avatar\/6673d8bc6a9c17fa9a453eaa3448de834fa308c2ec9635b7aa99441a7c8d2cf6?s=96&d=mm&r=g","caption":"la r\u00e9daction"},"url":"https:\/\/vosgesinfo.fr\/saintdieinfo\/author\/redac\/"}]}},"_links":{"self":[{"href":"https:\/\/vosgesinfo.fr\/saintdieinfo\/wp-json\/wp\/v2\/posts\/62142","targetHints":{"allow":["GET"]}}],"collection":[{"href":"https:\/\/vosgesinfo.fr\/saintdieinfo\/wp-json\/wp\/v2\/posts"}],"about":[{"href":"https:\/\/vosgesinfo.fr\/saintdieinfo\/wp-json\/wp\/v2\/types\/post"}],"author":[{"embeddable":true,"href":"https:\/\/vosgesinfo.fr\/saintdieinfo\/wp-json\/wp\/v2\/users\/44"}],"replies":[{"embeddable":true,"href":"https:\/\/vosgesinfo.fr\/saintdieinfo\/wp-json\/wp\/v2\/comments?post=62142"}],"version-history":[{"count":0,"href":"https:\/\/vosgesinfo.fr\/saintdieinfo\/wp-json\/wp\/v2\/posts\/62142\/revisions"}],"wp:featuredmedia":[{"embeddable":true,"href":"https:\/\/vosgesinfo.fr\/saintdieinfo\/wp-json\/wp\/v2\/media\/62143"}],"wp:attachment":[{"href":"https:\/\/vosgesinfo.fr\/saintdieinfo\/wp-json\/wp\/v2\/media?parent=62142"}],"wp:term":[{"taxonomy":"category","embeddable":true,"href":"https:\/\/vosgesinfo.fr\/saintdieinfo\/wp-json\/wp\/v2\/categories?post=62142"},{"taxonomy":"post_tag","embeddable":true,"href":"https:\/\/vosgesinfo.fr\/saintdieinfo\/wp-json\/wp\/v2\/tags?post=62142"}],"curies":[{"name":"wp","href":"https:\/\/api.w.org\/{rel}","templated":true}]}}