{"id":62149,"date":"2023-02-06T08:24:07","date_gmt":"2023-02-06T07:24:07","guid":{"rendered":"https:\/\/vosgesinfo.fr\/saintdieinfo\/2023\/02\/journee-rando-raquettes-massif-hohneck-club-coeur-sante-de-saint-die-vosges\/"},"modified":"2023-02-06T08:24:07","modified_gmt":"2023-02-06T07:24:07","slug":"journee-rando-raquettes-massif-hohneck-club-coeur-sante-de-saint-die-vosges","status":"publish","type":"post","link":"https:\/\/vosgesinfo.fr\/saintdieinfo\/2023\/02\/journee-rando-raquettes-massif-hohneck-club-coeur-sante-de-saint-die-vosges\/","title":{"rendered":"Journ\u00e9e rando-raquettes dans le massif du Hohneck pour le Club C\u0153ur et Sant\u00e9 de Saint-Di\u00e9-des-Vosges"},"content":{"rendered":"<div id=\"attachment_196668\" style=\"width: 970px\" class=\"wp-caption aligncenter\"><a href=\"\/2023\/02\/p1020845-1.jpg\" target=\"_blank\" rel=\"noopener\"><img decoding=\"async\" aria-describedby=\"caption-attachment-196668\" class=\"wp-image-196668 size-large\" src=\"\/2023\/02\/p1020845-1-1024x768.jpg\" alt=\"p1020845-1\" width=\"960\" height=\"720\" \/><\/a><p id=\"caption-attachment-196668\" class=\"wp-caption-text\">(Photographies Club Coeur et Sant\u00e9 de Saint-Di\u00e9-des-Vosges)<\/p><\/div>\n<h2><strong><span style=\"font-size: 14pt;\">Ce jeudi, 26 janvier, au col de la Schlucht, Alt 1139 m\u00e8tres, les 28 inscrits\u00a0 \u00e0 cette premi\u00e8re sortie en raquettes \u00e0 neige de la saison hivernale ( 27 adh\u00e9rents du club C\u0153ur et sant\u00e9 de Saint-Di\u00e9 et un du club C\u0153ur et Sant\u00e9 de Nancy) \u00e9taient bien au rendez-vous pour chausser leurs raquettes\u00a0 et s\u2019aventurer sur les hauteurs du Hohneck.<\/span><\/strong><\/h2>\n<p><!--more--><\/p>\n<p>Apr\u00e8s\u00a0 avoir chauss\u00e9 les raquettes, ajust\u00e9 les gu\u00eatres et\u00a0 la tenue vestimentaire, \u00a0Gilbert Muller, notre accompagnateur nous\u00a0 rappelle\u00a0 les consignes de s\u00e9curit\u00e9 d\u2019usage et nous\u00a0 informe du profil du circuit de cette randonn\u00e9e. Le but de la matin\u00e9e, se rendre \u00e0 l\u2019auberge du Pied du Hohneck par le col de Falimont pour la pause d\u00e9jeuner. C\u2019est d\u2019un bon pas que le d\u00e9part est pris sur le sentier bien trac\u00e9 destin\u00e9 aux randonneurs. La neige durcie par le gel\u00a0 crisse sous les raquettes. Lors de leur cheminement, les randonneurs ont pu admirer les\u00a0 conif\u00e8res \u00a0et\u00a0 les arbres pris dans leur gangue de neige glac\u00e9e. \u00a0Les paysages changent r\u00e9guli\u00e8rement. Ils ont aussi pu \u00ab go\u00fbter \u00bb au charme \u00a0de l\u2019hiver des Hautes-Vosges entre brouillard et \u00e9claircie.<\/p>\n<p>Au col de Falimont, \u00a0le brouillard s\u2019est petit \u00e0 petit \u00a0dissip\u00e9, c\u00e9dant sa place \u00a0\u00e0 un radieux \u00a0soleil, qui\u00a0 a accompagn\u00e9 les marcheurs jusqu\u2019\u00e0 l\u2019auberge. Nouveau d\u00e9cor, \u00a0nouvel\u00a0 environnement. Apr\u00e8s un repas convivial, chausser \u00e0 nouveau les raquettes demande un certain effort pour finaliser cette randonn\u00e9 de 10 km. C\u2019est par le sentier de Cr\u00eate, dans une brume quasi persistante, qu&rsquo;ils ont regagn\u00e9 le col de la Schlucht. Une belle journ\u00e9e rando raquettes que chacun a h\u00e2te de renouveler.<\/p>\n\n","protected":false},"excerpt":{"rendered":"<p>Ce jeudi, 26 janvier, au col de la Schlucht, Alt 1139 m\u00e8tres, les 28 inscrits\u00a0 \u00e0 cette premi\u00e8re sortie en [&hellip;]<\/p>\n","protected":false},"author":44,"featured_media":62150,"comment_status":"open","ping_status":"open","sticky":false,"template":"","format":"standard","meta":{"footnotes":""},"categories":[460,2915,17],"tags":[3314,7516,13755],"class_list":["post-62149","post","type-post","status-publish","format-standard","has-post-thumbnail","hentry","category-a-la-une","category-saint-die-son-canton","category-vie-associative","tag-club-coeur-et-sante-de-saint-die-des-vosges","tag-massif-du-hohneck","tag-radonnee-raquettes"],"acf":[],"yoast_head":"<!-- This site is optimized with the Yoast SEO plugin v22.5 - https:\/\/yoast.com\/wordpress\/plugins\/seo\/ -->\n<title>Journ\u00e9e rando-raquettes dans le massif du Hohneck pour le Club C\u0153ur et Sant\u00e9 de Saint-Di\u00e9-des-Vosges - Saint Die Info<\/title>\n<meta name=\"robots\" content=\"index, follow, max-snippet:-1, max-image-preview:large, max-video-preview:-1\" \/>\n<link rel=\"canonical\" href=\"https:\/\/vosgesinfo.fr\/saintdieinfo\/2023\/02\/journee-rando-raquettes-massif-hohneck-club-coeur-sante-de-saint-die-vosges\/\" \/>\n<meta name=\"twitter:card\" content=\"summary_large_image\" \/>\n<meta name=\"twitter:title\" content=\"Journ\u00e9e rando-raquettes dans le massif du Hohneck pour le Club C\u0153ur et Sant\u00e9 de Saint-Di\u00e9-des-Vosges - Saint Die Info\" \/>\n<meta name=\"twitter:description\" content=\"Ce jeudi, 26 janvier, au col de la Schlucht, Alt 1139 m\u00e8tres, les 28 inscrits\u00a0 \u00e0 cette premi\u00e8re sortie en [&hellip;]\" \/>\n<meta name=\"twitter:image\" content=\"https:\/\/vosgesinfo.fr\/app\/uploads\/sites\/4\/2024\/08\/202302p1020845-1.jpg\" \/>\n<meta name=\"twitter:creator\" content=\"@VosgesInfo88\" \/>\n<meta name=\"twitter:site\" content=\"@VosgesInfo88\" \/>\n<meta name=\"twitter:label1\" content=\"\u00c9crit par\" \/>\n\t<meta name=\"twitter:data1\" content=\"la r\u00e9daction\" \/>\n\t<meta name=\"twitter:label2\" content=\"Dur\u00e9e de lecture estim\u00e9e\" \/>\n\t<meta name=\"twitter:data2\" content=\"2 minutes\" \/>\n<script type=\"application\/ld+json\" class=\"yoast-schema-graph\">{\"@context\":\"https:\/\/schema.org\",\"@graph\":[{\"@type\":\"Article\",\"@id\":\"https:\/\/vosgesinfo.fr\/saintdieinfo\/2023\/02\/journee-rando-raquettes-massif-hohneck-club-coeur-sante-de-saint-die-vosges\/#article\",\"isPartOf\":{\"@id\":\"https:\/\/vosgesinfo.fr\/saintdieinfo\/2023\/02\/journee-rando-raquettes-massif-hohneck-club-coeur-sante-de-saint-die-vosges\/\"},\"author\":{\"name\":\"la r\u00e9daction\",\"@id\":\"https:\/\/vosgesinfo.fr\/saintdieinfo\/#\/schema\/person\/faee6704a21f3977511db84bd1cd450f\"},\"headline\":\"Journ\u00e9e rando-raquettes dans le massif du Hohneck pour le Club C\u0153ur et Sant\u00e9 de Saint-Di\u00e9-des-Vosges\",\"datePublished\":\"2023-02-06T07:24:07+00:00\",\"dateModified\":\"2023-02-06T07:24:07+00:00\",\"mainEntityOfPage\":{\"@id\":\"https:\/\/vosgesinfo.fr\/saintdieinfo\/2023\/02\/journee-rando-raquettes-massif-hohneck-club-coeur-sante-de-saint-die-vosges\/\"},\"wordCount\":322,\"commentCount\":0,\"publisher\":{\"@id\":\"https:\/\/vosgesinfo.fr\/saintdieinfo\/#organization\"},\"image\":{\"@id\":\"https:\/\/vosgesinfo.fr\/saintdieinfo\/2023\/02\/journee-rando-raquettes-massif-hohneck-club-coeur-sante-de-saint-die-vosges\/#primaryimage\"},\"thumbnailUrl\":\"https:\/\/vosgesinfo.fr\/app\/uploads\/sites\/4\/2024\/08\/202302p1020845-1.jpg\",\"keywords\":[\"Club Coeur et Sant\u00e9 de Saint-Di\u00e9-des-Vosges\",\"Massif du Hohneck\",\"Radonn\u00e9e-raquettes\"],\"articleSection\":[\"A la Une\",\"Saint-Di\u00e9-des-Vosges et son Agglom\u00e9ration\",\"Vie Associative\"],\"inLanguage\":\"fr-FR\",\"potentialAction\":[{\"@type\":\"CommentAction\",\"name\":\"Comment\",\"target\":[\"https:\/\/vosgesinfo.fr\/saintdieinfo\/2023\/02\/journee-rando-raquettes-massif-hohneck-club-coeur-sante-de-saint-die-vosges\/#respond\"]}]},{\"@type\":\"WebPage\",\"@id\":\"https:\/\/vosgesinfo.fr\/saintdieinfo\/2023\/02\/journee-rando-raquettes-massif-hohneck-club-coeur-sante-de-saint-die-vosges\/\",\"url\":\"https:\/\/vosgesinfo.fr\/saintdieinfo\/2023\/02\/journee-rando-raquettes-massif-hohneck-club-coeur-sante-de-saint-die-vosges\/\",\"name\":\"Journ\u00e9e rando-raquettes dans le massif du Hohneck pour le Club C\u0153ur et Sant\u00e9 de Saint-Di\u00e9-des-Vosges - Saint Die Info\",\"isPartOf\":{\"@id\":\"https:\/\/vosgesinfo.fr\/saintdieinfo\/#website\"},\"primaryImageOfPage\":{\"@id\":\"https:\/\/vosgesinfo.fr\/saintdieinfo\/2023\/02\/journee-rando-raquettes-massif-hohneck-club-coeur-sante-de-saint-die-vosges\/#primaryimage\"},\"image\":{\"@id\":\"https:\/\/vosgesinfo.fr\/saintdieinfo\/2023\/02\/journee-rando-raquettes-massif-hohneck-club-coeur-sante-de-saint-die-vosges\/#primaryimage\"},\"thumbnailUrl\":\"https:\/\/vosgesinfo.fr\/app\/uploads\/sites\/4\/2024\/08\/202302p1020845-1.jpg\",\"datePublished\":\"2023-02-06T07:24:07+00:00\",\"dateModified\":\"2023-02-06T07:24:07+00:00\",\"breadcrumb\":{\"@id\":\"https:\/\/vosgesinfo.fr\/saintdieinfo\/2023\/02\/journee-rando-raquettes-massif-hohneck-club-coeur-sante-de-saint-die-vosges\/#breadcrumb\"},\"inLanguage\":\"fr-FR\",\"potentialAction\":[{\"@type\":\"ReadAction\",\"target\":[\"https:\/\/vosgesinfo.fr\/saintdieinfo\/2023\/02\/journee-rando-raquettes-massif-hohneck-club-coeur-sante-de-saint-die-vosges\/\"]}]},{\"@type\":\"ImageObject\",\"inLanguage\":\"fr-FR\",\"@id\":\"https:\/\/vosgesinfo.fr\/saintdieinfo\/2023\/02\/journee-rando-raquettes-massif-hohneck-club-coeur-sante-de-saint-die-vosges\/#primaryimage\",\"url\":\"https:\/\/vosgesinfo.fr\/app\/uploads\/sites\/4\/2024\/08\/202302p1020845-1.jpg\",\"contentUrl\":\"https:\/\/vosgesinfo.fr\/app\/uploads\/sites\/4\/2024\/08\/202302p1020845-1.jpg\",\"width\":2048,\"height\":1536},{\"@type\":\"BreadcrumbList\",\"@id\":\"https:\/\/vosgesinfo.fr\/saintdieinfo\/2023\/02\/journee-rando-raquettes-massif-hohneck-club-coeur-sante-de-saint-die-vosges\/#breadcrumb\",\"itemListElement\":[{\"@type\":\"ListItem\",\"position\":1,\"name\":\"Home\",\"item\":\"https:\/\/vosgesinfo.fr\/saintdieinfo\/\"},{\"@type\":\"ListItem\",\"position\":2,\"name\":\"Journ\u00e9e rando-raquettes dans le massif du Hohneck pour le Club C\u0153ur et Sant\u00e9 de Saint-Di\u00e9-des-Vosges\"}]},{\"@type\":\"WebSite\",\"@id\":\"https:\/\/vosgesinfo.fr\/saintdieinfo\/#website\",\"url\":\"https:\/\/vosgesinfo.fr\/saintdieinfo\/\",\"name\":\"Saint Die Info\",\"description\":\"Toute l&#039;actualit\u00e9 de Saint-Di\u00e9-Des-Vosges\",\"publisher\":{\"@id\":\"https:\/\/vosgesinfo.fr\/saintdieinfo\/#organization\"},\"alternateName\":\"Toute l'actualit\u00e9 de Saint-Di\u00e9-Des-Vosges\",\"potentialAction\":[{\"@type\":\"SearchAction\",\"target\":{\"@type\":\"EntryPoint\",\"urlTemplate\":\"https:\/\/vosgesinfo.fr\/saintdieinfo\/?s={search_term_string}\"},\"query-input\":\"required name=search_term_string\"}],\"inLanguage\":\"fr-FR\"},{\"@type\":\"Organization\",\"@id\":\"https:\/\/vosgesinfo.fr\/saintdieinfo\/#organization\",\"name\":\"Saint Die Info\",\"url\":\"https:\/\/vosgesinfo.fr\/saintdieinfo\/\",\"logo\":{\"@type\":\"ImageObject\",\"inLanguage\":\"fr-FR\",\"@id\":\"https:\/\/vosgesinfo.fr\/saintdieinfo\/#\/schema\/logo\/image\/\",\"url\":\"https:\/\/vosgesinfo.fr\/app\/uploads\/sites\/4\/2024\/02\/logo-sdi.jpg\",\"contentUrl\":\"https:\/\/vosgesinfo.fr\/app\/uploads\/sites\/4\/2024\/02\/logo-sdi.jpg\",\"width\":600,\"height\":600,\"caption\":\"Saint Die Info\"},\"image\":{\"@id\":\"https:\/\/vosgesinfo.fr\/saintdieinfo\/#\/schema\/logo\/image\/\"},\"sameAs\":[\"https:\/\/www.facebook.com\/Saintdieinfofr\",\"https:\/\/x.com\/VosgesInfo88\",\"https:\/\/www.youtube.com\/@vosgesinfo\"]},{\"@type\":\"Person\",\"@id\":\"https:\/\/vosgesinfo.fr\/saintdieinfo\/#\/schema\/person\/faee6704a21f3977511db84bd1cd450f\",\"name\":\"la r\u00e9daction\",\"image\":{\"@type\":\"ImageObject\",\"inLanguage\":\"fr-FR\",\"@id\":\"https:\/\/vosgesinfo.fr\/saintdieinfo\/#\/schema\/person\/image\/\",\"url\":\"https:\/\/secure.gravatar.com\/avatar\/6673d8bc6a9c17fa9a453eaa3448de834fa308c2ec9635b7aa99441a7c8d2cf6?s=96&d=mm&r=g\",\"contentUrl\":\"https:\/\/secure.gravatar.com\/avatar\/6673d8bc6a9c17fa9a453eaa3448de834fa308c2ec9635b7aa99441a7c8d2cf6?s=96&d=mm&r=g\",\"caption\":\"la r\u00e9daction\"},\"url\":\"https:\/\/vosgesinfo.fr\/saintdieinfo\/author\/redac\/\"}]}<\/script>\n<!-- \/ Yoast SEO plugin. -->","yoast_head_json":{"title":"Journ\u00e9e rando-raquettes dans le massif du Hohneck pour le Club C\u0153ur et Sant\u00e9 de Saint-Di\u00e9-des-Vosges - Saint Die Info","robots":{"index":"index","follow":"follow","max-snippet":"max-snippet:-1","max-image-preview":"max-image-preview:large","max-video-preview":"max-video-preview:-1"},"canonical":"https:\/\/vosgesinfo.fr\/saintdieinfo\/2023\/02\/journee-rando-raquettes-massif-hohneck-club-coeur-sante-de-saint-die-vosges\/","twitter_card":"summary_large_image","twitter_title":"Journ\u00e9e rando-raquettes dans le massif du Hohneck pour le Club C\u0153ur et Sant\u00e9 de Saint-Di\u00e9-des-Vosges - Saint Die Info","twitter_description":"Ce jeudi, 26 janvier, au col de la Schlucht, Alt 1139 m\u00e8tres, les 28 inscrits\u00a0 \u00e0 cette premi\u00e8re sortie en [&hellip;]","twitter_image":"https:\/\/vosgesinfo.fr\/app\/uploads\/sites\/4\/2024\/08\/202302p1020845-1.jpg","twitter_creator":"@VosgesInfo88","twitter_site":"@VosgesInfo88","twitter_misc":{"\u00c9crit par":"la r\u00e9daction","Dur\u00e9e de lecture estim\u00e9e":"2 minutes"},"schema":{"@context":"https:\/\/schema.org","@graph":[{"@type":"Article","@id":"https:\/\/vosgesinfo.fr\/saintdieinfo\/2023\/02\/journee-rando-raquettes-massif-hohneck-club-coeur-sante-de-saint-die-vosges\/#article","isPartOf":{"@id":"https:\/\/vosgesinfo.fr\/saintdieinfo\/2023\/02\/journee-rando-raquettes-massif-hohneck-club-coeur-sante-de-saint-die-vosges\/"},"author":{"name":"la r\u00e9daction","@id":"https:\/\/vosgesinfo.fr\/saintdieinfo\/#\/schema\/person\/faee6704a21f3977511db84bd1cd450f"},"headline":"Journ\u00e9e rando-raquettes dans le massif du Hohneck pour le Club C\u0153ur et Sant\u00e9 de Saint-Di\u00e9-des-Vosges","datePublished":"2023-02-06T07:24:07+00:00","dateModified":"2023-02-06T07:24:07+00:00","mainEntityOfPage":{"@id":"https:\/\/vosgesinfo.fr\/saintdieinfo\/2023\/02\/journee-rando-raquettes-massif-hohneck-club-coeur-sante-de-saint-die-vosges\/"},"wordCount":322,"commentCount":0,"publisher":{"@id":"https:\/\/vosgesinfo.fr\/saintdieinfo\/#organization"},"image":{"@id":"https:\/\/vosgesinfo.fr\/saintdieinfo\/2023\/02\/journee-rando-raquettes-massif-hohneck-club-coeur-sante-de-saint-die-vosges\/#primaryimage"},"thumbnailUrl":"https:\/\/vosgesinfo.fr\/app\/uploads\/sites\/4\/2024\/08\/202302p1020845-1.jpg","keywords":["Club Coeur et Sant\u00e9 de Saint-Di\u00e9-des-Vosges","Massif du Hohneck","Radonn\u00e9e-raquettes"],"articleSection":["A la Une","Saint-Di\u00e9-des-Vosges et son Agglom\u00e9ration","Vie Associative"],"inLanguage":"fr-FR","potentialAction":[{"@type":"CommentAction","name":"Comment","target":["https:\/\/vosgesinfo.fr\/saintdieinfo\/2023\/02\/journee-rando-raquettes-massif-hohneck-club-coeur-sante-de-saint-die-vosges\/#respond"]}]},{"@type":"WebPage","@id":"https:\/\/vosgesinfo.fr\/saintdieinfo\/2023\/02\/journee-rando-raquettes-massif-hohneck-club-coeur-sante-de-saint-die-vosges\/","url":"https:\/\/vosgesinfo.fr\/saintdieinfo\/2023\/02\/journee-rando-raquettes-massif-hohneck-club-coeur-sante-de-saint-die-vosges\/","name":"Journ\u00e9e rando-raquettes dans le massif du Hohneck pour le Club C\u0153ur et Sant\u00e9 de Saint-Di\u00e9-des-Vosges - Saint Die Info","isPartOf":{"@id":"https:\/\/vosgesinfo.fr\/saintdieinfo\/#website"},"primaryImageOfPage":{"@id":"https:\/\/vosgesinfo.fr\/saintdieinfo\/2023\/02\/journee-rando-raquettes-massif-hohneck-club-coeur-sante-de-saint-die-vosges\/#primaryimage"},"image":{"@id":"https:\/\/vosgesinfo.fr\/saintdieinfo\/2023\/02\/journee-rando-raquettes-massif-hohneck-club-coeur-sante-de-saint-die-vosges\/#primaryimage"},"thumbnailUrl":"https:\/\/vosgesinfo.fr\/app\/uploads\/sites\/4\/2024\/08\/202302p1020845-1.jpg","datePublished":"2023-02-06T07:24:07+00:00","dateModified":"2023-02-06T07:24:07+00:00","breadcrumb":{"@id":"https:\/\/vosgesinfo.fr\/saintdieinfo\/2023\/02\/journee-rando-raquettes-massif-hohneck-club-coeur-sante-de-saint-die-vosges\/#breadcrumb"},"inLanguage":"fr-FR","potentialAction":[{"@type":"ReadAction","target":["https:\/\/vosgesinfo.fr\/saintdieinfo\/2023\/02\/journee-rando-raquettes-massif-hohneck-club-coeur-sante-de-saint-die-vosges\/"]}]},{"@type":"ImageObject","inLanguage":"fr-FR","@id":"https:\/\/vosgesinfo.fr\/saintdieinfo\/2023\/02\/journee-rando-raquettes-massif-hohneck-club-coeur-sante-de-saint-die-vosges\/#primaryimage","url":"https:\/\/vosgesinfo.fr\/app\/uploads\/sites\/4\/2024\/08\/202302p1020845-1.jpg","contentUrl":"https:\/\/vosgesinfo.fr\/app\/uploads\/sites\/4\/2024\/08\/202302p1020845-1.jpg","width":2048,"height":1536},{"@type":"BreadcrumbList","@id":"https:\/\/vosgesinfo.fr\/saintdieinfo\/2023\/02\/journee-rando-raquettes-massif-hohneck-club-coeur-sante-de-saint-die-vosges\/#breadcrumb","itemListElement":[{"@type":"ListItem","position":1,"name":"Home","item":"https:\/\/vosgesinfo.fr\/saintdieinfo\/"},{"@type":"ListItem","position":2,"name":"Journ\u00e9e rando-raquettes dans le massif du Hohneck pour le Club C\u0153ur et Sant\u00e9 de Saint-Di\u00e9-des-Vosges"}]},{"@type":"WebSite","@id":"https:\/\/vosgesinfo.fr\/saintdieinfo\/#website","url":"https:\/\/vosgesinfo.fr\/saintdieinfo\/","name":"Saint Die Info","description":"Toute l&#039;actualit\u00e9 de Saint-Di\u00e9-Des-Vosges","publisher":{"@id":"https:\/\/vosgesinfo.fr\/saintdieinfo\/#organization"},"alternateName":"Toute l'actualit\u00e9 de Saint-Di\u00e9-Des-Vosges","potentialAction":[{"@type":"SearchAction","target":{"@type":"EntryPoint","urlTemplate":"https:\/\/vosgesinfo.fr\/saintdieinfo\/?s={search_term_string}"},"query-input":"required name=search_term_string"}],"inLanguage":"fr-FR"},{"@type":"Organization","@id":"https:\/\/vosgesinfo.fr\/saintdieinfo\/#organization","name":"Saint Die Info","url":"https:\/\/vosgesinfo.fr\/saintdieinfo\/","logo":{"@type":"ImageObject","inLanguage":"fr-FR","@id":"https:\/\/vosgesinfo.fr\/saintdieinfo\/#\/schema\/logo\/image\/","url":"https:\/\/vosgesinfo.fr\/app\/uploads\/sites\/4\/2024\/02\/logo-sdi.jpg","contentUrl":"https:\/\/vosgesinfo.fr\/app\/uploads\/sites\/4\/2024\/02\/logo-sdi.jpg","width":600,"height":600,"caption":"Saint Die Info"},"image":{"@id":"https:\/\/vosgesinfo.fr\/saintdieinfo\/#\/schema\/logo\/image\/"},"sameAs":["https:\/\/www.facebook.com\/Saintdieinfofr","https:\/\/x.com\/VosgesInfo88","https:\/\/www.youtube.com\/@vosgesinfo"]},{"@type":"Person","@id":"https:\/\/vosgesinfo.fr\/saintdieinfo\/#\/schema\/person\/faee6704a21f3977511db84bd1cd450f","name":"la r\u00e9daction","image":{"@type":"ImageObject","inLanguage":"fr-FR","@id":"https:\/\/vosgesinfo.fr\/saintdieinfo\/#\/schema\/person\/image\/","url":"https:\/\/secure.gravatar.com\/avatar\/6673d8bc6a9c17fa9a453eaa3448de834fa308c2ec9635b7aa99441a7c8d2cf6?s=96&d=mm&r=g","contentUrl":"https:\/\/secure.gravatar.com\/avatar\/6673d8bc6a9c17fa9a453eaa3448de834fa308c2ec9635b7aa99441a7c8d2cf6?s=96&d=mm&r=g","caption":"la r\u00e9daction"},"url":"https:\/\/vosgesinfo.fr\/saintdieinfo\/author\/redac\/"}]}},"_links":{"self":[{"href":"https:\/\/vosgesinfo.fr\/saintdieinfo\/wp-json\/wp\/v2\/posts\/62149","targetHints":{"allow":["GET"]}}],"collection":[{"href":"https:\/\/vosgesinfo.fr\/saintdieinfo\/wp-json\/wp\/v2\/posts"}],"about":[{"href":"https:\/\/vosgesinfo.fr\/saintdieinfo\/wp-json\/wp\/v2\/types\/post"}],"author":[{"embeddable":true,"href":"https:\/\/vosgesinfo.fr\/saintdieinfo\/wp-json\/wp\/v2\/users\/44"}],"replies":[{"embeddable":true,"href":"https:\/\/vosgesinfo.fr\/saintdieinfo\/wp-json\/wp\/v2\/comments?post=62149"}],"version-history":[{"count":0,"href":"https:\/\/vosgesinfo.fr\/saintdieinfo\/wp-json\/wp\/v2\/posts\/62149\/revisions"}],"wp:featuredmedia":[{"embeddable":true,"href":"https:\/\/vosgesinfo.fr\/saintdieinfo\/wp-json\/wp\/v2\/media\/62150"}],"wp:attachment":[{"href":"https:\/\/vosgesinfo.fr\/saintdieinfo\/wp-json\/wp\/v2\/media?parent=62149"}],"wp:term":[{"taxonomy":"category","embeddable":true,"href":"https:\/\/vosgesinfo.fr\/saintdieinfo\/wp-json\/wp\/v2\/categories?post=62149"},{"taxonomy":"post_tag","embeddable":true,"href":"https:\/\/vosgesinfo.fr\/saintdieinfo\/wp-json\/wp\/v2\/tags?post=62149"}],"curies":[{"name":"wp","href":"https:\/\/api.w.org\/{rel}","templated":true}]}}