{"id":62158,"date":"2023-02-06T08:27:13","date_gmt":"2023-02-06T07:27:13","guid":{"rendered":"https:\/\/vosgesinfo.fr\/saintdieinfo\/2023\/02\/conference-bude-legende-roi-arthur-naissance-dun-univers-fictionnel-frederic-oriel\/"},"modified":"2023-02-06T08:27:13","modified_gmt":"2023-02-06T07:27:13","slug":"conference-bude-legende-roi-arthur-naissance-dun-univers-fictionnel-frederic-oriel","status":"publish","type":"post","link":"https:\/\/vosgesinfo.fr\/saintdieinfo\/2023\/02\/conference-bude-legende-roi-arthur-naissance-dun-univers-fictionnel-frederic-oriel\/","title":{"rendered":"Conf\u00e9rence Bud\u00e9 : \u00ab La l\u00e9gende du roi Arthur : naissance d&rsquo;un univers fictionnel \u00bb par Fr\u00e9d\u00e9ric Oriel"},"content":{"rendered":"<h2><strong><span style=\"font-size: 14pt;\">La prochaine conf\u00e9rence de de l\u2019association Guillaume-Bud\u00e9 se tiendra le vendredi 3 mars, \u00e0 17h15 au sein l\u2019amphith\u00e9\u00e2tre de la Cit\u00e9 Scolaire Jules-Ferry.<\/span><\/strong><\/h2>\n<p><!--more--><\/p>\n<p>Gratuite et ouverte \u00e0 tous, la conf\u00e9rence aura pour th\u00e8me \u00ab\u00a0La l\u00e9gende du roi Arthur : naissance d&rsquo;un univers fictionnel \u00bb et sera anim\u00e9e par Fr\u00e9d\u00e9ric Oriel, doctorant en litt\u00e9rature m\u00e9di\u00e9vale et charg\u00e9 de TD \u00e0 l&rsquo;Universit\u00e9 de Lorraine. Pour toute information compl\u00e9mentaire : <strong><a href=\"mailto:association.bude88@gmail.com\">association.bude88@gmail.com<\/a><\/strong>.<strong><br \/>\n<\/strong><\/p>\n<p><a href=\"\/2023\/02\/Conf\u00e9rence_Bud\u00e9_Fr\u00e9d\u00e9ric-Oriel.jpg\" target=\"_blank\" rel=\"noopener\"><img decoding=\"async\" class=\"aligncenter wp-image-196674 size-large\" src=\"\/2023\/02\/Conf\u00e9rence_Bud\u00e9_Fr\u00e9d\u00e9ric-Oriel-768x1024.jpg\" alt=\"Conf\u00e9rence_Bud\u00e9_Fr\u00e9d\u00e9ric Oriel\" width=\"768\" height=\"1024\" \/><\/a><\/p>\n","protected":false},"excerpt":{"rendered":"<p>La prochaine conf\u00e9rence de de l\u2019association Guillaume-Bud\u00e9 se tiendra le vendredi 3 mars, \u00e0 17h15 au sein l\u2019amphith\u00e9\u00e2tre de la [&hellip;]<\/p>\n","protected":false},"author":44,"featured_media":62159,"comment_status":"open","ping_status":"open","sticky":false,"template":"","format":"standard","meta":{"footnotes":""},"categories":[3900,7847,2915],"tags":[3352,3353,13756,13757],"class_list":["post-62158","post","type-post","status-publish","format-standard","has-post-thumbnail","hentry","category-breves","category-art-culture","category-saint-die-son-canton","tag-cite-scolaire-jules-ferry","tag-conference-bude","tag-frederic-oriel","tag-la-legende-du-roi-arthur"],"acf":[],"yoast_head":"<!-- This site is optimized with the Yoast SEO plugin v22.5 - https:\/\/yoast.com\/wordpress\/plugins\/seo\/ -->\n<title>Conf\u00e9rence Bud\u00e9 : \u00ab La l\u00e9gende du roi Arthur : naissance d&#039;un univers fictionnel \u00bb par Fr\u00e9d\u00e9ric Oriel - Saint Die Info<\/title>\n<meta name=\"robots\" content=\"index, follow, max-snippet:-1, max-image-preview:large, max-video-preview:-1\" \/>\n<link rel=\"canonical\" href=\"https:\/\/vosgesinfo.fr\/saintdieinfo\/2023\/02\/conference-bude-legende-roi-arthur-naissance-dun-univers-fictionnel-frederic-oriel\/\" \/>\n<meta name=\"twitter:card\" content=\"summary_large_image\" \/>\n<meta name=\"twitter:title\" content=\"Conf\u00e9rence Bud\u00e9 : \u00ab La l\u00e9gende du roi Arthur : naissance d&#039;un univers fictionnel \u00bb par Fr\u00e9d\u00e9ric Oriel - Saint Die Info\" \/>\n<meta name=\"twitter:description\" content=\"La prochaine conf\u00e9rence de de l\u2019association Guillaume-Bud\u00e9 se tiendra le vendredi 3 mars, \u00e0 17h15 au sein l\u2019amphith\u00e9\u00e2tre de la [&hellip;]\" \/>\n<meta name=\"twitter:image\" content=\"https:\/\/vosgesinfo.fr\/app\/uploads\/sites\/4\/2024\/08\/202302conference-bude-frederic-oriel-scaled.jpg\" \/>\n<meta name=\"twitter:creator\" content=\"@VosgesInfo88\" \/>\n<meta name=\"twitter:site\" content=\"@VosgesInfo88\" \/>\n<meta name=\"twitter:label1\" content=\"\u00c9crit par\" \/>\n\t<meta name=\"twitter:data1\" content=\"la r\u00e9daction\" \/>\n<script type=\"application\/ld+json\" class=\"yoast-schema-graph\">{\"@context\":\"https:\/\/schema.org\",\"@graph\":[{\"@type\":\"Article\",\"@id\":\"https:\/\/vosgesinfo.fr\/saintdieinfo\/2023\/02\/conference-bude-legende-roi-arthur-naissance-dun-univers-fictionnel-frederic-oriel\/#article\",\"isPartOf\":{\"@id\":\"https:\/\/vosgesinfo.fr\/saintdieinfo\/2023\/02\/conference-bude-legende-roi-arthur-naissance-dun-univers-fictionnel-frederic-oriel\/\"},\"author\":{\"name\":\"la r\u00e9daction\",\"@id\":\"https:\/\/vosgesinfo.fr\/saintdieinfo\/#\/schema\/person\/faee6704a21f3977511db84bd1cd450f\"},\"headline\":\"Conf\u00e9rence Bud\u00e9 : \u00ab La l\u00e9gende du roi Arthur : naissance d&rsquo;un univers fictionnel \u00bb par Fr\u00e9d\u00e9ric Oriel\",\"datePublished\":\"2023-02-06T07:27:13+00:00\",\"dateModified\":\"2023-02-06T07:27:13+00:00\",\"mainEntityOfPage\":{\"@id\":\"https:\/\/vosgesinfo.fr\/saintdieinfo\/2023\/02\/conference-bude-legende-roi-arthur-naissance-dun-univers-fictionnel-frederic-oriel\/\"},\"wordCount\":99,\"commentCount\":0,\"publisher\":{\"@id\":\"https:\/\/vosgesinfo.fr\/saintdieinfo\/#organization\"},\"image\":{\"@id\":\"https:\/\/vosgesinfo.fr\/saintdieinfo\/2023\/02\/conference-bude-legende-roi-arthur-naissance-dun-univers-fictionnel-frederic-oriel\/#primaryimage\"},\"thumbnailUrl\":\"https:\/\/vosgesinfo.fr\/app\/uploads\/sites\/4\/2024\/08\/202302conference-bude-frederic-oriel-scaled.jpg\",\"keywords\":[\"Cit\u00e9 scolaire Jules-Ferry\",\"Conf\u00e9rence Bud\u00e9\",\"Fr\u00e9d\u00e9ric Oriel\",\"La l\u00e9gende du roi Arthur\"],\"articleSection\":[\"Br\u00e8ves\",\"Culture\",\"Saint-Di\u00e9-des-Vosges et son Agglom\u00e9ration\"],\"inLanguage\":\"fr-FR\",\"potentialAction\":[{\"@type\":\"CommentAction\",\"name\":\"Comment\",\"target\":[\"https:\/\/vosgesinfo.fr\/saintdieinfo\/2023\/02\/conference-bude-legende-roi-arthur-naissance-dun-univers-fictionnel-frederic-oriel\/#respond\"]}]},{\"@type\":\"WebPage\",\"@id\":\"https:\/\/vosgesinfo.fr\/saintdieinfo\/2023\/02\/conference-bude-legende-roi-arthur-naissance-dun-univers-fictionnel-frederic-oriel\/\",\"url\":\"https:\/\/vosgesinfo.fr\/saintdieinfo\/2023\/02\/conference-bude-legende-roi-arthur-naissance-dun-univers-fictionnel-frederic-oriel\/\",\"name\":\"Conf\u00e9rence Bud\u00e9 : \u00ab La l\u00e9gende du roi Arthur : naissance d'un univers fictionnel \u00bb par Fr\u00e9d\u00e9ric Oriel - Saint Die Info\",\"isPartOf\":{\"@id\":\"https:\/\/vosgesinfo.fr\/saintdieinfo\/#website\"},\"primaryImageOfPage\":{\"@id\":\"https:\/\/vosgesinfo.fr\/saintdieinfo\/2023\/02\/conference-bude-legende-roi-arthur-naissance-dun-univers-fictionnel-frederic-oriel\/#primaryimage\"},\"image\":{\"@id\":\"https:\/\/vosgesinfo.fr\/saintdieinfo\/2023\/02\/conference-bude-legende-roi-arthur-naissance-dun-univers-fictionnel-frederic-oriel\/#primaryimage\"},\"thumbnailUrl\":\"https:\/\/vosgesinfo.fr\/app\/uploads\/sites\/4\/2024\/08\/202302conference-bude-frederic-oriel-scaled.jpg\",\"datePublished\":\"2023-02-06T07:27:13+00:00\",\"dateModified\":\"2023-02-06T07:27:13+00:00\",\"breadcrumb\":{\"@id\":\"https:\/\/vosgesinfo.fr\/saintdieinfo\/2023\/02\/conference-bude-legende-roi-arthur-naissance-dun-univers-fictionnel-frederic-oriel\/#breadcrumb\"},\"inLanguage\":\"fr-FR\",\"potentialAction\":[{\"@type\":\"ReadAction\",\"target\":[\"https:\/\/vosgesinfo.fr\/saintdieinfo\/2023\/02\/conference-bude-legende-roi-arthur-naissance-dun-univers-fictionnel-frederic-oriel\/\"]}]},{\"@type\":\"ImageObject\",\"inLanguage\":\"fr-FR\",\"@id\":\"https:\/\/vosgesinfo.fr\/saintdieinfo\/2023\/02\/conference-bude-legende-roi-arthur-naissance-dun-univers-fictionnel-frederic-oriel\/#primaryimage\",\"url\":\"https:\/\/vosgesinfo.fr\/app\/uploads\/sites\/4\/2024\/08\/202302conference-bude-frederic-oriel-scaled.jpg\",\"contentUrl\":\"https:\/\/vosgesinfo.fr\/app\/uploads\/sites\/4\/2024\/08\/202302conference-bude-frederic-oriel-scaled.jpg\",\"width\":1920,\"height\":2560},{\"@type\":\"BreadcrumbList\",\"@id\":\"https:\/\/vosgesinfo.fr\/saintdieinfo\/2023\/02\/conference-bude-legende-roi-arthur-naissance-dun-univers-fictionnel-frederic-oriel\/#breadcrumb\",\"itemListElement\":[{\"@type\":\"ListItem\",\"position\":1,\"name\":\"Home\",\"item\":\"https:\/\/vosgesinfo.fr\/saintdieinfo\/\"},{\"@type\":\"ListItem\",\"position\":2,\"name\":\"Conf\u00e9rence Bud\u00e9 : \u00ab La l\u00e9gende du roi Arthur : naissance d&rsquo;un univers fictionnel \u00bb par Fr\u00e9d\u00e9ric Oriel\"}]},{\"@type\":\"WebSite\",\"@id\":\"https:\/\/vosgesinfo.fr\/saintdieinfo\/#website\",\"url\":\"https:\/\/vosgesinfo.fr\/saintdieinfo\/\",\"name\":\"Saint Die Info\",\"description\":\"Toute l&#039;actualit\u00e9 de Saint-Di\u00e9-Des-Vosges\",\"publisher\":{\"@id\":\"https:\/\/vosgesinfo.fr\/saintdieinfo\/#organization\"},\"alternateName\":\"Toute l'actualit\u00e9 de Saint-Di\u00e9-Des-Vosges\",\"potentialAction\":[{\"@type\":\"SearchAction\",\"target\":{\"@type\":\"EntryPoint\",\"urlTemplate\":\"https:\/\/vosgesinfo.fr\/saintdieinfo\/?s={search_term_string}\"},\"query-input\":\"required name=search_term_string\"}],\"inLanguage\":\"fr-FR\"},{\"@type\":\"Organization\",\"@id\":\"https:\/\/vosgesinfo.fr\/saintdieinfo\/#organization\",\"name\":\"Saint Die Info\",\"url\":\"https:\/\/vosgesinfo.fr\/saintdieinfo\/\",\"logo\":{\"@type\":\"ImageObject\",\"inLanguage\":\"fr-FR\",\"@id\":\"https:\/\/vosgesinfo.fr\/saintdieinfo\/#\/schema\/logo\/image\/\",\"url\":\"https:\/\/vosgesinfo.fr\/app\/uploads\/sites\/4\/2024\/02\/logo-sdi.jpg\",\"contentUrl\":\"https:\/\/vosgesinfo.fr\/app\/uploads\/sites\/4\/2024\/02\/logo-sdi.jpg\",\"width\":600,\"height\":600,\"caption\":\"Saint Die Info\"},\"image\":{\"@id\":\"https:\/\/vosgesinfo.fr\/saintdieinfo\/#\/schema\/logo\/image\/\"},\"sameAs\":[\"https:\/\/www.facebook.com\/Saintdieinfofr\",\"https:\/\/x.com\/VosgesInfo88\",\"https:\/\/www.youtube.com\/@vosgesinfo\"]},{\"@type\":\"Person\",\"@id\":\"https:\/\/vosgesinfo.fr\/saintdieinfo\/#\/schema\/person\/faee6704a21f3977511db84bd1cd450f\",\"name\":\"la r\u00e9daction\",\"image\":{\"@type\":\"ImageObject\",\"inLanguage\":\"fr-FR\",\"@id\":\"https:\/\/vosgesinfo.fr\/saintdieinfo\/#\/schema\/person\/image\/\",\"url\":\"https:\/\/secure.gravatar.com\/avatar\/6673d8bc6a9c17fa9a453eaa3448de834fa308c2ec9635b7aa99441a7c8d2cf6?s=96&d=mm&r=g\",\"contentUrl\":\"https:\/\/secure.gravatar.com\/avatar\/6673d8bc6a9c17fa9a453eaa3448de834fa308c2ec9635b7aa99441a7c8d2cf6?s=96&d=mm&r=g\",\"caption\":\"la r\u00e9daction\"},\"url\":\"https:\/\/vosgesinfo.fr\/saintdieinfo\/author\/redac\/\"}]}<\/script>\n<!-- \/ Yoast SEO plugin. -->","yoast_head_json":{"title":"Conf\u00e9rence Bud\u00e9 : \u00ab La l\u00e9gende du roi Arthur : naissance d'un univers fictionnel \u00bb par Fr\u00e9d\u00e9ric Oriel - Saint Die Info","robots":{"index":"index","follow":"follow","max-snippet":"max-snippet:-1","max-image-preview":"max-image-preview:large","max-video-preview":"max-video-preview:-1"},"canonical":"https:\/\/vosgesinfo.fr\/saintdieinfo\/2023\/02\/conference-bude-legende-roi-arthur-naissance-dun-univers-fictionnel-frederic-oriel\/","twitter_card":"summary_large_image","twitter_title":"Conf\u00e9rence Bud\u00e9 : \u00ab La l\u00e9gende du roi Arthur : naissance d'un univers fictionnel \u00bb par Fr\u00e9d\u00e9ric Oriel - Saint Die Info","twitter_description":"La prochaine conf\u00e9rence de de l\u2019association Guillaume-Bud\u00e9 se tiendra le vendredi 3 mars, \u00e0 17h15 au sein l\u2019amphith\u00e9\u00e2tre de la [&hellip;]","twitter_image":"https:\/\/vosgesinfo.fr\/app\/uploads\/sites\/4\/2024\/08\/202302conference-bude-frederic-oriel-scaled.jpg","twitter_creator":"@VosgesInfo88","twitter_site":"@VosgesInfo88","twitter_misc":{"\u00c9crit par":"la r\u00e9daction"},"schema":{"@context":"https:\/\/schema.org","@graph":[{"@type":"Article","@id":"https:\/\/vosgesinfo.fr\/saintdieinfo\/2023\/02\/conference-bude-legende-roi-arthur-naissance-dun-univers-fictionnel-frederic-oriel\/#article","isPartOf":{"@id":"https:\/\/vosgesinfo.fr\/saintdieinfo\/2023\/02\/conference-bude-legende-roi-arthur-naissance-dun-univers-fictionnel-frederic-oriel\/"},"author":{"name":"la r\u00e9daction","@id":"https:\/\/vosgesinfo.fr\/saintdieinfo\/#\/schema\/person\/faee6704a21f3977511db84bd1cd450f"},"headline":"Conf\u00e9rence Bud\u00e9 : \u00ab La l\u00e9gende du roi Arthur : naissance d&rsquo;un univers fictionnel \u00bb par Fr\u00e9d\u00e9ric Oriel","datePublished":"2023-02-06T07:27:13+00:00","dateModified":"2023-02-06T07:27:13+00:00","mainEntityOfPage":{"@id":"https:\/\/vosgesinfo.fr\/saintdieinfo\/2023\/02\/conference-bude-legende-roi-arthur-naissance-dun-univers-fictionnel-frederic-oriel\/"},"wordCount":99,"commentCount":0,"publisher":{"@id":"https:\/\/vosgesinfo.fr\/saintdieinfo\/#organization"},"image":{"@id":"https:\/\/vosgesinfo.fr\/saintdieinfo\/2023\/02\/conference-bude-legende-roi-arthur-naissance-dun-univers-fictionnel-frederic-oriel\/#primaryimage"},"thumbnailUrl":"https:\/\/vosgesinfo.fr\/app\/uploads\/sites\/4\/2024\/08\/202302conference-bude-frederic-oriel-scaled.jpg","keywords":["Cit\u00e9 scolaire Jules-Ferry","Conf\u00e9rence Bud\u00e9","Fr\u00e9d\u00e9ric Oriel","La l\u00e9gende du roi Arthur"],"articleSection":["Br\u00e8ves","Culture","Saint-Di\u00e9-des-Vosges et son Agglom\u00e9ration"],"inLanguage":"fr-FR","potentialAction":[{"@type":"CommentAction","name":"Comment","target":["https:\/\/vosgesinfo.fr\/saintdieinfo\/2023\/02\/conference-bude-legende-roi-arthur-naissance-dun-univers-fictionnel-frederic-oriel\/#respond"]}]},{"@type":"WebPage","@id":"https:\/\/vosgesinfo.fr\/saintdieinfo\/2023\/02\/conference-bude-legende-roi-arthur-naissance-dun-univers-fictionnel-frederic-oriel\/","url":"https:\/\/vosgesinfo.fr\/saintdieinfo\/2023\/02\/conference-bude-legende-roi-arthur-naissance-dun-univers-fictionnel-frederic-oriel\/","name":"Conf\u00e9rence Bud\u00e9 : \u00ab La l\u00e9gende du roi Arthur : naissance d'un univers fictionnel \u00bb par Fr\u00e9d\u00e9ric Oriel - Saint Die Info","isPartOf":{"@id":"https:\/\/vosgesinfo.fr\/saintdieinfo\/#website"},"primaryImageOfPage":{"@id":"https:\/\/vosgesinfo.fr\/saintdieinfo\/2023\/02\/conference-bude-legende-roi-arthur-naissance-dun-univers-fictionnel-frederic-oriel\/#primaryimage"},"image":{"@id":"https:\/\/vosgesinfo.fr\/saintdieinfo\/2023\/02\/conference-bude-legende-roi-arthur-naissance-dun-univers-fictionnel-frederic-oriel\/#primaryimage"},"thumbnailUrl":"https:\/\/vosgesinfo.fr\/app\/uploads\/sites\/4\/2024\/08\/202302conference-bude-frederic-oriel-scaled.jpg","datePublished":"2023-02-06T07:27:13+00:00","dateModified":"2023-02-06T07:27:13+00:00","breadcrumb":{"@id":"https:\/\/vosgesinfo.fr\/saintdieinfo\/2023\/02\/conference-bude-legende-roi-arthur-naissance-dun-univers-fictionnel-frederic-oriel\/#breadcrumb"},"inLanguage":"fr-FR","potentialAction":[{"@type":"ReadAction","target":["https:\/\/vosgesinfo.fr\/saintdieinfo\/2023\/02\/conference-bude-legende-roi-arthur-naissance-dun-univers-fictionnel-frederic-oriel\/"]}]},{"@type":"ImageObject","inLanguage":"fr-FR","@id":"https:\/\/vosgesinfo.fr\/saintdieinfo\/2023\/02\/conference-bude-legende-roi-arthur-naissance-dun-univers-fictionnel-frederic-oriel\/#primaryimage","url":"https:\/\/vosgesinfo.fr\/app\/uploads\/sites\/4\/2024\/08\/202302conference-bude-frederic-oriel-scaled.jpg","contentUrl":"https:\/\/vosgesinfo.fr\/app\/uploads\/sites\/4\/2024\/08\/202302conference-bude-frederic-oriel-scaled.jpg","width":1920,"height":2560},{"@type":"BreadcrumbList","@id":"https:\/\/vosgesinfo.fr\/saintdieinfo\/2023\/02\/conference-bude-legende-roi-arthur-naissance-dun-univers-fictionnel-frederic-oriel\/#breadcrumb","itemListElement":[{"@type":"ListItem","position":1,"name":"Home","item":"https:\/\/vosgesinfo.fr\/saintdieinfo\/"},{"@type":"ListItem","position":2,"name":"Conf\u00e9rence Bud\u00e9 : \u00ab La l\u00e9gende du roi Arthur : naissance d&rsquo;un univers fictionnel \u00bb par Fr\u00e9d\u00e9ric Oriel"}]},{"@type":"WebSite","@id":"https:\/\/vosgesinfo.fr\/saintdieinfo\/#website","url":"https:\/\/vosgesinfo.fr\/saintdieinfo\/","name":"Saint Die Info","description":"Toute l&#039;actualit\u00e9 de Saint-Di\u00e9-Des-Vosges","publisher":{"@id":"https:\/\/vosgesinfo.fr\/saintdieinfo\/#organization"},"alternateName":"Toute l'actualit\u00e9 de Saint-Di\u00e9-Des-Vosges","potentialAction":[{"@type":"SearchAction","target":{"@type":"EntryPoint","urlTemplate":"https:\/\/vosgesinfo.fr\/saintdieinfo\/?s={search_term_string}"},"query-input":"required name=search_term_string"}],"inLanguage":"fr-FR"},{"@type":"Organization","@id":"https:\/\/vosgesinfo.fr\/saintdieinfo\/#organization","name":"Saint Die Info","url":"https:\/\/vosgesinfo.fr\/saintdieinfo\/","logo":{"@type":"ImageObject","inLanguage":"fr-FR","@id":"https:\/\/vosgesinfo.fr\/saintdieinfo\/#\/schema\/logo\/image\/","url":"https:\/\/vosgesinfo.fr\/app\/uploads\/sites\/4\/2024\/02\/logo-sdi.jpg","contentUrl":"https:\/\/vosgesinfo.fr\/app\/uploads\/sites\/4\/2024\/02\/logo-sdi.jpg","width":600,"height":600,"caption":"Saint Die Info"},"image":{"@id":"https:\/\/vosgesinfo.fr\/saintdieinfo\/#\/schema\/logo\/image\/"},"sameAs":["https:\/\/www.facebook.com\/Saintdieinfofr","https:\/\/x.com\/VosgesInfo88","https:\/\/www.youtube.com\/@vosgesinfo"]},{"@type":"Person","@id":"https:\/\/vosgesinfo.fr\/saintdieinfo\/#\/schema\/person\/faee6704a21f3977511db84bd1cd450f","name":"la r\u00e9daction","image":{"@type":"ImageObject","inLanguage":"fr-FR","@id":"https:\/\/vosgesinfo.fr\/saintdieinfo\/#\/schema\/person\/image\/","url":"https:\/\/secure.gravatar.com\/avatar\/6673d8bc6a9c17fa9a453eaa3448de834fa308c2ec9635b7aa99441a7c8d2cf6?s=96&d=mm&r=g","contentUrl":"https:\/\/secure.gravatar.com\/avatar\/6673d8bc6a9c17fa9a453eaa3448de834fa308c2ec9635b7aa99441a7c8d2cf6?s=96&d=mm&r=g","caption":"la r\u00e9daction"},"url":"https:\/\/vosgesinfo.fr\/saintdieinfo\/author\/redac\/"}]}},"_links":{"self":[{"href":"https:\/\/vosgesinfo.fr\/saintdieinfo\/wp-json\/wp\/v2\/posts\/62158","targetHints":{"allow":["GET"]}}],"collection":[{"href":"https:\/\/vosgesinfo.fr\/saintdieinfo\/wp-json\/wp\/v2\/posts"}],"about":[{"href":"https:\/\/vosgesinfo.fr\/saintdieinfo\/wp-json\/wp\/v2\/types\/post"}],"author":[{"embeddable":true,"href":"https:\/\/vosgesinfo.fr\/saintdieinfo\/wp-json\/wp\/v2\/users\/44"}],"replies":[{"embeddable":true,"href":"https:\/\/vosgesinfo.fr\/saintdieinfo\/wp-json\/wp\/v2\/comments?post=62158"}],"version-history":[{"count":0,"href":"https:\/\/vosgesinfo.fr\/saintdieinfo\/wp-json\/wp\/v2\/posts\/62158\/revisions"}],"wp:featuredmedia":[{"embeddable":true,"href":"https:\/\/vosgesinfo.fr\/saintdieinfo\/wp-json\/wp\/v2\/media\/62159"}],"wp:attachment":[{"href":"https:\/\/vosgesinfo.fr\/saintdieinfo\/wp-json\/wp\/v2\/media?parent=62158"}],"wp:term":[{"taxonomy":"category","embeddable":true,"href":"https:\/\/vosgesinfo.fr\/saintdieinfo\/wp-json\/wp\/v2\/categories?post=62158"},{"taxonomy":"post_tag","embeddable":true,"href":"https:\/\/vosgesinfo.fr\/saintdieinfo\/wp-json\/wp\/v2\/tags?post=62158"}],"curies":[{"name":"wp","href":"https:\/\/api.w.org\/{rel}","templated":true}]}}