{"id":62163,"date":"2023-02-06T12:00:05","date_gmt":"2023-02-06T11:00:05","guid":{"rendered":"https:\/\/vosgesinfo.fr\/saintdieinfo\/2023\/02\/etival-clairefontaine-concert-de-trompes-de-chasse-2\/"},"modified":"2023-02-06T12:00:05","modified_gmt":"2023-02-06T11:00:05","slug":"etival-clairefontaine-concert-de-trompes-de-chasse-2","status":"publish","type":"post","link":"https:\/\/vosgesinfo.fr\/saintdieinfo\/2023\/02\/etival-clairefontaine-concert-de-trompes-de-chasse-2\/","title":{"rendered":"Etival-Clairefontaine \u2013 Concert de trompes de chasse"},"content":{"rendered":"<p><a href=\"\/2023\/02\/Etival-Clairefontaine-Concert_Trompes_de_Chasse.jpg\" target=\"_blank\" rel=\"noopener\"><img decoding=\"async\" class=\"aligncenter wp-image-196688 size-large\" src=\"\/2023\/02\/Etival-Clairefontaine-Concert_Trompes_de_Chasse-1024x576.jpg\" alt=\"Etival-Clairefontaine-Concert_Trompes_de_Chasse\" width=\"960\" height=\"540\" \/><\/a><\/p>\n<h2><strong><span style=\"font-size: 14pt;\"><span style=\"font-family: Calibri, sans-serif;\">Le RALLYE TROMPES DU THOLY donnera un concert samedi <\/span><span style=\"font-family: Calibri, sans-serif;\">25 f\u00e9vrier \u00e0 20 heures <\/span><span style=\"font-family: Calibri, sans-serif;\">\u00e0 l&rsquo;Eglise Abbatiale d\u2019ETIVAL CLAIREFONTAINE. <\/span><\/span><\/strong><\/h2>\n<p><!--more--><\/p>\n<p><span style=\"font-family: Calibri, sans-serif;\"><span style=\"font-size: large;\"> Depuis des ann\u00e9es d\u00e9j\u00e0, les concerts de ce groupe de Trompes de chasse sont tr\u00e8s appr\u00e9ci\u00e9s, le programme de cette soir\u00e9e retracera l&rsquo;histoire de la Trompe \u00e0 travers les \u00e2ges, son utilisation pour la chasse, la musique sacr\u00e9e et les grands morceaux classiques et in\u00e9dits, certains accompagn\u00e9s \u00e0 l\u2019Orgue. En effet, la Trompe de chasse est un instrument qui a travers\u00e9 les \u00e2ges sans beaucoup de modifications. C&rsquo;est en 1680 que la V\u00e9nerie Royale de Louis XIV commence \u00e0 sonner les circonstances de la chasse avec les trompes du ch\u00e2teau de Versailles, qui \u00e9taient \u00e0 l&rsquo;\u00e9poque un instrument d&rsquo;\u00e9glise aupr\u00e8s de l&rsquo;Orgue. Plus tard, le Marquis de Dampierre modifia l&rsquo;instrument pour le rendre plus adapt\u00e9 \u00e0 la Chasse \u00e0 Courre. <\/span><\/span><\/p>\n<p><span style=\"font-family: Calibri, sans-serif;\"><span style=\"font-size: large;\"> Aujourd&rsquo;hui c&rsquo;est toujours cet instrument, simple, sans cl\u00e9 ni piston, accord\u00e9 en \u00ab\u00a0R\u00e9\u00a0\u00bb depuis 1723, qu&rsquo;utilisent les sonneurs. Cette formation de Trompes de chasse dont la r\u00e9putation n&rsquo;est plus \u00e0 faire, tant en France qu&rsquo;\u00e0 l&rsquo;\u00e9tranger, a obtenu de nombreux prix dans les concours r\u00e9gionaux et nationaux. Les dix sonneurs qui composent cette formation vous feront d\u00e9couvrir cet instrument typique des vieilles traditions fran\u00e7aises. Rendez-vous est donc pris pour cette soir\u00e9e de samedi 25 f\u00e9vrier en l&rsquo;Eglise Abbatiale d\u2019ETIVAL CLAIREFONTAINE o\u00f9 l&rsquo;entr\u00e9e sera libre. <\/span><\/span><\/p>\n","protected":false},"excerpt":{"rendered":"<p>Le RALLYE TROMPES DU THOLY donnera un concert samedi 25 f\u00e9vrier \u00e0 20 heures \u00e0 l&rsquo;Eglise Abbatiale d\u2019ETIVAL CLAIREFONTAINE.<\/p>\n","protected":false},"author":44,"featured_media":62164,"comment_status":"open","ping_status":"open","sticky":false,"template":"","format":"standard","meta":{"footnotes":""},"categories":[3900,8003,7847,2915],"tags":[5664,13758,3250],"class_list":["post-62163","post","type-post","status-publish","format-standard","has-post-thumbnail","hentry","category-breves","category-concert-culture","category-art-culture","category-saint-die-son-canton","tag-concert-de-trompes-de-chasse","tag-eglise-abbatiale-detival-clairefontaine","tag-etival-clairefontaine"],"acf":[],"yoast_head":"<!-- This site is optimized with the Yoast SEO plugin v22.5 - https:\/\/yoast.com\/wordpress\/plugins\/seo\/ -->\n<title>Etival-Clairefontaine \u2013 Concert de trompes de chasse - Saint Die Info<\/title>\n<meta name=\"robots\" content=\"index, follow, max-snippet:-1, max-image-preview:large, max-video-preview:-1\" \/>\n<link rel=\"canonical\" href=\"https:\/\/vosgesinfo.fr\/saintdieinfo\/2023\/02\/etival-clairefontaine-concert-de-trompes-de-chasse-2\/\" \/>\n<meta name=\"twitter:card\" content=\"summary_large_image\" \/>\n<meta name=\"twitter:title\" content=\"Etival-Clairefontaine \u2013 Concert de trompes de chasse - Saint Die Info\" \/>\n<meta name=\"twitter:description\" content=\"Le RALLYE TROMPES DU THOLY donnera un concert samedi 25 f\u00e9vrier \u00e0 20 heures \u00e0 l&rsquo;Eglise Abbatiale d\u2019ETIVAL CLAIREFONTAINE.\" \/>\n<meta name=\"twitter:image\" content=\"https:\/\/vosgesinfo.fr\/app\/uploads\/sites\/4\/2024\/08\/202302etival-clairefontaine-concert-trompes-de-chasse.jpg\" \/>\n<meta name=\"twitter:creator\" content=\"@VosgesInfo88\" \/>\n<meta name=\"twitter:site\" content=\"@VosgesInfo88\" \/>\n<meta name=\"twitter:label1\" content=\"\u00c9crit par\" \/>\n\t<meta name=\"twitter:data1\" content=\"la r\u00e9daction\" \/>\n\t<meta name=\"twitter:label2\" content=\"Dur\u00e9e de lecture estim\u00e9e\" \/>\n\t<meta name=\"twitter:data2\" content=\"1 minute\" \/>\n<script type=\"application\/ld+json\" class=\"yoast-schema-graph\">{\"@context\":\"https:\/\/schema.org\",\"@graph\":[{\"@type\":\"Article\",\"@id\":\"https:\/\/vosgesinfo.fr\/saintdieinfo\/2023\/02\/etival-clairefontaine-concert-de-trompes-de-chasse-2\/#article\",\"isPartOf\":{\"@id\":\"https:\/\/vosgesinfo.fr\/saintdieinfo\/2023\/02\/etival-clairefontaine-concert-de-trompes-de-chasse-2\/\"},\"author\":{\"name\":\"la r\u00e9daction\",\"@id\":\"https:\/\/vosgesinfo.fr\/saintdieinfo\/#\/schema\/person\/faee6704a21f3977511db84bd1cd450f\"},\"headline\":\"Etival-Clairefontaine \u2013 Concert de trompes de chasse\",\"datePublished\":\"2023-02-06T11:00:05+00:00\",\"dateModified\":\"2023-02-06T11:00:05+00:00\",\"mainEntityOfPage\":{\"@id\":\"https:\/\/vosgesinfo.fr\/saintdieinfo\/2023\/02\/etival-clairefontaine-concert-de-trompes-de-chasse-2\/\"},\"wordCount\":252,\"commentCount\":0,\"publisher\":{\"@id\":\"https:\/\/vosgesinfo.fr\/saintdieinfo\/#organization\"},\"image\":{\"@id\":\"https:\/\/vosgesinfo.fr\/saintdieinfo\/2023\/02\/etival-clairefontaine-concert-de-trompes-de-chasse-2\/#primaryimage\"},\"thumbnailUrl\":\"https:\/\/vosgesinfo.fr\/app\/uploads\/sites\/4\/2024\/08\/202302etival-clairefontaine-concert-trompes-de-chasse.jpg\",\"keywords\":[\"Concert de trompes de chasse\",\"Eglise abbatiale d'Etival-Clairefontaine\",\"etival-clairefontaine\"],\"articleSection\":[\"Br\u00e8ves\",\"Concert\",\"Culture\",\"Saint-Di\u00e9-des-Vosges et son Agglom\u00e9ration\"],\"inLanguage\":\"fr-FR\",\"potentialAction\":[{\"@type\":\"CommentAction\",\"name\":\"Comment\",\"target\":[\"https:\/\/vosgesinfo.fr\/saintdieinfo\/2023\/02\/etival-clairefontaine-concert-de-trompes-de-chasse-2\/#respond\"]}]},{\"@type\":\"WebPage\",\"@id\":\"https:\/\/vosgesinfo.fr\/saintdieinfo\/2023\/02\/etival-clairefontaine-concert-de-trompes-de-chasse-2\/\",\"url\":\"https:\/\/vosgesinfo.fr\/saintdieinfo\/2023\/02\/etival-clairefontaine-concert-de-trompes-de-chasse-2\/\",\"name\":\"Etival-Clairefontaine \u2013 Concert de trompes de chasse - Saint Die Info\",\"isPartOf\":{\"@id\":\"https:\/\/vosgesinfo.fr\/saintdieinfo\/#website\"},\"primaryImageOfPage\":{\"@id\":\"https:\/\/vosgesinfo.fr\/saintdieinfo\/2023\/02\/etival-clairefontaine-concert-de-trompes-de-chasse-2\/#primaryimage\"},\"image\":{\"@id\":\"https:\/\/vosgesinfo.fr\/saintdieinfo\/2023\/02\/etival-clairefontaine-concert-de-trompes-de-chasse-2\/#primaryimage\"},\"thumbnailUrl\":\"https:\/\/vosgesinfo.fr\/app\/uploads\/sites\/4\/2024\/08\/202302etival-clairefontaine-concert-trompes-de-chasse.jpg\",\"datePublished\":\"2023-02-06T11:00:05+00:00\",\"dateModified\":\"2023-02-06T11:00:05+00:00\",\"breadcrumb\":{\"@id\":\"https:\/\/vosgesinfo.fr\/saintdieinfo\/2023\/02\/etival-clairefontaine-concert-de-trompes-de-chasse-2\/#breadcrumb\"},\"inLanguage\":\"fr-FR\",\"potentialAction\":[{\"@type\":\"ReadAction\",\"target\":[\"https:\/\/vosgesinfo.fr\/saintdieinfo\/2023\/02\/etival-clairefontaine-concert-de-trompes-de-chasse-2\/\"]}]},{\"@type\":\"ImageObject\",\"inLanguage\":\"fr-FR\",\"@id\":\"https:\/\/vosgesinfo.fr\/saintdieinfo\/2023\/02\/etival-clairefontaine-concert-de-trompes-de-chasse-2\/#primaryimage\",\"url\":\"https:\/\/vosgesinfo.fr\/app\/uploads\/sites\/4\/2024\/08\/202302etival-clairefontaine-concert-trompes-de-chasse.jpg\",\"contentUrl\":\"https:\/\/vosgesinfo.fr\/app\/uploads\/sites\/4\/2024\/08\/202302etival-clairefontaine-concert-trompes-de-chasse.jpg\",\"width\":2016,\"height\":1134},{\"@type\":\"BreadcrumbList\",\"@id\":\"https:\/\/vosgesinfo.fr\/saintdieinfo\/2023\/02\/etival-clairefontaine-concert-de-trompes-de-chasse-2\/#breadcrumb\",\"itemListElement\":[{\"@type\":\"ListItem\",\"position\":1,\"name\":\"Home\",\"item\":\"https:\/\/vosgesinfo.fr\/saintdieinfo\/\"},{\"@type\":\"ListItem\",\"position\":2,\"name\":\"Etival-Clairefontaine \u2013 Concert de trompes de chasse\"}]},{\"@type\":\"WebSite\",\"@id\":\"https:\/\/vosgesinfo.fr\/saintdieinfo\/#website\",\"url\":\"https:\/\/vosgesinfo.fr\/saintdieinfo\/\",\"name\":\"Saint Die Info\",\"description\":\"Toute l&#039;actualit\u00e9 de Saint-Di\u00e9-Des-Vosges\",\"publisher\":{\"@id\":\"https:\/\/vosgesinfo.fr\/saintdieinfo\/#organization\"},\"alternateName\":\"Toute l'actualit\u00e9 de Saint-Di\u00e9-Des-Vosges\",\"potentialAction\":[{\"@type\":\"SearchAction\",\"target\":{\"@type\":\"EntryPoint\",\"urlTemplate\":\"https:\/\/vosgesinfo.fr\/saintdieinfo\/?s={search_term_string}\"},\"query-input\":\"required name=search_term_string\"}],\"inLanguage\":\"fr-FR\"},{\"@type\":\"Organization\",\"@id\":\"https:\/\/vosgesinfo.fr\/saintdieinfo\/#organization\",\"name\":\"Saint Die Info\",\"url\":\"https:\/\/vosgesinfo.fr\/saintdieinfo\/\",\"logo\":{\"@type\":\"ImageObject\",\"inLanguage\":\"fr-FR\",\"@id\":\"https:\/\/vosgesinfo.fr\/saintdieinfo\/#\/schema\/logo\/image\/\",\"url\":\"https:\/\/vosgesinfo.fr\/app\/uploads\/sites\/4\/2024\/02\/logo-sdi.jpg\",\"contentUrl\":\"https:\/\/vosgesinfo.fr\/app\/uploads\/sites\/4\/2024\/02\/logo-sdi.jpg\",\"width\":600,\"height\":600,\"caption\":\"Saint Die Info\"},\"image\":{\"@id\":\"https:\/\/vosgesinfo.fr\/saintdieinfo\/#\/schema\/logo\/image\/\"},\"sameAs\":[\"https:\/\/www.facebook.com\/Saintdieinfofr\",\"https:\/\/x.com\/VosgesInfo88\",\"https:\/\/www.youtube.com\/@vosgesinfo\"]},{\"@type\":\"Person\",\"@id\":\"https:\/\/vosgesinfo.fr\/saintdieinfo\/#\/schema\/person\/faee6704a21f3977511db84bd1cd450f\",\"name\":\"la r\u00e9daction\",\"image\":{\"@type\":\"ImageObject\",\"inLanguage\":\"fr-FR\",\"@id\":\"https:\/\/vosgesinfo.fr\/saintdieinfo\/#\/schema\/person\/image\/\",\"url\":\"https:\/\/secure.gravatar.com\/avatar\/6673d8bc6a9c17fa9a453eaa3448de834fa308c2ec9635b7aa99441a7c8d2cf6?s=96&d=mm&r=g\",\"contentUrl\":\"https:\/\/secure.gravatar.com\/avatar\/6673d8bc6a9c17fa9a453eaa3448de834fa308c2ec9635b7aa99441a7c8d2cf6?s=96&d=mm&r=g\",\"caption\":\"la r\u00e9daction\"},\"url\":\"https:\/\/vosgesinfo.fr\/saintdieinfo\/author\/redac\/\"}]}<\/script>\n<!-- \/ Yoast SEO plugin. -->","yoast_head_json":{"title":"Etival-Clairefontaine \u2013 Concert de trompes de chasse - Saint Die Info","robots":{"index":"index","follow":"follow","max-snippet":"max-snippet:-1","max-image-preview":"max-image-preview:large","max-video-preview":"max-video-preview:-1"},"canonical":"https:\/\/vosgesinfo.fr\/saintdieinfo\/2023\/02\/etival-clairefontaine-concert-de-trompes-de-chasse-2\/","twitter_card":"summary_large_image","twitter_title":"Etival-Clairefontaine \u2013 Concert de trompes de chasse - Saint Die Info","twitter_description":"Le RALLYE TROMPES DU THOLY donnera un concert samedi 25 f\u00e9vrier \u00e0 20 heures \u00e0 l&rsquo;Eglise Abbatiale d\u2019ETIVAL CLAIREFONTAINE.","twitter_image":"https:\/\/vosgesinfo.fr\/app\/uploads\/sites\/4\/2024\/08\/202302etival-clairefontaine-concert-trompes-de-chasse.jpg","twitter_creator":"@VosgesInfo88","twitter_site":"@VosgesInfo88","twitter_misc":{"\u00c9crit par":"la r\u00e9daction","Dur\u00e9e de lecture estim\u00e9e":"1 minute"},"schema":{"@context":"https:\/\/schema.org","@graph":[{"@type":"Article","@id":"https:\/\/vosgesinfo.fr\/saintdieinfo\/2023\/02\/etival-clairefontaine-concert-de-trompes-de-chasse-2\/#article","isPartOf":{"@id":"https:\/\/vosgesinfo.fr\/saintdieinfo\/2023\/02\/etival-clairefontaine-concert-de-trompes-de-chasse-2\/"},"author":{"name":"la r\u00e9daction","@id":"https:\/\/vosgesinfo.fr\/saintdieinfo\/#\/schema\/person\/faee6704a21f3977511db84bd1cd450f"},"headline":"Etival-Clairefontaine \u2013 Concert de trompes de chasse","datePublished":"2023-02-06T11:00:05+00:00","dateModified":"2023-02-06T11:00:05+00:00","mainEntityOfPage":{"@id":"https:\/\/vosgesinfo.fr\/saintdieinfo\/2023\/02\/etival-clairefontaine-concert-de-trompes-de-chasse-2\/"},"wordCount":252,"commentCount":0,"publisher":{"@id":"https:\/\/vosgesinfo.fr\/saintdieinfo\/#organization"},"image":{"@id":"https:\/\/vosgesinfo.fr\/saintdieinfo\/2023\/02\/etival-clairefontaine-concert-de-trompes-de-chasse-2\/#primaryimage"},"thumbnailUrl":"https:\/\/vosgesinfo.fr\/app\/uploads\/sites\/4\/2024\/08\/202302etival-clairefontaine-concert-trompes-de-chasse.jpg","keywords":["Concert de trompes de chasse","Eglise abbatiale d'Etival-Clairefontaine","etival-clairefontaine"],"articleSection":["Br\u00e8ves","Concert","Culture","Saint-Di\u00e9-des-Vosges et son Agglom\u00e9ration"],"inLanguage":"fr-FR","potentialAction":[{"@type":"CommentAction","name":"Comment","target":["https:\/\/vosgesinfo.fr\/saintdieinfo\/2023\/02\/etival-clairefontaine-concert-de-trompes-de-chasse-2\/#respond"]}]},{"@type":"WebPage","@id":"https:\/\/vosgesinfo.fr\/saintdieinfo\/2023\/02\/etival-clairefontaine-concert-de-trompes-de-chasse-2\/","url":"https:\/\/vosgesinfo.fr\/saintdieinfo\/2023\/02\/etival-clairefontaine-concert-de-trompes-de-chasse-2\/","name":"Etival-Clairefontaine \u2013 Concert de trompes de chasse - Saint Die Info","isPartOf":{"@id":"https:\/\/vosgesinfo.fr\/saintdieinfo\/#website"},"primaryImageOfPage":{"@id":"https:\/\/vosgesinfo.fr\/saintdieinfo\/2023\/02\/etival-clairefontaine-concert-de-trompes-de-chasse-2\/#primaryimage"},"image":{"@id":"https:\/\/vosgesinfo.fr\/saintdieinfo\/2023\/02\/etival-clairefontaine-concert-de-trompes-de-chasse-2\/#primaryimage"},"thumbnailUrl":"https:\/\/vosgesinfo.fr\/app\/uploads\/sites\/4\/2024\/08\/202302etival-clairefontaine-concert-trompes-de-chasse.jpg","datePublished":"2023-02-06T11:00:05+00:00","dateModified":"2023-02-06T11:00:05+00:00","breadcrumb":{"@id":"https:\/\/vosgesinfo.fr\/saintdieinfo\/2023\/02\/etival-clairefontaine-concert-de-trompes-de-chasse-2\/#breadcrumb"},"inLanguage":"fr-FR","potentialAction":[{"@type":"ReadAction","target":["https:\/\/vosgesinfo.fr\/saintdieinfo\/2023\/02\/etival-clairefontaine-concert-de-trompes-de-chasse-2\/"]}]},{"@type":"ImageObject","inLanguage":"fr-FR","@id":"https:\/\/vosgesinfo.fr\/saintdieinfo\/2023\/02\/etival-clairefontaine-concert-de-trompes-de-chasse-2\/#primaryimage","url":"https:\/\/vosgesinfo.fr\/app\/uploads\/sites\/4\/2024\/08\/202302etival-clairefontaine-concert-trompes-de-chasse.jpg","contentUrl":"https:\/\/vosgesinfo.fr\/app\/uploads\/sites\/4\/2024\/08\/202302etival-clairefontaine-concert-trompes-de-chasse.jpg","width":2016,"height":1134},{"@type":"BreadcrumbList","@id":"https:\/\/vosgesinfo.fr\/saintdieinfo\/2023\/02\/etival-clairefontaine-concert-de-trompes-de-chasse-2\/#breadcrumb","itemListElement":[{"@type":"ListItem","position":1,"name":"Home","item":"https:\/\/vosgesinfo.fr\/saintdieinfo\/"},{"@type":"ListItem","position":2,"name":"Etival-Clairefontaine \u2013 Concert de trompes de chasse"}]},{"@type":"WebSite","@id":"https:\/\/vosgesinfo.fr\/saintdieinfo\/#website","url":"https:\/\/vosgesinfo.fr\/saintdieinfo\/","name":"Saint Die Info","description":"Toute l&#039;actualit\u00e9 de Saint-Di\u00e9-Des-Vosges","publisher":{"@id":"https:\/\/vosgesinfo.fr\/saintdieinfo\/#organization"},"alternateName":"Toute l'actualit\u00e9 de Saint-Di\u00e9-Des-Vosges","potentialAction":[{"@type":"SearchAction","target":{"@type":"EntryPoint","urlTemplate":"https:\/\/vosgesinfo.fr\/saintdieinfo\/?s={search_term_string}"},"query-input":"required name=search_term_string"}],"inLanguage":"fr-FR"},{"@type":"Organization","@id":"https:\/\/vosgesinfo.fr\/saintdieinfo\/#organization","name":"Saint Die Info","url":"https:\/\/vosgesinfo.fr\/saintdieinfo\/","logo":{"@type":"ImageObject","inLanguage":"fr-FR","@id":"https:\/\/vosgesinfo.fr\/saintdieinfo\/#\/schema\/logo\/image\/","url":"https:\/\/vosgesinfo.fr\/app\/uploads\/sites\/4\/2024\/02\/logo-sdi.jpg","contentUrl":"https:\/\/vosgesinfo.fr\/app\/uploads\/sites\/4\/2024\/02\/logo-sdi.jpg","width":600,"height":600,"caption":"Saint Die Info"},"image":{"@id":"https:\/\/vosgesinfo.fr\/saintdieinfo\/#\/schema\/logo\/image\/"},"sameAs":["https:\/\/www.facebook.com\/Saintdieinfofr","https:\/\/x.com\/VosgesInfo88","https:\/\/www.youtube.com\/@vosgesinfo"]},{"@type":"Person","@id":"https:\/\/vosgesinfo.fr\/saintdieinfo\/#\/schema\/person\/faee6704a21f3977511db84bd1cd450f","name":"la r\u00e9daction","image":{"@type":"ImageObject","inLanguage":"fr-FR","@id":"https:\/\/vosgesinfo.fr\/saintdieinfo\/#\/schema\/person\/image\/","url":"https:\/\/secure.gravatar.com\/avatar\/6673d8bc6a9c17fa9a453eaa3448de834fa308c2ec9635b7aa99441a7c8d2cf6?s=96&d=mm&r=g","contentUrl":"https:\/\/secure.gravatar.com\/avatar\/6673d8bc6a9c17fa9a453eaa3448de834fa308c2ec9635b7aa99441a7c8d2cf6?s=96&d=mm&r=g","caption":"la r\u00e9daction"},"url":"https:\/\/vosgesinfo.fr\/saintdieinfo\/author\/redac\/"}]}},"_links":{"self":[{"href":"https:\/\/vosgesinfo.fr\/saintdieinfo\/wp-json\/wp\/v2\/posts\/62163","targetHints":{"allow":["GET"]}}],"collection":[{"href":"https:\/\/vosgesinfo.fr\/saintdieinfo\/wp-json\/wp\/v2\/posts"}],"about":[{"href":"https:\/\/vosgesinfo.fr\/saintdieinfo\/wp-json\/wp\/v2\/types\/post"}],"author":[{"embeddable":true,"href":"https:\/\/vosgesinfo.fr\/saintdieinfo\/wp-json\/wp\/v2\/users\/44"}],"replies":[{"embeddable":true,"href":"https:\/\/vosgesinfo.fr\/saintdieinfo\/wp-json\/wp\/v2\/comments?post=62163"}],"version-history":[{"count":0,"href":"https:\/\/vosgesinfo.fr\/saintdieinfo\/wp-json\/wp\/v2\/posts\/62163\/revisions"}],"wp:featuredmedia":[{"embeddable":true,"href":"https:\/\/vosgesinfo.fr\/saintdieinfo\/wp-json\/wp\/v2\/media\/62164"}],"wp:attachment":[{"href":"https:\/\/vosgesinfo.fr\/saintdieinfo\/wp-json\/wp\/v2\/media?parent=62163"}],"wp:term":[{"taxonomy":"category","embeddable":true,"href":"https:\/\/vosgesinfo.fr\/saintdieinfo\/wp-json\/wp\/v2\/categories?post=62163"},{"taxonomy":"post_tag","embeddable":true,"href":"https:\/\/vosgesinfo.fr\/saintdieinfo\/wp-json\/wp\/v2\/tags?post=62163"}],"curies":[{"name":"wp","href":"https:\/\/api.w.org\/{rel}","templated":true}]}}