{"id":62176,"date":"2023-02-07T15:15:24","date_gmt":"2023-02-07T14:15:24","guid":{"rendered":"https:\/\/vosgesinfo.fr\/saintdieinfo\/2023\/02\/raon-letape-mobilisation-contre-fermeture-dune-classe-groupe-scolaire-tilleul\/"},"modified":"2023-02-07T15:15:24","modified_gmt":"2023-02-07T14:15:24","slug":"raon-letape-mobilisation-contre-fermeture-dune-classe-groupe-scolaire-tilleul","status":"publish","type":"post","link":"https:\/\/vosgesinfo.fr\/saintdieinfo\/2023\/02\/raon-letape-mobilisation-contre-fermeture-dune-classe-groupe-scolaire-tilleul\/","title":{"rendered":"Raon-l&rsquo;Etape \u2013 Mobilisation contre la fermeture d&rsquo;une classe du groupe scolaire du Tilleul"},"content":{"rendered":"<div id=\"attachment_196713\" style=\"width: 970px\" class=\"wp-caption aligncenter\"><a href=\"\/2023\/02\/Raon-lEtape-Protestation_Contre_Fermeture_Classe.jpg\" target=\"_blank\" rel=\"noopener\"><img decoding=\"async\" aria-describedby=\"caption-attachment-196713\" class=\"wp-image-196713 size-large\" src=\"\/2023\/02\/Raon-lEtape-Protestation_Contre_Fermeture_Classe-1024x580.jpg\" alt=\"Raon-l'Etape-Protestation_Contre_Fermeture_Classe\" width=\"960\" height=\"544\" \/><\/a><p id=\"caption-attachment-196713\" class=\"wp-caption-text\">(Capture d&rsquo;\u00e9cran RCM)<\/p><\/div>\n<h2><strong><span style=\"font-size: 14pt;\">Un collectif de parents-d&rsquo;\u00e9l\u00e8ves du groupe scolaire du Tilleul s&rsquo;est constitu\u00e9 \u00e0 Raon-l&rsquo;Etape, suite \u00e0 la r\u00e9cente annonce de la Direction Acad\u00e9mique de l&rsquo;Education Nationale \u2013 DAEN \u2013 de fermer une classe de l&rsquo;\u00e9tablissement \u00e0 la rentr\u00e9e prochaine. Ce qui porterait le nombre de classes ferm\u00e9es \u00e0 3 en 3 ans.<\/span><\/strong><\/h2>\n<p><!--more--><\/p>\n<p>Le motif avanc\u00e9 par la DAEN pour justifier cette fermeture ? Un effectif par classe faible par rapport \u00e0 la moyenne d\u00e9partementale. Hier lundi matin, sur les coups de 7h50, des membres du collectif se sont r\u00e9unis devant l&rsquo;entr\u00e9e du groupe scolaire pour protester contre ce projet de fermeture, mais aussi pour sensibiliser d&rsquo;autres parents-d&rsquo;\u00e9l\u00e8ves \u00e0 se mobiliser. Egalement pr\u00e9sent, le maire Beno\u00eet Pierrat d\u00e9plore fermement l&rsquo;annonce de cette nouvelle fermeture de classe.<\/p>\n<p>\u00ab\u00a0C&rsquo;est inadmissible de voir ce qui se passe\u00a0? Notre ville est relativement touch\u00e9e par la pauvret\u00e9 et le ch\u00f4mage, il y a donc un v\u00e9ritable besoin d&rsquo;avoir une enseignement de bonne qualit\u00e9, et non un enseignement au rabais. Ce qui n\u00e9cessite d&rsquo;avoir des postes d&rsquo;enseignants&#8230; et surtout pas qu&rsquo;on nous en supprime. D&rsquo;autant plus que nous ne sommes pas en dessous des effectifs. Nous serons entre 21,5 et 22 \u00e9l\u00e8ves par classe \u00e0 la rentr\u00e9e de septembre 2023. On est dans les standards, on n&rsquo;est pas \u00e0 10 \u00e9l\u00e8ves par classe. Et puis la Mairie joue le jeu, en votant des budgets pour la r\u00e9novation et la maintenance de nos \u00e9coles, pour le confort de nos \u00e9l\u00e8ves et pour que les conditions d&rsquo;enseignements soient plus que favorables. Raon-l&rsquo;Etape \u00e9tant dans le programme \u00ab\u00a0Petites villes de demain\u00a0\u00bb, on doit nous donner des moyens pour \u00eatre attractifs et dynamiques. S&rsquo;il n&rsquo;y a plus assez de classes, on n&rsquo;a plus de service public et en cons\u00e9quence des gens s&rsquo;en vont. Ce que je ne peux pas l&rsquo;admettre. Ce n&rsquo;est pas du caprice, ce n&rsquo;est pas de la gourmandise, car il y a un r\u00e9el besoin de conserver nos enseignants. On va donc se battre, en d\u00e9montrant nos arguments, avec une vraie volont\u00e9 de donner \u00e0 cette ville la dynamique qu&rsquo;elle esp\u00e8re et qu&rsquo;elle doit avoir.\u00a0\u00bb<\/p>\n<p>J.J.<\/p>\n<p><iframe loading=\"lazy\" src=\"\/\/www.youtube.com\/embed\/Am4fYdRlHWM\" width=\"425\" height=\"350\" allowfullscreen=\"allowfullscreen\"><\/iframe><\/p>\n","protected":false},"excerpt":{"rendered":"<p>Un collectif de parents-d&rsquo;\u00e9l\u00e8ves du groupe scolaire du Tilleul s&rsquo;est constitu\u00e9 \u00e0 Raon-l&rsquo;Etape, suite \u00e0 la r\u00e9cente annonce de la [&hellip;]<\/p>\n","protected":false},"author":44,"featured_media":62177,"comment_status":"open","ping_status":"open","sticky":false,"template":"","format":"standard","meta":{"footnotes":""},"categories":[460,6,2915],"tags":[11812,13763,2654],"class_list":["post-62176","post","type-post","status-publish","format-standard","has-post-thumbnail","hentry","category-a-la-une","category-education","category-saint-die-son-canton","tag-groupe-scolaire-du-tilleul","tag-mobilisation-contre-la-fermeture-dune-classe","tag-raon-letape"],"acf":[],"yoast_head":"<!-- This site is optimized with the Yoast SEO plugin v22.5 - https:\/\/yoast.com\/wordpress\/plugins\/seo\/ -->\n<title>Raon-l&#039;Etape \u2013 Mobilisation contre la fermeture d&#039;une classe du groupe scolaire du Tilleul - Saint Die Info<\/title>\n<meta name=\"robots\" content=\"index, follow, max-snippet:-1, max-image-preview:large, max-video-preview:-1\" \/>\n<link rel=\"canonical\" href=\"https:\/\/vosgesinfo.fr\/saintdieinfo\/2023\/02\/raon-letape-mobilisation-contre-fermeture-dune-classe-groupe-scolaire-tilleul\/\" \/>\n<meta name=\"twitter:card\" content=\"summary_large_image\" \/>\n<meta name=\"twitter:title\" content=\"Raon-l&#039;Etape \u2013 Mobilisation contre la fermeture d&#039;une classe du groupe scolaire du Tilleul - Saint Die Info\" \/>\n<meta name=\"twitter:description\" content=\"Un collectif de parents-d&rsquo;\u00e9l\u00e8ves du groupe scolaire du Tilleul s&rsquo;est constitu\u00e9 \u00e0 Raon-l&rsquo;Etape, suite \u00e0 la r\u00e9cente annonce de la [&hellip;]\" \/>\n<meta name=\"twitter:image\" content=\"https:\/\/vosgesinfo.fr\/app\/uploads\/sites\/4\/2024\/08\/202302raon-letape-protestation-contre-fermeture-classe.jpg\" \/>\n<meta name=\"twitter:creator\" content=\"@VosgesInfo88\" \/>\n<meta name=\"twitter:site\" content=\"@VosgesInfo88\" \/>\n<meta name=\"twitter:label1\" content=\"\u00c9crit par\" \/>\n\t<meta name=\"twitter:data1\" content=\"la r\u00e9daction\" \/>\n\t<meta name=\"twitter:label2\" content=\"Dur\u00e9e de lecture estim\u00e9e\" \/>\n\t<meta name=\"twitter:data2\" content=\"2 minutes\" \/>\n<script type=\"application\/ld+json\" class=\"yoast-schema-graph\">{\"@context\":\"https:\/\/schema.org\",\"@graph\":[{\"@type\":\"Article\",\"@id\":\"https:\/\/vosgesinfo.fr\/saintdieinfo\/2023\/02\/raon-letape-mobilisation-contre-fermeture-dune-classe-groupe-scolaire-tilleul\/#article\",\"isPartOf\":{\"@id\":\"https:\/\/vosgesinfo.fr\/saintdieinfo\/2023\/02\/raon-letape-mobilisation-contre-fermeture-dune-classe-groupe-scolaire-tilleul\/\"},\"author\":{\"name\":\"la r\u00e9daction\",\"@id\":\"https:\/\/vosgesinfo.fr\/saintdieinfo\/#\/schema\/person\/faee6704a21f3977511db84bd1cd450f\"},\"headline\":\"Raon-l&rsquo;Etape \u2013 Mobilisation contre la fermeture d&rsquo;une classe du groupe scolaire du Tilleul\",\"datePublished\":\"2023-02-07T14:15:24+00:00\",\"dateModified\":\"2023-02-07T14:15:24+00:00\",\"mainEntityOfPage\":{\"@id\":\"https:\/\/vosgesinfo.fr\/saintdieinfo\/2023\/02\/raon-letape-mobilisation-contre-fermeture-dune-classe-groupe-scolaire-tilleul\/\"},\"wordCount\":407,\"commentCount\":0,\"publisher\":{\"@id\":\"https:\/\/vosgesinfo.fr\/saintdieinfo\/#organization\"},\"image\":{\"@id\":\"https:\/\/vosgesinfo.fr\/saintdieinfo\/2023\/02\/raon-letape-mobilisation-contre-fermeture-dune-classe-groupe-scolaire-tilleul\/#primaryimage\"},\"thumbnailUrl\":\"https:\/\/vosgesinfo.fr\/app\/uploads\/sites\/4\/2024\/08\/202302raon-letape-protestation-contre-fermeture-classe.jpg\",\"keywords\":[\"Groupe scolaire du Tilleul\",\"Mobilisation contre la fermeture d'une classe\",\"Raon-l\u2019Etape\"],\"articleSection\":[\"A la Une\",\"\u00c9ducation\",\"Saint-Di\u00e9-des-Vosges et son Agglom\u00e9ration\"],\"inLanguage\":\"fr-FR\",\"potentialAction\":[{\"@type\":\"CommentAction\",\"name\":\"Comment\",\"target\":[\"https:\/\/vosgesinfo.fr\/saintdieinfo\/2023\/02\/raon-letape-mobilisation-contre-fermeture-dune-classe-groupe-scolaire-tilleul\/#respond\"]}]},{\"@type\":\"WebPage\",\"@id\":\"https:\/\/vosgesinfo.fr\/saintdieinfo\/2023\/02\/raon-letape-mobilisation-contre-fermeture-dune-classe-groupe-scolaire-tilleul\/\",\"url\":\"https:\/\/vosgesinfo.fr\/saintdieinfo\/2023\/02\/raon-letape-mobilisation-contre-fermeture-dune-classe-groupe-scolaire-tilleul\/\",\"name\":\"Raon-l'Etape \u2013 Mobilisation contre la fermeture d'une classe du groupe scolaire du Tilleul - Saint Die Info\",\"isPartOf\":{\"@id\":\"https:\/\/vosgesinfo.fr\/saintdieinfo\/#website\"},\"primaryImageOfPage\":{\"@id\":\"https:\/\/vosgesinfo.fr\/saintdieinfo\/2023\/02\/raon-letape-mobilisation-contre-fermeture-dune-classe-groupe-scolaire-tilleul\/#primaryimage\"},\"image\":{\"@id\":\"https:\/\/vosgesinfo.fr\/saintdieinfo\/2023\/02\/raon-letape-mobilisation-contre-fermeture-dune-classe-groupe-scolaire-tilleul\/#primaryimage\"},\"thumbnailUrl\":\"https:\/\/vosgesinfo.fr\/app\/uploads\/sites\/4\/2024\/08\/202302raon-letape-protestation-contre-fermeture-classe.jpg\",\"datePublished\":\"2023-02-07T14:15:24+00:00\",\"dateModified\":\"2023-02-07T14:15:24+00:00\",\"breadcrumb\":{\"@id\":\"https:\/\/vosgesinfo.fr\/saintdieinfo\/2023\/02\/raon-letape-mobilisation-contre-fermeture-dune-classe-groupe-scolaire-tilleul\/#breadcrumb\"},\"inLanguage\":\"fr-FR\",\"potentialAction\":[{\"@type\":\"ReadAction\",\"target\":[\"https:\/\/vosgesinfo.fr\/saintdieinfo\/2023\/02\/raon-letape-mobilisation-contre-fermeture-dune-classe-groupe-scolaire-tilleul\/\"]}]},{\"@type\":\"ImageObject\",\"inLanguage\":\"fr-FR\",\"@id\":\"https:\/\/vosgesinfo.fr\/saintdieinfo\/2023\/02\/raon-letape-mobilisation-contre-fermeture-dune-classe-groupe-scolaire-tilleul\/#primaryimage\",\"url\":\"https:\/\/vosgesinfo.fr\/app\/uploads\/sites\/4\/2024\/08\/202302raon-letape-protestation-contre-fermeture-classe.jpg\",\"contentUrl\":\"https:\/\/vosgesinfo.fr\/app\/uploads\/sites\/4\/2024\/08\/202302raon-letape-protestation-contre-fermeture-classe.jpg\",\"width\":2544,\"height\":1440},{\"@type\":\"BreadcrumbList\",\"@id\":\"https:\/\/vosgesinfo.fr\/saintdieinfo\/2023\/02\/raon-letape-mobilisation-contre-fermeture-dune-classe-groupe-scolaire-tilleul\/#breadcrumb\",\"itemListElement\":[{\"@type\":\"ListItem\",\"position\":1,\"name\":\"Home\",\"item\":\"https:\/\/vosgesinfo.fr\/saintdieinfo\/\"},{\"@type\":\"ListItem\",\"position\":2,\"name\":\"Raon-l&rsquo;Etape \u2013 Mobilisation contre la fermeture d&rsquo;une classe du groupe scolaire du Tilleul\"}]},{\"@type\":\"WebSite\",\"@id\":\"https:\/\/vosgesinfo.fr\/saintdieinfo\/#website\",\"url\":\"https:\/\/vosgesinfo.fr\/saintdieinfo\/\",\"name\":\"Saint Die Info\",\"description\":\"Toute l&#039;actualit\u00e9 de Saint-Di\u00e9-Des-Vosges\",\"publisher\":{\"@id\":\"https:\/\/vosgesinfo.fr\/saintdieinfo\/#organization\"},\"alternateName\":\"Toute l'actualit\u00e9 de Saint-Di\u00e9-Des-Vosges\",\"potentialAction\":[{\"@type\":\"SearchAction\",\"target\":{\"@type\":\"EntryPoint\",\"urlTemplate\":\"https:\/\/vosgesinfo.fr\/saintdieinfo\/?s={search_term_string}\"},\"query-input\":\"required name=search_term_string\"}],\"inLanguage\":\"fr-FR\"},{\"@type\":\"Organization\",\"@id\":\"https:\/\/vosgesinfo.fr\/saintdieinfo\/#organization\",\"name\":\"Saint Die Info\",\"url\":\"https:\/\/vosgesinfo.fr\/saintdieinfo\/\",\"logo\":{\"@type\":\"ImageObject\",\"inLanguage\":\"fr-FR\",\"@id\":\"https:\/\/vosgesinfo.fr\/saintdieinfo\/#\/schema\/logo\/image\/\",\"url\":\"https:\/\/vosgesinfo.fr\/app\/uploads\/sites\/4\/2024\/02\/logo-sdi.jpg\",\"contentUrl\":\"https:\/\/vosgesinfo.fr\/app\/uploads\/sites\/4\/2024\/02\/logo-sdi.jpg\",\"width\":600,\"height\":600,\"caption\":\"Saint Die Info\"},\"image\":{\"@id\":\"https:\/\/vosgesinfo.fr\/saintdieinfo\/#\/schema\/logo\/image\/\"},\"sameAs\":[\"https:\/\/www.facebook.com\/Saintdieinfofr\",\"https:\/\/x.com\/VosgesInfo88\",\"https:\/\/www.youtube.com\/@vosgesinfo\"]},{\"@type\":\"Person\",\"@id\":\"https:\/\/vosgesinfo.fr\/saintdieinfo\/#\/schema\/person\/faee6704a21f3977511db84bd1cd450f\",\"name\":\"la r\u00e9daction\",\"image\":{\"@type\":\"ImageObject\",\"inLanguage\":\"fr-FR\",\"@id\":\"https:\/\/vosgesinfo.fr\/saintdieinfo\/#\/schema\/person\/image\/\",\"url\":\"https:\/\/secure.gravatar.com\/avatar\/6673d8bc6a9c17fa9a453eaa3448de834fa308c2ec9635b7aa99441a7c8d2cf6?s=96&d=mm&r=g\",\"contentUrl\":\"https:\/\/secure.gravatar.com\/avatar\/6673d8bc6a9c17fa9a453eaa3448de834fa308c2ec9635b7aa99441a7c8d2cf6?s=96&d=mm&r=g\",\"caption\":\"la r\u00e9daction\"},\"url\":\"https:\/\/vosgesinfo.fr\/saintdieinfo\/author\/redac\/\"}]}<\/script>\n<!-- \/ Yoast SEO plugin. -->","yoast_head_json":{"title":"Raon-l'Etape \u2013 Mobilisation contre la fermeture d'une classe du groupe scolaire du Tilleul - Saint Die Info","robots":{"index":"index","follow":"follow","max-snippet":"max-snippet:-1","max-image-preview":"max-image-preview:large","max-video-preview":"max-video-preview:-1"},"canonical":"https:\/\/vosgesinfo.fr\/saintdieinfo\/2023\/02\/raon-letape-mobilisation-contre-fermeture-dune-classe-groupe-scolaire-tilleul\/","twitter_card":"summary_large_image","twitter_title":"Raon-l'Etape \u2013 Mobilisation contre la fermeture d'une classe du groupe scolaire du Tilleul - Saint Die Info","twitter_description":"Un collectif de parents-d&rsquo;\u00e9l\u00e8ves du groupe scolaire du Tilleul s&rsquo;est constitu\u00e9 \u00e0 Raon-l&rsquo;Etape, suite \u00e0 la r\u00e9cente annonce de la [&hellip;]","twitter_image":"https:\/\/vosgesinfo.fr\/app\/uploads\/sites\/4\/2024\/08\/202302raon-letape-protestation-contre-fermeture-classe.jpg","twitter_creator":"@VosgesInfo88","twitter_site":"@VosgesInfo88","twitter_misc":{"\u00c9crit par":"la r\u00e9daction","Dur\u00e9e de lecture estim\u00e9e":"2 minutes"},"schema":{"@context":"https:\/\/schema.org","@graph":[{"@type":"Article","@id":"https:\/\/vosgesinfo.fr\/saintdieinfo\/2023\/02\/raon-letape-mobilisation-contre-fermeture-dune-classe-groupe-scolaire-tilleul\/#article","isPartOf":{"@id":"https:\/\/vosgesinfo.fr\/saintdieinfo\/2023\/02\/raon-letape-mobilisation-contre-fermeture-dune-classe-groupe-scolaire-tilleul\/"},"author":{"name":"la r\u00e9daction","@id":"https:\/\/vosgesinfo.fr\/saintdieinfo\/#\/schema\/person\/faee6704a21f3977511db84bd1cd450f"},"headline":"Raon-l&rsquo;Etape \u2013 Mobilisation contre la fermeture d&rsquo;une classe du groupe scolaire du Tilleul","datePublished":"2023-02-07T14:15:24+00:00","dateModified":"2023-02-07T14:15:24+00:00","mainEntityOfPage":{"@id":"https:\/\/vosgesinfo.fr\/saintdieinfo\/2023\/02\/raon-letape-mobilisation-contre-fermeture-dune-classe-groupe-scolaire-tilleul\/"},"wordCount":407,"commentCount":0,"publisher":{"@id":"https:\/\/vosgesinfo.fr\/saintdieinfo\/#organization"},"image":{"@id":"https:\/\/vosgesinfo.fr\/saintdieinfo\/2023\/02\/raon-letape-mobilisation-contre-fermeture-dune-classe-groupe-scolaire-tilleul\/#primaryimage"},"thumbnailUrl":"https:\/\/vosgesinfo.fr\/app\/uploads\/sites\/4\/2024\/08\/202302raon-letape-protestation-contre-fermeture-classe.jpg","keywords":["Groupe scolaire du Tilleul","Mobilisation contre la fermeture d'une classe","Raon-l\u2019Etape"],"articleSection":["A la Une","\u00c9ducation","Saint-Di\u00e9-des-Vosges et son Agglom\u00e9ration"],"inLanguage":"fr-FR","potentialAction":[{"@type":"CommentAction","name":"Comment","target":["https:\/\/vosgesinfo.fr\/saintdieinfo\/2023\/02\/raon-letape-mobilisation-contre-fermeture-dune-classe-groupe-scolaire-tilleul\/#respond"]}]},{"@type":"WebPage","@id":"https:\/\/vosgesinfo.fr\/saintdieinfo\/2023\/02\/raon-letape-mobilisation-contre-fermeture-dune-classe-groupe-scolaire-tilleul\/","url":"https:\/\/vosgesinfo.fr\/saintdieinfo\/2023\/02\/raon-letape-mobilisation-contre-fermeture-dune-classe-groupe-scolaire-tilleul\/","name":"Raon-l'Etape \u2013 Mobilisation contre la fermeture d'une classe du groupe scolaire du Tilleul - Saint Die Info","isPartOf":{"@id":"https:\/\/vosgesinfo.fr\/saintdieinfo\/#website"},"primaryImageOfPage":{"@id":"https:\/\/vosgesinfo.fr\/saintdieinfo\/2023\/02\/raon-letape-mobilisation-contre-fermeture-dune-classe-groupe-scolaire-tilleul\/#primaryimage"},"image":{"@id":"https:\/\/vosgesinfo.fr\/saintdieinfo\/2023\/02\/raon-letape-mobilisation-contre-fermeture-dune-classe-groupe-scolaire-tilleul\/#primaryimage"},"thumbnailUrl":"https:\/\/vosgesinfo.fr\/app\/uploads\/sites\/4\/2024\/08\/202302raon-letape-protestation-contre-fermeture-classe.jpg","datePublished":"2023-02-07T14:15:24+00:00","dateModified":"2023-02-07T14:15:24+00:00","breadcrumb":{"@id":"https:\/\/vosgesinfo.fr\/saintdieinfo\/2023\/02\/raon-letape-mobilisation-contre-fermeture-dune-classe-groupe-scolaire-tilleul\/#breadcrumb"},"inLanguage":"fr-FR","potentialAction":[{"@type":"ReadAction","target":["https:\/\/vosgesinfo.fr\/saintdieinfo\/2023\/02\/raon-letape-mobilisation-contre-fermeture-dune-classe-groupe-scolaire-tilleul\/"]}]},{"@type":"ImageObject","inLanguage":"fr-FR","@id":"https:\/\/vosgesinfo.fr\/saintdieinfo\/2023\/02\/raon-letape-mobilisation-contre-fermeture-dune-classe-groupe-scolaire-tilleul\/#primaryimage","url":"https:\/\/vosgesinfo.fr\/app\/uploads\/sites\/4\/2024\/08\/202302raon-letape-protestation-contre-fermeture-classe.jpg","contentUrl":"https:\/\/vosgesinfo.fr\/app\/uploads\/sites\/4\/2024\/08\/202302raon-letape-protestation-contre-fermeture-classe.jpg","width":2544,"height":1440},{"@type":"BreadcrumbList","@id":"https:\/\/vosgesinfo.fr\/saintdieinfo\/2023\/02\/raon-letape-mobilisation-contre-fermeture-dune-classe-groupe-scolaire-tilleul\/#breadcrumb","itemListElement":[{"@type":"ListItem","position":1,"name":"Home","item":"https:\/\/vosgesinfo.fr\/saintdieinfo\/"},{"@type":"ListItem","position":2,"name":"Raon-l&rsquo;Etape \u2013 Mobilisation contre la fermeture d&rsquo;une classe du groupe scolaire du Tilleul"}]},{"@type":"WebSite","@id":"https:\/\/vosgesinfo.fr\/saintdieinfo\/#website","url":"https:\/\/vosgesinfo.fr\/saintdieinfo\/","name":"Saint Die Info","description":"Toute l&#039;actualit\u00e9 de Saint-Di\u00e9-Des-Vosges","publisher":{"@id":"https:\/\/vosgesinfo.fr\/saintdieinfo\/#organization"},"alternateName":"Toute l'actualit\u00e9 de Saint-Di\u00e9-Des-Vosges","potentialAction":[{"@type":"SearchAction","target":{"@type":"EntryPoint","urlTemplate":"https:\/\/vosgesinfo.fr\/saintdieinfo\/?s={search_term_string}"},"query-input":"required name=search_term_string"}],"inLanguage":"fr-FR"},{"@type":"Organization","@id":"https:\/\/vosgesinfo.fr\/saintdieinfo\/#organization","name":"Saint Die Info","url":"https:\/\/vosgesinfo.fr\/saintdieinfo\/","logo":{"@type":"ImageObject","inLanguage":"fr-FR","@id":"https:\/\/vosgesinfo.fr\/saintdieinfo\/#\/schema\/logo\/image\/","url":"https:\/\/vosgesinfo.fr\/app\/uploads\/sites\/4\/2024\/02\/logo-sdi.jpg","contentUrl":"https:\/\/vosgesinfo.fr\/app\/uploads\/sites\/4\/2024\/02\/logo-sdi.jpg","width":600,"height":600,"caption":"Saint Die Info"},"image":{"@id":"https:\/\/vosgesinfo.fr\/saintdieinfo\/#\/schema\/logo\/image\/"},"sameAs":["https:\/\/www.facebook.com\/Saintdieinfofr","https:\/\/x.com\/VosgesInfo88","https:\/\/www.youtube.com\/@vosgesinfo"]},{"@type":"Person","@id":"https:\/\/vosgesinfo.fr\/saintdieinfo\/#\/schema\/person\/faee6704a21f3977511db84bd1cd450f","name":"la r\u00e9daction","image":{"@type":"ImageObject","inLanguage":"fr-FR","@id":"https:\/\/vosgesinfo.fr\/saintdieinfo\/#\/schema\/person\/image\/","url":"https:\/\/secure.gravatar.com\/avatar\/6673d8bc6a9c17fa9a453eaa3448de834fa308c2ec9635b7aa99441a7c8d2cf6?s=96&d=mm&r=g","contentUrl":"https:\/\/secure.gravatar.com\/avatar\/6673d8bc6a9c17fa9a453eaa3448de834fa308c2ec9635b7aa99441a7c8d2cf6?s=96&d=mm&r=g","caption":"la r\u00e9daction"},"url":"https:\/\/vosgesinfo.fr\/saintdieinfo\/author\/redac\/"}]}},"_links":{"self":[{"href":"https:\/\/vosgesinfo.fr\/saintdieinfo\/wp-json\/wp\/v2\/posts\/62176","targetHints":{"allow":["GET"]}}],"collection":[{"href":"https:\/\/vosgesinfo.fr\/saintdieinfo\/wp-json\/wp\/v2\/posts"}],"about":[{"href":"https:\/\/vosgesinfo.fr\/saintdieinfo\/wp-json\/wp\/v2\/types\/post"}],"author":[{"embeddable":true,"href":"https:\/\/vosgesinfo.fr\/saintdieinfo\/wp-json\/wp\/v2\/users\/44"}],"replies":[{"embeddable":true,"href":"https:\/\/vosgesinfo.fr\/saintdieinfo\/wp-json\/wp\/v2\/comments?post=62176"}],"version-history":[{"count":0,"href":"https:\/\/vosgesinfo.fr\/saintdieinfo\/wp-json\/wp\/v2\/posts\/62176\/revisions"}],"wp:featuredmedia":[{"embeddable":true,"href":"https:\/\/vosgesinfo.fr\/saintdieinfo\/wp-json\/wp\/v2\/media\/62177"}],"wp:attachment":[{"href":"https:\/\/vosgesinfo.fr\/saintdieinfo\/wp-json\/wp\/v2\/media?parent=62176"}],"wp:term":[{"taxonomy":"category","embeddable":true,"href":"https:\/\/vosgesinfo.fr\/saintdieinfo\/wp-json\/wp\/v2\/categories?post=62176"},{"taxonomy":"post_tag","embeddable":true,"href":"https:\/\/vosgesinfo.fr\/saintdieinfo\/wp-json\/wp\/v2\/tags?post=62176"}],"curies":[{"name":"wp","href":"https:\/\/api.w.org\/{rel}","templated":true}]}}