{"id":62223,"date":"2023-02-07T17:07:41","date_gmt":"2023-02-07T16:07:41","guid":{"rendered":"https:\/\/vosgesinfo.fr\/saintdieinfo\/2023\/02\/demarche-toit-vosgien-suscite-linteret-luxembourg\/"},"modified":"2023-02-07T17:07:41","modified_gmt":"2023-02-07T16:07:41","slug":"demarche-toit-vosgien-suscite-linteret-luxembourg","status":"publish","type":"post","link":"https:\/\/vosgesinfo.fr\/saintdieinfo\/2023\/02\/demarche-toit-vosgien-suscite-linteret-luxembourg\/","title":{"rendered":"La d\u00e9marche du Toit Vosgien suscite l&rsquo;int\u00e9r\u00eat au Luxembourg"},"content":{"rendered":"<p><a href=\"\/2023\/02\/D\u00e9l\u00e9gation_Luxembourg_R\u00e9sidences_Jules-Ferry-1.jpg\" target=\"_blank\" rel=\"noopener\"><img decoding=\"async\" class=\"aligncenter wp-image-196784 size-large\" src=\"\/2023\/02\/D\u00e9l\u00e9gation_Luxembourg_R\u00e9sidences_Jules-Ferry-1-1024x771.jpg\" alt=\"D\u00e9l\u00e9gation_Luxembourg_R\u00e9sidences_Jules-Ferry (1)\" width=\"960\" height=\"723\" \/><\/a><\/p>\n<h2><strong><span style=\"font-size: 14pt;\">Une d\u00e9l\u00e9gation originaire du Luxembourg s&rsquo;est rendue en D\u00e9odatie ce mardi 7 f\u00e9vrier, compos\u00e9e de membres de cabinets ministeriels, de dirigeants de bailleurs sociaux. Le but de cette visite en terres d\u00e9odatiennes\u00a0? D\u00e9couvrir le savoir-faire en mati\u00e8re de construction bois et biosourc\u00e9e du Toit Vosgien. Une d\u00e9marche initi\u00e9e il y a 20 ans qui, compte tenu du contexte actuel, suscite beaucoup d&rsquo;int\u00e9r\u00eat.<\/span><\/strong><\/h2>\n<p><!--more--><\/p>\n<p>Accueillie sur place par Patrick Schmitt, directeur du Toit Vosgien, la d\u00e9l\u00e9gation luxembourgeoise a dans un premier temps d\u00e9couvert le projet des r\u00e9sidences Jules-Ferry de Saint-Di\u00e9-des-Vosges. L&rsquo;architecte Antoine Pagnoux, du cabinet ASP Architecture, et l&rsquo;ing\u00e9nieur m\u00e9canique et thermique Vincent Pierr\u00e9, g\u00e9rant de Terranergie, ont pr\u00e9sent\u00e9 les caract\u00e9ristiques et particularit\u00e9s des 2 r\u00e9sidences d\u00e9odatiennes tout en r\u00e9pondant aux questions des visiteurs.<\/p>\n<p>Inaugur\u00e9s le 10 janvier 2014, les 2 b\u00e2timents des r\u00e9sidences Jules-Ferry sont de conception avec une structure en bois massif d&rsquo;\u00e9pic\u00e9a et une isolation en paille. Ces mat\u00e9riaux biosourc\u00e9s permettent d&rsquo;obtenir un bilan carbone de la construction positif, de l&rsquo;ordre de 1100 tonnes de CO\u00b2, mais aussi d&rsquo;apporter une excellente isolation thermique aux locataires des 26 logements, essentiellement des T3. Comme l&rsquo;ont rappel\u00e9 Antoine Pagnoux et Vincent Pierr\u00e9 cet apr\u00e8s-midi, les charges mensuelles sont d&rsquo;environ 15\u20ac par foyer, sachant qu&rsquo;il fait plus de +20\u00b0C en hiver&#8230; sans chauffage. Les appartements n&rsquo;\u00e9tant pas \u00e9quip\u00e9s de radiateurs ni de planchers chauffants, mais d&rsquo;une double VMC collective.<\/p>\n<p>Tout dans la construction des 2 b\u00e2timents a \u00e9t\u00e9 optimis\u00e9 pour obtenir une construction performante au niveau \u00e9nerg\u00e9tique, sans pour autant n\u00e9gliger le confort des locataires. Recyclage des caloies de l&rsquo;ensemble des logements, \u00e0 hauteur de 80%, eau chaude solaire, g\u00e9othermie, affichage instantan\u00e9 de la consommation \u00e9nerg\u00e9tique, etc. \u00ab\u00a0L&rsquo;id\u00e9e \u00e9tait d&rsquo;associer confort et \u00e9cologique, avec le confort en premier lieu. Une construction performante doit d\u00e9j\u00e0 d&rsquo;\u00eatre pour les occupants\u00a0\u00bb insiste Antoine Pagnoux.<\/p>\n<p>Apr\u00e8s ce tour d&rsquo;horizon des r\u00e9sidences Jules-Ferry, la d\u00e9l\u00e9gation luxembourgeoise a d\u00e9couvert 2 autres projets du Toit Vosgien en D\u00e9odatie en mati\u00e8re de construction, mais aussi de r\u00e9novation, au moyen de mat\u00e9riaux biosourc\u00e9s\u00a0: l&rsquo;habitat collectif de 4 logements \u00e0 Plainfaing, un projet qui a re\u00e7u le Troph\u00e9e Batiactu 2020, ainsi que la r\u00e9novation d&rsquo;un b\u00e2timent \u00e0 Saint-L\u00e9onard.<\/p>\n<p>J.J.<\/p>\n\n","protected":false},"excerpt":{"rendered":"<p>Une d\u00e9l\u00e9gation originaire du Luxembourg s&rsquo;est rendue en D\u00e9odatie ce mardi 7 f\u00e9vrier, compos\u00e9e de membres de cabinets ministeriels, de [&hellip;]<\/p>\n","protected":false},"author":44,"featured_media":62224,"comment_status":"open","ping_status":"open","sticky":false,"template":"","format":"standard","meta":{"footnotes":""},"categories":[460,2915],"tags":[11275,6954,10127,2481,13765,3228],"class_list":["post-62223","post","type-post","status-publish","format-standard","has-post-thumbnail","hentry","category-a-la-une","category-saint-die-son-canton","tag-le-toit-vosgien","tag-luxembourg","tag-materiaux-biosources","tag-plainfaing","tag-residences-jules-ferry","tag-saint-leonard"],"acf":[],"yoast_head":"<!-- This site is optimized with the Yoast SEO plugin v22.5 - https:\/\/yoast.com\/wordpress\/plugins\/seo\/ -->\n<title>La d\u00e9marche du Toit Vosgien suscite l&#039;int\u00e9r\u00eat au Luxembourg - Saint Die Info<\/title>\n<meta name=\"robots\" content=\"index, follow, max-snippet:-1, max-image-preview:large, max-video-preview:-1\" \/>\n<link rel=\"canonical\" href=\"https:\/\/vosgesinfo.fr\/saintdieinfo\/2023\/02\/demarche-toit-vosgien-suscite-linteret-luxembourg\/\" \/>\n<meta name=\"twitter:card\" content=\"summary_large_image\" \/>\n<meta name=\"twitter:title\" content=\"La d\u00e9marche du Toit Vosgien suscite l&#039;int\u00e9r\u00eat au Luxembourg - Saint Die Info\" \/>\n<meta name=\"twitter:description\" content=\"Une d\u00e9l\u00e9gation originaire du Luxembourg s&rsquo;est rendue en D\u00e9odatie ce mardi 7 f\u00e9vrier, compos\u00e9e de membres de cabinets ministeriels, de [&hellip;]\" \/>\n<meta name=\"twitter:image\" content=\"https:\/\/vosgesinfo.fr\/app\/uploads\/sites\/4\/2024\/08\/202302delegation-luxembourg-residences-jules-ferry-1.jpg\" \/>\n<meta name=\"twitter:creator\" content=\"@VosgesInfo88\" \/>\n<meta name=\"twitter:site\" content=\"@VosgesInfo88\" \/>\n<meta name=\"twitter:label1\" content=\"\u00c9crit par\" \/>\n\t<meta name=\"twitter:data1\" content=\"la r\u00e9daction\" \/>\n\t<meta name=\"twitter:label2\" content=\"Dur\u00e9e de lecture estim\u00e9e\" \/>\n\t<meta name=\"twitter:data2\" content=\"2 minutes\" \/>\n<script type=\"application\/ld+json\" class=\"yoast-schema-graph\">{\"@context\":\"https:\/\/schema.org\",\"@graph\":[{\"@type\":\"Article\",\"@id\":\"https:\/\/vosgesinfo.fr\/saintdieinfo\/2023\/02\/demarche-toit-vosgien-suscite-linteret-luxembourg\/#article\",\"isPartOf\":{\"@id\":\"https:\/\/vosgesinfo.fr\/saintdieinfo\/2023\/02\/demarche-toit-vosgien-suscite-linteret-luxembourg\/\"},\"author\":{\"name\":\"la r\u00e9daction\",\"@id\":\"https:\/\/vosgesinfo.fr\/saintdieinfo\/#\/schema\/person\/faee6704a21f3977511db84bd1cd450f\"},\"headline\":\"La d\u00e9marche du Toit Vosgien suscite l&rsquo;int\u00e9r\u00eat au Luxembourg\",\"datePublished\":\"2023-02-07T16:07:41+00:00\",\"dateModified\":\"2023-02-07T16:07:41+00:00\",\"mainEntityOfPage\":{\"@id\":\"https:\/\/vosgesinfo.fr\/saintdieinfo\/2023\/02\/demarche-toit-vosgien-suscite-linteret-luxembourg\/\"},\"wordCount\":436,\"commentCount\":0,\"publisher\":{\"@id\":\"https:\/\/vosgesinfo.fr\/saintdieinfo\/#organization\"},\"image\":{\"@id\":\"https:\/\/vosgesinfo.fr\/saintdieinfo\/2023\/02\/demarche-toit-vosgien-suscite-linteret-luxembourg\/#primaryimage\"},\"thumbnailUrl\":\"https:\/\/vosgesinfo.fr\/app\/uploads\/sites\/4\/2024\/08\/202302delegation-luxembourg-residences-jules-ferry-1.jpg\",\"keywords\":[\"Le Toit Vosgien\",\"Luxembourg\",\"Mat\u00e9riaux biosourc\u00e9s\",\"Plainfaing\",\"R\u00e9sidences Jules-Ferry\",\"Saint-L\u00e9onard\"],\"articleSection\":[\"A la Une\",\"Saint-Di\u00e9-des-Vosges et son Agglom\u00e9ration\"],\"inLanguage\":\"fr-FR\",\"potentialAction\":[{\"@type\":\"CommentAction\",\"name\":\"Comment\",\"target\":[\"https:\/\/vosgesinfo.fr\/saintdieinfo\/2023\/02\/demarche-toit-vosgien-suscite-linteret-luxembourg\/#respond\"]}]},{\"@type\":\"WebPage\",\"@id\":\"https:\/\/vosgesinfo.fr\/saintdieinfo\/2023\/02\/demarche-toit-vosgien-suscite-linteret-luxembourg\/\",\"url\":\"https:\/\/vosgesinfo.fr\/saintdieinfo\/2023\/02\/demarche-toit-vosgien-suscite-linteret-luxembourg\/\",\"name\":\"La d\u00e9marche du Toit Vosgien suscite l'int\u00e9r\u00eat au Luxembourg - Saint Die Info\",\"isPartOf\":{\"@id\":\"https:\/\/vosgesinfo.fr\/saintdieinfo\/#website\"},\"primaryImageOfPage\":{\"@id\":\"https:\/\/vosgesinfo.fr\/saintdieinfo\/2023\/02\/demarche-toit-vosgien-suscite-linteret-luxembourg\/#primaryimage\"},\"image\":{\"@id\":\"https:\/\/vosgesinfo.fr\/saintdieinfo\/2023\/02\/demarche-toit-vosgien-suscite-linteret-luxembourg\/#primaryimage\"},\"thumbnailUrl\":\"https:\/\/vosgesinfo.fr\/app\/uploads\/sites\/4\/2024\/08\/202302delegation-luxembourg-residences-jules-ferry-1.jpg\",\"datePublished\":\"2023-02-07T16:07:41+00:00\",\"dateModified\":\"2023-02-07T16:07:41+00:00\",\"breadcrumb\":{\"@id\":\"https:\/\/vosgesinfo.fr\/saintdieinfo\/2023\/02\/demarche-toit-vosgien-suscite-linteret-luxembourg\/#breadcrumb\"},\"inLanguage\":\"fr-FR\",\"potentialAction\":[{\"@type\":\"ReadAction\",\"target\":[\"https:\/\/vosgesinfo.fr\/saintdieinfo\/2023\/02\/demarche-toit-vosgien-suscite-linteret-luxembourg\/\"]}]},{\"@type\":\"ImageObject\",\"inLanguage\":\"fr-FR\",\"@id\":\"https:\/\/vosgesinfo.fr\/saintdieinfo\/2023\/02\/demarche-toit-vosgien-suscite-linteret-luxembourg\/#primaryimage\",\"url\":\"https:\/\/vosgesinfo.fr\/app\/uploads\/sites\/4\/2024\/08\/202302delegation-luxembourg-residences-jules-ferry-1.jpg\",\"contentUrl\":\"https:\/\/vosgesinfo.fr\/app\/uploads\/sites\/4\/2024\/08\/202302delegation-luxembourg-residences-jules-ferry-1.jpg\",\"width\":1600,\"height\":1205},{\"@type\":\"BreadcrumbList\",\"@id\":\"https:\/\/vosgesinfo.fr\/saintdieinfo\/2023\/02\/demarche-toit-vosgien-suscite-linteret-luxembourg\/#breadcrumb\",\"itemListElement\":[{\"@type\":\"ListItem\",\"position\":1,\"name\":\"Home\",\"item\":\"https:\/\/vosgesinfo.fr\/saintdieinfo\/\"},{\"@type\":\"ListItem\",\"position\":2,\"name\":\"La d\u00e9marche du Toit Vosgien suscite l&rsquo;int\u00e9r\u00eat au Luxembourg\"}]},{\"@type\":\"WebSite\",\"@id\":\"https:\/\/vosgesinfo.fr\/saintdieinfo\/#website\",\"url\":\"https:\/\/vosgesinfo.fr\/saintdieinfo\/\",\"name\":\"Saint Die Info\",\"description\":\"Toute l&#039;actualit\u00e9 de Saint-Di\u00e9-Des-Vosges\",\"publisher\":{\"@id\":\"https:\/\/vosgesinfo.fr\/saintdieinfo\/#organization\"},\"alternateName\":\"Toute l'actualit\u00e9 de Saint-Di\u00e9-Des-Vosges\",\"potentialAction\":[{\"@type\":\"SearchAction\",\"target\":{\"@type\":\"EntryPoint\",\"urlTemplate\":\"https:\/\/vosgesinfo.fr\/saintdieinfo\/?s={search_term_string}\"},\"query-input\":\"required name=search_term_string\"}],\"inLanguage\":\"fr-FR\"},{\"@type\":\"Organization\",\"@id\":\"https:\/\/vosgesinfo.fr\/saintdieinfo\/#organization\",\"name\":\"Saint Die Info\",\"url\":\"https:\/\/vosgesinfo.fr\/saintdieinfo\/\",\"logo\":{\"@type\":\"ImageObject\",\"inLanguage\":\"fr-FR\",\"@id\":\"https:\/\/vosgesinfo.fr\/saintdieinfo\/#\/schema\/logo\/image\/\",\"url\":\"https:\/\/vosgesinfo.fr\/app\/uploads\/sites\/4\/2024\/02\/logo-sdi.jpg\",\"contentUrl\":\"https:\/\/vosgesinfo.fr\/app\/uploads\/sites\/4\/2024\/02\/logo-sdi.jpg\",\"width\":600,\"height\":600,\"caption\":\"Saint Die Info\"},\"image\":{\"@id\":\"https:\/\/vosgesinfo.fr\/saintdieinfo\/#\/schema\/logo\/image\/\"},\"sameAs\":[\"https:\/\/www.facebook.com\/Saintdieinfofr\",\"https:\/\/x.com\/VosgesInfo88\",\"https:\/\/www.youtube.com\/@vosgesinfo\"]},{\"@type\":\"Person\",\"@id\":\"https:\/\/vosgesinfo.fr\/saintdieinfo\/#\/schema\/person\/faee6704a21f3977511db84bd1cd450f\",\"name\":\"la r\u00e9daction\",\"image\":{\"@type\":\"ImageObject\",\"inLanguage\":\"fr-FR\",\"@id\":\"https:\/\/vosgesinfo.fr\/saintdieinfo\/#\/schema\/person\/image\/\",\"url\":\"https:\/\/secure.gravatar.com\/avatar\/6673d8bc6a9c17fa9a453eaa3448de834fa308c2ec9635b7aa99441a7c8d2cf6?s=96&d=mm&r=g\",\"contentUrl\":\"https:\/\/secure.gravatar.com\/avatar\/6673d8bc6a9c17fa9a453eaa3448de834fa308c2ec9635b7aa99441a7c8d2cf6?s=96&d=mm&r=g\",\"caption\":\"la r\u00e9daction\"},\"url\":\"https:\/\/vosgesinfo.fr\/saintdieinfo\/author\/redac\/\"}]}<\/script>\n<!-- \/ Yoast SEO plugin. -->","yoast_head_json":{"title":"La d\u00e9marche du Toit Vosgien suscite l'int\u00e9r\u00eat au Luxembourg - Saint Die Info","robots":{"index":"index","follow":"follow","max-snippet":"max-snippet:-1","max-image-preview":"max-image-preview:large","max-video-preview":"max-video-preview:-1"},"canonical":"https:\/\/vosgesinfo.fr\/saintdieinfo\/2023\/02\/demarche-toit-vosgien-suscite-linteret-luxembourg\/","twitter_card":"summary_large_image","twitter_title":"La d\u00e9marche du Toit Vosgien suscite l'int\u00e9r\u00eat au Luxembourg - Saint Die Info","twitter_description":"Une d\u00e9l\u00e9gation originaire du Luxembourg s&rsquo;est rendue en D\u00e9odatie ce mardi 7 f\u00e9vrier, compos\u00e9e de membres de cabinets ministeriels, de [&hellip;]","twitter_image":"https:\/\/vosgesinfo.fr\/app\/uploads\/sites\/4\/2024\/08\/202302delegation-luxembourg-residences-jules-ferry-1.jpg","twitter_creator":"@VosgesInfo88","twitter_site":"@VosgesInfo88","twitter_misc":{"\u00c9crit par":"la r\u00e9daction","Dur\u00e9e de lecture estim\u00e9e":"2 minutes"},"schema":{"@context":"https:\/\/schema.org","@graph":[{"@type":"Article","@id":"https:\/\/vosgesinfo.fr\/saintdieinfo\/2023\/02\/demarche-toit-vosgien-suscite-linteret-luxembourg\/#article","isPartOf":{"@id":"https:\/\/vosgesinfo.fr\/saintdieinfo\/2023\/02\/demarche-toit-vosgien-suscite-linteret-luxembourg\/"},"author":{"name":"la r\u00e9daction","@id":"https:\/\/vosgesinfo.fr\/saintdieinfo\/#\/schema\/person\/faee6704a21f3977511db84bd1cd450f"},"headline":"La d\u00e9marche du Toit Vosgien suscite l&rsquo;int\u00e9r\u00eat au Luxembourg","datePublished":"2023-02-07T16:07:41+00:00","dateModified":"2023-02-07T16:07:41+00:00","mainEntityOfPage":{"@id":"https:\/\/vosgesinfo.fr\/saintdieinfo\/2023\/02\/demarche-toit-vosgien-suscite-linteret-luxembourg\/"},"wordCount":436,"commentCount":0,"publisher":{"@id":"https:\/\/vosgesinfo.fr\/saintdieinfo\/#organization"},"image":{"@id":"https:\/\/vosgesinfo.fr\/saintdieinfo\/2023\/02\/demarche-toit-vosgien-suscite-linteret-luxembourg\/#primaryimage"},"thumbnailUrl":"https:\/\/vosgesinfo.fr\/app\/uploads\/sites\/4\/2024\/08\/202302delegation-luxembourg-residences-jules-ferry-1.jpg","keywords":["Le Toit Vosgien","Luxembourg","Mat\u00e9riaux biosourc\u00e9s","Plainfaing","R\u00e9sidences Jules-Ferry","Saint-L\u00e9onard"],"articleSection":["A la Une","Saint-Di\u00e9-des-Vosges et son Agglom\u00e9ration"],"inLanguage":"fr-FR","potentialAction":[{"@type":"CommentAction","name":"Comment","target":["https:\/\/vosgesinfo.fr\/saintdieinfo\/2023\/02\/demarche-toit-vosgien-suscite-linteret-luxembourg\/#respond"]}]},{"@type":"WebPage","@id":"https:\/\/vosgesinfo.fr\/saintdieinfo\/2023\/02\/demarche-toit-vosgien-suscite-linteret-luxembourg\/","url":"https:\/\/vosgesinfo.fr\/saintdieinfo\/2023\/02\/demarche-toit-vosgien-suscite-linteret-luxembourg\/","name":"La d\u00e9marche du Toit Vosgien suscite l'int\u00e9r\u00eat au Luxembourg - Saint Die Info","isPartOf":{"@id":"https:\/\/vosgesinfo.fr\/saintdieinfo\/#website"},"primaryImageOfPage":{"@id":"https:\/\/vosgesinfo.fr\/saintdieinfo\/2023\/02\/demarche-toit-vosgien-suscite-linteret-luxembourg\/#primaryimage"},"image":{"@id":"https:\/\/vosgesinfo.fr\/saintdieinfo\/2023\/02\/demarche-toit-vosgien-suscite-linteret-luxembourg\/#primaryimage"},"thumbnailUrl":"https:\/\/vosgesinfo.fr\/app\/uploads\/sites\/4\/2024\/08\/202302delegation-luxembourg-residences-jules-ferry-1.jpg","datePublished":"2023-02-07T16:07:41+00:00","dateModified":"2023-02-07T16:07:41+00:00","breadcrumb":{"@id":"https:\/\/vosgesinfo.fr\/saintdieinfo\/2023\/02\/demarche-toit-vosgien-suscite-linteret-luxembourg\/#breadcrumb"},"inLanguage":"fr-FR","potentialAction":[{"@type":"ReadAction","target":["https:\/\/vosgesinfo.fr\/saintdieinfo\/2023\/02\/demarche-toit-vosgien-suscite-linteret-luxembourg\/"]}]},{"@type":"ImageObject","inLanguage":"fr-FR","@id":"https:\/\/vosgesinfo.fr\/saintdieinfo\/2023\/02\/demarche-toit-vosgien-suscite-linteret-luxembourg\/#primaryimage","url":"https:\/\/vosgesinfo.fr\/app\/uploads\/sites\/4\/2024\/08\/202302delegation-luxembourg-residences-jules-ferry-1.jpg","contentUrl":"https:\/\/vosgesinfo.fr\/app\/uploads\/sites\/4\/2024\/08\/202302delegation-luxembourg-residences-jules-ferry-1.jpg","width":1600,"height":1205},{"@type":"BreadcrumbList","@id":"https:\/\/vosgesinfo.fr\/saintdieinfo\/2023\/02\/demarche-toit-vosgien-suscite-linteret-luxembourg\/#breadcrumb","itemListElement":[{"@type":"ListItem","position":1,"name":"Home","item":"https:\/\/vosgesinfo.fr\/saintdieinfo\/"},{"@type":"ListItem","position":2,"name":"La d\u00e9marche du Toit Vosgien suscite l&rsquo;int\u00e9r\u00eat au Luxembourg"}]},{"@type":"WebSite","@id":"https:\/\/vosgesinfo.fr\/saintdieinfo\/#website","url":"https:\/\/vosgesinfo.fr\/saintdieinfo\/","name":"Saint Die Info","description":"Toute l&#039;actualit\u00e9 de Saint-Di\u00e9-Des-Vosges","publisher":{"@id":"https:\/\/vosgesinfo.fr\/saintdieinfo\/#organization"},"alternateName":"Toute l'actualit\u00e9 de Saint-Di\u00e9-Des-Vosges","potentialAction":[{"@type":"SearchAction","target":{"@type":"EntryPoint","urlTemplate":"https:\/\/vosgesinfo.fr\/saintdieinfo\/?s={search_term_string}"},"query-input":"required name=search_term_string"}],"inLanguage":"fr-FR"},{"@type":"Organization","@id":"https:\/\/vosgesinfo.fr\/saintdieinfo\/#organization","name":"Saint Die Info","url":"https:\/\/vosgesinfo.fr\/saintdieinfo\/","logo":{"@type":"ImageObject","inLanguage":"fr-FR","@id":"https:\/\/vosgesinfo.fr\/saintdieinfo\/#\/schema\/logo\/image\/","url":"https:\/\/vosgesinfo.fr\/app\/uploads\/sites\/4\/2024\/02\/logo-sdi.jpg","contentUrl":"https:\/\/vosgesinfo.fr\/app\/uploads\/sites\/4\/2024\/02\/logo-sdi.jpg","width":600,"height":600,"caption":"Saint Die Info"},"image":{"@id":"https:\/\/vosgesinfo.fr\/saintdieinfo\/#\/schema\/logo\/image\/"},"sameAs":["https:\/\/www.facebook.com\/Saintdieinfofr","https:\/\/x.com\/VosgesInfo88","https:\/\/www.youtube.com\/@vosgesinfo"]},{"@type":"Person","@id":"https:\/\/vosgesinfo.fr\/saintdieinfo\/#\/schema\/person\/faee6704a21f3977511db84bd1cd450f","name":"la r\u00e9daction","image":{"@type":"ImageObject","inLanguage":"fr-FR","@id":"https:\/\/vosgesinfo.fr\/saintdieinfo\/#\/schema\/person\/image\/","url":"https:\/\/secure.gravatar.com\/avatar\/6673d8bc6a9c17fa9a453eaa3448de834fa308c2ec9635b7aa99441a7c8d2cf6?s=96&d=mm&r=g","contentUrl":"https:\/\/secure.gravatar.com\/avatar\/6673d8bc6a9c17fa9a453eaa3448de834fa308c2ec9635b7aa99441a7c8d2cf6?s=96&d=mm&r=g","caption":"la r\u00e9daction"},"url":"https:\/\/vosgesinfo.fr\/saintdieinfo\/author\/redac\/"}]}},"_links":{"self":[{"href":"https:\/\/vosgesinfo.fr\/saintdieinfo\/wp-json\/wp\/v2\/posts\/62223","targetHints":{"allow":["GET"]}}],"collection":[{"href":"https:\/\/vosgesinfo.fr\/saintdieinfo\/wp-json\/wp\/v2\/posts"}],"about":[{"href":"https:\/\/vosgesinfo.fr\/saintdieinfo\/wp-json\/wp\/v2\/types\/post"}],"author":[{"embeddable":true,"href":"https:\/\/vosgesinfo.fr\/saintdieinfo\/wp-json\/wp\/v2\/users\/44"}],"replies":[{"embeddable":true,"href":"https:\/\/vosgesinfo.fr\/saintdieinfo\/wp-json\/wp\/v2\/comments?post=62223"}],"version-history":[{"count":0,"href":"https:\/\/vosgesinfo.fr\/saintdieinfo\/wp-json\/wp\/v2\/posts\/62223\/revisions"}],"wp:featuredmedia":[{"embeddable":true,"href":"https:\/\/vosgesinfo.fr\/saintdieinfo\/wp-json\/wp\/v2\/media\/62224"}],"wp:attachment":[{"href":"https:\/\/vosgesinfo.fr\/saintdieinfo\/wp-json\/wp\/v2\/media?parent=62223"}],"wp:term":[{"taxonomy":"category","embeddable":true,"href":"https:\/\/vosgesinfo.fr\/saintdieinfo\/wp-json\/wp\/v2\/categories?post=62223"},{"taxonomy":"post_tag","embeddable":true,"href":"https:\/\/vosgesinfo.fr\/saintdieinfo\/wp-json\/wp\/v2\/tags?post=62223"}],"curies":[{"name":"wp","href":"https:\/\/api.w.org\/{rel}","templated":true}]}}