{"id":62231,"date":"2023-02-07T21:13:49","date_gmt":"2023-02-07T20:13:49","guid":{"rendered":"https:\/\/vosgesinfo.fr\/saintdieinfo\/2023\/02\/de-theorie-a-pratique-eleves-aides-soignants-de-saint-die-vosges\/"},"modified":"2023-02-07T21:13:49","modified_gmt":"2023-02-07T20:13:49","slug":"de-theorie-a-pratique-eleves-aides-soignants-de-saint-die-vosges","status":"publish","type":"post","link":"https:\/\/vosgesinfo.fr\/saintdieinfo\/2023\/02\/de-theorie-a-pratique-eleves-aides-soignants-de-saint-die-vosges\/","title":{"rendered":"De la th\u00e9orie \u00e0 la pratique pour les \u00e9l\u00e8ves aides-soignants de Saint-Di\u00e9-des-Vosges"},"content":{"rendered":"<div id=\"attachment_196794\" style=\"width: 970px\" class=\"wp-caption aligncenter\"><a href=\"\/2023\/02\/Echange_R\u00e9sidence_\u00c2ge_dOr_IFAS-1.jpg\" target=\"_blank\" rel=\"noopener\"><img decoding=\"async\" aria-describedby=\"caption-attachment-196794\" class=\"wp-image-196794 size-large\" src=\"\/2023\/02\/Echange_R\u00e9sidence_\u00c2ge_dOr_IFAS-1-1024x768.jpg\" alt=\"Echange_R\u00e9sidence_\u00c2ge_d'Or_IFAS (1)\" width=\"960\" height=\"720\" \/><\/a><p id=\"caption-attachment-196794\" class=\"wp-caption-text\">(Photographies r\u00e9sidence de l&rsquo;\u00c2ge d&rsquo;Or)<\/p><\/div>\n<h2><strong><span style=\"font-size: 14pt;\">Vendredi dernier, la r\u00e9sidence de l&rsquo;\u00c2ge d&rsquo;Or a accueilli les \u00e9l\u00e8ves aides-soignants de l&rsquo;Institut de Formation d&rsquo;Aide-Soignants \u2013 IFAS \u2013 de Saint-Di\u00e9-des-Vosges, dans le cadre de leur formation.<\/span><\/strong><\/h2>\n<p><!--more--><\/p>\n<p>Dans un premier temps, des professionnels de l&rsquo;EHPAD d\u00e9odatien se sont rendus au centre de formation afin d&rsquo;y dispenser un cours sur \u00ab\u00a0l\u2019aide-soignant et l\u2019animation en EHPAD\u00a0\u00bb. L&rsquo;objectif \u00e9tant de faire comprendre l&rsquo;importance de l&rsquo;aide-soignant dans la vie quotidienne des r\u00e9sidents et dans leur vie sociale. Dans un second temps, les \u00e9l\u00e8ves sont venus mettre en pratique cet apprentissage au sein de la r\u00e9sidence, en proposant des activit\u00e9s adapt\u00e9es aux centres d&rsquo;int\u00e9r\u00eats des r\u00e9sidents. Un apr\u00e8s-midi marqu\u00e9 par le sceau de la bienveillance et du professionnalisme qui augure de futurs aides-soignants conscients des enjeux du vieillissement. La r\u00e9sidence de l\u2019Age d\u2019Or portant une attention toute particuli\u00e8re \u00e0 l\u2019accompagnement des futurs professionnels, s&rsquo;attachant \u00e0 former ses soignants \u00e0 l\u2019accompagnement des stagiaires.<\/p>\n<p>J.J.<\/p>\n\n","protected":false},"excerpt":{"rendered":"<p>Vendredi dernier, la r\u00e9sidence de l&rsquo;\u00c2ge d&rsquo;Or a accueilli les \u00e9l\u00e8ves aides-soignants de l&rsquo;Institut de Formation d&rsquo;Aide-Soignants \u2013 IFAS \u2013 [&hellip;]<\/p>\n","protected":false},"author":44,"featured_media":62232,"comment_status":"open","ping_status":"open","sticky":false,"template":"","format":"standard","meta":{"footnotes":""},"categories":[460,6,2915,4152,13],"tags":[2356,10230,3147,4033],"class_list":["post-62231","post","type-post","status-publish","format-standard","has-post-thumbnail","hentry","category-a-la-une","category-education","category-saint-die-son-canton","category-sante","category-societe","tag-aides-soignants","tag-ehpad","tag-ifas-de-saint-die-des-vosges","tag-residence-de-lage-dor"],"acf":[],"yoast_head":"<!-- This site is optimized with the Yoast SEO plugin v22.5 - https:\/\/yoast.com\/wordpress\/plugins\/seo\/ -->\n<title>De la th\u00e9orie \u00e0 la pratique pour les \u00e9l\u00e8ves aides-soignants de Saint-Di\u00e9-des-Vosges - Saint Die Info<\/title>\n<meta name=\"robots\" content=\"index, follow, max-snippet:-1, max-image-preview:large, max-video-preview:-1\" \/>\n<link rel=\"canonical\" href=\"https:\/\/vosgesinfo.fr\/saintdieinfo\/2023\/02\/de-theorie-a-pratique-eleves-aides-soignants-de-saint-die-vosges\/\" \/>\n<meta name=\"twitter:card\" content=\"summary_large_image\" \/>\n<meta name=\"twitter:title\" content=\"De la th\u00e9orie \u00e0 la pratique pour les \u00e9l\u00e8ves aides-soignants de Saint-Di\u00e9-des-Vosges - Saint Die Info\" \/>\n<meta name=\"twitter:description\" content=\"Vendredi dernier, la r\u00e9sidence de l&rsquo;\u00c2ge d&rsquo;Or a accueilli les \u00e9l\u00e8ves aides-soignants de l&rsquo;Institut de Formation d&rsquo;Aide-Soignants \u2013 IFAS \u2013 [&hellip;]\" \/>\n<meta name=\"twitter:image\" content=\"https:\/\/vosgesinfo.fr\/app\/uploads\/sites\/4\/2024\/08\/202302echange-residence-age-dor-ifas-1.jpg\" \/>\n<meta name=\"twitter:creator\" content=\"@VosgesInfo88\" \/>\n<meta name=\"twitter:site\" content=\"@VosgesInfo88\" \/>\n<meta name=\"twitter:label1\" content=\"\u00c9crit par\" \/>\n\t<meta name=\"twitter:data1\" content=\"la r\u00e9daction\" \/>\n\t<meta name=\"twitter:label2\" content=\"Dur\u00e9e de lecture estim\u00e9e\" \/>\n\t<meta name=\"twitter:data2\" content=\"1 minute\" \/>\n<script type=\"application\/ld+json\" class=\"yoast-schema-graph\">{\"@context\":\"https:\/\/schema.org\",\"@graph\":[{\"@type\":\"Article\",\"@id\":\"https:\/\/vosgesinfo.fr\/saintdieinfo\/2023\/02\/de-theorie-a-pratique-eleves-aides-soignants-de-saint-die-vosges\/#article\",\"isPartOf\":{\"@id\":\"https:\/\/vosgesinfo.fr\/saintdieinfo\/2023\/02\/de-theorie-a-pratique-eleves-aides-soignants-de-saint-die-vosges\/\"},\"author\":{\"name\":\"la r\u00e9daction\",\"@id\":\"https:\/\/vosgesinfo.fr\/saintdieinfo\/#\/schema\/person\/faee6704a21f3977511db84bd1cd450f\"},\"headline\":\"De la th\u00e9orie \u00e0 la pratique pour les \u00e9l\u00e8ves aides-soignants de Saint-Di\u00e9-des-Vosges\",\"datePublished\":\"2023-02-07T20:13:49+00:00\",\"dateModified\":\"2023-02-07T20:13:49+00:00\",\"mainEntityOfPage\":{\"@id\":\"https:\/\/vosgesinfo.fr\/saintdieinfo\/2023\/02\/de-theorie-a-pratique-eleves-aides-soignants-de-saint-die-vosges\/\"},\"wordCount\":212,\"commentCount\":0,\"publisher\":{\"@id\":\"https:\/\/vosgesinfo.fr\/saintdieinfo\/#organization\"},\"image\":{\"@id\":\"https:\/\/vosgesinfo.fr\/saintdieinfo\/2023\/02\/de-theorie-a-pratique-eleves-aides-soignants-de-saint-die-vosges\/#primaryimage\"},\"thumbnailUrl\":\"https:\/\/vosgesinfo.fr\/app\/uploads\/sites\/4\/2024\/08\/202302echange-residence-age-dor-ifas-1.jpg\",\"keywords\":[\"aides soignants\",\"EHPAD\",\"IFAS de Saint-Di\u00e9-des-Vosges\",\"R\u00e9sidence de l'\u00c2ge d'Or\"],\"articleSection\":[\"A la Une\",\"\u00c9ducation\",\"Saint-Di\u00e9-des-Vosges et son Agglom\u00e9ration\",\"Sant\u00e9\",\"Soci\u00e9t\u00e9\"],\"inLanguage\":\"fr-FR\",\"potentialAction\":[{\"@type\":\"CommentAction\",\"name\":\"Comment\",\"target\":[\"https:\/\/vosgesinfo.fr\/saintdieinfo\/2023\/02\/de-theorie-a-pratique-eleves-aides-soignants-de-saint-die-vosges\/#respond\"]}]},{\"@type\":\"WebPage\",\"@id\":\"https:\/\/vosgesinfo.fr\/saintdieinfo\/2023\/02\/de-theorie-a-pratique-eleves-aides-soignants-de-saint-die-vosges\/\",\"url\":\"https:\/\/vosgesinfo.fr\/saintdieinfo\/2023\/02\/de-theorie-a-pratique-eleves-aides-soignants-de-saint-die-vosges\/\",\"name\":\"De la th\u00e9orie \u00e0 la pratique pour les \u00e9l\u00e8ves aides-soignants de Saint-Di\u00e9-des-Vosges - Saint Die Info\",\"isPartOf\":{\"@id\":\"https:\/\/vosgesinfo.fr\/saintdieinfo\/#website\"},\"primaryImageOfPage\":{\"@id\":\"https:\/\/vosgesinfo.fr\/saintdieinfo\/2023\/02\/de-theorie-a-pratique-eleves-aides-soignants-de-saint-die-vosges\/#primaryimage\"},\"image\":{\"@id\":\"https:\/\/vosgesinfo.fr\/saintdieinfo\/2023\/02\/de-theorie-a-pratique-eleves-aides-soignants-de-saint-die-vosges\/#primaryimage\"},\"thumbnailUrl\":\"https:\/\/vosgesinfo.fr\/app\/uploads\/sites\/4\/2024\/08\/202302echange-residence-age-dor-ifas-1.jpg\",\"datePublished\":\"2023-02-07T20:13:49+00:00\",\"dateModified\":\"2023-02-07T20:13:49+00:00\",\"breadcrumb\":{\"@id\":\"https:\/\/vosgesinfo.fr\/saintdieinfo\/2023\/02\/de-theorie-a-pratique-eleves-aides-soignants-de-saint-die-vosges\/#breadcrumb\"},\"inLanguage\":\"fr-FR\",\"potentialAction\":[{\"@type\":\"ReadAction\",\"target\":[\"https:\/\/vosgesinfo.fr\/saintdieinfo\/2023\/02\/de-theorie-a-pratique-eleves-aides-soignants-de-saint-die-vosges\/\"]}]},{\"@type\":\"ImageObject\",\"inLanguage\":\"fr-FR\",\"@id\":\"https:\/\/vosgesinfo.fr\/saintdieinfo\/2023\/02\/de-theorie-a-pratique-eleves-aides-soignants-de-saint-die-vosges\/#primaryimage\",\"url\":\"https:\/\/vosgesinfo.fr\/app\/uploads\/sites\/4\/2024\/08\/202302echange-residence-age-dor-ifas-1.jpg\",\"contentUrl\":\"https:\/\/vosgesinfo.fr\/app\/uploads\/sites\/4\/2024\/08\/202302echange-residence-age-dor-ifas-1.jpg\",\"width\":2048,\"height\":1536},{\"@type\":\"BreadcrumbList\",\"@id\":\"https:\/\/vosgesinfo.fr\/saintdieinfo\/2023\/02\/de-theorie-a-pratique-eleves-aides-soignants-de-saint-die-vosges\/#breadcrumb\",\"itemListElement\":[{\"@type\":\"ListItem\",\"position\":1,\"name\":\"Home\",\"item\":\"https:\/\/vosgesinfo.fr\/saintdieinfo\/\"},{\"@type\":\"ListItem\",\"position\":2,\"name\":\"De la th\u00e9orie \u00e0 la pratique pour les \u00e9l\u00e8ves aides-soignants de Saint-Di\u00e9-des-Vosges\"}]},{\"@type\":\"WebSite\",\"@id\":\"https:\/\/vosgesinfo.fr\/saintdieinfo\/#website\",\"url\":\"https:\/\/vosgesinfo.fr\/saintdieinfo\/\",\"name\":\"Saint Die Info\",\"description\":\"Toute l&#039;actualit\u00e9 de Saint-Di\u00e9-Des-Vosges\",\"publisher\":{\"@id\":\"https:\/\/vosgesinfo.fr\/saintdieinfo\/#organization\"},\"alternateName\":\"Toute l'actualit\u00e9 de Saint-Di\u00e9-Des-Vosges\",\"potentialAction\":[{\"@type\":\"SearchAction\",\"target\":{\"@type\":\"EntryPoint\",\"urlTemplate\":\"https:\/\/vosgesinfo.fr\/saintdieinfo\/?s={search_term_string}\"},\"query-input\":\"required name=search_term_string\"}],\"inLanguage\":\"fr-FR\"},{\"@type\":\"Organization\",\"@id\":\"https:\/\/vosgesinfo.fr\/saintdieinfo\/#organization\",\"name\":\"Saint Die Info\",\"url\":\"https:\/\/vosgesinfo.fr\/saintdieinfo\/\",\"logo\":{\"@type\":\"ImageObject\",\"inLanguage\":\"fr-FR\",\"@id\":\"https:\/\/vosgesinfo.fr\/saintdieinfo\/#\/schema\/logo\/image\/\",\"url\":\"https:\/\/vosgesinfo.fr\/app\/uploads\/sites\/4\/2024\/02\/logo-sdi.jpg\",\"contentUrl\":\"https:\/\/vosgesinfo.fr\/app\/uploads\/sites\/4\/2024\/02\/logo-sdi.jpg\",\"width\":600,\"height\":600,\"caption\":\"Saint Die Info\"},\"image\":{\"@id\":\"https:\/\/vosgesinfo.fr\/saintdieinfo\/#\/schema\/logo\/image\/\"},\"sameAs\":[\"https:\/\/www.facebook.com\/Saintdieinfofr\",\"https:\/\/x.com\/VosgesInfo88\",\"https:\/\/www.youtube.com\/@vosgesinfo\"]},{\"@type\":\"Person\",\"@id\":\"https:\/\/vosgesinfo.fr\/saintdieinfo\/#\/schema\/person\/faee6704a21f3977511db84bd1cd450f\",\"name\":\"la r\u00e9daction\",\"image\":{\"@type\":\"ImageObject\",\"inLanguage\":\"fr-FR\",\"@id\":\"https:\/\/vosgesinfo.fr\/saintdieinfo\/#\/schema\/person\/image\/\",\"url\":\"https:\/\/secure.gravatar.com\/avatar\/6673d8bc6a9c17fa9a453eaa3448de834fa308c2ec9635b7aa99441a7c8d2cf6?s=96&d=mm&r=g\",\"contentUrl\":\"https:\/\/secure.gravatar.com\/avatar\/6673d8bc6a9c17fa9a453eaa3448de834fa308c2ec9635b7aa99441a7c8d2cf6?s=96&d=mm&r=g\",\"caption\":\"la r\u00e9daction\"},\"url\":\"https:\/\/vosgesinfo.fr\/saintdieinfo\/author\/redac\/\"}]}<\/script>\n<!-- \/ Yoast SEO plugin. -->","yoast_head_json":{"title":"De la th\u00e9orie \u00e0 la pratique pour les \u00e9l\u00e8ves aides-soignants de Saint-Di\u00e9-des-Vosges - Saint Die Info","robots":{"index":"index","follow":"follow","max-snippet":"max-snippet:-1","max-image-preview":"max-image-preview:large","max-video-preview":"max-video-preview:-1"},"canonical":"https:\/\/vosgesinfo.fr\/saintdieinfo\/2023\/02\/de-theorie-a-pratique-eleves-aides-soignants-de-saint-die-vosges\/","twitter_card":"summary_large_image","twitter_title":"De la th\u00e9orie \u00e0 la pratique pour les \u00e9l\u00e8ves aides-soignants de Saint-Di\u00e9-des-Vosges - Saint Die Info","twitter_description":"Vendredi dernier, la r\u00e9sidence de l&rsquo;\u00c2ge d&rsquo;Or a accueilli les \u00e9l\u00e8ves aides-soignants de l&rsquo;Institut de Formation d&rsquo;Aide-Soignants \u2013 IFAS \u2013 [&hellip;]","twitter_image":"https:\/\/vosgesinfo.fr\/app\/uploads\/sites\/4\/2024\/08\/202302echange-residence-age-dor-ifas-1.jpg","twitter_creator":"@VosgesInfo88","twitter_site":"@VosgesInfo88","twitter_misc":{"\u00c9crit par":"la r\u00e9daction","Dur\u00e9e de lecture estim\u00e9e":"1 minute"},"schema":{"@context":"https:\/\/schema.org","@graph":[{"@type":"Article","@id":"https:\/\/vosgesinfo.fr\/saintdieinfo\/2023\/02\/de-theorie-a-pratique-eleves-aides-soignants-de-saint-die-vosges\/#article","isPartOf":{"@id":"https:\/\/vosgesinfo.fr\/saintdieinfo\/2023\/02\/de-theorie-a-pratique-eleves-aides-soignants-de-saint-die-vosges\/"},"author":{"name":"la r\u00e9daction","@id":"https:\/\/vosgesinfo.fr\/saintdieinfo\/#\/schema\/person\/faee6704a21f3977511db84bd1cd450f"},"headline":"De la th\u00e9orie \u00e0 la pratique pour les \u00e9l\u00e8ves aides-soignants de Saint-Di\u00e9-des-Vosges","datePublished":"2023-02-07T20:13:49+00:00","dateModified":"2023-02-07T20:13:49+00:00","mainEntityOfPage":{"@id":"https:\/\/vosgesinfo.fr\/saintdieinfo\/2023\/02\/de-theorie-a-pratique-eleves-aides-soignants-de-saint-die-vosges\/"},"wordCount":212,"commentCount":0,"publisher":{"@id":"https:\/\/vosgesinfo.fr\/saintdieinfo\/#organization"},"image":{"@id":"https:\/\/vosgesinfo.fr\/saintdieinfo\/2023\/02\/de-theorie-a-pratique-eleves-aides-soignants-de-saint-die-vosges\/#primaryimage"},"thumbnailUrl":"https:\/\/vosgesinfo.fr\/app\/uploads\/sites\/4\/2024\/08\/202302echange-residence-age-dor-ifas-1.jpg","keywords":["aides soignants","EHPAD","IFAS de Saint-Di\u00e9-des-Vosges","R\u00e9sidence de l'\u00c2ge d'Or"],"articleSection":["A la Une","\u00c9ducation","Saint-Di\u00e9-des-Vosges et son Agglom\u00e9ration","Sant\u00e9","Soci\u00e9t\u00e9"],"inLanguage":"fr-FR","potentialAction":[{"@type":"CommentAction","name":"Comment","target":["https:\/\/vosgesinfo.fr\/saintdieinfo\/2023\/02\/de-theorie-a-pratique-eleves-aides-soignants-de-saint-die-vosges\/#respond"]}]},{"@type":"WebPage","@id":"https:\/\/vosgesinfo.fr\/saintdieinfo\/2023\/02\/de-theorie-a-pratique-eleves-aides-soignants-de-saint-die-vosges\/","url":"https:\/\/vosgesinfo.fr\/saintdieinfo\/2023\/02\/de-theorie-a-pratique-eleves-aides-soignants-de-saint-die-vosges\/","name":"De la th\u00e9orie \u00e0 la pratique pour les \u00e9l\u00e8ves aides-soignants de Saint-Di\u00e9-des-Vosges - Saint Die Info","isPartOf":{"@id":"https:\/\/vosgesinfo.fr\/saintdieinfo\/#website"},"primaryImageOfPage":{"@id":"https:\/\/vosgesinfo.fr\/saintdieinfo\/2023\/02\/de-theorie-a-pratique-eleves-aides-soignants-de-saint-die-vosges\/#primaryimage"},"image":{"@id":"https:\/\/vosgesinfo.fr\/saintdieinfo\/2023\/02\/de-theorie-a-pratique-eleves-aides-soignants-de-saint-die-vosges\/#primaryimage"},"thumbnailUrl":"https:\/\/vosgesinfo.fr\/app\/uploads\/sites\/4\/2024\/08\/202302echange-residence-age-dor-ifas-1.jpg","datePublished":"2023-02-07T20:13:49+00:00","dateModified":"2023-02-07T20:13:49+00:00","breadcrumb":{"@id":"https:\/\/vosgesinfo.fr\/saintdieinfo\/2023\/02\/de-theorie-a-pratique-eleves-aides-soignants-de-saint-die-vosges\/#breadcrumb"},"inLanguage":"fr-FR","potentialAction":[{"@type":"ReadAction","target":["https:\/\/vosgesinfo.fr\/saintdieinfo\/2023\/02\/de-theorie-a-pratique-eleves-aides-soignants-de-saint-die-vosges\/"]}]},{"@type":"ImageObject","inLanguage":"fr-FR","@id":"https:\/\/vosgesinfo.fr\/saintdieinfo\/2023\/02\/de-theorie-a-pratique-eleves-aides-soignants-de-saint-die-vosges\/#primaryimage","url":"https:\/\/vosgesinfo.fr\/app\/uploads\/sites\/4\/2024\/08\/202302echange-residence-age-dor-ifas-1.jpg","contentUrl":"https:\/\/vosgesinfo.fr\/app\/uploads\/sites\/4\/2024\/08\/202302echange-residence-age-dor-ifas-1.jpg","width":2048,"height":1536},{"@type":"BreadcrumbList","@id":"https:\/\/vosgesinfo.fr\/saintdieinfo\/2023\/02\/de-theorie-a-pratique-eleves-aides-soignants-de-saint-die-vosges\/#breadcrumb","itemListElement":[{"@type":"ListItem","position":1,"name":"Home","item":"https:\/\/vosgesinfo.fr\/saintdieinfo\/"},{"@type":"ListItem","position":2,"name":"De la th\u00e9orie \u00e0 la pratique pour les \u00e9l\u00e8ves aides-soignants de Saint-Di\u00e9-des-Vosges"}]},{"@type":"WebSite","@id":"https:\/\/vosgesinfo.fr\/saintdieinfo\/#website","url":"https:\/\/vosgesinfo.fr\/saintdieinfo\/","name":"Saint Die Info","description":"Toute l&#039;actualit\u00e9 de Saint-Di\u00e9-Des-Vosges","publisher":{"@id":"https:\/\/vosgesinfo.fr\/saintdieinfo\/#organization"},"alternateName":"Toute l'actualit\u00e9 de Saint-Di\u00e9-Des-Vosges","potentialAction":[{"@type":"SearchAction","target":{"@type":"EntryPoint","urlTemplate":"https:\/\/vosgesinfo.fr\/saintdieinfo\/?s={search_term_string}"},"query-input":"required name=search_term_string"}],"inLanguage":"fr-FR"},{"@type":"Organization","@id":"https:\/\/vosgesinfo.fr\/saintdieinfo\/#organization","name":"Saint Die Info","url":"https:\/\/vosgesinfo.fr\/saintdieinfo\/","logo":{"@type":"ImageObject","inLanguage":"fr-FR","@id":"https:\/\/vosgesinfo.fr\/saintdieinfo\/#\/schema\/logo\/image\/","url":"https:\/\/vosgesinfo.fr\/app\/uploads\/sites\/4\/2024\/02\/logo-sdi.jpg","contentUrl":"https:\/\/vosgesinfo.fr\/app\/uploads\/sites\/4\/2024\/02\/logo-sdi.jpg","width":600,"height":600,"caption":"Saint Die Info"},"image":{"@id":"https:\/\/vosgesinfo.fr\/saintdieinfo\/#\/schema\/logo\/image\/"},"sameAs":["https:\/\/www.facebook.com\/Saintdieinfofr","https:\/\/x.com\/VosgesInfo88","https:\/\/www.youtube.com\/@vosgesinfo"]},{"@type":"Person","@id":"https:\/\/vosgesinfo.fr\/saintdieinfo\/#\/schema\/person\/faee6704a21f3977511db84bd1cd450f","name":"la r\u00e9daction","image":{"@type":"ImageObject","inLanguage":"fr-FR","@id":"https:\/\/vosgesinfo.fr\/saintdieinfo\/#\/schema\/person\/image\/","url":"https:\/\/secure.gravatar.com\/avatar\/6673d8bc6a9c17fa9a453eaa3448de834fa308c2ec9635b7aa99441a7c8d2cf6?s=96&d=mm&r=g","contentUrl":"https:\/\/secure.gravatar.com\/avatar\/6673d8bc6a9c17fa9a453eaa3448de834fa308c2ec9635b7aa99441a7c8d2cf6?s=96&d=mm&r=g","caption":"la r\u00e9daction"},"url":"https:\/\/vosgesinfo.fr\/saintdieinfo\/author\/redac\/"}]}},"_links":{"self":[{"href":"https:\/\/vosgesinfo.fr\/saintdieinfo\/wp-json\/wp\/v2\/posts\/62231","targetHints":{"allow":["GET"]}}],"collection":[{"href":"https:\/\/vosgesinfo.fr\/saintdieinfo\/wp-json\/wp\/v2\/posts"}],"about":[{"href":"https:\/\/vosgesinfo.fr\/saintdieinfo\/wp-json\/wp\/v2\/types\/post"}],"author":[{"embeddable":true,"href":"https:\/\/vosgesinfo.fr\/saintdieinfo\/wp-json\/wp\/v2\/users\/44"}],"replies":[{"embeddable":true,"href":"https:\/\/vosgesinfo.fr\/saintdieinfo\/wp-json\/wp\/v2\/comments?post=62231"}],"version-history":[{"count":0,"href":"https:\/\/vosgesinfo.fr\/saintdieinfo\/wp-json\/wp\/v2\/posts\/62231\/revisions"}],"wp:featuredmedia":[{"embeddable":true,"href":"https:\/\/vosgesinfo.fr\/saintdieinfo\/wp-json\/wp\/v2\/media\/62232"}],"wp:attachment":[{"href":"https:\/\/vosgesinfo.fr\/saintdieinfo\/wp-json\/wp\/v2\/media?parent=62231"}],"wp:term":[{"taxonomy":"category","embeddable":true,"href":"https:\/\/vosgesinfo.fr\/saintdieinfo\/wp-json\/wp\/v2\/categories?post=62231"},{"taxonomy":"post_tag","embeddable":true,"href":"https:\/\/vosgesinfo.fr\/saintdieinfo\/wp-json\/wp\/v2\/tags?post=62231"}],"curies":[{"name":"wp","href":"https:\/\/api.w.org\/{rel}","templated":true}]}}