{"id":62250,"date":"2023-02-08T12:29:58","date_gmt":"2023-02-08T11:29:58","guid":{"rendered":"https:\/\/vosgesinfo.fr\/saintdieinfo\/2023\/02\/manifestation-contre-reforme-retraites-a-saint-die-vosges-samedi\/"},"modified":"2023-02-08T12:29:58","modified_gmt":"2023-02-08T11:29:58","slug":"manifestation-contre-reforme-retraites-a-saint-die-vosges-samedi","status":"publish","type":"post","link":"https:\/\/vosgesinfo.fr\/saintdieinfo\/2023\/02\/manifestation-contre-reforme-retraites-a-saint-die-vosges-samedi\/","title":{"rendered":"Manifestation contre la r\u00e9forme des retraites \u00e0 Saint-Di\u00e9-des-Vosges ce samedi"},"content":{"rendered":"<div id=\"attachment_196743\" style=\"width: 970px\" class=\"wp-caption aligncenter\"><a href=\"\/2023\/02\/Deuxi\u00e8me_Manifestation_SDDV_R\u00e9forme_Retraites-14.jpg\" target=\"_blank\" rel=\"noopener\"><img decoding=\"async\" aria-describedby=\"caption-attachment-196743\" class=\"wp-image-196743 size-large\" src=\"\/2023\/02\/Deuxi\u00e8me_Manifestation_SDDV_R\u00e9forme_Retraites-14-1024x771.jpg\" alt=\"Deuxi\u00e8me_Manifestation_SDDV_R\u00e9forme_Retraites (14)\" width=\"960\" height=\"723\" \/><\/a><p id=\"caption-attachment-196743\" class=\"wp-caption-text\">(Archive)<\/p><\/div>\n<h2><strong><span style=\"font-size: 14pt;\">Apr\u00e8s une deuxi\u00e8me manifestation \u00e0 Saint-Di\u00e9-des-Vosges contre la r\u00e9forme des retraites hier mardi 7 f\u00e9vrier (<a href=\"https:\/\/saintdieinfo.fr\/2023\/02\/deuxieme-manifestation-contre-reforme-retraites-a-saint-die-vosges\/\" target=\"_blank\" rel=\"noopener\">lire notre article<\/a>), les unions locales CGT, UNSA, Solidaires ainsi que, d\u00e9sormais, CFDT et FSU de lancent un appel \u00e0 la mobilisation. Cette troisi\u00e8me manifestation d\u00e9odatienne se d\u00e9roulera ce samedi 11 f\u00e9vrier, avec un rassemblement \u00e0 partir de 9h30 sur le parking de la Cit\u00e9 Scolaire Jules-Ferry. L\u2019apr\u00e8s-midi, une manifestation d\u00e9partementale aura lieu \u00e0 Epinal, sur la place Foch, \u00e0 partir de 14h.<\/span><\/strong><\/h2>\n<p>J.J.<\/p>\n","protected":false},"excerpt":{"rendered":"<p>Apr\u00e8s une deuxi\u00e8me manifestation \u00e0 Saint-Di\u00e9-des-Vosges contre la r\u00e9forme des retraites hier mardi 7 f\u00e9vrier (lire notre article), les unions [&hellip;]<\/p>\n","protected":false},"author":44,"featured_media":62251,"comment_status":"open","ping_status":"open","sticky":false,"template":"","format":"standard","meta":{"footnotes":""},"categories":[460,10,2915,13],"tags":[579,136,10074,7538,13714,7486,7273],"class_list":["post-62250","post","type-post","status-publish","format-standard","has-post-thumbnail","hentry","category-a-la-une","category-politique","category-saint-die-son-canton","category-societe","tag-cfdt","tag-cgt","tag-fsu","tag-manifestation-contre-la-reforme-des-retraites","tag-manifestation-contre-la-reforme-des-retraites-a-saint-die-des-vosges","tag-solidaires","tag-unsa"],"acf":[],"yoast_head":"<!-- This site is optimized with the Yoast SEO plugin v22.5 - https:\/\/yoast.com\/wordpress\/plugins\/seo\/ -->\n<title>Manifestation contre la r\u00e9forme des retraites \u00e0 Saint-Di\u00e9-des-Vosges ce samedi - Saint Die Info<\/title>\n<meta name=\"robots\" content=\"index, follow, max-snippet:-1, max-image-preview:large, max-video-preview:-1\" \/>\n<link rel=\"canonical\" href=\"https:\/\/vosgesinfo.fr\/saintdieinfo\/2023\/02\/manifestation-contre-reforme-retraites-a-saint-die-vosges-samedi\/\" \/>\n<meta name=\"twitter:card\" content=\"summary_large_image\" \/>\n<meta name=\"twitter:title\" content=\"Manifestation contre la r\u00e9forme des retraites \u00e0 Saint-Di\u00e9-des-Vosges ce samedi - Saint Die Info\" \/>\n<meta name=\"twitter:description\" content=\"Apr\u00e8s une deuxi\u00e8me manifestation \u00e0 Saint-Di\u00e9-des-Vosges contre la r\u00e9forme des retraites hier mardi 7 f\u00e9vrier (lire notre article), les unions [&hellip;]\" \/>\n<meta name=\"twitter:image\" content=\"https:\/\/vosgesinfo.fr\/app\/uploads\/sites\/4\/2024\/08\/202302deuxieme-manifestation-sddv-reforme-retraites-14-2.jpg\" \/>\n<meta name=\"twitter:creator\" content=\"@VosgesInfo88\" \/>\n<meta name=\"twitter:site\" content=\"@VosgesInfo88\" \/>\n<meta name=\"twitter:label1\" content=\"\u00c9crit par\" \/>\n\t<meta name=\"twitter:data1\" content=\"la r\u00e9daction\" \/>\n<script type=\"application\/ld+json\" class=\"yoast-schema-graph\">{\"@context\":\"https:\/\/schema.org\",\"@graph\":[{\"@type\":\"Article\",\"@id\":\"https:\/\/vosgesinfo.fr\/saintdieinfo\/2023\/02\/manifestation-contre-reforme-retraites-a-saint-die-vosges-samedi\/#article\",\"isPartOf\":{\"@id\":\"https:\/\/vosgesinfo.fr\/saintdieinfo\/2023\/02\/manifestation-contre-reforme-retraites-a-saint-die-vosges-samedi\/\"},\"author\":{\"name\":\"la r\u00e9daction\",\"@id\":\"https:\/\/vosgesinfo.fr\/saintdieinfo\/#\/schema\/person\/faee6704a21f3977511db84bd1cd450f\"},\"headline\":\"Manifestation contre la r\u00e9forme des retraites \u00e0 Saint-Di\u00e9-des-Vosges ce samedi\",\"datePublished\":\"2023-02-08T11:29:58+00:00\",\"dateModified\":\"2023-02-08T11:29:58+00:00\",\"mainEntityOfPage\":{\"@id\":\"https:\/\/vosgesinfo.fr\/saintdieinfo\/2023\/02\/manifestation-contre-reforme-retraites-a-saint-die-vosges-samedi\/\"},\"wordCount\":105,\"commentCount\":0,\"publisher\":{\"@id\":\"https:\/\/vosgesinfo.fr\/saintdieinfo\/#organization\"},\"image\":{\"@id\":\"https:\/\/vosgesinfo.fr\/saintdieinfo\/2023\/02\/manifestation-contre-reforme-retraites-a-saint-die-vosges-samedi\/#primaryimage\"},\"thumbnailUrl\":\"https:\/\/vosgesinfo.fr\/app\/uploads\/sites\/4\/2024\/08\/202302deuxieme-manifestation-sddv-reforme-retraites-14-2.jpg\",\"keywords\":[\"CFDT\",\"CGT\",\"FSU\",\"Manifestation contre la r\u00e9forme des retraites\",\"Manifestation contre la r\u00e9forme des retraites \u00e0 Saint-Di\u00e9-des-Vosges\",\"Solidaires\",\"UNSA\"],\"articleSection\":[\"A la Une\",\"Politique\",\"Saint-Di\u00e9-des-Vosges et son Agglom\u00e9ration\",\"Soci\u00e9t\u00e9\"],\"inLanguage\":\"fr-FR\",\"potentialAction\":[{\"@type\":\"CommentAction\",\"name\":\"Comment\",\"target\":[\"https:\/\/vosgesinfo.fr\/saintdieinfo\/2023\/02\/manifestation-contre-reforme-retraites-a-saint-die-vosges-samedi\/#respond\"]}]},{\"@type\":\"WebPage\",\"@id\":\"https:\/\/vosgesinfo.fr\/saintdieinfo\/2023\/02\/manifestation-contre-reforme-retraites-a-saint-die-vosges-samedi\/\",\"url\":\"https:\/\/vosgesinfo.fr\/saintdieinfo\/2023\/02\/manifestation-contre-reforme-retraites-a-saint-die-vosges-samedi\/\",\"name\":\"Manifestation contre la r\u00e9forme des retraites \u00e0 Saint-Di\u00e9-des-Vosges ce samedi - Saint Die Info\",\"isPartOf\":{\"@id\":\"https:\/\/vosgesinfo.fr\/saintdieinfo\/#website\"},\"primaryImageOfPage\":{\"@id\":\"https:\/\/vosgesinfo.fr\/saintdieinfo\/2023\/02\/manifestation-contre-reforme-retraites-a-saint-die-vosges-samedi\/#primaryimage\"},\"image\":{\"@id\":\"https:\/\/vosgesinfo.fr\/saintdieinfo\/2023\/02\/manifestation-contre-reforme-retraites-a-saint-die-vosges-samedi\/#primaryimage\"},\"thumbnailUrl\":\"https:\/\/vosgesinfo.fr\/app\/uploads\/sites\/4\/2024\/08\/202302deuxieme-manifestation-sddv-reforme-retraites-14-2.jpg\",\"datePublished\":\"2023-02-08T11:29:58+00:00\",\"dateModified\":\"2023-02-08T11:29:58+00:00\",\"breadcrumb\":{\"@id\":\"https:\/\/vosgesinfo.fr\/saintdieinfo\/2023\/02\/manifestation-contre-reforme-retraites-a-saint-die-vosges-samedi\/#breadcrumb\"},\"inLanguage\":\"fr-FR\",\"potentialAction\":[{\"@type\":\"ReadAction\",\"target\":[\"https:\/\/vosgesinfo.fr\/saintdieinfo\/2023\/02\/manifestation-contre-reforme-retraites-a-saint-die-vosges-samedi\/\"]}]},{\"@type\":\"ImageObject\",\"inLanguage\":\"fr-FR\",\"@id\":\"https:\/\/vosgesinfo.fr\/saintdieinfo\/2023\/02\/manifestation-contre-reforme-retraites-a-saint-die-vosges-samedi\/#primaryimage\",\"url\":\"https:\/\/vosgesinfo.fr\/app\/uploads\/sites\/4\/2024\/08\/202302deuxieme-manifestation-sddv-reforme-retraites-14-2.jpg\",\"contentUrl\":\"https:\/\/vosgesinfo.fr\/app\/uploads\/sites\/4\/2024\/08\/202302deuxieme-manifestation-sddv-reforme-retraites-14-2.jpg\",\"width\":1600,\"height\":1205},{\"@type\":\"BreadcrumbList\",\"@id\":\"https:\/\/vosgesinfo.fr\/saintdieinfo\/2023\/02\/manifestation-contre-reforme-retraites-a-saint-die-vosges-samedi\/#breadcrumb\",\"itemListElement\":[{\"@type\":\"ListItem\",\"position\":1,\"name\":\"Home\",\"item\":\"https:\/\/vosgesinfo.fr\/saintdieinfo\/\"},{\"@type\":\"ListItem\",\"position\":2,\"name\":\"Manifestation contre la r\u00e9forme des retraites \u00e0 Saint-Di\u00e9-des-Vosges ce samedi\"}]},{\"@type\":\"WebSite\",\"@id\":\"https:\/\/vosgesinfo.fr\/saintdieinfo\/#website\",\"url\":\"https:\/\/vosgesinfo.fr\/saintdieinfo\/\",\"name\":\"Saint Die Info\",\"description\":\"Toute l&#039;actualit\u00e9 de Saint-Di\u00e9-Des-Vosges\",\"publisher\":{\"@id\":\"https:\/\/vosgesinfo.fr\/saintdieinfo\/#organization\"},\"alternateName\":\"Toute l'actualit\u00e9 de Saint-Di\u00e9-Des-Vosges\",\"potentialAction\":[{\"@type\":\"SearchAction\",\"target\":{\"@type\":\"EntryPoint\",\"urlTemplate\":\"https:\/\/vosgesinfo.fr\/saintdieinfo\/?s={search_term_string}\"},\"query-input\":\"required name=search_term_string\"}],\"inLanguage\":\"fr-FR\"},{\"@type\":\"Organization\",\"@id\":\"https:\/\/vosgesinfo.fr\/saintdieinfo\/#organization\",\"name\":\"Saint Die Info\",\"url\":\"https:\/\/vosgesinfo.fr\/saintdieinfo\/\",\"logo\":{\"@type\":\"ImageObject\",\"inLanguage\":\"fr-FR\",\"@id\":\"https:\/\/vosgesinfo.fr\/saintdieinfo\/#\/schema\/logo\/image\/\",\"url\":\"https:\/\/vosgesinfo.fr\/app\/uploads\/sites\/4\/2024\/02\/logo-sdi.jpg\",\"contentUrl\":\"https:\/\/vosgesinfo.fr\/app\/uploads\/sites\/4\/2024\/02\/logo-sdi.jpg\",\"width\":600,\"height\":600,\"caption\":\"Saint Die Info\"},\"image\":{\"@id\":\"https:\/\/vosgesinfo.fr\/saintdieinfo\/#\/schema\/logo\/image\/\"},\"sameAs\":[\"https:\/\/www.facebook.com\/Saintdieinfofr\",\"https:\/\/x.com\/VosgesInfo88\",\"https:\/\/www.youtube.com\/@vosgesinfo\"]},{\"@type\":\"Person\",\"@id\":\"https:\/\/vosgesinfo.fr\/saintdieinfo\/#\/schema\/person\/faee6704a21f3977511db84bd1cd450f\",\"name\":\"la r\u00e9daction\",\"image\":{\"@type\":\"ImageObject\",\"inLanguage\":\"fr-FR\",\"@id\":\"https:\/\/vosgesinfo.fr\/saintdieinfo\/#\/schema\/person\/image\/\",\"url\":\"https:\/\/secure.gravatar.com\/avatar\/6673d8bc6a9c17fa9a453eaa3448de834fa308c2ec9635b7aa99441a7c8d2cf6?s=96&d=mm&r=g\",\"contentUrl\":\"https:\/\/secure.gravatar.com\/avatar\/6673d8bc6a9c17fa9a453eaa3448de834fa308c2ec9635b7aa99441a7c8d2cf6?s=96&d=mm&r=g\",\"caption\":\"la r\u00e9daction\"},\"url\":\"https:\/\/vosgesinfo.fr\/saintdieinfo\/author\/redac\/\"}]}<\/script>\n<!-- \/ Yoast SEO plugin. -->","yoast_head_json":{"title":"Manifestation contre la r\u00e9forme des retraites \u00e0 Saint-Di\u00e9-des-Vosges ce samedi - Saint Die Info","robots":{"index":"index","follow":"follow","max-snippet":"max-snippet:-1","max-image-preview":"max-image-preview:large","max-video-preview":"max-video-preview:-1"},"canonical":"https:\/\/vosgesinfo.fr\/saintdieinfo\/2023\/02\/manifestation-contre-reforme-retraites-a-saint-die-vosges-samedi\/","twitter_card":"summary_large_image","twitter_title":"Manifestation contre la r\u00e9forme des retraites \u00e0 Saint-Di\u00e9-des-Vosges ce samedi - Saint Die Info","twitter_description":"Apr\u00e8s une deuxi\u00e8me manifestation \u00e0 Saint-Di\u00e9-des-Vosges contre la r\u00e9forme des retraites hier mardi 7 f\u00e9vrier (lire notre article), les unions [&hellip;]","twitter_image":"https:\/\/vosgesinfo.fr\/app\/uploads\/sites\/4\/2024\/08\/202302deuxieme-manifestation-sddv-reforme-retraites-14-2.jpg","twitter_creator":"@VosgesInfo88","twitter_site":"@VosgesInfo88","twitter_misc":{"\u00c9crit par":"la r\u00e9daction"},"schema":{"@context":"https:\/\/schema.org","@graph":[{"@type":"Article","@id":"https:\/\/vosgesinfo.fr\/saintdieinfo\/2023\/02\/manifestation-contre-reforme-retraites-a-saint-die-vosges-samedi\/#article","isPartOf":{"@id":"https:\/\/vosgesinfo.fr\/saintdieinfo\/2023\/02\/manifestation-contre-reforme-retraites-a-saint-die-vosges-samedi\/"},"author":{"name":"la r\u00e9daction","@id":"https:\/\/vosgesinfo.fr\/saintdieinfo\/#\/schema\/person\/faee6704a21f3977511db84bd1cd450f"},"headline":"Manifestation contre la r\u00e9forme des retraites \u00e0 Saint-Di\u00e9-des-Vosges ce samedi","datePublished":"2023-02-08T11:29:58+00:00","dateModified":"2023-02-08T11:29:58+00:00","mainEntityOfPage":{"@id":"https:\/\/vosgesinfo.fr\/saintdieinfo\/2023\/02\/manifestation-contre-reforme-retraites-a-saint-die-vosges-samedi\/"},"wordCount":105,"commentCount":0,"publisher":{"@id":"https:\/\/vosgesinfo.fr\/saintdieinfo\/#organization"},"image":{"@id":"https:\/\/vosgesinfo.fr\/saintdieinfo\/2023\/02\/manifestation-contre-reforme-retraites-a-saint-die-vosges-samedi\/#primaryimage"},"thumbnailUrl":"https:\/\/vosgesinfo.fr\/app\/uploads\/sites\/4\/2024\/08\/202302deuxieme-manifestation-sddv-reforme-retraites-14-2.jpg","keywords":["CFDT","CGT","FSU","Manifestation contre la r\u00e9forme des retraites","Manifestation contre la r\u00e9forme des retraites \u00e0 Saint-Di\u00e9-des-Vosges","Solidaires","UNSA"],"articleSection":["A la Une","Politique","Saint-Di\u00e9-des-Vosges et son Agglom\u00e9ration","Soci\u00e9t\u00e9"],"inLanguage":"fr-FR","potentialAction":[{"@type":"CommentAction","name":"Comment","target":["https:\/\/vosgesinfo.fr\/saintdieinfo\/2023\/02\/manifestation-contre-reforme-retraites-a-saint-die-vosges-samedi\/#respond"]}]},{"@type":"WebPage","@id":"https:\/\/vosgesinfo.fr\/saintdieinfo\/2023\/02\/manifestation-contre-reforme-retraites-a-saint-die-vosges-samedi\/","url":"https:\/\/vosgesinfo.fr\/saintdieinfo\/2023\/02\/manifestation-contre-reforme-retraites-a-saint-die-vosges-samedi\/","name":"Manifestation contre la r\u00e9forme des retraites \u00e0 Saint-Di\u00e9-des-Vosges ce samedi - Saint Die Info","isPartOf":{"@id":"https:\/\/vosgesinfo.fr\/saintdieinfo\/#website"},"primaryImageOfPage":{"@id":"https:\/\/vosgesinfo.fr\/saintdieinfo\/2023\/02\/manifestation-contre-reforme-retraites-a-saint-die-vosges-samedi\/#primaryimage"},"image":{"@id":"https:\/\/vosgesinfo.fr\/saintdieinfo\/2023\/02\/manifestation-contre-reforme-retraites-a-saint-die-vosges-samedi\/#primaryimage"},"thumbnailUrl":"https:\/\/vosgesinfo.fr\/app\/uploads\/sites\/4\/2024\/08\/202302deuxieme-manifestation-sddv-reforme-retraites-14-2.jpg","datePublished":"2023-02-08T11:29:58+00:00","dateModified":"2023-02-08T11:29:58+00:00","breadcrumb":{"@id":"https:\/\/vosgesinfo.fr\/saintdieinfo\/2023\/02\/manifestation-contre-reforme-retraites-a-saint-die-vosges-samedi\/#breadcrumb"},"inLanguage":"fr-FR","potentialAction":[{"@type":"ReadAction","target":["https:\/\/vosgesinfo.fr\/saintdieinfo\/2023\/02\/manifestation-contre-reforme-retraites-a-saint-die-vosges-samedi\/"]}]},{"@type":"ImageObject","inLanguage":"fr-FR","@id":"https:\/\/vosgesinfo.fr\/saintdieinfo\/2023\/02\/manifestation-contre-reforme-retraites-a-saint-die-vosges-samedi\/#primaryimage","url":"https:\/\/vosgesinfo.fr\/app\/uploads\/sites\/4\/2024\/08\/202302deuxieme-manifestation-sddv-reforme-retraites-14-2.jpg","contentUrl":"https:\/\/vosgesinfo.fr\/app\/uploads\/sites\/4\/2024\/08\/202302deuxieme-manifestation-sddv-reforme-retraites-14-2.jpg","width":1600,"height":1205},{"@type":"BreadcrumbList","@id":"https:\/\/vosgesinfo.fr\/saintdieinfo\/2023\/02\/manifestation-contre-reforme-retraites-a-saint-die-vosges-samedi\/#breadcrumb","itemListElement":[{"@type":"ListItem","position":1,"name":"Home","item":"https:\/\/vosgesinfo.fr\/saintdieinfo\/"},{"@type":"ListItem","position":2,"name":"Manifestation contre la r\u00e9forme des retraites \u00e0 Saint-Di\u00e9-des-Vosges ce samedi"}]},{"@type":"WebSite","@id":"https:\/\/vosgesinfo.fr\/saintdieinfo\/#website","url":"https:\/\/vosgesinfo.fr\/saintdieinfo\/","name":"Saint Die Info","description":"Toute l&#039;actualit\u00e9 de Saint-Di\u00e9-Des-Vosges","publisher":{"@id":"https:\/\/vosgesinfo.fr\/saintdieinfo\/#organization"},"alternateName":"Toute l'actualit\u00e9 de Saint-Di\u00e9-Des-Vosges","potentialAction":[{"@type":"SearchAction","target":{"@type":"EntryPoint","urlTemplate":"https:\/\/vosgesinfo.fr\/saintdieinfo\/?s={search_term_string}"},"query-input":"required name=search_term_string"}],"inLanguage":"fr-FR"},{"@type":"Organization","@id":"https:\/\/vosgesinfo.fr\/saintdieinfo\/#organization","name":"Saint Die Info","url":"https:\/\/vosgesinfo.fr\/saintdieinfo\/","logo":{"@type":"ImageObject","inLanguage":"fr-FR","@id":"https:\/\/vosgesinfo.fr\/saintdieinfo\/#\/schema\/logo\/image\/","url":"https:\/\/vosgesinfo.fr\/app\/uploads\/sites\/4\/2024\/02\/logo-sdi.jpg","contentUrl":"https:\/\/vosgesinfo.fr\/app\/uploads\/sites\/4\/2024\/02\/logo-sdi.jpg","width":600,"height":600,"caption":"Saint Die Info"},"image":{"@id":"https:\/\/vosgesinfo.fr\/saintdieinfo\/#\/schema\/logo\/image\/"},"sameAs":["https:\/\/www.facebook.com\/Saintdieinfofr","https:\/\/x.com\/VosgesInfo88","https:\/\/www.youtube.com\/@vosgesinfo"]},{"@type":"Person","@id":"https:\/\/vosgesinfo.fr\/saintdieinfo\/#\/schema\/person\/faee6704a21f3977511db84bd1cd450f","name":"la r\u00e9daction","image":{"@type":"ImageObject","inLanguage":"fr-FR","@id":"https:\/\/vosgesinfo.fr\/saintdieinfo\/#\/schema\/person\/image\/","url":"https:\/\/secure.gravatar.com\/avatar\/6673d8bc6a9c17fa9a453eaa3448de834fa308c2ec9635b7aa99441a7c8d2cf6?s=96&d=mm&r=g","contentUrl":"https:\/\/secure.gravatar.com\/avatar\/6673d8bc6a9c17fa9a453eaa3448de834fa308c2ec9635b7aa99441a7c8d2cf6?s=96&d=mm&r=g","caption":"la r\u00e9daction"},"url":"https:\/\/vosgesinfo.fr\/saintdieinfo\/author\/redac\/"}]}},"_links":{"self":[{"href":"https:\/\/vosgesinfo.fr\/saintdieinfo\/wp-json\/wp\/v2\/posts\/62250","targetHints":{"allow":["GET"]}}],"collection":[{"href":"https:\/\/vosgesinfo.fr\/saintdieinfo\/wp-json\/wp\/v2\/posts"}],"about":[{"href":"https:\/\/vosgesinfo.fr\/saintdieinfo\/wp-json\/wp\/v2\/types\/post"}],"author":[{"embeddable":true,"href":"https:\/\/vosgesinfo.fr\/saintdieinfo\/wp-json\/wp\/v2\/users\/44"}],"replies":[{"embeddable":true,"href":"https:\/\/vosgesinfo.fr\/saintdieinfo\/wp-json\/wp\/v2\/comments?post=62250"}],"version-history":[{"count":0,"href":"https:\/\/vosgesinfo.fr\/saintdieinfo\/wp-json\/wp\/v2\/posts\/62250\/revisions"}],"wp:featuredmedia":[{"embeddable":true,"href":"https:\/\/vosgesinfo.fr\/saintdieinfo\/wp-json\/wp\/v2\/media\/62251"}],"wp:attachment":[{"href":"https:\/\/vosgesinfo.fr\/saintdieinfo\/wp-json\/wp\/v2\/media?parent=62250"}],"wp:term":[{"taxonomy":"category","embeddable":true,"href":"https:\/\/vosgesinfo.fr\/saintdieinfo\/wp-json\/wp\/v2\/categories?post=62250"},{"taxonomy":"post_tag","embeddable":true,"href":"https:\/\/vosgesinfo.fr\/saintdieinfo\/wp-json\/wp\/v2\/tags?post=62250"}],"curies":[{"name":"wp","href":"https:\/\/api.w.org\/{rel}","templated":true}]}}