{"id":62254,"date":"2023-02-08T16:38:14","date_gmt":"2023-02-08T15:38:14","guid":{"rendered":"https:\/\/vosgesinfo.fr\/saintdieinfo\/2023\/02\/cyclofolies-continuite-de-velodatienne-24-heures-cyclistes\/"},"modified":"2023-02-08T16:38:14","modified_gmt":"2023-02-08T15:38:14","slug":"cyclofolies-continuite-de-velodatienne-24-heures-cyclistes","status":"publish","type":"post","link":"https:\/\/vosgesinfo.fr\/saintdieinfo\/2023\/02\/cyclofolies-continuite-de-velodatienne-24-heures-cyclistes\/","title":{"rendered":"Les Cyclo&rsquo;folies, dans la continuit\u00e9 de la V\u00e9lodatienne et des 24 Heures Cyclistes"},"content":{"rendered":"<p><a href=\"\/2023\/02\/Cyclo_Folies_Affiche_01.jpg\" target=\"_blank\" rel=\"noopener\"><img decoding=\"async\" class=\"aligncenter wp-image-196824 size-large\" src=\"\/2023\/02\/Cyclo_Folies_Affiche_01-795x1024.jpg\" alt=\"Cyclo_Folies_Affiche_01\" width=\"795\" height=\"1024\" \/><\/a><\/p>\n<h2><strong><span style=\"font-size: 14pt;\">Celles et ceux qui ont connu la V\u00e9lodatienne et\/ou les 24 Heures Cyclistes seront ravis. Le Comit\u00e9 des F\u00eates de Saint-Di\u00e9-des-Vosges, qui a repris vie l&rsquo;an dernier, lance en 2023 une nouveau temps fort autour du v\u00e9lo\u00a0: les Cyclo&rsquo;folies. Le rendez-vous est donn\u00e9 au dimanche 7 mai, \u00e0 partir de 9h.<\/span><\/strong><\/h2>\n<p><!--more--><\/p>\n<p>Sur le m\u00eame mod\u00e8le que la V\u00e9lodatienne et des 24 Heures Cyclistes, les Cyclo&rsquo;folies am\u00e8neront ses participants \u00e0 encha\u00eener les tours d&rsquo;un circuit au centre-ville d\u00e9odatien, qui empruntera les rues Concorde, Dauphine, Thiers et le quai du Mar\u00e9chal-Leclerc&#8230; \u00e0 bord d&rsquo;un v\u00e9lo ou de tout autre v\u00e9hicule se d\u00e9pla\u00e7ant par la force des muscules. Ce qui inclut donc les tandems, les tricycles et autres chars.<\/p>\n<p>Le top d\u00e9part \u00e9tant donn\u00e9 sur le Place du March\u00e9, l\u00e0 o\u00f9 les inscriptions se feront de 9h \u00e0 10h30, avant la parade d&rsquo;ouverture \u00e0 11h. C&rsquo;est 5h plus tard, \u00e0 16h, que la parade de cl\u00f4ture mettra un terme \u00e0 ces premi\u00e8res Cyclo&rsquo;folies, devant les membres du jury. En guise de conclusion, la remise des prix \u00e0 17h viendra r\u00e9compenser les participants selon l&rsquo;originalit\u00e9 de leurs Engins Roulants Non Identifi\u00e9s, leurs costumes, l&rsquo;\u00e2ge, le nombre de membres par \u00e9quipe, la bonne humeur&#8230;<\/p>\n<p>Le tout en sachant que la participation est gratuite, et que restauration et une buvette seront propos\u00e9es sur place. Pour participer, il suffit de remplir et retourner le bulletin d&rsquo;inscription ci-dessous. Renseignements compl\u00e9mentaires par t\u00e9l\u00e9phone, au<strong> 06-76-04-81-50.<\/strong><\/p>\n<p>J.J.<\/p>\n<p><a href=\"\/2023\/02\/Cyclo_Folies_Bulletin.jpg\" target=\"_blank\" rel=\"noopener\"><img decoding=\"async\" class=\"aligncenter wp-image-196823 size-full\" src=\"\/2023\/02\/Cyclo_Folies_Bulletin.jpg\" alt=\"Cyclo_Folies_Bulletin\" width=\"1000\" height=\"505\" \/><\/a><\/p>\n","protected":false},"excerpt":{"rendered":"<p>Celles et ceux qui ont connu la V\u00e9lodatienne et\/ou les 24 Heures Cyclistes seront ravis. Le Comit\u00e9 des F\u00eates de [&hellip;]<\/p>\n","protected":false},"author":44,"featured_media":62255,"comment_status":"open","ping_status":"open","sticky":false,"template":"","format":"standard","meta":{"footnotes":""},"categories":[460,20,2915,17],"tags":[3163,6154],"class_list":["post-62254","post","type-post","status-publish","format-standard","has-post-thumbnail","hentry","category-a-la-une","category-loisirs","category-saint-die-son-canton","category-vie-associative","tag-comite-des-fetes-de-saint-die-des-vosges","tag-cyclofolies"],"acf":[],"yoast_head":"<!-- This site is optimized with the Yoast SEO plugin v22.5 - https:\/\/yoast.com\/wordpress\/plugins\/seo\/ -->\n<title>Les Cyclo&#039;folies, dans la continuit\u00e9 de la V\u00e9lodatienne et des 24 Heures Cyclistes - Saint Die Info<\/title>\n<meta name=\"robots\" content=\"index, follow, max-snippet:-1, max-image-preview:large, max-video-preview:-1\" \/>\n<link rel=\"canonical\" href=\"https:\/\/vosgesinfo.fr\/saintdieinfo\/2023\/02\/cyclofolies-continuite-de-velodatienne-24-heures-cyclistes\/\" \/>\n<meta name=\"twitter:card\" content=\"summary_large_image\" \/>\n<meta name=\"twitter:title\" content=\"Les Cyclo&#039;folies, dans la continuit\u00e9 de la V\u00e9lodatienne et des 24 Heures Cyclistes - Saint Die Info\" \/>\n<meta name=\"twitter:description\" content=\"Celles et ceux qui ont connu la V\u00e9lodatienne et\/ou les 24 Heures Cyclistes seront ravis. Le Comit\u00e9 des F\u00eates de [&hellip;]\" \/>\n<meta name=\"twitter:image\" content=\"https:\/\/vosgesinfo.fr\/app\/uploads\/sites\/4\/2024\/08\/202302cyclo-folies-affiche-01.jpg\" \/>\n<meta name=\"twitter:creator\" content=\"@VosgesInfo88\" \/>\n<meta name=\"twitter:site\" content=\"@VosgesInfo88\" \/>\n<meta name=\"twitter:label1\" content=\"\u00c9crit par\" \/>\n\t<meta name=\"twitter:data1\" content=\"la r\u00e9daction\" \/>\n\t<meta name=\"twitter:label2\" content=\"Dur\u00e9e de lecture estim\u00e9e\" \/>\n\t<meta name=\"twitter:data2\" content=\"1 minute\" \/>\n<script type=\"application\/ld+json\" class=\"yoast-schema-graph\">{\"@context\":\"https:\/\/schema.org\",\"@graph\":[{\"@type\":\"Article\",\"@id\":\"https:\/\/vosgesinfo.fr\/saintdieinfo\/2023\/02\/cyclofolies-continuite-de-velodatienne-24-heures-cyclistes\/#article\",\"isPartOf\":{\"@id\":\"https:\/\/vosgesinfo.fr\/saintdieinfo\/2023\/02\/cyclofolies-continuite-de-velodatienne-24-heures-cyclistes\/\"},\"author\":{\"name\":\"la r\u00e9daction\",\"@id\":\"https:\/\/vosgesinfo.fr\/saintdieinfo\/#\/schema\/person\/faee6704a21f3977511db84bd1cd450f\"},\"headline\":\"Les Cyclo&rsquo;folies, dans la continuit\u00e9 de la V\u00e9lodatienne et des 24 Heures Cyclistes\",\"datePublished\":\"2023-02-08T15:38:14+00:00\",\"dateModified\":\"2023-02-08T15:38:14+00:00\",\"mainEntityOfPage\":{\"@id\":\"https:\/\/vosgesinfo.fr\/saintdieinfo\/2023\/02\/cyclofolies-continuite-de-velodatienne-24-heures-cyclistes\/\"},\"wordCount\":279,\"commentCount\":0,\"publisher\":{\"@id\":\"https:\/\/vosgesinfo.fr\/saintdieinfo\/#organization\"},\"image\":{\"@id\":\"https:\/\/vosgesinfo.fr\/saintdieinfo\/2023\/02\/cyclofolies-continuite-de-velodatienne-24-heures-cyclistes\/#primaryimage\"},\"thumbnailUrl\":\"https:\/\/vosgesinfo.fr\/app\/uploads\/sites\/4\/2024\/08\/202302cyclo-folies-affiche-01.jpg\",\"keywords\":[\"Comit\u00e9 des F\u00eates de Saint-Di\u00e9-des-Vosges\",\"Cyclo'Folies\"],\"articleSection\":[\"A la Une\",\"Loisirs\",\"Saint-Di\u00e9-des-Vosges et son Agglom\u00e9ration\",\"Vie Associative\"],\"inLanguage\":\"fr-FR\",\"potentialAction\":[{\"@type\":\"CommentAction\",\"name\":\"Comment\",\"target\":[\"https:\/\/vosgesinfo.fr\/saintdieinfo\/2023\/02\/cyclofolies-continuite-de-velodatienne-24-heures-cyclistes\/#respond\"]}]},{\"@type\":\"WebPage\",\"@id\":\"https:\/\/vosgesinfo.fr\/saintdieinfo\/2023\/02\/cyclofolies-continuite-de-velodatienne-24-heures-cyclistes\/\",\"url\":\"https:\/\/vosgesinfo.fr\/saintdieinfo\/2023\/02\/cyclofolies-continuite-de-velodatienne-24-heures-cyclistes\/\",\"name\":\"Les Cyclo'folies, dans la continuit\u00e9 de la V\u00e9lodatienne et des 24 Heures Cyclistes - Saint Die Info\",\"isPartOf\":{\"@id\":\"https:\/\/vosgesinfo.fr\/saintdieinfo\/#website\"},\"primaryImageOfPage\":{\"@id\":\"https:\/\/vosgesinfo.fr\/saintdieinfo\/2023\/02\/cyclofolies-continuite-de-velodatienne-24-heures-cyclistes\/#primaryimage\"},\"image\":{\"@id\":\"https:\/\/vosgesinfo.fr\/saintdieinfo\/2023\/02\/cyclofolies-continuite-de-velodatienne-24-heures-cyclistes\/#primaryimage\"},\"thumbnailUrl\":\"https:\/\/vosgesinfo.fr\/app\/uploads\/sites\/4\/2024\/08\/202302cyclo-folies-affiche-01.jpg\",\"datePublished\":\"2023-02-08T15:38:14+00:00\",\"dateModified\":\"2023-02-08T15:38:14+00:00\",\"breadcrumb\":{\"@id\":\"https:\/\/vosgesinfo.fr\/saintdieinfo\/2023\/02\/cyclofolies-continuite-de-velodatienne-24-heures-cyclistes\/#breadcrumb\"},\"inLanguage\":\"fr-FR\",\"potentialAction\":[{\"@type\":\"ReadAction\",\"target\":[\"https:\/\/vosgesinfo.fr\/saintdieinfo\/2023\/02\/cyclofolies-continuite-de-velodatienne-24-heures-cyclistes\/\"]}]},{\"@type\":\"ImageObject\",\"inLanguage\":\"fr-FR\",\"@id\":\"https:\/\/vosgesinfo.fr\/saintdieinfo\/2023\/02\/cyclofolies-continuite-de-velodatienne-24-heures-cyclistes\/#primaryimage\",\"url\":\"https:\/\/vosgesinfo.fr\/app\/uploads\/sites\/4\/2024\/08\/202302cyclo-folies-affiche-01.jpg\",\"contentUrl\":\"https:\/\/vosgesinfo.fr\/app\/uploads\/sites\/4\/2024\/08\/202302cyclo-folies-affiche-01.jpg\",\"width\":807,\"height\":1040},{\"@type\":\"BreadcrumbList\",\"@id\":\"https:\/\/vosgesinfo.fr\/saintdieinfo\/2023\/02\/cyclofolies-continuite-de-velodatienne-24-heures-cyclistes\/#breadcrumb\",\"itemListElement\":[{\"@type\":\"ListItem\",\"position\":1,\"name\":\"Home\",\"item\":\"https:\/\/vosgesinfo.fr\/saintdieinfo\/\"},{\"@type\":\"ListItem\",\"position\":2,\"name\":\"Les Cyclo&rsquo;folies, dans la continuit\u00e9 de la V\u00e9lodatienne et des 24 Heures Cyclistes\"}]},{\"@type\":\"WebSite\",\"@id\":\"https:\/\/vosgesinfo.fr\/saintdieinfo\/#website\",\"url\":\"https:\/\/vosgesinfo.fr\/saintdieinfo\/\",\"name\":\"Saint Die Info\",\"description\":\"Toute l&#039;actualit\u00e9 de Saint-Di\u00e9-Des-Vosges\",\"publisher\":{\"@id\":\"https:\/\/vosgesinfo.fr\/saintdieinfo\/#organization\"},\"alternateName\":\"Toute l'actualit\u00e9 de Saint-Di\u00e9-Des-Vosges\",\"potentialAction\":[{\"@type\":\"SearchAction\",\"target\":{\"@type\":\"EntryPoint\",\"urlTemplate\":\"https:\/\/vosgesinfo.fr\/saintdieinfo\/?s={search_term_string}\"},\"query-input\":\"required name=search_term_string\"}],\"inLanguage\":\"fr-FR\"},{\"@type\":\"Organization\",\"@id\":\"https:\/\/vosgesinfo.fr\/saintdieinfo\/#organization\",\"name\":\"Saint Die Info\",\"url\":\"https:\/\/vosgesinfo.fr\/saintdieinfo\/\",\"logo\":{\"@type\":\"ImageObject\",\"inLanguage\":\"fr-FR\",\"@id\":\"https:\/\/vosgesinfo.fr\/saintdieinfo\/#\/schema\/logo\/image\/\",\"url\":\"https:\/\/vosgesinfo.fr\/app\/uploads\/sites\/4\/2024\/02\/logo-sdi.jpg\",\"contentUrl\":\"https:\/\/vosgesinfo.fr\/app\/uploads\/sites\/4\/2024\/02\/logo-sdi.jpg\",\"width\":600,\"height\":600,\"caption\":\"Saint Die Info\"},\"image\":{\"@id\":\"https:\/\/vosgesinfo.fr\/saintdieinfo\/#\/schema\/logo\/image\/\"},\"sameAs\":[\"https:\/\/www.facebook.com\/Saintdieinfofr\",\"https:\/\/x.com\/VosgesInfo88\",\"https:\/\/www.youtube.com\/@vosgesinfo\"]},{\"@type\":\"Person\",\"@id\":\"https:\/\/vosgesinfo.fr\/saintdieinfo\/#\/schema\/person\/faee6704a21f3977511db84bd1cd450f\",\"name\":\"la r\u00e9daction\",\"image\":{\"@type\":\"ImageObject\",\"inLanguage\":\"fr-FR\",\"@id\":\"https:\/\/vosgesinfo.fr\/saintdieinfo\/#\/schema\/person\/image\/\",\"url\":\"https:\/\/secure.gravatar.com\/avatar\/6673d8bc6a9c17fa9a453eaa3448de834fa308c2ec9635b7aa99441a7c8d2cf6?s=96&d=mm&r=g\",\"contentUrl\":\"https:\/\/secure.gravatar.com\/avatar\/6673d8bc6a9c17fa9a453eaa3448de834fa308c2ec9635b7aa99441a7c8d2cf6?s=96&d=mm&r=g\",\"caption\":\"la r\u00e9daction\"},\"url\":\"https:\/\/vosgesinfo.fr\/saintdieinfo\/author\/redac\/\"}]}<\/script>\n<!-- \/ Yoast SEO plugin. -->","yoast_head_json":{"title":"Les Cyclo'folies, dans la continuit\u00e9 de la V\u00e9lodatienne et des 24 Heures Cyclistes - Saint Die Info","robots":{"index":"index","follow":"follow","max-snippet":"max-snippet:-1","max-image-preview":"max-image-preview:large","max-video-preview":"max-video-preview:-1"},"canonical":"https:\/\/vosgesinfo.fr\/saintdieinfo\/2023\/02\/cyclofolies-continuite-de-velodatienne-24-heures-cyclistes\/","twitter_card":"summary_large_image","twitter_title":"Les Cyclo'folies, dans la continuit\u00e9 de la V\u00e9lodatienne et des 24 Heures Cyclistes - Saint Die Info","twitter_description":"Celles et ceux qui ont connu la V\u00e9lodatienne et\/ou les 24 Heures Cyclistes seront ravis. Le Comit\u00e9 des F\u00eates de [&hellip;]","twitter_image":"https:\/\/vosgesinfo.fr\/app\/uploads\/sites\/4\/2024\/08\/202302cyclo-folies-affiche-01.jpg","twitter_creator":"@VosgesInfo88","twitter_site":"@VosgesInfo88","twitter_misc":{"\u00c9crit par":"la r\u00e9daction","Dur\u00e9e de lecture estim\u00e9e":"1 minute"},"schema":{"@context":"https:\/\/schema.org","@graph":[{"@type":"Article","@id":"https:\/\/vosgesinfo.fr\/saintdieinfo\/2023\/02\/cyclofolies-continuite-de-velodatienne-24-heures-cyclistes\/#article","isPartOf":{"@id":"https:\/\/vosgesinfo.fr\/saintdieinfo\/2023\/02\/cyclofolies-continuite-de-velodatienne-24-heures-cyclistes\/"},"author":{"name":"la r\u00e9daction","@id":"https:\/\/vosgesinfo.fr\/saintdieinfo\/#\/schema\/person\/faee6704a21f3977511db84bd1cd450f"},"headline":"Les Cyclo&rsquo;folies, dans la continuit\u00e9 de la V\u00e9lodatienne et des 24 Heures Cyclistes","datePublished":"2023-02-08T15:38:14+00:00","dateModified":"2023-02-08T15:38:14+00:00","mainEntityOfPage":{"@id":"https:\/\/vosgesinfo.fr\/saintdieinfo\/2023\/02\/cyclofolies-continuite-de-velodatienne-24-heures-cyclistes\/"},"wordCount":279,"commentCount":0,"publisher":{"@id":"https:\/\/vosgesinfo.fr\/saintdieinfo\/#organization"},"image":{"@id":"https:\/\/vosgesinfo.fr\/saintdieinfo\/2023\/02\/cyclofolies-continuite-de-velodatienne-24-heures-cyclistes\/#primaryimage"},"thumbnailUrl":"https:\/\/vosgesinfo.fr\/app\/uploads\/sites\/4\/2024\/08\/202302cyclo-folies-affiche-01.jpg","keywords":["Comit\u00e9 des F\u00eates de Saint-Di\u00e9-des-Vosges","Cyclo'Folies"],"articleSection":["A la Une","Loisirs","Saint-Di\u00e9-des-Vosges et son Agglom\u00e9ration","Vie Associative"],"inLanguage":"fr-FR","potentialAction":[{"@type":"CommentAction","name":"Comment","target":["https:\/\/vosgesinfo.fr\/saintdieinfo\/2023\/02\/cyclofolies-continuite-de-velodatienne-24-heures-cyclistes\/#respond"]}]},{"@type":"WebPage","@id":"https:\/\/vosgesinfo.fr\/saintdieinfo\/2023\/02\/cyclofolies-continuite-de-velodatienne-24-heures-cyclistes\/","url":"https:\/\/vosgesinfo.fr\/saintdieinfo\/2023\/02\/cyclofolies-continuite-de-velodatienne-24-heures-cyclistes\/","name":"Les Cyclo'folies, dans la continuit\u00e9 de la V\u00e9lodatienne et des 24 Heures Cyclistes - Saint Die Info","isPartOf":{"@id":"https:\/\/vosgesinfo.fr\/saintdieinfo\/#website"},"primaryImageOfPage":{"@id":"https:\/\/vosgesinfo.fr\/saintdieinfo\/2023\/02\/cyclofolies-continuite-de-velodatienne-24-heures-cyclistes\/#primaryimage"},"image":{"@id":"https:\/\/vosgesinfo.fr\/saintdieinfo\/2023\/02\/cyclofolies-continuite-de-velodatienne-24-heures-cyclistes\/#primaryimage"},"thumbnailUrl":"https:\/\/vosgesinfo.fr\/app\/uploads\/sites\/4\/2024\/08\/202302cyclo-folies-affiche-01.jpg","datePublished":"2023-02-08T15:38:14+00:00","dateModified":"2023-02-08T15:38:14+00:00","breadcrumb":{"@id":"https:\/\/vosgesinfo.fr\/saintdieinfo\/2023\/02\/cyclofolies-continuite-de-velodatienne-24-heures-cyclistes\/#breadcrumb"},"inLanguage":"fr-FR","potentialAction":[{"@type":"ReadAction","target":["https:\/\/vosgesinfo.fr\/saintdieinfo\/2023\/02\/cyclofolies-continuite-de-velodatienne-24-heures-cyclistes\/"]}]},{"@type":"ImageObject","inLanguage":"fr-FR","@id":"https:\/\/vosgesinfo.fr\/saintdieinfo\/2023\/02\/cyclofolies-continuite-de-velodatienne-24-heures-cyclistes\/#primaryimage","url":"https:\/\/vosgesinfo.fr\/app\/uploads\/sites\/4\/2024\/08\/202302cyclo-folies-affiche-01.jpg","contentUrl":"https:\/\/vosgesinfo.fr\/app\/uploads\/sites\/4\/2024\/08\/202302cyclo-folies-affiche-01.jpg","width":807,"height":1040},{"@type":"BreadcrumbList","@id":"https:\/\/vosgesinfo.fr\/saintdieinfo\/2023\/02\/cyclofolies-continuite-de-velodatienne-24-heures-cyclistes\/#breadcrumb","itemListElement":[{"@type":"ListItem","position":1,"name":"Home","item":"https:\/\/vosgesinfo.fr\/saintdieinfo\/"},{"@type":"ListItem","position":2,"name":"Les Cyclo&rsquo;folies, dans la continuit\u00e9 de la V\u00e9lodatienne et des 24 Heures Cyclistes"}]},{"@type":"WebSite","@id":"https:\/\/vosgesinfo.fr\/saintdieinfo\/#website","url":"https:\/\/vosgesinfo.fr\/saintdieinfo\/","name":"Saint Die Info","description":"Toute l&#039;actualit\u00e9 de Saint-Di\u00e9-Des-Vosges","publisher":{"@id":"https:\/\/vosgesinfo.fr\/saintdieinfo\/#organization"},"alternateName":"Toute l'actualit\u00e9 de Saint-Di\u00e9-Des-Vosges","potentialAction":[{"@type":"SearchAction","target":{"@type":"EntryPoint","urlTemplate":"https:\/\/vosgesinfo.fr\/saintdieinfo\/?s={search_term_string}"},"query-input":"required name=search_term_string"}],"inLanguage":"fr-FR"},{"@type":"Organization","@id":"https:\/\/vosgesinfo.fr\/saintdieinfo\/#organization","name":"Saint Die Info","url":"https:\/\/vosgesinfo.fr\/saintdieinfo\/","logo":{"@type":"ImageObject","inLanguage":"fr-FR","@id":"https:\/\/vosgesinfo.fr\/saintdieinfo\/#\/schema\/logo\/image\/","url":"https:\/\/vosgesinfo.fr\/app\/uploads\/sites\/4\/2024\/02\/logo-sdi.jpg","contentUrl":"https:\/\/vosgesinfo.fr\/app\/uploads\/sites\/4\/2024\/02\/logo-sdi.jpg","width":600,"height":600,"caption":"Saint Die Info"},"image":{"@id":"https:\/\/vosgesinfo.fr\/saintdieinfo\/#\/schema\/logo\/image\/"},"sameAs":["https:\/\/www.facebook.com\/Saintdieinfofr","https:\/\/x.com\/VosgesInfo88","https:\/\/www.youtube.com\/@vosgesinfo"]},{"@type":"Person","@id":"https:\/\/vosgesinfo.fr\/saintdieinfo\/#\/schema\/person\/faee6704a21f3977511db84bd1cd450f","name":"la r\u00e9daction","image":{"@type":"ImageObject","inLanguage":"fr-FR","@id":"https:\/\/vosgesinfo.fr\/saintdieinfo\/#\/schema\/person\/image\/","url":"https:\/\/secure.gravatar.com\/avatar\/6673d8bc6a9c17fa9a453eaa3448de834fa308c2ec9635b7aa99441a7c8d2cf6?s=96&d=mm&r=g","contentUrl":"https:\/\/secure.gravatar.com\/avatar\/6673d8bc6a9c17fa9a453eaa3448de834fa308c2ec9635b7aa99441a7c8d2cf6?s=96&d=mm&r=g","caption":"la r\u00e9daction"},"url":"https:\/\/vosgesinfo.fr\/saintdieinfo\/author\/redac\/"}]}},"_links":{"self":[{"href":"https:\/\/vosgesinfo.fr\/saintdieinfo\/wp-json\/wp\/v2\/posts\/62254","targetHints":{"allow":["GET"]}}],"collection":[{"href":"https:\/\/vosgesinfo.fr\/saintdieinfo\/wp-json\/wp\/v2\/posts"}],"about":[{"href":"https:\/\/vosgesinfo.fr\/saintdieinfo\/wp-json\/wp\/v2\/types\/post"}],"author":[{"embeddable":true,"href":"https:\/\/vosgesinfo.fr\/saintdieinfo\/wp-json\/wp\/v2\/users\/44"}],"replies":[{"embeddable":true,"href":"https:\/\/vosgesinfo.fr\/saintdieinfo\/wp-json\/wp\/v2\/comments?post=62254"}],"version-history":[{"count":0,"href":"https:\/\/vosgesinfo.fr\/saintdieinfo\/wp-json\/wp\/v2\/posts\/62254\/revisions"}],"wp:featuredmedia":[{"embeddable":true,"href":"https:\/\/vosgesinfo.fr\/saintdieinfo\/wp-json\/wp\/v2\/media\/62255"}],"wp:attachment":[{"href":"https:\/\/vosgesinfo.fr\/saintdieinfo\/wp-json\/wp\/v2\/media?parent=62254"}],"wp:term":[{"taxonomy":"category","embeddable":true,"href":"https:\/\/vosgesinfo.fr\/saintdieinfo\/wp-json\/wp\/v2\/categories?post=62254"},{"taxonomy":"post_tag","embeddable":true,"href":"https:\/\/vosgesinfo.fr\/saintdieinfo\/wp-json\/wp\/v2\/tags?post=62254"}],"curies":[{"name":"wp","href":"https:\/\/api.w.org\/{rel}","templated":true}]}}