{"id":62257,"date":"2023-02-08T17:30:44","date_gmt":"2023-02-08T16:30:44","guid":{"rendered":"https:\/\/vosgesinfo.fr\/saintdieinfo\/2023\/02\/cette-annee-saint-die-vosges-bouge-bleu-lautisme\/"},"modified":"2023-02-08T17:30:44","modified_gmt":"2023-02-08T16:30:44","slug":"cette-annee-saint-die-vosges-bouge-bleu-lautisme","status":"publish","type":"post","link":"https:\/\/vosgesinfo.fr\/saintdieinfo\/2023\/02\/cette-annee-saint-die-vosges-bouge-bleu-lautisme\/","title":{"rendered":"Cette ann\u00e9e encore, Saint-Di\u00e9-des-Vosges bouge en bleu pour l&rsquo;autisme"},"content":{"rendered":"<div id=\"attachment_196827\" style=\"width: 970px\" class=\"wp-caption aligncenter\"><a href=\"\/2023\/02\/Inauguration_Journ\u00e9e_Bouge_en_Bleu_Autisme-4.jpg\" target=\"_blank\" rel=\"noopener\"><img decoding=\"async\" aria-describedby=\"caption-attachment-196827\" class=\"wp-image-196827 size-large\" src=\"\/2023\/02\/Inauguration_Journ\u00e9e_Bouge_en_Bleu_Autisme-4-1024x771.jpg\" alt=\"Inauguration_Journ\u00e9e_Bouge_en_Bleu_Autisme-4\" width=\"960\" height=\"723\" \/><\/a><p id=\"caption-attachment-196827\" class=\"wp-caption-text\">M\u00e9lanie Richard est \u00e0 l&rsquo;initiative de la journ\u00e9e \u00ab\u00a0Bouge en bleu pour l&rsquo;autisme\u00a0\u00bb. (Archive)<\/p><\/div>\n<h2><strong><span style=\"font-size: 14pt;\">L&rsquo;an dernier, M\u00e9lanie Richard avait initi\u00e9 un grand \u00e9lan de solidarit\u00e9 avec \u00ab\u00a0Bouge en bleu pour l&rsquo;autisme\u00a0\u00bb, une journ\u00e9e de sensibilisation \u00e0 l&rsquo;autisme&#8230; et plus globalement \u00e0 la diff\u00e9rence (<a href=\"https:\/\/saintdieinfo.fr\/2022\/04\/bouge-bleu-lautisme-samedi-deodatien-de-sensibilisation-a-difference\/\" target=\"_blank\" rel=\"noopener\">lire notre article<\/a>). La dynamique D\u00e9odatienne avait f\u00e9d\u00e9r\u00e9 de nombreux partenaires autour de ce projet. Ce qui avait permis de r\u00e9colter plus de 1500\u20ac au profit de l&rsquo;association Soleil Autisme (<a href=\"https:\/\/saintdieinfo.fr\/2022\/04\/bouge-bleu-lautisme-plus-de-1500-euros-recoltes-profit-de-soleil-autisme\/\" target=\"_blank\" rel=\"noopener\">lire notre article<\/a>).<\/span><\/strong><\/h2>\n<p><!--more--><\/p>\n<p>Cette journ\u00e9e d\u00e9odatienne plac\u00e9e sous le signe de la solidarit\u00e9 revient en force au printemps, plus exactement le dimanche 2 avril de 10h \u00e0 17h \u00e0 l&rsquo;Espace Fran\u00e7ois-Mitterrand, avec encore plus d&rsquo;animations au programme. D\u00e9monstrations de zumba, de majorettes, de danse country, d&rsquo;\u00e9p\u00e9es et de skate, concert d&rsquo;Yza, animation avec l&rsquo;artiste-peintre Willy et son \u00e9quipe, marche avec les chiens, spectacle de danse, tombola, buvette&#8230; sachant que comme l&rsquo;an dernier, un pass-activit\u00e9s (en vente au tarif de 3\u20ac aupr\u00e8s de l&rsquo;Office de Tourisme ou via <a href=\"mailto:mel.fitness@laposte.net\" target=\"_blank\" rel=\"noopener\">mel.fitness@laposte.net<\/a>) permettra de prendre part \u00e0 9 activit\u00e9s diff\u00e9rentes\u00a0: jeux d&rsquo;\u00e9checs, initiation au tricot, maquillage enfants, cr\u00e9ation de bracelets, brochettes de bonbons, coloriages de la diff\u00e9rence, bricolages rigolos, agility avec des chiens et d\u00e9couverte du skate. L&rsquo;int\u00e9gralit\u00e9 des b\u00e9n\u00e9fices r\u00e9alis\u00e9s lors de la journ\u00e9e seront ensuite revers\u00e9s dans leur int\u00e9gralit\u00e9 aux associations Soleil Autisme et Asperger Lorraine.<\/p>\n<p>J.J.<\/p>\n<p><a href=\"\/2023\/02\/Programme.jpg\" target=\"_blank\" rel=\"noopener\"><img decoding=\"async\" class=\"aligncenter wp-image-196828 size-large\" src=\"\/2023\/02\/Programme-576x1024.jpg\" alt=\"Programme\" width=\"576\" height=\"1024\" \/><\/a><\/p>\n","protected":false},"excerpt":{"rendered":"<p>L&rsquo;an dernier, M\u00e9lanie Richard avait initi\u00e9 un grand \u00e9lan de solidarit\u00e9 avec \u00ab\u00a0Bouge en bleu pour l&rsquo;autisme\u00a0\u00bb, une journ\u00e9e de [&hellip;]<\/p>\n","protected":false},"author":44,"featured_media":29254,"comment_status":"open","ping_status":"open","sticky":false,"template":"","format":"standard","meta":{"footnotes":""},"categories":[460,2915,29,17],"tags":[13772,13773,3941,3089,2865,10665],"class_list":["post-62257","post","type-post","status-publish","format-standard","has-post-thumbnail","hentry","category-a-la-une","category-saint-die-son-canton","category-solidarite","category-vie-associative","tag-asperger-lorraine","tag-autisme","tag-bouge-en-bleu-pour-lautisme","tag-espace-francois-mitterrand","tag-melanie-richard","tag-soleil-autisme"],"acf":[],"yoast_head":"<!-- This site is optimized with the Yoast SEO plugin v22.5 - https:\/\/yoast.com\/wordpress\/plugins\/seo\/ -->\n<title>Cette ann\u00e9e encore, Saint-Di\u00e9-des-Vosges bouge en bleu pour l&#039;autisme - Saint Die Info<\/title>\n<meta name=\"robots\" content=\"index, follow, max-snippet:-1, max-image-preview:large, max-video-preview:-1\" \/>\n<link rel=\"canonical\" href=\"https:\/\/vosgesinfo.fr\/saintdieinfo\/2023\/02\/cette-annee-saint-die-vosges-bouge-bleu-lautisme\/\" \/>\n<meta name=\"twitter:card\" content=\"summary_large_image\" \/>\n<meta name=\"twitter:title\" content=\"Cette ann\u00e9e encore, Saint-Di\u00e9-des-Vosges bouge en bleu pour l&#039;autisme - Saint Die Info\" \/>\n<meta name=\"twitter:description\" content=\"L&rsquo;an dernier, M\u00e9lanie Richard avait initi\u00e9 un grand \u00e9lan de solidarit\u00e9 avec \u00ab\u00a0Bouge en bleu pour l&rsquo;autisme\u00a0\u00bb, une journ\u00e9e de [&hellip;]\" \/>\n<meta name=\"twitter:image\" content=\"https:\/\/vosgesinfo.fr\/app\/uploads\/sites\/4\/2024\/02\/inauguration-journee-bouge-en-bleu-autisme-4.jpg\" \/>\n<meta name=\"twitter:creator\" content=\"@VosgesInfo88\" \/>\n<meta name=\"twitter:site\" content=\"@VosgesInfo88\" \/>\n<meta name=\"twitter:label1\" content=\"\u00c9crit par\" \/>\n\t<meta name=\"twitter:data1\" content=\"la r\u00e9daction\" \/>\n\t<meta name=\"twitter:label2\" content=\"Dur\u00e9e de lecture estim\u00e9e\" \/>\n\t<meta name=\"twitter:data2\" content=\"1 minute\" \/>\n<script type=\"application\/ld+json\" class=\"yoast-schema-graph\">{\"@context\":\"https:\/\/schema.org\",\"@graph\":[{\"@type\":\"Article\",\"@id\":\"https:\/\/vosgesinfo.fr\/saintdieinfo\/2023\/02\/cette-annee-saint-die-vosges-bouge-bleu-lautisme\/#article\",\"isPartOf\":{\"@id\":\"https:\/\/vosgesinfo.fr\/saintdieinfo\/2023\/02\/cette-annee-saint-die-vosges-bouge-bleu-lautisme\/\"},\"author\":{\"name\":\"la r\u00e9daction\",\"@id\":\"https:\/\/vosgesinfo.fr\/saintdieinfo\/#\/schema\/person\/faee6704a21f3977511db84bd1cd450f\"},\"headline\":\"Cette ann\u00e9e encore, Saint-Di\u00e9-des-Vosges bouge en bleu pour l&rsquo;autisme\",\"datePublished\":\"2023-02-08T16:30:44+00:00\",\"dateModified\":\"2023-02-08T16:30:44+00:00\",\"mainEntityOfPage\":{\"@id\":\"https:\/\/vosgesinfo.fr\/saintdieinfo\/2023\/02\/cette-annee-saint-die-vosges-bouge-bleu-lautisme\/\"},\"wordCount\":276,\"commentCount\":0,\"publisher\":{\"@id\":\"https:\/\/vosgesinfo.fr\/saintdieinfo\/#organization\"},\"image\":{\"@id\":\"https:\/\/vosgesinfo.fr\/saintdieinfo\/2023\/02\/cette-annee-saint-die-vosges-bouge-bleu-lautisme\/#primaryimage\"},\"thumbnailUrl\":\"https:\/\/vosgesinfo.fr\/app\/uploads\/sites\/4\/2024\/02\/inauguration-journee-bouge-en-bleu-autisme-4.jpg\",\"keywords\":[\"Asperger Lorraine\",\"Autisme\",\"Bouge en bleu pour l'autisme\",\"Espace Fran\u00e7ois-Mitterrand\",\"M\u00e9lanie Richard\",\"soleil autisme\"],\"articleSection\":[\"A la Une\",\"Saint-Di\u00e9-des-Vosges et son Agglom\u00e9ration\",\"Solidarit\u00e9\",\"Vie Associative\"],\"inLanguage\":\"fr-FR\",\"potentialAction\":[{\"@type\":\"CommentAction\",\"name\":\"Comment\",\"target\":[\"https:\/\/vosgesinfo.fr\/saintdieinfo\/2023\/02\/cette-annee-saint-die-vosges-bouge-bleu-lautisme\/#respond\"]}]},{\"@type\":\"WebPage\",\"@id\":\"https:\/\/vosgesinfo.fr\/saintdieinfo\/2023\/02\/cette-annee-saint-die-vosges-bouge-bleu-lautisme\/\",\"url\":\"https:\/\/vosgesinfo.fr\/saintdieinfo\/2023\/02\/cette-annee-saint-die-vosges-bouge-bleu-lautisme\/\",\"name\":\"Cette ann\u00e9e encore, Saint-Di\u00e9-des-Vosges bouge en bleu pour l'autisme - Saint Die Info\",\"isPartOf\":{\"@id\":\"https:\/\/vosgesinfo.fr\/saintdieinfo\/#website\"},\"primaryImageOfPage\":{\"@id\":\"https:\/\/vosgesinfo.fr\/saintdieinfo\/2023\/02\/cette-annee-saint-die-vosges-bouge-bleu-lautisme\/#primaryimage\"},\"image\":{\"@id\":\"https:\/\/vosgesinfo.fr\/saintdieinfo\/2023\/02\/cette-annee-saint-die-vosges-bouge-bleu-lautisme\/#primaryimage\"},\"thumbnailUrl\":\"https:\/\/vosgesinfo.fr\/app\/uploads\/sites\/4\/2024\/02\/inauguration-journee-bouge-en-bleu-autisme-4.jpg\",\"datePublished\":\"2023-02-08T16:30:44+00:00\",\"dateModified\":\"2023-02-08T16:30:44+00:00\",\"breadcrumb\":{\"@id\":\"https:\/\/vosgesinfo.fr\/saintdieinfo\/2023\/02\/cette-annee-saint-die-vosges-bouge-bleu-lautisme\/#breadcrumb\"},\"inLanguage\":\"fr-FR\",\"potentialAction\":[{\"@type\":\"ReadAction\",\"target\":[\"https:\/\/vosgesinfo.fr\/saintdieinfo\/2023\/02\/cette-annee-saint-die-vosges-bouge-bleu-lautisme\/\"]}]},{\"@type\":\"ImageObject\",\"inLanguage\":\"fr-FR\",\"@id\":\"https:\/\/vosgesinfo.fr\/saintdieinfo\/2023\/02\/cette-annee-saint-die-vosges-bouge-bleu-lautisme\/#primaryimage\",\"url\":\"https:\/\/vosgesinfo.fr\/app\/uploads\/sites\/4\/2024\/02\/inauguration-journee-bouge-en-bleu-autisme-4.jpg\",\"contentUrl\":\"https:\/\/vosgesinfo.fr\/app\/uploads\/sites\/4\/2024\/02\/inauguration-journee-bouge-en-bleu-autisme-4.jpg\",\"width\":1600,\"height\":1205},{\"@type\":\"BreadcrumbList\",\"@id\":\"https:\/\/vosgesinfo.fr\/saintdieinfo\/2023\/02\/cette-annee-saint-die-vosges-bouge-bleu-lautisme\/#breadcrumb\",\"itemListElement\":[{\"@type\":\"ListItem\",\"position\":1,\"name\":\"Home\",\"item\":\"https:\/\/vosgesinfo.fr\/saintdieinfo\/\"},{\"@type\":\"ListItem\",\"position\":2,\"name\":\"Cette ann\u00e9e encore, Saint-Di\u00e9-des-Vosges bouge en bleu pour l&rsquo;autisme\"}]},{\"@type\":\"WebSite\",\"@id\":\"https:\/\/vosgesinfo.fr\/saintdieinfo\/#website\",\"url\":\"https:\/\/vosgesinfo.fr\/saintdieinfo\/\",\"name\":\"Saint Die Info\",\"description\":\"Toute l&#039;actualit\u00e9 de Saint-Di\u00e9-Des-Vosges\",\"publisher\":{\"@id\":\"https:\/\/vosgesinfo.fr\/saintdieinfo\/#organization\"},\"alternateName\":\"Toute l'actualit\u00e9 de Saint-Di\u00e9-Des-Vosges\",\"potentialAction\":[{\"@type\":\"SearchAction\",\"target\":{\"@type\":\"EntryPoint\",\"urlTemplate\":\"https:\/\/vosgesinfo.fr\/saintdieinfo\/?s={search_term_string}\"},\"query-input\":\"required name=search_term_string\"}],\"inLanguage\":\"fr-FR\"},{\"@type\":\"Organization\",\"@id\":\"https:\/\/vosgesinfo.fr\/saintdieinfo\/#organization\",\"name\":\"Saint Die Info\",\"url\":\"https:\/\/vosgesinfo.fr\/saintdieinfo\/\",\"logo\":{\"@type\":\"ImageObject\",\"inLanguage\":\"fr-FR\",\"@id\":\"https:\/\/vosgesinfo.fr\/saintdieinfo\/#\/schema\/logo\/image\/\",\"url\":\"https:\/\/vosgesinfo.fr\/app\/uploads\/sites\/4\/2024\/02\/logo-sdi.jpg\",\"contentUrl\":\"https:\/\/vosgesinfo.fr\/app\/uploads\/sites\/4\/2024\/02\/logo-sdi.jpg\",\"width\":600,\"height\":600,\"caption\":\"Saint Die Info\"},\"image\":{\"@id\":\"https:\/\/vosgesinfo.fr\/saintdieinfo\/#\/schema\/logo\/image\/\"},\"sameAs\":[\"https:\/\/www.facebook.com\/Saintdieinfofr\",\"https:\/\/x.com\/VosgesInfo88\",\"https:\/\/www.youtube.com\/@vosgesinfo\"]},{\"@type\":\"Person\",\"@id\":\"https:\/\/vosgesinfo.fr\/saintdieinfo\/#\/schema\/person\/faee6704a21f3977511db84bd1cd450f\",\"name\":\"la r\u00e9daction\",\"image\":{\"@type\":\"ImageObject\",\"inLanguage\":\"fr-FR\",\"@id\":\"https:\/\/vosgesinfo.fr\/saintdieinfo\/#\/schema\/person\/image\/\",\"url\":\"https:\/\/secure.gravatar.com\/avatar\/6673d8bc6a9c17fa9a453eaa3448de834fa308c2ec9635b7aa99441a7c8d2cf6?s=96&d=mm&r=g\",\"contentUrl\":\"https:\/\/secure.gravatar.com\/avatar\/6673d8bc6a9c17fa9a453eaa3448de834fa308c2ec9635b7aa99441a7c8d2cf6?s=96&d=mm&r=g\",\"caption\":\"la r\u00e9daction\"},\"url\":\"https:\/\/vosgesinfo.fr\/saintdieinfo\/author\/redac\/\"}]}<\/script>\n<!-- \/ Yoast SEO plugin. -->","yoast_head_json":{"title":"Cette ann\u00e9e encore, Saint-Di\u00e9-des-Vosges bouge en bleu pour l'autisme - Saint Die Info","robots":{"index":"index","follow":"follow","max-snippet":"max-snippet:-1","max-image-preview":"max-image-preview:large","max-video-preview":"max-video-preview:-1"},"canonical":"https:\/\/vosgesinfo.fr\/saintdieinfo\/2023\/02\/cette-annee-saint-die-vosges-bouge-bleu-lautisme\/","twitter_card":"summary_large_image","twitter_title":"Cette ann\u00e9e encore, Saint-Di\u00e9-des-Vosges bouge en bleu pour l'autisme - Saint Die Info","twitter_description":"L&rsquo;an dernier, M\u00e9lanie Richard avait initi\u00e9 un grand \u00e9lan de solidarit\u00e9 avec \u00ab\u00a0Bouge en bleu pour l&rsquo;autisme\u00a0\u00bb, une journ\u00e9e de [&hellip;]","twitter_image":"https:\/\/vosgesinfo.fr\/app\/uploads\/sites\/4\/2024\/02\/inauguration-journee-bouge-en-bleu-autisme-4.jpg","twitter_creator":"@VosgesInfo88","twitter_site":"@VosgesInfo88","twitter_misc":{"\u00c9crit par":"la r\u00e9daction","Dur\u00e9e de lecture estim\u00e9e":"1 minute"},"schema":{"@context":"https:\/\/schema.org","@graph":[{"@type":"Article","@id":"https:\/\/vosgesinfo.fr\/saintdieinfo\/2023\/02\/cette-annee-saint-die-vosges-bouge-bleu-lautisme\/#article","isPartOf":{"@id":"https:\/\/vosgesinfo.fr\/saintdieinfo\/2023\/02\/cette-annee-saint-die-vosges-bouge-bleu-lautisme\/"},"author":{"name":"la r\u00e9daction","@id":"https:\/\/vosgesinfo.fr\/saintdieinfo\/#\/schema\/person\/faee6704a21f3977511db84bd1cd450f"},"headline":"Cette ann\u00e9e encore, Saint-Di\u00e9-des-Vosges bouge en bleu pour l&rsquo;autisme","datePublished":"2023-02-08T16:30:44+00:00","dateModified":"2023-02-08T16:30:44+00:00","mainEntityOfPage":{"@id":"https:\/\/vosgesinfo.fr\/saintdieinfo\/2023\/02\/cette-annee-saint-die-vosges-bouge-bleu-lautisme\/"},"wordCount":276,"commentCount":0,"publisher":{"@id":"https:\/\/vosgesinfo.fr\/saintdieinfo\/#organization"},"image":{"@id":"https:\/\/vosgesinfo.fr\/saintdieinfo\/2023\/02\/cette-annee-saint-die-vosges-bouge-bleu-lautisme\/#primaryimage"},"thumbnailUrl":"https:\/\/vosgesinfo.fr\/app\/uploads\/sites\/4\/2024\/02\/inauguration-journee-bouge-en-bleu-autisme-4.jpg","keywords":["Asperger Lorraine","Autisme","Bouge en bleu pour l'autisme","Espace Fran\u00e7ois-Mitterrand","M\u00e9lanie Richard","soleil autisme"],"articleSection":["A la Une","Saint-Di\u00e9-des-Vosges et son Agglom\u00e9ration","Solidarit\u00e9","Vie Associative"],"inLanguage":"fr-FR","potentialAction":[{"@type":"CommentAction","name":"Comment","target":["https:\/\/vosgesinfo.fr\/saintdieinfo\/2023\/02\/cette-annee-saint-die-vosges-bouge-bleu-lautisme\/#respond"]}]},{"@type":"WebPage","@id":"https:\/\/vosgesinfo.fr\/saintdieinfo\/2023\/02\/cette-annee-saint-die-vosges-bouge-bleu-lautisme\/","url":"https:\/\/vosgesinfo.fr\/saintdieinfo\/2023\/02\/cette-annee-saint-die-vosges-bouge-bleu-lautisme\/","name":"Cette ann\u00e9e encore, Saint-Di\u00e9-des-Vosges bouge en bleu pour l'autisme - Saint Die Info","isPartOf":{"@id":"https:\/\/vosgesinfo.fr\/saintdieinfo\/#website"},"primaryImageOfPage":{"@id":"https:\/\/vosgesinfo.fr\/saintdieinfo\/2023\/02\/cette-annee-saint-die-vosges-bouge-bleu-lautisme\/#primaryimage"},"image":{"@id":"https:\/\/vosgesinfo.fr\/saintdieinfo\/2023\/02\/cette-annee-saint-die-vosges-bouge-bleu-lautisme\/#primaryimage"},"thumbnailUrl":"https:\/\/vosgesinfo.fr\/app\/uploads\/sites\/4\/2024\/02\/inauguration-journee-bouge-en-bleu-autisme-4.jpg","datePublished":"2023-02-08T16:30:44+00:00","dateModified":"2023-02-08T16:30:44+00:00","breadcrumb":{"@id":"https:\/\/vosgesinfo.fr\/saintdieinfo\/2023\/02\/cette-annee-saint-die-vosges-bouge-bleu-lautisme\/#breadcrumb"},"inLanguage":"fr-FR","potentialAction":[{"@type":"ReadAction","target":["https:\/\/vosgesinfo.fr\/saintdieinfo\/2023\/02\/cette-annee-saint-die-vosges-bouge-bleu-lautisme\/"]}]},{"@type":"ImageObject","inLanguage":"fr-FR","@id":"https:\/\/vosgesinfo.fr\/saintdieinfo\/2023\/02\/cette-annee-saint-die-vosges-bouge-bleu-lautisme\/#primaryimage","url":"https:\/\/vosgesinfo.fr\/app\/uploads\/sites\/4\/2024\/02\/inauguration-journee-bouge-en-bleu-autisme-4.jpg","contentUrl":"https:\/\/vosgesinfo.fr\/app\/uploads\/sites\/4\/2024\/02\/inauguration-journee-bouge-en-bleu-autisme-4.jpg","width":1600,"height":1205},{"@type":"BreadcrumbList","@id":"https:\/\/vosgesinfo.fr\/saintdieinfo\/2023\/02\/cette-annee-saint-die-vosges-bouge-bleu-lautisme\/#breadcrumb","itemListElement":[{"@type":"ListItem","position":1,"name":"Home","item":"https:\/\/vosgesinfo.fr\/saintdieinfo\/"},{"@type":"ListItem","position":2,"name":"Cette ann\u00e9e encore, Saint-Di\u00e9-des-Vosges bouge en bleu pour l&rsquo;autisme"}]},{"@type":"WebSite","@id":"https:\/\/vosgesinfo.fr\/saintdieinfo\/#website","url":"https:\/\/vosgesinfo.fr\/saintdieinfo\/","name":"Saint Die Info","description":"Toute l&#039;actualit\u00e9 de Saint-Di\u00e9-Des-Vosges","publisher":{"@id":"https:\/\/vosgesinfo.fr\/saintdieinfo\/#organization"},"alternateName":"Toute l'actualit\u00e9 de Saint-Di\u00e9-Des-Vosges","potentialAction":[{"@type":"SearchAction","target":{"@type":"EntryPoint","urlTemplate":"https:\/\/vosgesinfo.fr\/saintdieinfo\/?s={search_term_string}"},"query-input":"required name=search_term_string"}],"inLanguage":"fr-FR"},{"@type":"Organization","@id":"https:\/\/vosgesinfo.fr\/saintdieinfo\/#organization","name":"Saint Die Info","url":"https:\/\/vosgesinfo.fr\/saintdieinfo\/","logo":{"@type":"ImageObject","inLanguage":"fr-FR","@id":"https:\/\/vosgesinfo.fr\/saintdieinfo\/#\/schema\/logo\/image\/","url":"https:\/\/vosgesinfo.fr\/app\/uploads\/sites\/4\/2024\/02\/logo-sdi.jpg","contentUrl":"https:\/\/vosgesinfo.fr\/app\/uploads\/sites\/4\/2024\/02\/logo-sdi.jpg","width":600,"height":600,"caption":"Saint Die Info"},"image":{"@id":"https:\/\/vosgesinfo.fr\/saintdieinfo\/#\/schema\/logo\/image\/"},"sameAs":["https:\/\/www.facebook.com\/Saintdieinfofr","https:\/\/x.com\/VosgesInfo88","https:\/\/www.youtube.com\/@vosgesinfo"]},{"@type":"Person","@id":"https:\/\/vosgesinfo.fr\/saintdieinfo\/#\/schema\/person\/faee6704a21f3977511db84bd1cd450f","name":"la r\u00e9daction","image":{"@type":"ImageObject","inLanguage":"fr-FR","@id":"https:\/\/vosgesinfo.fr\/saintdieinfo\/#\/schema\/person\/image\/","url":"https:\/\/secure.gravatar.com\/avatar\/6673d8bc6a9c17fa9a453eaa3448de834fa308c2ec9635b7aa99441a7c8d2cf6?s=96&d=mm&r=g","contentUrl":"https:\/\/secure.gravatar.com\/avatar\/6673d8bc6a9c17fa9a453eaa3448de834fa308c2ec9635b7aa99441a7c8d2cf6?s=96&d=mm&r=g","caption":"la r\u00e9daction"},"url":"https:\/\/vosgesinfo.fr\/saintdieinfo\/author\/redac\/"}]}},"_links":{"self":[{"href":"https:\/\/vosgesinfo.fr\/saintdieinfo\/wp-json\/wp\/v2\/posts\/62257","targetHints":{"allow":["GET"]}}],"collection":[{"href":"https:\/\/vosgesinfo.fr\/saintdieinfo\/wp-json\/wp\/v2\/posts"}],"about":[{"href":"https:\/\/vosgesinfo.fr\/saintdieinfo\/wp-json\/wp\/v2\/types\/post"}],"author":[{"embeddable":true,"href":"https:\/\/vosgesinfo.fr\/saintdieinfo\/wp-json\/wp\/v2\/users\/44"}],"replies":[{"embeddable":true,"href":"https:\/\/vosgesinfo.fr\/saintdieinfo\/wp-json\/wp\/v2\/comments?post=62257"}],"version-history":[{"count":0,"href":"https:\/\/vosgesinfo.fr\/saintdieinfo\/wp-json\/wp\/v2\/posts\/62257\/revisions"}],"wp:featuredmedia":[{"embeddable":true,"href":"https:\/\/vosgesinfo.fr\/saintdieinfo\/wp-json\/wp\/v2\/media\/29254"}],"wp:attachment":[{"href":"https:\/\/vosgesinfo.fr\/saintdieinfo\/wp-json\/wp\/v2\/media?parent=62257"}],"wp:term":[{"taxonomy":"category","embeddable":true,"href":"https:\/\/vosgesinfo.fr\/saintdieinfo\/wp-json\/wp\/v2\/categories?post=62257"},{"taxonomy":"post_tag","embeddable":true,"href":"https:\/\/vosgesinfo.fr\/saintdieinfo\/wp-json\/wp\/v2\/tags?post=62257"}],"curies":[{"name":"wp","href":"https:\/\/api.w.org\/{rel}","templated":true}]}}