{"id":62259,"date":"2023-02-09T07:00:43","date_gmt":"2023-02-09T06:00:43","guid":{"rendered":"https:\/\/vosgesinfo.fr\/saintdieinfo\/2023\/02\/saint-die-vosges-se-mobilise-venir-aide-aux-populations-turque-syrienne\/"},"modified":"2023-02-09T07:00:43","modified_gmt":"2023-02-09T06:00:43","slug":"saint-die-vosges-se-mobilise-venir-aide-aux-populations-turque-syrienne","status":"publish","type":"post","link":"https:\/\/vosgesinfo.fr\/saintdieinfo\/2023\/02\/saint-die-vosges-se-mobilise-venir-aide-aux-populations-turque-syrienne\/","title":{"rendered":"Saint-Di\u00e9-des-Vosges se mobilise pour venir en aide aux populations turque et syrienne"},"content":{"rendered":"<p><a href=\"\/2023\/02\/Solidarit\u00e9_Turquie_Syrie_Ville_SDDV.jpg\" target=\"_blank\" rel=\"noopener\"><img decoding=\"async\" class=\"aligncenter wp-image-196834 size-large\" src=\"\/2023\/02\/Solidarit\u00e9_Turquie_Syrie_Ville_SDDV-1024x771.jpg\" alt=\"Solidarit\u00e9_Turquie_Syrie_Ville_SDDV\" width=\"960\" height=\"723\" \/><\/a><\/p>\n<h2><strong><span style=\"font-size: 14pt;\">Un s\u00e9isme de magnitude 7,8 a frapp\u00e9 la Turquie et la Syrie ce lundi 6 f\u00e9vrier. Le dernier bilan de la catastrophe fait \u00e9tat de plus de 12 000 morts et des dizaines de milliers de bless\u00e9s. Afin de venir en aide aux populations des 2 pays touch\u00e9s, la Ville de Saint-Di\u00e9-des-Vosges s&rsquo;est rapidement mobilis\u00e9e en organisant un financement participatif sur la plateforme Collecticity.<\/span><\/strong><\/h2>\n<p><!--more--><\/p>\n<p>Comme le maire Bruno Toussaint l&rsquo;explique, si un financement participatif a \u00e9t\u00e9 choisi et non, par exemple, une collecte de produits divers comme c&rsquo;\u00e9tait le cas pour l&rsquo;Ukraine, \u00ab\u00a0c&rsquo;est parce qu&rsquo;il est difficile de conna\u00eetre les besoins des Turcs et des Syriens. J&rsquo;ai d\u00e9cid\u00e9, avec mon \u00e9quipe municipale, de travailler avec les ONG qui interviennent directement sur le terrain, dans les 2 r\u00e9gions victimes de ce tremblement de terre d\u00e9vastateur. Ce sont elles qui jugent le mieux des urgences \u00e0 d\u00e9ployer en fonction de l&rsquo;\u00e9volution de la situation. Que ce soit en terme de mat\u00e9riels sanitaires, de besoins alimentaires ou d&rsquo;aides \u00e0 la reconstruction. Ainsi, l&rsquo;argent collect\u00e9 par le biais de ce financement participatif sera utilis\u00e9 efficacement, en fonction des bsoins pr\u00e9cis exprim\u00e9s par les populations. La Municipalit\u00e9 a fait le choix d&rsquo;abonder \u00e0 hauteur de 5000\u20ac.\u00a0\u00bb<\/p>\n<p>Le financement participatif est accessible via le lien suivant : <strong><a href=\"https:\/\/app.collecticity.fr\/fr\/sddv-turquiesyrie\" target=\"_blank\" rel=\"noopener\">https:\/\/app.collecticity.fr\/fr\/sddv-turquiesyrie<\/a><\/strong>, en sachant que les particuliers pourront b\u00e9n\u00e9ficier d&rsquo;une r\u00e9duction de l&rsquo;imp\u00f4t sur le revenu \u00e9gale \u00e0 66% du montant de leur don, et de 60% pour les entreprises dans la limite de 5% de leur chiffre d&rsquo;affaires HT. Et pour les personnes qui ne disposeraient pas d&rsquo;un acc\u00e8s internet, elles peuvent d\u00e9poser un ch\u00e8que libell\u00e9 \u00e0 l&rsquo;ordre de la Tr\u00e9sorerie Municipale aupr\u00e8s de l&rsquo;accueil de l&rsquo;H\u00f4tel de Ville. A l&rsquo;issue de la phase de collecte, ces personnes recevront un re\u00e7u fiscal, qui leur permettra \u00e9galement de b\u00e9n\u00e9ficier de la r\u00e9duction de l&rsquo;imp\u00f4t.<\/p>\n<p>J.J.<\/p>\n<p><a href=\"\/2023\/02\/Solidarit\u00e9_Turquie_Syrie_Ville_SDDV_Banni\u00e8re.jpg\" target=\"_blank\" rel=\"noopener\"><img decoding=\"async\" class=\"aligncenter wp-image-196835 size-large\" src=\"\/2023\/02\/Solidarit\u00e9_Turquie_Syrie_Ville_SDDV_Banni\u00e8re-1024x217.jpg\" alt=\"Solidarit\u00e9_Turquie_Syrie_Ville_SDDV_Banni\u00e8re\" width=\"960\" height=\"203\" \/><\/a><\/p>\n","protected":false},"excerpt":{"rendered":"<p>Un s\u00e9isme de magnitude 7,8 a frapp\u00e9 la Turquie et la Syrie ce lundi 6 f\u00e9vrier. Le dernier bilan de [&hellip;]<\/p>\n","protected":false},"author":44,"featured_media":62260,"comment_status":"open","ping_status":"open","sticky":false,"template":"","format":"standard","meta":{"footnotes":""},"categories":[460,2915,29],"tags":[],"class_list":["post-62259","post","type-post","status-publish","format-standard","has-post-thumbnail","hentry","category-a-la-une","category-saint-die-son-canton","category-solidarite"],"acf":[],"yoast_head":"<!-- This site is optimized with the Yoast SEO plugin v22.5 - https:\/\/yoast.com\/wordpress\/plugins\/seo\/ -->\n<title>Saint-Di\u00e9-des-Vosges se mobilise pour venir en aide aux populations turque et syrienne - Saint Die Info<\/title>\n<meta name=\"robots\" content=\"index, follow, max-snippet:-1, max-image-preview:large, max-video-preview:-1\" \/>\n<link rel=\"canonical\" href=\"https:\/\/vosgesinfo.fr\/saintdieinfo\/2023\/02\/saint-die-vosges-se-mobilise-venir-aide-aux-populations-turque-syrienne\/\" \/>\n<meta name=\"twitter:card\" content=\"summary_large_image\" \/>\n<meta name=\"twitter:title\" content=\"Saint-Di\u00e9-des-Vosges se mobilise pour venir en aide aux populations turque et syrienne - Saint Die Info\" \/>\n<meta name=\"twitter:description\" content=\"Un s\u00e9isme de magnitude 7,8 a frapp\u00e9 la Turquie et la Syrie ce lundi 6 f\u00e9vrier. Le dernier bilan de [&hellip;]\" \/>\n<meta name=\"twitter:image\" content=\"https:\/\/vosgesinfo.fr\/app\/uploads\/sites\/4\/2024\/08\/202302solidarite-turquie-syrie-ville-sddv.jpg\" \/>\n<meta name=\"twitter:creator\" content=\"@VosgesInfo88\" \/>\n<meta name=\"twitter:site\" content=\"@VosgesInfo88\" \/>\n<meta name=\"twitter:label1\" content=\"\u00c9crit par\" \/>\n\t<meta name=\"twitter:data1\" content=\"la r\u00e9daction\" \/>\n\t<meta name=\"twitter:label2\" content=\"Dur\u00e9e de lecture estim\u00e9e\" \/>\n\t<meta name=\"twitter:data2\" content=\"2 minutes\" \/>\n<script type=\"application\/ld+json\" class=\"yoast-schema-graph\">{\"@context\":\"https:\/\/schema.org\",\"@graph\":[{\"@type\":\"Article\",\"@id\":\"https:\/\/vosgesinfo.fr\/saintdieinfo\/2023\/02\/saint-die-vosges-se-mobilise-venir-aide-aux-populations-turque-syrienne\/#article\",\"isPartOf\":{\"@id\":\"https:\/\/vosgesinfo.fr\/saintdieinfo\/2023\/02\/saint-die-vosges-se-mobilise-venir-aide-aux-populations-turque-syrienne\/\"},\"author\":{\"name\":\"la r\u00e9daction\",\"@id\":\"https:\/\/vosgesinfo.fr\/saintdieinfo\/#\/schema\/person\/faee6704a21f3977511db84bd1cd450f\"},\"headline\":\"Saint-Di\u00e9-des-Vosges se mobilise pour venir en aide aux populations turque et syrienne\",\"datePublished\":\"2023-02-09T06:00:43+00:00\",\"dateModified\":\"2023-02-09T06:00:43+00:00\",\"mainEntityOfPage\":{\"@id\":\"https:\/\/vosgesinfo.fr\/saintdieinfo\/2023\/02\/saint-die-vosges-se-mobilise-venir-aide-aux-populations-turque-syrienne\/\"},\"wordCount\":357,\"commentCount\":0,\"publisher\":{\"@id\":\"https:\/\/vosgesinfo.fr\/saintdieinfo\/#organization\"},\"image\":{\"@id\":\"https:\/\/vosgesinfo.fr\/saintdieinfo\/2023\/02\/saint-die-vosges-se-mobilise-venir-aide-aux-populations-turque-syrienne\/#primaryimage\"},\"thumbnailUrl\":\"https:\/\/vosgesinfo.fr\/app\/uploads\/sites\/4\/2024\/08\/202302solidarite-turquie-syrie-ville-sddv.jpg\",\"articleSection\":[\"A la Une\",\"Saint-Di\u00e9-des-Vosges et son Agglom\u00e9ration\",\"Solidarit\u00e9\"],\"inLanguage\":\"fr-FR\",\"potentialAction\":[{\"@type\":\"CommentAction\",\"name\":\"Comment\",\"target\":[\"https:\/\/vosgesinfo.fr\/saintdieinfo\/2023\/02\/saint-die-vosges-se-mobilise-venir-aide-aux-populations-turque-syrienne\/#respond\"]}]},{\"@type\":\"WebPage\",\"@id\":\"https:\/\/vosgesinfo.fr\/saintdieinfo\/2023\/02\/saint-die-vosges-se-mobilise-venir-aide-aux-populations-turque-syrienne\/\",\"url\":\"https:\/\/vosgesinfo.fr\/saintdieinfo\/2023\/02\/saint-die-vosges-se-mobilise-venir-aide-aux-populations-turque-syrienne\/\",\"name\":\"Saint-Di\u00e9-des-Vosges se mobilise pour venir en aide aux populations turque et syrienne - Saint Die Info\",\"isPartOf\":{\"@id\":\"https:\/\/vosgesinfo.fr\/saintdieinfo\/#website\"},\"primaryImageOfPage\":{\"@id\":\"https:\/\/vosgesinfo.fr\/saintdieinfo\/2023\/02\/saint-die-vosges-se-mobilise-venir-aide-aux-populations-turque-syrienne\/#primaryimage\"},\"image\":{\"@id\":\"https:\/\/vosgesinfo.fr\/saintdieinfo\/2023\/02\/saint-die-vosges-se-mobilise-venir-aide-aux-populations-turque-syrienne\/#primaryimage\"},\"thumbnailUrl\":\"https:\/\/vosgesinfo.fr\/app\/uploads\/sites\/4\/2024\/08\/202302solidarite-turquie-syrie-ville-sddv.jpg\",\"datePublished\":\"2023-02-09T06:00:43+00:00\",\"dateModified\":\"2023-02-09T06:00:43+00:00\",\"breadcrumb\":{\"@id\":\"https:\/\/vosgesinfo.fr\/saintdieinfo\/2023\/02\/saint-die-vosges-se-mobilise-venir-aide-aux-populations-turque-syrienne\/#breadcrumb\"},\"inLanguage\":\"fr-FR\",\"potentialAction\":[{\"@type\":\"ReadAction\",\"target\":[\"https:\/\/vosgesinfo.fr\/saintdieinfo\/2023\/02\/saint-die-vosges-se-mobilise-venir-aide-aux-populations-turque-syrienne\/\"]}]},{\"@type\":\"ImageObject\",\"inLanguage\":\"fr-FR\",\"@id\":\"https:\/\/vosgesinfo.fr\/saintdieinfo\/2023\/02\/saint-die-vosges-se-mobilise-venir-aide-aux-populations-turque-syrienne\/#primaryimage\",\"url\":\"https:\/\/vosgesinfo.fr\/app\/uploads\/sites\/4\/2024\/08\/202302solidarite-turquie-syrie-ville-sddv.jpg\",\"contentUrl\":\"https:\/\/vosgesinfo.fr\/app\/uploads\/sites\/4\/2024\/08\/202302solidarite-turquie-syrie-ville-sddv.jpg\",\"width\":1600,\"height\":1205},{\"@type\":\"BreadcrumbList\",\"@id\":\"https:\/\/vosgesinfo.fr\/saintdieinfo\/2023\/02\/saint-die-vosges-se-mobilise-venir-aide-aux-populations-turque-syrienne\/#breadcrumb\",\"itemListElement\":[{\"@type\":\"ListItem\",\"position\":1,\"name\":\"Home\",\"item\":\"https:\/\/vosgesinfo.fr\/saintdieinfo\/\"},{\"@type\":\"ListItem\",\"position\":2,\"name\":\"Saint-Di\u00e9-des-Vosges se mobilise pour venir en aide aux populations turque et syrienne\"}]},{\"@type\":\"WebSite\",\"@id\":\"https:\/\/vosgesinfo.fr\/saintdieinfo\/#website\",\"url\":\"https:\/\/vosgesinfo.fr\/saintdieinfo\/\",\"name\":\"Saint Die Info\",\"description\":\"Toute l&#039;actualit\u00e9 de Saint-Di\u00e9-Des-Vosges\",\"publisher\":{\"@id\":\"https:\/\/vosgesinfo.fr\/saintdieinfo\/#organization\"},\"alternateName\":\"Toute l'actualit\u00e9 de Saint-Di\u00e9-Des-Vosges\",\"potentialAction\":[{\"@type\":\"SearchAction\",\"target\":{\"@type\":\"EntryPoint\",\"urlTemplate\":\"https:\/\/vosgesinfo.fr\/saintdieinfo\/?s={search_term_string}\"},\"query-input\":\"required name=search_term_string\"}],\"inLanguage\":\"fr-FR\"},{\"@type\":\"Organization\",\"@id\":\"https:\/\/vosgesinfo.fr\/saintdieinfo\/#organization\",\"name\":\"Saint Die Info\",\"url\":\"https:\/\/vosgesinfo.fr\/saintdieinfo\/\",\"logo\":{\"@type\":\"ImageObject\",\"inLanguage\":\"fr-FR\",\"@id\":\"https:\/\/vosgesinfo.fr\/saintdieinfo\/#\/schema\/logo\/image\/\",\"url\":\"https:\/\/vosgesinfo.fr\/app\/uploads\/sites\/4\/2024\/02\/logo-sdi.jpg\",\"contentUrl\":\"https:\/\/vosgesinfo.fr\/app\/uploads\/sites\/4\/2024\/02\/logo-sdi.jpg\",\"width\":600,\"height\":600,\"caption\":\"Saint Die Info\"},\"image\":{\"@id\":\"https:\/\/vosgesinfo.fr\/saintdieinfo\/#\/schema\/logo\/image\/\"},\"sameAs\":[\"https:\/\/www.facebook.com\/Saintdieinfofr\",\"https:\/\/x.com\/VosgesInfo88\",\"https:\/\/www.youtube.com\/@vosgesinfo\"]},{\"@type\":\"Person\",\"@id\":\"https:\/\/vosgesinfo.fr\/saintdieinfo\/#\/schema\/person\/faee6704a21f3977511db84bd1cd450f\",\"name\":\"la r\u00e9daction\",\"image\":{\"@type\":\"ImageObject\",\"inLanguage\":\"fr-FR\",\"@id\":\"https:\/\/vosgesinfo.fr\/saintdieinfo\/#\/schema\/person\/image\/\",\"url\":\"https:\/\/secure.gravatar.com\/avatar\/6673d8bc6a9c17fa9a453eaa3448de834fa308c2ec9635b7aa99441a7c8d2cf6?s=96&d=mm&r=g\",\"contentUrl\":\"https:\/\/secure.gravatar.com\/avatar\/6673d8bc6a9c17fa9a453eaa3448de834fa308c2ec9635b7aa99441a7c8d2cf6?s=96&d=mm&r=g\",\"caption\":\"la r\u00e9daction\"},\"url\":\"https:\/\/vosgesinfo.fr\/saintdieinfo\/author\/redac\/\"}]}<\/script>\n<!-- \/ Yoast SEO plugin. -->","yoast_head_json":{"title":"Saint-Di\u00e9-des-Vosges se mobilise pour venir en aide aux populations turque et syrienne - Saint Die Info","robots":{"index":"index","follow":"follow","max-snippet":"max-snippet:-1","max-image-preview":"max-image-preview:large","max-video-preview":"max-video-preview:-1"},"canonical":"https:\/\/vosgesinfo.fr\/saintdieinfo\/2023\/02\/saint-die-vosges-se-mobilise-venir-aide-aux-populations-turque-syrienne\/","twitter_card":"summary_large_image","twitter_title":"Saint-Di\u00e9-des-Vosges se mobilise pour venir en aide aux populations turque et syrienne - Saint Die Info","twitter_description":"Un s\u00e9isme de magnitude 7,8 a frapp\u00e9 la Turquie et la Syrie ce lundi 6 f\u00e9vrier. Le dernier bilan de [&hellip;]","twitter_image":"https:\/\/vosgesinfo.fr\/app\/uploads\/sites\/4\/2024\/08\/202302solidarite-turquie-syrie-ville-sddv.jpg","twitter_creator":"@VosgesInfo88","twitter_site":"@VosgesInfo88","twitter_misc":{"\u00c9crit par":"la r\u00e9daction","Dur\u00e9e de lecture estim\u00e9e":"2 minutes"},"schema":{"@context":"https:\/\/schema.org","@graph":[{"@type":"Article","@id":"https:\/\/vosgesinfo.fr\/saintdieinfo\/2023\/02\/saint-die-vosges-se-mobilise-venir-aide-aux-populations-turque-syrienne\/#article","isPartOf":{"@id":"https:\/\/vosgesinfo.fr\/saintdieinfo\/2023\/02\/saint-die-vosges-se-mobilise-venir-aide-aux-populations-turque-syrienne\/"},"author":{"name":"la r\u00e9daction","@id":"https:\/\/vosgesinfo.fr\/saintdieinfo\/#\/schema\/person\/faee6704a21f3977511db84bd1cd450f"},"headline":"Saint-Di\u00e9-des-Vosges se mobilise pour venir en aide aux populations turque et syrienne","datePublished":"2023-02-09T06:00:43+00:00","dateModified":"2023-02-09T06:00:43+00:00","mainEntityOfPage":{"@id":"https:\/\/vosgesinfo.fr\/saintdieinfo\/2023\/02\/saint-die-vosges-se-mobilise-venir-aide-aux-populations-turque-syrienne\/"},"wordCount":357,"commentCount":0,"publisher":{"@id":"https:\/\/vosgesinfo.fr\/saintdieinfo\/#organization"},"image":{"@id":"https:\/\/vosgesinfo.fr\/saintdieinfo\/2023\/02\/saint-die-vosges-se-mobilise-venir-aide-aux-populations-turque-syrienne\/#primaryimage"},"thumbnailUrl":"https:\/\/vosgesinfo.fr\/app\/uploads\/sites\/4\/2024\/08\/202302solidarite-turquie-syrie-ville-sddv.jpg","articleSection":["A la Une","Saint-Di\u00e9-des-Vosges et son Agglom\u00e9ration","Solidarit\u00e9"],"inLanguage":"fr-FR","potentialAction":[{"@type":"CommentAction","name":"Comment","target":["https:\/\/vosgesinfo.fr\/saintdieinfo\/2023\/02\/saint-die-vosges-se-mobilise-venir-aide-aux-populations-turque-syrienne\/#respond"]}]},{"@type":"WebPage","@id":"https:\/\/vosgesinfo.fr\/saintdieinfo\/2023\/02\/saint-die-vosges-se-mobilise-venir-aide-aux-populations-turque-syrienne\/","url":"https:\/\/vosgesinfo.fr\/saintdieinfo\/2023\/02\/saint-die-vosges-se-mobilise-venir-aide-aux-populations-turque-syrienne\/","name":"Saint-Di\u00e9-des-Vosges se mobilise pour venir en aide aux populations turque et syrienne - Saint Die Info","isPartOf":{"@id":"https:\/\/vosgesinfo.fr\/saintdieinfo\/#website"},"primaryImageOfPage":{"@id":"https:\/\/vosgesinfo.fr\/saintdieinfo\/2023\/02\/saint-die-vosges-se-mobilise-venir-aide-aux-populations-turque-syrienne\/#primaryimage"},"image":{"@id":"https:\/\/vosgesinfo.fr\/saintdieinfo\/2023\/02\/saint-die-vosges-se-mobilise-venir-aide-aux-populations-turque-syrienne\/#primaryimage"},"thumbnailUrl":"https:\/\/vosgesinfo.fr\/app\/uploads\/sites\/4\/2024\/08\/202302solidarite-turquie-syrie-ville-sddv.jpg","datePublished":"2023-02-09T06:00:43+00:00","dateModified":"2023-02-09T06:00:43+00:00","breadcrumb":{"@id":"https:\/\/vosgesinfo.fr\/saintdieinfo\/2023\/02\/saint-die-vosges-se-mobilise-venir-aide-aux-populations-turque-syrienne\/#breadcrumb"},"inLanguage":"fr-FR","potentialAction":[{"@type":"ReadAction","target":["https:\/\/vosgesinfo.fr\/saintdieinfo\/2023\/02\/saint-die-vosges-se-mobilise-venir-aide-aux-populations-turque-syrienne\/"]}]},{"@type":"ImageObject","inLanguage":"fr-FR","@id":"https:\/\/vosgesinfo.fr\/saintdieinfo\/2023\/02\/saint-die-vosges-se-mobilise-venir-aide-aux-populations-turque-syrienne\/#primaryimage","url":"https:\/\/vosgesinfo.fr\/app\/uploads\/sites\/4\/2024\/08\/202302solidarite-turquie-syrie-ville-sddv.jpg","contentUrl":"https:\/\/vosgesinfo.fr\/app\/uploads\/sites\/4\/2024\/08\/202302solidarite-turquie-syrie-ville-sddv.jpg","width":1600,"height":1205},{"@type":"BreadcrumbList","@id":"https:\/\/vosgesinfo.fr\/saintdieinfo\/2023\/02\/saint-die-vosges-se-mobilise-venir-aide-aux-populations-turque-syrienne\/#breadcrumb","itemListElement":[{"@type":"ListItem","position":1,"name":"Home","item":"https:\/\/vosgesinfo.fr\/saintdieinfo\/"},{"@type":"ListItem","position":2,"name":"Saint-Di\u00e9-des-Vosges se mobilise pour venir en aide aux populations turque et syrienne"}]},{"@type":"WebSite","@id":"https:\/\/vosgesinfo.fr\/saintdieinfo\/#website","url":"https:\/\/vosgesinfo.fr\/saintdieinfo\/","name":"Saint Die Info","description":"Toute l&#039;actualit\u00e9 de Saint-Di\u00e9-Des-Vosges","publisher":{"@id":"https:\/\/vosgesinfo.fr\/saintdieinfo\/#organization"},"alternateName":"Toute l'actualit\u00e9 de Saint-Di\u00e9-Des-Vosges","potentialAction":[{"@type":"SearchAction","target":{"@type":"EntryPoint","urlTemplate":"https:\/\/vosgesinfo.fr\/saintdieinfo\/?s={search_term_string}"},"query-input":"required name=search_term_string"}],"inLanguage":"fr-FR"},{"@type":"Organization","@id":"https:\/\/vosgesinfo.fr\/saintdieinfo\/#organization","name":"Saint Die Info","url":"https:\/\/vosgesinfo.fr\/saintdieinfo\/","logo":{"@type":"ImageObject","inLanguage":"fr-FR","@id":"https:\/\/vosgesinfo.fr\/saintdieinfo\/#\/schema\/logo\/image\/","url":"https:\/\/vosgesinfo.fr\/app\/uploads\/sites\/4\/2024\/02\/logo-sdi.jpg","contentUrl":"https:\/\/vosgesinfo.fr\/app\/uploads\/sites\/4\/2024\/02\/logo-sdi.jpg","width":600,"height":600,"caption":"Saint Die Info"},"image":{"@id":"https:\/\/vosgesinfo.fr\/saintdieinfo\/#\/schema\/logo\/image\/"},"sameAs":["https:\/\/www.facebook.com\/Saintdieinfofr","https:\/\/x.com\/VosgesInfo88","https:\/\/www.youtube.com\/@vosgesinfo"]},{"@type":"Person","@id":"https:\/\/vosgesinfo.fr\/saintdieinfo\/#\/schema\/person\/faee6704a21f3977511db84bd1cd450f","name":"la r\u00e9daction","image":{"@type":"ImageObject","inLanguage":"fr-FR","@id":"https:\/\/vosgesinfo.fr\/saintdieinfo\/#\/schema\/person\/image\/","url":"https:\/\/secure.gravatar.com\/avatar\/6673d8bc6a9c17fa9a453eaa3448de834fa308c2ec9635b7aa99441a7c8d2cf6?s=96&d=mm&r=g","contentUrl":"https:\/\/secure.gravatar.com\/avatar\/6673d8bc6a9c17fa9a453eaa3448de834fa308c2ec9635b7aa99441a7c8d2cf6?s=96&d=mm&r=g","caption":"la r\u00e9daction"},"url":"https:\/\/vosgesinfo.fr\/saintdieinfo\/author\/redac\/"}]}},"_links":{"self":[{"href":"https:\/\/vosgesinfo.fr\/saintdieinfo\/wp-json\/wp\/v2\/posts\/62259","targetHints":{"allow":["GET"]}}],"collection":[{"href":"https:\/\/vosgesinfo.fr\/saintdieinfo\/wp-json\/wp\/v2\/posts"}],"about":[{"href":"https:\/\/vosgesinfo.fr\/saintdieinfo\/wp-json\/wp\/v2\/types\/post"}],"author":[{"embeddable":true,"href":"https:\/\/vosgesinfo.fr\/saintdieinfo\/wp-json\/wp\/v2\/users\/44"}],"replies":[{"embeddable":true,"href":"https:\/\/vosgesinfo.fr\/saintdieinfo\/wp-json\/wp\/v2\/comments?post=62259"}],"version-history":[{"count":0,"href":"https:\/\/vosgesinfo.fr\/saintdieinfo\/wp-json\/wp\/v2\/posts\/62259\/revisions"}],"wp:featuredmedia":[{"embeddable":true,"href":"https:\/\/vosgesinfo.fr\/saintdieinfo\/wp-json\/wp\/v2\/media\/62260"}],"wp:attachment":[{"href":"https:\/\/vosgesinfo.fr\/saintdieinfo\/wp-json\/wp\/v2\/media?parent=62259"}],"wp:term":[{"taxonomy":"category","embeddable":true,"href":"https:\/\/vosgesinfo.fr\/saintdieinfo\/wp-json\/wp\/v2\/categories?post=62259"},{"taxonomy":"post_tag","embeddable":true,"href":"https:\/\/vosgesinfo.fr\/saintdieinfo\/wp-json\/wp\/v2\/tags?post=62259"}],"curies":[{"name":"wp","href":"https:\/\/api.w.org\/{rel}","templated":true}]}}