{"id":62266,"date":"2023-02-09T10:03:07","date_gmt":"2023-02-09T09:03:07","guid":{"rendered":"https:\/\/vosgesinfo.fr\/saintdieinfo\/2023\/02\/centre-social-lucie-aubrac-organise-salon-metiers-sport-jeudi-vendredi\/"},"modified":"2023-02-09T10:03:07","modified_gmt":"2023-02-09T09:03:07","slug":"centre-social-lucie-aubrac-organise-salon-metiers-sport-jeudi-vendredi","status":"publish","type":"post","link":"https:\/\/vosgesinfo.fr\/saintdieinfo\/2023\/02\/centre-social-lucie-aubrac-organise-salon-metiers-sport-jeudi-vendredi\/","title":{"rendered":"Le Centre Social Lucie-Aubrac organise un salon des m\u00e9tiers du sport ces jeudi et vendredi"},"content":{"rendered":"<h2><strong><span style=\"font-size: 14pt;\">Le sport est votre passion, vous voulez travailler dans ce milieu mais vous n&rsquo;\u00eates pas au niveau de Kalidou Koulibaly ou d&rsquo;autres sportifs de tr\u00e8s haut niveau\u00a0? Le salon des m\u00e9tiers du sport du Centre Social Lucie-Aubrac pourra vous apporter des cl\u00e9s.<\/span><\/strong><\/h2>\n<p><!--more--><\/p>\n<p>Organis\u00e9 par l&rsquo;\u00e9quipe du centre social du quartier Kellermann, ce salon gratuit, ouvert \u00e0 tous et dont c&rsquo;est la premi\u00e8re \u00e9dition, se d\u00e9roulera ces jeudi et vendredi apr\u00e8s-midi, de 16h \u00e0 18h. Sur place, les visiteurs pourront rencontrer et \u00e9changer avec les Louves et volleyeuses de haut niveau Nihel El Ghoul et Julie Mollinger, l&rsquo;ancien champion de boxe tha\u00ef Kevin Goubernator ou le vice-champion du monde de culturisme naturel J\u00e9r\u00e9my Santamaria, pour les plus connus. Seront \u00e9galement pr\u00e9sents un ancien basketteur, une ancienne joueuse de handball, des footballeuses, une di\u00e9t\u00e9ticienne, une kin\u00e9sith\u00e9rapeute et un journaliste. L&rsquo;id\u00e9e derri\u00e8re ce salon des m\u00e9tiers du sport est qu&rsquo;il est possible d&rsquo;exercer un m\u00e9tier gravitant autour du sport sans \u00eatre sportif professionnel. A noter que les adolescents qui viendront accompagn\u00e9s de leurs parents pourront participer \u00e0 une tombola, qui permettra de gagner 2 maillots vintage. De l&rsquo;Allemagne et de Barcelone.<\/p>\n<p>J.J.<\/p>\n<p><a href=\"\/2023\/02\/Salon_M\u00e9tiers_du_Sport_CSLA.jpg\" target=\"_blank\" rel=\"noopener\"><img decoding=\"async\" class=\"aligncenter wp-image-196847 size-large\" src=\"\/2023\/02\/Salon_M\u00e9tiers_du_Sport_CSLA-724x1024.jpg\" alt=\"Salon_M\u00e9tiers_du_Sport_CSLA\" width=\"724\" height=\"1024\" \/><\/a><\/p>\n","protected":false},"excerpt":{"rendered":"<p>Le sport est votre passion, vous voulez travailler dans ce milieu mais vous n&rsquo;\u00eates pas au niveau de Kalidou Koulibaly [&hellip;]<\/p>\n","protected":false},"author":44,"featured_media":62267,"comment_status":"open","ping_status":"open","sticky":false,"template":"","format":"standard","meta":{"footnotes":""},"categories":[460,2915,14],"tags":[4177,2971,13775],"class_list":["post-62266","post","type-post","status-publish","format-standard","has-post-thumbnail","hentry","category-a-la-une","category-saint-die-son-canton","category-sport","tag-centre-social-lucie-aubrac","tag-quartier-kellermann","tag-salon-des-metiers-du-sport"],"acf":[],"yoast_head":"<!-- This site is optimized with the Yoast SEO plugin v22.5 - https:\/\/yoast.com\/wordpress\/plugins\/seo\/ -->\n<title>Le Centre Social Lucie-Aubrac organise un salon des m\u00e9tiers du sport ces jeudi et vendredi - Saint Die Info<\/title>\n<meta name=\"robots\" content=\"index, follow, max-snippet:-1, max-image-preview:large, max-video-preview:-1\" \/>\n<link rel=\"canonical\" href=\"https:\/\/vosgesinfo.fr\/saintdieinfo\/2023\/02\/centre-social-lucie-aubrac-organise-salon-metiers-sport-jeudi-vendredi\/\" \/>\n<meta name=\"twitter:card\" content=\"summary_large_image\" \/>\n<meta name=\"twitter:title\" content=\"Le Centre Social Lucie-Aubrac organise un salon des m\u00e9tiers du sport ces jeudi et vendredi - Saint Die Info\" \/>\n<meta name=\"twitter:description\" content=\"Le sport est votre passion, vous voulez travailler dans ce milieu mais vous n&rsquo;\u00eates pas au niveau de Kalidou Koulibaly [&hellip;]\" \/>\n<meta name=\"twitter:image\" content=\"https:\/\/vosgesinfo.fr\/app\/uploads\/sites\/4\/2024\/08\/202302salon-metiers-du-sport-csla-01.jpg\" \/>\n<meta name=\"twitter:creator\" content=\"@VosgesInfo88\" \/>\n<meta name=\"twitter:site\" content=\"@VosgesInfo88\" \/>\n<meta name=\"twitter:label1\" content=\"\u00c9crit par\" \/>\n\t<meta name=\"twitter:data1\" content=\"la r\u00e9daction\" \/>\n\t<meta name=\"twitter:label2\" content=\"Dur\u00e9e de lecture estim\u00e9e\" \/>\n\t<meta name=\"twitter:data2\" content=\"1 minute\" \/>\n<script type=\"application\/ld+json\" class=\"yoast-schema-graph\">{\"@context\":\"https:\/\/schema.org\",\"@graph\":[{\"@type\":\"Article\",\"@id\":\"https:\/\/vosgesinfo.fr\/saintdieinfo\/2023\/02\/centre-social-lucie-aubrac-organise-salon-metiers-sport-jeudi-vendredi\/#article\",\"isPartOf\":{\"@id\":\"https:\/\/vosgesinfo.fr\/saintdieinfo\/2023\/02\/centre-social-lucie-aubrac-organise-salon-metiers-sport-jeudi-vendredi\/\"},\"author\":{\"name\":\"la r\u00e9daction\",\"@id\":\"https:\/\/vosgesinfo.fr\/saintdieinfo\/#\/schema\/person\/faee6704a21f3977511db84bd1cd450f\"},\"headline\":\"Le Centre Social Lucie-Aubrac organise un salon des m\u00e9tiers du sport ces jeudi et vendredi\",\"datePublished\":\"2023-02-09T09:03:07+00:00\",\"dateModified\":\"2023-02-09T09:03:07+00:00\",\"mainEntityOfPage\":{\"@id\":\"https:\/\/vosgesinfo.fr\/saintdieinfo\/2023\/02\/centre-social-lucie-aubrac-organise-salon-metiers-sport-jeudi-vendredi\/\"},\"wordCount\":229,\"commentCount\":0,\"publisher\":{\"@id\":\"https:\/\/vosgesinfo.fr\/saintdieinfo\/#organization\"},\"image\":{\"@id\":\"https:\/\/vosgesinfo.fr\/saintdieinfo\/2023\/02\/centre-social-lucie-aubrac-organise-salon-metiers-sport-jeudi-vendredi\/#primaryimage\"},\"thumbnailUrl\":\"https:\/\/vosgesinfo.fr\/app\/uploads\/sites\/4\/2024\/08\/202302salon-metiers-du-sport-csla-01.jpg\",\"keywords\":[\"Centre-Social Lucie Aubrac\",\"Quartier Kellermann\",\"Salon des m\u00e9tiers du sport\"],\"articleSection\":[\"A la Une\",\"Saint-Di\u00e9-des-Vosges et son Agglom\u00e9ration\",\"Sport\"],\"inLanguage\":\"fr-FR\",\"potentialAction\":[{\"@type\":\"CommentAction\",\"name\":\"Comment\",\"target\":[\"https:\/\/vosgesinfo.fr\/saintdieinfo\/2023\/02\/centre-social-lucie-aubrac-organise-salon-metiers-sport-jeudi-vendredi\/#respond\"]}]},{\"@type\":\"WebPage\",\"@id\":\"https:\/\/vosgesinfo.fr\/saintdieinfo\/2023\/02\/centre-social-lucie-aubrac-organise-salon-metiers-sport-jeudi-vendredi\/\",\"url\":\"https:\/\/vosgesinfo.fr\/saintdieinfo\/2023\/02\/centre-social-lucie-aubrac-organise-salon-metiers-sport-jeudi-vendredi\/\",\"name\":\"Le Centre Social Lucie-Aubrac organise un salon des m\u00e9tiers du sport ces jeudi et vendredi - Saint Die Info\",\"isPartOf\":{\"@id\":\"https:\/\/vosgesinfo.fr\/saintdieinfo\/#website\"},\"primaryImageOfPage\":{\"@id\":\"https:\/\/vosgesinfo.fr\/saintdieinfo\/2023\/02\/centre-social-lucie-aubrac-organise-salon-metiers-sport-jeudi-vendredi\/#primaryimage\"},\"image\":{\"@id\":\"https:\/\/vosgesinfo.fr\/saintdieinfo\/2023\/02\/centre-social-lucie-aubrac-organise-salon-metiers-sport-jeudi-vendredi\/#primaryimage\"},\"thumbnailUrl\":\"https:\/\/vosgesinfo.fr\/app\/uploads\/sites\/4\/2024\/08\/202302salon-metiers-du-sport-csla-01.jpg\",\"datePublished\":\"2023-02-09T09:03:07+00:00\",\"dateModified\":\"2023-02-09T09:03:07+00:00\",\"breadcrumb\":{\"@id\":\"https:\/\/vosgesinfo.fr\/saintdieinfo\/2023\/02\/centre-social-lucie-aubrac-organise-salon-metiers-sport-jeudi-vendredi\/#breadcrumb\"},\"inLanguage\":\"fr-FR\",\"potentialAction\":[{\"@type\":\"ReadAction\",\"target\":[\"https:\/\/vosgesinfo.fr\/saintdieinfo\/2023\/02\/centre-social-lucie-aubrac-organise-salon-metiers-sport-jeudi-vendredi\/\"]}]},{\"@type\":\"ImageObject\",\"inLanguage\":\"fr-FR\",\"@id\":\"https:\/\/vosgesinfo.fr\/saintdieinfo\/2023\/02\/centre-social-lucie-aubrac-organise-salon-metiers-sport-jeudi-vendredi\/#primaryimage\",\"url\":\"https:\/\/vosgesinfo.fr\/app\/uploads\/sites\/4\/2024\/08\/202302salon-metiers-du-sport-csla-01.jpg\",\"contentUrl\":\"https:\/\/vosgesinfo.fr\/app\/uploads\/sites\/4\/2024\/08\/202302salon-metiers-du-sport-csla-01.jpg\",\"width\":1457,\"height\":676},{\"@type\":\"BreadcrumbList\",\"@id\":\"https:\/\/vosgesinfo.fr\/saintdieinfo\/2023\/02\/centre-social-lucie-aubrac-organise-salon-metiers-sport-jeudi-vendredi\/#breadcrumb\",\"itemListElement\":[{\"@type\":\"ListItem\",\"position\":1,\"name\":\"Home\",\"item\":\"https:\/\/vosgesinfo.fr\/saintdieinfo\/\"},{\"@type\":\"ListItem\",\"position\":2,\"name\":\"Le Centre Social Lucie-Aubrac organise un salon des m\u00e9tiers du sport ces jeudi et vendredi\"}]},{\"@type\":\"WebSite\",\"@id\":\"https:\/\/vosgesinfo.fr\/saintdieinfo\/#website\",\"url\":\"https:\/\/vosgesinfo.fr\/saintdieinfo\/\",\"name\":\"Saint Die Info\",\"description\":\"Toute l&#039;actualit\u00e9 de Saint-Di\u00e9-Des-Vosges\",\"publisher\":{\"@id\":\"https:\/\/vosgesinfo.fr\/saintdieinfo\/#organization\"},\"alternateName\":\"Toute l'actualit\u00e9 de Saint-Di\u00e9-Des-Vosges\",\"potentialAction\":[{\"@type\":\"SearchAction\",\"target\":{\"@type\":\"EntryPoint\",\"urlTemplate\":\"https:\/\/vosgesinfo.fr\/saintdieinfo\/?s={search_term_string}\"},\"query-input\":\"required name=search_term_string\"}],\"inLanguage\":\"fr-FR\"},{\"@type\":\"Organization\",\"@id\":\"https:\/\/vosgesinfo.fr\/saintdieinfo\/#organization\",\"name\":\"Saint Die Info\",\"url\":\"https:\/\/vosgesinfo.fr\/saintdieinfo\/\",\"logo\":{\"@type\":\"ImageObject\",\"inLanguage\":\"fr-FR\",\"@id\":\"https:\/\/vosgesinfo.fr\/saintdieinfo\/#\/schema\/logo\/image\/\",\"url\":\"https:\/\/vosgesinfo.fr\/app\/uploads\/sites\/4\/2024\/02\/logo-sdi.jpg\",\"contentUrl\":\"https:\/\/vosgesinfo.fr\/app\/uploads\/sites\/4\/2024\/02\/logo-sdi.jpg\",\"width\":600,\"height\":600,\"caption\":\"Saint Die Info\"},\"image\":{\"@id\":\"https:\/\/vosgesinfo.fr\/saintdieinfo\/#\/schema\/logo\/image\/\"},\"sameAs\":[\"https:\/\/www.facebook.com\/Saintdieinfofr\",\"https:\/\/x.com\/VosgesInfo88\",\"https:\/\/www.youtube.com\/@vosgesinfo\"]},{\"@type\":\"Person\",\"@id\":\"https:\/\/vosgesinfo.fr\/saintdieinfo\/#\/schema\/person\/faee6704a21f3977511db84bd1cd450f\",\"name\":\"la r\u00e9daction\",\"image\":{\"@type\":\"ImageObject\",\"inLanguage\":\"fr-FR\",\"@id\":\"https:\/\/vosgesinfo.fr\/saintdieinfo\/#\/schema\/person\/image\/\",\"url\":\"https:\/\/secure.gravatar.com\/avatar\/6673d8bc6a9c17fa9a453eaa3448de834fa308c2ec9635b7aa99441a7c8d2cf6?s=96&d=mm&r=g\",\"contentUrl\":\"https:\/\/secure.gravatar.com\/avatar\/6673d8bc6a9c17fa9a453eaa3448de834fa308c2ec9635b7aa99441a7c8d2cf6?s=96&d=mm&r=g\",\"caption\":\"la r\u00e9daction\"},\"url\":\"https:\/\/vosgesinfo.fr\/saintdieinfo\/author\/redac\/\"}]}<\/script>\n<!-- \/ Yoast SEO plugin. -->","yoast_head_json":{"title":"Le Centre Social Lucie-Aubrac organise un salon des m\u00e9tiers du sport ces jeudi et vendredi - Saint Die Info","robots":{"index":"index","follow":"follow","max-snippet":"max-snippet:-1","max-image-preview":"max-image-preview:large","max-video-preview":"max-video-preview:-1"},"canonical":"https:\/\/vosgesinfo.fr\/saintdieinfo\/2023\/02\/centre-social-lucie-aubrac-organise-salon-metiers-sport-jeudi-vendredi\/","twitter_card":"summary_large_image","twitter_title":"Le Centre Social Lucie-Aubrac organise un salon des m\u00e9tiers du sport ces jeudi et vendredi - Saint Die Info","twitter_description":"Le sport est votre passion, vous voulez travailler dans ce milieu mais vous n&rsquo;\u00eates pas au niveau de Kalidou Koulibaly [&hellip;]","twitter_image":"https:\/\/vosgesinfo.fr\/app\/uploads\/sites\/4\/2024\/08\/202302salon-metiers-du-sport-csla-01.jpg","twitter_creator":"@VosgesInfo88","twitter_site":"@VosgesInfo88","twitter_misc":{"\u00c9crit par":"la r\u00e9daction","Dur\u00e9e de lecture estim\u00e9e":"1 minute"},"schema":{"@context":"https:\/\/schema.org","@graph":[{"@type":"Article","@id":"https:\/\/vosgesinfo.fr\/saintdieinfo\/2023\/02\/centre-social-lucie-aubrac-organise-salon-metiers-sport-jeudi-vendredi\/#article","isPartOf":{"@id":"https:\/\/vosgesinfo.fr\/saintdieinfo\/2023\/02\/centre-social-lucie-aubrac-organise-salon-metiers-sport-jeudi-vendredi\/"},"author":{"name":"la r\u00e9daction","@id":"https:\/\/vosgesinfo.fr\/saintdieinfo\/#\/schema\/person\/faee6704a21f3977511db84bd1cd450f"},"headline":"Le Centre Social Lucie-Aubrac organise un salon des m\u00e9tiers du sport ces jeudi et vendredi","datePublished":"2023-02-09T09:03:07+00:00","dateModified":"2023-02-09T09:03:07+00:00","mainEntityOfPage":{"@id":"https:\/\/vosgesinfo.fr\/saintdieinfo\/2023\/02\/centre-social-lucie-aubrac-organise-salon-metiers-sport-jeudi-vendredi\/"},"wordCount":229,"commentCount":0,"publisher":{"@id":"https:\/\/vosgesinfo.fr\/saintdieinfo\/#organization"},"image":{"@id":"https:\/\/vosgesinfo.fr\/saintdieinfo\/2023\/02\/centre-social-lucie-aubrac-organise-salon-metiers-sport-jeudi-vendredi\/#primaryimage"},"thumbnailUrl":"https:\/\/vosgesinfo.fr\/app\/uploads\/sites\/4\/2024\/08\/202302salon-metiers-du-sport-csla-01.jpg","keywords":["Centre-Social Lucie Aubrac","Quartier Kellermann","Salon des m\u00e9tiers du sport"],"articleSection":["A la Une","Saint-Di\u00e9-des-Vosges et son Agglom\u00e9ration","Sport"],"inLanguage":"fr-FR","potentialAction":[{"@type":"CommentAction","name":"Comment","target":["https:\/\/vosgesinfo.fr\/saintdieinfo\/2023\/02\/centre-social-lucie-aubrac-organise-salon-metiers-sport-jeudi-vendredi\/#respond"]}]},{"@type":"WebPage","@id":"https:\/\/vosgesinfo.fr\/saintdieinfo\/2023\/02\/centre-social-lucie-aubrac-organise-salon-metiers-sport-jeudi-vendredi\/","url":"https:\/\/vosgesinfo.fr\/saintdieinfo\/2023\/02\/centre-social-lucie-aubrac-organise-salon-metiers-sport-jeudi-vendredi\/","name":"Le Centre Social Lucie-Aubrac organise un salon des m\u00e9tiers du sport ces jeudi et vendredi - Saint Die Info","isPartOf":{"@id":"https:\/\/vosgesinfo.fr\/saintdieinfo\/#website"},"primaryImageOfPage":{"@id":"https:\/\/vosgesinfo.fr\/saintdieinfo\/2023\/02\/centre-social-lucie-aubrac-organise-salon-metiers-sport-jeudi-vendredi\/#primaryimage"},"image":{"@id":"https:\/\/vosgesinfo.fr\/saintdieinfo\/2023\/02\/centre-social-lucie-aubrac-organise-salon-metiers-sport-jeudi-vendredi\/#primaryimage"},"thumbnailUrl":"https:\/\/vosgesinfo.fr\/app\/uploads\/sites\/4\/2024\/08\/202302salon-metiers-du-sport-csla-01.jpg","datePublished":"2023-02-09T09:03:07+00:00","dateModified":"2023-02-09T09:03:07+00:00","breadcrumb":{"@id":"https:\/\/vosgesinfo.fr\/saintdieinfo\/2023\/02\/centre-social-lucie-aubrac-organise-salon-metiers-sport-jeudi-vendredi\/#breadcrumb"},"inLanguage":"fr-FR","potentialAction":[{"@type":"ReadAction","target":["https:\/\/vosgesinfo.fr\/saintdieinfo\/2023\/02\/centre-social-lucie-aubrac-organise-salon-metiers-sport-jeudi-vendredi\/"]}]},{"@type":"ImageObject","inLanguage":"fr-FR","@id":"https:\/\/vosgesinfo.fr\/saintdieinfo\/2023\/02\/centre-social-lucie-aubrac-organise-salon-metiers-sport-jeudi-vendredi\/#primaryimage","url":"https:\/\/vosgesinfo.fr\/app\/uploads\/sites\/4\/2024\/08\/202302salon-metiers-du-sport-csla-01.jpg","contentUrl":"https:\/\/vosgesinfo.fr\/app\/uploads\/sites\/4\/2024\/08\/202302salon-metiers-du-sport-csla-01.jpg","width":1457,"height":676},{"@type":"BreadcrumbList","@id":"https:\/\/vosgesinfo.fr\/saintdieinfo\/2023\/02\/centre-social-lucie-aubrac-organise-salon-metiers-sport-jeudi-vendredi\/#breadcrumb","itemListElement":[{"@type":"ListItem","position":1,"name":"Home","item":"https:\/\/vosgesinfo.fr\/saintdieinfo\/"},{"@type":"ListItem","position":2,"name":"Le Centre Social Lucie-Aubrac organise un salon des m\u00e9tiers du sport ces jeudi et vendredi"}]},{"@type":"WebSite","@id":"https:\/\/vosgesinfo.fr\/saintdieinfo\/#website","url":"https:\/\/vosgesinfo.fr\/saintdieinfo\/","name":"Saint Die Info","description":"Toute l&#039;actualit\u00e9 de Saint-Di\u00e9-Des-Vosges","publisher":{"@id":"https:\/\/vosgesinfo.fr\/saintdieinfo\/#organization"},"alternateName":"Toute l'actualit\u00e9 de Saint-Di\u00e9-Des-Vosges","potentialAction":[{"@type":"SearchAction","target":{"@type":"EntryPoint","urlTemplate":"https:\/\/vosgesinfo.fr\/saintdieinfo\/?s={search_term_string}"},"query-input":"required name=search_term_string"}],"inLanguage":"fr-FR"},{"@type":"Organization","@id":"https:\/\/vosgesinfo.fr\/saintdieinfo\/#organization","name":"Saint Die Info","url":"https:\/\/vosgesinfo.fr\/saintdieinfo\/","logo":{"@type":"ImageObject","inLanguage":"fr-FR","@id":"https:\/\/vosgesinfo.fr\/saintdieinfo\/#\/schema\/logo\/image\/","url":"https:\/\/vosgesinfo.fr\/app\/uploads\/sites\/4\/2024\/02\/logo-sdi.jpg","contentUrl":"https:\/\/vosgesinfo.fr\/app\/uploads\/sites\/4\/2024\/02\/logo-sdi.jpg","width":600,"height":600,"caption":"Saint Die Info"},"image":{"@id":"https:\/\/vosgesinfo.fr\/saintdieinfo\/#\/schema\/logo\/image\/"},"sameAs":["https:\/\/www.facebook.com\/Saintdieinfofr","https:\/\/x.com\/VosgesInfo88","https:\/\/www.youtube.com\/@vosgesinfo"]},{"@type":"Person","@id":"https:\/\/vosgesinfo.fr\/saintdieinfo\/#\/schema\/person\/faee6704a21f3977511db84bd1cd450f","name":"la r\u00e9daction","image":{"@type":"ImageObject","inLanguage":"fr-FR","@id":"https:\/\/vosgesinfo.fr\/saintdieinfo\/#\/schema\/person\/image\/","url":"https:\/\/secure.gravatar.com\/avatar\/6673d8bc6a9c17fa9a453eaa3448de834fa308c2ec9635b7aa99441a7c8d2cf6?s=96&d=mm&r=g","contentUrl":"https:\/\/secure.gravatar.com\/avatar\/6673d8bc6a9c17fa9a453eaa3448de834fa308c2ec9635b7aa99441a7c8d2cf6?s=96&d=mm&r=g","caption":"la r\u00e9daction"},"url":"https:\/\/vosgesinfo.fr\/saintdieinfo\/author\/redac\/"}]}},"_links":{"self":[{"href":"https:\/\/vosgesinfo.fr\/saintdieinfo\/wp-json\/wp\/v2\/posts\/62266","targetHints":{"allow":["GET"]}}],"collection":[{"href":"https:\/\/vosgesinfo.fr\/saintdieinfo\/wp-json\/wp\/v2\/posts"}],"about":[{"href":"https:\/\/vosgesinfo.fr\/saintdieinfo\/wp-json\/wp\/v2\/types\/post"}],"author":[{"embeddable":true,"href":"https:\/\/vosgesinfo.fr\/saintdieinfo\/wp-json\/wp\/v2\/users\/44"}],"replies":[{"embeddable":true,"href":"https:\/\/vosgesinfo.fr\/saintdieinfo\/wp-json\/wp\/v2\/comments?post=62266"}],"version-history":[{"count":0,"href":"https:\/\/vosgesinfo.fr\/saintdieinfo\/wp-json\/wp\/v2\/posts\/62266\/revisions"}],"wp:featuredmedia":[{"embeddable":true,"href":"https:\/\/vosgesinfo.fr\/saintdieinfo\/wp-json\/wp\/v2\/media\/62267"}],"wp:attachment":[{"href":"https:\/\/vosgesinfo.fr\/saintdieinfo\/wp-json\/wp\/v2\/media?parent=62266"}],"wp:term":[{"taxonomy":"category","embeddable":true,"href":"https:\/\/vosgesinfo.fr\/saintdieinfo\/wp-json\/wp\/v2\/categories?post=62266"},{"taxonomy":"post_tag","embeddable":true,"href":"https:\/\/vosgesinfo.fr\/saintdieinfo\/wp-json\/wp\/v2\/tags?post=62266"}],"curies":[{"name":"wp","href":"https:\/\/api.w.org\/{rel}","templated":true}]}}