{"id":62269,"date":"2023-02-09T13:34:52","date_gmt":"2023-02-09T12:34:52","guid":{"rendered":"https:\/\/vosgesinfo.fr\/saintdieinfo\/2023\/02\/vosges-16-communes-nouvellement-raccordees-a-fibre-optique\/"},"modified":"2023-02-09T13:34:52","modified_gmt":"2023-02-09T12:34:52","slug":"vosges-16-communes-nouvellement-raccordees-a-fibre-optique","status":"publish","type":"post","link":"https:\/\/vosgesinfo.fr\/saintdieinfo\/2023\/02\/vosges-16-communes-nouvellement-raccordees-a-fibre-optique\/","title":{"rendered":"Vosges \u2013 16 communes nouvellement raccord\u00e9es \u00e0 la fibre optique"},"content":{"rendered":"<div id=\"attachment_162462\" style=\"width: 810px\" class=\"wp-caption aligncenter\"><a href=\"\/2020\/09\/Fibre_Optique.jpg\" target=\"_blank\" rel=\"noopener\"><img decoding=\"async\" aria-describedby=\"caption-attachment-162462\" class=\"wp-image-162462 size-full\" src=\"\/2020\/09\/Fibre_Optique.jpg\" alt=\"Fibre_Optique\" width=\"800\" height=\"424\" \/><\/a><p id=\"caption-attachment-162462\" class=\"wp-caption-text\">(Illustration)<\/p><\/div>\n<h2><strong><span style=\"font-size: 14pt;\">Le d\u00e9ploiement de la fibre optique se poursuit dans le Grand Est, avec 65 nouvelles communes \u00e9ligibles au tr\u00e8s haut d\u00e9bit \u00e0 compter du lundi 20 f\u00e9vrier prochain. Dans les Vosges, cela concerne les 16 communes suivantes :<\/span><\/strong><\/h2>\n<p><!--more--><\/p>\n<ul>\n<li><strong>Communaut\u00e9 d\u2019agglom\u00e9ration de Saint-Di\u00e9-des-Vosges<\/strong><\/li>\n<\/ul>\n<p>La Bourgonce, La Salle, Raon-l&rsquo;Etape, Saint-Michel-sur-Meurthe.<\/p>\n<ul>\n<li><strong>Communaut\u00e9 de communes de la R\u00e9gion de Rambervillers<br \/>\n<\/strong><\/li>\n<\/ul>\n<p>Saint-Gorgon, Vom\u00e9court.<\/p>\n<ul>\n<li><strong>Communaut\u00e9 de communes de Mirecourt-Dompaire<br \/>\n<\/strong><\/li>\n<\/ul>\n<p>Ambacourt, Bettoncourt, Bl\u00e9merey, Boulaincourt, Chauffecourt, Frenelle-la-Grande, Frenelle-la-Petite, Mazirot, Poussay, Puzieux.<\/p>\n","protected":false},"excerpt":{"rendered":"<p>Le d\u00e9ploiement de la fibre optique se poursuit dans le Grand Est, avec 65 nouvelles communes \u00e9ligibles au tr\u00e8s haut [&hellip;]<\/p>\n","protected":false},"author":44,"featured_media":28251,"comment_status":"open","ping_status":"open","sticky":false,"template":"","format":"standard","meta":{"footnotes":""},"categories":[460,18],"tags":[12067,5168],"class_list":["post-62269","post","type-post","status-publish","format-standard","has-post-thumbnail","hentry","category-a-la-une","category-vosges","tag-deploiement-de-la-fibre-optique","tag-fibre-optique"],"acf":[],"yoast_head":"<!-- This site is optimized with the Yoast SEO plugin v22.5 - https:\/\/yoast.com\/wordpress\/plugins\/seo\/ -->\n<title>Vosges \u2013 16 communes nouvellement raccord\u00e9es \u00e0 la fibre optique - Saint Die Info<\/title>\n<meta name=\"robots\" content=\"index, follow, max-snippet:-1, max-image-preview:large, max-video-preview:-1\" \/>\n<link rel=\"canonical\" href=\"https:\/\/vosgesinfo.fr\/saintdieinfo\/2023\/02\/vosges-16-communes-nouvellement-raccordees-a-fibre-optique\/\" \/>\n<meta name=\"twitter:card\" content=\"summary_large_image\" \/>\n<meta name=\"twitter:title\" content=\"Vosges \u2013 16 communes nouvellement raccord\u00e9es \u00e0 la fibre optique - Saint Die Info\" \/>\n<meta name=\"twitter:description\" content=\"Le d\u00e9ploiement de la fibre optique se poursuit dans le Grand Est, avec 65 nouvelles communes \u00e9ligibles au tr\u00e8s haut [&hellip;]\" \/>\n<meta name=\"twitter:image\" content=\"https:\/\/vosgesinfo.fr\/app\/uploads\/sites\/4\/2020\/09\/fibre-optique.jpg\" \/>\n<meta name=\"twitter:creator\" content=\"@VosgesInfo88\" \/>\n<meta name=\"twitter:site\" content=\"@VosgesInfo88\" \/>\n<meta name=\"twitter:label1\" content=\"\u00c9crit par\" \/>\n\t<meta name=\"twitter:data1\" content=\"la r\u00e9daction\" \/>\n<script type=\"application\/ld+json\" class=\"yoast-schema-graph\">{\"@context\":\"https:\/\/schema.org\",\"@graph\":[{\"@type\":\"Article\",\"@id\":\"https:\/\/vosgesinfo.fr\/saintdieinfo\/2023\/02\/vosges-16-communes-nouvellement-raccordees-a-fibre-optique\/#article\",\"isPartOf\":{\"@id\":\"https:\/\/vosgesinfo.fr\/saintdieinfo\/2023\/02\/vosges-16-communes-nouvellement-raccordees-a-fibre-optique\/\"},\"author\":{\"name\":\"la r\u00e9daction\",\"@id\":\"https:\/\/vosgesinfo.fr\/saintdieinfo\/#\/schema\/person\/faee6704a21f3977511db84bd1cd450f\"},\"headline\":\"Vosges \u2013 16 communes nouvellement raccord\u00e9es \u00e0 la fibre optique\",\"datePublished\":\"2023-02-09T12:34:52+00:00\",\"dateModified\":\"2023-02-09T12:34:52+00:00\",\"mainEntityOfPage\":{\"@id\":\"https:\/\/vosgesinfo.fr\/saintdieinfo\/2023\/02\/vosges-16-communes-nouvellement-raccordees-a-fibre-optique\/\"},\"wordCount\":95,\"commentCount\":0,\"publisher\":{\"@id\":\"https:\/\/vosgesinfo.fr\/saintdieinfo\/#organization\"},\"image\":{\"@id\":\"https:\/\/vosgesinfo.fr\/saintdieinfo\/2023\/02\/vosges-16-communes-nouvellement-raccordees-a-fibre-optique\/#primaryimage\"},\"thumbnailUrl\":\"https:\/\/vosgesinfo.fr\/app\/uploads\/sites\/4\/2020\/09\/fibre-optique.jpg\",\"keywords\":[\"D\u00e9ploiement de la fibre optique\",\"Fibre optique\"],\"articleSection\":[\"A la Une\",\"Vosges\"],\"inLanguage\":\"fr-FR\",\"potentialAction\":[{\"@type\":\"CommentAction\",\"name\":\"Comment\",\"target\":[\"https:\/\/vosgesinfo.fr\/saintdieinfo\/2023\/02\/vosges-16-communes-nouvellement-raccordees-a-fibre-optique\/#respond\"]}]},{\"@type\":\"WebPage\",\"@id\":\"https:\/\/vosgesinfo.fr\/saintdieinfo\/2023\/02\/vosges-16-communes-nouvellement-raccordees-a-fibre-optique\/\",\"url\":\"https:\/\/vosgesinfo.fr\/saintdieinfo\/2023\/02\/vosges-16-communes-nouvellement-raccordees-a-fibre-optique\/\",\"name\":\"Vosges \u2013 16 communes nouvellement raccord\u00e9es \u00e0 la fibre optique - Saint Die Info\",\"isPartOf\":{\"@id\":\"https:\/\/vosgesinfo.fr\/saintdieinfo\/#website\"},\"primaryImageOfPage\":{\"@id\":\"https:\/\/vosgesinfo.fr\/saintdieinfo\/2023\/02\/vosges-16-communes-nouvellement-raccordees-a-fibre-optique\/#primaryimage\"},\"image\":{\"@id\":\"https:\/\/vosgesinfo.fr\/saintdieinfo\/2023\/02\/vosges-16-communes-nouvellement-raccordees-a-fibre-optique\/#primaryimage\"},\"thumbnailUrl\":\"https:\/\/vosgesinfo.fr\/app\/uploads\/sites\/4\/2020\/09\/fibre-optique.jpg\",\"datePublished\":\"2023-02-09T12:34:52+00:00\",\"dateModified\":\"2023-02-09T12:34:52+00:00\",\"breadcrumb\":{\"@id\":\"https:\/\/vosgesinfo.fr\/saintdieinfo\/2023\/02\/vosges-16-communes-nouvellement-raccordees-a-fibre-optique\/#breadcrumb\"},\"inLanguage\":\"fr-FR\",\"potentialAction\":[{\"@type\":\"ReadAction\",\"target\":[\"https:\/\/vosgesinfo.fr\/saintdieinfo\/2023\/02\/vosges-16-communes-nouvellement-raccordees-a-fibre-optique\/\"]}]},{\"@type\":\"ImageObject\",\"inLanguage\":\"fr-FR\",\"@id\":\"https:\/\/vosgesinfo.fr\/saintdieinfo\/2023\/02\/vosges-16-communes-nouvellement-raccordees-a-fibre-optique\/#primaryimage\",\"url\":\"https:\/\/vosgesinfo.fr\/app\/uploads\/sites\/4\/2020\/09\/fibre-optique.jpg\",\"contentUrl\":\"https:\/\/vosgesinfo.fr\/app\/uploads\/sites\/4\/2020\/09\/fibre-optique.jpg\"},{\"@type\":\"BreadcrumbList\",\"@id\":\"https:\/\/vosgesinfo.fr\/saintdieinfo\/2023\/02\/vosges-16-communes-nouvellement-raccordees-a-fibre-optique\/#breadcrumb\",\"itemListElement\":[{\"@type\":\"ListItem\",\"position\":1,\"name\":\"Home\",\"item\":\"https:\/\/vosgesinfo.fr\/saintdieinfo\/\"},{\"@type\":\"ListItem\",\"position\":2,\"name\":\"Vosges \u2013 16 communes nouvellement raccord\u00e9es \u00e0 la fibre optique\"}]},{\"@type\":\"WebSite\",\"@id\":\"https:\/\/vosgesinfo.fr\/saintdieinfo\/#website\",\"url\":\"https:\/\/vosgesinfo.fr\/saintdieinfo\/\",\"name\":\"Saint Die Info\",\"description\":\"Toute l&#039;actualit\u00e9 de Saint-Di\u00e9-Des-Vosges\",\"publisher\":{\"@id\":\"https:\/\/vosgesinfo.fr\/saintdieinfo\/#organization\"},\"alternateName\":\"Toute l'actualit\u00e9 de Saint-Di\u00e9-Des-Vosges\",\"potentialAction\":[{\"@type\":\"SearchAction\",\"target\":{\"@type\":\"EntryPoint\",\"urlTemplate\":\"https:\/\/vosgesinfo.fr\/saintdieinfo\/?s={search_term_string}\"},\"query-input\":\"required name=search_term_string\"}],\"inLanguage\":\"fr-FR\"},{\"@type\":\"Organization\",\"@id\":\"https:\/\/vosgesinfo.fr\/saintdieinfo\/#organization\",\"name\":\"Saint Die Info\",\"url\":\"https:\/\/vosgesinfo.fr\/saintdieinfo\/\",\"logo\":{\"@type\":\"ImageObject\",\"inLanguage\":\"fr-FR\",\"@id\":\"https:\/\/vosgesinfo.fr\/saintdieinfo\/#\/schema\/logo\/image\/\",\"url\":\"https:\/\/vosgesinfo.fr\/app\/uploads\/sites\/4\/2024\/02\/logo-sdi.jpg\",\"contentUrl\":\"https:\/\/vosgesinfo.fr\/app\/uploads\/sites\/4\/2024\/02\/logo-sdi.jpg\",\"width\":600,\"height\":600,\"caption\":\"Saint Die Info\"},\"image\":{\"@id\":\"https:\/\/vosgesinfo.fr\/saintdieinfo\/#\/schema\/logo\/image\/\"},\"sameAs\":[\"https:\/\/www.facebook.com\/Saintdieinfofr\",\"https:\/\/x.com\/VosgesInfo88\",\"https:\/\/www.youtube.com\/@vosgesinfo\"]},{\"@type\":\"Person\",\"@id\":\"https:\/\/vosgesinfo.fr\/saintdieinfo\/#\/schema\/person\/faee6704a21f3977511db84bd1cd450f\",\"name\":\"la r\u00e9daction\",\"image\":{\"@type\":\"ImageObject\",\"inLanguage\":\"fr-FR\",\"@id\":\"https:\/\/vosgesinfo.fr\/saintdieinfo\/#\/schema\/person\/image\/\",\"url\":\"https:\/\/secure.gravatar.com\/avatar\/6673d8bc6a9c17fa9a453eaa3448de834fa308c2ec9635b7aa99441a7c8d2cf6?s=96&d=mm&r=g\",\"contentUrl\":\"https:\/\/secure.gravatar.com\/avatar\/6673d8bc6a9c17fa9a453eaa3448de834fa308c2ec9635b7aa99441a7c8d2cf6?s=96&d=mm&r=g\",\"caption\":\"la r\u00e9daction\"},\"url\":\"https:\/\/vosgesinfo.fr\/saintdieinfo\/author\/redac\/\"}]}<\/script>\n<!-- \/ Yoast SEO plugin. -->","yoast_head_json":{"title":"Vosges \u2013 16 communes nouvellement raccord\u00e9es \u00e0 la fibre optique - Saint Die Info","robots":{"index":"index","follow":"follow","max-snippet":"max-snippet:-1","max-image-preview":"max-image-preview:large","max-video-preview":"max-video-preview:-1"},"canonical":"https:\/\/vosgesinfo.fr\/saintdieinfo\/2023\/02\/vosges-16-communes-nouvellement-raccordees-a-fibre-optique\/","twitter_card":"summary_large_image","twitter_title":"Vosges \u2013 16 communes nouvellement raccord\u00e9es \u00e0 la fibre optique - Saint Die Info","twitter_description":"Le d\u00e9ploiement de la fibre optique se poursuit dans le Grand Est, avec 65 nouvelles communes \u00e9ligibles au tr\u00e8s haut [&hellip;]","twitter_image":"https:\/\/vosgesinfo.fr\/app\/uploads\/sites\/4\/2020\/09\/fibre-optique.jpg","twitter_creator":"@VosgesInfo88","twitter_site":"@VosgesInfo88","twitter_misc":{"\u00c9crit par":"la r\u00e9daction"},"schema":{"@context":"https:\/\/schema.org","@graph":[{"@type":"Article","@id":"https:\/\/vosgesinfo.fr\/saintdieinfo\/2023\/02\/vosges-16-communes-nouvellement-raccordees-a-fibre-optique\/#article","isPartOf":{"@id":"https:\/\/vosgesinfo.fr\/saintdieinfo\/2023\/02\/vosges-16-communes-nouvellement-raccordees-a-fibre-optique\/"},"author":{"name":"la r\u00e9daction","@id":"https:\/\/vosgesinfo.fr\/saintdieinfo\/#\/schema\/person\/faee6704a21f3977511db84bd1cd450f"},"headline":"Vosges \u2013 16 communes nouvellement raccord\u00e9es \u00e0 la fibre optique","datePublished":"2023-02-09T12:34:52+00:00","dateModified":"2023-02-09T12:34:52+00:00","mainEntityOfPage":{"@id":"https:\/\/vosgesinfo.fr\/saintdieinfo\/2023\/02\/vosges-16-communes-nouvellement-raccordees-a-fibre-optique\/"},"wordCount":95,"commentCount":0,"publisher":{"@id":"https:\/\/vosgesinfo.fr\/saintdieinfo\/#organization"},"image":{"@id":"https:\/\/vosgesinfo.fr\/saintdieinfo\/2023\/02\/vosges-16-communes-nouvellement-raccordees-a-fibre-optique\/#primaryimage"},"thumbnailUrl":"https:\/\/vosgesinfo.fr\/app\/uploads\/sites\/4\/2020\/09\/fibre-optique.jpg","keywords":["D\u00e9ploiement de la fibre optique","Fibre optique"],"articleSection":["A la Une","Vosges"],"inLanguage":"fr-FR","potentialAction":[{"@type":"CommentAction","name":"Comment","target":["https:\/\/vosgesinfo.fr\/saintdieinfo\/2023\/02\/vosges-16-communes-nouvellement-raccordees-a-fibre-optique\/#respond"]}]},{"@type":"WebPage","@id":"https:\/\/vosgesinfo.fr\/saintdieinfo\/2023\/02\/vosges-16-communes-nouvellement-raccordees-a-fibre-optique\/","url":"https:\/\/vosgesinfo.fr\/saintdieinfo\/2023\/02\/vosges-16-communes-nouvellement-raccordees-a-fibre-optique\/","name":"Vosges \u2013 16 communes nouvellement raccord\u00e9es \u00e0 la fibre optique - Saint Die Info","isPartOf":{"@id":"https:\/\/vosgesinfo.fr\/saintdieinfo\/#website"},"primaryImageOfPage":{"@id":"https:\/\/vosgesinfo.fr\/saintdieinfo\/2023\/02\/vosges-16-communes-nouvellement-raccordees-a-fibre-optique\/#primaryimage"},"image":{"@id":"https:\/\/vosgesinfo.fr\/saintdieinfo\/2023\/02\/vosges-16-communes-nouvellement-raccordees-a-fibre-optique\/#primaryimage"},"thumbnailUrl":"https:\/\/vosgesinfo.fr\/app\/uploads\/sites\/4\/2020\/09\/fibre-optique.jpg","datePublished":"2023-02-09T12:34:52+00:00","dateModified":"2023-02-09T12:34:52+00:00","breadcrumb":{"@id":"https:\/\/vosgesinfo.fr\/saintdieinfo\/2023\/02\/vosges-16-communes-nouvellement-raccordees-a-fibre-optique\/#breadcrumb"},"inLanguage":"fr-FR","potentialAction":[{"@type":"ReadAction","target":["https:\/\/vosgesinfo.fr\/saintdieinfo\/2023\/02\/vosges-16-communes-nouvellement-raccordees-a-fibre-optique\/"]}]},{"@type":"ImageObject","inLanguage":"fr-FR","@id":"https:\/\/vosgesinfo.fr\/saintdieinfo\/2023\/02\/vosges-16-communes-nouvellement-raccordees-a-fibre-optique\/#primaryimage","url":"https:\/\/vosgesinfo.fr\/app\/uploads\/sites\/4\/2020\/09\/fibre-optique.jpg","contentUrl":"https:\/\/vosgesinfo.fr\/app\/uploads\/sites\/4\/2020\/09\/fibre-optique.jpg"},{"@type":"BreadcrumbList","@id":"https:\/\/vosgesinfo.fr\/saintdieinfo\/2023\/02\/vosges-16-communes-nouvellement-raccordees-a-fibre-optique\/#breadcrumb","itemListElement":[{"@type":"ListItem","position":1,"name":"Home","item":"https:\/\/vosgesinfo.fr\/saintdieinfo\/"},{"@type":"ListItem","position":2,"name":"Vosges \u2013 16 communes nouvellement raccord\u00e9es \u00e0 la fibre optique"}]},{"@type":"WebSite","@id":"https:\/\/vosgesinfo.fr\/saintdieinfo\/#website","url":"https:\/\/vosgesinfo.fr\/saintdieinfo\/","name":"Saint Die Info","description":"Toute l&#039;actualit\u00e9 de Saint-Di\u00e9-Des-Vosges","publisher":{"@id":"https:\/\/vosgesinfo.fr\/saintdieinfo\/#organization"},"alternateName":"Toute l'actualit\u00e9 de Saint-Di\u00e9-Des-Vosges","potentialAction":[{"@type":"SearchAction","target":{"@type":"EntryPoint","urlTemplate":"https:\/\/vosgesinfo.fr\/saintdieinfo\/?s={search_term_string}"},"query-input":"required name=search_term_string"}],"inLanguage":"fr-FR"},{"@type":"Organization","@id":"https:\/\/vosgesinfo.fr\/saintdieinfo\/#organization","name":"Saint Die Info","url":"https:\/\/vosgesinfo.fr\/saintdieinfo\/","logo":{"@type":"ImageObject","inLanguage":"fr-FR","@id":"https:\/\/vosgesinfo.fr\/saintdieinfo\/#\/schema\/logo\/image\/","url":"https:\/\/vosgesinfo.fr\/app\/uploads\/sites\/4\/2024\/02\/logo-sdi.jpg","contentUrl":"https:\/\/vosgesinfo.fr\/app\/uploads\/sites\/4\/2024\/02\/logo-sdi.jpg","width":600,"height":600,"caption":"Saint Die Info"},"image":{"@id":"https:\/\/vosgesinfo.fr\/saintdieinfo\/#\/schema\/logo\/image\/"},"sameAs":["https:\/\/www.facebook.com\/Saintdieinfofr","https:\/\/x.com\/VosgesInfo88","https:\/\/www.youtube.com\/@vosgesinfo"]},{"@type":"Person","@id":"https:\/\/vosgesinfo.fr\/saintdieinfo\/#\/schema\/person\/faee6704a21f3977511db84bd1cd450f","name":"la r\u00e9daction","image":{"@type":"ImageObject","inLanguage":"fr-FR","@id":"https:\/\/vosgesinfo.fr\/saintdieinfo\/#\/schema\/person\/image\/","url":"https:\/\/secure.gravatar.com\/avatar\/6673d8bc6a9c17fa9a453eaa3448de834fa308c2ec9635b7aa99441a7c8d2cf6?s=96&d=mm&r=g","contentUrl":"https:\/\/secure.gravatar.com\/avatar\/6673d8bc6a9c17fa9a453eaa3448de834fa308c2ec9635b7aa99441a7c8d2cf6?s=96&d=mm&r=g","caption":"la r\u00e9daction"},"url":"https:\/\/vosgesinfo.fr\/saintdieinfo\/author\/redac\/"}]}},"_links":{"self":[{"href":"https:\/\/vosgesinfo.fr\/saintdieinfo\/wp-json\/wp\/v2\/posts\/62269","targetHints":{"allow":["GET"]}}],"collection":[{"href":"https:\/\/vosgesinfo.fr\/saintdieinfo\/wp-json\/wp\/v2\/posts"}],"about":[{"href":"https:\/\/vosgesinfo.fr\/saintdieinfo\/wp-json\/wp\/v2\/types\/post"}],"author":[{"embeddable":true,"href":"https:\/\/vosgesinfo.fr\/saintdieinfo\/wp-json\/wp\/v2\/users\/44"}],"replies":[{"embeddable":true,"href":"https:\/\/vosgesinfo.fr\/saintdieinfo\/wp-json\/wp\/v2\/comments?post=62269"}],"version-history":[{"count":0,"href":"https:\/\/vosgesinfo.fr\/saintdieinfo\/wp-json\/wp\/v2\/posts\/62269\/revisions"}],"wp:featuredmedia":[{"embeddable":true,"href":"https:\/\/vosgesinfo.fr\/saintdieinfo\/wp-json\/wp\/v2\/media\/28251"}],"wp:attachment":[{"href":"https:\/\/vosgesinfo.fr\/saintdieinfo\/wp-json\/wp\/v2\/media?parent=62269"}],"wp:term":[{"taxonomy":"category","embeddable":true,"href":"https:\/\/vosgesinfo.fr\/saintdieinfo\/wp-json\/wp\/v2\/categories?post=62269"},{"taxonomy":"post_tag","embeddable":true,"href":"https:\/\/vosgesinfo.fr\/saintdieinfo\/wp-json\/wp\/v2\/tags?post=62269"}],"curies":[{"name":"wp","href":"https:\/\/api.w.org\/{rel}","templated":true}]}}