{"id":62270,"date":"2023-02-09T15:37:53","date_gmt":"2023-02-09T14:37:53","guid":{"rendered":"https:\/\/vosgesinfo.fr\/saintdieinfo\/2023\/02\/horaires-douverture-tarifs-denomination-salles-de-boussole\/"},"modified":"2023-02-09T15:37:53","modified_gmt":"2023-02-09T14:37:53","slug":"horaires-douverture-tarifs-denomination-salles-de-boussole","status":"publish","type":"post","link":"https:\/\/vosgesinfo.fr\/saintdieinfo\/2023\/02\/horaires-douverture-tarifs-denomination-salles-de-boussole\/","title":{"rendered":"Les horaires d&rsquo;ouverture, tarifs et d\u00e9nomination des salles de la Boussole"},"content":{"rendered":"<div id=\"attachment_194239\" style=\"width: 970px\" class=\"wp-caption aligncenter\"><a href=\"\/2022\/12\/Visite_La_Boussole-1.jpg\" target=\"_blank\" rel=\"noopener\"><img decoding=\"async\" aria-describedby=\"caption-attachment-194239\" class=\"wp-image-194239 size-large\" src=\"\/2022\/12\/Visite_La_Boussole-1-1024x771.jpg\" alt=\"Visite_La_Boussole (1)\" width=\"960\" height=\"723\" \/><\/a><p id=\"caption-attachment-194239\" class=\"wp-caption-text\">(Archive)<\/p><\/div>\n<h2><strong><span style=\"font-size: 14pt;\">L&rsquo;ouverture de la Boussole est d\u00e9sormais imminente, puisque son inauguration est pr\u00e9vue pour le d\u00e9but du printemps. Fin mars voire d\u00e9but avril. Alors que les premiers visiteurs franchiront la porte de cet ambitieux \u00e9quipement culturel, qui sera \u00e0 la fois m\u00e9diath\u00e8que t\u00eate du r\u00e9seau Escales et Office de Tourisme, les \u00e9lus communautaires ont approuv\u00e9 lundi soir ses horaires d&rsquo;ouverture, la d\u00e9nomination des salles de les tarifs.<\/span><\/strong><\/h2>\n<p><!--more--><\/p>\n<p>Comme l&rsquo;a pr\u00e9cis\u00e9 Claude Kiener, vice-pr\u00e9sidente de la Communaut\u00e9 d&rsquo;Agglom\u00e9ration d\u00e9l\u00e9gu\u00e9e \u00e0 la Culture, \u00ab\u00a0l&rsquo;acc\u00e8s au b\u00e2timent et la consultation sur place seront libres et gratuits. L&rsquo;abonnement payant permettra d&#8217;emprunter jusqu&rsquo;\u00e0 15 documents en simultan\u00e9, pour une dur\u00e9e maximale de 4 semaines, mais aussi acc\u00e9der aux plateformes num\u00e9riques mises \u00e0 disposition par le r\u00e9seau Escales.\u00a0\u00bb<\/p>\n<p>Les tarifs de l&rsquo;abonnement annuel seront de 15\u20ac par adulte r\u00e9sidant sur le territoire de la Communaut\u00e9 d&rsquo;Agglom\u00e9ration, de 25\u20ac pour les personnes hors intercommunalit\u00e9, et de 5\u20ac pour l&rsquo;abonnement temporaire de 3 mois, que pourront par exemple prendre les touristes ou personnes de passages en D\u00e9odatie. Pour les enfants et jeunes jusqu&rsquo;\u00e0 18 ans, les \u00e9tudiants et les collectivit\u00e9s, il n&rsquo;y aura pas besoin d&rsquo;abonnement puisque la gratuit\u00e9 sera compl\u00e8te, inter et hors Communaut\u00e9 d&rsquo;Agglom\u00e9ration. A noter qu&rsquo;il sera possible de r\u00e9aliser des impressions 3D sur place, pour une somme de 3\u20ac de l&rsquo;heure.<\/p>\n<p>Concernant les horaires d&rsquo;ouverture, la Boussole accueillera le public en p\u00e9riode scolaire le mardi, mercredi et vendredi, de 10h30 \u00e0 19h, le samedi de 10h \u00e0 18h en continu. Le jeudi sera r\u00e9serv\u00e9 pour les groupes, sur rendez-vous. Pendant les p\u00e9riodes de vacances scolaires, l&rsquo;amplitude horaire sera un peu plus importante puisque l&rsquo;\u00e9tablissement sera \u00e9galement ouvert le mardi, mercredi et vendredi, de 10h30 \u00e0 19h, le jeudi de 10h30 \u00e0 13h et l&rsquo;apr\u00e8s-midi pour les groupes, l\u00e0 aussi sur r\u00e9servation, ainsi que le samedi de 10h \u00e0 18h. Et \u00e0 l&rsquo;occasion de temps forts, comme le Festival International de G\u00e9ographie, la Boussole ouvrira ponctuellement le dimanche.<\/p>\n<p>Quant \u00e0 la d\u00e9nomination des salles, l&rsquo;espace de valorisation du patrimoine a \u00e9t\u00e9 baptis\u00e9 du nom de Marco Polo, la salle de travail Jack London, la salle de l&rsquo;heure du conte Gulliver et la salle polyvalente Isabelle Autissier.<\/p>\n<p>J.J.<\/p>\n","protected":false},"excerpt":{"rendered":"<p>L&rsquo;ouverture de la Boussole est d\u00e9sormais imminente, puisque son inauguration est pr\u00e9vue pour le d\u00e9but du printemps. Fin mars voire [&hellip;]<\/p>\n","protected":false},"author":44,"featured_media":62271,"comment_status":"open","ping_status":"open","sticky":false,"template":"","format":"standard","meta":{"footnotes":""},"categories":[460,7847,2915],"tags":[3282,3283,3027],"class_list":["post-62270","post","type-post","status-publish","format-standard","has-post-thumbnail","hentry","category-a-la-une","category-art-culture","category-saint-die-son-canton","tag-communaute-dagglomeration-de-saint-die-des-vosges","tag-conseil-communautaire","tag-la-boussole"],"acf":[],"yoast_head":"<!-- This site is optimized with the Yoast SEO plugin v22.5 - https:\/\/yoast.com\/wordpress\/plugins\/seo\/ -->\n<title>Les horaires d&#039;ouverture, tarifs et d\u00e9nomination des salles de la Boussole - Saint Die Info<\/title>\n<meta name=\"robots\" content=\"index, follow, max-snippet:-1, max-image-preview:large, max-video-preview:-1\" \/>\n<link rel=\"canonical\" href=\"https:\/\/vosgesinfo.fr\/saintdieinfo\/2023\/02\/horaires-douverture-tarifs-denomination-salles-de-boussole\/\" \/>\n<meta name=\"twitter:card\" content=\"summary_large_image\" \/>\n<meta name=\"twitter:title\" content=\"Les horaires d&#039;ouverture, tarifs et d\u00e9nomination des salles de la Boussole - Saint Die Info\" \/>\n<meta name=\"twitter:description\" content=\"L&rsquo;ouverture de la Boussole est d\u00e9sormais imminente, puisque son inauguration est pr\u00e9vue pour le d\u00e9but du printemps. Fin mars voire [&hellip;]\" \/>\n<meta name=\"twitter:image\" content=\"https:\/\/vosgesinfo.fr\/app\/uploads\/sites\/4\/2024\/08\/202212visite-la-boussole-1-1.jpg\" \/>\n<meta name=\"twitter:creator\" content=\"@VosgesInfo88\" \/>\n<meta name=\"twitter:site\" content=\"@VosgesInfo88\" \/>\n<meta name=\"twitter:label1\" content=\"\u00c9crit par\" \/>\n\t<meta name=\"twitter:data1\" content=\"la r\u00e9daction\" \/>\n\t<meta name=\"twitter:label2\" content=\"Dur\u00e9e de lecture estim\u00e9e\" \/>\n\t<meta name=\"twitter:data2\" content=\"2 minutes\" \/>\n<script type=\"application\/ld+json\" class=\"yoast-schema-graph\">{\"@context\":\"https:\/\/schema.org\",\"@graph\":[{\"@type\":\"Article\",\"@id\":\"https:\/\/vosgesinfo.fr\/saintdieinfo\/2023\/02\/horaires-douverture-tarifs-denomination-salles-de-boussole\/#article\",\"isPartOf\":{\"@id\":\"https:\/\/vosgesinfo.fr\/saintdieinfo\/2023\/02\/horaires-douverture-tarifs-denomination-salles-de-boussole\/\"},\"author\":{\"name\":\"la r\u00e9daction\",\"@id\":\"https:\/\/vosgesinfo.fr\/saintdieinfo\/#\/schema\/person\/faee6704a21f3977511db84bd1cd450f\"},\"headline\":\"Les horaires d&rsquo;ouverture, tarifs et d\u00e9nomination des salles de la Boussole\",\"datePublished\":\"2023-02-09T14:37:53+00:00\",\"dateModified\":\"2023-02-09T14:37:53+00:00\",\"mainEntityOfPage\":{\"@id\":\"https:\/\/vosgesinfo.fr\/saintdieinfo\/2023\/02\/horaires-douverture-tarifs-denomination-salles-de-boussole\/\"},\"wordCount\":422,\"commentCount\":0,\"publisher\":{\"@id\":\"https:\/\/vosgesinfo.fr\/saintdieinfo\/#organization\"},\"image\":{\"@id\":\"https:\/\/vosgesinfo.fr\/saintdieinfo\/2023\/02\/horaires-douverture-tarifs-denomination-salles-de-boussole\/#primaryimage\"},\"thumbnailUrl\":\"https:\/\/vosgesinfo.fr\/app\/uploads\/sites\/4\/2024\/08\/202212visite-la-boussole-1-1.jpg\",\"keywords\":[\"Communaut\u00e9 d'Agglom\u00e9ration de Saint-Di\u00e9-des-Vosges\",\"Conseil Communautaire\",\"La Boussole\"],\"articleSection\":[\"A la Une\",\"Culture\",\"Saint-Di\u00e9-des-Vosges et son Agglom\u00e9ration\"],\"inLanguage\":\"fr-FR\",\"potentialAction\":[{\"@type\":\"CommentAction\",\"name\":\"Comment\",\"target\":[\"https:\/\/vosgesinfo.fr\/saintdieinfo\/2023\/02\/horaires-douverture-tarifs-denomination-salles-de-boussole\/#respond\"]}]},{\"@type\":\"WebPage\",\"@id\":\"https:\/\/vosgesinfo.fr\/saintdieinfo\/2023\/02\/horaires-douverture-tarifs-denomination-salles-de-boussole\/\",\"url\":\"https:\/\/vosgesinfo.fr\/saintdieinfo\/2023\/02\/horaires-douverture-tarifs-denomination-salles-de-boussole\/\",\"name\":\"Les horaires d'ouverture, tarifs et d\u00e9nomination des salles de la Boussole - Saint Die Info\",\"isPartOf\":{\"@id\":\"https:\/\/vosgesinfo.fr\/saintdieinfo\/#website\"},\"primaryImageOfPage\":{\"@id\":\"https:\/\/vosgesinfo.fr\/saintdieinfo\/2023\/02\/horaires-douverture-tarifs-denomination-salles-de-boussole\/#primaryimage\"},\"image\":{\"@id\":\"https:\/\/vosgesinfo.fr\/saintdieinfo\/2023\/02\/horaires-douverture-tarifs-denomination-salles-de-boussole\/#primaryimage\"},\"thumbnailUrl\":\"https:\/\/vosgesinfo.fr\/app\/uploads\/sites\/4\/2024\/08\/202212visite-la-boussole-1-1.jpg\",\"datePublished\":\"2023-02-09T14:37:53+00:00\",\"dateModified\":\"2023-02-09T14:37:53+00:00\",\"breadcrumb\":{\"@id\":\"https:\/\/vosgesinfo.fr\/saintdieinfo\/2023\/02\/horaires-douverture-tarifs-denomination-salles-de-boussole\/#breadcrumb\"},\"inLanguage\":\"fr-FR\",\"potentialAction\":[{\"@type\":\"ReadAction\",\"target\":[\"https:\/\/vosgesinfo.fr\/saintdieinfo\/2023\/02\/horaires-douverture-tarifs-denomination-salles-de-boussole\/\"]}]},{\"@type\":\"ImageObject\",\"inLanguage\":\"fr-FR\",\"@id\":\"https:\/\/vosgesinfo.fr\/saintdieinfo\/2023\/02\/horaires-douverture-tarifs-denomination-salles-de-boussole\/#primaryimage\",\"url\":\"https:\/\/vosgesinfo.fr\/app\/uploads\/sites\/4\/2024\/08\/202212visite-la-boussole-1-1.jpg\",\"contentUrl\":\"https:\/\/vosgesinfo.fr\/app\/uploads\/sites\/4\/2024\/08\/202212visite-la-boussole-1-1.jpg\",\"width\":1600,\"height\":1205},{\"@type\":\"BreadcrumbList\",\"@id\":\"https:\/\/vosgesinfo.fr\/saintdieinfo\/2023\/02\/horaires-douverture-tarifs-denomination-salles-de-boussole\/#breadcrumb\",\"itemListElement\":[{\"@type\":\"ListItem\",\"position\":1,\"name\":\"Home\",\"item\":\"https:\/\/vosgesinfo.fr\/saintdieinfo\/\"},{\"@type\":\"ListItem\",\"position\":2,\"name\":\"Les horaires d&rsquo;ouverture, tarifs et d\u00e9nomination des salles de la Boussole\"}]},{\"@type\":\"WebSite\",\"@id\":\"https:\/\/vosgesinfo.fr\/saintdieinfo\/#website\",\"url\":\"https:\/\/vosgesinfo.fr\/saintdieinfo\/\",\"name\":\"Saint Die Info\",\"description\":\"Toute l&#039;actualit\u00e9 de Saint-Di\u00e9-Des-Vosges\",\"publisher\":{\"@id\":\"https:\/\/vosgesinfo.fr\/saintdieinfo\/#organization\"},\"alternateName\":\"Toute l'actualit\u00e9 de Saint-Di\u00e9-Des-Vosges\",\"potentialAction\":[{\"@type\":\"SearchAction\",\"target\":{\"@type\":\"EntryPoint\",\"urlTemplate\":\"https:\/\/vosgesinfo.fr\/saintdieinfo\/?s={search_term_string}\"},\"query-input\":\"required name=search_term_string\"}],\"inLanguage\":\"fr-FR\"},{\"@type\":\"Organization\",\"@id\":\"https:\/\/vosgesinfo.fr\/saintdieinfo\/#organization\",\"name\":\"Saint Die Info\",\"url\":\"https:\/\/vosgesinfo.fr\/saintdieinfo\/\",\"logo\":{\"@type\":\"ImageObject\",\"inLanguage\":\"fr-FR\",\"@id\":\"https:\/\/vosgesinfo.fr\/saintdieinfo\/#\/schema\/logo\/image\/\",\"url\":\"https:\/\/vosgesinfo.fr\/app\/uploads\/sites\/4\/2024\/02\/logo-sdi.jpg\",\"contentUrl\":\"https:\/\/vosgesinfo.fr\/app\/uploads\/sites\/4\/2024\/02\/logo-sdi.jpg\",\"width\":600,\"height\":600,\"caption\":\"Saint Die Info\"},\"image\":{\"@id\":\"https:\/\/vosgesinfo.fr\/saintdieinfo\/#\/schema\/logo\/image\/\"},\"sameAs\":[\"https:\/\/www.facebook.com\/Saintdieinfofr\",\"https:\/\/x.com\/VosgesInfo88\",\"https:\/\/www.youtube.com\/@vosgesinfo\"]},{\"@type\":\"Person\",\"@id\":\"https:\/\/vosgesinfo.fr\/saintdieinfo\/#\/schema\/person\/faee6704a21f3977511db84bd1cd450f\",\"name\":\"la r\u00e9daction\",\"image\":{\"@type\":\"ImageObject\",\"inLanguage\":\"fr-FR\",\"@id\":\"https:\/\/vosgesinfo.fr\/saintdieinfo\/#\/schema\/person\/image\/\",\"url\":\"https:\/\/secure.gravatar.com\/avatar\/6673d8bc6a9c17fa9a453eaa3448de834fa308c2ec9635b7aa99441a7c8d2cf6?s=96&d=mm&r=g\",\"contentUrl\":\"https:\/\/secure.gravatar.com\/avatar\/6673d8bc6a9c17fa9a453eaa3448de834fa308c2ec9635b7aa99441a7c8d2cf6?s=96&d=mm&r=g\",\"caption\":\"la r\u00e9daction\"},\"url\":\"https:\/\/vosgesinfo.fr\/saintdieinfo\/author\/redac\/\"}]}<\/script>\n<!-- \/ Yoast SEO plugin. -->","yoast_head_json":{"title":"Les horaires d'ouverture, tarifs et d\u00e9nomination des salles de la Boussole - Saint Die Info","robots":{"index":"index","follow":"follow","max-snippet":"max-snippet:-1","max-image-preview":"max-image-preview:large","max-video-preview":"max-video-preview:-1"},"canonical":"https:\/\/vosgesinfo.fr\/saintdieinfo\/2023\/02\/horaires-douverture-tarifs-denomination-salles-de-boussole\/","twitter_card":"summary_large_image","twitter_title":"Les horaires d'ouverture, tarifs et d\u00e9nomination des salles de la Boussole - Saint Die Info","twitter_description":"L&rsquo;ouverture de la Boussole est d\u00e9sormais imminente, puisque son inauguration est pr\u00e9vue pour le d\u00e9but du printemps. Fin mars voire [&hellip;]","twitter_image":"https:\/\/vosgesinfo.fr\/app\/uploads\/sites\/4\/2024\/08\/202212visite-la-boussole-1-1.jpg","twitter_creator":"@VosgesInfo88","twitter_site":"@VosgesInfo88","twitter_misc":{"\u00c9crit par":"la r\u00e9daction","Dur\u00e9e de lecture estim\u00e9e":"2 minutes"},"schema":{"@context":"https:\/\/schema.org","@graph":[{"@type":"Article","@id":"https:\/\/vosgesinfo.fr\/saintdieinfo\/2023\/02\/horaires-douverture-tarifs-denomination-salles-de-boussole\/#article","isPartOf":{"@id":"https:\/\/vosgesinfo.fr\/saintdieinfo\/2023\/02\/horaires-douverture-tarifs-denomination-salles-de-boussole\/"},"author":{"name":"la r\u00e9daction","@id":"https:\/\/vosgesinfo.fr\/saintdieinfo\/#\/schema\/person\/faee6704a21f3977511db84bd1cd450f"},"headline":"Les horaires d&rsquo;ouverture, tarifs et d\u00e9nomination des salles de la Boussole","datePublished":"2023-02-09T14:37:53+00:00","dateModified":"2023-02-09T14:37:53+00:00","mainEntityOfPage":{"@id":"https:\/\/vosgesinfo.fr\/saintdieinfo\/2023\/02\/horaires-douverture-tarifs-denomination-salles-de-boussole\/"},"wordCount":422,"commentCount":0,"publisher":{"@id":"https:\/\/vosgesinfo.fr\/saintdieinfo\/#organization"},"image":{"@id":"https:\/\/vosgesinfo.fr\/saintdieinfo\/2023\/02\/horaires-douverture-tarifs-denomination-salles-de-boussole\/#primaryimage"},"thumbnailUrl":"https:\/\/vosgesinfo.fr\/app\/uploads\/sites\/4\/2024\/08\/202212visite-la-boussole-1-1.jpg","keywords":["Communaut\u00e9 d'Agglom\u00e9ration de Saint-Di\u00e9-des-Vosges","Conseil Communautaire","La Boussole"],"articleSection":["A la Une","Culture","Saint-Di\u00e9-des-Vosges et son Agglom\u00e9ration"],"inLanguage":"fr-FR","potentialAction":[{"@type":"CommentAction","name":"Comment","target":["https:\/\/vosgesinfo.fr\/saintdieinfo\/2023\/02\/horaires-douverture-tarifs-denomination-salles-de-boussole\/#respond"]}]},{"@type":"WebPage","@id":"https:\/\/vosgesinfo.fr\/saintdieinfo\/2023\/02\/horaires-douverture-tarifs-denomination-salles-de-boussole\/","url":"https:\/\/vosgesinfo.fr\/saintdieinfo\/2023\/02\/horaires-douverture-tarifs-denomination-salles-de-boussole\/","name":"Les horaires d'ouverture, tarifs et d\u00e9nomination des salles de la Boussole - Saint Die Info","isPartOf":{"@id":"https:\/\/vosgesinfo.fr\/saintdieinfo\/#website"},"primaryImageOfPage":{"@id":"https:\/\/vosgesinfo.fr\/saintdieinfo\/2023\/02\/horaires-douverture-tarifs-denomination-salles-de-boussole\/#primaryimage"},"image":{"@id":"https:\/\/vosgesinfo.fr\/saintdieinfo\/2023\/02\/horaires-douverture-tarifs-denomination-salles-de-boussole\/#primaryimage"},"thumbnailUrl":"https:\/\/vosgesinfo.fr\/app\/uploads\/sites\/4\/2024\/08\/202212visite-la-boussole-1-1.jpg","datePublished":"2023-02-09T14:37:53+00:00","dateModified":"2023-02-09T14:37:53+00:00","breadcrumb":{"@id":"https:\/\/vosgesinfo.fr\/saintdieinfo\/2023\/02\/horaires-douverture-tarifs-denomination-salles-de-boussole\/#breadcrumb"},"inLanguage":"fr-FR","potentialAction":[{"@type":"ReadAction","target":["https:\/\/vosgesinfo.fr\/saintdieinfo\/2023\/02\/horaires-douverture-tarifs-denomination-salles-de-boussole\/"]}]},{"@type":"ImageObject","inLanguage":"fr-FR","@id":"https:\/\/vosgesinfo.fr\/saintdieinfo\/2023\/02\/horaires-douverture-tarifs-denomination-salles-de-boussole\/#primaryimage","url":"https:\/\/vosgesinfo.fr\/app\/uploads\/sites\/4\/2024\/08\/202212visite-la-boussole-1-1.jpg","contentUrl":"https:\/\/vosgesinfo.fr\/app\/uploads\/sites\/4\/2024\/08\/202212visite-la-boussole-1-1.jpg","width":1600,"height":1205},{"@type":"BreadcrumbList","@id":"https:\/\/vosgesinfo.fr\/saintdieinfo\/2023\/02\/horaires-douverture-tarifs-denomination-salles-de-boussole\/#breadcrumb","itemListElement":[{"@type":"ListItem","position":1,"name":"Home","item":"https:\/\/vosgesinfo.fr\/saintdieinfo\/"},{"@type":"ListItem","position":2,"name":"Les horaires d&rsquo;ouverture, tarifs et d\u00e9nomination des salles de la Boussole"}]},{"@type":"WebSite","@id":"https:\/\/vosgesinfo.fr\/saintdieinfo\/#website","url":"https:\/\/vosgesinfo.fr\/saintdieinfo\/","name":"Saint Die Info","description":"Toute l&#039;actualit\u00e9 de Saint-Di\u00e9-Des-Vosges","publisher":{"@id":"https:\/\/vosgesinfo.fr\/saintdieinfo\/#organization"},"alternateName":"Toute l'actualit\u00e9 de Saint-Di\u00e9-Des-Vosges","potentialAction":[{"@type":"SearchAction","target":{"@type":"EntryPoint","urlTemplate":"https:\/\/vosgesinfo.fr\/saintdieinfo\/?s={search_term_string}"},"query-input":"required name=search_term_string"}],"inLanguage":"fr-FR"},{"@type":"Organization","@id":"https:\/\/vosgesinfo.fr\/saintdieinfo\/#organization","name":"Saint Die Info","url":"https:\/\/vosgesinfo.fr\/saintdieinfo\/","logo":{"@type":"ImageObject","inLanguage":"fr-FR","@id":"https:\/\/vosgesinfo.fr\/saintdieinfo\/#\/schema\/logo\/image\/","url":"https:\/\/vosgesinfo.fr\/app\/uploads\/sites\/4\/2024\/02\/logo-sdi.jpg","contentUrl":"https:\/\/vosgesinfo.fr\/app\/uploads\/sites\/4\/2024\/02\/logo-sdi.jpg","width":600,"height":600,"caption":"Saint Die Info"},"image":{"@id":"https:\/\/vosgesinfo.fr\/saintdieinfo\/#\/schema\/logo\/image\/"},"sameAs":["https:\/\/www.facebook.com\/Saintdieinfofr","https:\/\/x.com\/VosgesInfo88","https:\/\/www.youtube.com\/@vosgesinfo"]},{"@type":"Person","@id":"https:\/\/vosgesinfo.fr\/saintdieinfo\/#\/schema\/person\/faee6704a21f3977511db84bd1cd450f","name":"la r\u00e9daction","image":{"@type":"ImageObject","inLanguage":"fr-FR","@id":"https:\/\/vosgesinfo.fr\/saintdieinfo\/#\/schema\/person\/image\/","url":"https:\/\/secure.gravatar.com\/avatar\/6673d8bc6a9c17fa9a453eaa3448de834fa308c2ec9635b7aa99441a7c8d2cf6?s=96&d=mm&r=g","contentUrl":"https:\/\/secure.gravatar.com\/avatar\/6673d8bc6a9c17fa9a453eaa3448de834fa308c2ec9635b7aa99441a7c8d2cf6?s=96&d=mm&r=g","caption":"la r\u00e9daction"},"url":"https:\/\/vosgesinfo.fr\/saintdieinfo\/author\/redac\/"}]}},"_links":{"self":[{"href":"https:\/\/vosgesinfo.fr\/saintdieinfo\/wp-json\/wp\/v2\/posts\/62270","targetHints":{"allow":["GET"]}}],"collection":[{"href":"https:\/\/vosgesinfo.fr\/saintdieinfo\/wp-json\/wp\/v2\/posts"}],"about":[{"href":"https:\/\/vosgesinfo.fr\/saintdieinfo\/wp-json\/wp\/v2\/types\/post"}],"author":[{"embeddable":true,"href":"https:\/\/vosgesinfo.fr\/saintdieinfo\/wp-json\/wp\/v2\/users\/44"}],"replies":[{"embeddable":true,"href":"https:\/\/vosgesinfo.fr\/saintdieinfo\/wp-json\/wp\/v2\/comments?post=62270"}],"version-history":[{"count":0,"href":"https:\/\/vosgesinfo.fr\/saintdieinfo\/wp-json\/wp\/v2\/posts\/62270\/revisions"}],"wp:featuredmedia":[{"embeddable":true,"href":"https:\/\/vosgesinfo.fr\/saintdieinfo\/wp-json\/wp\/v2\/media\/62271"}],"wp:attachment":[{"href":"https:\/\/vosgesinfo.fr\/saintdieinfo\/wp-json\/wp\/v2\/media?parent=62270"}],"wp:term":[{"taxonomy":"category","embeddable":true,"href":"https:\/\/vosgesinfo.fr\/saintdieinfo\/wp-json\/wp\/v2\/categories?post=62270"},{"taxonomy":"post_tag","embeddable":true,"href":"https:\/\/vosgesinfo.fr\/saintdieinfo\/wp-json\/wp\/v2\/tags?post=62270"}],"curies":[{"name":"wp","href":"https:\/\/api.w.org\/{rel}","templated":true}]}}