{"id":62272,"date":"2023-02-09T16:28:46","date_gmt":"2023-02-09T15:28:46","guid":{"rendered":"https:\/\/vosgesinfo.fr\/saintdieinfo\/2023\/02\/seisme-turquie-syrie-solidarite-internationale-touche-beaucoup\/"},"modified":"2023-02-09T16:28:46","modified_gmt":"2023-02-09T15:28:46","slug":"seisme-turquie-syrie-solidarite-internationale-touche-beaucoup","status":"publish","type":"post","link":"https:\/\/vosgesinfo.fr\/saintdieinfo\/2023\/02\/seisme-turquie-syrie-solidarite-internationale-touche-beaucoup\/","title":{"rendered":"S\u00e9isme en Turquie et Syrie\u00a0: \u00ab\u00a0La solidarit\u00e9 internationale nous touche beaucoup\u00a0\u00bb"},"content":{"rendered":"<p><a href=\"\/2023\/02\/Association_Franco-Turque_SDDV_Tremblement_de_Terre.jpg\" target=\"_blank\" rel=\"noopener\"><img decoding=\"async\" class=\"aligncenter wp-image-196856 size-large\" src=\"\/2023\/02\/Association_Franco-Turque_SDDV_Tremblement_de_Terre-1024x771.jpg\" alt=\"Association_Franco-Turque_SDDV_Tremblement_de_Terre\" width=\"960\" height=\"723\" \/><\/a><\/p>\n<h2><strong><span style=\"font-size: 14pt;\">Ce lundi 6 f\u00e9vrier, la Turquie et la Syrie ont \u00e9t\u00e9 touch\u00e9es par un violent s\u00e9isme de magnitude 7,8. Trois jours apr\u00e8s le tremblement de terre, le dernier bilan des victimes est de plus de 19 000 morts&#8230; et de dizaines de milliers de bless\u00e9s. L&rsquo;association Franco-Turque de Saint-Di\u00e9-des-Vosges fait face au drame, en se mobilisant d\u00e8s la nouvelle de la catastrophe.<\/span><\/strong><\/h2>\n<p><!--more--><\/p>\n<p>Une vente de g\u00e2teaux a \u00e9t\u00e9 organis\u00e9e mardi apr\u00e8s-midi au local de l&rsquo;association, situ\u00e9 au 3 avenue de Verdun, du mat\u00e9riel de premi\u00e8re n\u00e9cessit\u00e9 est collect\u00e9 pour remplir des camions, qui passent par diff\u00e9rents points de collecte en France jusqu&rsquo;\u00e0 leur arriv\u00e9e en Turquie. A ce propos, un camion est d\u00e9j\u00e0 parti hier mercredi et un second partira demain apr\u00e8s-midi. Pour celles et ceux qui veulent venir en aide aux victimes, le plus utile est le don d&rsquo;argent.<\/p>\n<p>Ce que confirment Reyhan Karagoz et Mehmet Ali Kanber, tous 2 membres de l&rsquo;association Franco-Turque de Saint-Di\u00e9-des-Vosges. \u00ab\u00a0Les dons sont g\u00e9r\u00e9s par le Consulat Turc de Strasbourg. L&rsquo;argent r\u00e9colt\u00e9 est directement envoy\u00e9 sur place. Ce qui permet de r\u00e9pondre au mieux aux besoins des secours et des populations. Il est d&rsquo;ailleurs possible de faire des dons aupr\u00e8s de l&rsquo;association Franco-Turque de Saint-Di\u00e9-des-Vosges, en se rendant dans nos locaux ou en t\u00e9l\u00e9phonant au pr\u00e9sident Ibrahim Kizildag, au 06-07-38-78-81. Nous nous chargeons de faire le relais avec le Consulat. \u00bb<\/p>\n<p>Reyhan Karagoz et Mehmet Ali Kanber sont tous 2 tr\u00e8s touch\u00e9s par la solidarit\u00e9 internationale qui s&rsquo;est d\u00e9ploy\u00e9e pour venir en aide \u00e0 la Turquie. \u00ab\u00a0Il y a beaucoup de solidarit\u00e9, beaucoup d&rsquo;autres communaut\u00e9s nous viennent en aide. Cette aide qui vient du monde entier, cela nous touche \u00e9norm\u00e9ment. Quand une catastrophe telle que ce tremblement de terre se produit, il n&rsquo;y a pas de religion et pas de culture. Le monde, c&rsquo;est notre maison \u00e0 tous. Et on a besoin du monde entier pour venir nous aider. Beaucoup de personnes sont d\u00e9c\u00e9d\u00e9es. Il faut pouvoir les enterrer, et pouvoir soigner les personnes qui ont \u00e9t\u00e9 bless\u00e9es. 20 millions de personnes ont \u00e9t\u00e9 touch\u00e9es par le s\u00e9isme en Turquie.\u00a0\u00bb<\/p>\n<p>Pour se tenir au courant de la situation sur place, qui \u00e9volue d&rsquo;heures en heures, les informations en direct et les r\u00e9seaux sociaux permettent d&rsquo;obtenir des informations en temps r\u00e9el. Notamment WhatsApp. Reyhan Karagoz est actuellement sans nouvelle d&rsquo;une amie qui s&rsquo;est retrouv\u00e9e dans les d\u00e9combres. \u00ab\u00a0Elle est rest\u00e9e bloqu\u00e9e sous un b\u00e2timent avec son mari. J&rsquo;avais des nouvelles via sa belle s\u0153ur. On entendait sa voix jusqu&rsquo;\u00e0 maintenant, mais depuis aujourd&rsquo;hui plus rien. On ne sait pas ce qu&rsquo;il en est de sa situation actuelle. C&rsquo;est tr\u00e8s compliqu\u00e9 d&rsquo;intervenir pour les secours. Pour sauver une personne parfois il faut creuser un tunnel pendant 15h. Et puis les infrastructures, comme les routes ou les a\u00e9roports, ont \u00e9t\u00e9 partiellement ou totalement d\u00e9truites. L&rsquo;a\u00e9roport Antakya Hatay s&rsquo;est par exemple effondr\u00e9.\u00a0\u00bb Mehmet Ali Kanber a quant \u00e0 lui un ami qui est d\u00e9c\u00e9d\u00e9 dans le s\u00e9isme.<\/p>\n<p>La mobilisation se poursuit pour l&rsquo;association Franco-Turque de Saint-Di\u00e9-des-Vosges afin de r\u00e9colter un maximum d&rsquo;argent pour venir en aide aux victimes. Des projets pourraient \u00eatre organis\u00e9s dans un futur proche, sans qu&rsquo;ils ne soient encore d\u00e9finis \u00e0 ce jour. L&rsquo;urgence de la situation fait qu&rsquo;il est compliqu\u00e9 de structurer des projets&#8230;<\/p>\n<p>J.J.<\/p>\n","protected":false},"excerpt":{"rendered":"<p>Ce lundi 6 f\u00e9vrier, la Turquie et la Syrie ont \u00e9t\u00e9 touch\u00e9es par un violent s\u00e9isme de magnitude 7,8. Trois [&hellip;]<\/p>\n","protected":false},"author":44,"featured_media":62273,"comment_status":"open","ping_status":"open","sticky":false,"template":"","format":"standard","meta":{"footnotes":""},"categories":[460,2915,29,17],"tags":[4547,839],"class_list":["post-62272","post","type-post","status-publish","format-standard","has-post-thumbnail","hentry","category-a-la-une","category-saint-die-son-canton","category-solidarite","category-vie-associative","tag-association-franco-turque-de-saint-die-des-vosges","tag-seisme-en-turquie-et-syrie"],"acf":[],"yoast_head":"<!-- This site is optimized with the Yoast SEO plugin v22.5 - https:\/\/yoast.com\/wordpress\/plugins\/seo\/ -->\n<title>S\u00e9isme en Turquie et Syrie\u00a0: \u00ab\u00a0La solidarit\u00e9 internationale nous touche beaucoup\u00a0\u00bb - Saint Die Info<\/title>\n<meta name=\"robots\" content=\"index, follow, max-snippet:-1, max-image-preview:large, max-video-preview:-1\" \/>\n<link rel=\"canonical\" href=\"https:\/\/vosgesinfo.fr\/saintdieinfo\/2023\/02\/seisme-turquie-syrie-solidarite-internationale-touche-beaucoup\/\" \/>\n<meta name=\"twitter:card\" content=\"summary_large_image\" \/>\n<meta name=\"twitter:title\" content=\"S\u00e9isme en Turquie et Syrie\u00a0: \u00ab\u00a0La solidarit\u00e9 internationale nous touche beaucoup\u00a0\u00bb - Saint Die Info\" \/>\n<meta name=\"twitter:description\" content=\"Ce lundi 6 f\u00e9vrier, la Turquie et la Syrie ont \u00e9t\u00e9 touch\u00e9es par un violent s\u00e9isme de magnitude 7,8. Trois [&hellip;]\" \/>\n<meta name=\"twitter:image\" content=\"https:\/\/vosgesinfo.fr\/app\/uploads\/sites\/4\/2024\/08\/202302association-franco-turque-sddv-tremblement-de-terre.jpg\" \/>\n<meta name=\"twitter:creator\" content=\"@VosgesInfo88\" \/>\n<meta name=\"twitter:site\" content=\"@VosgesInfo88\" \/>\n<meta name=\"twitter:label1\" content=\"\u00c9crit par\" \/>\n\t<meta name=\"twitter:data1\" content=\"la r\u00e9daction\" \/>\n\t<meta name=\"twitter:label2\" content=\"Dur\u00e9e de lecture estim\u00e9e\" \/>\n\t<meta name=\"twitter:data2\" content=\"3 minutes\" \/>\n<script type=\"application\/ld+json\" class=\"yoast-schema-graph\">{\"@context\":\"https:\/\/schema.org\",\"@graph\":[{\"@type\":\"Article\",\"@id\":\"https:\/\/vosgesinfo.fr\/saintdieinfo\/2023\/02\/seisme-turquie-syrie-solidarite-internationale-touche-beaucoup\/#article\",\"isPartOf\":{\"@id\":\"https:\/\/vosgesinfo.fr\/saintdieinfo\/2023\/02\/seisme-turquie-syrie-solidarite-internationale-touche-beaucoup\/\"},\"author\":{\"name\":\"la r\u00e9daction\",\"@id\":\"https:\/\/vosgesinfo.fr\/saintdieinfo\/#\/schema\/person\/faee6704a21f3977511db84bd1cd450f\"},\"headline\":\"S\u00e9isme en Turquie et Syrie\u00a0: \u00ab\u00a0La solidarit\u00e9 internationale nous touche beaucoup\u00a0\u00bb\",\"datePublished\":\"2023-02-09T15:28:46+00:00\",\"dateModified\":\"2023-02-09T15:28:46+00:00\",\"mainEntityOfPage\":{\"@id\":\"https:\/\/vosgesinfo.fr\/saintdieinfo\/2023\/02\/seisme-turquie-syrie-solidarite-internationale-touche-beaucoup\/\"},\"wordCount\":630,\"commentCount\":0,\"publisher\":{\"@id\":\"https:\/\/vosgesinfo.fr\/saintdieinfo\/#organization\"},\"image\":{\"@id\":\"https:\/\/vosgesinfo.fr\/saintdieinfo\/2023\/02\/seisme-turquie-syrie-solidarite-internationale-touche-beaucoup\/#primaryimage\"},\"thumbnailUrl\":\"https:\/\/vosgesinfo.fr\/app\/uploads\/sites\/4\/2024\/08\/202302association-franco-turque-sddv-tremblement-de-terre.jpg\",\"keywords\":[\"Association Franco-Turque de Saint-Di\u00e9-des-Vosges\",\"S\u00e9isme en Turquie et Syrie\"],\"articleSection\":[\"A la Une\",\"Saint-Di\u00e9-des-Vosges et son Agglom\u00e9ration\",\"Solidarit\u00e9\",\"Vie Associative\"],\"inLanguage\":\"fr-FR\",\"potentialAction\":[{\"@type\":\"CommentAction\",\"name\":\"Comment\",\"target\":[\"https:\/\/vosgesinfo.fr\/saintdieinfo\/2023\/02\/seisme-turquie-syrie-solidarite-internationale-touche-beaucoup\/#respond\"]}]},{\"@type\":\"WebPage\",\"@id\":\"https:\/\/vosgesinfo.fr\/saintdieinfo\/2023\/02\/seisme-turquie-syrie-solidarite-internationale-touche-beaucoup\/\",\"url\":\"https:\/\/vosgesinfo.fr\/saintdieinfo\/2023\/02\/seisme-turquie-syrie-solidarite-internationale-touche-beaucoup\/\",\"name\":\"S\u00e9isme en Turquie et Syrie\u00a0: \u00ab\u00a0La solidarit\u00e9 internationale nous touche beaucoup\u00a0\u00bb - Saint Die Info\",\"isPartOf\":{\"@id\":\"https:\/\/vosgesinfo.fr\/saintdieinfo\/#website\"},\"primaryImageOfPage\":{\"@id\":\"https:\/\/vosgesinfo.fr\/saintdieinfo\/2023\/02\/seisme-turquie-syrie-solidarite-internationale-touche-beaucoup\/#primaryimage\"},\"image\":{\"@id\":\"https:\/\/vosgesinfo.fr\/saintdieinfo\/2023\/02\/seisme-turquie-syrie-solidarite-internationale-touche-beaucoup\/#primaryimage\"},\"thumbnailUrl\":\"https:\/\/vosgesinfo.fr\/app\/uploads\/sites\/4\/2024\/08\/202302association-franco-turque-sddv-tremblement-de-terre.jpg\",\"datePublished\":\"2023-02-09T15:28:46+00:00\",\"dateModified\":\"2023-02-09T15:28:46+00:00\",\"breadcrumb\":{\"@id\":\"https:\/\/vosgesinfo.fr\/saintdieinfo\/2023\/02\/seisme-turquie-syrie-solidarite-internationale-touche-beaucoup\/#breadcrumb\"},\"inLanguage\":\"fr-FR\",\"potentialAction\":[{\"@type\":\"ReadAction\",\"target\":[\"https:\/\/vosgesinfo.fr\/saintdieinfo\/2023\/02\/seisme-turquie-syrie-solidarite-internationale-touche-beaucoup\/\"]}]},{\"@type\":\"ImageObject\",\"inLanguage\":\"fr-FR\",\"@id\":\"https:\/\/vosgesinfo.fr\/saintdieinfo\/2023\/02\/seisme-turquie-syrie-solidarite-internationale-touche-beaucoup\/#primaryimage\",\"url\":\"https:\/\/vosgesinfo.fr\/app\/uploads\/sites\/4\/2024\/08\/202302association-franco-turque-sddv-tremblement-de-terre.jpg\",\"contentUrl\":\"https:\/\/vosgesinfo.fr\/app\/uploads\/sites\/4\/2024\/08\/202302association-franco-turque-sddv-tremblement-de-terre.jpg\",\"width\":1600,\"height\":1205},{\"@type\":\"BreadcrumbList\",\"@id\":\"https:\/\/vosgesinfo.fr\/saintdieinfo\/2023\/02\/seisme-turquie-syrie-solidarite-internationale-touche-beaucoup\/#breadcrumb\",\"itemListElement\":[{\"@type\":\"ListItem\",\"position\":1,\"name\":\"Home\",\"item\":\"https:\/\/vosgesinfo.fr\/saintdieinfo\/\"},{\"@type\":\"ListItem\",\"position\":2,\"name\":\"S\u00e9isme en Turquie et Syrie\u00a0: \u00ab\u00a0La solidarit\u00e9 internationale nous touche beaucoup\u00a0\u00bb\"}]},{\"@type\":\"WebSite\",\"@id\":\"https:\/\/vosgesinfo.fr\/saintdieinfo\/#website\",\"url\":\"https:\/\/vosgesinfo.fr\/saintdieinfo\/\",\"name\":\"Saint Die Info\",\"description\":\"Toute l&#039;actualit\u00e9 de Saint-Di\u00e9-Des-Vosges\",\"publisher\":{\"@id\":\"https:\/\/vosgesinfo.fr\/saintdieinfo\/#organization\"},\"alternateName\":\"Toute l'actualit\u00e9 de Saint-Di\u00e9-Des-Vosges\",\"potentialAction\":[{\"@type\":\"SearchAction\",\"target\":{\"@type\":\"EntryPoint\",\"urlTemplate\":\"https:\/\/vosgesinfo.fr\/saintdieinfo\/?s={search_term_string}\"},\"query-input\":\"required name=search_term_string\"}],\"inLanguage\":\"fr-FR\"},{\"@type\":\"Organization\",\"@id\":\"https:\/\/vosgesinfo.fr\/saintdieinfo\/#organization\",\"name\":\"Saint Die Info\",\"url\":\"https:\/\/vosgesinfo.fr\/saintdieinfo\/\",\"logo\":{\"@type\":\"ImageObject\",\"inLanguage\":\"fr-FR\",\"@id\":\"https:\/\/vosgesinfo.fr\/saintdieinfo\/#\/schema\/logo\/image\/\",\"url\":\"https:\/\/vosgesinfo.fr\/app\/uploads\/sites\/4\/2024\/02\/logo-sdi.jpg\",\"contentUrl\":\"https:\/\/vosgesinfo.fr\/app\/uploads\/sites\/4\/2024\/02\/logo-sdi.jpg\",\"width\":600,\"height\":600,\"caption\":\"Saint Die Info\"},\"image\":{\"@id\":\"https:\/\/vosgesinfo.fr\/saintdieinfo\/#\/schema\/logo\/image\/\"},\"sameAs\":[\"https:\/\/www.facebook.com\/Saintdieinfofr\",\"https:\/\/x.com\/VosgesInfo88\",\"https:\/\/www.youtube.com\/@vosgesinfo\"]},{\"@type\":\"Person\",\"@id\":\"https:\/\/vosgesinfo.fr\/saintdieinfo\/#\/schema\/person\/faee6704a21f3977511db84bd1cd450f\",\"name\":\"la r\u00e9daction\",\"image\":{\"@type\":\"ImageObject\",\"inLanguage\":\"fr-FR\",\"@id\":\"https:\/\/vosgesinfo.fr\/saintdieinfo\/#\/schema\/person\/image\/\",\"url\":\"https:\/\/secure.gravatar.com\/avatar\/6673d8bc6a9c17fa9a453eaa3448de834fa308c2ec9635b7aa99441a7c8d2cf6?s=96&d=mm&r=g\",\"contentUrl\":\"https:\/\/secure.gravatar.com\/avatar\/6673d8bc6a9c17fa9a453eaa3448de834fa308c2ec9635b7aa99441a7c8d2cf6?s=96&d=mm&r=g\",\"caption\":\"la r\u00e9daction\"},\"url\":\"https:\/\/vosgesinfo.fr\/saintdieinfo\/author\/redac\/\"}]}<\/script>\n<!-- \/ Yoast SEO plugin. -->","yoast_head_json":{"title":"S\u00e9isme en Turquie et Syrie\u00a0: \u00ab\u00a0La solidarit\u00e9 internationale nous touche beaucoup\u00a0\u00bb - Saint Die Info","robots":{"index":"index","follow":"follow","max-snippet":"max-snippet:-1","max-image-preview":"max-image-preview:large","max-video-preview":"max-video-preview:-1"},"canonical":"https:\/\/vosgesinfo.fr\/saintdieinfo\/2023\/02\/seisme-turquie-syrie-solidarite-internationale-touche-beaucoup\/","twitter_card":"summary_large_image","twitter_title":"S\u00e9isme en Turquie et Syrie\u00a0: \u00ab\u00a0La solidarit\u00e9 internationale nous touche beaucoup\u00a0\u00bb - Saint Die Info","twitter_description":"Ce lundi 6 f\u00e9vrier, la Turquie et la Syrie ont \u00e9t\u00e9 touch\u00e9es par un violent s\u00e9isme de magnitude 7,8. Trois [&hellip;]","twitter_image":"https:\/\/vosgesinfo.fr\/app\/uploads\/sites\/4\/2024\/08\/202302association-franco-turque-sddv-tremblement-de-terre.jpg","twitter_creator":"@VosgesInfo88","twitter_site":"@VosgesInfo88","twitter_misc":{"\u00c9crit par":"la r\u00e9daction","Dur\u00e9e de lecture estim\u00e9e":"3 minutes"},"schema":{"@context":"https:\/\/schema.org","@graph":[{"@type":"Article","@id":"https:\/\/vosgesinfo.fr\/saintdieinfo\/2023\/02\/seisme-turquie-syrie-solidarite-internationale-touche-beaucoup\/#article","isPartOf":{"@id":"https:\/\/vosgesinfo.fr\/saintdieinfo\/2023\/02\/seisme-turquie-syrie-solidarite-internationale-touche-beaucoup\/"},"author":{"name":"la r\u00e9daction","@id":"https:\/\/vosgesinfo.fr\/saintdieinfo\/#\/schema\/person\/faee6704a21f3977511db84bd1cd450f"},"headline":"S\u00e9isme en Turquie et Syrie\u00a0: \u00ab\u00a0La solidarit\u00e9 internationale nous touche beaucoup\u00a0\u00bb","datePublished":"2023-02-09T15:28:46+00:00","dateModified":"2023-02-09T15:28:46+00:00","mainEntityOfPage":{"@id":"https:\/\/vosgesinfo.fr\/saintdieinfo\/2023\/02\/seisme-turquie-syrie-solidarite-internationale-touche-beaucoup\/"},"wordCount":630,"commentCount":0,"publisher":{"@id":"https:\/\/vosgesinfo.fr\/saintdieinfo\/#organization"},"image":{"@id":"https:\/\/vosgesinfo.fr\/saintdieinfo\/2023\/02\/seisme-turquie-syrie-solidarite-internationale-touche-beaucoup\/#primaryimage"},"thumbnailUrl":"https:\/\/vosgesinfo.fr\/app\/uploads\/sites\/4\/2024\/08\/202302association-franco-turque-sddv-tremblement-de-terre.jpg","keywords":["Association Franco-Turque de Saint-Di\u00e9-des-Vosges","S\u00e9isme en Turquie et Syrie"],"articleSection":["A la Une","Saint-Di\u00e9-des-Vosges et son Agglom\u00e9ration","Solidarit\u00e9","Vie Associative"],"inLanguage":"fr-FR","potentialAction":[{"@type":"CommentAction","name":"Comment","target":["https:\/\/vosgesinfo.fr\/saintdieinfo\/2023\/02\/seisme-turquie-syrie-solidarite-internationale-touche-beaucoup\/#respond"]}]},{"@type":"WebPage","@id":"https:\/\/vosgesinfo.fr\/saintdieinfo\/2023\/02\/seisme-turquie-syrie-solidarite-internationale-touche-beaucoup\/","url":"https:\/\/vosgesinfo.fr\/saintdieinfo\/2023\/02\/seisme-turquie-syrie-solidarite-internationale-touche-beaucoup\/","name":"S\u00e9isme en Turquie et Syrie\u00a0: \u00ab\u00a0La solidarit\u00e9 internationale nous touche beaucoup\u00a0\u00bb - Saint Die Info","isPartOf":{"@id":"https:\/\/vosgesinfo.fr\/saintdieinfo\/#website"},"primaryImageOfPage":{"@id":"https:\/\/vosgesinfo.fr\/saintdieinfo\/2023\/02\/seisme-turquie-syrie-solidarite-internationale-touche-beaucoup\/#primaryimage"},"image":{"@id":"https:\/\/vosgesinfo.fr\/saintdieinfo\/2023\/02\/seisme-turquie-syrie-solidarite-internationale-touche-beaucoup\/#primaryimage"},"thumbnailUrl":"https:\/\/vosgesinfo.fr\/app\/uploads\/sites\/4\/2024\/08\/202302association-franco-turque-sddv-tremblement-de-terre.jpg","datePublished":"2023-02-09T15:28:46+00:00","dateModified":"2023-02-09T15:28:46+00:00","breadcrumb":{"@id":"https:\/\/vosgesinfo.fr\/saintdieinfo\/2023\/02\/seisme-turquie-syrie-solidarite-internationale-touche-beaucoup\/#breadcrumb"},"inLanguage":"fr-FR","potentialAction":[{"@type":"ReadAction","target":["https:\/\/vosgesinfo.fr\/saintdieinfo\/2023\/02\/seisme-turquie-syrie-solidarite-internationale-touche-beaucoup\/"]}]},{"@type":"ImageObject","inLanguage":"fr-FR","@id":"https:\/\/vosgesinfo.fr\/saintdieinfo\/2023\/02\/seisme-turquie-syrie-solidarite-internationale-touche-beaucoup\/#primaryimage","url":"https:\/\/vosgesinfo.fr\/app\/uploads\/sites\/4\/2024\/08\/202302association-franco-turque-sddv-tremblement-de-terre.jpg","contentUrl":"https:\/\/vosgesinfo.fr\/app\/uploads\/sites\/4\/2024\/08\/202302association-franco-turque-sddv-tremblement-de-terre.jpg","width":1600,"height":1205},{"@type":"BreadcrumbList","@id":"https:\/\/vosgesinfo.fr\/saintdieinfo\/2023\/02\/seisme-turquie-syrie-solidarite-internationale-touche-beaucoup\/#breadcrumb","itemListElement":[{"@type":"ListItem","position":1,"name":"Home","item":"https:\/\/vosgesinfo.fr\/saintdieinfo\/"},{"@type":"ListItem","position":2,"name":"S\u00e9isme en Turquie et Syrie\u00a0: \u00ab\u00a0La solidarit\u00e9 internationale nous touche beaucoup\u00a0\u00bb"}]},{"@type":"WebSite","@id":"https:\/\/vosgesinfo.fr\/saintdieinfo\/#website","url":"https:\/\/vosgesinfo.fr\/saintdieinfo\/","name":"Saint Die Info","description":"Toute l&#039;actualit\u00e9 de Saint-Di\u00e9-Des-Vosges","publisher":{"@id":"https:\/\/vosgesinfo.fr\/saintdieinfo\/#organization"},"alternateName":"Toute l'actualit\u00e9 de Saint-Di\u00e9-Des-Vosges","potentialAction":[{"@type":"SearchAction","target":{"@type":"EntryPoint","urlTemplate":"https:\/\/vosgesinfo.fr\/saintdieinfo\/?s={search_term_string}"},"query-input":"required name=search_term_string"}],"inLanguage":"fr-FR"},{"@type":"Organization","@id":"https:\/\/vosgesinfo.fr\/saintdieinfo\/#organization","name":"Saint Die Info","url":"https:\/\/vosgesinfo.fr\/saintdieinfo\/","logo":{"@type":"ImageObject","inLanguage":"fr-FR","@id":"https:\/\/vosgesinfo.fr\/saintdieinfo\/#\/schema\/logo\/image\/","url":"https:\/\/vosgesinfo.fr\/app\/uploads\/sites\/4\/2024\/02\/logo-sdi.jpg","contentUrl":"https:\/\/vosgesinfo.fr\/app\/uploads\/sites\/4\/2024\/02\/logo-sdi.jpg","width":600,"height":600,"caption":"Saint Die Info"},"image":{"@id":"https:\/\/vosgesinfo.fr\/saintdieinfo\/#\/schema\/logo\/image\/"},"sameAs":["https:\/\/www.facebook.com\/Saintdieinfofr","https:\/\/x.com\/VosgesInfo88","https:\/\/www.youtube.com\/@vosgesinfo"]},{"@type":"Person","@id":"https:\/\/vosgesinfo.fr\/saintdieinfo\/#\/schema\/person\/faee6704a21f3977511db84bd1cd450f","name":"la r\u00e9daction","image":{"@type":"ImageObject","inLanguage":"fr-FR","@id":"https:\/\/vosgesinfo.fr\/saintdieinfo\/#\/schema\/person\/image\/","url":"https:\/\/secure.gravatar.com\/avatar\/6673d8bc6a9c17fa9a453eaa3448de834fa308c2ec9635b7aa99441a7c8d2cf6?s=96&d=mm&r=g","contentUrl":"https:\/\/secure.gravatar.com\/avatar\/6673d8bc6a9c17fa9a453eaa3448de834fa308c2ec9635b7aa99441a7c8d2cf6?s=96&d=mm&r=g","caption":"la r\u00e9daction"},"url":"https:\/\/vosgesinfo.fr\/saintdieinfo\/author\/redac\/"}]}},"_links":{"self":[{"href":"https:\/\/vosgesinfo.fr\/saintdieinfo\/wp-json\/wp\/v2\/posts\/62272","targetHints":{"allow":["GET"]}}],"collection":[{"href":"https:\/\/vosgesinfo.fr\/saintdieinfo\/wp-json\/wp\/v2\/posts"}],"about":[{"href":"https:\/\/vosgesinfo.fr\/saintdieinfo\/wp-json\/wp\/v2\/types\/post"}],"author":[{"embeddable":true,"href":"https:\/\/vosgesinfo.fr\/saintdieinfo\/wp-json\/wp\/v2\/users\/44"}],"replies":[{"embeddable":true,"href":"https:\/\/vosgesinfo.fr\/saintdieinfo\/wp-json\/wp\/v2\/comments?post=62272"}],"version-history":[{"count":0,"href":"https:\/\/vosgesinfo.fr\/saintdieinfo\/wp-json\/wp\/v2\/posts\/62272\/revisions"}],"wp:featuredmedia":[{"embeddable":true,"href":"https:\/\/vosgesinfo.fr\/saintdieinfo\/wp-json\/wp\/v2\/media\/62273"}],"wp:attachment":[{"href":"https:\/\/vosgesinfo.fr\/saintdieinfo\/wp-json\/wp\/v2\/media?parent=62272"}],"wp:term":[{"taxonomy":"category","embeddable":true,"href":"https:\/\/vosgesinfo.fr\/saintdieinfo\/wp-json\/wp\/v2\/categories?post=62272"},{"taxonomy":"post_tag","embeddable":true,"href":"https:\/\/vosgesinfo.fr\/saintdieinfo\/wp-json\/wp\/v2\/tags?post=62272"}],"curies":[{"name":"wp","href":"https:\/\/api.w.org\/{rel}","templated":true}]}}