{"id":62298,"date":"2023-02-11T09:59:30","date_gmt":"2023-02-11T08:59:30","guid":{"rendered":"https:\/\/vosgesinfo.fr\/saintdieinfo\/2023\/02\/concours-deodatien-decorations-de-noel-a-laureats\/"},"modified":"2023-02-11T09:59:30","modified_gmt":"2023-02-11T08:59:30","slug":"concours-deodatien-decorations-de-noel-a-laureats","status":"publish","type":"post","link":"https:\/\/vosgesinfo.fr\/saintdieinfo\/2023\/02\/concours-deodatien-decorations-de-noel-a-laureats\/","title":{"rendered":"Le concours d\u00e9odatien des d\u00e9corations de No\u00ebl a ses laur\u00e9ats !"},"content":{"rendered":"<div id=\"attachment_196905\" style=\"width: 970px\" class=\"wp-caption aligncenter\"><a href=\"\/2023\/02\/Laur\u00e9ats_Concours_D\u00e9corations_No\u00ebl-1.jpg\" target=\"_blank\" rel=\"noopener\"><img decoding=\"async\" aria-describedby=\"caption-attachment-196905\" class=\"wp-image-196905 size-large\" src=\"\/2023\/02\/Laur\u00e9ats_Concours_D\u00e9corations_No\u00ebl-1-1024x683.jpg\" alt=\"Laur\u00e9ats_Concours_D\u00e9corations_No\u00ebl (1)\" width=\"960\" height=\"640\" \/><\/a><p id=\"caption-attachment-196905\" class=\"wp-caption-text\">(Photographies Marc Fourniquet)<\/p><\/div>\n<h2><strong><span style=\"font-size: 14pt;\">L&rsquo;an dernier, le traditionnel concours municipal des illuminations a laiss\u00e9 place \u00e0 un concours de d\u00e9corations de No\u00ebl&#8230; sobri\u00e9t\u00e9 \u00e9nerg\u00e9tique oblige.<\/span><\/strong><\/h2>\n<p><!--more--><\/p>\n<p>Peu avant la fin d&rsquo;ann\u00e9e, le 15 d\u00e9cembre, les membres du jury avaient effectu\u00e9 leur tourn\u00e9e d&rsquo;\u00e9valuation \u00e0 travers les diff\u00e9rents quartiers de la ville, pour attribuer 2 notes sur 10 \u00e0 chacun des 51 participants r\u00e9partis en 3 cat\u00e9gories, avec respectivement 27 commerces, 13 maisons et 11 balcons (<a href=\"https:\/\/saintdieinfo.fr\/2022\/12\/jury-concours-deodatien-decorations-de-noel-a-tournee\/\" target=\"_blank\" rel=\"noopener\">lire notre article<\/a>). Le jury a rendu son verdict, et c&rsquo;est ce vendredi soir que les laur\u00e9ats du concours ont re\u00e7u leurs prix au Grand Salon de l&rsquo;H\u00f4tel, des mains du maire Bruno Toussaint. Ce dernier a \u00e9galement tenu \u00e0 mettre en lumi\u00e8re les personnels municipaux ayant fabriqu\u00e9 et install\u00e9 les d\u00e9corations de No\u00ebl.<\/p>\n<p>C&rsquo;est G\u00e9rard Blaise qui s&rsquo;est vu attribuer le prix exceptionnel pour la cat\u00e9gorie \u00ab\u00a0Maisons\u00a0\u00bb&#8230; et par la m\u00eame occasion un ch\u00e8que cadeau \u00ab\u00a0Cad&rsquo;UDAC\u00a0\u00bb de 400\u20ac. France Godel est quant \u00e0 elle laur\u00e9ate pour la cat\u00e9gorie \u00ab\u00a0Balcons\u00a0\u00bb, un prix qui s&rsquo;accompagne d&rsquo;un ch\u00e8que de 200\u20ac, tandis que le Fabienne Delong, du salon de th\u00e9\u00a0 \u00ab\u00a0So Chic By Flavie\u00a0\u00bb remporte le prix exceptionnel \u00ab\u00a0Commerces\u00a0\u00bb et un ch\u00e8que de 200\u20ac. D&rsquo;autres participants au concours ont \u00e9galement re\u00e7u des ch\u00e8ques-cadeaux, et tous sont repartis de la c\u00e9r\u00e9monie de remise avec une plante offerte par des fleuristes d\u00e9odatiens.<\/p>\n\n<h3><strong><span style=\"font-size: 12pt;\">Les podiums des diff\u00e9rentes cat\u00e9gories\u00a0:<\/span><\/strong><\/h3>\n<div id=\"attachment_196910\" style=\"width: 970px\" class=\"wp-caption aligncenter\"><a href=\"\/2023\/02\/Laur\u00e9ats_Concours_D\u00e9corations_No\u00ebl-6.jpg\" target=\"_blank\" rel=\"noopener\"><img decoding=\"async\" aria-describedby=\"caption-attachment-196910\" class=\"wp-image-196910 size-large\" src=\"\/2023\/02\/Laur\u00e9ats_Concours_D\u00e9corations_No\u00ebl-6-1024x683.jpg\" alt=\"Laur\u00e9ats_Concours_D\u00e9corations_No\u00ebl (6)\" width=\"960\" height=\"640\" \/><\/a><p id=\"caption-attachment-196910\" class=\"wp-caption-text\">G\u00e9rard Blaise (absent) est laur\u00e9at du prix exceptionnel \u00ab\u00a0Maisons\u00a0\u00bb.<\/p><\/div>\n<h3><strong><span style=\"font-size: 12pt;\">Cat\u00e9gorie \u00ab\u00a0Maisons\u00a0\u00bb\u00a0:<\/span><\/strong><\/h3>\n<ol>\n<li>G\u00e9rard Blaise \u2013 400\u20ac\u00a0;<\/li>\n<li>Delphine George \u2013 250\u20ac\u00a0;<\/li>\n<li>Jean-Paul Jobert \u2013 150\u20ac.<\/li>\n<\/ol>\n<div id=\"attachment_196909\" style=\"width: 970px\" class=\"wp-caption aligncenter\"><a href=\"\/2023\/02\/Laur\u00e9ats_Concours_D\u00e9corations_No\u00ebl-5.jpg\" target=\"_blank\" rel=\"noopener\"><img decoding=\"async\" aria-describedby=\"caption-attachment-196909\" class=\"wp-image-196909 size-large\" src=\"\/2023\/02\/Laur\u00e9ats_Concours_D\u00e9corations_No\u00ebl-5-1024x683.jpg\" alt=\"Laur\u00e9ats_Concours_D\u00e9corations_No\u00ebl (5)\" width=\"960\" height=\"640\" \/><\/a><p id=\"caption-attachment-196909\" class=\"wp-caption-text\">Fabienne Delong est laur\u00e9ate du prix exceptionnel \u00ab\u00a0Commerces\u00a0\u00bb.<\/p><\/div>\n<h3><strong><span style=\"font-size: 12pt;\">Cat\u00e9gorie \u00ab\u00a0Commerces\u00a0\u00bb\u00a0:<\/span><\/strong><\/h3>\n<ol>\n<li>Fabienne Delong \u2013 So Chic By Flavie \u2013 200\u20ac\u00a0;<\/li>\n<li>Damien Fourreaux \u2013 La Pitchouli \u2013 120\u20ac\u00a0;<\/li>\n<li>Val\u00e9rie Didier \u2013 Duo Style \u2013 70\u20ac.<\/li>\n<\/ol>\n<div id=\"attachment_196908\" style=\"width: 970px\" class=\"wp-caption aligncenter\"><a href=\"\/2023\/02\/Laur\u00e9ats_Concours_D\u00e9corations_No\u00ebl-4.jpg\" target=\"_blank\" rel=\"noopener\"><img decoding=\"async\" aria-describedby=\"caption-attachment-196908\" class=\"wp-image-196908 size-large\" src=\"\/2023\/02\/Laur\u00e9ats_Concours_D\u00e9corations_No\u00ebl-4-1024x683.jpg\" alt=\"Laur\u00e9ats_Concours_D\u00e9corations_No\u00ebl (4)\" width=\"960\" height=\"640\" \/><\/a><p id=\"caption-attachment-196908\" class=\"wp-caption-text\">France Godel est laur\u00e9ate du prix exceptionnel \u00ab\u00a0Balcons\u00a0\u00bb.<\/p><\/div>\n<h3><strong><span style=\"font-size: 12pt;\">Cat\u00e9gorie \u00ab\u00a0Balcons\u00a0\u00bb\u00a0:<\/span><\/strong><\/h3>\n<ol>\n<li>France Godel \u2013 200\u20ac\u00a0;<\/li>\n<li>Josette Ziegler \u2013 120\u20ac\u00a0;<\/li>\n<li>Bernard Jacquot \u2013 70\u20ac.<\/li>\n<\/ol>\n<p>J.J.<\/p>\n","protected":false},"excerpt":{"rendered":"<p>L&rsquo;an dernier, le traditionnel concours municipal des illuminations a laiss\u00e9 place \u00e0 un concours de d\u00e9corations de No\u00ebl&#8230; sobri\u00e9t\u00e9 \u00e9nerg\u00e9tique [&hellip;]<\/p>\n","protected":false},"author":44,"featured_media":62299,"comment_status":"open","ping_status":"open","sticky":false,"template":"","format":"standard","meta":{"footnotes":""},"categories":[460,20,2915],"tags":[13783,3318],"class_list":["post-62298","post","type-post","status-publish","format-standard","has-post-thumbnail","hentry","category-a-la-une","category-loisirs","category-saint-die-son-canton","tag-concours-municipal-des-decorations-de-noel","tag-grand-salon-de-lhotel-de-ville"],"acf":[],"yoast_head":"<!-- This site is optimized with the Yoast SEO plugin v22.5 - https:\/\/yoast.com\/wordpress\/plugins\/seo\/ -->\n<title>Le concours d\u00e9odatien des d\u00e9corations de No\u00ebl a ses laur\u00e9ats ! - Saint Die Info<\/title>\n<meta name=\"robots\" content=\"index, follow, max-snippet:-1, max-image-preview:large, max-video-preview:-1\" \/>\n<link rel=\"canonical\" href=\"https:\/\/vosgesinfo.fr\/saintdieinfo\/2023\/02\/concours-deodatien-decorations-de-noel-a-laureats\/\" \/>\n<meta name=\"twitter:card\" content=\"summary_large_image\" \/>\n<meta name=\"twitter:title\" content=\"Le concours d\u00e9odatien des d\u00e9corations de No\u00ebl a ses laur\u00e9ats ! - Saint Die Info\" \/>\n<meta name=\"twitter:description\" content=\"L&rsquo;an dernier, le traditionnel concours municipal des illuminations a laiss\u00e9 place \u00e0 un concours de d\u00e9corations de No\u00ebl&#8230; sobri\u00e9t\u00e9 \u00e9nerg\u00e9tique [&hellip;]\" \/>\n<meta name=\"twitter:image\" content=\"https:\/\/vosgesinfo.fr\/app\/uploads\/sites\/4\/2024\/08\/202302laureats-concours-decorations-noel-6.jpg\" \/>\n<meta name=\"twitter:creator\" content=\"@VosgesInfo88\" \/>\n<meta name=\"twitter:site\" content=\"@VosgesInfo88\" \/>\n<meta name=\"twitter:label1\" content=\"\u00c9crit par\" \/>\n\t<meta name=\"twitter:data1\" content=\"la r\u00e9daction\" \/>\n\t<meta name=\"twitter:label2\" content=\"Dur\u00e9e de lecture estim\u00e9e\" \/>\n\t<meta name=\"twitter:data2\" content=\"2 minutes\" \/>\n<script type=\"application\/ld+json\" class=\"yoast-schema-graph\">{\"@context\":\"https:\/\/schema.org\",\"@graph\":[{\"@type\":\"Article\",\"@id\":\"https:\/\/vosgesinfo.fr\/saintdieinfo\/2023\/02\/concours-deodatien-decorations-de-noel-a-laureats\/#article\",\"isPartOf\":{\"@id\":\"https:\/\/vosgesinfo.fr\/saintdieinfo\/2023\/02\/concours-deodatien-decorations-de-noel-a-laureats\/\"},\"author\":{\"name\":\"la r\u00e9daction\",\"@id\":\"https:\/\/vosgesinfo.fr\/saintdieinfo\/#\/schema\/person\/faee6704a21f3977511db84bd1cd450f\"},\"headline\":\"Le concours d\u00e9odatien des d\u00e9corations de No\u00ebl a ses laur\u00e9ats !\",\"datePublished\":\"2023-02-11T08:59:30+00:00\",\"dateModified\":\"2023-02-11T08:59:30+00:00\",\"mainEntityOfPage\":{\"@id\":\"https:\/\/vosgesinfo.fr\/saintdieinfo\/2023\/02\/concours-deodatien-decorations-de-noel-a-laureats\/\"},\"wordCount\":367,\"commentCount\":0,\"publisher\":{\"@id\":\"https:\/\/vosgesinfo.fr\/saintdieinfo\/#organization\"},\"image\":{\"@id\":\"https:\/\/vosgesinfo.fr\/saintdieinfo\/2023\/02\/concours-deodatien-decorations-de-noel-a-laureats\/#primaryimage\"},\"thumbnailUrl\":\"https:\/\/vosgesinfo.fr\/app\/uploads\/sites\/4\/2024\/08\/202302laureats-concours-decorations-noel-6.jpg\",\"keywords\":[\"Concours municipal des d\u00e9corations de No\u00ebl\",\"Grand Salon de l'H\u00f4tel de Ville\"],\"articleSection\":[\"A la Une\",\"Loisirs\",\"Saint-Di\u00e9-des-Vosges et son Agglom\u00e9ration\"],\"inLanguage\":\"fr-FR\",\"potentialAction\":[{\"@type\":\"CommentAction\",\"name\":\"Comment\",\"target\":[\"https:\/\/vosgesinfo.fr\/saintdieinfo\/2023\/02\/concours-deodatien-decorations-de-noel-a-laureats\/#respond\"]}]},{\"@type\":\"WebPage\",\"@id\":\"https:\/\/vosgesinfo.fr\/saintdieinfo\/2023\/02\/concours-deodatien-decorations-de-noel-a-laureats\/\",\"url\":\"https:\/\/vosgesinfo.fr\/saintdieinfo\/2023\/02\/concours-deodatien-decorations-de-noel-a-laureats\/\",\"name\":\"Le concours d\u00e9odatien des d\u00e9corations de No\u00ebl a ses laur\u00e9ats ! - Saint Die Info\",\"isPartOf\":{\"@id\":\"https:\/\/vosgesinfo.fr\/saintdieinfo\/#website\"},\"primaryImageOfPage\":{\"@id\":\"https:\/\/vosgesinfo.fr\/saintdieinfo\/2023\/02\/concours-deodatien-decorations-de-noel-a-laureats\/#primaryimage\"},\"image\":{\"@id\":\"https:\/\/vosgesinfo.fr\/saintdieinfo\/2023\/02\/concours-deodatien-decorations-de-noel-a-laureats\/#primaryimage\"},\"thumbnailUrl\":\"https:\/\/vosgesinfo.fr\/app\/uploads\/sites\/4\/2024\/08\/202302laureats-concours-decorations-noel-6.jpg\",\"datePublished\":\"2023-02-11T08:59:30+00:00\",\"dateModified\":\"2023-02-11T08:59:30+00:00\",\"breadcrumb\":{\"@id\":\"https:\/\/vosgesinfo.fr\/saintdieinfo\/2023\/02\/concours-deodatien-decorations-de-noel-a-laureats\/#breadcrumb\"},\"inLanguage\":\"fr-FR\",\"potentialAction\":[{\"@type\":\"ReadAction\",\"target\":[\"https:\/\/vosgesinfo.fr\/saintdieinfo\/2023\/02\/concours-deodatien-decorations-de-noel-a-laureats\/\"]}]},{\"@type\":\"ImageObject\",\"inLanguage\":\"fr-FR\",\"@id\":\"https:\/\/vosgesinfo.fr\/saintdieinfo\/2023\/02\/concours-deodatien-decorations-de-noel-a-laureats\/#primaryimage\",\"url\":\"https:\/\/vosgesinfo.fr\/app\/uploads\/sites\/4\/2024\/08\/202302laureats-concours-decorations-noel-6.jpg\",\"contentUrl\":\"https:\/\/vosgesinfo.fr\/app\/uploads\/sites\/4\/2024\/08\/202302laureats-concours-decorations-noel-6.jpg\",\"width\":1024,\"height\":683,\"caption\":\"(Archive)\"},{\"@type\":\"BreadcrumbList\",\"@id\":\"https:\/\/vosgesinfo.fr\/saintdieinfo\/2023\/02\/concours-deodatien-decorations-de-noel-a-laureats\/#breadcrumb\",\"itemListElement\":[{\"@type\":\"ListItem\",\"position\":1,\"name\":\"Home\",\"item\":\"https:\/\/vosgesinfo.fr\/saintdieinfo\/\"},{\"@type\":\"ListItem\",\"position\":2,\"name\":\"Le concours d\u00e9odatien des d\u00e9corations de No\u00ebl a ses laur\u00e9ats !\"}]},{\"@type\":\"WebSite\",\"@id\":\"https:\/\/vosgesinfo.fr\/saintdieinfo\/#website\",\"url\":\"https:\/\/vosgesinfo.fr\/saintdieinfo\/\",\"name\":\"Saint Die Info\",\"description\":\"Toute l&#039;actualit\u00e9 de Saint-Di\u00e9-Des-Vosges\",\"publisher\":{\"@id\":\"https:\/\/vosgesinfo.fr\/saintdieinfo\/#organization\"},\"alternateName\":\"Toute l'actualit\u00e9 de Saint-Di\u00e9-Des-Vosges\",\"potentialAction\":[{\"@type\":\"SearchAction\",\"target\":{\"@type\":\"EntryPoint\",\"urlTemplate\":\"https:\/\/vosgesinfo.fr\/saintdieinfo\/?s={search_term_string}\"},\"query-input\":\"required name=search_term_string\"}],\"inLanguage\":\"fr-FR\"},{\"@type\":\"Organization\",\"@id\":\"https:\/\/vosgesinfo.fr\/saintdieinfo\/#organization\",\"name\":\"Saint Die Info\",\"url\":\"https:\/\/vosgesinfo.fr\/saintdieinfo\/\",\"logo\":{\"@type\":\"ImageObject\",\"inLanguage\":\"fr-FR\",\"@id\":\"https:\/\/vosgesinfo.fr\/saintdieinfo\/#\/schema\/logo\/image\/\",\"url\":\"https:\/\/vosgesinfo.fr\/app\/uploads\/sites\/4\/2024\/02\/logo-sdi.jpg\",\"contentUrl\":\"https:\/\/vosgesinfo.fr\/app\/uploads\/sites\/4\/2024\/02\/logo-sdi.jpg\",\"width\":600,\"height\":600,\"caption\":\"Saint Die Info\"},\"image\":{\"@id\":\"https:\/\/vosgesinfo.fr\/saintdieinfo\/#\/schema\/logo\/image\/\"},\"sameAs\":[\"https:\/\/www.facebook.com\/Saintdieinfofr\",\"https:\/\/x.com\/VosgesInfo88\",\"https:\/\/www.youtube.com\/@vosgesinfo\"]},{\"@type\":\"Person\",\"@id\":\"https:\/\/vosgesinfo.fr\/saintdieinfo\/#\/schema\/person\/faee6704a21f3977511db84bd1cd450f\",\"name\":\"la r\u00e9daction\",\"image\":{\"@type\":\"ImageObject\",\"inLanguage\":\"fr-FR\",\"@id\":\"https:\/\/vosgesinfo.fr\/saintdieinfo\/#\/schema\/person\/image\/\",\"url\":\"https:\/\/secure.gravatar.com\/avatar\/6673d8bc6a9c17fa9a453eaa3448de834fa308c2ec9635b7aa99441a7c8d2cf6?s=96&d=mm&r=g\",\"contentUrl\":\"https:\/\/secure.gravatar.com\/avatar\/6673d8bc6a9c17fa9a453eaa3448de834fa308c2ec9635b7aa99441a7c8d2cf6?s=96&d=mm&r=g\",\"caption\":\"la r\u00e9daction\"},\"url\":\"https:\/\/vosgesinfo.fr\/saintdieinfo\/author\/redac\/\"}]}<\/script>\n<!-- \/ Yoast SEO plugin. -->","yoast_head_json":{"title":"Le concours d\u00e9odatien des d\u00e9corations de No\u00ebl a ses laur\u00e9ats ! - Saint Die Info","robots":{"index":"index","follow":"follow","max-snippet":"max-snippet:-1","max-image-preview":"max-image-preview:large","max-video-preview":"max-video-preview:-1"},"canonical":"https:\/\/vosgesinfo.fr\/saintdieinfo\/2023\/02\/concours-deodatien-decorations-de-noel-a-laureats\/","twitter_card":"summary_large_image","twitter_title":"Le concours d\u00e9odatien des d\u00e9corations de No\u00ebl a ses laur\u00e9ats ! - Saint Die Info","twitter_description":"L&rsquo;an dernier, le traditionnel concours municipal des illuminations a laiss\u00e9 place \u00e0 un concours de d\u00e9corations de No\u00ebl&#8230; sobri\u00e9t\u00e9 \u00e9nerg\u00e9tique [&hellip;]","twitter_image":"https:\/\/vosgesinfo.fr\/app\/uploads\/sites\/4\/2024\/08\/202302laureats-concours-decorations-noel-6.jpg","twitter_creator":"@VosgesInfo88","twitter_site":"@VosgesInfo88","twitter_misc":{"\u00c9crit par":"la r\u00e9daction","Dur\u00e9e de lecture estim\u00e9e":"2 minutes"},"schema":{"@context":"https:\/\/schema.org","@graph":[{"@type":"Article","@id":"https:\/\/vosgesinfo.fr\/saintdieinfo\/2023\/02\/concours-deodatien-decorations-de-noel-a-laureats\/#article","isPartOf":{"@id":"https:\/\/vosgesinfo.fr\/saintdieinfo\/2023\/02\/concours-deodatien-decorations-de-noel-a-laureats\/"},"author":{"name":"la r\u00e9daction","@id":"https:\/\/vosgesinfo.fr\/saintdieinfo\/#\/schema\/person\/faee6704a21f3977511db84bd1cd450f"},"headline":"Le concours d\u00e9odatien des d\u00e9corations de No\u00ebl a ses laur\u00e9ats !","datePublished":"2023-02-11T08:59:30+00:00","dateModified":"2023-02-11T08:59:30+00:00","mainEntityOfPage":{"@id":"https:\/\/vosgesinfo.fr\/saintdieinfo\/2023\/02\/concours-deodatien-decorations-de-noel-a-laureats\/"},"wordCount":367,"commentCount":0,"publisher":{"@id":"https:\/\/vosgesinfo.fr\/saintdieinfo\/#organization"},"image":{"@id":"https:\/\/vosgesinfo.fr\/saintdieinfo\/2023\/02\/concours-deodatien-decorations-de-noel-a-laureats\/#primaryimage"},"thumbnailUrl":"https:\/\/vosgesinfo.fr\/app\/uploads\/sites\/4\/2024\/08\/202302laureats-concours-decorations-noel-6.jpg","keywords":["Concours municipal des d\u00e9corations de No\u00ebl","Grand Salon de l'H\u00f4tel de Ville"],"articleSection":["A la Une","Loisirs","Saint-Di\u00e9-des-Vosges et son Agglom\u00e9ration"],"inLanguage":"fr-FR","potentialAction":[{"@type":"CommentAction","name":"Comment","target":["https:\/\/vosgesinfo.fr\/saintdieinfo\/2023\/02\/concours-deodatien-decorations-de-noel-a-laureats\/#respond"]}]},{"@type":"WebPage","@id":"https:\/\/vosgesinfo.fr\/saintdieinfo\/2023\/02\/concours-deodatien-decorations-de-noel-a-laureats\/","url":"https:\/\/vosgesinfo.fr\/saintdieinfo\/2023\/02\/concours-deodatien-decorations-de-noel-a-laureats\/","name":"Le concours d\u00e9odatien des d\u00e9corations de No\u00ebl a ses laur\u00e9ats ! - Saint Die Info","isPartOf":{"@id":"https:\/\/vosgesinfo.fr\/saintdieinfo\/#website"},"primaryImageOfPage":{"@id":"https:\/\/vosgesinfo.fr\/saintdieinfo\/2023\/02\/concours-deodatien-decorations-de-noel-a-laureats\/#primaryimage"},"image":{"@id":"https:\/\/vosgesinfo.fr\/saintdieinfo\/2023\/02\/concours-deodatien-decorations-de-noel-a-laureats\/#primaryimage"},"thumbnailUrl":"https:\/\/vosgesinfo.fr\/app\/uploads\/sites\/4\/2024\/08\/202302laureats-concours-decorations-noel-6.jpg","datePublished":"2023-02-11T08:59:30+00:00","dateModified":"2023-02-11T08:59:30+00:00","breadcrumb":{"@id":"https:\/\/vosgesinfo.fr\/saintdieinfo\/2023\/02\/concours-deodatien-decorations-de-noel-a-laureats\/#breadcrumb"},"inLanguage":"fr-FR","potentialAction":[{"@type":"ReadAction","target":["https:\/\/vosgesinfo.fr\/saintdieinfo\/2023\/02\/concours-deodatien-decorations-de-noel-a-laureats\/"]}]},{"@type":"ImageObject","inLanguage":"fr-FR","@id":"https:\/\/vosgesinfo.fr\/saintdieinfo\/2023\/02\/concours-deodatien-decorations-de-noel-a-laureats\/#primaryimage","url":"https:\/\/vosgesinfo.fr\/app\/uploads\/sites\/4\/2024\/08\/202302laureats-concours-decorations-noel-6.jpg","contentUrl":"https:\/\/vosgesinfo.fr\/app\/uploads\/sites\/4\/2024\/08\/202302laureats-concours-decorations-noel-6.jpg","width":1024,"height":683,"caption":"(Archive)"},{"@type":"BreadcrumbList","@id":"https:\/\/vosgesinfo.fr\/saintdieinfo\/2023\/02\/concours-deodatien-decorations-de-noel-a-laureats\/#breadcrumb","itemListElement":[{"@type":"ListItem","position":1,"name":"Home","item":"https:\/\/vosgesinfo.fr\/saintdieinfo\/"},{"@type":"ListItem","position":2,"name":"Le concours d\u00e9odatien des d\u00e9corations de No\u00ebl a ses laur\u00e9ats !"}]},{"@type":"WebSite","@id":"https:\/\/vosgesinfo.fr\/saintdieinfo\/#website","url":"https:\/\/vosgesinfo.fr\/saintdieinfo\/","name":"Saint Die Info","description":"Toute l&#039;actualit\u00e9 de Saint-Di\u00e9-Des-Vosges","publisher":{"@id":"https:\/\/vosgesinfo.fr\/saintdieinfo\/#organization"},"alternateName":"Toute l'actualit\u00e9 de Saint-Di\u00e9-Des-Vosges","potentialAction":[{"@type":"SearchAction","target":{"@type":"EntryPoint","urlTemplate":"https:\/\/vosgesinfo.fr\/saintdieinfo\/?s={search_term_string}"},"query-input":"required name=search_term_string"}],"inLanguage":"fr-FR"},{"@type":"Organization","@id":"https:\/\/vosgesinfo.fr\/saintdieinfo\/#organization","name":"Saint Die Info","url":"https:\/\/vosgesinfo.fr\/saintdieinfo\/","logo":{"@type":"ImageObject","inLanguage":"fr-FR","@id":"https:\/\/vosgesinfo.fr\/saintdieinfo\/#\/schema\/logo\/image\/","url":"https:\/\/vosgesinfo.fr\/app\/uploads\/sites\/4\/2024\/02\/logo-sdi.jpg","contentUrl":"https:\/\/vosgesinfo.fr\/app\/uploads\/sites\/4\/2024\/02\/logo-sdi.jpg","width":600,"height":600,"caption":"Saint Die Info"},"image":{"@id":"https:\/\/vosgesinfo.fr\/saintdieinfo\/#\/schema\/logo\/image\/"},"sameAs":["https:\/\/www.facebook.com\/Saintdieinfofr","https:\/\/x.com\/VosgesInfo88","https:\/\/www.youtube.com\/@vosgesinfo"]},{"@type":"Person","@id":"https:\/\/vosgesinfo.fr\/saintdieinfo\/#\/schema\/person\/faee6704a21f3977511db84bd1cd450f","name":"la r\u00e9daction","image":{"@type":"ImageObject","inLanguage":"fr-FR","@id":"https:\/\/vosgesinfo.fr\/saintdieinfo\/#\/schema\/person\/image\/","url":"https:\/\/secure.gravatar.com\/avatar\/6673d8bc6a9c17fa9a453eaa3448de834fa308c2ec9635b7aa99441a7c8d2cf6?s=96&d=mm&r=g","contentUrl":"https:\/\/secure.gravatar.com\/avatar\/6673d8bc6a9c17fa9a453eaa3448de834fa308c2ec9635b7aa99441a7c8d2cf6?s=96&d=mm&r=g","caption":"la r\u00e9daction"},"url":"https:\/\/vosgesinfo.fr\/saintdieinfo\/author\/redac\/"}]}},"_links":{"self":[{"href":"https:\/\/vosgesinfo.fr\/saintdieinfo\/wp-json\/wp\/v2\/posts\/62298","targetHints":{"allow":["GET"]}}],"collection":[{"href":"https:\/\/vosgesinfo.fr\/saintdieinfo\/wp-json\/wp\/v2\/posts"}],"about":[{"href":"https:\/\/vosgesinfo.fr\/saintdieinfo\/wp-json\/wp\/v2\/types\/post"}],"author":[{"embeddable":true,"href":"https:\/\/vosgesinfo.fr\/saintdieinfo\/wp-json\/wp\/v2\/users\/44"}],"replies":[{"embeddable":true,"href":"https:\/\/vosgesinfo.fr\/saintdieinfo\/wp-json\/wp\/v2\/comments?post=62298"}],"version-history":[{"count":0,"href":"https:\/\/vosgesinfo.fr\/saintdieinfo\/wp-json\/wp\/v2\/posts\/62298\/revisions"}],"wp:featuredmedia":[{"embeddable":true,"href":"https:\/\/vosgesinfo.fr\/saintdieinfo\/wp-json\/wp\/v2\/media\/62299"}],"wp:attachment":[{"href":"https:\/\/vosgesinfo.fr\/saintdieinfo\/wp-json\/wp\/v2\/media?parent=62298"}],"wp:term":[{"taxonomy":"category","embeddable":true,"href":"https:\/\/vosgesinfo.fr\/saintdieinfo\/wp-json\/wp\/v2\/categories?post=62298"},{"taxonomy":"post_tag","embeddable":true,"href":"https:\/\/vosgesinfo.fr\/saintdieinfo\/wp-json\/wp\/v2\/tags?post=62298"}],"curies":[{"name":"wp","href":"https:\/\/api.w.org\/{rel}","templated":true}]}}