{"id":62436,"date":"2023-02-16T11:28:42","date_gmt":"2023-02-16T10:28:42","guid":{"rendered":"https:\/\/vosgesinfo.fr\/saintdieinfo\/2023\/02\/mobilisation-contre-reforme-retraites-continue-a-saint-die-ds-vosges-quatrieme-manifestation\/"},"modified":"2023-02-16T11:28:42","modified_gmt":"2023-02-16T10:28:42","slug":"mobilisation-contre-reforme-retraites-continue-a-saint-die-ds-vosges-quatrieme-manifestation","status":"publish","type":"post","link":"https:\/\/vosgesinfo.fr\/saintdieinfo\/2023\/02\/mobilisation-contre-reforme-retraites-continue-a-saint-die-ds-vosges-quatrieme-manifestation\/","title":{"rendered":"La mobilisation contre la r\u00e9forme des retraites continue \u00e0 Saint-Di\u00e9-ds-Vosges avec une quatri\u00e8me manifestation"},"content":{"rendered":"<p><a href=\"\/2023\/02\/Manifestation_Contre_R\u00e9forme_Retraites_SDDV_16022023-16.jpg\" target=\"_blank\" rel=\"noopener\"><img decoding=\"async\" class=\"aligncenter wp-image-197159 size-large\" src=\"\/2023\/02\/Manifestation_Contre_R\u00e9forme_Retraites_SDDV_16022023-16-1024x771.jpg\" alt=\"Manifestation_Contre_R\u00e9forme_Retraites_SDDV_16022023 (16)\" width=\"960\" height=\"723\" \/><\/a><\/p>\n<h2><strong><span style=\"font-size: 14pt;\">La col\u00e8re contre le projet de r\u00e9forme des retraites du Gouvernement, qui implique notamment un recul de l&rsquo;\u00e2ge de d\u00e9part \u00e0 64 ans, ne retombe pas \u00e0 Saint-Di\u00e9-ds-Vosges puisqu&rsquo;une nouvelle manifestation, la 4e en date, \u00e9tait organis\u00e9e ce jeudi matin \u00e0 l&rsquo;appel des unions locales CGT, UNSA, FSU et Solidaires.<\/span><\/strong><\/h2>\n<p><!--more-->Au d\u00e9part du parking du coll\u00e8ge Souhait, le lieu de rassemblement, les environ 350 manifestants ont travers\u00e9 une partie du quartier Kellermann, pour ensuite descendre la rue d&rsquo;Alsace en direction de la place Saint-Martin et de la rue Thiers, pour se disperser au pied de la Tour de la Libert\u00e9.<\/p>\n<p>\u00ab\u00a0A travers cette manifestation aujourd&rsquo;hui, nous r\u00e9affirmons l&rsquo;opposition totale \u00e0 cette r\u00e9forme. Le Gouvernement refuse toujours de d\u00e9battre des propositions de financement port\u00e9es par les organisations syndicales. Au moment de la retraite, les femmes expos\u00e9es pendant toute leur carri\u00e8re \u00e0 des diff\u00e9rences de traitement, voire de la discrimination, voient leurs revenus une nouvelle fois amput\u00e9s. Pour les femmes, c&rsquo;est la double peine. Et comment maintenir dans l&#8217;emploi des s\u00e9niors qui ont \u00e9t\u00e9 expos\u00e9s pendant toute leur vie professionnelle \u00e0 de la p\u00e9nibilit\u00e9. Alors oui, continuons les mobilisations et pr\u00e9parons nous massivement dans l&rsquo;intersyndicale et en interprofessionnelle \u00e0 r\u00e9ussir les initiatives du 7 et du 8 mars, ainsi que les suites \u00e0 donner\u00a0\u00bb a d\u00e9clar\u00e9 avant le d\u00e9part de la manifestation Jean-Marie Liron, secr\u00e9taire de l&rsquo;union locale CGT de Saint-Di\u00e9-des-Vosges.<\/p>\n<p>Ce jeudi apr\u00e8s-midi, un nouveau rassemblement est organis\u00e9 par l&rsquo;intersyndicale \u00e0 Epinal, place Foch, \u00e0 partir de 14h. Si le prochain temps fort de la mobilisation syndicale sera la journ\u00e9e du mardi 7 mars, localement d&rsquo;autres actions sont pr\u00e9vues bien qu&rsquo;elles soient encore \u00e0 pr\u00e9ciser \u00e0 ce jour.<\/p>\n<p>J.J.<\/p>\n\n","protected":false},"excerpt":{"rendered":"<p>La col\u00e8re contre le projet de r\u00e9forme des retraites du Gouvernement, qui implique notamment un recul de l&rsquo;\u00e2ge de d\u00e9part [&hellip;]<\/p>\n","protected":false},"author":44,"featured_media":62437,"comment_status":"open","ping_status":"open","sticky":false,"template":"","format":"standard","meta":{"footnotes":""},"categories":[460,10,2915,13],"tags":[7538,13714],"class_list":["post-62436","post","type-post","status-publish","format-standard","has-post-thumbnail","hentry","category-a-la-une","category-politique","category-saint-die-son-canton","category-societe","tag-manifestation-contre-la-reforme-des-retraites","tag-manifestation-contre-la-reforme-des-retraites-a-saint-die-des-vosges"],"acf":[],"yoast_head":"<!-- This site is optimized with the Yoast SEO plugin v22.5 - https:\/\/yoast.com\/wordpress\/plugins\/seo\/ -->\n<title>La mobilisation contre la r\u00e9forme des retraites continue \u00e0 Saint-Di\u00e9-ds-Vosges avec une quatri\u00e8me manifestation - Saint Die Info<\/title>\n<meta name=\"robots\" content=\"index, follow, max-snippet:-1, max-image-preview:large, max-video-preview:-1\" \/>\n<link rel=\"canonical\" href=\"https:\/\/vosgesinfo.fr\/saintdieinfo\/2023\/02\/mobilisation-contre-reforme-retraites-continue-a-saint-die-ds-vosges-quatrieme-manifestation\/\" \/>\n<meta name=\"twitter:card\" content=\"summary_large_image\" \/>\n<meta name=\"twitter:title\" content=\"La mobilisation contre la r\u00e9forme des retraites continue \u00e0 Saint-Di\u00e9-ds-Vosges avec une quatri\u00e8me manifestation - Saint Die Info\" \/>\n<meta name=\"twitter:description\" content=\"La col\u00e8re contre le projet de r\u00e9forme des retraites du Gouvernement, qui implique notamment un recul de l&rsquo;\u00e2ge de d\u00e9part [&hellip;]\" \/>\n<meta name=\"twitter:image\" content=\"https:\/\/vosgesinfo.fr\/app\/uploads\/sites\/4\/2024\/08\/202302manifestation-contre-reforme-retraites-sddv-16022023-16.jpg\" \/>\n<meta name=\"twitter:creator\" content=\"@VosgesInfo88\" \/>\n<meta name=\"twitter:site\" content=\"@VosgesInfo88\" \/>\n<meta name=\"twitter:label1\" content=\"\u00c9crit par\" \/>\n\t<meta name=\"twitter:data1\" content=\"la r\u00e9daction\" \/>\n\t<meta name=\"twitter:label2\" content=\"Dur\u00e9e de lecture estim\u00e9e\" \/>\n\t<meta name=\"twitter:data2\" content=\"1 minute\" \/>\n<script type=\"application\/ld+json\" class=\"yoast-schema-graph\">{\"@context\":\"https:\/\/schema.org\",\"@graph\":[{\"@type\":\"Article\",\"@id\":\"https:\/\/vosgesinfo.fr\/saintdieinfo\/2023\/02\/mobilisation-contre-reforme-retraites-continue-a-saint-die-ds-vosges-quatrieme-manifestation\/#article\",\"isPartOf\":{\"@id\":\"https:\/\/vosgesinfo.fr\/saintdieinfo\/2023\/02\/mobilisation-contre-reforme-retraites-continue-a-saint-die-ds-vosges-quatrieme-manifestation\/\"},\"author\":{\"name\":\"la r\u00e9daction\",\"@id\":\"https:\/\/vosgesinfo.fr\/saintdieinfo\/#\/schema\/person\/faee6704a21f3977511db84bd1cd450f\"},\"headline\":\"La mobilisation contre la r\u00e9forme des retraites continue \u00e0 Saint-Di\u00e9-ds-Vosges avec une quatri\u00e8me manifestation\",\"datePublished\":\"2023-02-16T10:28:42+00:00\",\"dateModified\":\"2023-02-16T10:28:42+00:00\",\"mainEntityOfPage\":{\"@id\":\"https:\/\/vosgesinfo.fr\/saintdieinfo\/2023\/02\/mobilisation-contre-reforme-retraites-continue-a-saint-die-ds-vosges-quatrieme-manifestation\/\"},\"wordCount\":325,\"commentCount\":0,\"publisher\":{\"@id\":\"https:\/\/vosgesinfo.fr\/saintdieinfo\/#organization\"},\"image\":{\"@id\":\"https:\/\/vosgesinfo.fr\/saintdieinfo\/2023\/02\/mobilisation-contre-reforme-retraites-continue-a-saint-die-ds-vosges-quatrieme-manifestation\/#primaryimage\"},\"thumbnailUrl\":\"https:\/\/vosgesinfo.fr\/app\/uploads\/sites\/4\/2024\/08\/202302manifestation-contre-reforme-retraites-sddv-16022023-16.jpg\",\"keywords\":[\"Manifestation contre la r\u00e9forme des retraites\",\"Manifestation contre la r\u00e9forme des retraites \u00e0 Saint-Di\u00e9-des-Vosges\"],\"articleSection\":[\"A la Une\",\"Politique\",\"Saint-Di\u00e9-des-Vosges et son Agglom\u00e9ration\",\"Soci\u00e9t\u00e9\"],\"inLanguage\":\"fr-FR\",\"potentialAction\":[{\"@type\":\"CommentAction\",\"name\":\"Comment\",\"target\":[\"https:\/\/vosgesinfo.fr\/saintdieinfo\/2023\/02\/mobilisation-contre-reforme-retraites-continue-a-saint-die-ds-vosges-quatrieme-manifestation\/#respond\"]}]},{\"@type\":\"WebPage\",\"@id\":\"https:\/\/vosgesinfo.fr\/saintdieinfo\/2023\/02\/mobilisation-contre-reforme-retraites-continue-a-saint-die-ds-vosges-quatrieme-manifestation\/\",\"url\":\"https:\/\/vosgesinfo.fr\/saintdieinfo\/2023\/02\/mobilisation-contre-reforme-retraites-continue-a-saint-die-ds-vosges-quatrieme-manifestation\/\",\"name\":\"La mobilisation contre la r\u00e9forme des retraites continue \u00e0 Saint-Di\u00e9-ds-Vosges avec une quatri\u00e8me manifestation - Saint Die Info\",\"isPartOf\":{\"@id\":\"https:\/\/vosgesinfo.fr\/saintdieinfo\/#website\"},\"primaryImageOfPage\":{\"@id\":\"https:\/\/vosgesinfo.fr\/saintdieinfo\/2023\/02\/mobilisation-contre-reforme-retraites-continue-a-saint-die-ds-vosges-quatrieme-manifestation\/#primaryimage\"},\"image\":{\"@id\":\"https:\/\/vosgesinfo.fr\/saintdieinfo\/2023\/02\/mobilisation-contre-reforme-retraites-continue-a-saint-die-ds-vosges-quatrieme-manifestation\/#primaryimage\"},\"thumbnailUrl\":\"https:\/\/vosgesinfo.fr\/app\/uploads\/sites\/4\/2024\/08\/202302manifestation-contre-reforme-retraites-sddv-16022023-16.jpg\",\"datePublished\":\"2023-02-16T10:28:42+00:00\",\"dateModified\":\"2023-02-16T10:28:42+00:00\",\"breadcrumb\":{\"@id\":\"https:\/\/vosgesinfo.fr\/saintdieinfo\/2023\/02\/mobilisation-contre-reforme-retraites-continue-a-saint-die-ds-vosges-quatrieme-manifestation\/#breadcrumb\"},\"inLanguage\":\"fr-FR\",\"potentialAction\":[{\"@type\":\"ReadAction\",\"target\":[\"https:\/\/vosgesinfo.fr\/saintdieinfo\/2023\/02\/mobilisation-contre-reforme-retraites-continue-a-saint-die-ds-vosges-quatrieme-manifestation\/\"]}]},{\"@type\":\"ImageObject\",\"inLanguage\":\"fr-FR\",\"@id\":\"https:\/\/vosgesinfo.fr\/saintdieinfo\/2023\/02\/mobilisation-contre-reforme-retraites-continue-a-saint-die-ds-vosges-quatrieme-manifestation\/#primaryimage\",\"url\":\"https:\/\/vosgesinfo.fr\/app\/uploads\/sites\/4\/2024\/08\/202302manifestation-contre-reforme-retraites-sddv-16022023-16.jpg\",\"contentUrl\":\"https:\/\/vosgesinfo.fr\/app\/uploads\/sites\/4\/2024\/08\/202302manifestation-contre-reforme-retraites-sddv-16022023-16.jpg\",\"width\":1600,\"height\":1205},{\"@type\":\"BreadcrumbList\",\"@id\":\"https:\/\/vosgesinfo.fr\/saintdieinfo\/2023\/02\/mobilisation-contre-reforme-retraites-continue-a-saint-die-ds-vosges-quatrieme-manifestation\/#breadcrumb\",\"itemListElement\":[{\"@type\":\"ListItem\",\"position\":1,\"name\":\"Home\",\"item\":\"https:\/\/vosgesinfo.fr\/saintdieinfo\/\"},{\"@type\":\"ListItem\",\"position\":2,\"name\":\"La mobilisation contre la r\u00e9forme des retraites continue \u00e0 Saint-Di\u00e9-ds-Vosges avec une quatri\u00e8me manifestation\"}]},{\"@type\":\"WebSite\",\"@id\":\"https:\/\/vosgesinfo.fr\/saintdieinfo\/#website\",\"url\":\"https:\/\/vosgesinfo.fr\/saintdieinfo\/\",\"name\":\"Saint Die Info\",\"description\":\"Toute l&#039;actualit\u00e9 de Saint-Di\u00e9-Des-Vosges\",\"publisher\":{\"@id\":\"https:\/\/vosgesinfo.fr\/saintdieinfo\/#organization\"},\"alternateName\":\"Toute l'actualit\u00e9 de Saint-Di\u00e9-Des-Vosges\",\"potentialAction\":[{\"@type\":\"SearchAction\",\"target\":{\"@type\":\"EntryPoint\",\"urlTemplate\":\"https:\/\/vosgesinfo.fr\/saintdieinfo\/?s={search_term_string}\"},\"query-input\":\"required name=search_term_string\"}],\"inLanguage\":\"fr-FR\"},{\"@type\":\"Organization\",\"@id\":\"https:\/\/vosgesinfo.fr\/saintdieinfo\/#organization\",\"name\":\"Saint Die Info\",\"url\":\"https:\/\/vosgesinfo.fr\/saintdieinfo\/\",\"logo\":{\"@type\":\"ImageObject\",\"inLanguage\":\"fr-FR\",\"@id\":\"https:\/\/vosgesinfo.fr\/saintdieinfo\/#\/schema\/logo\/image\/\",\"url\":\"https:\/\/vosgesinfo.fr\/app\/uploads\/sites\/4\/2024\/02\/logo-sdi.jpg\",\"contentUrl\":\"https:\/\/vosgesinfo.fr\/app\/uploads\/sites\/4\/2024\/02\/logo-sdi.jpg\",\"width\":600,\"height\":600,\"caption\":\"Saint Die Info\"},\"image\":{\"@id\":\"https:\/\/vosgesinfo.fr\/saintdieinfo\/#\/schema\/logo\/image\/\"},\"sameAs\":[\"https:\/\/www.facebook.com\/Saintdieinfofr\",\"https:\/\/x.com\/VosgesInfo88\",\"https:\/\/www.youtube.com\/@vosgesinfo\"]},{\"@type\":\"Person\",\"@id\":\"https:\/\/vosgesinfo.fr\/saintdieinfo\/#\/schema\/person\/faee6704a21f3977511db84bd1cd450f\",\"name\":\"la r\u00e9daction\",\"image\":{\"@type\":\"ImageObject\",\"inLanguage\":\"fr-FR\",\"@id\":\"https:\/\/vosgesinfo.fr\/saintdieinfo\/#\/schema\/person\/image\/\",\"url\":\"https:\/\/secure.gravatar.com\/avatar\/6673d8bc6a9c17fa9a453eaa3448de834fa308c2ec9635b7aa99441a7c8d2cf6?s=96&d=mm&r=g\",\"contentUrl\":\"https:\/\/secure.gravatar.com\/avatar\/6673d8bc6a9c17fa9a453eaa3448de834fa308c2ec9635b7aa99441a7c8d2cf6?s=96&d=mm&r=g\",\"caption\":\"la r\u00e9daction\"},\"url\":\"https:\/\/vosgesinfo.fr\/saintdieinfo\/author\/redac\/\"}]}<\/script>\n<!-- \/ Yoast SEO plugin. -->","yoast_head_json":{"title":"La mobilisation contre la r\u00e9forme des retraites continue \u00e0 Saint-Di\u00e9-ds-Vosges avec une quatri\u00e8me manifestation - Saint Die Info","robots":{"index":"index","follow":"follow","max-snippet":"max-snippet:-1","max-image-preview":"max-image-preview:large","max-video-preview":"max-video-preview:-1"},"canonical":"https:\/\/vosgesinfo.fr\/saintdieinfo\/2023\/02\/mobilisation-contre-reforme-retraites-continue-a-saint-die-ds-vosges-quatrieme-manifestation\/","twitter_card":"summary_large_image","twitter_title":"La mobilisation contre la r\u00e9forme des retraites continue \u00e0 Saint-Di\u00e9-ds-Vosges avec une quatri\u00e8me manifestation - Saint Die Info","twitter_description":"La col\u00e8re contre le projet de r\u00e9forme des retraites du Gouvernement, qui implique notamment un recul de l&rsquo;\u00e2ge de d\u00e9part [&hellip;]","twitter_image":"https:\/\/vosgesinfo.fr\/app\/uploads\/sites\/4\/2024\/08\/202302manifestation-contre-reforme-retraites-sddv-16022023-16.jpg","twitter_creator":"@VosgesInfo88","twitter_site":"@VosgesInfo88","twitter_misc":{"\u00c9crit par":"la r\u00e9daction","Dur\u00e9e de lecture estim\u00e9e":"1 minute"},"schema":{"@context":"https:\/\/schema.org","@graph":[{"@type":"Article","@id":"https:\/\/vosgesinfo.fr\/saintdieinfo\/2023\/02\/mobilisation-contre-reforme-retraites-continue-a-saint-die-ds-vosges-quatrieme-manifestation\/#article","isPartOf":{"@id":"https:\/\/vosgesinfo.fr\/saintdieinfo\/2023\/02\/mobilisation-contre-reforme-retraites-continue-a-saint-die-ds-vosges-quatrieme-manifestation\/"},"author":{"name":"la r\u00e9daction","@id":"https:\/\/vosgesinfo.fr\/saintdieinfo\/#\/schema\/person\/faee6704a21f3977511db84bd1cd450f"},"headline":"La mobilisation contre la r\u00e9forme des retraites continue \u00e0 Saint-Di\u00e9-ds-Vosges avec une quatri\u00e8me manifestation","datePublished":"2023-02-16T10:28:42+00:00","dateModified":"2023-02-16T10:28:42+00:00","mainEntityOfPage":{"@id":"https:\/\/vosgesinfo.fr\/saintdieinfo\/2023\/02\/mobilisation-contre-reforme-retraites-continue-a-saint-die-ds-vosges-quatrieme-manifestation\/"},"wordCount":325,"commentCount":0,"publisher":{"@id":"https:\/\/vosgesinfo.fr\/saintdieinfo\/#organization"},"image":{"@id":"https:\/\/vosgesinfo.fr\/saintdieinfo\/2023\/02\/mobilisation-contre-reforme-retraites-continue-a-saint-die-ds-vosges-quatrieme-manifestation\/#primaryimage"},"thumbnailUrl":"https:\/\/vosgesinfo.fr\/app\/uploads\/sites\/4\/2024\/08\/202302manifestation-contre-reforme-retraites-sddv-16022023-16.jpg","keywords":["Manifestation contre la r\u00e9forme des retraites","Manifestation contre la r\u00e9forme des retraites \u00e0 Saint-Di\u00e9-des-Vosges"],"articleSection":["A la Une","Politique","Saint-Di\u00e9-des-Vosges et son Agglom\u00e9ration","Soci\u00e9t\u00e9"],"inLanguage":"fr-FR","potentialAction":[{"@type":"CommentAction","name":"Comment","target":["https:\/\/vosgesinfo.fr\/saintdieinfo\/2023\/02\/mobilisation-contre-reforme-retraites-continue-a-saint-die-ds-vosges-quatrieme-manifestation\/#respond"]}]},{"@type":"WebPage","@id":"https:\/\/vosgesinfo.fr\/saintdieinfo\/2023\/02\/mobilisation-contre-reforme-retraites-continue-a-saint-die-ds-vosges-quatrieme-manifestation\/","url":"https:\/\/vosgesinfo.fr\/saintdieinfo\/2023\/02\/mobilisation-contre-reforme-retraites-continue-a-saint-die-ds-vosges-quatrieme-manifestation\/","name":"La mobilisation contre la r\u00e9forme des retraites continue \u00e0 Saint-Di\u00e9-ds-Vosges avec une quatri\u00e8me manifestation - Saint Die Info","isPartOf":{"@id":"https:\/\/vosgesinfo.fr\/saintdieinfo\/#website"},"primaryImageOfPage":{"@id":"https:\/\/vosgesinfo.fr\/saintdieinfo\/2023\/02\/mobilisation-contre-reforme-retraites-continue-a-saint-die-ds-vosges-quatrieme-manifestation\/#primaryimage"},"image":{"@id":"https:\/\/vosgesinfo.fr\/saintdieinfo\/2023\/02\/mobilisation-contre-reforme-retraites-continue-a-saint-die-ds-vosges-quatrieme-manifestation\/#primaryimage"},"thumbnailUrl":"https:\/\/vosgesinfo.fr\/app\/uploads\/sites\/4\/2024\/08\/202302manifestation-contre-reforme-retraites-sddv-16022023-16.jpg","datePublished":"2023-02-16T10:28:42+00:00","dateModified":"2023-02-16T10:28:42+00:00","breadcrumb":{"@id":"https:\/\/vosgesinfo.fr\/saintdieinfo\/2023\/02\/mobilisation-contre-reforme-retraites-continue-a-saint-die-ds-vosges-quatrieme-manifestation\/#breadcrumb"},"inLanguage":"fr-FR","potentialAction":[{"@type":"ReadAction","target":["https:\/\/vosgesinfo.fr\/saintdieinfo\/2023\/02\/mobilisation-contre-reforme-retraites-continue-a-saint-die-ds-vosges-quatrieme-manifestation\/"]}]},{"@type":"ImageObject","inLanguage":"fr-FR","@id":"https:\/\/vosgesinfo.fr\/saintdieinfo\/2023\/02\/mobilisation-contre-reforme-retraites-continue-a-saint-die-ds-vosges-quatrieme-manifestation\/#primaryimage","url":"https:\/\/vosgesinfo.fr\/app\/uploads\/sites\/4\/2024\/08\/202302manifestation-contre-reforme-retraites-sddv-16022023-16.jpg","contentUrl":"https:\/\/vosgesinfo.fr\/app\/uploads\/sites\/4\/2024\/08\/202302manifestation-contre-reforme-retraites-sddv-16022023-16.jpg","width":1600,"height":1205},{"@type":"BreadcrumbList","@id":"https:\/\/vosgesinfo.fr\/saintdieinfo\/2023\/02\/mobilisation-contre-reforme-retraites-continue-a-saint-die-ds-vosges-quatrieme-manifestation\/#breadcrumb","itemListElement":[{"@type":"ListItem","position":1,"name":"Home","item":"https:\/\/vosgesinfo.fr\/saintdieinfo\/"},{"@type":"ListItem","position":2,"name":"La mobilisation contre la r\u00e9forme des retraites continue \u00e0 Saint-Di\u00e9-ds-Vosges avec une quatri\u00e8me manifestation"}]},{"@type":"WebSite","@id":"https:\/\/vosgesinfo.fr\/saintdieinfo\/#website","url":"https:\/\/vosgesinfo.fr\/saintdieinfo\/","name":"Saint Die Info","description":"Toute l&#039;actualit\u00e9 de Saint-Di\u00e9-Des-Vosges","publisher":{"@id":"https:\/\/vosgesinfo.fr\/saintdieinfo\/#organization"},"alternateName":"Toute l'actualit\u00e9 de Saint-Di\u00e9-Des-Vosges","potentialAction":[{"@type":"SearchAction","target":{"@type":"EntryPoint","urlTemplate":"https:\/\/vosgesinfo.fr\/saintdieinfo\/?s={search_term_string}"},"query-input":"required name=search_term_string"}],"inLanguage":"fr-FR"},{"@type":"Organization","@id":"https:\/\/vosgesinfo.fr\/saintdieinfo\/#organization","name":"Saint Die Info","url":"https:\/\/vosgesinfo.fr\/saintdieinfo\/","logo":{"@type":"ImageObject","inLanguage":"fr-FR","@id":"https:\/\/vosgesinfo.fr\/saintdieinfo\/#\/schema\/logo\/image\/","url":"https:\/\/vosgesinfo.fr\/app\/uploads\/sites\/4\/2024\/02\/logo-sdi.jpg","contentUrl":"https:\/\/vosgesinfo.fr\/app\/uploads\/sites\/4\/2024\/02\/logo-sdi.jpg","width":600,"height":600,"caption":"Saint Die Info"},"image":{"@id":"https:\/\/vosgesinfo.fr\/saintdieinfo\/#\/schema\/logo\/image\/"},"sameAs":["https:\/\/www.facebook.com\/Saintdieinfofr","https:\/\/x.com\/VosgesInfo88","https:\/\/www.youtube.com\/@vosgesinfo"]},{"@type":"Person","@id":"https:\/\/vosgesinfo.fr\/saintdieinfo\/#\/schema\/person\/faee6704a21f3977511db84bd1cd450f","name":"la r\u00e9daction","image":{"@type":"ImageObject","inLanguage":"fr-FR","@id":"https:\/\/vosgesinfo.fr\/saintdieinfo\/#\/schema\/person\/image\/","url":"https:\/\/secure.gravatar.com\/avatar\/6673d8bc6a9c17fa9a453eaa3448de834fa308c2ec9635b7aa99441a7c8d2cf6?s=96&d=mm&r=g","contentUrl":"https:\/\/secure.gravatar.com\/avatar\/6673d8bc6a9c17fa9a453eaa3448de834fa308c2ec9635b7aa99441a7c8d2cf6?s=96&d=mm&r=g","caption":"la r\u00e9daction"},"url":"https:\/\/vosgesinfo.fr\/saintdieinfo\/author\/redac\/"}]}},"_links":{"self":[{"href":"https:\/\/vosgesinfo.fr\/saintdieinfo\/wp-json\/wp\/v2\/posts\/62436","targetHints":{"allow":["GET"]}}],"collection":[{"href":"https:\/\/vosgesinfo.fr\/saintdieinfo\/wp-json\/wp\/v2\/posts"}],"about":[{"href":"https:\/\/vosgesinfo.fr\/saintdieinfo\/wp-json\/wp\/v2\/types\/post"}],"author":[{"embeddable":true,"href":"https:\/\/vosgesinfo.fr\/saintdieinfo\/wp-json\/wp\/v2\/users\/44"}],"replies":[{"embeddable":true,"href":"https:\/\/vosgesinfo.fr\/saintdieinfo\/wp-json\/wp\/v2\/comments?post=62436"}],"version-history":[{"count":0,"href":"https:\/\/vosgesinfo.fr\/saintdieinfo\/wp-json\/wp\/v2\/posts\/62436\/revisions"}],"wp:featuredmedia":[{"embeddable":true,"href":"https:\/\/vosgesinfo.fr\/saintdieinfo\/wp-json\/wp\/v2\/media\/62437"}],"wp:attachment":[{"href":"https:\/\/vosgesinfo.fr\/saintdieinfo\/wp-json\/wp\/v2\/media?parent=62436"}],"wp:term":[{"taxonomy":"category","embeddable":true,"href":"https:\/\/vosgesinfo.fr\/saintdieinfo\/wp-json\/wp\/v2\/categories?post=62436"},{"taxonomy":"post_tag","embeddable":true,"href":"https:\/\/vosgesinfo.fr\/saintdieinfo\/wp-json\/wp\/v2\/tags?post=62436"}],"curies":[{"name":"wp","href":"https:\/\/api.w.org\/{rel}","templated":true}]}}