{"id":62458,"date":"2023-02-16T12:49:53","date_gmt":"2023-02-16T11:49:53","guid":{"rendered":"https:\/\/vosgesinfo.fr\/saintdieinfo\/2023\/02\/12e-bourse-aux-articles-de-peche-de-saint-die-vosges-cest-dimanche-a-lespace-francois-mitterrand\/"},"modified":"2023-02-16T12:49:53","modified_gmt":"2023-02-16T11:49:53","slug":"12e-bourse-aux-articles-de-peche-de-saint-die-vosges-cest-dimanche-a-lespace-francois-mitterrand","status":"publish","type":"post","link":"https:\/\/vosgesinfo.fr\/saintdieinfo\/2023\/02\/12e-bourse-aux-articles-de-peche-de-saint-die-vosges-cest-dimanche-a-lespace-francois-mitterrand\/","title":{"rendered":"La 12e bourse aux articles de p\u00eache de Saint-Di\u00e9-des-Vosges, c&rsquo;est ce dimanche \u00e0 l&rsquo;Espace Fran\u00e7ois-Mitterrand"},"content":{"rendered":"<div id=\"attachment_77790\" style=\"width: 1010px\" class=\"wp-caption aligncenter\"><a href=\"\/2016\/02\/Vente_Articles_P\u00eache_02.jpg\" target=\"_blank\" rel=\"noopener\"><img decoding=\"async\" aria-describedby=\"caption-attachment-77790\" class=\"wp-image-77790 size-full\" src=\"\/2016\/02\/Vente_Articles_P\u00eache_02.jpg\" alt=\"Vente_Articles_P\u00eache_02\" width=\"1000\" height=\"665\" \/><\/a><p id=\"caption-attachment-77790\" class=\"wp-caption-text\">(Archive)<\/p><\/div>\n<h2><strong><span style=\"font-size: 14pt;\">L\u2019AAPPMA \u2013 Association Agr\u00e9\u00e9e de P\u00eache et de Protection des Milieux Aquatiques \u2013 de Saint-Di\u00e9-des-Vosges et Saint-Michel-sur-Meurthe et les Greloteux du Val de Meurthe organisent leur bourse aux articles de p\u00eache et vide-greniers, la 12e en date, ce dimanche 19 f\u00e9vrier de 7h \u00e0 17h \u00e0 l\u2019Espace Fran\u00e7ois-Mitterrand.<\/span><\/strong><\/h2>\n<p><!--more--><\/p>\n<p>Sur place, les visiteurs pourront retrouver une exposition et de la vente de mat\u00e9riel de p\u00eache, pourront acheter leur carte de p\u00eache, pourront essayer le simulateur de p\u00eache, et pourront se restaurer et se d\u00e9salt\u00e9rer \u00e0 la buvette. Entr\u00e9e libre.<\/p>\n","protected":false},"excerpt":{"rendered":"<p>L\u2019AAPPMA \u2013 Association Agr\u00e9\u00e9e de P\u00eache et de Protection des Milieux Aquatiques \u2013 de Saint-Di\u00e9-des-Vosges et Saint-Michel-sur-Meurthe et les Greloteux [&hellip;]<\/p>\n","protected":false},"author":44,"featured_media":62459,"comment_status":"open","ping_status":"open","sticky":false,"template":"","format":"standard","meta":{"footnotes":""},"categories":[3900,20,2915,17],"tags":[3979,7053,3089,7054,1372],"class_list":["post-62458","post","type-post","status-publish","format-standard","has-post-thumbnail","hentry","category-breves","category-loisirs","category-saint-die-son-canton","category-vie-associative","tag-aappma-de-saint-die-des-vosges-et-saint-michel-sur-meurthe","tag-bourse-aux-articles-de-peche","tag-espace-francois-mitterrand","tag-greloteux-du-val-de-meurthe","tag-vide-greniers"],"acf":[],"yoast_head":"<!-- This site is optimized with the Yoast SEO plugin v22.5 - https:\/\/yoast.com\/wordpress\/plugins\/seo\/ -->\n<title>La 12e bourse aux articles de p\u00eache de Saint-Di\u00e9-des-Vosges, c&#039;est ce dimanche \u00e0 l&#039;Espace Fran\u00e7ois-Mitterrand - Saint Die Info<\/title>\n<meta name=\"robots\" content=\"index, follow, max-snippet:-1, max-image-preview:large, max-video-preview:-1\" \/>\n<link rel=\"canonical\" href=\"https:\/\/vosgesinfo.fr\/saintdieinfo\/2023\/02\/12e-bourse-aux-articles-de-peche-de-saint-die-vosges-cest-dimanche-a-lespace-francois-mitterrand\/\" \/>\n<meta name=\"twitter:card\" content=\"summary_large_image\" \/>\n<meta name=\"twitter:title\" content=\"La 12e bourse aux articles de p\u00eache de Saint-Di\u00e9-des-Vosges, c&#039;est ce dimanche \u00e0 l&#039;Espace Fran\u00e7ois-Mitterrand - Saint Die Info\" \/>\n<meta name=\"twitter:description\" content=\"L\u2019AAPPMA \u2013 Association Agr\u00e9\u00e9e de P\u00eache et de Protection des Milieux Aquatiques \u2013 de Saint-Di\u00e9-des-Vosges et Saint-Michel-sur-Meurthe et les Greloteux [&hellip;]\" \/>\n<meta name=\"twitter:image\" content=\"https:\/\/vosgesinfo.fr\/app\/uploads\/sites\/4\/2024\/08\/201602vente-articles-peche-02-2.jpg\" \/>\n<meta name=\"twitter:creator\" content=\"@VosgesInfo88\" \/>\n<meta name=\"twitter:site\" content=\"@VosgesInfo88\" \/>\n<meta name=\"twitter:label1\" content=\"\u00c9crit par\" \/>\n\t<meta name=\"twitter:data1\" content=\"la r\u00e9daction\" \/>\n\t<meta name=\"twitter:label2\" content=\"Dur\u00e9e de lecture estim\u00e9e\" \/>\n\t<meta name=\"twitter:data2\" content=\"1 minute\" \/>\n<script type=\"application\/ld+json\" class=\"yoast-schema-graph\">{\"@context\":\"https:\/\/schema.org\",\"@graph\":[{\"@type\":\"Article\",\"@id\":\"https:\/\/vosgesinfo.fr\/saintdieinfo\/2023\/02\/12e-bourse-aux-articles-de-peche-de-saint-die-vosges-cest-dimanche-a-lespace-francois-mitterrand\/#article\",\"isPartOf\":{\"@id\":\"https:\/\/vosgesinfo.fr\/saintdieinfo\/2023\/02\/12e-bourse-aux-articles-de-peche-de-saint-die-vosges-cest-dimanche-a-lespace-francois-mitterrand\/\"},\"author\":{\"name\":\"la r\u00e9daction\",\"@id\":\"https:\/\/vosgesinfo.fr\/saintdieinfo\/#\/schema\/person\/faee6704a21f3977511db84bd1cd450f\"},\"headline\":\"La 12e bourse aux articles de p\u00eache de Saint-Di\u00e9-des-Vosges, c&rsquo;est ce dimanche \u00e0 l&rsquo;Espace Fran\u00e7ois-Mitterrand\",\"datePublished\":\"2023-02-16T11:49:53+00:00\",\"dateModified\":\"2023-02-16T11:49:53+00:00\",\"mainEntityOfPage\":{\"@id\":\"https:\/\/vosgesinfo.fr\/saintdieinfo\/2023\/02\/12e-bourse-aux-articles-de-peche-de-saint-die-vosges-cest-dimanche-a-lespace-francois-mitterrand\/\"},\"wordCount\":124,\"commentCount\":0,\"publisher\":{\"@id\":\"https:\/\/vosgesinfo.fr\/saintdieinfo\/#organization\"},\"image\":{\"@id\":\"https:\/\/vosgesinfo.fr\/saintdieinfo\/2023\/02\/12e-bourse-aux-articles-de-peche-de-saint-die-vosges-cest-dimanche-a-lespace-francois-mitterrand\/#primaryimage\"},\"thumbnailUrl\":\"https:\/\/vosgesinfo.fr\/app\/uploads\/sites\/4\/2024\/08\/201602vente-articles-peche-02-2.jpg\",\"keywords\":[\"AAPPMA de Saint-Di\u00e9-des-Vosges et Saint-Michel-sur-Meurthe\",\"Bourse aux articles de p\u00eache\",\"Espace Fran\u00e7ois-Mitterrand\",\"Greloteux du Val-de-Meurthe\",\"vide-greniers\"],\"articleSection\":[\"Br\u00e8ves\",\"Loisirs\",\"Saint-Di\u00e9-des-Vosges et son Agglom\u00e9ration\",\"Vie Associative\"],\"inLanguage\":\"fr-FR\",\"potentialAction\":[{\"@type\":\"CommentAction\",\"name\":\"Comment\",\"target\":[\"https:\/\/vosgesinfo.fr\/saintdieinfo\/2023\/02\/12e-bourse-aux-articles-de-peche-de-saint-die-vosges-cest-dimanche-a-lespace-francois-mitterrand\/#respond\"]}]},{\"@type\":\"WebPage\",\"@id\":\"https:\/\/vosgesinfo.fr\/saintdieinfo\/2023\/02\/12e-bourse-aux-articles-de-peche-de-saint-die-vosges-cest-dimanche-a-lespace-francois-mitterrand\/\",\"url\":\"https:\/\/vosgesinfo.fr\/saintdieinfo\/2023\/02\/12e-bourse-aux-articles-de-peche-de-saint-die-vosges-cest-dimanche-a-lespace-francois-mitterrand\/\",\"name\":\"La 12e bourse aux articles de p\u00eache de Saint-Di\u00e9-des-Vosges, c'est ce dimanche \u00e0 l'Espace Fran\u00e7ois-Mitterrand - Saint Die Info\",\"isPartOf\":{\"@id\":\"https:\/\/vosgesinfo.fr\/saintdieinfo\/#website\"},\"primaryImageOfPage\":{\"@id\":\"https:\/\/vosgesinfo.fr\/saintdieinfo\/2023\/02\/12e-bourse-aux-articles-de-peche-de-saint-die-vosges-cest-dimanche-a-lespace-francois-mitterrand\/#primaryimage\"},\"image\":{\"@id\":\"https:\/\/vosgesinfo.fr\/saintdieinfo\/2023\/02\/12e-bourse-aux-articles-de-peche-de-saint-die-vosges-cest-dimanche-a-lespace-francois-mitterrand\/#primaryimage\"},\"thumbnailUrl\":\"https:\/\/vosgesinfo.fr\/app\/uploads\/sites\/4\/2024\/08\/201602vente-articles-peche-02-2.jpg\",\"datePublished\":\"2023-02-16T11:49:53+00:00\",\"dateModified\":\"2023-02-16T11:49:53+00:00\",\"breadcrumb\":{\"@id\":\"https:\/\/vosgesinfo.fr\/saintdieinfo\/2023\/02\/12e-bourse-aux-articles-de-peche-de-saint-die-vosges-cest-dimanche-a-lespace-francois-mitterrand\/#breadcrumb\"},\"inLanguage\":\"fr-FR\",\"potentialAction\":[{\"@type\":\"ReadAction\",\"target\":[\"https:\/\/vosgesinfo.fr\/saintdieinfo\/2023\/02\/12e-bourse-aux-articles-de-peche-de-saint-die-vosges-cest-dimanche-a-lespace-francois-mitterrand\/\"]}]},{\"@type\":\"ImageObject\",\"inLanguage\":\"fr-FR\",\"@id\":\"https:\/\/vosgesinfo.fr\/saintdieinfo\/2023\/02\/12e-bourse-aux-articles-de-peche-de-saint-die-vosges-cest-dimanche-a-lespace-francois-mitterrand\/#primaryimage\",\"url\":\"https:\/\/vosgesinfo.fr\/app\/uploads\/sites\/4\/2024\/08\/201602vente-articles-peche-02-2.jpg\",\"contentUrl\":\"https:\/\/vosgesinfo.fr\/app\/uploads\/sites\/4\/2024\/08\/201602vente-articles-peche-02-2.jpg\",\"width\":1000,\"height\":665,\"caption\":\"(Archive)\"},{\"@type\":\"BreadcrumbList\",\"@id\":\"https:\/\/vosgesinfo.fr\/saintdieinfo\/2023\/02\/12e-bourse-aux-articles-de-peche-de-saint-die-vosges-cest-dimanche-a-lespace-francois-mitterrand\/#breadcrumb\",\"itemListElement\":[{\"@type\":\"ListItem\",\"position\":1,\"name\":\"Home\",\"item\":\"https:\/\/vosgesinfo.fr\/saintdieinfo\/\"},{\"@type\":\"ListItem\",\"position\":2,\"name\":\"La 12e bourse aux articles de p\u00eache de Saint-Di\u00e9-des-Vosges, c&rsquo;est ce dimanche \u00e0 l&rsquo;Espace Fran\u00e7ois-Mitterrand\"}]},{\"@type\":\"WebSite\",\"@id\":\"https:\/\/vosgesinfo.fr\/saintdieinfo\/#website\",\"url\":\"https:\/\/vosgesinfo.fr\/saintdieinfo\/\",\"name\":\"Saint Die Info\",\"description\":\"Toute l&#039;actualit\u00e9 de Saint-Di\u00e9-Des-Vosges\",\"publisher\":{\"@id\":\"https:\/\/vosgesinfo.fr\/saintdieinfo\/#organization\"},\"alternateName\":\"Toute l'actualit\u00e9 de Saint-Di\u00e9-Des-Vosges\",\"potentialAction\":[{\"@type\":\"SearchAction\",\"target\":{\"@type\":\"EntryPoint\",\"urlTemplate\":\"https:\/\/vosgesinfo.fr\/saintdieinfo\/?s={search_term_string}\"},\"query-input\":\"required name=search_term_string\"}],\"inLanguage\":\"fr-FR\"},{\"@type\":\"Organization\",\"@id\":\"https:\/\/vosgesinfo.fr\/saintdieinfo\/#organization\",\"name\":\"Saint Die Info\",\"url\":\"https:\/\/vosgesinfo.fr\/saintdieinfo\/\",\"logo\":{\"@type\":\"ImageObject\",\"inLanguage\":\"fr-FR\",\"@id\":\"https:\/\/vosgesinfo.fr\/saintdieinfo\/#\/schema\/logo\/image\/\",\"url\":\"https:\/\/vosgesinfo.fr\/app\/uploads\/sites\/4\/2024\/02\/logo-sdi.jpg\",\"contentUrl\":\"https:\/\/vosgesinfo.fr\/app\/uploads\/sites\/4\/2024\/02\/logo-sdi.jpg\",\"width\":600,\"height\":600,\"caption\":\"Saint Die Info\"},\"image\":{\"@id\":\"https:\/\/vosgesinfo.fr\/saintdieinfo\/#\/schema\/logo\/image\/\"},\"sameAs\":[\"https:\/\/www.facebook.com\/Saintdieinfofr\",\"https:\/\/x.com\/VosgesInfo88\",\"https:\/\/www.youtube.com\/@vosgesinfo\"]},{\"@type\":\"Person\",\"@id\":\"https:\/\/vosgesinfo.fr\/saintdieinfo\/#\/schema\/person\/faee6704a21f3977511db84bd1cd450f\",\"name\":\"la r\u00e9daction\",\"image\":{\"@type\":\"ImageObject\",\"inLanguage\":\"fr-FR\",\"@id\":\"https:\/\/vosgesinfo.fr\/saintdieinfo\/#\/schema\/person\/image\/\",\"url\":\"https:\/\/secure.gravatar.com\/avatar\/6673d8bc6a9c17fa9a453eaa3448de834fa308c2ec9635b7aa99441a7c8d2cf6?s=96&d=mm&r=g\",\"contentUrl\":\"https:\/\/secure.gravatar.com\/avatar\/6673d8bc6a9c17fa9a453eaa3448de834fa308c2ec9635b7aa99441a7c8d2cf6?s=96&d=mm&r=g\",\"caption\":\"la r\u00e9daction\"},\"url\":\"https:\/\/vosgesinfo.fr\/saintdieinfo\/author\/redac\/\"}]}<\/script>\n<!-- \/ Yoast SEO plugin. -->","yoast_head_json":{"title":"La 12e bourse aux articles de p\u00eache de Saint-Di\u00e9-des-Vosges, c'est ce dimanche \u00e0 l'Espace Fran\u00e7ois-Mitterrand - Saint Die Info","robots":{"index":"index","follow":"follow","max-snippet":"max-snippet:-1","max-image-preview":"max-image-preview:large","max-video-preview":"max-video-preview:-1"},"canonical":"https:\/\/vosgesinfo.fr\/saintdieinfo\/2023\/02\/12e-bourse-aux-articles-de-peche-de-saint-die-vosges-cest-dimanche-a-lespace-francois-mitterrand\/","twitter_card":"summary_large_image","twitter_title":"La 12e bourse aux articles de p\u00eache de Saint-Di\u00e9-des-Vosges, c'est ce dimanche \u00e0 l'Espace Fran\u00e7ois-Mitterrand - Saint Die Info","twitter_description":"L\u2019AAPPMA \u2013 Association Agr\u00e9\u00e9e de P\u00eache et de Protection des Milieux Aquatiques \u2013 de Saint-Di\u00e9-des-Vosges et Saint-Michel-sur-Meurthe et les Greloteux [&hellip;]","twitter_image":"https:\/\/vosgesinfo.fr\/app\/uploads\/sites\/4\/2024\/08\/201602vente-articles-peche-02-2.jpg","twitter_creator":"@VosgesInfo88","twitter_site":"@VosgesInfo88","twitter_misc":{"\u00c9crit par":"la r\u00e9daction","Dur\u00e9e de lecture estim\u00e9e":"1 minute"},"schema":{"@context":"https:\/\/schema.org","@graph":[{"@type":"Article","@id":"https:\/\/vosgesinfo.fr\/saintdieinfo\/2023\/02\/12e-bourse-aux-articles-de-peche-de-saint-die-vosges-cest-dimanche-a-lespace-francois-mitterrand\/#article","isPartOf":{"@id":"https:\/\/vosgesinfo.fr\/saintdieinfo\/2023\/02\/12e-bourse-aux-articles-de-peche-de-saint-die-vosges-cest-dimanche-a-lespace-francois-mitterrand\/"},"author":{"name":"la r\u00e9daction","@id":"https:\/\/vosgesinfo.fr\/saintdieinfo\/#\/schema\/person\/faee6704a21f3977511db84bd1cd450f"},"headline":"La 12e bourse aux articles de p\u00eache de Saint-Di\u00e9-des-Vosges, c&rsquo;est ce dimanche \u00e0 l&rsquo;Espace Fran\u00e7ois-Mitterrand","datePublished":"2023-02-16T11:49:53+00:00","dateModified":"2023-02-16T11:49:53+00:00","mainEntityOfPage":{"@id":"https:\/\/vosgesinfo.fr\/saintdieinfo\/2023\/02\/12e-bourse-aux-articles-de-peche-de-saint-die-vosges-cest-dimanche-a-lespace-francois-mitterrand\/"},"wordCount":124,"commentCount":0,"publisher":{"@id":"https:\/\/vosgesinfo.fr\/saintdieinfo\/#organization"},"image":{"@id":"https:\/\/vosgesinfo.fr\/saintdieinfo\/2023\/02\/12e-bourse-aux-articles-de-peche-de-saint-die-vosges-cest-dimanche-a-lespace-francois-mitterrand\/#primaryimage"},"thumbnailUrl":"https:\/\/vosgesinfo.fr\/app\/uploads\/sites\/4\/2024\/08\/201602vente-articles-peche-02-2.jpg","keywords":["AAPPMA de Saint-Di\u00e9-des-Vosges et Saint-Michel-sur-Meurthe","Bourse aux articles de p\u00eache","Espace Fran\u00e7ois-Mitterrand","Greloteux du Val-de-Meurthe","vide-greniers"],"articleSection":["Br\u00e8ves","Loisirs","Saint-Di\u00e9-des-Vosges et son Agglom\u00e9ration","Vie Associative"],"inLanguage":"fr-FR","potentialAction":[{"@type":"CommentAction","name":"Comment","target":["https:\/\/vosgesinfo.fr\/saintdieinfo\/2023\/02\/12e-bourse-aux-articles-de-peche-de-saint-die-vosges-cest-dimanche-a-lespace-francois-mitterrand\/#respond"]}]},{"@type":"WebPage","@id":"https:\/\/vosgesinfo.fr\/saintdieinfo\/2023\/02\/12e-bourse-aux-articles-de-peche-de-saint-die-vosges-cest-dimanche-a-lespace-francois-mitterrand\/","url":"https:\/\/vosgesinfo.fr\/saintdieinfo\/2023\/02\/12e-bourse-aux-articles-de-peche-de-saint-die-vosges-cest-dimanche-a-lespace-francois-mitterrand\/","name":"La 12e bourse aux articles de p\u00eache de Saint-Di\u00e9-des-Vosges, c'est ce dimanche \u00e0 l'Espace Fran\u00e7ois-Mitterrand - Saint Die Info","isPartOf":{"@id":"https:\/\/vosgesinfo.fr\/saintdieinfo\/#website"},"primaryImageOfPage":{"@id":"https:\/\/vosgesinfo.fr\/saintdieinfo\/2023\/02\/12e-bourse-aux-articles-de-peche-de-saint-die-vosges-cest-dimanche-a-lespace-francois-mitterrand\/#primaryimage"},"image":{"@id":"https:\/\/vosgesinfo.fr\/saintdieinfo\/2023\/02\/12e-bourse-aux-articles-de-peche-de-saint-die-vosges-cest-dimanche-a-lespace-francois-mitterrand\/#primaryimage"},"thumbnailUrl":"https:\/\/vosgesinfo.fr\/app\/uploads\/sites\/4\/2024\/08\/201602vente-articles-peche-02-2.jpg","datePublished":"2023-02-16T11:49:53+00:00","dateModified":"2023-02-16T11:49:53+00:00","breadcrumb":{"@id":"https:\/\/vosgesinfo.fr\/saintdieinfo\/2023\/02\/12e-bourse-aux-articles-de-peche-de-saint-die-vosges-cest-dimanche-a-lespace-francois-mitterrand\/#breadcrumb"},"inLanguage":"fr-FR","potentialAction":[{"@type":"ReadAction","target":["https:\/\/vosgesinfo.fr\/saintdieinfo\/2023\/02\/12e-bourse-aux-articles-de-peche-de-saint-die-vosges-cest-dimanche-a-lespace-francois-mitterrand\/"]}]},{"@type":"ImageObject","inLanguage":"fr-FR","@id":"https:\/\/vosgesinfo.fr\/saintdieinfo\/2023\/02\/12e-bourse-aux-articles-de-peche-de-saint-die-vosges-cest-dimanche-a-lespace-francois-mitterrand\/#primaryimage","url":"https:\/\/vosgesinfo.fr\/app\/uploads\/sites\/4\/2024\/08\/201602vente-articles-peche-02-2.jpg","contentUrl":"https:\/\/vosgesinfo.fr\/app\/uploads\/sites\/4\/2024\/08\/201602vente-articles-peche-02-2.jpg","width":1000,"height":665,"caption":"(Archive)"},{"@type":"BreadcrumbList","@id":"https:\/\/vosgesinfo.fr\/saintdieinfo\/2023\/02\/12e-bourse-aux-articles-de-peche-de-saint-die-vosges-cest-dimanche-a-lespace-francois-mitterrand\/#breadcrumb","itemListElement":[{"@type":"ListItem","position":1,"name":"Home","item":"https:\/\/vosgesinfo.fr\/saintdieinfo\/"},{"@type":"ListItem","position":2,"name":"La 12e bourse aux articles de p\u00eache de Saint-Di\u00e9-des-Vosges, c&rsquo;est ce dimanche \u00e0 l&rsquo;Espace Fran\u00e7ois-Mitterrand"}]},{"@type":"WebSite","@id":"https:\/\/vosgesinfo.fr\/saintdieinfo\/#website","url":"https:\/\/vosgesinfo.fr\/saintdieinfo\/","name":"Saint Die Info","description":"Toute l&#039;actualit\u00e9 de Saint-Di\u00e9-Des-Vosges","publisher":{"@id":"https:\/\/vosgesinfo.fr\/saintdieinfo\/#organization"},"alternateName":"Toute l'actualit\u00e9 de Saint-Di\u00e9-Des-Vosges","potentialAction":[{"@type":"SearchAction","target":{"@type":"EntryPoint","urlTemplate":"https:\/\/vosgesinfo.fr\/saintdieinfo\/?s={search_term_string}"},"query-input":"required name=search_term_string"}],"inLanguage":"fr-FR"},{"@type":"Organization","@id":"https:\/\/vosgesinfo.fr\/saintdieinfo\/#organization","name":"Saint Die Info","url":"https:\/\/vosgesinfo.fr\/saintdieinfo\/","logo":{"@type":"ImageObject","inLanguage":"fr-FR","@id":"https:\/\/vosgesinfo.fr\/saintdieinfo\/#\/schema\/logo\/image\/","url":"https:\/\/vosgesinfo.fr\/app\/uploads\/sites\/4\/2024\/02\/logo-sdi.jpg","contentUrl":"https:\/\/vosgesinfo.fr\/app\/uploads\/sites\/4\/2024\/02\/logo-sdi.jpg","width":600,"height":600,"caption":"Saint Die Info"},"image":{"@id":"https:\/\/vosgesinfo.fr\/saintdieinfo\/#\/schema\/logo\/image\/"},"sameAs":["https:\/\/www.facebook.com\/Saintdieinfofr","https:\/\/x.com\/VosgesInfo88","https:\/\/www.youtube.com\/@vosgesinfo"]},{"@type":"Person","@id":"https:\/\/vosgesinfo.fr\/saintdieinfo\/#\/schema\/person\/faee6704a21f3977511db84bd1cd450f","name":"la r\u00e9daction","image":{"@type":"ImageObject","inLanguage":"fr-FR","@id":"https:\/\/vosgesinfo.fr\/saintdieinfo\/#\/schema\/person\/image\/","url":"https:\/\/secure.gravatar.com\/avatar\/6673d8bc6a9c17fa9a453eaa3448de834fa308c2ec9635b7aa99441a7c8d2cf6?s=96&d=mm&r=g","contentUrl":"https:\/\/secure.gravatar.com\/avatar\/6673d8bc6a9c17fa9a453eaa3448de834fa308c2ec9635b7aa99441a7c8d2cf6?s=96&d=mm&r=g","caption":"la r\u00e9daction"},"url":"https:\/\/vosgesinfo.fr\/saintdieinfo\/author\/redac\/"}]}},"_links":{"self":[{"href":"https:\/\/vosgesinfo.fr\/saintdieinfo\/wp-json\/wp\/v2\/posts\/62458","targetHints":{"allow":["GET"]}}],"collection":[{"href":"https:\/\/vosgesinfo.fr\/saintdieinfo\/wp-json\/wp\/v2\/posts"}],"about":[{"href":"https:\/\/vosgesinfo.fr\/saintdieinfo\/wp-json\/wp\/v2\/types\/post"}],"author":[{"embeddable":true,"href":"https:\/\/vosgesinfo.fr\/saintdieinfo\/wp-json\/wp\/v2\/users\/44"}],"replies":[{"embeddable":true,"href":"https:\/\/vosgesinfo.fr\/saintdieinfo\/wp-json\/wp\/v2\/comments?post=62458"}],"version-history":[{"count":0,"href":"https:\/\/vosgesinfo.fr\/saintdieinfo\/wp-json\/wp\/v2\/posts\/62458\/revisions"}],"wp:featuredmedia":[{"embeddable":true,"href":"https:\/\/vosgesinfo.fr\/saintdieinfo\/wp-json\/wp\/v2\/media\/62459"}],"wp:attachment":[{"href":"https:\/\/vosgesinfo.fr\/saintdieinfo\/wp-json\/wp\/v2\/media?parent=62458"}],"wp:term":[{"taxonomy":"category","embeddable":true,"href":"https:\/\/vosgesinfo.fr\/saintdieinfo\/wp-json\/wp\/v2\/categories?post=62458"},{"taxonomy":"post_tag","embeddable":true,"href":"https:\/\/vosgesinfo.fr\/saintdieinfo\/wp-json\/wp\/v2\/tags?post=62458"}],"curies":[{"name":"wp","href":"https:\/\/api.w.org\/{rel}","templated":true}]}}