{"id":62462,"date":"2023-02-16T16:20:52","date_gmt":"2023-02-16T15:20:52","guid":{"rendered":"https:\/\/vosgesinfo.fr\/saintdieinfo\/2023\/02\/pres-de-3000-panneaux-solaires-installes-centre-hospitalier-de-saint-die-vosges\/"},"modified":"2023-02-16T16:20:52","modified_gmt":"2023-02-16T15:20:52","slug":"pres-de-3000-panneaux-solaires-installes-centre-hospitalier-de-saint-die-vosges","status":"publish","type":"post","link":"https:\/\/vosgesinfo.fr\/saintdieinfo\/2023\/02\/pres-de-3000-panneaux-solaires-installes-centre-hospitalier-de-saint-die-vosges\/","title":{"rendered":"Pr\u00e8s de 3000 panneaux solaires install\u00e9s au Centre Hospitalier de Saint-Di\u00e9-des-Vosges"},"content":{"rendered":"<p><a href=\"\/2023\/02\/Panneaux_Photovolta\u00efques_CHSDDV-6.jpg\" target=\"_blank\" rel=\"noopener\"><img decoding=\"async\" class=\"aligncenter wp-image-197192 size-large\" src=\"\/2023\/02\/Panneaux_Photovolta\u00efques_CHSDDV-6-1024x771.jpg\" alt=\"Panneaux_Photovolta\u00efques_CHSDDV (6)\" width=\"960\" height=\"723\" \/><\/a><\/p>\n<h2><strong><span style=\"font-size: 14pt;\">Des ombri\u00e8res ont \u00e9t\u00e9 install\u00e9es sur 3 des parkings du Centre Hospitalier de Saint-Di\u00e9-des-Vosges.. Sur leur toit, d&rsquo;une surface totale de 5184 m\u00b2, 2993 panneaux solaires ont \u00e9t\u00e9 install\u00e9s. Une premi\u00e8re dans le Grand Est pour un \u00e9tablissement de sant\u00e9.<\/span><\/strong><\/h2>\n<p><!--more--><\/p>\n<p>Avec une puissance totale install\u00e9e de 1155 kW, ce parc photovolta\u00efque install\u00e9 permet de produire en moyenne 19,35% de la consommation en \u00e9lectricit\u00e9 de l&rsquo;h\u00f4pital d\u00e9odatien, avec un taux d&rsquo;autoconsommation moyen de 98,70%. D\u00e9but\u00e9 en septembre 2022, les travaux seront termin\u00e9s dans le courant du printemps, avec une mise en service des panneaux solaires d&rsquo;ici la fin du mois de mai. Outre la production d&rsquo;\u00e9lectricit\u00e9, ces installations permettront, lors de fortes chaleurs, de diminuer les temp\u00e9ratures \u00e0 l&rsquo;int\u00e9rieur des v\u00e9hicules gar\u00e9s en dessous des ombri\u00e8res.<\/p>\n<p>Comme l&rsquo;ont pr\u00e9cis\u00e9 ce jeudi apr\u00e8s-midi Val\u00e9ry Colin, ing\u00e9nieur responsable des services techniques des H\u00f4pitaux du Massif des Vosges \u2013 HMV \u2013 et Ludovic Vernier, directeur technique et logistique des HMV, ce projet d&rsquo;envergure a \u00e9t\u00e9 initi\u00e9 en 2019 pour r\u00e9pondre partiellement aux objectifs du d\u00e9cret tertiaire, mais aussi pour amorcer le virage du Centre Hospitalier de Saint-Di\u00e9-des-Vosges vers la transition \u00e9cologique. La prochaine \u00e9tape de cette d\u00e9marche \u00e9tant la d\u00e9molition du b\u00e2timent o\u00f9 se trouvait la chaufferie, d\u00e8s le mois prochain, pour y am\u00e9nager un parking v\u00e9g\u00e9talis\u00e9 avec notamment des bornes de rechargement pour les v\u00e9los \u00e9lectriques.<\/p>\n<p>J.J.<\/p>\n\n","protected":false},"excerpt":{"rendered":"<p>Des ombri\u00e8res ont \u00e9t\u00e9 install\u00e9es sur 3 des parkings du Centre Hospitalier de Saint-Di\u00e9-des-Vosges.. Sur leur toit, d&rsquo;une surface totale [&hellip;]<\/p>\n","protected":false},"author":44,"featured_media":62463,"comment_status":"open","ping_status":"open","sticky":false,"template":"","format":"standard","meta":{"footnotes":""},"categories":[460,2915,4152,13],"tags":[3056,13820,3146,13150,13821],"class_list":["post-62462","post","type-post","status-publish","format-standard","has-post-thumbnail","hentry","category-a-la-une","category-saint-die-son-canton","category-sante","category-societe","tag-centre-hospitalier-de-saint-die-des-vosges","tag-decret-tertiaire","tag-hopitaux-du-massif-des-vosges","tag-panneaux-solaires","tag-parc-photovoltaique"],"acf":[],"yoast_head":"<!-- This site is optimized with the Yoast SEO plugin v22.5 - https:\/\/yoast.com\/wordpress\/plugins\/seo\/ -->\n<title>Pr\u00e8s de 3000 panneaux solaires install\u00e9s au Centre Hospitalier de Saint-Di\u00e9-des-Vosges - Saint Die Info<\/title>\n<meta name=\"robots\" content=\"index, follow, max-snippet:-1, max-image-preview:large, max-video-preview:-1\" \/>\n<link rel=\"canonical\" href=\"https:\/\/vosgesinfo.fr\/saintdieinfo\/2023\/02\/pres-de-3000-panneaux-solaires-installes-centre-hospitalier-de-saint-die-vosges\/\" \/>\n<meta name=\"twitter:card\" content=\"summary_large_image\" \/>\n<meta name=\"twitter:title\" content=\"Pr\u00e8s de 3000 panneaux solaires install\u00e9s au Centre Hospitalier de Saint-Di\u00e9-des-Vosges - Saint Die Info\" \/>\n<meta name=\"twitter:description\" content=\"Des ombri\u00e8res ont \u00e9t\u00e9 install\u00e9es sur 3 des parkings du Centre Hospitalier de Saint-Di\u00e9-des-Vosges.. Sur leur toit, d&rsquo;une surface totale [&hellip;]\" \/>\n<meta name=\"twitter:image\" content=\"https:\/\/vosgesinfo.fr\/app\/uploads\/sites\/4\/2024\/08\/202302panneaux-photovoltaiques-chsddv-6.jpg\" \/>\n<meta name=\"twitter:creator\" content=\"@VosgesInfo88\" \/>\n<meta name=\"twitter:site\" content=\"@VosgesInfo88\" \/>\n<meta name=\"twitter:label1\" content=\"\u00c9crit par\" \/>\n\t<meta name=\"twitter:data1\" content=\"la r\u00e9daction\" \/>\n\t<meta name=\"twitter:label2\" content=\"Dur\u00e9e de lecture estim\u00e9e\" \/>\n\t<meta name=\"twitter:data2\" content=\"1 minute\" \/>\n<script type=\"application\/ld+json\" class=\"yoast-schema-graph\">{\"@context\":\"https:\/\/schema.org\",\"@graph\":[{\"@type\":\"Article\",\"@id\":\"https:\/\/vosgesinfo.fr\/saintdieinfo\/2023\/02\/pres-de-3000-panneaux-solaires-installes-centre-hospitalier-de-saint-die-vosges\/#article\",\"isPartOf\":{\"@id\":\"https:\/\/vosgesinfo.fr\/saintdieinfo\/2023\/02\/pres-de-3000-panneaux-solaires-installes-centre-hospitalier-de-saint-die-vosges\/\"},\"author\":{\"name\":\"la r\u00e9daction\",\"@id\":\"https:\/\/vosgesinfo.fr\/saintdieinfo\/#\/schema\/person\/faee6704a21f3977511db84bd1cd450f\"},\"headline\":\"Pr\u00e8s de 3000 panneaux solaires install\u00e9s au Centre Hospitalier de Saint-Di\u00e9-des-Vosges\",\"datePublished\":\"2023-02-16T15:20:52+00:00\",\"dateModified\":\"2023-02-16T15:20:52+00:00\",\"mainEntityOfPage\":{\"@id\":\"https:\/\/vosgesinfo.fr\/saintdieinfo\/2023\/02\/pres-de-3000-panneaux-solaires-installes-centre-hospitalier-de-saint-die-vosges\/\"},\"wordCount\":273,\"commentCount\":0,\"publisher\":{\"@id\":\"https:\/\/vosgesinfo.fr\/saintdieinfo\/#organization\"},\"image\":{\"@id\":\"https:\/\/vosgesinfo.fr\/saintdieinfo\/2023\/02\/pres-de-3000-panneaux-solaires-installes-centre-hospitalier-de-saint-die-vosges\/#primaryimage\"},\"thumbnailUrl\":\"https:\/\/vosgesinfo.fr\/app\/uploads\/sites\/4\/2024\/08\/202302panneaux-photovoltaiques-chsddv-6.jpg\",\"keywords\":[\"Centre Hospitalier de Saint-Di\u00e9-des-Vosges\",\"D\u00e9cret tertiaire\",\"H\u00f4pitaux du Massif des Vosges\",\"Panneaux solaires\",\"Parc photovolta\u00efque\"],\"articleSection\":[\"A la Une\",\"Saint-Di\u00e9-des-Vosges et son Agglom\u00e9ration\",\"Sant\u00e9\",\"Soci\u00e9t\u00e9\"],\"inLanguage\":\"fr-FR\",\"potentialAction\":[{\"@type\":\"CommentAction\",\"name\":\"Comment\",\"target\":[\"https:\/\/vosgesinfo.fr\/saintdieinfo\/2023\/02\/pres-de-3000-panneaux-solaires-installes-centre-hospitalier-de-saint-die-vosges\/#respond\"]}]},{\"@type\":\"WebPage\",\"@id\":\"https:\/\/vosgesinfo.fr\/saintdieinfo\/2023\/02\/pres-de-3000-panneaux-solaires-installes-centre-hospitalier-de-saint-die-vosges\/\",\"url\":\"https:\/\/vosgesinfo.fr\/saintdieinfo\/2023\/02\/pres-de-3000-panneaux-solaires-installes-centre-hospitalier-de-saint-die-vosges\/\",\"name\":\"Pr\u00e8s de 3000 panneaux solaires install\u00e9s au Centre Hospitalier de Saint-Di\u00e9-des-Vosges - Saint Die Info\",\"isPartOf\":{\"@id\":\"https:\/\/vosgesinfo.fr\/saintdieinfo\/#website\"},\"primaryImageOfPage\":{\"@id\":\"https:\/\/vosgesinfo.fr\/saintdieinfo\/2023\/02\/pres-de-3000-panneaux-solaires-installes-centre-hospitalier-de-saint-die-vosges\/#primaryimage\"},\"image\":{\"@id\":\"https:\/\/vosgesinfo.fr\/saintdieinfo\/2023\/02\/pres-de-3000-panneaux-solaires-installes-centre-hospitalier-de-saint-die-vosges\/#primaryimage\"},\"thumbnailUrl\":\"https:\/\/vosgesinfo.fr\/app\/uploads\/sites\/4\/2024\/08\/202302panneaux-photovoltaiques-chsddv-6.jpg\",\"datePublished\":\"2023-02-16T15:20:52+00:00\",\"dateModified\":\"2023-02-16T15:20:52+00:00\",\"breadcrumb\":{\"@id\":\"https:\/\/vosgesinfo.fr\/saintdieinfo\/2023\/02\/pres-de-3000-panneaux-solaires-installes-centre-hospitalier-de-saint-die-vosges\/#breadcrumb\"},\"inLanguage\":\"fr-FR\",\"potentialAction\":[{\"@type\":\"ReadAction\",\"target\":[\"https:\/\/vosgesinfo.fr\/saintdieinfo\/2023\/02\/pres-de-3000-panneaux-solaires-installes-centre-hospitalier-de-saint-die-vosges\/\"]}]},{\"@type\":\"ImageObject\",\"inLanguage\":\"fr-FR\",\"@id\":\"https:\/\/vosgesinfo.fr\/saintdieinfo\/2023\/02\/pres-de-3000-panneaux-solaires-installes-centre-hospitalier-de-saint-die-vosges\/#primaryimage\",\"url\":\"https:\/\/vosgesinfo.fr\/app\/uploads\/sites\/4\/2024\/08\/202302panneaux-photovoltaiques-chsddv-6.jpg\",\"contentUrl\":\"https:\/\/vosgesinfo.fr\/app\/uploads\/sites\/4\/2024\/08\/202302panneaux-photovoltaiques-chsddv-6.jpg\",\"width\":1600,\"height\":1205},{\"@type\":\"BreadcrumbList\",\"@id\":\"https:\/\/vosgesinfo.fr\/saintdieinfo\/2023\/02\/pres-de-3000-panneaux-solaires-installes-centre-hospitalier-de-saint-die-vosges\/#breadcrumb\",\"itemListElement\":[{\"@type\":\"ListItem\",\"position\":1,\"name\":\"Home\",\"item\":\"https:\/\/vosgesinfo.fr\/saintdieinfo\/\"},{\"@type\":\"ListItem\",\"position\":2,\"name\":\"Pr\u00e8s de 3000 panneaux solaires install\u00e9s au Centre Hospitalier de Saint-Di\u00e9-des-Vosges\"}]},{\"@type\":\"WebSite\",\"@id\":\"https:\/\/vosgesinfo.fr\/saintdieinfo\/#website\",\"url\":\"https:\/\/vosgesinfo.fr\/saintdieinfo\/\",\"name\":\"Saint Die Info\",\"description\":\"Toute l&#039;actualit\u00e9 de Saint-Di\u00e9-Des-Vosges\",\"publisher\":{\"@id\":\"https:\/\/vosgesinfo.fr\/saintdieinfo\/#organization\"},\"alternateName\":\"Toute l'actualit\u00e9 de Saint-Di\u00e9-Des-Vosges\",\"potentialAction\":[{\"@type\":\"SearchAction\",\"target\":{\"@type\":\"EntryPoint\",\"urlTemplate\":\"https:\/\/vosgesinfo.fr\/saintdieinfo\/?s={search_term_string}\"},\"query-input\":\"required name=search_term_string\"}],\"inLanguage\":\"fr-FR\"},{\"@type\":\"Organization\",\"@id\":\"https:\/\/vosgesinfo.fr\/saintdieinfo\/#organization\",\"name\":\"Saint Die Info\",\"url\":\"https:\/\/vosgesinfo.fr\/saintdieinfo\/\",\"logo\":{\"@type\":\"ImageObject\",\"inLanguage\":\"fr-FR\",\"@id\":\"https:\/\/vosgesinfo.fr\/saintdieinfo\/#\/schema\/logo\/image\/\",\"url\":\"https:\/\/vosgesinfo.fr\/app\/uploads\/sites\/4\/2024\/02\/logo-sdi.jpg\",\"contentUrl\":\"https:\/\/vosgesinfo.fr\/app\/uploads\/sites\/4\/2024\/02\/logo-sdi.jpg\",\"width\":600,\"height\":600,\"caption\":\"Saint Die Info\"},\"image\":{\"@id\":\"https:\/\/vosgesinfo.fr\/saintdieinfo\/#\/schema\/logo\/image\/\"},\"sameAs\":[\"https:\/\/www.facebook.com\/Saintdieinfofr\",\"https:\/\/x.com\/VosgesInfo88\",\"https:\/\/www.youtube.com\/@vosgesinfo\"]},{\"@type\":\"Person\",\"@id\":\"https:\/\/vosgesinfo.fr\/saintdieinfo\/#\/schema\/person\/faee6704a21f3977511db84bd1cd450f\",\"name\":\"la r\u00e9daction\",\"image\":{\"@type\":\"ImageObject\",\"inLanguage\":\"fr-FR\",\"@id\":\"https:\/\/vosgesinfo.fr\/saintdieinfo\/#\/schema\/person\/image\/\",\"url\":\"https:\/\/secure.gravatar.com\/avatar\/6673d8bc6a9c17fa9a453eaa3448de834fa308c2ec9635b7aa99441a7c8d2cf6?s=96&d=mm&r=g\",\"contentUrl\":\"https:\/\/secure.gravatar.com\/avatar\/6673d8bc6a9c17fa9a453eaa3448de834fa308c2ec9635b7aa99441a7c8d2cf6?s=96&d=mm&r=g\",\"caption\":\"la r\u00e9daction\"},\"url\":\"https:\/\/vosgesinfo.fr\/saintdieinfo\/author\/redac\/\"}]}<\/script>\n<!-- \/ Yoast SEO plugin. -->","yoast_head_json":{"title":"Pr\u00e8s de 3000 panneaux solaires install\u00e9s au Centre Hospitalier de Saint-Di\u00e9-des-Vosges - Saint Die Info","robots":{"index":"index","follow":"follow","max-snippet":"max-snippet:-1","max-image-preview":"max-image-preview:large","max-video-preview":"max-video-preview:-1"},"canonical":"https:\/\/vosgesinfo.fr\/saintdieinfo\/2023\/02\/pres-de-3000-panneaux-solaires-installes-centre-hospitalier-de-saint-die-vosges\/","twitter_card":"summary_large_image","twitter_title":"Pr\u00e8s de 3000 panneaux solaires install\u00e9s au Centre Hospitalier de Saint-Di\u00e9-des-Vosges - Saint Die Info","twitter_description":"Des ombri\u00e8res ont \u00e9t\u00e9 install\u00e9es sur 3 des parkings du Centre Hospitalier de Saint-Di\u00e9-des-Vosges.. Sur leur toit, d&rsquo;une surface totale [&hellip;]","twitter_image":"https:\/\/vosgesinfo.fr\/app\/uploads\/sites\/4\/2024\/08\/202302panneaux-photovoltaiques-chsddv-6.jpg","twitter_creator":"@VosgesInfo88","twitter_site":"@VosgesInfo88","twitter_misc":{"\u00c9crit par":"la r\u00e9daction","Dur\u00e9e de lecture estim\u00e9e":"1 minute"},"schema":{"@context":"https:\/\/schema.org","@graph":[{"@type":"Article","@id":"https:\/\/vosgesinfo.fr\/saintdieinfo\/2023\/02\/pres-de-3000-panneaux-solaires-installes-centre-hospitalier-de-saint-die-vosges\/#article","isPartOf":{"@id":"https:\/\/vosgesinfo.fr\/saintdieinfo\/2023\/02\/pres-de-3000-panneaux-solaires-installes-centre-hospitalier-de-saint-die-vosges\/"},"author":{"name":"la r\u00e9daction","@id":"https:\/\/vosgesinfo.fr\/saintdieinfo\/#\/schema\/person\/faee6704a21f3977511db84bd1cd450f"},"headline":"Pr\u00e8s de 3000 panneaux solaires install\u00e9s au Centre Hospitalier de Saint-Di\u00e9-des-Vosges","datePublished":"2023-02-16T15:20:52+00:00","dateModified":"2023-02-16T15:20:52+00:00","mainEntityOfPage":{"@id":"https:\/\/vosgesinfo.fr\/saintdieinfo\/2023\/02\/pres-de-3000-panneaux-solaires-installes-centre-hospitalier-de-saint-die-vosges\/"},"wordCount":273,"commentCount":0,"publisher":{"@id":"https:\/\/vosgesinfo.fr\/saintdieinfo\/#organization"},"image":{"@id":"https:\/\/vosgesinfo.fr\/saintdieinfo\/2023\/02\/pres-de-3000-panneaux-solaires-installes-centre-hospitalier-de-saint-die-vosges\/#primaryimage"},"thumbnailUrl":"https:\/\/vosgesinfo.fr\/app\/uploads\/sites\/4\/2024\/08\/202302panneaux-photovoltaiques-chsddv-6.jpg","keywords":["Centre Hospitalier de Saint-Di\u00e9-des-Vosges","D\u00e9cret tertiaire","H\u00f4pitaux du Massif des Vosges","Panneaux solaires","Parc photovolta\u00efque"],"articleSection":["A la Une","Saint-Di\u00e9-des-Vosges et son Agglom\u00e9ration","Sant\u00e9","Soci\u00e9t\u00e9"],"inLanguage":"fr-FR","potentialAction":[{"@type":"CommentAction","name":"Comment","target":["https:\/\/vosgesinfo.fr\/saintdieinfo\/2023\/02\/pres-de-3000-panneaux-solaires-installes-centre-hospitalier-de-saint-die-vosges\/#respond"]}]},{"@type":"WebPage","@id":"https:\/\/vosgesinfo.fr\/saintdieinfo\/2023\/02\/pres-de-3000-panneaux-solaires-installes-centre-hospitalier-de-saint-die-vosges\/","url":"https:\/\/vosgesinfo.fr\/saintdieinfo\/2023\/02\/pres-de-3000-panneaux-solaires-installes-centre-hospitalier-de-saint-die-vosges\/","name":"Pr\u00e8s de 3000 panneaux solaires install\u00e9s au Centre Hospitalier de Saint-Di\u00e9-des-Vosges - Saint Die Info","isPartOf":{"@id":"https:\/\/vosgesinfo.fr\/saintdieinfo\/#website"},"primaryImageOfPage":{"@id":"https:\/\/vosgesinfo.fr\/saintdieinfo\/2023\/02\/pres-de-3000-panneaux-solaires-installes-centre-hospitalier-de-saint-die-vosges\/#primaryimage"},"image":{"@id":"https:\/\/vosgesinfo.fr\/saintdieinfo\/2023\/02\/pres-de-3000-panneaux-solaires-installes-centre-hospitalier-de-saint-die-vosges\/#primaryimage"},"thumbnailUrl":"https:\/\/vosgesinfo.fr\/app\/uploads\/sites\/4\/2024\/08\/202302panneaux-photovoltaiques-chsddv-6.jpg","datePublished":"2023-02-16T15:20:52+00:00","dateModified":"2023-02-16T15:20:52+00:00","breadcrumb":{"@id":"https:\/\/vosgesinfo.fr\/saintdieinfo\/2023\/02\/pres-de-3000-panneaux-solaires-installes-centre-hospitalier-de-saint-die-vosges\/#breadcrumb"},"inLanguage":"fr-FR","potentialAction":[{"@type":"ReadAction","target":["https:\/\/vosgesinfo.fr\/saintdieinfo\/2023\/02\/pres-de-3000-panneaux-solaires-installes-centre-hospitalier-de-saint-die-vosges\/"]}]},{"@type":"ImageObject","inLanguage":"fr-FR","@id":"https:\/\/vosgesinfo.fr\/saintdieinfo\/2023\/02\/pres-de-3000-panneaux-solaires-installes-centre-hospitalier-de-saint-die-vosges\/#primaryimage","url":"https:\/\/vosgesinfo.fr\/app\/uploads\/sites\/4\/2024\/08\/202302panneaux-photovoltaiques-chsddv-6.jpg","contentUrl":"https:\/\/vosgesinfo.fr\/app\/uploads\/sites\/4\/2024\/08\/202302panneaux-photovoltaiques-chsddv-6.jpg","width":1600,"height":1205},{"@type":"BreadcrumbList","@id":"https:\/\/vosgesinfo.fr\/saintdieinfo\/2023\/02\/pres-de-3000-panneaux-solaires-installes-centre-hospitalier-de-saint-die-vosges\/#breadcrumb","itemListElement":[{"@type":"ListItem","position":1,"name":"Home","item":"https:\/\/vosgesinfo.fr\/saintdieinfo\/"},{"@type":"ListItem","position":2,"name":"Pr\u00e8s de 3000 panneaux solaires install\u00e9s au Centre Hospitalier de Saint-Di\u00e9-des-Vosges"}]},{"@type":"WebSite","@id":"https:\/\/vosgesinfo.fr\/saintdieinfo\/#website","url":"https:\/\/vosgesinfo.fr\/saintdieinfo\/","name":"Saint Die Info","description":"Toute l&#039;actualit\u00e9 de Saint-Di\u00e9-Des-Vosges","publisher":{"@id":"https:\/\/vosgesinfo.fr\/saintdieinfo\/#organization"},"alternateName":"Toute l'actualit\u00e9 de Saint-Di\u00e9-Des-Vosges","potentialAction":[{"@type":"SearchAction","target":{"@type":"EntryPoint","urlTemplate":"https:\/\/vosgesinfo.fr\/saintdieinfo\/?s={search_term_string}"},"query-input":"required name=search_term_string"}],"inLanguage":"fr-FR"},{"@type":"Organization","@id":"https:\/\/vosgesinfo.fr\/saintdieinfo\/#organization","name":"Saint Die Info","url":"https:\/\/vosgesinfo.fr\/saintdieinfo\/","logo":{"@type":"ImageObject","inLanguage":"fr-FR","@id":"https:\/\/vosgesinfo.fr\/saintdieinfo\/#\/schema\/logo\/image\/","url":"https:\/\/vosgesinfo.fr\/app\/uploads\/sites\/4\/2024\/02\/logo-sdi.jpg","contentUrl":"https:\/\/vosgesinfo.fr\/app\/uploads\/sites\/4\/2024\/02\/logo-sdi.jpg","width":600,"height":600,"caption":"Saint Die Info"},"image":{"@id":"https:\/\/vosgesinfo.fr\/saintdieinfo\/#\/schema\/logo\/image\/"},"sameAs":["https:\/\/www.facebook.com\/Saintdieinfofr","https:\/\/x.com\/VosgesInfo88","https:\/\/www.youtube.com\/@vosgesinfo"]},{"@type":"Person","@id":"https:\/\/vosgesinfo.fr\/saintdieinfo\/#\/schema\/person\/faee6704a21f3977511db84bd1cd450f","name":"la r\u00e9daction","image":{"@type":"ImageObject","inLanguage":"fr-FR","@id":"https:\/\/vosgesinfo.fr\/saintdieinfo\/#\/schema\/person\/image\/","url":"https:\/\/secure.gravatar.com\/avatar\/6673d8bc6a9c17fa9a453eaa3448de834fa308c2ec9635b7aa99441a7c8d2cf6?s=96&d=mm&r=g","contentUrl":"https:\/\/secure.gravatar.com\/avatar\/6673d8bc6a9c17fa9a453eaa3448de834fa308c2ec9635b7aa99441a7c8d2cf6?s=96&d=mm&r=g","caption":"la r\u00e9daction"},"url":"https:\/\/vosgesinfo.fr\/saintdieinfo\/author\/redac\/"}]}},"_links":{"self":[{"href":"https:\/\/vosgesinfo.fr\/saintdieinfo\/wp-json\/wp\/v2\/posts\/62462","targetHints":{"allow":["GET"]}}],"collection":[{"href":"https:\/\/vosgesinfo.fr\/saintdieinfo\/wp-json\/wp\/v2\/posts"}],"about":[{"href":"https:\/\/vosgesinfo.fr\/saintdieinfo\/wp-json\/wp\/v2\/types\/post"}],"author":[{"embeddable":true,"href":"https:\/\/vosgesinfo.fr\/saintdieinfo\/wp-json\/wp\/v2\/users\/44"}],"replies":[{"embeddable":true,"href":"https:\/\/vosgesinfo.fr\/saintdieinfo\/wp-json\/wp\/v2\/comments?post=62462"}],"version-history":[{"count":0,"href":"https:\/\/vosgesinfo.fr\/saintdieinfo\/wp-json\/wp\/v2\/posts\/62462\/revisions"}],"wp:featuredmedia":[{"embeddable":true,"href":"https:\/\/vosgesinfo.fr\/saintdieinfo\/wp-json\/wp\/v2\/media\/62463"}],"wp:attachment":[{"href":"https:\/\/vosgesinfo.fr\/saintdieinfo\/wp-json\/wp\/v2\/media?parent=62462"}],"wp:term":[{"taxonomy":"category","embeddable":true,"href":"https:\/\/vosgesinfo.fr\/saintdieinfo\/wp-json\/wp\/v2\/categories?post=62462"},{"taxonomy":"post_tag","embeddable":true,"href":"https:\/\/vosgesinfo.fr\/saintdieinfo\/wp-json\/wp\/v2\/tags?post=62462"}],"curies":[{"name":"wp","href":"https:\/\/api.w.org\/{rel}","templated":true}]}}